{"id":293455,"date":"2025-04-08T12:07:19","date_gmt":"2025-04-08T15:07:19","guid":{"rendered":"https:\/\/diariotextual.com\/inicio\/?p=293455"},"modified":"2025-04-09T06:55:26","modified_gmt":"2025-04-09T09:55:26","slug":"las-cinco-razones-por-las-que-colapinto-podria-volver-a-la-formula-1","status":"publish","type":"post","link":"https:\/\/diariotextual.com\/inicio\/index.php\/2025\/04\/08\/las-cinco-razones-por-las-que-colapinto-podria-volver-a-la-formula-1\/","title":{"rendered":"Las cinco razones por las que Colapinto podr\u00eda volver a la F\u00f3rmula 1"},"content":{"rendered":"\n<p>El piloto argentino Franco Colapinto podr\u00eda estar cada vez m\u00e1s cerca de volver a la F\u00f3rmula 1, categor\u00eda en la que ya compiti\u00f3 a finales del 2024.<\/p>\n\n\n\n<p>Actualmente, Colapinto ocupa el puesto de piloto de reserva en la escuder\u00eda francesa Alpine, pero hay varias cuestiones que ilusionan a los fan\u00e1ticos con su regreso en los pr\u00f3ximos Grandes Premios.<\/p>\n\n\n\n<p>Estas son las cinco razones por las que Colapinto podr\u00eda volver a la F\u00f3rmula 1:<\/p>\n\n\n\n<p><strong><em><br>1- Los malos resultados de Doohan:<\/em><\/strong> actualmente los pilotos titulares en Alpine son el franc\u00e9s Pierre Gasly y el australiano Jack Doohan.<\/p>\n\n\n\n<p>El primero de ellos tiene prioridad total en el equipo donde ya disput\u00f3 dos temporadas con la escuder\u00eda, en la que consigui\u00f3 dos podios y cosech\u00f3 varios puntos.<\/p>\n\n\n\n<p>Sin embargo, Doohan debut\u00f3 este a\u00f1o en la F\u00f3rmula 1 y est\u00e1 dejando mucho que desear. En Australia se despist\u00f3 y tuvo que abandonar en la primera vuelta, en China perdi\u00f3 cuatro puntos de su superlicencia por malas maniobras y en Jap\u00f3n se convirti\u00f3 en meme por el infantil choque protagonizado en la primera curva del Circuito de Suzuka, por querer entrar con el DRS activado tal como le hab\u00eda salido en el simulador.<\/p>\n\n\n\n<p>El paso de Doohan por la F\u00f3rmula 1 est\u00e1 siendo una verdadera pesadilla y en Alpine podr\u00edan relegarlo en las pr\u00f3ximas semanas.<\/p>\n\n\n\n<p><strong><em>2- Colapinto destac\u00f3 en Monza:<\/em><\/strong> esto viene de la mano con la posible salida de Doohan, ya que el mismo d\u00eda en que se disput\u00f3 la carrera del GP de Jap\u00f3n se pudo ver a Colapinto correr en el Aut\u00f3dromo Nacional de Monza.<\/p>\n\n\n\n<p>Seg\u00fan detall\u00f3 el medio Motorsport Italia, el argentino fue medio segundo m\u00e1s r\u00e1pido que el estonio Paul Aron (el otro piloto de reserva en Alpine) en tiempo de clasificaci\u00f3n y le sacaba 0,7 segundos en ritmo de carrera.<\/p>\n\n\n\n<p>Esto ser\u00e1 un gran punto a favor para Colapinto, en caso de que Alpine decida buscarle reemplazo a Doohan.<\/p>\n\n\n\n<p><strong><em>3- Los sponsors y el carisma:<\/em><\/strong> la F\u00f3rmula 1 es un negocio, de eso no hay dudas, y dentro de ese negocio Colapinto tiene una gran ventaja ya que es auspiciado por una gran cantidad de marcas que se interesar\u00e1n en poner el dinero necesario en caso de que Alpine lo suba como titular.<\/p>\n\n\n\n<p>Ni hablar en lo que respecta a las ganancias que podr\u00eda obtener la escuder\u00eda en merchandising por Colapinto, que es uno de los pilotos m\u00e1s carism\u00e1ticos de la F\u00f3rmula y que ya tiene fan\u00e1ticos en varias partes del mundo.<\/p>\n\n\n\n<p><strong><em>4- <\/em><\/strong><em><strong>Ya demostr\u00f3 estar a la altura de la categor\u00eda:<\/strong><\/em>\u00a0a finales del 2024, Williams releg\u00f3 al estadounidense Logan Sargeant por sus constantes choques y su falta de buenos resultados.<\/p>\n\n\n\n<p>De esta manera, se dio la gran oportunidad para Colapinto, que disput\u00f3 los \u00faltimos nueve Grandes Premios del a\u00f1o superando todas las expectativas.<\/p>\n\n\n\n<p>El argentino se enter\u00f3 de golpe de esta noticia y tuvo muy poco tiempo para familiarizarse con el auto en el simulador. Sin embargo, sorprendi\u00f3 a todos y termin\u00f3 duod\u00e9cimo.<\/p>\n\n\n\n<p>En su segunda carrera, en Azerbaiy\u00e1n, finaliz\u00f3 octavo y sum\u00f3 cuatro puntos, mientras que en el GP de Estados Unidos protagoniz\u00f3 una gran remontada y culmin\u00f3 d\u00e9cimo, nuevamente en zona de puntos.<\/p>\n\n\n\n<p>Si bien sus \u00faltimos Grandes Premios se vieron opacados por los choques en Brasil, Las Vegas, Qatar y Abu Dhabi, Colapinto ya demostr\u00f3 que tiene calidad de sobra para estar en la F\u00f3rmula 1 y sacarle buen provecho a cualquier auto al que se suba.<\/p>\n\n\n\n<p>5- <em><strong>Flavio Briatore, \u201cEl Padrino\u201d:<\/strong><\/em>\u00a0esta es tal vez la mayor ventaja que tenga Colapinto sobre el resto de sus competidores en la carrera para subirse a un monoplaza de Alpine pr\u00f3ximamente.<\/p>\n\n\n\n<p>El oriundo de Pilar tiene el apoyo total del asesor deportivo de Alpine, el italiano Flavio Briatore, quien busca apadrinarlo y, por qu\u00e9 no, llevarlo a lo m\u00e1s alto de la F\u00f3rmula 1 como ya lo hizo con el alem\u00e1n Michael Schumacher en la d\u00e9cada del 90 y con el espa\u00f1ol Fernando Alonso en la d\u00e9cada del 2000.<\/p>\n\n\n\n<p>Este fin de semana ser\u00e1 el GP de Bahr\u00e9in, con Doohan como piloto titular en Alpine, pero todo apunta a que tarde o temprano (m\u00e1s temprano que tarde) Colapinto vuelva a disputar un Gran Premio en la F\u00f3rmula 1. <em>(Noticias Argentinas)<\/em><\/p>\n\n\n\n<p><\/p>\n\n\n\n<p><\/p>\n","protected":false},"excerpt":{"rendered":"<p>El piloto argentino Franco Colapinto podr\u00eda estar cada vez m\u00e1s cerca de volver a la F\u00f3rmula 1, categor\u00eda en la que ya compiti\u00f3 a finales del 2024. Actualmente, Colapinto ocupa&hellip;<\/p>\n","protected":false},"author":3,"featured_media":292207,"comment_status":"closed","ping_status":"open","sticky":false,"template":"","format":"standard","meta":{"_acf_changed":false,"footnotes":""},"categories":[11,3],"tags":[],"class_list":["post-293455","post","type-post","status-publish","format-standard","has-post-thumbnail","hentry","category-que-pasa","category-deportes"],"acf":[],"yoast_head":"<!-- This site is optimized with the Yoast SEO plugin v27.5 - https:\/\/yoast.com\/product\/yoast-seo-wordpress\/ -->\n<title>Las cinco razones por las que Colapinto podr\u00eda volver a la F\u00f3rmula 1 - Diario Textual<\/title>\n<meta name=\"robots\" content=\"index, follow, max-snippet:-1, max-image-preview:large, max-video-preview:-1\" \/>\n<link rel=\"canonical\" href=\"https:\/\/diariotextual.com\/inicio\/index.php\/2025\/04\/08\/las-cinco-razones-por-las-que-colapinto-podria-volver-a-la-formula-1\/\" \/>\n<meta property=\"og:locale\" content=\"es_ES\" \/>\n<meta property=\"og:type\" content=\"article\" \/>\n<meta property=\"og:title\" content=\"Las cinco razones por las que Colapinto podr\u00eda volver a la F\u00f3rmula 1 - Diario Textual\" \/>\n<meta property=\"og:description\" content=\"El piloto argentino Franco Colapinto podr\u00eda estar cada vez m\u00e1s cerca de volver a la F\u00f3rmula 1, categor\u00eda en la que ya compiti\u00f3 a finales del 2024. Actualmente, Colapinto ocupa&hellip;\" \/>\n<meta property=\"og:url\" content=\"https:\/\/diariotextual.com\/inicio\/index.php\/2025\/04\/08\/las-cinco-razones-por-las-que-colapinto-podria-volver-a-la-formula-1\/\" \/>\n<meta property=\"og:site_name\" content=\"Diario Textual\" \/>\n<meta property=\"article:publisher\" content=\"https:\/\/www.facebook.com\/eltextual\" \/>\n<meta property=\"article:published_time\" content=\"2025-04-08T15:07:19+00:00\" \/>\n<meta property=\"article:modified_time\" content=\"2025-04-09T09:55:26+00:00\" \/>\n<meta property=\"og:image\" content=\"https:\/\/diariotextual.com\/inicio\/wp-content\/uploads\/2025\/03\/colapintofranco2025-7.webp\" \/>\n\t<meta property=\"og:image:width\" content=\"770\" \/>\n\t<meta property=\"og:image:height\" content=\"433\" \/>\n\t<meta property=\"og:image:type\" content=\"image\/webp\" \/>\n<meta name=\"author\" content=\"Diario1 Diario1\" \/>\n<meta name=\"twitter:card\" content=\"summary_large_image\" \/>\n<meta name=\"twitter:creator\" content=\"@eltextual\" \/>\n<meta name=\"twitter:site\" content=\"@eltextual\" \/>\n<meta name=\"twitter:label1\" content=\"Escrito por\" \/>\n\t<meta name=\"twitter:data1\" content=\"Diario1 Diario1\" \/>\n\t<meta name=\"twitter:label2\" content=\"Tiempo de lectura\" \/>\n\t<meta name=\"twitter:data2\" content=\"4 minutos\" \/>\n<script type=\"application\/ld+json\" class=\"yoast-schema-graph\">{\"@context\":\"https:\\\/\\\/schema.org\",\"@graph\":[{\"@type\":\"Article\",\"@id\":\"https:\\\/\\\/diariotextual.com\\\/inicio\\\/index.php\\\/2025\\\/04\\\/08\\\/las-cinco-razones-por-las-que-colapinto-podria-volver-a-la-formula-1\\\/#article\",\"isPartOf\":{\"@id\":\"https:\\\/\\\/diariotextual.com\\\/inicio\\\/index.php\\\/2025\\\/04\\\/08\\\/las-cinco-razones-por-las-que-colapinto-podria-volver-a-la-formula-1\\\/\"},\"author\":{\"name\":\"Diario1 Diario1\",\"@id\":\"https:\\\/\\\/diariotextual.com\\\/inicio\\\/#\\\/schema\\\/person\\\/418fc4093c33e86ed41562db3508f958\"},\"headline\":\"Las cinco razones por las que Colapinto podr\u00eda volver a la F\u00f3rmula 1\",\"datePublished\":\"2025-04-08T15:07:19+00:00\",\"dateModified\":\"2025-04-09T09:55:26+00:00\",\"mainEntityOfPage\":{\"@id\":\"https:\\\/\\\/diariotextual.com\\\/inicio\\\/index.php\\\/2025\\\/04\\\/08\\\/las-cinco-razones-por-las-que-colapinto-podria-volver-a-la-formula-1\\\/\"},\"wordCount\":753,\"publisher\":{\"@id\":\"https:\\\/\\\/diariotextual.com\\\/inicio\\\/#organization\"},\"image\":{\"@id\":\"https:\\\/\\\/diariotextual.com\\\/inicio\\\/index.php\\\/2025\\\/04\\\/08\\\/las-cinco-razones-por-las-que-colapinto-podria-volver-a-la-formula-1\\\/#primaryimage\"},\"thumbnailUrl\":\"https:\\\/\\\/diariotextual.com\\\/inicio\\\/wp-content\\\/uploads\\\/2025\\\/03\\\/colapintofranco2025-7.webp\",\"articleSection\":[\"A - QUE PASA (al costado)\",\"DEPORTES\"],\"inLanguage\":\"es\"},{\"@type\":\"WebPage\",\"@id\":\"https:\\\/\\\/diariotextual.com\\\/inicio\\\/index.php\\\/2025\\\/04\\\/08\\\/las-cinco-razones-por-las-que-colapinto-podria-volver-a-la-formula-1\\\/\",\"url\":\"https:\\\/\\\/diariotextual.com\\\/inicio\\\/index.php\\\/2025\\\/04\\\/08\\\/las-cinco-razones-por-las-que-colapinto-podria-volver-a-la-formula-1\\\/\",\"name\":\"Las cinco razones por las que Colapinto podr\u00eda volver a la F\u00f3rmula 1 - Diario Textual\",\"isPartOf\":{\"@id\":\"https:\\\/\\\/diariotextual.com\\\/inicio\\\/#website\"},\"primaryImageOfPage\":{\"@id\":\"https:\\\/\\\/diariotextual.com\\\/inicio\\\/index.php\\\/2025\\\/04\\\/08\\\/las-cinco-razones-por-las-que-colapinto-podria-volver-a-la-formula-1\\\/#primaryimage\"},\"image\":{\"@id\":\"https:\\\/\\\/diariotextual.com\\\/inicio\\\/index.php\\\/2025\\\/04\\\/08\\\/las-cinco-razones-por-las-que-colapinto-podria-volver-a-la-formula-1\\\/#primaryimage\"},\"thumbnailUrl\":\"https:\\\/\\\/diariotextual.com\\\/inicio\\\/wp-content\\\/uploads\\\/2025\\\/03\\\/colapintofranco2025-7.webp\",\"datePublished\":\"2025-04-08T15:07:19+00:00\",\"dateModified\":\"2025-04-09T09:55:26+00:00\",\"breadcrumb\":{\"@id\":\"https:\\\/\\\/diariotextual.com\\\/inicio\\\/index.php\\\/2025\\\/04\\\/08\\\/las-cinco-razones-por-las-que-colapinto-podria-volver-a-la-formula-1\\\/#breadcrumb\"},\"inLanguage\":\"es\",\"potentialAction\":[{\"@type\":\"ReadAction\",\"target\":[\"https:\\\/\\\/diariotextual.com\\\/inicio\\\/index.php\\\/2025\\\/04\\\/08\\\/las-cinco-razones-por-las-que-colapinto-podria-volver-a-la-formula-1\\\/\"]}]},{\"@type\":\"ImageObject\",\"inLanguage\":\"es\",\"@id\":\"https:\\\/\\\/diariotextual.com\\\/inicio\\\/index.php\\\/2025\\\/04\\\/08\\\/las-cinco-razones-por-las-que-colapinto-podria-volver-a-la-formula-1\\\/#primaryimage\",\"url\":\"https:\\\/\\\/diariotextual.com\\\/inicio\\\/wp-content\\\/uploads\\\/2025\\\/03\\\/colapintofranco2025-7.webp\",\"contentUrl\":\"https:\\\/\\\/diariotextual.com\\\/inicio\\\/wp-content\\\/uploads\\\/2025\\\/03\\\/colapintofranco2025-7.webp\",\"width\":770,\"height\":433},{\"@type\":\"BreadcrumbList\",\"@id\":\"https:\\\/\\\/diariotextual.com\\\/inicio\\\/index.php\\\/2025\\\/04\\\/08\\\/las-cinco-razones-por-las-que-colapinto-podria-volver-a-la-formula-1\\\/#breadcrumb\",\"itemListElement\":[{\"@type\":\"ListItem\",\"position\":1,\"name\":\"Portada\",\"item\":\"https:\\\/\\\/diariotextual.com\\\/inicio\\\/\"},{\"@type\":\"ListItem\",\"position\":2,\"name\":\"Las cinco razones por las que Colapinto podr\u00eda volver a la F\u00f3rmula 1\"}]},{\"@type\":\"WebSite\",\"@id\":\"https:\\\/\\\/diariotextual.com\\\/inicio\\\/#website\",\"url\":\"https:\\\/\\\/diariotextual.com\\\/inicio\\\/\",\"name\":\"Diario Textual\",\"description\":\"\",\"publisher\":{\"@id\":\"https:\\\/\\\/diariotextual.com\\\/inicio\\\/#organization\"},\"potentialAction\":[{\"@type\":\"SearchAction\",\"target\":{\"@type\":\"EntryPoint\",\"urlTemplate\":\"https:\\\/\\\/diariotextual.com\\\/inicio\\\/?s={search_term_string}\"},\"query-input\":{\"@type\":\"PropertyValueSpecification\",\"valueRequired\":true,\"valueName\":\"search_term_string\"}}],\"inLanguage\":\"es\"},{\"@type\":\"Organization\",\"@id\":\"https:\\\/\\\/diariotextual.com\\\/inicio\\\/#organization\",\"name\":\"Diario Textual\",\"url\":\"https:\\\/\\\/diariotextual.com\\\/inicio\\\/\",\"logo\":{\"@type\":\"ImageObject\",\"inLanguage\":\"es\",\"@id\":\"https:\\\/\\\/diariotextual.com\\\/inicio\\\/#\\\/schema\\\/logo\\\/image\\\/\",\"url\":\"https:\\\/\\\/diariotextual.com\\\/inicio\\\/wp-content\\\/uploads\\\/2023\\\/05\\\/logotextual1.jpg\",\"contentUrl\":\"https:\\\/\\\/diariotextual.com\\\/inicio\\\/wp-content\\\/uploads\\\/2023\\\/05\\\/logotextual1.jpg\",\"width\":516,\"height\":76,\"caption\":\"Diario Textual\"},\"image\":{\"@id\":\"https:\\\/\\\/diariotextual.com\\\/inicio\\\/#\\\/schema\\\/logo\\\/image\\\/\"},\"sameAs\":[\"https:\\\/\\\/www.facebook.com\\\/eltextual\",\"https:\\\/\\\/x.com\\\/eltextual\",\"http:\\\/\\\/www.instagram.com\\\/eltextual\"]},{\"@type\":\"Person\",\"@id\":\"https:\\\/\\\/diariotextual.com\\\/inicio\\\/#\\\/schema\\\/person\\\/418fc4093c33e86ed41562db3508f958\",\"name\":\"Diario1 Diario1\",\"image\":{\"@type\":\"ImageObject\",\"inLanguage\":\"es\",\"@id\":\"https:\\\/\\\/secure.gravatar.com\\\/avatar\\\/9167d280179c85bc18be67aa7eda765854300033af4896dd779b608640f2ef7a?s=96&d=mm&r=g\",\"url\":\"https:\\\/\\\/secure.gravatar.com\\\/avatar\\\/9167d280179c85bc18be67aa7eda765854300033af4896dd779b608640f2ef7a?s=96&d=mm&r=g\",\"contentUrl\":\"https:\\\/\\\/secure.gravatar.com\\\/avatar\\\/9167d280179c85bc18be67aa7eda765854300033af4896dd779b608640f2ef7a?s=96&d=mm&r=g\",\"caption\":\"Diario1 Diario1\"},\"url\":\"https:\\\/\\\/diariotextual.com\\\/inicio\\\/index.php\\\/author\\\/diario1\\\/\"}]}<\/script>\n<!-- \/ Yoast SEO plugin. -->","yoast_head_json":{"title":"Las cinco razones por las que Colapinto podr\u00eda volver a la F\u00f3rmula 1 - Diario Textual","robots":{"index":"index","follow":"follow","max-snippet":"max-snippet:-1","max-image-preview":"max-image-preview:large","max-video-preview":"max-video-preview:-1"},"canonical":"https:\/\/diariotextual.com\/inicio\/index.php\/2025\/04\/08\/las-cinco-razones-por-las-que-colapinto-podria-volver-a-la-formula-1\/","og_locale":"es_ES","og_type":"article","og_title":"Las cinco razones por las que Colapinto podr\u00eda volver a la F\u00f3rmula 1 - Diario Textual","og_description":"El piloto argentino Franco Colapinto podr\u00eda estar cada vez m\u00e1s cerca de volver a la F\u00f3rmula 1, categor\u00eda en la que ya compiti\u00f3 a finales del 2024. Actualmente, Colapinto ocupa&hellip;","og_url":"https:\/\/diariotextual.com\/inicio\/index.php\/2025\/04\/08\/las-cinco-razones-por-las-que-colapinto-podria-volver-a-la-formula-1\/","og_site_name":"Diario Textual","article_publisher":"https:\/\/www.facebook.com\/eltextual","article_published_time":"2025-04-08T15:07:19+00:00","article_modified_time":"2025-04-09T09:55:26+00:00","og_image":[{"width":770,"height":433,"url":"https:\/\/diariotextual.com\/inicio\/wp-content\/uploads\/2025\/03\/colapintofranco2025-7.webp","type":"image\/webp"}],"author":"Diario1 Diario1","twitter_card":"summary_large_image","twitter_creator":"@eltextual","twitter_site":"@eltextual","twitter_misc":{"Escrito por":"Diario1 Diario1","Tiempo de lectura":"4 minutos"},"schema":{"@context":"https:\/\/schema.org","@graph":[{"@type":"Article","@id":"https:\/\/diariotextual.com\/inicio\/index.php\/2025\/04\/08\/las-cinco-razones-por-las-que-colapinto-podria-volver-a-la-formula-1\/#article","isPartOf":{"@id":"https:\/\/diariotextual.com\/inicio\/index.php\/2025\/04\/08\/las-cinco-razones-por-las-que-colapinto-podria-volver-a-la-formula-1\/"},"author":{"name":"Diario1 Diario1","@id":"https:\/\/diariotextual.com\/inicio\/#\/schema\/person\/418fc4093c33e86ed41562db3508f958"},"headline":"Las cinco razones por las que Colapinto podr\u00eda volver a la F\u00f3rmula 1","datePublished":"2025-04-08T15:07:19+00:00","dateModified":"2025-04-09T09:55:26+00:00","mainEntityOfPage":{"@id":"https:\/\/diariotextual.com\/inicio\/index.php\/2025\/04\/08\/las-cinco-razones-por-las-que-colapinto-podria-volver-a-la-formula-1\/"},"wordCount":753,"publisher":{"@id":"https:\/\/diariotextual.com\/inicio\/#organization"},"image":{"@id":"https:\/\/diariotextual.com\/inicio\/index.php\/2025\/04\/08\/las-cinco-razones-por-las-que-colapinto-podria-volver-a-la-formula-1\/#primaryimage"},"thumbnailUrl":"https:\/\/diariotextual.com\/inicio\/wp-content\/uploads\/2025\/03\/colapintofranco2025-7.webp","articleSection":["A - QUE PASA (al costado)","DEPORTES"],"inLanguage":"es"},{"@type":"WebPage","@id":"https:\/\/diariotextual.com\/inicio\/index.php\/2025\/04\/08\/las-cinco-razones-por-las-que-colapinto-podria-volver-a-la-formula-1\/","url":"https:\/\/diariotextual.com\/inicio\/index.php\/2025\/04\/08\/las-cinco-razones-por-las-que-colapinto-podria-volver-a-la-formula-1\/","name":"Las cinco razones por las que Colapinto podr\u00eda volver a la F\u00f3rmula 1 - Diario Textual","isPartOf":{"@id":"https:\/\/diariotextual.com\/inicio\/#website"},"primaryImageOfPage":{"@id":"https:\/\/diariotextual.com\/inicio\/index.php\/2025\/04\/08\/las-cinco-razones-por-las-que-colapinto-podria-volver-a-la-formula-1\/#primaryimage"},"image":{"@id":"https:\/\/diariotextual.com\/inicio\/index.php\/2025\/04\/08\/las-cinco-razones-por-las-que-colapinto-podria-volver-a-la-formula-1\/#primaryimage"},"thumbnailUrl":"https:\/\/diariotextual.com\/inicio\/wp-content\/uploads\/2025\/03\/colapintofranco2025-7.webp","datePublished":"2025-04-08T15:07:19+00:00","dateModified":"2025-04-09T09:55:26+00:00","breadcrumb":{"@id":"https:\/\/diariotextual.com\/inicio\/index.php\/2025\/04\/08\/las-cinco-razones-por-las-que-colapinto-podria-volver-a-la-formula-1\/#breadcrumb"},"inLanguage":"es","potentialAction":[{"@type":"ReadAction","target":["https:\/\/diariotextual.com\/inicio\/index.php\/2025\/04\/08\/las-cinco-razones-por-las-que-colapinto-podria-volver-a-la-formula-1\/"]}]},{"@type":"ImageObject","inLanguage":"es","@id":"https:\/\/diariotextual.com\/inicio\/index.php\/2025\/04\/08\/las-cinco-razones-por-las-que-colapinto-podria-volver-a-la-formula-1\/#primaryimage","url":"https:\/\/diariotextual.com\/inicio\/wp-content\/uploads\/2025\/03\/colapintofranco2025-7.webp","contentUrl":"https:\/\/diariotextual.com\/inicio\/wp-content\/uploads\/2025\/03\/colapintofranco2025-7.webp","width":770,"height":433},{"@type":"BreadcrumbList","@id":"https:\/\/diariotextual.com\/inicio\/index.php\/2025\/04\/08\/las-cinco-razones-por-las-que-colapinto-podria-volver-a-la-formula-1\/#breadcrumb","itemListElement":[{"@type":"ListItem","position":1,"name":"Portada","item":"https:\/\/diariotextual.com\/inicio\/"},{"@type":"ListItem","position":2,"name":"Las cinco razones por las que Colapinto podr\u00eda volver a la F\u00f3rmula 1"}]},{"@type":"WebSite","@id":"https:\/\/diariotextual.com\/inicio\/#website","url":"https:\/\/diariotextual.com\/inicio\/","name":"Diario Textual","description":"","publisher":{"@id":"https:\/\/diariotextual.com\/inicio\/#organization"},"potentialAction":[{"@type":"SearchAction","target":{"@type":"EntryPoint","urlTemplate":"https:\/\/diariotextual.com\/inicio\/?s={search_term_string}"},"query-input":{"@type":"PropertyValueSpecification","valueRequired":true,"valueName":"search_term_string"}}],"inLanguage":"es"},{"@type":"Organization","@id":"https:\/\/diariotextual.com\/inicio\/#organization","name":"Diario Textual","url":"https:\/\/diariotextual.com\/inicio\/","logo":{"@type":"ImageObject","inLanguage":"es","@id":"https:\/\/diariotextual.com\/inicio\/#\/schema\/logo\/image\/","url":"https:\/\/diariotextual.com\/inicio\/wp-content\/uploads\/2023\/05\/logotextual1.jpg","contentUrl":"https:\/\/diariotextual.com\/inicio\/wp-content\/uploads\/2023\/05\/logotextual1.jpg","width":516,"height":76,"caption":"Diario Textual"},"image":{"@id":"https:\/\/diariotextual.com\/inicio\/#\/schema\/logo\/image\/"},"sameAs":["https:\/\/www.facebook.com\/eltextual","https:\/\/x.com\/eltextual","http:\/\/www.instagram.com\/eltextual"]},{"@type":"Person","@id":"https:\/\/diariotextual.com\/inicio\/#\/schema\/person\/418fc4093c33e86ed41562db3508f958","name":"Diario1 Diario1","image":{"@type":"ImageObject","inLanguage":"es","@id":"https:\/\/secure.gravatar.com\/avatar\/9167d280179c85bc18be67aa7eda765854300033af4896dd779b608640f2ef7a?s=96&d=mm&r=g","url":"https:\/\/secure.gravatar.com\/avatar\/9167d280179c85bc18be67aa7eda765854300033af4896dd779b608640f2ef7a?s=96&d=mm&r=g","contentUrl":"https:\/\/secure.gravatar.com\/avatar\/9167d280179c85bc18be67aa7eda765854300033af4896dd779b608640f2ef7a?s=96&d=mm&r=g","caption":"Diario1 Diario1"},"url":"https:\/\/diariotextual.com\/inicio\/index.php\/author\/diario1\/"}]}},"_links":{"self":[{"href":"https:\/\/diariotextual.com\/inicio\/index.php\/wp-json\/wp\/v2\/posts\/293455","targetHints":{"allow":["GET"]}}],"collection":[{"href":"https:\/\/diariotextual.com\/inicio\/index.php\/wp-json\/wp\/v2\/posts"}],"about":[{"href":"https:\/\/diariotextual.com\/inicio\/index.php\/wp-json\/wp\/v2\/types\/post"}],"author":[{"embeddable":true,"href":"https:\/\/diariotextual.com\/inicio\/index.php\/wp-json\/wp\/v2\/users\/3"}],"replies":[{"embeddable":true,"href":"https:\/\/diariotextual.com\/inicio\/index.php\/wp-json\/wp\/v2\/comments?post=293455"}],"version-history":[{"count":3,"href":"https:\/\/diariotextual.com\/inicio\/index.php\/wp-json\/wp\/v2\/posts\/293455\/revisions"}],"predecessor-version":[{"id":293458,"href":"https:\/\/diariotextual.com\/inicio\/index.php\/wp-json\/wp\/v2\/posts\/293455\/revisions\/293458"}],"wp:featuredmedia":[{"embeddable":true,"href":"https:\/\/diariotextual.com\/inicio\/index.php\/wp-json\/wp\/v2\/media\/292207"}],"wp:attachment":[{"href":"https:\/\/diariotextual.com\/inicio\/index.php\/wp-json\/wp\/v2\/media?parent=293455"}],"wp:term":[{"taxonomy":"category","embeddable":true,"href":"https:\/\/diariotextual.com\/inicio\/index.php\/wp-json\/wp\/v2\/categories?post=293455"},{"taxonomy":"post_tag","embeddable":true,"href":"https:\/\/diariotextual.com\/inicio\/index.php\/wp-json\/wp\/v2\/tags?post=293455"}],"curies":[{"name":"wp","href":"https:\/\/api.w.org\/{rel}","templated":true}]}}