{"id":2935,"date":"2018-03-25T22:29:26","date_gmt":"2018-03-25T22:29:26","guid":{"rendered":"http:\/\/diariotextual.com\/inicio\/?p=2935"},"modified":"2018-03-27T14:37:16","modified_gmt":"2018-03-27T14:37:16","slug":"nacion-dice-ya-luz-verde-la-corte-licitar-portezuelo","status":"publish","type":"post","link":"https:\/\/diariotextual.com\/inicio\/index.php\/2018\/03\/25\/nacion-dice-ya-luz-verde-la-corte-licitar-portezuelo\/","title":{"rendered":"Naci\u00f3n dice que ya tiene luz verde de la Corte para licitar Portezuelo"},"content":{"rendered":"<p><strong>Pablo Bereciart\u00faa<\/strong>, el secretario de Infraestructura y Pol\u00edtica H\u00eddrica de la Naci\u00f3n, dijo que <strong>ya est\u00e1n en condiciones de iniciar el proceso de licitaci\u00f3n para la represa de Portezuelo del Viento<\/strong>, en Mendoza. Todo,<strong> pese a que La Pampa a\u00fan mantiene un recurso de queja ante la Corte Suprema de Justicia de la Naci\u00f3n<\/strong> (CSJN) para declarar nulo<strong> el\u00a0 laudo<\/strong> de Mauricio Macri que dio v\u00eda libre a la presa.<!--more--><\/p>\n<p>Este funcionario nacional <strong>es el encargado de avanzar con obras h\u00eddricas que podr\u00edan perjudicar a La Pampa<\/strong>. Solo en Mendoza impulsa <strong>Portezuelo del Viento<\/strong> -que podr\u00eda afectar al r\u00edo Colorado- y <strong>Los Blancos<\/strong> -que disminuir\u00e1 a\u00fan mas el caudal del Salado-.<\/p>\n<p>Por lo pronto,<strong> este fin de semana anunci\u00f3 que avanzar\u00e1n con esos proyectos. El de Portezuelo est\u00e1 judicializado, en tanto que Los Blancos tambi\u00e9n est\u00e1 objetado por La Pampa, quien incluso hace unos d\u00edas advirti\u00f3 que encargar\u00e1 un estudio de la cuenca a la Universidad Nacional de La Pampa y dio se\u00f1ales de que ir\u00e1 una vez m\u00e1s a la CSJN.<\/strong><\/p>\n<p>Bereciart\u00faa -que en junio del a\u00f1o pasado hizo un papel\u00f3n y recibi\u00f3 el reto de la Corte, al retirarse en medio de una audiencia de conciliaci\u00f3n por el Atuel- estuvo este fin de semana recorriendo municipios mendocinos y estuvo en la Cumbre del BID. En ese marco, fue entrevistado en Radio MDZ.<\/p>\n<p><strong>Frente a los periodistas, consider\u00f3 que la Corte ya lo habilit\u00f3 a iniciar la licitaci\u00f3n de Portezuelo. \u00bfEs as\u00ed? Para los representantes de La Pampa, no.<\/strong> Nuestra provincia present\u00f3 un recurso de nulidad ante la Corte porque consider\u00f3 que el laudo de Macri, a favor de Portezuelo, no fue imparcial. La Corte respondi\u00f3 inmediatamente con un \u00abno\u00bb. En rigor, no analiz\u00f3 la cuesti\u00f3n de fondo: lo que hizo fue rechazar la pretensi\u00f3n pampeana con un formalismo, a la espera de otra apelaci\u00f3n. As\u00ed, La Pampa fue con un recurso de queja.<strong> Ese recurso a\u00fan no fue tratado, por lo que -consideran Verna y sus funcionarios- no est\u00e1 habilitada la licitaci\u00f3n de la represa<\/strong>.<\/p>\n<p>Por eso las palabras de Berercit\u00faa parecen apresuradas.\u00a0\u201cRespecto de Portezuelo -dijo al ser consultado en la radio mendocina- <strong>realmente ya hemos avanzado a un punto en el cual estamos transitando, ya, el cronograma de licitaci\u00f3n de la obra<\/strong>. Desde un inicio, entre gobierno nacional y gobierno provincial (por Mendoza), priorizamos ese proyecto. Hay que entenderlo como una lista de proyectos que debe hacer la Argentina, sobre todo en esta regi\u00f3n, para aumentar la capacidad de regulaci\u00f3n y aumentar la producci\u00f3n y, por sobre todo, para adaptarnos al cambio clim\u00e1tico\u201d.<\/p>\n<p>Record\u00f3 que<strong> La Pampa se opuso porque esa represa podr\u00eda afectar el caudal y la calidad del agua del Colorado, de la que dependen miles de pampeanos<\/strong>. \u201cAh\u00ed, por un lado, La Pampa en el Coirco vot\u00f3 en contra de los otros cuatro grobernadores y de la Naci\u00f3n, y eso llev\u00f3 a que en enero de este a\u00f1o el presidente Mauricio Macri haga un laudo presidencial por primera vez en la historia de los 40 a\u00f1os del Coirco\u201d, dijo el funcionario. \u201cEn ese laudo lo que dice el presidente es que \u2018he escuchado a todos, he visto todas las informes y he escuchado a todas las partes y, frente a una mayor\u00eda que apoya la obra y una provinvias que objeta la obra, estoy de acuerdo con que se haga\u2019. Le hemos dado a Coirco las reglas de llenado y manejo de embalse, y la responsabilidad de llevar adelante un estudio de impacto ambiental de toda la cuenta. Y eso se est\u00e1 cumpliendo\u201d.<\/p>\n<p>\u201c<strong>La Corte -expres\u00f3- recibi\u00f3 una nueva demanda de La Pampa en el mes de febrero y la contest\u00f3 muy r\u00e1pidamente, no d\u00e1ndole lugar. As\u00ed que eso nos ha habilitado a que en los pr\u00f3ximos d\u00edas 60 d\u00edas vamos a estar haciendo el primer llamado a preclasificaci\u00f3n, que da inicio al proceso licitatorio de Portezuelo<\/strong>. Es un tema que, creo, es fruto de este trabajo de Mendoza y de las otras cuatro provincias, y siguiendo las reglas. Esto no fue una posici\u00f3n de fuerza. <strong>No es una pulseada pol\u00edtica. Lo que estamos haciendo es cumplir el marco legal argentino y el estatuto de Coirco para resolver siytuaciones. En el caso de Portezuelo, hoy ya iniciamos el proceso de licitaci\u00f3n<\/strong>\u201d, insisti\u00f3.<\/p>\n<p>Tambi\u00e9n se refiri\u00f3 a las negociaciones por el caudal del Atuel. \u201cEl caso del Atuel es distinto. Es una disputa hist\u00f3rica. La Corte ha presentado un cambio de criterio en relaci\u00f3n al \u00faltimo fallo (de 1987), le ha dado m\u00e1s relevancia a la cuesti\u00f3n ambiental y menos relevancia a la cuest\u00f3n productiva\u201d, sostuvo.<\/p>\n<p>Las partes no se pusieron de acuerdo en cuanto al caudal m\u00ednimo necesario para recomponer el ambiente en el oeste y por eso ahora deber\u00e1 definir la Corte. A su vez, recientemente se iniciaron conversaciones para tratar de consensuar obras.<\/p>\n","protected":false},"excerpt":{"rendered":"<p>Pablo Bereciart\u00faa, el secretario de Infraestructura y Pol\u00edtica H\u00eddrica de la Naci\u00f3n, dijo que ya est\u00e1n en condiciones de iniciar el proceso de licitaci\u00f3n para la represa de Portezuelo del&hellip;<\/p>\n","protected":false},"author":3,"featured_media":2941,"comment_status":"open","ping_status":"open","sticky":false,"template":"","format":"standard","meta":{"_acf_changed":false,"footnotes":""},"categories":[11,8],"tags":[261,260,25,259],"class_list":["post-2935","post","type-post","status-publish","format-standard","has-post-thumbnail","hentry","category-que-pasa","category-politica","tag-berercitua","tag-mendoza","tag-pampa","tag-portezuelo"],"acf":[],"yoast_head":"<!-- This site is optimized with the Yoast SEO plugin v27.5 - https:\/\/yoast.com\/product\/yoast-seo-wordpress\/ -->\n<title>Naci\u00f3n dice que ya tiene luz verde de la Corte para licitar Portezuelo - Diario Textual<\/title>\n<meta name=\"robots\" content=\"index, follow, max-snippet:-1, max-image-preview:large, max-video-preview:-1\" \/>\n<link rel=\"canonical\" href=\"https:\/\/diariotextual.com\/inicio\/index.php\/2018\/03\/25\/nacion-dice-ya-luz-verde-la-corte-licitar-portezuelo\/\" \/>\n<meta property=\"og:locale\" content=\"es_ES\" \/>\n<meta property=\"og:type\" content=\"article\" \/>\n<meta property=\"og:title\" content=\"Naci\u00f3n dice que ya tiene luz verde de la Corte para licitar Portezuelo - Diario Textual\" \/>\n<meta property=\"og:description\" content=\"Pablo Bereciart\u00faa, el secretario de Infraestructura y Pol\u00edtica H\u00eddrica de la Naci\u00f3n, dijo que ya est\u00e1n en condiciones de iniciar el proceso de licitaci\u00f3n para la represa de Portezuelo del&hellip;\" \/>\n<meta property=\"og:url\" content=\"https:\/\/diariotextual.com\/inicio\/index.php\/2018\/03\/25\/nacion-dice-ya-luz-verde-la-corte-licitar-portezuelo\/\" \/>\n<meta property=\"og:site_name\" content=\"Diario Textual\" \/>\n<meta property=\"article:publisher\" content=\"https:\/\/www.facebook.com\/eltextual\" \/>\n<meta property=\"article:published_time\" content=\"2018-03-25T22:29:26+00:00\" \/>\n<meta property=\"article:modified_time\" content=\"2018-03-27T14:37:16+00:00\" \/>\n<meta property=\"og:image\" content=\"https:\/\/diariotextual.com\/inicio\/wp-content\/uploads\/2018\/03\/bereciartuapablo991.jpg\" \/>\n\t<meta property=\"og:image:width\" content=\"524\" \/>\n\t<meta property=\"og:image:height\" content=\"336\" \/>\n\t<meta property=\"og:image:type\" content=\"image\/jpeg\" \/>\n<meta name=\"author\" content=\"Diario1 Diario1\" \/>\n<meta name=\"twitter:card\" content=\"summary_large_image\" \/>\n<meta name=\"twitter:creator\" content=\"@eltextual\" \/>\n<meta name=\"twitter:site\" content=\"@eltextual\" \/>\n<meta name=\"twitter:label1\" content=\"Escrito por\" \/>\n\t<meta name=\"twitter:data1\" content=\"Diario1 Diario1\" \/>\n\t<meta name=\"twitter:label2\" content=\"Tiempo de lectura\" \/>\n\t<meta name=\"twitter:data2\" content=\"4 minutos\" \/>\n<script type=\"application\/ld+json\" class=\"yoast-schema-graph\">{\"@context\":\"https:\\\/\\\/schema.org\",\"@graph\":[{\"@type\":\"Article\",\"@id\":\"https:\\\/\\\/diariotextual.com\\\/inicio\\\/index.php\\\/2018\\\/03\\\/25\\\/nacion-dice-ya-luz-verde-la-corte-licitar-portezuelo\\\/#article\",\"isPartOf\":{\"@id\":\"https:\\\/\\\/diariotextual.com\\\/inicio\\\/index.php\\\/2018\\\/03\\\/25\\\/nacion-dice-ya-luz-verde-la-corte-licitar-portezuelo\\\/\"},\"author\":{\"name\":\"Diario1 Diario1\",\"@id\":\"https:\\\/\\\/diariotextual.com\\\/inicio\\\/#\\\/schema\\\/person\\\/418fc4093c33e86ed41562db3508f958\"},\"headline\":\"Naci\u00f3n dice que ya tiene luz verde de la Corte para licitar Portezuelo\",\"datePublished\":\"2018-03-25T22:29:26+00:00\",\"dateModified\":\"2018-03-27T14:37:16+00:00\",\"mainEntityOfPage\":{\"@id\":\"https:\\\/\\\/diariotextual.com\\\/inicio\\\/index.php\\\/2018\\\/03\\\/25\\\/nacion-dice-ya-luz-verde-la-corte-licitar-portezuelo\\\/\"},\"wordCount\":870,\"commentCount\":0,\"publisher\":{\"@id\":\"https:\\\/\\\/diariotextual.com\\\/inicio\\\/#organization\"},\"image\":{\"@id\":\"https:\\\/\\\/diariotextual.com\\\/inicio\\\/index.php\\\/2018\\\/03\\\/25\\\/nacion-dice-ya-luz-verde-la-corte-licitar-portezuelo\\\/#primaryimage\"},\"thumbnailUrl\":\"https:\\\/\\\/diariotextual.com\\\/inicio\\\/wp-content\\\/uploads\\\/2018\\\/03\\\/bereciartuapablo991.jpg\",\"keywords\":[\"berercitua\",\"mendoza\",\"pampa\",\"portezuelo\"],\"articleSection\":[\"A - QUE PASA (al costado)\",\"POLITICA\"],\"inLanguage\":\"es\",\"potentialAction\":[{\"@type\":\"CommentAction\",\"name\":\"Comment\",\"target\":[\"https:\\\/\\\/diariotextual.com\\\/inicio\\\/index.php\\\/2018\\\/03\\\/25\\\/nacion-dice-ya-luz-verde-la-corte-licitar-portezuelo\\\/#respond\"]}]},{\"@type\":\"WebPage\",\"@id\":\"https:\\\/\\\/diariotextual.com\\\/inicio\\\/index.php\\\/2018\\\/03\\\/25\\\/nacion-dice-ya-luz-verde-la-corte-licitar-portezuelo\\\/\",\"url\":\"https:\\\/\\\/diariotextual.com\\\/inicio\\\/index.php\\\/2018\\\/03\\\/25\\\/nacion-dice-ya-luz-verde-la-corte-licitar-portezuelo\\\/\",\"name\":\"Naci\u00f3n dice que ya tiene luz verde de la Corte para licitar Portezuelo - Diario Textual\",\"isPartOf\":{\"@id\":\"https:\\\/\\\/diariotextual.com\\\/inicio\\\/#website\"},\"primaryImageOfPage\":{\"@id\":\"https:\\\/\\\/diariotextual.com\\\/inicio\\\/index.php\\\/2018\\\/03\\\/25\\\/nacion-dice-ya-luz-verde-la-corte-licitar-portezuelo\\\/#primaryimage\"},\"image\":{\"@id\":\"https:\\\/\\\/diariotextual.com\\\/inicio\\\/index.php\\\/2018\\\/03\\\/25\\\/nacion-dice-ya-luz-verde-la-corte-licitar-portezuelo\\\/#primaryimage\"},\"thumbnailUrl\":\"https:\\\/\\\/diariotextual.com\\\/inicio\\\/wp-content\\\/uploads\\\/2018\\\/03\\\/bereciartuapablo991.jpg\",\"datePublished\":\"2018-03-25T22:29:26+00:00\",\"dateModified\":\"2018-03-27T14:37:16+00:00\",\"breadcrumb\":{\"@id\":\"https:\\\/\\\/diariotextual.com\\\/inicio\\\/index.php\\\/2018\\\/03\\\/25\\\/nacion-dice-ya-luz-verde-la-corte-licitar-portezuelo\\\/#breadcrumb\"},\"inLanguage\":\"es\",\"potentialAction\":[{\"@type\":\"ReadAction\",\"target\":[\"https:\\\/\\\/diariotextual.com\\\/inicio\\\/index.php\\\/2018\\\/03\\\/25\\\/nacion-dice-ya-luz-verde-la-corte-licitar-portezuelo\\\/\"]}]},{\"@type\":\"ImageObject\",\"inLanguage\":\"es\",\"@id\":\"https:\\\/\\\/diariotextual.com\\\/inicio\\\/index.php\\\/2018\\\/03\\\/25\\\/nacion-dice-ya-luz-verde-la-corte-licitar-portezuelo\\\/#primaryimage\",\"url\":\"https:\\\/\\\/diariotextual.com\\\/inicio\\\/wp-content\\\/uploads\\\/2018\\\/03\\\/bereciartuapablo991.jpg\",\"contentUrl\":\"https:\\\/\\\/diariotextual.com\\\/inicio\\\/wp-content\\\/uploads\\\/2018\\\/03\\\/bereciartuapablo991.jpg\",\"width\":524,\"height\":336},{\"@type\":\"BreadcrumbList\",\"@id\":\"https:\\\/\\\/diariotextual.com\\\/inicio\\\/index.php\\\/2018\\\/03\\\/25\\\/nacion-dice-ya-luz-verde-la-corte-licitar-portezuelo\\\/#breadcrumb\",\"itemListElement\":[{\"@type\":\"ListItem\",\"position\":1,\"name\":\"Portada\",\"item\":\"https:\\\/\\\/diariotextual.com\\\/inicio\\\/\"},{\"@type\":\"ListItem\",\"position\":2,\"name\":\"Naci\u00f3n dice que ya tiene luz verde de la Corte para licitar Portezuelo\"}]},{\"@type\":\"WebSite\",\"@id\":\"https:\\\/\\\/diariotextual.com\\\/inicio\\\/#website\",\"url\":\"https:\\\/\\\/diariotextual.com\\\/inicio\\\/\",\"name\":\"Diario Textual\",\"description\":\"\",\"publisher\":{\"@id\":\"https:\\\/\\\/diariotextual.com\\\/inicio\\\/#organization\"},\"potentialAction\":[{\"@type\":\"SearchAction\",\"target\":{\"@type\":\"EntryPoint\",\"urlTemplate\":\"https:\\\/\\\/diariotextual.com\\\/inicio\\\/?s={search_term_string}\"},\"query-input\":{\"@type\":\"PropertyValueSpecification\",\"valueRequired\":true,\"valueName\":\"search_term_string\"}}],\"inLanguage\":\"es\"},{\"@type\":\"Organization\",\"@id\":\"https:\\\/\\\/diariotextual.com\\\/inicio\\\/#organization\",\"name\":\"Diario Textual\",\"url\":\"https:\\\/\\\/diariotextual.com\\\/inicio\\\/\",\"logo\":{\"@type\":\"ImageObject\",\"inLanguage\":\"es\",\"@id\":\"https:\\\/\\\/diariotextual.com\\\/inicio\\\/#\\\/schema\\\/logo\\\/image\\\/\",\"url\":\"https:\\\/\\\/diariotextual.com\\\/inicio\\\/wp-content\\\/uploads\\\/2023\\\/05\\\/logotextual1.jpg\",\"contentUrl\":\"https:\\\/\\\/diariotextual.com\\\/inicio\\\/wp-content\\\/uploads\\\/2023\\\/05\\\/logotextual1.jpg\",\"width\":516,\"height\":76,\"caption\":\"Diario Textual\"},\"image\":{\"@id\":\"https:\\\/\\\/diariotextual.com\\\/inicio\\\/#\\\/schema\\\/logo\\\/image\\\/\"},\"sameAs\":[\"https:\\\/\\\/www.facebook.com\\\/eltextual\",\"https:\\\/\\\/x.com\\\/eltextual\",\"http:\\\/\\\/www.instagram.com\\\/eltextual\"]},{\"@type\":\"Person\",\"@id\":\"https:\\\/\\\/diariotextual.com\\\/inicio\\\/#\\\/schema\\\/person\\\/418fc4093c33e86ed41562db3508f958\",\"name\":\"Diario1 Diario1\",\"image\":{\"@type\":\"ImageObject\",\"inLanguage\":\"es\",\"@id\":\"https:\\\/\\\/secure.gravatar.com\\\/avatar\\\/9167d280179c85bc18be67aa7eda765854300033af4896dd779b608640f2ef7a?s=96&d=mm&r=g\",\"url\":\"https:\\\/\\\/secure.gravatar.com\\\/avatar\\\/9167d280179c85bc18be67aa7eda765854300033af4896dd779b608640f2ef7a?s=96&d=mm&r=g\",\"contentUrl\":\"https:\\\/\\\/secure.gravatar.com\\\/avatar\\\/9167d280179c85bc18be67aa7eda765854300033af4896dd779b608640f2ef7a?s=96&d=mm&r=g\",\"caption\":\"Diario1 Diario1\"},\"url\":\"https:\\\/\\\/diariotextual.com\\\/inicio\\\/index.php\\\/author\\\/diario1\\\/\"}]}<\/script>\n<!-- \/ Yoast SEO plugin. -->","yoast_head_json":{"title":"Naci\u00f3n dice que ya tiene luz verde de la Corte para licitar Portezuelo - Diario Textual","robots":{"index":"index","follow":"follow","max-snippet":"max-snippet:-1","max-image-preview":"max-image-preview:large","max-video-preview":"max-video-preview:-1"},"canonical":"https:\/\/diariotextual.com\/inicio\/index.php\/2018\/03\/25\/nacion-dice-ya-luz-verde-la-corte-licitar-portezuelo\/","og_locale":"es_ES","og_type":"article","og_title":"Naci\u00f3n dice que ya tiene luz verde de la Corte para licitar Portezuelo - Diario Textual","og_description":"Pablo Bereciart\u00faa, el secretario de Infraestructura y Pol\u00edtica H\u00eddrica de la Naci\u00f3n, dijo que ya est\u00e1n en condiciones de iniciar el proceso de licitaci\u00f3n para la represa de Portezuelo del&hellip;","og_url":"https:\/\/diariotextual.com\/inicio\/index.php\/2018\/03\/25\/nacion-dice-ya-luz-verde-la-corte-licitar-portezuelo\/","og_site_name":"Diario Textual","article_publisher":"https:\/\/www.facebook.com\/eltextual","article_published_time":"2018-03-25T22:29:26+00:00","article_modified_time":"2018-03-27T14:37:16+00:00","og_image":[{"width":524,"height":336,"url":"https:\/\/diariotextual.com\/inicio\/wp-content\/uploads\/2018\/03\/bereciartuapablo991.jpg","type":"image\/jpeg"}],"author":"Diario1 Diario1","twitter_card":"summary_large_image","twitter_creator":"@eltextual","twitter_site":"@eltextual","twitter_misc":{"Escrito por":"Diario1 Diario1","Tiempo de lectura":"4 minutos"},"schema":{"@context":"https:\/\/schema.org","@graph":[{"@type":"Article","@id":"https:\/\/diariotextual.com\/inicio\/index.php\/2018\/03\/25\/nacion-dice-ya-luz-verde-la-corte-licitar-portezuelo\/#article","isPartOf":{"@id":"https:\/\/diariotextual.com\/inicio\/index.php\/2018\/03\/25\/nacion-dice-ya-luz-verde-la-corte-licitar-portezuelo\/"},"author":{"name":"Diario1 Diario1","@id":"https:\/\/diariotextual.com\/inicio\/#\/schema\/person\/418fc4093c33e86ed41562db3508f958"},"headline":"Naci\u00f3n dice que ya tiene luz verde de la Corte para licitar Portezuelo","datePublished":"2018-03-25T22:29:26+00:00","dateModified":"2018-03-27T14:37:16+00:00","mainEntityOfPage":{"@id":"https:\/\/diariotextual.com\/inicio\/index.php\/2018\/03\/25\/nacion-dice-ya-luz-verde-la-corte-licitar-portezuelo\/"},"wordCount":870,"commentCount":0,"publisher":{"@id":"https:\/\/diariotextual.com\/inicio\/#organization"},"image":{"@id":"https:\/\/diariotextual.com\/inicio\/index.php\/2018\/03\/25\/nacion-dice-ya-luz-verde-la-corte-licitar-portezuelo\/#primaryimage"},"thumbnailUrl":"https:\/\/diariotextual.com\/inicio\/wp-content\/uploads\/2018\/03\/bereciartuapablo991.jpg","keywords":["berercitua","mendoza","pampa","portezuelo"],"articleSection":["A - QUE PASA (al costado)","POLITICA"],"inLanguage":"es","potentialAction":[{"@type":"CommentAction","name":"Comment","target":["https:\/\/diariotextual.com\/inicio\/index.php\/2018\/03\/25\/nacion-dice-ya-luz-verde-la-corte-licitar-portezuelo\/#respond"]}]},{"@type":"WebPage","@id":"https:\/\/diariotextual.com\/inicio\/index.php\/2018\/03\/25\/nacion-dice-ya-luz-verde-la-corte-licitar-portezuelo\/","url":"https:\/\/diariotextual.com\/inicio\/index.php\/2018\/03\/25\/nacion-dice-ya-luz-verde-la-corte-licitar-portezuelo\/","name":"Naci\u00f3n dice que ya tiene luz verde de la Corte para licitar Portezuelo - Diario Textual","isPartOf":{"@id":"https:\/\/diariotextual.com\/inicio\/#website"},"primaryImageOfPage":{"@id":"https:\/\/diariotextual.com\/inicio\/index.php\/2018\/03\/25\/nacion-dice-ya-luz-verde-la-corte-licitar-portezuelo\/#primaryimage"},"image":{"@id":"https:\/\/diariotextual.com\/inicio\/index.php\/2018\/03\/25\/nacion-dice-ya-luz-verde-la-corte-licitar-portezuelo\/#primaryimage"},"thumbnailUrl":"https:\/\/diariotextual.com\/inicio\/wp-content\/uploads\/2018\/03\/bereciartuapablo991.jpg","datePublished":"2018-03-25T22:29:26+00:00","dateModified":"2018-03-27T14:37:16+00:00","breadcrumb":{"@id":"https:\/\/diariotextual.com\/inicio\/index.php\/2018\/03\/25\/nacion-dice-ya-luz-verde-la-corte-licitar-portezuelo\/#breadcrumb"},"inLanguage":"es","potentialAction":[{"@type":"ReadAction","target":["https:\/\/diariotextual.com\/inicio\/index.php\/2018\/03\/25\/nacion-dice-ya-luz-verde-la-corte-licitar-portezuelo\/"]}]},{"@type":"ImageObject","inLanguage":"es","@id":"https:\/\/diariotextual.com\/inicio\/index.php\/2018\/03\/25\/nacion-dice-ya-luz-verde-la-corte-licitar-portezuelo\/#primaryimage","url":"https:\/\/diariotextual.com\/inicio\/wp-content\/uploads\/2018\/03\/bereciartuapablo991.jpg","contentUrl":"https:\/\/diariotextual.com\/inicio\/wp-content\/uploads\/2018\/03\/bereciartuapablo991.jpg","width":524,"height":336},{"@type":"BreadcrumbList","@id":"https:\/\/diariotextual.com\/inicio\/index.php\/2018\/03\/25\/nacion-dice-ya-luz-verde-la-corte-licitar-portezuelo\/#breadcrumb","itemListElement":[{"@type":"ListItem","position":1,"name":"Portada","item":"https:\/\/diariotextual.com\/inicio\/"},{"@type":"ListItem","position":2,"name":"Naci\u00f3n dice que ya tiene luz verde de la Corte para licitar Portezuelo"}]},{"@type":"WebSite","@id":"https:\/\/diariotextual.com\/inicio\/#website","url":"https:\/\/diariotextual.com\/inicio\/","name":"Diario Textual","description":"","publisher":{"@id":"https:\/\/diariotextual.com\/inicio\/#organization"},"potentialAction":[{"@type":"SearchAction","target":{"@type":"EntryPoint","urlTemplate":"https:\/\/diariotextual.com\/inicio\/?s={search_term_string}"},"query-input":{"@type":"PropertyValueSpecification","valueRequired":true,"valueName":"search_term_string"}}],"inLanguage":"es"},{"@type":"Organization","@id":"https:\/\/diariotextual.com\/inicio\/#organization","name":"Diario Textual","url":"https:\/\/diariotextual.com\/inicio\/","logo":{"@type":"ImageObject","inLanguage":"es","@id":"https:\/\/diariotextual.com\/inicio\/#\/schema\/logo\/image\/","url":"https:\/\/diariotextual.com\/inicio\/wp-content\/uploads\/2023\/05\/logotextual1.jpg","contentUrl":"https:\/\/diariotextual.com\/inicio\/wp-content\/uploads\/2023\/05\/logotextual1.jpg","width":516,"height":76,"caption":"Diario Textual"},"image":{"@id":"https:\/\/diariotextual.com\/inicio\/#\/schema\/logo\/image\/"},"sameAs":["https:\/\/www.facebook.com\/eltextual","https:\/\/x.com\/eltextual","http:\/\/www.instagram.com\/eltextual"]},{"@type":"Person","@id":"https:\/\/diariotextual.com\/inicio\/#\/schema\/person\/418fc4093c33e86ed41562db3508f958","name":"Diario1 Diario1","image":{"@type":"ImageObject","inLanguage":"es","@id":"https:\/\/secure.gravatar.com\/avatar\/9167d280179c85bc18be67aa7eda765854300033af4896dd779b608640f2ef7a?s=96&d=mm&r=g","url":"https:\/\/secure.gravatar.com\/avatar\/9167d280179c85bc18be67aa7eda765854300033af4896dd779b608640f2ef7a?s=96&d=mm&r=g","contentUrl":"https:\/\/secure.gravatar.com\/avatar\/9167d280179c85bc18be67aa7eda765854300033af4896dd779b608640f2ef7a?s=96&d=mm&r=g","caption":"Diario1 Diario1"},"url":"https:\/\/diariotextual.com\/inicio\/index.php\/author\/diario1\/"}]}},"_links":{"self":[{"href":"https:\/\/diariotextual.com\/inicio\/index.php\/wp-json\/wp\/v2\/posts\/2935","targetHints":{"allow":["GET"]}}],"collection":[{"href":"https:\/\/diariotextual.com\/inicio\/index.php\/wp-json\/wp\/v2\/posts"}],"about":[{"href":"https:\/\/diariotextual.com\/inicio\/index.php\/wp-json\/wp\/v2\/types\/post"}],"author":[{"embeddable":true,"href":"https:\/\/diariotextual.com\/inicio\/index.php\/wp-json\/wp\/v2\/users\/3"}],"replies":[{"embeddable":true,"href":"https:\/\/diariotextual.com\/inicio\/index.php\/wp-json\/wp\/v2\/comments?post=2935"}],"version-history":[{"count":4,"href":"https:\/\/diariotextual.com\/inicio\/index.php\/wp-json\/wp\/v2\/posts\/2935\/revisions"}],"predecessor-version":[{"id":2943,"href":"https:\/\/diariotextual.com\/inicio\/index.php\/wp-json\/wp\/v2\/posts\/2935\/revisions\/2943"}],"wp:featuredmedia":[{"embeddable":true,"href":"https:\/\/diariotextual.com\/inicio\/index.php\/wp-json\/wp\/v2\/media\/2941"}],"wp:attachment":[{"href":"https:\/\/diariotextual.com\/inicio\/index.php\/wp-json\/wp\/v2\/media?parent=2935"}],"wp:term":[{"taxonomy":"category","embeddable":true,"href":"https:\/\/diariotextual.com\/inicio\/index.php\/wp-json\/wp\/v2\/categories?post=2935"},{"taxonomy":"post_tag","embeddable":true,"href":"https:\/\/diariotextual.com\/inicio\/index.php\/wp-json\/wp\/v2\/tags?post=2935"}],"curies":[{"name":"wp","href":"https:\/\/api.w.org\/{rel}","templated":true}]}}