{"id":29357,"date":"2018-12-01T15:08:02","date_gmt":"2018-12-01T18:08:02","guid":{"rendered":"http:\/\/diariotextual.com\/inicio\/?p=29357"},"modified":"2018-12-01T22:22:12","modified_gmt":"2018-12-02T01:22:12","slug":"graves-disturbios-protestas-chalecos-amarillos-macron-francia","status":"publish","type":"post","link":"https:\/\/diariotextual.com\/inicio\/index.php\/2018\/12\/01\/graves-disturbios-protestas-chalecos-amarillos-macron-francia\/","title":{"rendered":"Graves disturbios en protestas de \u00abChalecos amarillos\u00bb contra Macron en Francia"},"content":{"rendered":"<p>Al menos 80 heridos y 183 detenidos es el saldo de una verdadera batalla campal entre la polic\u00eda y los \u00abChalecos amarillos\u00bb que tomaron el Arco de Triunfo y montaron barricadas en varios barrios del centro de Par\u00eds, en la tercera semana de protestas contra el alza de los combustibles y el costo de vida en Francia.<\/p>\n<p>Para los analistas, estas protestas son el mayor reto para el presidente Macron en los 18 meses que lleva de gobierno.<\/p>\n<p>Las manifestaciones, que nacieron espont\u00e1neamente y fueron convocadas a trav\u00e9s de las redes sociales, surgieron luego de que se anunciara el alza en el precio del combustible a partir del primero de enero de 2019.<\/p>\n<p>Pero la inconformidad de los franceses va m\u00e1s all\u00e1 del precio de la gasolina. Los sindicatos se sumaron a las protestas para exigir otra serie de cambios. El incremento del salario m\u00ednimo, el aumento de las garant\u00edas m\u00ednimas sociales y las pensiones o la prima para los transportadores, son algunos de los temas que han reivindicado los sindicalistas.<\/p>\n<p>En la tarde del viernes, cuando el primer ministro Edouard Philippe habl\u00f3 con la prensa, reconoci\u00f3 que uno de los temas que hab\u00eda tratado con el representante de los &#8216;chalecos amarillos&#8217; hab\u00eda sido el costo de la vida, un asunto que ha estado en boca desde todos los sectores de la protesta.<\/p>\n<p>Pero las negociaciones no han avanzado por la naturaleza del movimiento (que no tiene l\u00edderes y cuyos voceros solo cuentan con un respaldo parcial) y la percepci\u00f3n de que el gobierno no est\u00e1 dispuesto a ceder.<\/p>\n<p>Esta semana, el primer ministro explic\u00f3 a la televisi\u00f3n local que no levantar\u00e1n el aumento a los combustibles, una medida anunciada por Macron para mitigar los impactos del calentamiento global y que es tradicional en Francia. A\u00f1adi\u00f3 que har\u00e1n una evaluaci\u00f3n trimestral sobre el precio en las materias primas y a partir de esa informaci\u00f3n tomar\u00edan la decisi\u00f3n de revertir o no la medida.<\/p>\n<p>Un manifestante con chaleco amarillo le dijo a Reuters: \u201cel gobierno no est\u00e1 escuchando. La revoluci\u00f3n no puede suceder sin violencia\u201d.<\/p>\n<p>&nbsp;<\/p>\n","protected":false},"excerpt":{"rendered":"<p>Al menos 80 heridos y 183 detenidos es el saldo de una verdadera batalla campal entre la polic\u00eda y los \u00abChalecos amarillos\u00bb que tomaron el Arco de Triunfo y montaron&hellip;<\/p>\n","protected":false},"author":7,"featured_media":29358,"comment_status":"closed","ping_status":"open","sticky":false,"template":"","format":"standard","meta":{"_acf_changed":false,"footnotes":""},"categories":[11,7],"tags":[],"class_list":["post-29357","post","type-post","status-publish","format-standard","has-post-thumbnail","hentry","category-que-pasa","category-mundo"],"acf":[],"yoast_head":"<!-- This site is optimized with the Yoast SEO plugin v27.5 - https:\/\/yoast.com\/product\/yoast-seo-wordpress\/ -->\n<title>Graves disturbios en protestas de &quot;Chalecos amarillos&quot; contra Macron en Francia - Diario Textual<\/title>\n<meta name=\"robots\" content=\"index, follow, max-snippet:-1, max-image-preview:large, max-video-preview:-1\" \/>\n<link rel=\"canonical\" href=\"https:\/\/diariotextual.com\/inicio\/index.php\/2018\/12\/01\/graves-disturbios-protestas-chalecos-amarillos-macron-francia\/\" \/>\n<meta property=\"og:locale\" content=\"es_ES\" \/>\n<meta property=\"og:type\" content=\"article\" \/>\n<meta property=\"og:title\" content=\"Graves disturbios en protestas de &quot;Chalecos amarillos&quot; contra Macron en Francia - Diario Textual\" \/>\n<meta property=\"og:description\" content=\"Al menos 80 heridos y 183 detenidos es el saldo de una verdadera batalla campal entre la polic\u00eda y los \u00abChalecos amarillos\u00bb que tomaron el Arco de Triunfo y montaron&hellip;\" \/>\n<meta property=\"og:url\" content=\"https:\/\/diariotextual.com\/inicio\/index.php\/2018\/12\/01\/graves-disturbios-protestas-chalecos-amarillos-macron-francia\/\" \/>\n<meta property=\"og:site_name\" content=\"Diario Textual\" \/>\n<meta property=\"article:publisher\" content=\"https:\/\/www.facebook.com\/eltextual\" \/>\n<meta property=\"article:published_time\" content=\"2018-12-01T18:08:02+00:00\" \/>\n<meta property=\"article:modified_time\" content=\"2018-12-02T01:22:12+00:00\" \/>\n<meta property=\"og:image\" content=\"https:\/\/diariotextual.com\/inicio\/wp-content\/uploads\/2018\/12\/incidentesenfrancia.jpg\" \/>\n\t<meta property=\"og:image:width\" content=\"1033\" \/>\n\t<meta property=\"og:image:height\" content=\"688\" \/>\n\t<meta property=\"og:image:type\" content=\"image\/jpeg\" \/>\n<meta name=\"author\" content=\"diario5\" \/>\n<meta name=\"twitter:card\" content=\"summary_large_image\" \/>\n<meta name=\"twitter:creator\" content=\"@eltextual\" \/>\n<meta name=\"twitter:site\" content=\"@eltextual\" \/>\n<meta name=\"twitter:label1\" content=\"Escrito por\" \/>\n\t<meta name=\"twitter:data1\" content=\"diario5\" \/>\n\t<meta name=\"twitter:label2\" content=\"Tiempo de lectura\" \/>\n\t<meta name=\"twitter:data2\" content=\"2 minutos\" \/>\n<script type=\"application\/ld+json\" class=\"yoast-schema-graph\">{\"@context\":\"https:\\\/\\\/schema.org\",\"@graph\":[{\"@type\":\"Article\",\"@id\":\"https:\\\/\\\/diariotextual.com\\\/inicio\\\/index.php\\\/2018\\\/12\\\/01\\\/graves-disturbios-protestas-chalecos-amarillos-macron-francia\\\/#article\",\"isPartOf\":{\"@id\":\"https:\\\/\\\/diariotextual.com\\\/inicio\\\/index.php\\\/2018\\\/12\\\/01\\\/graves-disturbios-protestas-chalecos-amarillos-macron-francia\\\/\"},\"author\":{\"name\":\"diario5\",\"@id\":\"https:\\\/\\\/diariotextual.com\\\/inicio\\\/#\\\/schema\\\/person\\\/c7834961ad8b29b1d9cdbf4571299067\"},\"headline\":\"Graves disturbios en protestas de \u00abChalecos amarillos\u00bb contra Macron en Francia\",\"datePublished\":\"2018-12-01T18:08:02+00:00\",\"dateModified\":\"2018-12-02T01:22:12+00:00\",\"mainEntityOfPage\":{\"@id\":\"https:\\\/\\\/diariotextual.com\\\/inicio\\\/index.php\\\/2018\\\/12\\\/01\\\/graves-disturbios-protestas-chalecos-amarillos-macron-francia\\\/\"},\"wordCount\":373,\"publisher\":{\"@id\":\"https:\\\/\\\/diariotextual.com\\\/inicio\\\/#organization\"},\"image\":{\"@id\":\"https:\\\/\\\/diariotextual.com\\\/inicio\\\/index.php\\\/2018\\\/12\\\/01\\\/graves-disturbios-protestas-chalecos-amarillos-macron-francia\\\/#primaryimage\"},\"thumbnailUrl\":\"https:\\\/\\\/diariotextual.com\\\/inicio\\\/wp-content\\\/uploads\\\/2018\\\/12\\\/incidentesenfrancia.jpg\",\"articleSection\":[\"A - QUE PASA (al costado)\",\"MUNDO\"],\"inLanguage\":\"es\"},{\"@type\":\"WebPage\",\"@id\":\"https:\\\/\\\/diariotextual.com\\\/inicio\\\/index.php\\\/2018\\\/12\\\/01\\\/graves-disturbios-protestas-chalecos-amarillos-macron-francia\\\/\",\"url\":\"https:\\\/\\\/diariotextual.com\\\/inicio\\\/index.php\\\/2018\\\/12\\\/01\\\/graves-disturbios-protestas-chalecos-amarillos-macron-francia\\\/\",\"name\":\"Graves disturbios en protestas de \\\"Chalecos amarillos\\\" contra Macron en Francia - Diario Textual\",\"isPartOf\":{\"@id\":\"https:\\\/\\\/diariotextual.com\\\/inicio\\\/#website\"},\"primaryImageOfPage\":{\"@id\":\"https:\\\/\\\/diariotextual.com\\\/inicio\\\/index.php\\\/2018\\\/12\\\/01\\\/graves-disturbios-protestas-chalecos-amarillos-macron-francia\\\/#primaryimage\"},\"image\":{\"@id\":\"https:\\\/\\\/diariotextual.com\\\/inicio\\\/index.php\\\/2018\\\/12\\\/01\\\/graves-disturbios-protestas-chalecos-amarillos-macron-francia\\\/#primaryimage\"},\"thumbnailUrl\":\"https:\\\/\\\/diariotextual.com\\\/inicio\\\/wp-content\\\/uploads\\\/2018\\\/12\\\/incidentesenfrancia.jpg\",\"datePublished\":\"2018-12-01T18:08:02+00:00\",\"dateModified\":\"2018-12-02T01:22:12+00:00\",\"breadcrumb\":{\"@id\":\"https:\\\/\\\/diariotextual.com\\\/inicio\\\/index.php\\\/2018\\\/12\\\/01\\\/graves-disturbios-protestas-chalecos-amarillos-macron-francia\\\/#breadcrumb\"},\"inLanguage\":\"es\",\"potentialAction\":[{\"@type\":\"ReadAction\",\"target\":[\"https:\\\/\\\/diariotextual.com\\\/inicio\\\/index.php\\\/2018\\\/12\\\/01\\\/graves-disturbios-protestas-chalecos-amarillos-macron-francia\\\/\"]}]},{\"@type\":\"ImageObject\",\"inLanguage\":\"es\",\"@id\":\"https:\\\/\\\/diariotextual.com\\\/inicio\\\/index.php\\\/2018\\\/12\\\/01\\\/graves-disturbios-protestas-chalecos-amarillos-macron-francia\\\/#primaryimage\",\"url\":\"https:\\\/\\\/diariotextual.com\\\/inicio\\\/wp-content\\\/uploads\\\/2018\\\/12\\\/incidentesenfrancia.jpg\",\"contentUrl\":\"https:\\\/\\\/diariotextual.com\\\/inicio\\\/wp-content\\\/uploads\\\/2018\\\/12\\\/incidentesenfrancia.jpg\",\"width\":1033,\"height\":688},{\"@type\":\"BreadcrumbList\",\"@id\":\"https:\\\/\\\/diariotextual.com\\\/inicio\\\/index.php\\\/2018\\\/12\\\/01\\\/graves-disturbios-protestas-chalecos-amarillos-macron-francia\\\/#breadcrumb\",\"itemListElement\":[{\"@type\":\"ListItem\",\"position\":1,\"name\":\"Portada\",\"item\":\"https:\\\/\\\/diariotextual.com\\\/inicio\\\/\"},{\"@type\":\"ListItem\",\"position\":2,\"name\":\"Graves disturbios en protestas de \u00abChalecos amarillos\u00bb contra Macron en Francia\"}]},{\"@type\":\"WebSite\",\"@id\":\"https:\\\/\\\/diariotextual.com\\\/inicio\\\/#website\",\"url\":\"https:\\\/\\\/diariotextual.com\\\/inicio\\\/\",\"name\":\"Diario Textual\",\"description\":\"\",\"publisher\":{\"@id\":\"https:\\\/\\\/diariotextual.com\\\/inicio\\\/#organization\"},\"potentialAction\":[{\"@type\":\"SearchAction\",\"target\":{\"@type\":\"EntryPoint\",\"urlTemplate\":\"https:\\\/\\\/diariotextual.com\\\/inicio\\\/?s={search_term_string}\"},\"query-input\":{\"@type\":\"PropertyValueSpecification\",\"valueRequired\":true,\"valueName\":\"search_term_string\"}}],\"inLanguage\":\"es\"},{\"@type\":\"Organization\",\"@id\":\"https:\\\/\\\/diariotextual.com\\\/inicio\\\/#organization\",\"name\":\"Diario Textual\",\"url\":\"https:\\\/\\\/diariotextual.com\\\/inicio\\\/\",\"logo\":{\"@type\":\"ImageObject\",\"inLanguage\":\"es\",\"@id\":\"https:\\\/\\\/diariotextual.com\\\/inicio\\\/#\\\/schema\\\/logo\\\/image\\\/\",\"url\":\"https:\\\/\\\/diariotextual.com\\\/inicio\\\/wp-content\\\/uploads\\\/2023\\\/05\\\/logotextual1.jpg\",\"contentUrl\":\"https:\\\/\\\/diariotextual.com\\\/inicio\\\/wp-content\\\/uploads\\\/2023\\\/05\\\/logotextual1.jpg\",\"width\":516,\"height\":76,\"caption\":\"Diario Textual\"},\"image\":{\"@id\":\"https:\\\/\\\/diariotextual.com\\\/inicio\\\/#\\\/schema\\\/logo\\\/image\\\/\"},\"sameAs\":[\"https:\\\/\\\/www.facebook.com\\\/eltextual\",\"https:\\\/\\\/x.com\\\/eltextual\",\"http:\\\/\\\/www.instagram.com\\\/eltextual\"]},{\"@type\":\"Person\",\"@id\":\"https:\\\/\\\/diariotextual.com\\\/inicio\\\/#\\\/schema\\\/person\\\/c7834961ad8b29b1d9cdbf4571299067\",\"name\":\"diario5\",\"image\":{\"@type\":\"ImageObject\",\"inLanguage\":\"es\",\"@id\":\"https:\\\/\\\/secure.gravatar.com\\\/avatar\\\/948c893b847ca6df68216ead81b63f363408ec9b0f600fefc0641ce78613b111?s=96&d=mm&r=g\",\"url\":\"https:\\\/\\\/secure.gravatar.com\\\/avatar\\\/948c893b847ca6df68216ead81b63f363408ec9b0f600fefc0641ce78613b111?s=96&d=mm&r=g\",\"contentUrl\":\"https:\\\/\\\/secure.gravatar.com\\\/avatar\\\/948c893b847ca6df68216ead81b63f363408ec9b0f600fefc0641ce78613b111?s=96&d=mm&r=g\",\"caption\":\"diario5\"},\"url\":\"https:\\\/\\\/diariotextual.com\\\/inicio\\\/index.php\\\/author\\\/diario5\\\/\"}]}<\/script>\n<!-- \/ Yoast SEO plugin. -->","yoast_head_json":{"title":"Graves disturbios en protestas de \"Chalecos amarillos\" contra Macron en Francia - Diario Textual","robots":{"index":"index","follow":"follow","max-snippet":"max-snippet:-1","max-image-preview":"max-image-preview:large","max-video-preview":"max-video-preview:-1"},"canonical":"https:\/\/diariotextual.com\/inicio\/index.php\/2018\/12\/01\/graves-disturbios-protestas-chalecos-amarillos-macron-francia\/","og_locale":"es_ES","og_type":"article","og_title":"Graves disturbios en protestas de \"Chalecos amarillos\" contra Macron en Francia - Diario Textual","og_description":"Al menos 80 heridos y 183 detenidos es el saldo de una verdadera batalla campal entre la polic\u00eda y los \u00abChalecos amarillos\u00bb que tomaron el Arco de Triunfo y montaron&hellip;","og_url":"https:\/\/diariotextual.com\/inicio\/index.php\/2018\/12\/01\/graves-disturbios-protestas-chalecos-amarillos-macron-francia\/","og_site_name":"Diario Textual","article_publisher":"https:\/\/www.facebook.com\/eltextual","article_published_time":"2018-12-01T18:08:02+00:00","article_modified_time":"2018-12-02T01:22:12+00:00","og_image":[{"width":1033,"height":688,"url":"https:\/\/diariotextual.com\/inicio\/wp-content\/uploads\/2018\/12\/incidentesenfrancia.jpg","type":"image\/jpeg"}],"author":"diario5","twitter_card":"summary_large_image","twitter_creator":"@eltextual","twitter_site":"@eltextual","twitter_misc":{"Escrito por":"diario5","Tiempo de lectura":"2 minutos"},"schema":{"@context":"https:\/\/schema.org","@graph":[{"@type":"Article","@id":"https:\/\/diariotextual.com\/inicio\/index.php\/2018\/12\/01\/graves-disturbios-protestas-chalecos-amarillos-macron-francia\/#article","isPartOf":{"@id":"https:\/\/diariotextual.com\/inicio\/index.php\/2018\/12\/01\/graves-disturbios-protestas-chalecos-amarillos-macron-francia\/"},"author":{"name":"diario5","@id":"https:\/\/diariotextual.com\/inicio\/#\/schema\/person\/c7834961ad8b29b1d9cdbf4571299067"},"headline":"Graves disturbios en protestas de \u00abChalecos amarillos\u00bb contra Macron en Francia","datePublished":"2018-12-01T18:08:02+00:00","dateModified":"2018-12-02T01:22:12+00:00","mainEntityOfPage":{"@id":"https:\/\/diariotextual.com\/inicio\/index.php\/2018\/12\/01\/graves-disturbios-protestas-chalecos-amarillos-macron-francia\/"},"wordCount":373,"publisher":{"@id":"https:\/\/diariotextual.com\/inicio\/#organization"},"image":{"@id":"https:\/\/diariotextual.com\/inicio\/index.php\/2018\/12\/01\/graves-disturbios-protestas-chalecos-amarillos-macron-francia\/#primaryimage"},"thumbnailUrl":"https:\/\/diariotextual.com\/inicio\/wp-content\/uploads\/2018\/12\/incidentesenfrancia.jpg","articleSection":["A - QUE PASA (al costado)","MUNDO"],"inLanguage":"es"},{"@type":"WebPage","@id":"https:\/\/diariotextual.com\/inicio\/index.php\/2018\/12\/01\/graves-disturbios-protestas-chalecos-amarillos-macron-francia\/","url":"https:\/\/diariotextual.com\/inicio\/index.php\/2018\/12\/01\/graves-disturbios-protestas-chalecos-amarillos-macron-francia\/","name":"Graves disturbios en protestas de \"Chalecos amarillos\" contra Macron en Francia - Diario Textual","isPartOf":{"@id":"https:\/\/diariotextual.com\/inicio\/#website"},"primaryImageOfPage":{"@id":"https:\/\/diariotextual.com\/inicio\/index.php\/2018\/12\/01\/graves-disturbios-protestas-chalecos-amarillos-macron-francia\/#primaryimage"},"image":{"@id":"https:\/\/diariotextual.com\/inicio\/index.php\/2018\/12\/01\/graves-disturbios-protestas-chalecos-amarillos-macron-francia\/#primaryimage"},"thumbnailUrl":"https:\/\/diariotextual.com\/inicio\/wp-content\/uploads\/2018\/12\/incidentesenfrancia.jpg","datePublished":"2018-12-01T18:08:02+00:00","dateModified":"2018-12-02T01:22:12+00:00","breadcrumb":{"@id":"https:\/\/diariotextual.com\/inicio\/index.php\/2018\/12\/01\/graves-disturbios-protestas-chalecos-amarillos-macron-francia\/#breadcrumb"},"inLanguage":"es","potentialAction":[{"@type":"ReadAction","target":["https:\/\/diariotextual.com\/inicio\/index.php\/2018\/12\/01\/graves-disturbios-protestas-chalecos-amarillos-macron-francia\/"]}]},{"@type":"ImageObject","inLanguage":"es","@id":"https:\/\/diariotextual.com\/inicio\/index.php\/2018\/12\/01\/graves-disturbios-protestas-chalecos-amarillos-macron-francia\/#primaryimage","url":"https:\/\/diariotextual.com\/inicio\/wp-content\/uploads\/2018\/12\/incidentesenfrancia.jpg","contentUrl":"https:\/\/diariotextual.com\/inicio\/wp-content\/uploads\/2018\/12\/incidentesenfrancia.jpg","width":1033,"height":688},{"@type":"BreadcrumbList","@id":"https:\/\/diariotextual.com\/inicio\/index.php\/2018\/12\/01\/graves-disturbios-protestas-chalecos-amarillos-macron-francia\/#breadcrumb","itemListElement":[{"@type":"ListItem","position":1,"name":"Portada","item":"https:\/\/diariotextual.com\/inicio\/"},{"@type":"ListItem","position":2,"name":"Graves disturbios en protestas de \u00abChalecos amarillos\u00bb contra Macron en Francia"}]},{"@type":"WebSite","@id":"https:\/\/diariotextual.com\/inicio\/#website","url":"https:\/\/diariotextual.com\/inicio\/","name":"Diario Textual","description":"","publisher":{"@id":"https:\/\/diariotextual.com\/inicio\/#organization"},"potentialAction":[{"@type":"SearchAction","target":{"@type":"EntryPoint","urlTemplate":"https:\/\/diariotextual.com\/inicio\/?s={search_term_string}"},"query-input":{"@type":"PropertyValueSpecification","valueRequired":true,"valueName":"search_term_string"}}],"inLanguage":"es"},{"@type":"Organization","@id":"https:\/\/diariotextual.com\/inicio\/#organization","name":"Diario Textual","url":"https:\/\/diariotextual.com\/inicio\/","logo":{"@type":"ImageObject","inLanguage":"es","@id":"https:\/\/diariotextual.com\/inicio\/#\/schema\/logo\/image\/","url":"https:\/\/diariotextual.com\/inicio\/wp-content\/uploads\/2023\/05\/logotextual1.jpg","contentUrl":"https:\/\/diariotextual.com\/inicio\/wp-content\/uploads\/2023\/05\/logotextual1.jpg","width":516,"height":76,"caption":"Diario Textual"},"image":{"@id":"https:\/\/diariotextual.com\/inicio\/#\/schema\/logo\/image\/"},"sameAs":["https:\/\/www.facebook.com\/eltextual","https:\/\/x.com\/eltextual","http:\/\/www.instagram.com\/eltextual"]},{"@type":"Person","@id":"https:\/\/diariotextual.com\/inicio\/#\/schema\/person\/c7834961ad8b29b1d9cdbf4571299067","name":"diario5","image":{"@type":"ImageObject","inLanguage":"es","@id":"https:\/\/secure.gravatar.com\/avatar\/948c893b847ca6df68216ead81b63f363408ec9b0f600fefc0641ce78613b111?s=96&d=mm&r=g","url":"https:\/\/secure.gravatar.com\/avatar\/948c893b847ca6df68216ead81b63f363408ec9b0f600fefc0641ce78613b111?s=96&d=mm&r=g","contentUrl":"https:\/\/secure.gravatar.com\/avatar\/948c893b847ca6df68216ead81b63f363408ec9b0f600fefc0641ce78613b111?s=96&d=mm&r=g","caption":"diario5"},"url":"https:\/\/diariotextual.com\/inicio\/index.php\/author\/diario5\/"}]}},"_links":{"self":[{"href":"https:\/\/diariotextual.com\/inicio\/index.php\/wp-json\/wp\/v2\/posts\/29357","targetHints":{"allow":["GET"]}}],"collection":[{"href":"https:\/\/diariotextual.com\/inicio\/index.php\/wp-json\/wp\/v2\/posts"}],"about":[{"href":"https:\/\/diariotextual.com\/inicio\/index.php\/wp-json\/wp\/v2\/types\/post"}],"author":[{"embeddable":true,"href":"https:\/\/diariotextual.com\/inicio\/index.php\/wp-json\/wp\/v2\/users\/7"}],"replies":[{"embeddable":true,"href":"https:\/\/diariotextual.com\/inicio\/index.php\/wp-json\/wp\/v2\/comments?post=29357"}],"version-history":[{"count":2,"href":"https:\/\/diariotextual.com\/inicio\/index.php\/wp-json\/wp\/v2\/posts\/29357\/revisions"}],"predecessor-version":[{"id":29360,"href":"https:\/\/diariotextual.com\/inicio\/index.php\/wp-json\/wp\/v2\/posts\/29357\/revisions\/29360"}],"wp:featuredmedia":[{"embeddable":true,"href":"https:\/\/diariotextual.com\/inicio\/index.php\/wp-json\/wp\/v2\/media\/29358"}],"wp:attachment":[{"href":"https:\/\/diariotextual.com\/inicio\/index.php\/wp-json\/wp\/v2\/media?parent=29357"}],"wp:term":[{"taxonomy":"category","embeddable":true,"href":"https:\/\/diariotextual.com\/inicio\/index.php\/wp-json\/wp\/v2\/categories?post=29357"},{"taxonomy":"post_tag","embeddable":true,"href":"https:\/\/diariotextual.com\/inicio\/index.php\/wp-json\/wp\/v2\/tags?post=29357"}],"curies":[{"name":"wp","href":"https:\/\/api.w.org\/{rel}","templated":true}]}}