{"id":293609,"date":"2025-04-09T20:25:17","date_gmt":"2025-04-09T23:25:17","guid":{"rendered":"https:\/\/diariotextual.com\/inicio\/?p=293609"},"modified":"2025-04-09T20:25:19","modified_gmt":"2025-04-09T23:25:19","slug":"se-proyecta-puan-en-el-cine-milenium-con-sus-directores-presentes","status":"publish","type":"post","link":"https:\/\/diariotextual.com\/inicio\/index.php\/2025\/04\/09\/se-proyecta-puan-en-el-cine-milenium-con-sus-directores-presentes\/","title":{"rendered":"Se proyecta \u201cPu\u00e1n\u201d en el cine Milenium, con sus directores presentes"},"content":{"rendered":"\n<p>Este <strong>viernes 11 de abril, a las 20.30 horas, se proyectar\u00e1 en la sala del cine Milenium de Santa Rosa<\/strong> la pel\u00edcula \u201cPu\u00e1n\u201d, con la <strong>presencia de sus directores, Mar\u00eda Alch\u00e9 y Benjam\u00edn Naishtat<\/strong>. La actividad se desarrollar\u00e1 en formato de cine-debate y <strong>busca reflexionar sobre la situaci\u00f3n del sistema universitario en la actualidad.<\/strong><\/p>\n\n\n\n<p><strong>\u201cPu\u00e1n\u201d fue nominada a los Premios Goya como mejor pel\u00edcula iberoamericana<\/strong>. Estrenada en 2023, narra la historia de Marcelo Pena, un profesor de Filosof\u00eda que se enfrenta a la posibilidad de concursar por la titularidad de la c\u00e1tedra en la Universidad de Buenos Aires. Sin embargo, su aspiraci\u00f3n se ve desafiada con la llegada de un antiguo compa\u00f1ero, reci\u00e9n vuelto de Alemania, quien tambi\u00e9n busca ocupar el puesto.<\/p>\n\n\n\n<p>La pel\u00edcula est\u00e1 protagonizada por Marcelo Subiotto y cuenta con un elenco destacado conformado por Leonardo Sbaraglia, Lali Esp\u00f3sito, Julieta Zylberberg, Alejandra Flechner, Cristina Banegas, Mara Bestelli, Gaspar Offenhenden, Juan Luppi, Dami\u00e1n Dreizik y Camila Peralta.<\/p>\n\n\n\n<p>La <strong>entrada es gratuita y puede retirarse en la ventanilla de la Secretar\u00eda de Cultura y Extensi\u00f3n de la UNLPam, ubicada en el hall del Edificio de Gil N\u00ba 353,<\/strong> o en la<strong> oficina de la Secretar\u00eda Privada de la Facultad de Ciencias Econ\u00f3micas y Jur\u00eddicas, en el primer piso.<\/strong><\/p>\n","protected":false},"excerpt":{"rendered":"<p>Este viernes 11 de abril, a las 20.30 horas, se proyectar\u00e1 en la sala del cine Milenium de Santa Rosa la pel\u00edcula \u201cPu\u00e1n\u201d, con la presencia de sus directores, Mar\u00eda&hellip;<\/p>\n","protected":false},"author":5,"featured_media":293610,"comment_status":"closed","ping_status":"open","sticky":false,"template":"","format":"standard","meta":{"_acf_changed":false,"footnotes":""},"categories":[1,2],"tags":[],"class_list":["post-293609","post","type-post","status-publish","format-standard","has-post-thumbnail","hentry","category-es-noticia","category-cultura"],"acf":[],"yoast_head":"<!-- This site is optimized with the Yoast SEO plugin v27.5 - https:\/\/yoast.com\/product\/yoast-seo-wordpress\/ -->\n<title>Se proyecta \u201cPu\u00e1n\u201d en el cine Milenium, con sus directores presentes - Diario Textual<\/title>\n<meta name=\"robots\" content=\"index, follow, max-snippet:-1, max-image-preview:large, max-video-preview:-1\" \/>\n<link rel=\"canonical\" href=\"https:\/\/diariotextual.com\/inicio\/index.php\/2025\/04\/09\/se-proyecta-puan-en-el-cine-milenium-con-sus-directores-presentes\/\" \/>\n<meta property=\"og:locale\" content=\"es_ES\" \/>\n<meta property=\"og:type\" content=\"article\" \/>\n<meta property=\"og:title\" content=\"Se proyecta \u201cPu\u00e1n\u201d en el cine Milenium, con sus directores presentes - Diario Textual\" \/>\n<meta property=\"og:description\" content=\"Este viernes 11 de abril, a las 20.30 horas, se proyectar\u00e1 en la sala del cine Milenium de Santa Rosa la pel\u00edcula \u201cPu\u00e1n\u201d, con la presencia de sus directores, Mar\u00eda&hellip;\" \/>\n<meta property=\"og:url\" content=\"https:\/\/diariotextual.com\/inicio\/index.php\/2025\/04\/09\/se-proyecta-puan-en-el-cine-milenium-con-sus-directores-presentes\/\" \/>\n<meta property=\"og:site_name\" content=\"Diario Textual\" \/>\n<meta property=\"article:publisher\" content=\"https:\/\/www.facebook.com\/eltextual\" \/>\n<meta property=\"article:published_time\" content=\"2025-04-09T23:25:17+00:00\" \/>\n<meta property=\"article:modified_time\" content=\"2025-04-09T23:25:19+00:00\" \/>\n<meta property=\"og:image\" content=\"https:\/\/diariotextual.com\/inicio\/wp-content\/uploads\/2025\/04\/puanpeliculacine2025.jpg\" \/>\n\t<meta property=\"og:image:width\" content=\"900\" \/>\n\t<meta property=\"og:image:height\" content=\"506\" \/>\n\t<meta property=\"og:image:type\" content=\"image\/jpeg\" \/>\n<meta name=\"author\" content=\"diario3\" \/>\n<meta name=\"twitter:card\" content=\"summary_large_image\" \/>\n<meta name=\"twitter:creator\" content=\"@eltextual\" \/>\n<meta name=\"twitter:site\" content=\"@eltextual\" \/>\n<meta name=\"twitter:label1\" content=\"Escrito por\" \/>\n\t<meta name=\"twitter:data1\" content=\"diario3\" \/>\n\t<meta name=\"twitter:label2\" content=\"Tiempo de lectura\" \/>\n\t<meta name=\"twitter:data2\" content=\"2 minutos\" \/>\n<script type=\"application\/ld+json\" class=\"yoast-schema-graph\">{\"@context\":\"https:\\\/\\\/schema.org\",\"@graph\":[{\"@type\":\"Article\",\"@id\":\"https:\\\/\\\/diariotextual.com\\\/inicio\\\/index.php\\\/2025\\\/04\\\/09\\\/se-proyecta-puan-en-el-cine-milenium-con-sus-directores-presentes\\\/#article\",\"isPartOf\":{\"@id\":\"https:\\\/\\\/diariotextual.com\\\/inicio\\\/index.php\\\/2025\\\/04\\\/09\\\/se-proyecta-puan-en-el-cine-milenium-con-sus-directores-presentes\\\/\"},\"author\":{\"name\":\"diario3\",\"@id\":\"https:\\\/\\\/diariotextual.com\\\/inicio\\\/#\\\/schema\\\/person\\\/a1b6f563e0ee944c60f98119389a4d9f\"},\"headline\":\"Se proyecta \u201cPu\u00e1n\u201d en el cine Milenium, con sus directores presentes\",\"datePublished\":\"2025-04-09T23:25:17+00:00\",\"dateModified\":\"2025-04-09T23:25:19+00:00\",\"mainEntityOfPage\":{\"@id\":\"https:\\\/\\\/diariotextual.com\\\/inicio\\\/index.php\\\/2025\\\/04\\\/09\\\/se-proyecta-puan-en-el-cine-milenium-con-sus-directores-presentes\\\/\"},\"wordCount\":237,\"publisher\":{\"@id\":\"https:\\\/\\\/diariotextual.com\\\/inicio\\\/#organization\"},\"image\":{\"@id\":\"https:\\\/\\\/diariotextual.com\\\/inicio\\\/index.php\\\/2025\\\/04\\\/09\\\/se-proyecta-puan-en-el-cine-milenium-con-sus-directores-presentes\\\/#primaryimage\"},\"thumbnailUrl\":\"https:\\\/\\\/diariotextual.com\\\/inicio\\\/wp-content\\\/uploads\\\/2025\\\/04\\\/puanpeliculacine2025.jpg\",\"articleSection\":[\"A - ES NOTICIA (van abajo)\",\"CULTURA\"],\"inLanguage\":\"es\"},{\"@type\":\"WebPage\",\"@id\":\"https:\\\/\\\/diariotextual.com\\\/inicio\\\/index.php\\\/2025\\\/04\\\/09\\\/se-proyecta-puan-en-el-cine-milenium-con-sus-directores-presentes\\\/\",\"url\":\"https:\\\/\\\/diariotextual.com\\\/inicio\\\/index.php\\\/2025\\\/04\\\/09\\\/se-proyecta-puan-en-el-cine-milenium-con-sus-directores-presentes\\\/\",\"name\":\"Se proyecta \u201cPu\u00e1n\u201d en el cine Milenium, con sus directores presentes - Diario Textual\",\"isPartOf\":{\"@id\":\"https:\\\/\\\/diariotextual.com\\\/inicio\\\/#website\"},\"primaryImageOfPage\":{\"@id\":\"https:\\\/\\\/diariotextual.com\\\/inicio\\\/index.php\\\/2025\\\/04\\\/09\\\/se-proyecta-puan-en-el-cine-milenium-con-sus-directores-presentes\\\/#primaryimage\"},\"image\":{\"@id\":\"https:\\\/\\\/diariotextual.com\\\/inicio\\\/index.php\\\/2025\\\/04\\\/09\\\/se-proyecta-puan-en-el-cine-milenium-con-sus-directores-presentes\\\/#primaryimage\"},\"thumbnailUrl\":\"https:\\\/\\\/diariotextual.com\\\/inicio\\\/wp-content\\\/uploads\\\/2025\\\/04\\\/puanpeliculacine2025.jpg\",\"datePublished\":\"2025-04-09T23:25:17+00:00\",\"dateModified\":\"2025-04-09T23:25:19+00:00\",\"breadcrumb\":{\"@id\":\"https:\\\/\\\/diariotextual.com\\\/inicio\\\/index.php\\\/2025\\\/04\\\/09\\\/se-proyecta-puan-en-el-cine-milenium-con-sus-directores-presentes\\\/#breadcrumb\"},\"inLanguage\":\"es\",\"potentialAction\":[{\"@type\":\"ReadAction\",\"target\":[\"https:\\\/\\\/diariotextual.com\\\/inicio\\\/index.php\\\/2025\\\/04\\\/09\\\/se-proyecta-puan-en-el-cine-milenium-con-sus-directores-presentes\\\/\"]}]},{\"@type\":\"ImageObject\",\"inLanguage\":\"es\",\"@id\":\"https:\\\/\\\/diariotextual.com\\\/inicio\\\/index.php\\\/2025\\\/04\\\/09\\\/se-proyecta-puan-en-el-cine-milenium-con-sus-directores-presentes\\\/#primaryimage\",\"url\":\"https:\\\/\\\/diariotextual.com\\\/inicio\\\/wp-content\\\/uploads\\\/2025\\\/04\\\/puanpeliculacine2025.jpg\",\"contentUrl\":\"https:\\\/\\\/diariotextual.com\\\/inicio\\\/wp-content\\\/uploads\\\/2025\\\/04\\\/puanpeliculacine2025.jpg\",\"width\":900,\"height\":506,\"caption\":\"Nombre de la foto\"},{\"@type\":\"BreadcrumbList\",\"@id\":\"https:\\\/\\\/diariotextual.com\\\/inicio\\\/index.php\\\/2025\\\/04\\\/09\\\/se-proyecta-puan-en-el-cine-milenium-con-sus-directores-presentes\\\/#breadcrumb\",\"itemListElement\":[{\"@type\":\"ListItem\",\"position\":1,\"name\":\"Portada\",\"item\":\"https:\\\/\\\/diariotextual.com\\\/inicio\\\/\"},{\"@type\":\"ListItem\",\"position\":2,\"name\":\"Se proyecta \u201cPu\u00e1n\u201d en el cine Milenium, con sus directores presentes\"}]},{\"@type\":\"WebSite\",\"@id\":\"https:\\\/\\\/diariotextual.com\\\/inicio\\\/#website\",\"url\":\"https:\\\/\\\/diariotextual.com\\\/inicio\\\/\",\"name\":\"Diario Textual\",\"description\":\"\",\"publisher\":{\"@id\":\"https:\\\/\\\/diariotextual.com\\\/inicio\\\/#organization\"},\"potentialAction\":[{\"@type\":\"SearchAction\",\"target\":{\"@type\":\"EntryPoint\",\"urlTemplate\":\"https:\\\/\\\/diariotextual.com\\\/inicio\\\/?s={search_term_string}\"},\"query-input\":{\"@type\":\"PropertyValueSpecification\",\"valueRequired\":true,\"valueName\":\"search_term_string\"}}],\"inLanguage\":\"es\"},{\"@type\":\"Organization\",\"@id\":\"https:\\\/\\\/diariotextual.com\\\/inicio\\\/#organization\",\"name\":\"Diario Textual\",\"url\":\"https:\\\/\\\/diariotextual.com\\\/inicio\\\/\",\"logo\":{\"@type\":\"ImageObject\",\"inLanguage\":\"es\",\"@id\":\"https:\\\/\\\/diariotextual.com\\\/inicio\\\/#\\\/schema\\\/logo\\\/image\\\/\",\"url\":\"https:\\\/\\\/diariotextual.com\\\/inicio\\\/wp-content\\\/uploads\\\/2023\\\/05\\\/logotextual1.jpg\",\"contentUrl\":\"https:\\\/\\\/diariotextual.com\\\/inicio\\\/wp-content\\\/uploads\\\/2023\\\/05\\\/logotextual1.jpg\",\"width\":516,\"height\":76,\"caption\":\"Diario Textual\"},\"image\":{\"@id\":\"https:\\\/\\\/diariotextual.com\\\/inicio\\\/#\\\/schema\\\/logo\\\/image\\\/\"},\"sameAs\":[\"https:\\\/\\\/www.facebook.com\\\/eltextual\",\"https:\\\/\\\/x.com\\\/eltextual\",\"http:\\\/\\\/www.instagram.com\\\/eltextual\"]},{\"@type\":\"Person\",\"@id\":\"https:\\\/\\\/diariotextual.com\\\/inicio\\\/#\\\/schema\\\/person\\\/a1b6f563e0ee944c60f98119389a4d9f\",\"name\":\"diario3\",\"image\":{\"@type\":\"ImageObject\",\"inLanguage\":\"es\",\"@id\":\"https:\\\/\\\/secure.gravatar.com\\\/avatar\\\/5e7ee62c82fc04d9dd79d746a390d93c69c43223e5faeeb3ea9461ef752bfc5d?s=96&d=mm&r=g\",\"url\":\"https:\\\/\\\/secure.gravatar.com\\\/avatar\\\/5e7ee62c82fc04d9dd79d746a390d93c69c43223e5faeeb3ea9461ef752bfc5d?s=96&d=mm&r=g\",\"contentUrl\":\"https:\\\/\\\/secure.gravatar.com\\\/avatar\\\/5e7ee62c82fc04d9dd79d746a390d93c69c43223e5faeeb3ea9461ef752bfc5d?s=96&d=mm&r=g\",\"caption\":\"diario3\"},\"url\":\"https:\\\/\\\/diariotextual.com\\\/inicio\\\/index.php\\\/author\\\/diario3\\\/\"}]}<\/script>\n<!-- \/ Yoast SEO plugin. -->","yoast_head_json":{"title":"Se proyecta \u201cPu\u00e1n\u201d en el cine Milenium, con sus directores presentes - Diario Textual","robots":{"index":"index","follow":"follow","max-snippet":"max-snippet:-1","max-image-preview":"max-image-preview:large","max-video-preview":"max-video-preview:-1"},"canonical":"https:\/\/diariotextual.com\/inicio\/index.php\/2025\/04\/09\/se-proyecta-puan-en-el-cine-milenium-con-sus-directores-presentes\/","og_locale":"es_ES","og_type":"article","og_title":"Se proyecta \u201cPu\u00e1n\u201d en el cine Milenium, con sus directores presentes - Diario Textual","og_description":"Este viernes 11 de abril, a las 20.30 horas, se proyectar\u00e1 en la sala del cine Milenium de Santa Rosa la pel\u00edcula \u201cPu\u00e1n\u201d, con la presencia de sus directores, Mar\u00eda&hellip;","og_url":"https:\/\/diariotextual.com\/inicio\/index.php\/2025\/04\/09\/se-proyecta-puan-en-el-cine-milenium-con-sus-directores-presentes\/","og_site_name":"Diario Textual","article_publisher":"https:\/\/www.facebook.com\/eltextual","article_published_time":"2025-04-09T23:25:17+00:00","article_modified_time":"2025-04-09T23:25:19+00:00","og_image":[{"width":900,"height":506,"url":"https:\/\/diariotextual.com\/inicio\/wp-content\/uploads\/2025\/04\/puanpeliculacine2025.jpg","type":"image\/jpeg"}],"author":"diario3","twitter_card":"summary_large_image","twitter_creator":"@eltextual","twitter_site":"@eltextual","twitter_misc":{"Escrito por":"diario3","Tiempo de lectura":"2 minutos"},"schema":{"@context":"https:\/\/schema.org","@graph":[{"@type":"Article","@id":"https:\/\/diariotextual.com\/inicio\/index.php\/2025\/04\/09\/se-proyecta-puan-en-el-cine-milenium-con-sus-directores-presentes\/#article","isPartOf":{"@id":"https:\/\/diariotextual.com\/inicio\/index.php\/2025\/04\/09\/se-proyecta-puan-en-el-cine-milenium-con-sus-directores-presentes\/"},"author":{"name":"diario3","@id":"https:\/\/diariotextual.com\/inicio\/#\/schema\/person\/a1b6f563e0ee944c60f98119389a4d9f"},"headline":"Se proyecta \u201cPu\u00e1n\u201d en el cine Milenium, con sus directores presentes","datePublished":"2025-04-09T23:25:17+00:00","dateModified":"2025-04-09T23:25:19+00:00","mainEntityOfPage":{"@id":"https:\/\/diariotextual.com\/inicio\/index.php\/2025\/04\/09\/se-proyecta-puan-en-el-cine-milenium-con-sus-directores-presentes\/"},"wordCount":237,"publisher":{"@id":"https:\/\/diariotextual.com\/inicio\/#organization"},"image":{"@id":"https:\/\/diariotextual.com\/inicio\/index.php\/2025\/04\/09\/se-proyecta-puan-en-el-cine-milenium-con-sus-directores-presentes\/#primaryimage"},"thumbnailUrl":"https:\/\/diariotextual.com\/inicio\/wp-content\/uploads\/2025\/04\/puanpeliculacine2025.jpg","articleSection":["A - ES NOTICIA (van abajo)","CULTURA"],"inLanguage":"es"},{"@type":"WebPage","@id":"https:\/\/diariotextual.com\/inicio\/index.php\/2025\/04\/09\/se-proyecta-puan-en-el-cine-milenium-con-sus-directores-presentes\/","url":"https:\/\/diariotextual.com\/inicio\/index.php\/2025\/04\/09\/se-proyecta-puan-en-el-cine-milenium-con-sus-directores-presentes\/","name":"Se proyecta \u201cPu\u00e1n\u201d en el cine Milenium, con sus directores presentes - Diario Textual","isPartOf":{"@id":"https:\/\/diariotextual.com\/inicio\/#website"},"primaryImageOfPage":{"@id":"https:\/\/diariotextual.com\/inicio\/index.php\/2025\/04\/09\/se-proyecta-puan-en-el-cine-milenium-con-sus-directores-presentes\/#primaryimage"},"image":{"@id":"https:\/\/diariotextual.com\/inicio\/index.php\/2025\/04\/09\/se-proyecta-puan-en-el-cine-milenium-con-sus-directores-presentes\/#primaryimage"},"thumbnailUrl":"https:\/\/diariotextual.com\/inicio\/wp-content\/uploads\/2025\/04\/puanpeliculacine2025.jpg","datePublished":"2025-04-09T23:25:17+00:00","dateModified":"2025-04-09T23:25:19+00:00","breadcrumb":{"@id":"https:\/\/diariotextual.com\/inicio\/index.php\/2025\/04\/09\/se-proyecta-puan-en-el-cine-milenium-con-sus-directores-presentes\/#breadcrumb"},"inLanguage":"es","potentialAction":[{"@type":"ReadAction","target":["https:\/\/diariotextual.com\/inicio\/index.php\/2025\/04\/09\/se-proyecta-puan-en-el-cine-milenium-con-sus-directores-presentes\/"]}]},{"@type":"ImageObject","inLanguage":"es","@id":"https:\/\/diariotextual.com\/inicio\/index.php\/2025\/04\/09\/se-proyecta-puan-en-el-cine-milenium-con-sus-directores-presentes\/#primaryimage","url":"https:\/\/diariotextual.com\/inicio\/wp-content\/uploads\/2025\/04\/puanpeliculacine2025.jpg","contentUrl":"https:\/\/diariotextual.com\/inicio\/wp-content\/uploads\/2025\/04\/puanpeliculacine2025.jpg","width":900,"height":506,"caption":"Nombre de la foto"},{"@type":"BreadcrumbList","@id":"https:\/\/diariotextual.com\/inicio\/index.php\/2025\/04\/09\/se-proyecta-puan-en-el-cine-milenium-con-sus-directores-presentes\/#breadcrumb","itemListElement":[{"@type":"ListItem","position":1,"name":"Portada","item":"https:\/\/diariotextual.com\/inicio\/"},{"@type":"ListItem","position":2,"name":"Se proyecta \u201cPu\u00e1n\u201d en el cine Milenium, con sus directores presentes"}]},{"@type":"WebSite","@id":"https:\/\/diariotextual.com\/inicio\/#website","url":"https:\/\/diariotextual.com\/inicio\/","name":"Diario Textual","description":"","publisher":{"@id":"https:\/\/diariotextual.com\/inicio\/#organization"},"potentialAction":[{"@type":"SearchAction","target":{"@type":"EntryPoint","urlTemplate":"https:\/\/diariotextual.com\/inicio\/?s={search_term_string}"},"query-input":{"@type":"PropertyValueSpecification","valueRequired":true,"valueName":"search_term_string"}}],"inLanguage":"es"},{"@type":"Organization","@id":"https:\/\/diariotextual.com\/inicio\/#organization","name":"Diario Textual","url":"https:\/\/diariotextual.com\/inicio\/","logo":{"@type":"ImageObject","inLanguage":"es","@id":"https:\/\/diariotextual.com\/inicio\/#\/schema\/logo\/image\/","url":"https:\/\/diariotextual.com\/inicio\/wp-content\/uploads\/2023\/05\/logotextual1.jpg","contentUrl":"https:\/\/diariotextual.com\/inicio\/wp-content\/uploads\/2023\/05\/logotextual1.jpg","width":516,"height":76,"caption":"Diario Textual"},"image":{"@id":"https:\/\/diariotextual.com\/inicio\/#\/schema\/logo\/image\/"},"sameAs":["https:\/\/www.facebook.com\/eltextual","https:\/\/x.com\/eltextual","http:\/\/www.instagram.com\/eltextual"]},{"@type":"Person","@id":"https:\/\/diariotextual.com\/inicio\/#\/schema\/person\/a1b6f563e0ee944c60f98119389a4d9f","name":"diario3","image":{"@type":"ImageObject","inLanguage":"es","@id":"https:\/\/secure.gravatar.com\/avatar\/5e7ee62c82fc04d9dd79d746a390d93c69c43223e5faeeb3ea9461ef752bfc5d?s=96&d=mm&r=g","url":"https:\/\/secure.gravatar.com\/avatar\/5e7ee62c82fc04d9dd79d746a390d93c69c43223e5faeeb3ea9461ef752bfc5d?s=96&d=mm&r=g","contentUrl":"https:\/\/secure.gravatar.com\/avatar\/5e7ee62c82fc04d9dd79d746a390d93c69c43223e5faeeb3ea9461ef752bfc5d?s=96&d=mm&r=g","caption":"diario3"},"url":"https:\/\/diariotextual.com\/inicio\/index.php\/author\/diario3\/"}]}},"_links":{"self":[{"href":"https:\/\/diariotextual.com\/inicio\/index.php\/wp-json\/wp\/v2\/posts\/293609","targetHints":{"allow":["GET"]}}],"collection":[{"href":"https:\/\/diariotextual.com\/inicio\/index.php\/wp-json\/wp\/v2\/posts"}],"about":[{"href":"https:\/\/diariotextual.com\/inicio\/index.php\/wp-json\/wp\/v2\/types\/post"}],"author":[{"embeddable":true,"href":"https:\/\/diariotextual.com\/inicio\/index.php\/wp-json\/wp\/v2\/users\/5"}],"replies":[{"embeddable":true,"href":"https:\/\/diariotextual.com\/inicio\/index.php\/wp-json\/wp\/v2\/comments?post=293609"}],"version-history":[{"count":1,"href":"https:\/\/diariotextual.com\/inicio\/index.php\/wp-json\/wp\/v2\/posts\/293609\/revisions"}],"predecessor-version":[{"id":293611,"href":"https:\/\/diariotextual.com\/inicio\/index.php\/wp-json\/wp\/v2\/posts\/293609\/revisions\/293611"}],"wp:featuredmedia":[{"embeddable":true,"href":"https:\/\/diariotextual.com\/inicio\/index.php\/wp-json\/wp\/v2\/media\/293610"}],"wp:attachment":[{"href":"https:\/\/diariotextual.com\/inicio\/index.php\/wp-json\/wp\/v2\/media?parent=293609"}],"wp:term":[{"taxonomy":"category","embeddable":true,"href":"https:\/\/diariotextual.com\/inicio\/index.php\/wp-json\/wp\/v2\/categories?post=293609"},{"taxonomy":"post_tag","embeddable":true,"href":"https:\/\/diariotextual.com\/inicio\/index.php\/wp-json\/wp\/v2\/tags?post=293609"}],"curies":[{"name":"wp","href":"https:\/\/api.w.org\/{rel}","templated":true}]}}