{"id":293728,"date":"2025-04-11T07:36:05","date_gmt":"2025-04-11T10:36:05","guid":{"rendered":"https:\/\/diariotextual.com\/inicio\/?p=293728"},"modified":"2025-04-11T07:36:06","modified_gmt":"2025-04-11T10:36:06","slug":"tragedia-en-chile-dos-hinchas-fallecieron-por-incidentes-en-la-previa-entre-colo-colo-y-fortaleza","status":"publish","type":"post","link":"https:\/\/diariotextual.com\/inicio\/index.php\/2025\/04\/11\/tragedia-en-chile-dos-hinchas-fallecieron-por-incidentes-en-la-previa-entre-colo-colo-y-fortaleza\/","title":{"rendered":"Tragedia en Chile: dos hinchas fallecieron por incidentes en la previa entre Colo Colo y Fortaleza"},"content":{"rendered":"\n<p>Dos simpatizantes fallecieron en las inmediaciones del Estadio Monumental de Santiago de Chile,\u00a0antes del encuentro de este jueves entre\u00a0Colo Colo y Fortaleza\u00a0de Brasil\u00a0por la segunda fecha del Grupo E de la Copa Libertadores.<\/p>\n\n\n\n<p>Seg\u00fan informaron medios locales, la tragedia habr\u00eda ocurrido antes de que comience el encuentro en Santiago por una avalancha generada por personas que intentaron ingresar al estadio y donde tuvo que intervenir la Polic\u00eda con un cami\u00f3n hidrante.<\/p>\n\n\n\n<p>Las v\u00edctimas fatales fueron una joven de 18 a\u00f1os y un menor de 13,\u00a0arrollados por un cami\u00f3n hidrante, cuyo conductor ser\u00eda imputado en las pr\u00f3ximas horas.<\/p>\n\n\n\n<p>El partido entre el elenco trasandino y el brasile\u00f1o hab\u00eda comenzado, a pesar de los incidentes, y se hab\u00edan disputado 70 minutos de partido. Sin embargo,\u00a0cientos de hinchas ingresaron al terreno de juego para detener el duelo, luego de que se confirmara la muerte de los j\u00f3venes.<\/p>\n\n\n\n<p>Seg\u00fan trascendi\u00f3, decenas de personas habr\u00edan intentado colarse para presenciar el espect\u00e1culo por los sectores de Tucapel y Caupolic\u00e1n, ambas entradas cercanas a la calle Marathon.<\/p>\n\n\n\n<p>El fiscal de Flagrancia Oriente,\u00a0Francisco Mores,\u00a0comunic\u00f3: \u201cAproximadamente a las 18 horas con 30 minutos, un grupo de sujetos intenta ingresar a la Casa Alba para luego, posteriormente, entrar al Estadio Monumental\u201d. Y continu\u00f3: \u201cEs en ese contexto que el personal de control de orden p\u00fablico realiza distintas maniobras con el objetivo, principalmente, de que estas personas no pudieran ingresar.\u00a0Se produce una estampida que implica la ca\u00edda de una reja y en este momento se est\u00e1 investigando si es que alg\u00fan carro policial tuvo participaci\u00f3n en el deceso\u201d.<\/p>\n\n\n\n<p>Finalmente, concluy\u00f3: \u201cLo que se sabe es que una de las rejas aplasta a estos dos j\u00f3venes con un peso mayor, un peso que puede ser atribuible a distintas causas y todas est\u00e1n siendo investigadas como posible hip\u00f3tesis de trabajo para poder determinar cu\u00e1l fue, finalmente, la causa del deceso\u201c.<\/p>\n","protected":false},"excerpt":{"rendered":"<p>Dos simpatizantes fallecieron en las inmediaciones del Estadio Monumental de Santiago de Chile,\u00a0antes del encuentro de este jueves entre\u00a0Colo Colo y Fortaleza\u00a0de Brasil\u00a0por la segunda fecha del Grupo E de&hellip;<\/p>\n","protected":false},"author":7,"featured_media":293729,"comment_status":"closed","ping_status":"open","sticky":false,"template":"","format":"standard","meta":{"_acf_changed":false,"footnotes":""},"categories":[1,3],"tags":[],"class_list":["post-293728","post","type-post","status-publish","format-standard","has-post-thumbnail","hentry","category-es-noticia","category-deportes"],"acf":[],"yoast_head":"<!-- This site is optimized with the Yoast SEO plugin v27.5 - https:\/\/yoast.com\/product\/yoast-seo-wordpress\/ -->\n<title>Tragedia en Chile: dos hinchas fallecieron por incidentes en la previa entre Colo Colo y Fortaleza - Diario Textual<\/title>\n<meta name=\"robots\" content=\"index, follow, max-snippet:-1, max-image-preview:large, max-video-preview:-1\" \/>\n<link rel=\"canonical\" href=\"https:\/\/diariotextual.com\/inicio\/index.php\/2025\/04\/11\/tragedia-en-chile-dos-hinchas-fallecieron-por-incidentes-en-la-previa-entre-colo-colo-y-fortaleza\/\" \/>\n<meta property=\"og:locale\" content=\"es_ES\" \/>\n<meta property=\"og:type\" content=\"article\" \/>\n<meta property=\"og:title\" content=\"Tragedia en Chile: dos hinchas fallecieron por incidentes en la previa entre Colo Colo y Fortaleza - Diario Textual\" \/>\n<meta property=\"og:description\" content=\"Dos simpatizantes fallecieron en las inmediaciones del Estadio Monumental de Santiago de Chile,\u00a0antes del encuentro de este jueves entre\u00a0Colo Colo y Fortaleza\u00a0de Brasil\u00a0por la segunda fecha del Grupo E de&hellip;\" \/>\n<meta property=\"og:url\" content=\"https:\/\/diariotextual.com\/inicio\/index.php\/2025\/04\/11\/tragedia-en-chile-dos-hinchas-fallecieron-por-incidentes-en-la-previa-entre-colo-colo-y-fortaleza\/\" \/>\n<meta property=\"og:site_name\" content=\"Diario Textual\" \/>\n<meta property=\"article:publisher\" content=\"https:\/\/www.facebook.com\/eltextual\" \/>\n<meta property=\"article:published_time\" content=\"2025-04-11T10:36:05+00:00\" \/>\n<meta property=\"article:modified_time\" content=\"2025-04-11T10:36:06+00:00\" \/>\n<meta property=\"og:image\" content=\"https:\/\/diariotextual.com\/inicio\/wp-content\/uploads\/2025\/04\/colocolofortalezaincidentes.jpg\" \/>\n\t<meta property=\"og:image:width\" content=\"715\" \/>\n\t<meta property=\"og:image:height\" content=\"468\" \/>\n\t<meta property=\"og:image:type\" content=\"image\/jpeg\" \/>\n<meta name=\"author\" content=\"diario5\" \/>\n<meta name=\"twitter:card\" content=\"summary_large_image\" \/>\n<meta name=\"twitter:creator\" content=\"@eltextual\" \/>\n<meta name=\"twitter:site\" content=\"@eltextual\" \/>\n<meta name=\"twitter:label1\" content=\"Escrito por\" \/>\n\t<meta name=\"twitter:data1\" content=\"diario5\" \/>\n\t<meta name=\"twitter:label2\" content=\"Tiempo de lectura\" \/>\n\t<meta name=\"twitter:data2\" content=\"2 minutos\" \/>\n<script type=\"application\/ld+json\" class=\"yoast-schema-graph\">{\"@context\":\"https:\\\/\\\/schema.org\",\"@graph\":[{\"@type\":\"Article\",\"@id\":\"https:\\\/\\\/diariotextual.com\\\/inicio\\\/index.php\\\/2025\\\/04\\\/11\\\/tragedia-en-chile-dos-hinchas-fallecieron-por-incidentes-en-la-previa-entre-colo-colo-y-fortaleza\\\/#article\",\"isPartOf\":{\"@id\":\"https:\\\/\\\/diariotextual.com\\\/inicio\\\/index.php\\\/2025\\\/04\\\/11\\\/tragedia-en-chile-dos-hinchas-fallecieron-por-incidentes-en-la-previa-entre-colo-colo-y-fortaleza\\\/\"},\"author\":{\"name\":\"diario5\",\"@id\":\"https:\\\/\\\/diariotextual.com\\\/inicio\\\/#\\\/schema\\\/person\\\/c7834961ad8b29b1d9cdbf4571299067\"},\"headline\":\"Tragedia en Chile: dos hinchas fallecieron por incidentes en la previa entre Colo Colo y Fortaleza\",\"datePublished\":\"2025-04-11T10:36:05+00:00\",\"dateModified\":\"2025-04-11T10:36:06+00:00\",\"mainEntityOfPage\":{\"@id\":\"https:\\\/\\\/diariotextual.com\\\/inicio\\\/index.php\\\/2025\\\/04\\\/11\\\/tragedia-en-chile-dos-hinchas-fallecieron-por-incidentes-en-la-previa-entre-colo-colo-y-fortaleza\\\/\"},\"wordCount\":352,\"publisher\":{\"@id\":\"https:\\\/\\\/diariotextual.com\\\/inicio\\\/#organization\"},\"image\":{\"@id\":\"https:\\\/\\\/diariotextual.com\\\/inicio\\\/index.php\\\/2025\\\/04\\\/11\\\/tragedia-en-chile-dos-hinchas-fallecieron-por-incidentes-en-la-previa-entre-colo-colo-y-fortaleza\\\/#primaryimage\"},\"thumbnailUrl\":\"https:\\\/\\\/diariotextual.com\\\/inicio\\\/wp-content\\\/uploads\\\/2025\\\/04\\\/colocolofortalezaincidentes.jpg\",\"articleSection\":[\"A - ES NOTICIA (van abajo)\",\"DEPORTES\"],\"inLanguage\":\"es\"},{\"@type\":\"WebPage\",\"@id\":\"https:\\\/\\\/diariotextual.com\\\/inicio\\\/index.php\\\/2025\\\/04\\\/11\\\/tragedia-en-chile-dos-hinchas-fallecieron-por-incidentes-en-la-previa-entre-colo-colo-y-fortaleza\\\/\",\"url\":\"https:\\\/\\\/diariotextual.com\\\/inicio\\\/index.php\\\/2025\\\/04\\\/11\\\/tragedia-en-chile-dos-hinchas-fallecieron-por-incidentes-en-la-previa-entre-colo-colo-y-fortaleza\\\/\",\"name\":\"Tragedia en Chile: dos hinchas fallecieron por incidentes en la previa entre Colo Colo y Fortaleza - Diario Textual\",\"isPartOf\":{\"@id\":\"https:\\\/\\\/diariotextual.com\\\/inicio\\\/#website\"},\"primaryImageOfPage\":{\"@id\":\"https:\\\/\\\/diariotextual.com\\\/inicio\\\/index.php\\\/2025\\\/04\\\/11\\\/tragedia-en-chile-dos-hinchas-fallecieron-por-incidentes-en-la-previa-entre-colo-colo-y-fortaleza\\\/#primaryimage\"},\"image\":{\"@id\":\"https:\\\/\\\/diariotextual.com\\\/inicio\\\/index.php\\\/2025\\\/04\\\/11\\\/tragedia-en-chile-dos-hinchas-fallecieron-por-incidentes-en-la-previa-entre-colo-colo-y-fortaleza\\\/#primaryimage\"},\"thumbnailUrl\":\"https:\\\/\\\/diariotextual.com\\\/inicio\\\/wp-content\\\/uploads\\\/2025\\\/04\\\/colocolofortalezaincidentes.jpg\",\"datePublished\":\"2025-04-11T10:36:05+00:00\",\"dateModified\":\"2025-04-11T10:36:06+00:00\",\"breadcrumb\":{\"@id\":\"https:\\\/\\\/diariotextual.com\\\/inicio\\\/index.php\\\/2025\\\/04\\\/11\\\/tragedia-en-chile-dos-hinchas-fallecieron-por-incidentes-en-la-previa-entre-colo-colo-y-fortaleza\\\/#breadcrumb\"},\"inLanguage\":\"es\",\"potentialAction\":[{\"@type\":\"ReadAction\",\"target\":[\"https:\\\/\\\/diariotextual.com\\\/inicio\\\/index.php\\\/2025\\\/04\\\/11\\\/tragedia-en-chile-dos-hinchas-fallecieron-por-incidentes-en-la-previa-entre-colo-colo-y-fortaleza\\\/\"]}]},{\"@type\":\"ImageObject\",\"inLanguage\":\"es\",\"@id\":\"https:\\\/\\\/diariotextual.com\\\/inicio\\\/index.php\\\/2025\\\/04\\\/11\\\/tragedia-en-chile-dos-hinchas-fallecieron-por-incidentes-en-la-previa-entre-colo-colo-y-fortaleza\\\/#primaryimage\",\"url\":\"https:\\\/\\\/diariotextual.com\\\/inicio\\\/wp-content\\\/uploads\\\/2025\\\/04\\\/colocolofortalezaincidentes.jpg\",\"contentUrl\":\"https:\\\/\\\/diariotextual.com\\\/inicio\\\/wp-content\\\/uploads\\\/2025\\\/04\\\/colocolofortalezaincidentes.jpg\",\"width\":715,\"height\":468},{\"@type\":\"BreadcrumbList\",\"@id\":\"https:\\\/\\\/diariotextual.com\\\/inicio\\\/index.php\\\/2025\\\/04\\\/11\\\/tragedia-en-chile-dos-hinchas-fallecieron-por-incidentes-en-la-previa-entre-colo-colo-y-fortaleza\\\/#breadcrumb\",\"itemListElement\":[{\"@type\":\"ListItem\",\"position\":1,\"name\":\"Portada\",\"item\":\"https:\\\/\\\/diariotextual.com\\\/inicio\\\/\"},{\"@type\":\"ListItem\",\"position\":2,\"name\":\"Tragedia en Chile: dos hinchas fallecieron por incidentes en la previa entre Colo Colo y Fortaleza\"}]},{\"@type\":\"WebSite\",\"@id\":\"https:\\\/\\\/diariotextual.com\\\/inicio\\\/#website\",\"url\":\"https:\\\/\\\/diariotextual.com\\\/inicio\\\/\",\"name\":\"Diario Textual\",\"description\":\"\",\"publisher\":{\"@id\":\"https:\\\/\\\/diariotextual.com\\\/inicio\\\/#organization\"},\"potentialAction\":[{\"@type\":\"SearchAction\",\"target\":{\"@type\":\"EntryPoint\",\"urlTemplate\":\"https:\\\/\\\/diariotextual.com\\\/inicio\\\/?s={search_term_string}\"},\"query-input\":{\"@type\":\"PropertyValueSpecification\",\"valueRequired\":true,\"valueName\":\"search_term_string\"}}],\"inLanguage\":\"es\"},{\"@type\":\"Organization\",\"@id\":\"https:\\\/\\\/diariotextual.com\\\/inicio\\\/#organization\",\"name\":\"Diario Textual\",\"url\":\"https:\\\/\\\/diariotextual.com\\\/inicio\\\/\",\"logo\":{\"@type\":\"ImageObject\",\"inLanguage\":\"es\",\"@id\":\"https:\\\/\\\/diariotextual.com\\\/inicio\\\/#\\\/schema\\\/logo\\\/image\\\/\",\"url\":\"https:\\\/\\\/diariotextual.com\\\/inicio\\\/wp-content\\\/uploads\\\/2023\\\/05\\\/logotextual1.jpg\",\"contentUrl\":\"https:\\\/\\\/diariotextual.com\\\/inicio\\\/wp-content\\\/uploads\\\/2023\\\/05\\\/logotextual1.jpg\",\"width\":516,\"height\":76,\"caption\":\"Diario Textual\"},\"image\":{\"@id\":\"https:\\\/\\\/diariotextual.com\\\/inicio\\\/#\\\/schema\\\/logo\\\/image\\\/\"},\"sameAs\":[\"https:\\\/\\\/www.facebook.com\\\/eltextual\",\"https:\\\/\\\/x.com\\\/eltextual\",\"http:\\\/\\\/www.instagram.com\\\/eltextual\"]},{\"@type\":\"Person\",\"@id\":\"https:\\\/\\\/diariotextual.com\\\/inicio\\\/#\\\/schema\\\/person\\\/c7834961ad8b29b1d9cdbf4571299067\",\"name\":\"diario5\",\"image\":{\"@type\":\"ImageObject\",\"inLanguage\":\"es\",\"@id\":\"https:\\\/\\\/secure.gravatar.com\\\/avatar\\\/948c893b847ca6df68216ead81b63f363408ec9b0f600fefc0641ce78613b111?s=96&d=mm&r=g\",\"url\":\"https:\\\/\\\/secure.gravatar.com\\\/avatar\\\/948c893b847ca6df68216ead81b63f363408ec9b0f600fefc0641ce78613b111?s=96&d=mm&r=g\",\"contentUrl\":\"https:\\\/\\\/secure.gravatar.com\\\/avatar\\\/948c893b847ca6df68216ead81b63f363408ec9b0f600fefc0641ce78613b111?s=96&d=mm&r=g\",\"caption\":\"diario5\"},\"url\":\"https:\\\/\\\/diariotextual.com\\\/inicio\\\/index.php\\\/author\\\/diario5\\\/\"}]}<\/script>\n<!-- \/ Yoast SEO plugin. -->","yoast_head_json":{"title":"Tragedia en Chile: dos hinchas fallecieron por incidentes en la previa entre Colo Colo y Fortaleza - Diario Textual","robots":{"index":"index","follow":"follow","max-snippet":"max-snippet:-1","max-image-preview":"max-image-preview:large","max-video-preview":"max-video-preview:-1"},"canonical":"https:\/\/diariotextual.com\/inicio\/index.php\/2025\/04\/11\/tragedia-en-chile-dos-hinchas-fallecieron-por-incidentes-en-la-previa-entre-colo-colo-y-fortaleza\/","og_locale":"es_ES","og_type":"article","og_title":"Tragedia en Chile: dos hinchas fallecieron por incidentes en la previa entre Colo Colo y Fortaleza - Diario Textual","og_description":"Dos simpatizantes fallecieron en las inmediaciones del Estadio Monumental de Santiago de Chile,\u00a0antes del encuentro de este jueves entre\u00a0Colo Colo y Fortaleza\u00a0de Brasil\u00a0por la segunda fecha del Grupo E de&hellip;","og_url":"https:\/\/diariotextual.com\/inicio\/index.php\/2025\/04\/11\/tragedia-en-chile-dos-hinchas-fallecieron-por-incidentes-en-la-previa-entre-colo-colo-y-fortaleza\/","og_site_name":"Diario Textual","article_publisher":"https:\/\/www.facebook.com\/eltextual","article_published_time":"2025-04-11T10:36:05+00:00","article_modified_time":"2025-04-11T10:36:06+00:00","og_image":[{"width":715,"height":468,"url":"https:\/\/diariotextual.com\/inicio\/wp-content\/uploads\/2025\/04\/colocolofortalezaincidentes.jpg","type":"image\/jpeg"}],"author":"diario5","twitter_card":"summary_large_image","twitter_creator":"@eltextual","twitter_site":"@eltextual","twitter_misc":{"Escrito por":"diario5","Tiempo de lectura":"2 minutos"},"schema":{"@context":"https:\/\/schema.org","@graph":[{"@type":"Article","@id":"https:\/\/diariotextual.com\/inicio\/index.php\/2025\/04\/11\/tragedia-en-chile-dos-hinchas-fallecieron-por-incidentes-en-la-previa-entre-colo-colo-y-fortaleza\/#article","isPartOf":{"@id":"https:\/\/diariotextual.com\/inicio\/index.php\/2025\/04\/11\/tragedia-en-chile-dos-hinchas-fallecieron-por-incidentes-en-la-previa-entre-colo-colo-y-fortaleza\/"},"author":{"name":"diario5","@id":"https:\/\/diariotextual.com\/inicio\/#\/schema\/person\/c7834961ad8b29b1d9cdbf4571299067"},"headline":"Tragedia en Chile: dos hinchas fallecieron por incidentes en la previa entre Colo Colo y Fortaleza","datePublished":"2025-04-11T10:36:05+00:00","dateModified":"2025-04-11T10:36:06+00:00","mainEntityOfPage":{"@id":"https:\/\/diariotextual.com\/inicio\/index.php\/2025\/04\/11\/tragedia-en-chile-dos-hinchas-fallecieron-por-incidentes-en-la-previa-entre-colo-colo-y-fortaleza\/"},"wordCount":352,"publisher":{"@id":"https:\/\/diariotextual.com\/inicio\/#organization"},"image":{"@id":"https:\/\/diariotextual.com\/inicio\/index.php\/2025\/04\/11\/tragedia-en-chile-dos-hinchas-fallecieron-por-incidentes-en-la-previa-entre-colo-colo-y-fortaleza\/#primaryimage"},"thumbnailUrl":"https:\/\/diariotextual.com\/inicio\/wp-content\/uploads\/2025\/04\/colocolofortalezaincidentes.jpg","articleSection":["A - ES NOTICIA (van abajo)","DEPORTES"],"inLanguage":"es"},{"@type":"WebPage","@id":"https:\/\/diariotextual.com\/inicio\/index.php\/2025\/04\/11\/tragedia-en-chile-dos-hinchas-fallecieron-por-incidentes-en-la-previa-entre-colo-colo-y-fortaleza\/","url":"https:\/\/diariotextual.com\/inicio\/index.php\/2025\/04\/11\/tragedia-en-chile-dos-hinchas-fallecieron-por-incidentes-en-la-previa-entre-colo-colo-y-fortaleza\/","name":"Tragedia en Chile: dos hinchas fallecieron por incidentes en la previa entre Colo Colo y Fortaleza - Diario Textual","isPartOf":{"@id":"https:\/\/diariotextual.com\/inicio\/#website"},"primaryImageOfPage":{"@id":"https:\/\/diariotextual.com\/inicio\/index.php\/2025\/04\/11\/tragedia-en-chile-dos-hinchas-fallecieron-por-incidentes-en-la-previa-entre-colo-colo-y-fortaleza\/#primaryimage"},"image":{"@id":"https:\/\/diariotextual.com\/inicio\/index.php\/2025\/04\/11\/tragedia-en-chile-dos-hinchas-fallecieron-por-incidentes-en-la-previa-entre-colo-colo-y-fortaleza\/#primaryimage"},"thumbnailUrl":"https:\/\/diariotextual.com\/inicio\/wp-content\/uploads\/2025\/04\/colocolofortalezaincidentes.jpg","datePublished":"2025-04-11T10:36:05+00:00","dateModified":"2025-04-11T10:36:06+00:00","breadcrumb":{"@id":"https:\/\/diariotextual.com\/inicio\/index.php\/2025\/04\/11\/tragedia-en-chile-dos-hinchas-fallecieron-por-incidentes-en-la-previa-entre-colo-colo-y-fortaleza\/#breadcrumb"},"inLanguage":"es","potentialAction":[{"@type":"ReadAction","target":["https:\/\/diariotextual.com\/inicio\/index.php\/2025\/04\/11\/tragedia-en-chile-dos-hinchas-fallecieron-por-incidentes-en-la-previa-entre-colo-colo-y-fortaleza\/"]}]},{"@type":"ImageObject","inLanguage":"es","@id":"https:\/\/diariotextual.com\/inicio\/index.php\/2025\/04\/11\/tragedia-en-chile-dos-hinchas-fallecieron-por-incidentes-en-la-previa-entre-colo-colo-y-fortaleza\/#primaryimage","url":"https:\/\/diariotextual.com\/inicio\/wp-content\/uploads\/2025\/04\/colocolofortalezaincidentes.jpg","contentUrl":"https:\/\/diariotextual.com\/inicio\/wp-content\/uploads\/2025\/04\/colocolofortalezaincidentes.jpg","width":715,"height":468},{"@type":"BreadcrumbList","@id":"https:\/\/diariotextual.com\/inicio\/index.php\/2025\/04\/11\/tragedia-en-chile-dos-hinchas-fallecieron-por-incidentes-en-la-previa-entre-colo-colo-y-fortaleza\/#breadcrumb","itemListElement":[{"@type":"ListItem","position":1,"name":"Portada","item":"https:\/\/diariotextual.com\/inicio\/"},{"@type":"ListItem","position":2,"name":"Tragedia en Chile: dos hinchas fallecieron por incidentes en la previa entre Colo Colo y Fortaleza"}]},{"@type":"WebSite","@id":"https:\/\/diariotextual.com\/inicio\/#website","url":"https:\/\/diariotextual.com\/inicio\/","name":"Diario Textual","description":"","publisher":{"@id":"https:\/\/diariotextual.com\/inicio\/#organization"},"potentialAction":[{"@type":"SearchAction","target":{"@type":"EntryPoint","urlTemplate":"https:\/\/diariotextual.com\/inicio\/?s={search_term_string}"},"query-input":{"@type":"PropertyValueSpecification","valueRequired":true,"valueName":"search_term_string"}}],"inLanguage":"es"},{"@type":"Organization","@id":"https:\/\/diariotextual.com\/inicio\/#organization","name":"Diario Textual","url":"https:\/\/diariotextual.com\/inicio\/","logo":{"@type":"ImageObject","inLanguage":"es","@id":"https:\/\/diariotextual.com\/inicio\/#\/schema\/logo\/image\/","url":"https:\/\/diariotextual.com\/inicio\/wp-content\/uploads\/2023\/05\/logotextual1.jpg","contentUrl":"https:\/\/diariotextual.com\/inicio\/wp-content\/uploads\/2023\/05\/logotextual1.jpg","width":516,"height":76,"caption":"Diario Textual"},"image":{"@id":"https:\/\/diariotextual.com\/inicio\/#\/schema\/logo\/image\/"},"sameAs":["https:\/\/www.facebook.com\/eltextual","https:\/\/x.com\/eltextual","http:\/\/www.instagram.com\/eltextual"]},{"@type":"Person","@id":"https:\/\/diariotextual.com\/inicio\/#\/schema\/person\/c7834961ad8b29b1d9cdbf4571299067","name":"diario5","image":{"@type":"ImageObject","inLanguage":"es","@id":"https:\/\/secure.gravatar.com\/avatar\/948c893b847ca6df68216ead81b63f363408ec9b0f600fefc0641ce78613b111?s=96&d=mm&r=g","url":"https:\/\/secure.gravatar.com\/avatar\/948c893b847ca6df68216ead81b63f363408ec9b0f600fefc0641ce78613b111?s=96&d=mm&r=g","contentUrl":"https:\/\/secure.gravatar.com\/avatar\/948c893b847ca6df68216ead81b63f363408ec9b0f600fefc0641ce78613b111?s=96&d=mm&r=g","caption":"diario5"},"url":"https:\/\/diariotextual.com\/inicio\/index.php\/author\/diario5\/"}]}},"_links":{"self":[{"href":"https:\/\/diariotextual.com\/inicio\/index.php\/wp-json\/wp\/v2\/posts\/293728","targetHints":{"allow":["GET"]}}],"collection":[{"href":"https:\/\/diariotextual.com\/inicio\/index.php\/wp-json\/wp\/v2\/posts"}],"about":[{"href":"https:\/\/diariotextual.com\/inicio\/index.php\/wp-json\/wp\/v2\/types\/post"}],"author":[{"embeddable":true,"href":"https:\/\/diariotextual.com\/inicio\/index.php\/wp-json\/wp\/v2\/users\/7"}],"replies":[{"embeddable":true,"href":"https:\/\/diariotextual.com\/inicio\/index.php\/wp-json\/wp\/v2\/comments?post=293728"}],"version-history":[{"count":1,"href":"https:\/\/diariotextual.com\/inicio\/index.php\/wp-json\/wp\/v2\/posts\/293728\/revisions"}],"predecessor-version":[{"id":293730,"href":"https:\/\/diariotextual.com\/inicio\/index.php\/wp-json\/wp\/v2\/posts\/293728\/revisions\/293730"}],"wp:featuredmedia":[{"embeddable":true,"href":"https:\/\/diariotextual.com\/inicio\/index.php\/wp-json\/wp\/v2\/media\/293729"}],"wp:attachment":[{"href":"https:\/\/diariotextual.com\/inicio\/index.php\/wp-json\/wp\/v2\/media?parent=293728"}],"wp:term":[{"taxonomy":"category","embeddable":true,"href":"https:\/\/diariotextual.com\/inicio\/index.php\/wp-json\/wp\/v2\/categories?post=293728"},{"taxonomy":"post_tag","embeddable":true,"href":"https:\/\/diariotextual.com\/inicio\/index.php\/wp-json\/wp\/v2\/tags?post=293728"}],"curies":[{"name":"wp","href":"https:\/\/api.w.org\/{rel}","templated":true}]}}