{"id":294063,"date":"2025-04-14T20:20:50","date_gmt":"2025-04-14T23:20:50","guid":{"rendered":"https:\/\/diariotextual.com\/inicio\/?p=294063"},"modified":"2025-04-14T20:38:48","modified_gmt":"2025-04-14T23:38:48","slug":"caso-libra-en-diputados-falta-a-la-ucr-definir-integrantes-de-la-comision","status":"publish","type":"post","link":"https:\/\/diariotextual.com\/inicio\/index.php\/2025\/04\/14\/caso-libra-en-diputados-falta-a-la-ucr-definir-integrantes-de-la-comision\/","title":{"rendered":"Caso $Libra en Diputados: falta a un sector de la UCR definir integrantes de la comisi\u00f3n"},"content":{"rendered":"\n<p>La C\u00e1mara de Diputados de la Naci\u00f3n constituir\u00e1 en las pr\u00f3ximas horas la comisi\u00f3n investigadora del caso $Libra. El bloque de Innovaci\u00f3n Federal defini\u00f3 este lunes los nombres y <strong>falta a un sector de la Uni\u00f3n C\u00edvica Radical, resolver de tres nombres propuestos, los dos que integrar\u00e1n la comisi\u00f3n<\/strong>. El pampeano<strong> Mart\u00edn Maquieyra lo integra por el Pro<\/strong>.<\/p>\n\n\n\n<p>La semana pasada ya se fue conformando a trav\u00e9s de presentaci\u00f3n de notas por la creaci\u00f3n de nuevos bloques e interbloques con el fin de resolver c\u00f3mo se integrar\u00eda. Ese d\u00eda Innovaci\u00f3n Federal fue el \u00fanico bloque que no dio los nombres de sus elegidos. Solo hizo reserva de los mismos -pues el plazo venc\u00eda el viernes a las 20-, y defini\u00f3 qui\u00e9nes ser\u00edan este lunes. Terminaron inclin\u00e1ndose por el rionegrino Agust\u00edn Domingo y la salte\u00f1a Yolanda Vega, que as\u00ed ser\u00e1n parte del cuerpo legislativo que indagar\u00e1 en los hechos que involucran al presidente Javier Milei.<\/p>\n\n\n\n<p>Seg\u00fan el portal Parlamentario.com, hubo predisposici\u00f3n de los ocho integrantes del bloque provincial en formar parte de la comisi\u00f3n investigadora que profundizar\u00e1 respecto a la sucesi\u00f3n de los hechos vinculados a la promoci\u00f3n y difusi\u00f3n del token $LIBRA a trav\u00e9s de un tuit del jefe de Estado el pasado 14 de febrero por la noche.<\/p>\n\n\n\n<p>Con esta decisi\u00f3n, solo resta que el bloque radical retire a uno de sus tres designados, debido a que cuando present\u00f3 la n\u00f3mina, el viernes por la tarde, a\u00fan era una bancada de 20 integrantes. <strong>Karina Banfi, Soledad Carrizo y Lisandro Nieri fueron los elegidos por el radicalismo. Sin embargo, con la salida de 6 legisladores, les corresponden solo dos.<\/strong><\/p>\n\n\n\n<p>El proyecto de resoluci\u00f3n aprobado la semana pasada en el recinto estableci\u00f3 que la comisi\u00f3n investigadora debe estar integrada por un diputado por bloque\/interbloque con cinco miembros; dos diputados por bloque\/interbloque con m\u00e1s de cinco miembros; y, adem\u00e1s, por cada 20 diputados que integren dicho bloque\/interbloque, se sumar\u00e1 un miembro adicional.<\/p>\n\n\n\n<p>Al final del viernes, se conoci\u00f3 la creaci\u00f3n de \u201cLiga del Interior\u201d, el nuevo bloque conformado por los \u201cradicales con peluca\u201d, a partir de la salida de Mariano Campero, Federico Tournier, Mart\u00edn Arjol, Luis Picat, Pablo Cervi, y Francisco Monti. Estos \u00faltimos dos fueron los nombres girados para integrar la comisi\u00f3n.<\/p>\n\n\n\n<p>De esta manera, la comisi\u00f3n qued\u00f3 definida con <strong>28 integrantes que ser\u00e1n ratificados en la reuni\u00f3n del pr\u00f3ximo mi\u00e9rcoles 23 de abril.<\/strong><\/p>\n\n\n\n<div style=\"height:100px\" aria-hidden=\"true\" class=\"wp-block-spacer\"><\/div>\n\n\n\n<p><strong>El resto de los miembros<\/strong><\/p>\n\n\n\n<p>Tras la sesi\u00f3n especial del martes pasado, el oficialismo movi\u00f3 r\u00e1pido y conform\u00f3 el interbloque LLA \u2013 Creo. Posteriormente, design\u00f3 al cordob\u00e9s Gabriel Bornoroni, a la neuquina Nadia M\u00e1rquez, al santafesino Nicol\u00e1s Mayoraz y a la tucumana Paula Omodeo.<\/p>\n\n\n\n<p>Los primeros nombres girados el viernes fueron los representantes del interbloque <strong>Pro \u2013 MID: Cristian Ritondo, Silvana Giudici, Mart\u00edn Maquieyra y Oscar Zago<\/strong> ser\u00e1n los diputados de la bancada aliada de La Libertad Avanza.<\/p>\n\n\n\n<p>Encuentro Federal eligi\u00f3 al cordob\u00e9s Oscar Agost Carre\u00f1o y a Nicol\u00e1s Massot; el bloque <strong>Democracia para Siempre, seleccion\u00f3 al formose\u00f1o Fernando Carbajal y a Danya Tavela<\/strong>; mientras que la Coalici\u00f3n C\u00edvica dispuso a Maximiliano Ferraro y a M\u00f3nica Frade.<\/p>\n\n\n\n<p>En la oposici\u00f3n m\u00e1s dura, <strong>Uni\u00f3n por la Patria present\u00f3 a Pablo Carro, Juan Marino, Rodolfo Tailhade, Ita\u00ed Hagman, Sabrina Selva y Carolina Gaillard<\/strong>.<\/p>\n\n\n\n<p>La novedad fue la salida estrat\u00e9gica de M\u00f3nica Macha y Julia Strada de Uni\u00f3n por la Patria para conformar una nueva bancada que confluy\u00f3 con la izquierda. De esa manera, la economista se sum\u00f3 a la designaci\u00f3n de Christian Castillo por el Frente de Izquierda &#8211; Unidad dentro de la comisi\u00f3n investigadora. Fue una jugada a dos bandas: le asegur\u00f3 a la izquierda mantener un miembro en la comisi\u00f3n, cosa que iban a discutirle porque hoy el interbloque tiene solo 4 miembros, por la renuncia de M\u00f3nica Schlotthauer, y permiti\u00f3 a UxP tener una integrante m\u00e1s en la misma.<\/p>\n","protected":false},"excerpt":{"rendered":"<p>La C\u00e1mara de Diputados de la Naci\u00f3n constituir\u00e1 en las pr\u00f3ximas horas la comisi\u00f3n investigadora del caso $Libra. El bloque de Innovaci\u00f3n Federal defini\u00f3 este lunes los nombres y falta&hellip;<\/p>\n","protected":false},"author":5,"featured_media":294064,"comment_status":"closed","ping_status":"open","sticky":false,"template":"","format":"standard","meta":{"_acf_changed":false,"footnotes":""},"categories":[1],"tags":[],"class_list":["post-294063","post","type-post","status-publish","format-standard","has-post-thumbnail","hentry","category-es-noticia"],"acf":[],"yoast_head":"<!-- This site is optimized with the Yoast SEO plugin v27.5 - https:\/\/yoast.com\/product\/yoast-seo-wordpress\/ -->\n<title>Caso $Libra en Diputados: falta a un sector de la UCR definir integrantes de la comisi\u00f3n - Diario Textual<\/title>\n<meta name=\"robots\" content=\"index, follow, max-snippet:-1, max-image-preview:large, max-video-preview:-1\" \/>\n<link rel=\"canonical\" href=\"https:\/\/diariotextual.com\/inicio\/index.php\/2025\/04\/14\/caso-libra-en-diputados-falta-a-la-ucr-definir-integrantes-de-la-comision\/\" \/>\n<meta property=\"og:locale\" content=\"es_ES\" \/>\n<meta property=\"og:type\" content=\"article\" \/>\n<meta property=\"og:title\" content=\"Caso $Libra en Diputados: falta a un sector de la UCR definir integrantes de la comisi\u00f3n - Diario Textual\" \/>\n<meta property=\"og:description\" content=\"La C\u00e1mara de Diputados de la Naci\u00f3n constituir\u00e1 en las pr\u00f3ximas horas la comisi\u00f3n investigadora del caso $Libra. El bloque de Innovaci\u00f3n Federal defini\u00f3 este lunes los nombres y falta&hellip;\" \/>\n<meta property=\"og:url\" content=\"https:\/\/diariotextual.com\/inicio\/index.php\/2025\/04\/14\/caso-libra-en-diputados-falta-a-la-ucr-definir-integrantes-de-la-comision\/\" \/>\n<meta property=\"og:site_name\" content=\"Diario Textual\" \/>\n<meta property=\"article:publisher\" content=\"https:\/\/www.facebook.com\/eltextual\" \/>\n<meta property=\"article:published_time\" content=\"2025-04-14T23:20:50+00:00\" \/>\n<meta property=\"article:modified_time\" content=\"2025-04-14T23:38:48+00:00\" \/>\n<meta property=\"og:image\" content=\"https:\/\/diariotextual.com\/inicio\/wp-content\/uploads\/2025\/04\/libramilei2025.jpg\" \/>\n\t<meta property=\"og:image:width\" content=\"700\" \/>\n\t<meta property=\"og:image:height\" content=\"393\" \/>\n\t<meta property=\"og:image:type\" content=\"image\/jpeg\" \/>\n<meta name=\"author\" content=\"diario3\" \/>\n<meta name=\"twitter:card\" content=\"summary_large_image\" \/>\n<meta name=\"twitter:creator\" content=\"@eltextual\" \/>\n<meta name=\"twitter:site\" content=\"@eltextual\" \/>\n<meta name=\"twitter:label1\" content=\"Escrito por\" \/>\n\t<meta name=\"twitter:data1\" content=\"diario3\" \/>\n\t<meta name=\"twitter:label2\" content=\"Tiempo de lectura\" \/>\n\t<meta name=\"twitter:data2\" content=\"4 minutos\" \/>\n<script type=\"application\/ld+json\" class=\"yoast-schema-graph\">{\"@context\":\"https:\\\/\\\/schema.org\",\"@graph\":[{\"@type\":\"Article\",\"@id\":\"https:\\\/\\\/diariotextual.com\\\/inicio\\\/index.php\\\/2025\\\/04\\\/14\\\/caso-libra-en-diputados-falta-a-la-ucr-definir-integrantes-de-la-comision\\\/#article\",\"isPartOf\":{\"@id\":\"https:\\\/\\\/diariotextual.com\\\/inicio\\\/index.php\\\/2025\\\/04\\\/14\\\/caso-libra-en-diputados-falta-a-la-ucr-definir-integrantes-de-la-comision\\\/\"},\"author\":{\"name\":\"diario3\",\"@id\":\"https:\\\/\\\/diariotextual.com\\\/inicio\\\/#\\\/schema\\\/person\\\/a1b6f563e0ee944c60f98119389a4d9f\"},\"headline\":\"Caso $Libra en Diputados: falta a un sector de la UCR definir integrantes de la comisi\u00f3n\",\"datePublished\":\"2025-04-14T23:20:50+00:00\",\"dateModified\":\"2025-04-14T23:38:48+00:00\",\"mainEntityOfPage\":{\"@id\":\"https:\\\/\\\/diariotextual.com\\\/inicio\\\/index.php\\\/2025\\\/04\\\/14\\\/caso-libra-en-diputados-falta-a-la-ucr-definir-integrantes-de-la-comision\\\/\"},\"wordCount\":716,\"publisher\":{\"@id\":\"https:\\\/\\\/diariotextual.com\\\/inicio\\\/#organization\"},\"image\":{\"@id\":\"https:\\\/\\\/diariotextual.com\\\/inicio\\\/index.php\\\/2025\\\/04\\\/14\\\/caso-libra-en-diputados-falta-a-la-ucr-definir-integrantes-de-la-comision\\\/#primaryimage\"},\"thumbnailUrl\":\"https:\\\/\\\/diariotextual.com\\\/inicio\\\/wp-content\\\/uploads\\\/2025\\\/04\\\/libramilei2025.jpg\",\"articleSection\":[\"A - ES NOTICIA (van abajo)\"],\"inLanguage\":\"es\"},{\"@type\":\"WebPage\",\"@id\":\"https:\\\/\\\/diariotextual.com\\\/inicio\\\/index.php\\\/2025\\\/04\\\/14\\\/caso-libra-en-diputados-falta-a-la-ucr-definir-integrantes-de-la-comision\\\/\",\"url\":\"https:\\\/\\\/diariotextual.com\\\/inicio\\\/index.php\\\/2025\\\/04\\\/14\\\/caso-libra-en-diputados-falta-a-la-ucr-definir-integrantes-de-la-comision\\\/\",\"name\":\"Caso $Libra en Diputados: falta a un sector de la UCR definir integrantes de la comisi\u00f3n - Diario Textual\",\"isPartOf\":{\"@id\":\"https:\\\/\\\/diariotextual.com\\\/inicio\\\/#website\"},\"primaryImageOfPage\":{\"@id\":\"https:\\\/\\\/diariotextual.com\\\/inicio\\\/index.php\\\/2025\\\/04\\\/14\\\/caso-libra-en-diputados-falta-a-la-ucr-definir-integrantes-de-la-comision\\\/#primaryimage\"},\"image\":{\"@id\":\"https:\\\/\\\/diariotextual.com\\\/inicio\\\/index.php\\\/2025\\\/04\\\/14\\\/caso-libra-en-diputados-falta-a-la-ucr-definir-integrantes-de-la-comision\\\/#primaryimage\"},\"thumbnailUrl\":\"https:\\\/\\\/diariotextual.com\\\/inicio\\\/wp-content\\\/uploads\\\/2025\\\/04\\\/libramilei2025.jpg\",\"datePublished\":\"2025-04-14T23:20:50+00:00\",\"dateModified\":\"2025-04-14T23:38:48+00:00\",\"breadcrumb\":{\"@id\":\"https:\\\/\\\/diariotextual.com\\\/inicio\\\/index.php\\\/2025\\\/04\\\/14\\\/caso-libra-en-diputados-falta-a-la-ucr-definir-integrantes-de-la-comision\\\/#breadcrumb\"},\"inLanguage\":\"es\",\"potentialAction\":[{\"@type\":\"ReadAction\",\"target\":[\"https:\\\/\\\/diariotextual.com\\\/inicio\\\/index.php\\\/2025\\\/04\\\/14\\\/caso-libra-en-diputados-falta-a-la-ucr-definir-integrantes-de-la-comision\\\/\"]}]},{\"@type\":\"ImageObject\",\"inLanguage\":\"es\",\"@id\":\"https:\\\/\\\/diariotextual.com\\\/inicio\\\/index.php\\\/2025\\\/04\\\/14\\\/caso-libra-en-diputados-falta-a-la-ucr-definir-integrantes-de-la-comision\\\/#primaryimage\",\"url\":\"https:\\\/\\\/diariotextual.com\\\/inicio\\\/wp-content\\\/uploads\\\/2025\\\/04\\\/libramilei2025.jpg\",\"contentUrl\":\"https:\\\/\\\/diariotextual.com\\\/inicio\\\/wp-content\\\/uploads\\\/2025\\\/04\\\/libramilei2025.jpg\",\"width\":700,\"height\":393},{\"@type\":\"BreadcrumbList\",\"@id\":\"https:\\\/\\\/diariotextual.com\\\/inicio\\\/index.php\\\/2025\\\/04\\\/14\\\/caso-libra-en-diputados-falta-a-la-ucr-definir-integrantes-de-la-comision\\\/#breadcrumb\",\"itemListElement\":[{\"@type\":\"ListItem\",\"position\":1,\"name\":\"Portada\",\"item\":\"https:\\\/\\\/diariotextual.com\\\/inicio\\\/\"},{\"@type\":\"ListItem\",\"position\":2,\"name\":\"Caso $Libra en Diputados: falta a un sector de la UCR definir integrantes de la comisi\u00f3n\"}]},{\"@type\":\"WebSite\",\"@id\":\"https:\\\/\\\/diariotextual.com\\\/inicio\\\/#website\",\"url\":\"https:\\\/\\\/diariotextual.com\\\/inicio\\\/\",\"name\":\"Diario Textual\",\"description\":\"\",\"publisher\":{\"@id\":\"https:\\\/\\\/diariotextual.com\\\/inicio\\\/#organization\"},\"potentialAction\":[{\"@type\":\"SearchAction\",\"target\":{\"@type\":\"EntryPoint\",\"urlTemplate\":\"https:\\\/\\\/diariotextual.com\\\/inicio\\\/?s={search_term_string}\"},\"query-input\":{\"@type\":\"PropertyValueSpecification\",\"valueRequired\":true,\"valueName\":\"search_term_string\"}}],\"inLanguage\":\"es\"},{\"@type\":\"Organization\",\"@id\":\"https:\\\/\\\/diariotextual.com\\\/inicio\\\/#organization\",\"name\":\"Diario Textual\",\"url\":\"https:\\\/\\\/diariotextual.com\\\/inicio\\\/\",\"logo\":{\"@type\":\"ImageObject\",\"inLanguage\":\"es\",\"@id\":\"https:\\\/\\\/diariotextual.com\\\/inicio\\\/#\\\/schema\\\/logo\\\/image\\\/\",\"url\":\"https:\\\/\\\/diariotextual.com\\\/inicio\\\/wp-content\\\/uploads\\\/2023\\\/05\\\/logotextual1.jpg\",\"contentUrl\":\"https:\\\/\\\/diariotextual.com\\\/inicio\\\/wp-content\\\/uploads\\\/2023\\\/05\\\/logotextual1.jpg\",\"width\":516,\"height\":76,\"caption\":\"Diario Textual\"},\"image\":{\"@id\":\"https:\\\/\\\/diariotextual.com\\\/inicio\\\/#\\\/schema\\\/logo\\\/image\\\/\"},\"sameAs\":[\"https:\\\/\\\/www.facebook.com\\\/eltextual\",\"https:\\\/\\\/x.com\\\/eltextual\",\"http:\\\/\\\/www.instagram.com\\\/eltextual\"]},{\"@type\":\"Person\",\"@id\":\"https:\\\/\\\/diariotextual.com\\\/inicio\\\/#\\\/schema\\\/person\\\/a1b6f563e0ee944c60f98119389a4d9f\",\"name\":\"diario3\",\"image\":{\"@type\":\"ImageObject\",\"inLanguage\":\"es\",\"@id\":\"https:\\\/\\\/secure.gravatar.com\\\/avatar\\\/5e7ee62c82fc04d9dd79d746a390d93c69c43223e5faeeb3ea9461ef752bfc5d?s=96&d=mm&r=g\",\"url\":\"https:\\\/\\\/secure.gravatar.com\\\/avatar\\\/5e7ee62c82fc04d9dd79d746a390d93c69c43223e5faeeb3ea9461ef752bfc5d?s=96&d=mm&r=g\",\"contentUrl\":\"https:\\\/\\\/secure.gravatar.com\\\/avatar\\\/5e7ee62c82fc04d9dd79d746a390d93c69c43223e5faeeb3ea9461ef752bfc5d?s=96&d=mm&r=g\",\"caption\":\"diario3\"},\"url\":\"https:\\\/\\\/diariotextual.com\\\/inicio\\\/index.php\\\/author\\\/diario3\\\/\"}]}<\/script>\n<!-- \/ Yoast SEO plugin. -->","yoast_head_json":{"title":"Caso $Libra en Diputados: falta a un sector de la UCR definir integrantes de la comisi\u00f3n - Diario Textual","robots":{"index":"index","follow":"follow","max-snippet":"max-snippet:-1","max-image-preview":"max-image-preview:large","max-video-preview":"max-video-preview:-1"},"canonical":"https:\/\/diariotextual.com\/inicio\/index.php\/2025\/04\/14\/caso-libra-en-diputados-falta-a-la-ucr-definir-integrantes-de-la-comision\/","og_locale":"es_ES","og_type":"article","og_title":"Caso $Libra en Diputados: falta a un sector de la UCR definir integrantes de la comisi\u00f3n - Diario Textual","og_description":"La C\u00e1mara de Diputados de la Naci\u00f3n constituir\u00e1 en las pr\u00f3ximas horas la comisi\u00f3n investigadora del caso $Libra. El bloque de Innovaci\u00f3n Federal defini\u00f3 este lunes los nombres y falta&hellip;","og_url":"https:\/\/diariotextual.com\/inicio\/index.php\/2025\/04\/14\/caso-libra-en-diputados-falta-a-la-ucr-definir-integrantes-de-la-comision\/","og_site_name":"Diario Textual","article_publisher":"https:\/\/www.facebook.com\/eltextual","article_published_time":"2025-04-14T23:20:50+00:00","article_modified_time":"2025-04-14T23:38:48+00:00","og_image":[{"width":700,"height":393,"url":"https:\/\/diariotextual.com\/inicio\/wp-content\/uploads\/2025\/04\/libramilei2025.jpg","type":"image\/jpeg"}],"author":"diario3","twitter_card":"summary_large_image","twitter_creator":"@eltextual","twitter_site":"@eltextual","twitter_misc":{"Escrito por":"diario3","Tiempo de lectura":"4 minutos"},"schema":{"@context":"https:\/\/schema.org","@graph":[{"@type":"Article","@id":"https:\/\/diariotextual.com\/inicio\/index.php\/2025\/04\/14\/caso-libra-en-diputados-falta-a-la-ucr-definir-integrantes-de-la-comision\/#article","isPartOf":{"@id":"https:\/\/diariotextual.com\/inicio\/index.php\/2025\/04\/14\/caso-libra-en-diputados-falta-a-la-ucr-definir-integrantes-de-la-comision\/"},"author":{"name":"diario3","@id":"https:\/\/diariotextual.com\/inicio\/#\/schema\/person\/a1b6f563e0ee944c60f98119389a4d9f"},"headline":"Caso $Libra en Diputados: falta a un sector de la UCR definir integrantes de la comisi\u00f3n","datePublished":"2025-04-14T23:20:50+00:00","dateModified":"2025-04-14T23:38:48+00:00","mainEntityOfPage":{"@id":"https:\/\/diariotextual.com\/inicio\/index.php\/2025\/04\/14\/caso-libra-en-diputados-falta-a-la-ucr-definir-integrantes-de-la-comision\/"},"wordCount":716,"publisher":{"@id":"https:\/\/diariotextual.com\/inicio\/#organization"},"image":{"@id":"https:\/\/diariotextual.com\/inicio\/index.php\/2025\/04\/14\/caso-libra-en-diputados-falta-a-la-ucr-definir-integrantes-de-la-comision\/#primaryimage"},"thumbnailUrl":"https:\/\/diariotextual.com\/inicio\/wp-content\/uploads\/2025\/04\/libramilei2025.jpg","articleSection":["A - ES NOTICIA (van abajo)"],"inLanguage":"es"},{"@type":"WebPage","@id":"https:\/\/diariotextual.com\/inicio\/index.php\/2025\/04\/14\/caso-libra-en-diputados-falta-a-la-ucr-definir-integrantes-de-la-comision\/","url":"https:\/\/diariotextual.com\/inicio\/index.php\/2025\/04\/14\/caso-libra-en-diputados-falta-a-la-ucr-definir-integrantes-de-la-comision\/","name":"Caso $Libra en Diputados: falta a un sector de la UCR definir integrantes de la comisi\u00f3n - Diario Textual","isPartOf":{"@id":"https:\/\/diariotextual.com\/inicio\/#website"},"primaryImageOfPage":{"@id":"https:\/\/diariotextual.com\/inicio\/index.php\/2025\/04\/14\/caso-libra-en-diputados-falta-a-la-ucr-definir-integrantes-de-la-comision\/#primaryimage"},"image":{"@id":"https:\/\/diariotextual.com\/inicio\/index.php\/2025\/04\/14\/caso-libra-en-diputados-falta-a-la-ucr-definir-integrantes-de-la-comision\/#primaryimage"},"thumbnailUrl":"https:\/\/diariotextual.com\/inicio\/wp-content\/uploads\/2025\/04\/libramilei2025.jpg","datePublished":"2025-04-14T23:20:50+00:00","dateModified":"2025-04-14T23:38:48+00:00","breadcrumb":{"@id":"https:\/\/diariotextual.com\/inicio\/index.php\/2025\/04\/14\/caso-libra-en-diputados-falta-a-la-ucr-definir-integrantes-de-la-comision\/#breadcrumb"},"inLanguage":"es","potentialAction":[{"@type":"ReadAction","target":["https:\/\/diariotextual.com\/inicio\/index.php\/2025\/04\/14\/caso-libra-en-diputados-falta-a-la-ucr-definir-integrantes-de-la-comision\/"]}]},{"@type":"ImageObject","inLanguage":"es","@id":"https:\/\/diariotextual.com\/inicio\/index.php\/2025\/04\/14\/caso-libra-en-diputados-falta-a-la-ucr-definir-integrantes-de-la-comision\/#primaryimage","url":"https:\/\/diariotextual.com\/inicio\/wp-content\/uploads\/2025\/04\/libramilei2025.jpg","contentUrl":"https:\/\/diariotextual.com\/inicio\/wp-content\/uploads\/2025\/04\/libramilei2025.jpg","width":700,"height":393},{"@type":"BreadcrumbList","@id":"https:\/\/diariotextual.com\/inicio\/index.php\/2025\/04\/14\/caso-libra-en-diputados-falta-a-la-ucr-definir-integrantes-de-la-comision\/#breadcrumb","itemListElement":[{"@type":"ListItem","position":1,"name":"Portada","item":"https:\/\/diariotextual.com\/inicio\/"},{"@type":"ListItem","position":2,"name":"Caso $Libra en Diputados: falta a un sector de la UCR definir integrantes de la comisi\u00f3n"}]},{"@type":"WebSite","@id":"https:\/\/diariotextual.com\/inicio\/#website","url":"https:\/\/diariotextual.com\/inicio\/","name":"Diario Textual","description":"","publisher":{"@id":"https:\/\/diariotextual.com\/inicio\/#organization"},"potentialAction":[{"@type":"SearchAction","target":{"@type":"EntryPoint","urlTemplate":"https:\/\/diariotextual.com\/inicio\/?s={search_term_string}"},"query-input":{"@type":"PropertyValueSpecification","valueRequired":true,"valueName":"search_term_string"}}],"inLanguage":"es"},{"@type":"Organization","@id":"https:\/\/diariotextual.com\/inicio\/#organization","name":"Diario Textual","url":"https:\/\/diariotextual.com\/inicio\/","logo":{"@type":"ImageObject","inLanguage":"es","@id":"https:\/\/diariotextual.com\/inicio\/#\/schema\/logo\/image\/","url":"https:\/\/diariotextual.com\/inicio\/wp-content\/uploads\/2023\/05\/logotextual1.jpg","contentUrl":"https:\/\/diariotextual.com\/inicio\/wp-content\/uploads\/2023\/05\/logotextual1.jpg","width":516,"height":76,"caption":"Diario Textual"},"image":{"@id":"https:\/\/diariotextual.com\/inicio\/#\/schema\/logo\/image\/"},"sameAs":["https:\/\/www.facebook.com\/eltextual","https:\/\/x.com\/eltextual","http:\/\/www.instagram.com\/eltextual"]},{"@type":"Person","@id":"https:\/\/diariotextual.com\/inicio\/#\/schema\/person\/a1b6f563e0ee944c60f98119389a4d9f","name":"diario3","image":{"@type":"ImageObject","inLanguage":"es","@id":"https:\/\/secure.gravatar.com\/avatar\/5e7ee62c82fc04d9dd79d746a390d93c69c43223e5faeeb3ea9461ef752bfc5d?s=96&d=mm&r=g","url":"https:\/\/secure.gravatar.com\/avatar\/5e7ee62c82fc04d9dd79d746a390d93c69c43223e5faeeb3ea9461ef752bfc5d?s=96&d=mm&r=g","contentUrl":"https:\/\/secure.gravatar.com\/avatar\/5e7ee62c82fc04d9dd79d746a390d93c69c43223e5faeeb3ea9461ef752bfc5d?s=96&d=mm&r=g","caption":"diario3"},"url":"https:\/\/diariotextual.com\/inicio\/index.php\/author\/diario3\/"}]}},"_links":{"self":[{"href":"https:\/\/diariotextual.com\/inicio\/index.php\/wp-json\/wp\/v2\/posts\/294063","targetHints":{"allow":["GET"]}}],"collection":[{"href":"https:\/\/diariotextual.com\/inicio\/index.php\/wp-json\/wp\/v2\/posts"}],"about":[{"href":"https:\/\/diariotextual.com\/inicio\/index.php\/wp-json\/wp\/v2\/types\/post"}],"author":[{"embeddable":true,"href":"https:\/\/diariotextual.com\/inicio\/index.php\/wp-json\/wp\/v2\/users\/5"}],"replies":[{"embeddable":true,"href":"https:\/\/diariotextual.com\/inicio\/index.php\/wp-json\/wp\/v2\/comments?post=294063"}],"version-history":[{"count":2,"href":"https:\/\/diariotextual.com\/inicio\/index.php\/wp-json\/wp\/v2\/posts\/294063\/revisions"}],"predecessor-version":[{"id":294067,"href":"https:\/\/diariotextual.com\/inicio\/index.php\/wp-json\/wp\/v2\/posts\/294063\/revisions\/294067"}],"wp:featuredmedia":[{"embeddable":true,"href":"https:\/\/diariotextual.com\/inicio\/index.php\/wp-json\/wp\/v2\/media\/294064"}],"wp:attachment":[{"href":"https:\/\/diariotextual.com\/inicio\/index.php\/wp-json\/wp\/v2\/media?parent=294063"}],"wp:term":[{"taxonomy":"category","embeddable":true,"href":"https:\/\/diariotextual.com\/inicio\/index.php\/wp-json\/wp\/v2\/categories?post=294063"},{"taxonomy":"post_tag","embeddable":true,"href":"https:\/\/diariotextual.com\/inicio\/index.php\/wp-json\/wp\/v2\/tags?post=294063"}],"curies":[{"name":"wp","href":"https:\/\/api.w.org\/{rel}","templated":true}]}}