{"id":294068,"date":"2025-04-14T20:41:14","date_gmt":"2025-04-14T23:41:14","guid":{"rendered":"https:\/\/diariotextual.com\/inicio\/?p=294068"},"modified":"2025-04-14T20:41:17","modified_gmt":"2025-04-14T23:41:17","slug":"dengue-en-la-pampa-victorica-con-un-caso-se-sumo-al-listado","status":"publish","type":"post","link":"https:\/\/diariotextual.com\/inicio\/index.php\/2025\/04\/14\/dengue-en-la-pampa-victorica-con-un-caso-se-sumo-al-listado\/","title":{"rendered":"Dengue en La Pampa: Victorica, con un caso, se sum\u00f3 al listado"},"content":{"rendered":"\n<p>En nuestra provincia, desde el comienzo del a\u00f1o 2025 hasta la semana epidemiol\u00f3gica 15, <strong>se confirmaron 165 casos de dengue, 157 son aut\u00f3ctonos (no presentan antecedente de viaje) y ocho son importados<\/strong> (presentan antecedente de viaje a lugares con circulaci\u00f3n viral).<\/p>\n\n\n\n<p><strong>General Pico lidera la mayor\u00eda de los casos con 162 personas afectadas<\/strong>, 155 casos son aut\u00f3ctonos y siete importados; <strong>la capital pampeana tiene dos casos; uno importado y uno aut\u00f3ctono y ahora se sum\u00f3 Victorica, con un caso aut\u00f3ctono.<\/strong><\/p>\n\n\n\n<p>En la temporada epidemiol\u00f3gica actual, el dengue se presenta en La Pampa con modalidad semejante descripta en otras jurisdicciones del pa\u00eds, con conglomerados de casos, es decir casos de dengue aut\u00f3ctonos agrupados en localidades, aun cuando no ocurre la misma situaci\u00f3n en localidades cercanas teniendo condiciones epidemiol\u00f3gicas semejantes y que solo presentan casos aislados, inform\u00f3 el Ministerio de Salud provincial.<\/p>\n\n\n\n<p>Se registraron notificaciones de casos sospechosos en distintas localidades de la Provincia, pero la mayor cantidad de confirmados se concentra en el Departamento Marac\u00f3. La din\u00e1mica situaci\u00f3n epidemiol\u00f3gica desarrollada en la Provincia y en el pa\u00eds, requiere del compromiso de la poblaci\u00f3n en la eliminaci\u00f3n de criaderos domiciliarios (reales y potenciales) del mosquito ya que es la medida que posibilitar\u00e1 controlar al vector y de esa manera cortar la transmisi\u00f3n de la enfermedad.<\/p>\n\n\n\n<div style=\"height:100px\" aria-hidden=\"true\" class=\"wp-block-spacer\"><\/div>\n\n\n\n<p><strong>Medidas preventivas<\/strong><\/p>\n\n\n\n<p>Se solicita a la comunidad extremar medidas de prevenci\u00f3n para evitar que el ciclo de vida del mosquito se complete, tanto en los hogares como lugares de trabajo, se recomend\u00f3:<\/p>\n\n\n\n<p>-Desechar objetos que est\u00e9n al aire libre y en los que se pueda acumular agua (latas, botellas, neum\u00e1ticos, juguetes, etc.).<\/p>\n\n\n\n<p>-Mantener boca abajo los recipientes que no est\u00e9n en uso (baldes, frascos, tachos, cacharros y macetas, entre otros.).<\/p>\n\n\n\n<p>-Limpiar bebederos y renovar peri\u00f3dicamente el agua para las mascotas.<\/p>\n\n\n\n<p>-Limpiar canaletas que acumulan hojas y tierra as\u00ed el agua circula y no se acumula.<\/p>\n\n\n\n<p>-Cortar el c\u00e9sped o los pastizales, mantener los patios libres de malezas.<\/p>\n\n\n\n<p>-Tapar tanques, barriles \u00f3 cisternas que acumulen agua, incluso se puede usar tela mosquitera.<\/p>\n\n\n\n<p>-Colocar mosquiteros o telas met\u00e1licas en puertas y ventanas.<\/p>\n\n\n\n<p>-Vaciar los colectores de desag\u00fces de aire acondicionado o lluvia.<\/p>\n\n\n\n<p>-Usar repelente en la piel expuesta, renov\u00e1ndolo seg\u00fan lo indique el producto. En las ni\u00f1as y ni\u00f1os la consideraci\u00f3n de aplicaci\u00f3n de productos debe estar a cargo de los adultos.<\/p>\n\n\n\n<p>-Ponerse ropa (preferiblemente de colores claros) que cubra al m\u00e1ximo el cuerpo.<\/p>\n\n\n\n<p>-Elegir lugares con presencia de mosquiteros. Colocar tules en cunas y cochecitos<\/p>\n\n\n\n<p>-Utilizar tabletas repelentes en las habitaciones.<\/p>\n\n\n\n<p>-Si presenta s\u00edntomas como fiebre alta, malestar general, dolor de cabeza, diarrea, v\u00f3mitos, sarpullido en la piel se debe consultar precozmente en el centro de salud sin automedicarse.<\/p>\n\n\n\n<p>Se record\u00f3 que este informe provincial de dengue se actualiza y publica en la Agencia Provincial de Noticias (APN) semanalmente.<\/p>\n","protected":false},"excerpt":{"rendered":"<p>En nuestra provincia, desde el comienzo del a\u00f1o 2025 hasta la semana epidemiol\u00f3gica 15, se confirmaron 165 casos de dengue, 157 son aut\u00f3ctonos (no presentan antecedente de viaje) y ocho&hellip;<\/p>\n","protected":false},"author":5,"featured_media":81976,"comment_status":"closed","ping_status":"open","sticky":false,"template":"","format":"standard","meta":{"_acf_changed":false,"footnotes":""},"categories":[1],"tags":[],"class_list":["post-294068","post","type-post","status-publish","format-standard","has-post-thumbnail","hentry","category-es-noticia"],"acf":[],"yoast_head":"<!-- This site is optimized with the Yoast SEO plugin v27.5 - https:\/\/yoast.com\/product\/yoast-seo-wordpress\/ -->\n<title>Dengue en La Pampa: Victorica, con un caso, se sum\u00f3 al listado - Diario Textual<\/title>\n<meta name=\"robots\" content=\"index, follow, max-snippet:-1, max-image-preview:large, max-video-preview:-1\" \/>\n<link rel=\"canonical\" href=\"https:\/\/diariotextual.com\/inicio\/index.php\/2025\/04\/14\/dengue-en-la-pampa-victorica-con-un-caso-se-sumo-al-listado\/\" \/>\n<meta property=\"og:locale\" content=\"es_ES\" \/>\n<meta property=\"og:type\" content=\"article\" \/>\n<meta property=\"og:title\" content=\"Dengue en La Pampa: Victorica, con un caso, se sum\u00f3 al listado - Diario Textual\" \/>\n<meta property=\"og:description\" content=\"En nuestra provincia, desde el comienzo del a\u00f1o 2025 hasta la semana epidemiol\u00f3gica 15, se confirmaron 165 casos de dengue, 157 son aut\u00f3ctonos (no presentan antecedente de viaje) y ocho&hellip;\" \/>\n<meta property=\"og:url\" content=\"https:\/\/diariotextual.com\/inicio\/index.php\/2025\/04\/14\/dengue-en-la-pampa-victorica-con-un-caso-se-sumo-al-listado\/\" \/>\n<meta property=\"og:site_name\" content=\"Diario Textual\" \/>\n<meta property=\"article:publisher\" content=\"https:\/\/www.facebook.com\/eltextual\" \/>\n<meta property=\"article:published_time\" content=\"2025-04-14T23:41:14+00:00\" \/>\n<meta property=\"article:modified_time\" content=\"2025-04-14T23:41:17+00:00\" \/>\n<meta property=\"og:image\" content=\"https:\/\/diariotextual.com\/inicio\/wp-content\/uploads\/2020\/03\/denguemosquito777777777.jpg\" \/>\n\t<meta property=\"og:image:width\" content=\"1200\" \/>\n\t<meta property=\"og:image:height\" content=\"630\" \/>\n\t<meta property=\"og:image:type\" content=\"image\/jpeg\" \/>\n<meta name=\"author\" content=\"diario3\" \/>\n<meta name=\"twitter:card\" content=\"summary_large_image\" \/>\n<meta name=\"twitter:creator\" content=\"@eltextual\" \/>\n<meta name=\"twitter:site\" content=\"@eltextual\" \/>\n<meta name=\"twitter:label1\" content=\"Escrito por\" \/>\n\t<meta name=\"twitter:data1\" content=\"diario3\" \/>\n\t<meta name=\"twitter:label2\" content=\"Tiempo de lectura\" \/>\n\t<meta name=\"twitter:data2\" content=\"3 minutos\" \/>\n<script type=\"application\/ld+json\" class=\"yoast-schema-graph\">{\"@context\":\"https:\\\/\\\/schema.org\",\"@graph\":[{\"@type\":\"Article\",\"@id\":\"https:\\\/\\\/diariotextual.com\\\/inicio\\\/index.php\\\/2025\\\/04\\\/14\\\/dengue-en-la-pampa-victorica-con-un-caso-se-sumo-al-listado\\\/#article\",\"isPartOf\":{\"@id\":\"https:\\\/\\\/diariotextual.com\\\/inicio\\\/index.php\\\/2025\\\/04\\\/14\\\/dengue-en-la-pampa-victorica-con-un-caso-se-sumo-al-listado\\\/\"},\"author\":{\"name\":\"diario3\",\"@id\":\"https:\\\/\\\/diariotextual.com\\\/inicio\\\/#\\\/schema\\\/person\\\/a1b6f563e0ee944c60f98119389a4d9f\"},\"headline\":\"Dengue en La Pampa: Victorica, con un caso, se sum\u00f3 al listado\",\"datePublished\":\"2025-04-14T23:41:14+00:00\",\"dateModified\":\"2025-04-14T23:41:17+00:00\",\"mainEntityOfPage\":{\"@id\":\"https:\\\/\\\/diariotextual.com\\\/inicio\\\/index.php\\\/2025\\\/04\\\/14\\\/dengue-en-la-pampa-victorica-con-un-caso-se-sumo-al-listado\\\/\"},\"wordCount\":503,\"publisher\":{\"@id\":\"https:\\\/\\\/diariotextual.com\\\/inicio\\\/#organization\"},\"image\":{\"@id\":\"https:\\\/\\\/diariotextual.com\\\/inicio\\\/index.php\\\/2025\\\/04\\\/14\\\/dengue-en-la-pampa-victorica-con-un-caso-se-sumo-al-listado\\\/#primaryimage\"},\"thumbnailUrl\":\"https:\\\/\\\/diariotextual.com\\\/inicio\\\/wp-content\\\/uploads\\\/2020\\\/03\\\/denguemosquito777777777.jpg\",\"articleSection\":[\"A - ES NOTICIA (van abajo)\"],\"inLanguage\":\"es\"},{\"@type\":\"WebPage\",\"@id\":\"https:\\\/\\\/diariotextual.com\\\/inicio\\\/index.php\\\/2025\\\/04\\\/14\\\/dengue-en-la-pampa-victorica-con-un-caso-se-sumo-al-listado\\\/\",\"url\":\"https:\\\/\\\/diariotextual.com\\\/inicio\\\/index.php\\\/2025\\\/04\\\/14\\\/dengue-en-la-pampa-victorica-con-un-caso-se-sumo-al-listado\\\/\",\"name\":\"Dengue en La Pampa: Victorica, con un caso, se sum\u00f3 al listado - Diario Textual\",\"isPartOf\":{\"@id\":\"https:\\\/\\\/diariotextual.com\\\/inicio\\\/#website\"},\"primaryImageOfPage\":{\"@id\":\"https:\\\/\\\/diariotextual.com\\\/inicio\\\/index.php\\\/2025\\\/04\\\/14\\\/dengue-en-la-pampa-victorica-con-un-caso-se-sumo-al-listado\\\/#primaryimage\"},\"image\":{\"@id\":\"https:\\\/\\\/diariotextual.com\\\/inicio\\\/index.php\\\/2025\\\/04\\\/14\\\/dengue-en-la-pampa-victorica-con-un-caso-se-sumo-al-listado\\\/#primaryimage\"},\"thumbnailUrl\":\"https:\\\/\\\/diariotextual.com\\\/inicio\\\/wp-content\\\/uploads\\\/2020\\\/03\\\/denguemosquito777777777.jpg\",\"datePublished\":\"2025-04-14T23:41:14+00:00\",\"dateModified\":\"2025-04-14T23:41:17+00:00\",\"breadcrumb\":{\"@id\":\"https:\\\/\\\/diariotextual.com\\\/inicio\\\/index.php\\\/2025\\\/04\\\/14\\\/dengue-en-la-pampa-victorica-con-un-caso-se-sumo-al-listado\\\/#breadcrumb\"},\"inLanguage\":\"es\",\"potentialAction\":[{\"@type\":\"ReadAction\",\"target\":[\"https:\\\/\\\/diariotextual.com\\\/inicio\\\/index.php\\\/2025\\\/04\\\/14\\\/dengue-en-la-pampa-victorica-con-un-caso-se-sumo-al-listado\\\/\"]}]},{\"@type\":\"ImageObject\",\"inLanguage\":\"es\",\"@id\":\"https:\\\/\\\/diariotextual.com\\\/inicio\\\/index.php\\\/2025\\\/04\\\/14\\\/dengue-en-la-pampa-victorica-con-un-caso-se-sumo-al-listado\\\/#primaryimage\",\"url\":\"https:\\\/\\\/diariotextual.com\\\/inicio\\\/wp-content\\\/uploads\\\/2020\\\/03\\\/denguemosquito777777777.jpg\",\"contentUrl\":\"https:\\\/\\\/diariotextual.com\\\/inicio\\\/wp-content\\\/uploads\\\/2020\\\/03\\\/denguemosquito777777777.jpg\",\"width\":1200,\"height\":630},{\"@type\":\"BreadcrumbList\",\"@id\":\"https:\\\/\\\/diariotextual.com\\\/inicio\\\/index.php\\\/2025\\\/04\\\/14\\\/dengue-en-la-pampa-victorica-con-un-caso-se-sumo-al-listado\\\/#breadcrumb\",\"itemListElement\":[{\"@type\":\"ListItem\",\"position\":1,\"name\":\"Portada\",\"item\":\"https:\\\/\\\/diariotextual.com\\\/inicio\\\/\"},{\"@type\":\"ListItem\",\"position\":2,\"name\":\"Dengue en La Pampa: Victorica, con un caso, se sum\u00f3 al listado\"}]},{\"@type\":\"WebSite\",\"@id\":\"https:\\\/\\\/diariotextual.com\\\/inicio\\\/#website\",\"url\":\"https:\\\/\\\/diariotextual.com\\\/inicio\\\/\",\"name\":\"Diario Textual\",\"description\":\"\",\"publisher\":{\"@id\":\"https:\\\/\\\/diariotextual.com\\\/inicio\\\/#organization\"},\"potentialAction\":[{\"@type\":\"SearchAction\",\"target\":{\"@type\":\"EntryPoint\",\"urlTemplate\":\"https:\\\/\\\/diariotextual.com\\\/inicio\\\/?s={search_term_string}\"},\"query-input\":{\"@type\":\"PropertyValueSpecification\",\"valueRequired\":true,\"valueName\":\"search_term_string\"}}],\"inLanguage\":\"es\"},{\"@type\":\"Organization\",\"@id\":\"https:\\\/\\\/diariotextual.com\\\/inicio\\\/#organization\",\"name\":\"Diario Textual\",\"url\":\"https:\\\/\\\/diariotextual.com\\\/inicio\\\/\",\"logo\":{\"@type\":\"ImageObject\",\"inLanguage\":\"es\",\"@id\":\"https:\\\/\\\/diariotextual.com\\\/inicio\\\/#\\\/schema\\\/logo\\\/image\\\/\",\"url\":\"https:\\\/\\\/diariotextual.com\\\/inicio\\\/wp-content\\\/uploads\\\/2023\\\/05\\\/logotextual1.jpg\",\"contentUrl\":\"https:\\\/\\\/diariotextual.com\\\/inicio\\\/wp-content\\\/uploads\\\/2023\\\/05\\\/logotextual1.jpg\",\"width\":516,\"height\":76,\"caption\":\"Diario Textual\"},\"image\":{\"@id\":\"https:\\\/\\\/diariotextual.com\\\/inicio\\\/#\\\/schema\\\/logo\\\/image\\\/\"},\"sameAs\":[\"https:\\\/\\\/www.facebook.com\\\/eltextual\",\"https:\\\/\\\/x.com\\\/eltextual\",\"http:\\\/\\\/www.instagram.com\\\/eltextual\"]},{\"@type\":\"Person\",\"@id\":\"https:\\\/\\\/diariotextual.com\\\/inicio\\\/#\\\/schema\\\/person\\\/a1b6f563e0ee944c60f98119389a4d9f\",\"name\":\"diario3\",\"image\":{\"@type\":\"ImageObject\",\"inLanguage\":\"es\",\"@id\":\"https:\\\/\\\/secure.gravatar.com\\\/avatar\\\/5e7ee62c82fc04d9dd79d746a390d93c69c43223e5faeeb3ea9461ef752bfc5d?s=96&d=mm&r=g\",\"url\":\"https:\\\/\\\/secure.gravatar.com\\\/avatar\\\/5e7ee62c82fc04d9dd79d746a390d93c69c43223e5faeeb3ea9461ef752bfc5d?s=96&d=mm&r=g\",\"contentUrl\":\"https:\\\/\\\/secure.gravatar.com\\\/avatar\\\/5e7ee62c82fc04d9dd79d746a390d93c69c43223e5faeeb3ea9461ef752bfc5d?s=96&d=mm&r=g\",\"caption\":\"diario3\"},\"url\":\"https:\\\/\\\/diariotextual.com\\\/inicio\\\/index.php\\\/author\\\/diario3\\\/\"}]}<\/script>\n<!-- \/ Yoast SEO plugin. -->","yoast_head_json":{"title":"Dengue en La Pampa: Victorica, con un caso, se sum\u00f3 al listado - Diario Textual","robots":{"index":"index","follow":"follow","max-snippet":"max-snippet:-1","max-image-preview":"max-image-preview:large","max-video-preview":"max-video-preview:-1"},"canonical":"https:\/\/diariotextual.com\/inicio\/index.php\/2025\/04\/14\/dengue-en-la-pampa-victorica-con-un-caso-se-sumo-al-listado\/","og_locale":"es_ES","og_type":"article","og_title":"Dengue en La Pampa: Victorica, con un caso, se sum\u00f3 al listado - Diario Textual","og_description":"En nuestra provincia, desde el comienzo del a\u00f1o 2025 hasta la semana epidemiol\u00f3gica 15, se confirmaron 165 casos de dengue, 157 son aut\u00f3ctonos (no presentan antecedente de viaje) y ocho&hellip;","og_url":"https:\/\/diariotextual.com\/inicio\/index.php\/2025\/04\/14\/dengue-en-la-pampa-victorica-con-un-caso-se-sumo-al-listado\/","og_site_name":"Diario Textual","article_publisher":"https:\/\/www.facebook.com\/eltextual","article_published_time":"2025-04-14T23:41:14+00:00","article_modified_time":"2025-04-14T23:41:17+00:00","og_image":[{"width":1200,"height":630,"url":"https:\/\/diariotextual.com\/inicio\/wp-content\/uploads\/2020\/03\/denguemosquito777777777.jpg","type":"image\/jpeg"}],"author":"diario3","twitter_card":"summary_large_image","twitter_creator":"@eltextual","twitter_site":"@eltextual","twitter_misc":{"Escrito por":"diario3","Tiempo de lectura":"3 minutos"},"schema":{"@context":"https:\/\/schema.org","@graph":[{"@type":"Article","@id":"https:\/\/diariotextual.com\/inicio\/index.php\/2025\/04\/14\/dengue-en-la-pampa-victorica-con-un-caso-se-sumo-al-listado\/#article","isPartOf":{"@id":"https:\/\/diariotextual.com\/inicio\/index.php\/2025\/04\/14\/dengue-en-la-pampa-victorica-con-un-caso-se-sumo-al-listado\/"},"author":{"name":"diario3","@id":"https:\/\/diariotextual.com\/inicio\/#\/schema\/person\/a1b6f563e0ee944c60f98119389a4d9f"},"headline":"Dengue en La Pampa: Victorica, con un caso, se sum\u00f3 al listado","datePublished":"2025-04-14T23:41:14+00:00","dateModified":"2025-04-14T23:41:17+00:00","mainEntityOfPage":{"@id":"https:\/\/diariotextual.com\/inicio\/index.php\/2025\/04\/14\/dengue-en-la-pampa-victorica-con-un-caso-se-sumo-al-listado\/"},"wordCount":503,"publisher":{"@id":"https:\/\/diariotextual.com\/inicio\/#organization"},"image":{"@id":"https:\/\/diariotextual.com\/inicio\/index.php\/2025\/04\/14\/dengue-en-la-pampa-victorica-con-un-caso-se-sumo-al-listado\/#primaryimage"},"thumbnailUrl":"https:\/\/diariotextual.com\/inicio\/wp-content\/uploads\/2020\/03\/denguemosquito777777777.jpg","articleSection":["A - ES NOTICIA (van abajo)"],"inLanguage":"es"},{"@type":"WebPage","@id":"https:\/\/diariotextual.com\/inicio\/index.php\/2025\/04\/14\/dengue-en-la-pampa-victorica-con-un-caso-se-sumo-al-listado\/","url":"https:\/\/diariotextual.com\/inicio\/index.php\/2025\/04\/14\/dengue-en-la-pampa-victorica-con-un-caso-se-sumo-al-listado\/","name":"Dengue en La Pampa: Victorica, con un caso, se sum\u00f3 al listado - Diario Textual","isPartOf":{"@id":"https:\/\/diariotextual.com\/inicio\/#website"},"primaryImageOfPage":{"@id":"https:\/\/diariotextual.com\/inicio\/index.php\/2025\/04\/14\/dengue-en-la-pampa-victorica-con-un-caso-se-sumo-al-listado\/#primaryimage"},"image":{"@id":"https:\/\/diariotextual.com\/inicio\/index.php\/2025\/04\/14\/dengue-en-la-pampa-victorica-con-un-caso-se-sumo-al-listado\/#primaryimage"},"thumbnailUrl":"https:\/\/diariotextual.com\/inicio\/wp-content\/uploads\/2020\/03\/denguemosquito777777777.jpg","datePublished":"2025-04-14T23:41:14+00:00","dateModified":"2025-04-14T23:41:17+00:00","breadcrumb":{"@id":"https:\/\/diariotextual.com\/inicio\/index.php\/2025\/04\/14\/dengue-en-la-pampa-victorica-con-un-caso-se-sumo-al-listado\/#breadcrumb"},"inLanguage":"es","potentialAction":[{"@type":"ReadAction","target":["https:\/\/diariotextual.com\/inicio\/index.php\/2025\/04\/14\/dengue-en-la-pampa-victorica-con-un-caso-se-sumo-al-listado\/"]}]},{"@type":"ImageObject","inLanguage":"es","@id":"https:\/\/diariotextual.com\/inicio\/index.php\/2025\/04\/14\/dengue-en-la-pampa-victorica-con-un-caso-se-sumo-al-listado\/#primaryimage","url":"https:\/\/diariotextual.com\/inicio\/wp-content\/uploads\/2020\/03\/denguemosquito777777777.jpg","contentUrl":"https:\/\/diariotextual.com\/inicio\/wp-content\/uploads\/2020\/03\/denguemosquito777777777.jpg","width":1200,"height":630},{"@type":"BreadcrumbList","@id":"https:\/\/diariotextual.com\/inicio\/index.php\/2025\/04\/14\/dengue-en-la-pampa-victorica-con-un-caso-se-sumo-al-listado\/#breadcrumb","itemListElement":[{"@type":"ListItem","position":1,"name":"Portada","item":"https:\/\/diariotextual.com\/inicio\/"},{"@type":"ListItem","position":2,"name":"Dengue en La Pampa: Victorica, con un caso, se sum\u00f3 al listado"}]},{"@type":"WebSite","@id":"https:\/\/diariotextual.com\/inicio\/#website","url":"https:\/\/diariotextual.com\/inicio\/","name":"Diario Textual","description":"","publisher":{"@id":"https:\/\/diariotextual.com\/inicio\/#organization"},"potentialAction":[{"@type":"SearchAction","target":{"@type":"EntryPoint","urlTemplate":"https:\/\/diariotextual.com\/inicio\/?s={search_term_string}"},"query-input":{"@type":"PropertyValueSpecification","valueRequired":true,"valueName":"search_term_string"}}],"inLanguage":"es"},{"@type":"Organization","@id":"https:\/\/diariotextual.com\/inicio\/#organization","name":"Diario Textual","url":"https:\/\/diariotextual.com\/inicio\/","logo":{"@type":"ImageObject","inLanguage":"es","@id":"https:\/\/diariotextual.com\/inicio\/#\/schema\/logo\/image\/","url":"https:\/\/diariotextual.com\/inicio\/wp-content\/uploads\/2023\/05\/logotextual1.jpg","contentUrl":"https:\/\/diariotextual.com\/inicio\/wp-content\/uploads\/2023\/05\/logotextual1.jpg","width":516,"height":76,"caption":"Diario Textual"},"image":{"@id":"https:\/\/diariotextual.com\/inicio\/#\/schema\/logo\/image\/"},"sameAs":["https:\/\/www.facebook.com\/eltextual","https:\/\/x.com\/eltextual","http:\/\/www.instagram.com\/eltextual"]},{"@type":"Person","@id":"https:\/\/diariotextual.com\/inicio\/#\/schema\/person\/a1b6f563e0ee944c60f98119389a4d9f","name":"diario3","image":{"@type":"ImageObject","inLanguage":"es","@id":"https:\/\/secure.gravatar.com\/avatar\/5e7ee62c82fc04d9dd79d746a390d93c69c43223e5faeeb3ea9461ef752bfc5d?s=96&d=mm&r=g","url":"https:\/\/secure.gravatar.com\/avatar\/5e7ee62c82fc04d9dd79d746a390d93c69c43223e5faeeb3ea9461ef752bfc5d?s=96&d=mm&r=g","contentUrl":"https:\/\/secure.gravatar.com\/avatar\/5e7ee62c82fc04d9dd79d746a390d93c69c43223e5faeeb3ea9461ef752bfc5d?s=96&d=mm&r=g","caption":"diario3"},"url":"https:\/\/diariotextual.com\/inicio\/index.php\/author\/diario3\/"}]}},"_links":{"self":[{"href":"https:\/\/diariotextual.com\/inicio\/index.php\/wp-json\/wp\/v2\/posts\/294068","targetHints":{"allow":["GET"]}}],"collection":[{"href":"https:\/\/diariotextual.com\/inicio\/index.php\/wp-json\/wp\/v2\/posts"}],"about":[{"href":"https:\/\/diariotextual.com\/inicio\/index.php\/wp-json\/wp\/v2\/types\/post"}],"author":[{"embeddable":true,"href":"https:\/\/diariotextual.com\/inicio\/index.php\/wp-json\/wp\/v2\/users\/5"}],"replies":[{"embeddable":true,"href":"https:\/\/diariotextual.com\/inicio\/index.php\/wp-json\/wp\/v2\/comments?post=294068"}],"version-history":[{"count":1,"href":"https:\/\/diariotextual.com\/inicio\/index.php\/wp-json\/wp\/v2\/posts\/294068\/revisions"}],"predecessor-version":[{"id":294069,"href":"https:\/\/diariotextual.com\/inicio\/index.php\/wp-json\/wp\/v2\/posts\/294068\/revisions\/294069"}],"wp:featuredmedia":[{"embeddable":true,"href":"https:\/\/diariotextual.com\/inicio\/index.php\/wp-json\/wp\/v2\/media\/81976"}],"wp:attachment":[{"href":"https:\/\/diariotextual.com\/inicio\/index.php\/wp-json\/wp\/v2\/media?parent=294068"}],"wp:term":[{"taxonomy":"category","embeddable":true,"href":"https:\/\/diariotextual.com\/inicio\/index.php\/wp-json\/wp\/v2\/categories?post=294068"},{"taxonomy":"post_tag","embeddable":true,"href":"https:\/\/diariotextual.com\/inicio\/index.php\/wp-json\/wp\/v2\/tags?post=294068"}],"curies":[{"name":"wp","href":"https:\/\/api.w.org\/{rel}","templated":true}]}}