{"id":294384,"date":"2025-04-20T15:35:25","date_gmt":"2025-04-20T18:35:25","guid":{"rendered":"https:\/\/diariotextual.com\/inicio\/?p=294384"},"modified":"2025-04-21T07:07:16","modified_gmt":"2025-04-21T10:07:16","slug":"tc-juan-bautista-de-benedictis-volvio-al-triunfo-en-la-pampa","status":"publish","type":"post","link":"https:\/\/diariotextual.com\/inicio\/index.php\/2025\/04\/20\/tc-juan-bautista-de-benedictis-volvio-al-triunfo-en-la-pampa\/","title":{"rendered":"TC: Juan Bautista De Benedictis volvi\u00f3 al triunfo en La Pampa"},"content":{"rendered":"\n<p><strong>Juan Bautista De Benedictis se qued\u00f3 con el triunfo en la cuarta fecha del Turismo Carretera<\/strong>, que se disput\u00f3 en el Aut\u00f3dromo Provincia de La Pampa. Esta cita tuvo la particularidad de que fue especial, en la que se corrieron 45 vueltas y hubo dos paradas para recargar combustible.<\/p>\n\n\n\n<p><strong>Con estos resultados, Juan Mart\u00edn Trucco qued\u00f3 puntero del campeonato con 110 puntos<\/strong>, mientras que en segundo lugar qued\u00f3 Marcelo Agrelo, con 104.5 unidades. Juli\u00e1n Santero, el vigente campe\u00f3n, quedo en tercera ubicaci\u00f3n con 99.5 puntos. &nbsp;<\/p>\n\n\n\n<p>El de Necochea cort\u00f3 una racha negativa y provoc\u00f3 la alegr\u00eda de muchos de sus colegas: sin importar la marca del auto con el que corren, De Benedictis es un hist\u00f3rico, con 243 carreras corridas. y hoy logr\u00f3 su sexta victoria en la categor\u00eda.<\/p>\n\n\n\n<p>La carrera se defini\u00f3 temprano, cuando la mayor\u00eda de los pilotos optaron por el ingreso para el reabastecimiento de combustible. \u201cJhonito\u201d us\u00f3 la misma estrategia y el gran trabajo en boxes del equipo venadense lo devolvi\u00f3 a la pista prontamente y bien adelante para que desde all\u00ed, y con una buena diferencia, controlara la extensa final pampeana.<\/p>\n\n\n\n<p>Tambi\u00e9n hubo una gran labor del uruguayo Marcos Landa, con el Chevrolet Camaro del equipo Pradecon, que termin\u00f3 en el segundo lugar. Fue adem\u00e1s destacado el trabajo, todo el fin de semana, del piloto de Rada Tilly, Marcelo Agrelo, due\u00f1o de la \u201cpole\u201d, que finalmente ocup\u00f3 el \u00faltimo escal\u00f3n del podio. Cuarto lleg\u00f3 Juan Mart\u00edn Trucco, con el Dodge Challenger y quinto, Nicolas Bonelli, con Ford Mustang.<\/p>\n\n\n\n<p>Una carrera que le devuelve la alegr\u00eda a Juan Bautista y a su padre, figura emblem\u00e1tica de la categor\u00eda, que junto a su esposa y los hijos del ganador, festejaron, hasta las l\u00e1grimas, este triunfo.<\/p>\n\n\n\n<p><\/p>\n\n\n\n<blockquote class=\"twitter-tweet\"><p lang=\"es\" dir=\"ltr\">Podio &#8211; Fecha #4 <br><br>&#x1f3c1; Resultado final: <a href=\"https:\/\/t.co\/fWC7CwoWm7\">https:\/\/t.co\/fWC7CwoWm7<\/a><a href=\"https:\/\/twitter.com\/hashtag\/ACTC?src=hash&amp;ref_src=twsrc%5Etfw\">#ACTC<\/a> <a href=\"https:\/\/twitter.com\/hashtag\/TurismoCarretera?src=hash&amp;ref_src=twsrc%5Etfw\">#TurismoCarretera<\/a> <a href=\"https:\/\/t.co\/z3ec5DZ6el\">pic.twitter.com\/z3ec5DZ6el<\/a><\/p>&mdash; Turismo Carretera ACTC (@actcargentina) <a href=\"https:\/\/twitter.com\/actcargentina\/status\/1914015744511361095?ref_src=twsrc%5Etfw\">April 20, 2025<\/a><\/blockquote> <script async src=\"https:\/\/platform.twitter.com\/widgets.js\" charset=\"utf-8\"><\/script>\n\n\n\n<p><\/p>\n\n\n\n<p>\u201cEl secreto es perseverar y no bajar los brazos, cuando las cosas no me sal\u00edan, volv\u00eda al gimnasio y segu\u00eda trabajando en funci\u00f3n del triunfo\u201d, dijo De Benedictis. \u201cA principio de temporada decidimos hacer una apuesta fuerte y me fui a uno de los mejores equipos del TC . La parada en boxes fue r\u00e1pida y sin errores, sufr\u00ed un poco en la \u00faltima vuelta esperando, como nunca, la bandera a cuadros. Le debo agradecer a la banda del 157 y a todos los que me alentaron y siguieron a mi lado a pesar de los resultados. Me voy muy feliz de La Pampa\u201d.<\/p>\n\n\n\n<p>Cumplidas 4 fechas, as\u00ed est\u00e1 el campeonato: 1ro. Juan Mart\u00edn Trucco: 110 puntos, 2do. Marcelo Agrelo: 104,5, 3ro. Juli\u00e1n Santero: 99,5, 4to. Jos\u00e9 Manuel Urcera: 98,5, 5to. Mauricio Lambiris: 83 unidades.<\/p>\n\n\n\n<p>La pr\u00f3xima carrera ser\u00e1 el 11 de mayo en el aut\u00f3dromo de Termas de R\u00edo Hondo, Santiago del Estero.<\/p>\n","protected":false},"excerpt":{"rendered":"<p>Juan Bautista De Benedictis se qued\u00f3 con el triunfo en la cuarta fecha del Turismo Carretera, que se disput\u00f3 en el Aut\u00f3dromo Provincia de La Pampa. Esta cita tuvo la&hellip;<\/p>\n","protected":false},"author":3,"featured_media":294386,"comment_status":"closed","ping_status":"open","sticky":false,"template":"","format":"standard","meta":{"_acf_changed":false,"footnotes":""},"categories":[1,3],"tags":[],"class_list":["post-294384","post","type-post","status-publish","format-standard","has-post-thumbnail","hentry","category-es-noticia","category-deportes"],"acf":[],"yoast_head":"<!-- This site is optimized with the Yoast SEO plugin v27.5 - https:\/\/yoast.com\/product\/yoast-seo-wordpress\/ -->\n<title>TC: Juan Bautista De Benedictis volvi\u00f3 al triunfo en La Pampa - Diario Textual<\/title>\n<meta name=\"robots\" content=\"index, follow, max-snippet:-1, max-image-preview:large, max-video-preview:-1\" \/>\n<link rel=\"canonical\" href=\"https:\/\/diariotextual.com\/inicio\/index.php\/2025\/04\/20\/tc-juan-bautista-de-benedictis-volvio-al-triunfo-en-la-pampa\/\" \/>\n<meta property=\"og:locale\" content=\"es_ES\" \/>\n<meta property=\"og:type\" content=\"article\" \/>\n<meta property=\"og:title\" content=\"TC: Juan Bautista De Benedictis volvi\u00f3 al triunfo en La Pampa - Diario Textual\" \/>\n<meta property=\"og:description\" content=\"Juan Bautista De Benedictis se qued\u00f3 con el triunfo en la cuarta fecha del Turismo Carretera, que se disput\u00f3 en el Aut\u00f3dromo Provincia de La Pampa. Esta cita tuvo la&hellip;\" \/>\n<meta property=\"og:url\" content=\"https:\/\/diariotextual.com\/inicio\/index.php\/2025\/04\/20\/tc-juan-bautista-de-benedictis-volvio-al-triunfo-en-la-pampa\/\" \/>\n<meta property=\"og:site_name\" content=\"Diario Textual\" \/>\n<meta property=\"article:publisher\" content=\"https:\/\/www.facebook.com\/eltextual\" \/>\n<meta property=\"article:published_time\" content=\"2025-04-20T18:35:25+00:00\" \/>\n<meta property=\"article:modified_time\" content=\"2025-04-21T10:07:16+00:00\" \/>\n<meta property=\"og:image\" content=\"https:\/\/diariotextual.com\/inicio\/wp-content\/uploads\/2025\/04\/debenedictis2027-888.jpg\" \/>\n\t<meta property=\"og:image:width\" content=\"1100\" \/>\n\t<meta property=\"og:image:height\" content=\"718\" \/>\n\t<meta property=\"og:image:type\" content=\"image\/jpeg\" \/>\n<meta name=\"author\" content=\"Diario1 Diario1\" \/>\n<meta name=\"twitter:card\" content=\"summary_large_image\" \/>\n<meta name=\"twitter:creator\" content=\"@eltextual\" \/>\n<meta name=\"twitter:site\" content=\"@eltextual\" \/>\n<meta name=\"twitter:label1\" content=\"Escrito por\" \/>\n\t<meta name=\"twitter:data1\" content=\"Diario1 Diario1\" \/>\n\t<meta name=\"twitter:label2\" content=\"Tiempo de lectura\" \/>\n\t<meta name=\"twitter:data2\" content=\"3 minutos\" \/>\n<script type=\"application\/ld+json\" class=\"yoast-schema-graph\">{\"@context\":\"https:\\\/\\\/schema.org\",\"@graph\":[{\"@type\":\"Article\",\"@id\":\"https:\\\/\\\/diariotextual.com\\\/inicio\\\/index.php\\\/2025\\\/04\\\/20\\\/tc-juan-bautista-de-benedictis-volvio-al-triunfo-en-la-pampa\\\/#article\",\"isPartOf\":{\"@id\":\"https:\\\/\\\/diariotextual.com\\\/inicio\\\/index.php\\\/2025\\\/04\\\/20\\\/tc-juan-bautista-de-benedictis-volvio-al-triunfo-en-la-pampa\\\/\"},\"author\":{\"name\":\"Diario1 Diario1\",\"@id\":\"https:\\\/\\\/diariotextual.com\\\/inicio\\\/#\\\/schema\\\/person\\\/418fc4093c33e86ed41562db3508f958\"},\"headline\":\"TC: Juan Bautista De Benedictis volvi\u00f3 al triunfo en La Pampa\",\"datePublished\":\"2025-04-20T18:35:25+00:00\",\"dateModified\":\"2025-04-21T10:07:16+00:00\",\"mainEntityOfPage\":{\"@id\":\"https:\\\/\\\/diariotextual.com\\\/inicio\\\/index.php\\\/2025\\\/04\\\/20\\\/tc-juan-bautista-de-benedictis-volvio-al-triunfo-en-la-pampa\\\/\"},\"wordCount\":496,\"publisher\":{\"@id\":\"https:\\\/\\\/diariotextual.com\\\/inicio\\\/#organization\"},\"image\":{\"@id\":\"https:\\\/\\\/diariotextual.com\\\/inicio\\\/index.php\\\/2025\\\/04\\\/20\\\/tc-juan-bautista-de-benedictis-volvio-al-triunfo-en-la-pampa\\\/#primaryimage\"},\"thumbnailUrl\":\"https:\\\/\\\/diariotextual.com\\\/inicio\\\/wp-content\\\/uploads\\\/2025\\\/04\\\/debenedictis2027-888.jpg\",\"articleSection\":[\"A - ES NOTICIA (van abajo)\",\"DEPORTES\"],\"inLanguage\":\"es\"},{\"@type\":\"WebPage\",\"@id\":\"https:\\\/\\\/diariotextual.com\\\/inicio\\\/index.php\\\/2025\\\/04\\\/20\\\/tc-juan-bautista-de-benedictis-volvio-al-triunfo-en-la-pampa\\\/\",\"url\":\"https:\\\/\\\/diariotextual.com\\\/inicio\\\/index.php\\\/2025\\\/04\\\/20\\\/tc-juan-bautista-de-benedictis-volvio-al-triunfo-en-la-pampa\\\/\",\"name\":\"TC: Juan Bautista De Benedictis volvi\u00f3 al triunfo en La Pampa - Diario Textual\",\"isPartOf\":{\"@id\":\"https:\\\/\\\/diariotextual.com\\\/inicio\\\/#website\"},\"primaryImageOfPage\":{\"@id\":\"https:\\\/\\\/diariotextual.com\\\/inicio\\\/index.php\\\/2025\\\/04\\\/20\\\/tc-juan-bautista-de-benedictis-volvio-al-triunfo-en-la-pampa\\\/#primaryimage\"},\"image\":{\"@id\":\"https:\\\/\\\/diariotextual.com\\\/inicio\\\/index.php\\\/2025\\\/04\\\/20\\\/tc-juan-bautista-de-benedictis-volvio-al-triunfo-en-la-pampa\\\/#primaryimage\"},\"thumbnailUrl\":\"https:\\\/\\\/diariotextual.com\\\/inicio\\\/wp-content\\\/uploads\\\/2025\\\/04\\\/debenedictis2027-888.jpg\",\"datePublished\":\"2025-04-20T18:35:25+00:00\",\"dateModified\":\"2025-04-21T10:07:16+00:00\",\"breadcrumb\":{\"@id\":\"https:\\\/\\\/diariotextual.com\\\/inicio\\\/index.php\\\/2025\\\/04\\\/20\\\/tc-juan-bautista-de-benedictis-volvio-al-triunfo-en-la-pampa\\\/#breadcrumb\"},\"inLanguage\":\"es\",\"potentialAction\":[{\"@type\":\"ReadAction\",\"target\":[\"https:\\\/\\\/diariotextual.com\\\/inicio\\\/index.php\\\/2025\\\/04\\\/20\\\/tc-juan-bautista-de-benedictis-volvio-al-triunfo-en-la-pampa\\\/\"]}]},{\"@type\":\"ImageObject\",\"inLanguage\":\"es\",\"@id\":\"https:\\\/\\\/diariotextual.com\\\/inicio\\\/index.php\\\/2025\\\/04\\\/20\\\/tc-juan-bautista-de-benedictis-volvio-al-triunfo-en-la-pampa\\\/#primaryimage\",\"url\":\"https:\\\/\\\/diariotextual.com\\\/inicio\\\/wp-content\\\/uploads\\\/2025\\\/04\\\/debenedictis2027-888.jpg\",\"contentUrl\":\"https:\\\/\\\/diariotextual.com\\\/inicio\\\/wp-content\\\/uploads\\\/2025\\\/04\\\/debenedictis2027-888.jpg\",\"width\":1100,\"height\":718},{\"@type\":\"BreadcrumbList\",\"@id\":\"https:\\\/\\\/diariotextual.com\\\/inicio\\\/index.php\\\/2025\\\/04\\\/20\\\/tc-juan-bautista-de-benedictis-volvio-al-triunfo-en-la-pampa\\\/#breadcrumb\",\"itemListElement\":[{\"@type\":\"ListItem\",\"position\":1,\"name\":\"Portada\",\"item\":\"https:\\\/\\\/diariotextual.com\\\/inicio\\\/\"},{\"@type\":\"ListItem\",\"position\":2,\"name\":\"TC: Juan Bautista De Benedictis volvi\u00f3 al triunfo en La Pampa\"}]},{\"@type\":\"WebSite\",\"@id\":\"https:\\\/\\\/diariotextual.com\\\/inicio\\\/#website\",\"url\":\"https:\\\/\\\/diariotextual.com\\\/inicio\\\/\",\"name\":\"Diario Textual\",\"description\":\"\",\"publisher\":{\"@id\":\"https:\\\/\\\/diariotextual.com\\\/inicio\\\/#organization\"},\"potentialAction\":[{\"@type\":\"SearchAction\",\"target\":{\"@type\":\"EntryPoint\",\"urlTemplate\":\"https:\\\/\\\/diariotextual.com\\\/inicio\\\/?s={search_term_string}\"},\"query-input\":{\"@type\":\"PropertyValueSpecification\",\"valueRequired\":true,\"valueName\":\"search_term_string\"}}],\"inLanguage\":\"es\"},{\"@type\":\"Organization\",\"@id\":\"https:\\\/\\\/diariotextual.com\\\/inicio\\\/#organization\",\"name\":\"Diario Textual\",\"url\":\"https:\\\/\\\/diariotextual.com\\\/inicio\\\/\",\"logo\":{\"@type\":\"ImageObject\",\"inLanguage\":\"es\",\"@id\":\"https:\\\/\\\/diariotextual.com\\\/inicio\\\/#\\\/schema\\\/logo\\\/image\\\/\",\"url\":\"https:\\\/\\\/diariotextual.com\\\/inicio\\\/wp-content\\\/uploads\\\/2023\\\/05\\\/logotextual1.jpg\",\"contentUrl\":\"https:\\\/\\\/diariotextual.com\\\/inicio\\\/wp-content\\\/uploads\\\/2023\\\/05\\\/logotextual1.jpg\",\"width\":516,\"height\":76,\"caption\":\"Diario Textual\"},\"image\":{\"@id\":\"https:\\\/\\\/diariotextual.com\\\/inicio\\\/#\\\/schema\\\/logo\\\/image\\\/\"},\"sameAs\":[\"https:\\\/\\\/www.facebook.com\\\/eltextual\",\"https:\\\/\\\/x.com\\\/eltextual\",\"http:\\\/\\\/www.instagram.com\\\/eltextual\"]},{\"@type\":\"Person\",\"@id\":\"https:\\\/\\\/diariotextual.com\\\/inicio\\\/#\\\/schema\\\/person\\\/418fc4093c33e86ed41562db3508f958\",\"name\":\"Diario1 Diario1\",\"image\":{\"@type\":\"ImageObject\",\"inLanguage\":\"es\",\"@id\":\"https:\\\/\\\/secure.gravatar.com\\\/avatar\\\/9167d280179c85bc18be67aa7eda765854300033af4896dd779b608640f2ef7a?s=96&d=mm&r=g\",\"url\":\"https:\\\/\\\/secure.gravatar.com\\\/avatar\\\/9167d280179c85bc18be67aa7eda765854300033af4896dd779b608640f2ef7a?s=96&d=mm&r=g\",\"contentUrl\":\"https:\\\/\\\/secure.gravatar.com\\\/avatar\\\/9167d280179c85bc18be67aa7eda765854300033af4896dd779b608640f2ef7a?s=96&d=mm&r=g\",\"caption\":\"Diario1 Diario1\"},\"url\":\"https:\\\/\\\/diariotextual.com\\\/inicio\\\/index.php\\\/author\\\/diario1\\\/\"}]}<\/script>\n<!-- \/ Yoast SEO plugin. -->","yoast_head_json":{"title":"TC: Juan Bautista De Benedictis volvi\u00f3 al triunfo en La Pampa - Diario Textual","robots":{"index":"index","follow":"follow","max-snippet":"max-snippet:-1","max-image-preview":"max-image-preview:large","max-video-preview":"max-video-preview:-1"},"canonical":"https:\/\/diariotextual.com\/inicio\/index.php\/2025\/04\/20\/tc-juan-bautista-de-benedictis-volvio-al-triunfo-en-la-pampa\/","og_locale":"es_ES","og_type":"article","og_title":"TC: Juan Bautista De Benedictis volvi\u00f3 al triunfo en La Pampa - Diario Textual","og_description":"Juan Bautista De Benedictis se qued\u00f3 con el triunfo en la cuarta fecha del Turismo Carretera, que se disput\u00f3 en el Aut\u00f3dromo Provincia de La Pampa. Esta cita tuvo la&hellip;","og_url":"https:\/\/diariotextual.com\/inicio\/index.php\/2025\/04\/20\/tc-juan-bautista-de-benedictis-volvio-al-triunfo-en-la-pampa\/","og_site_name":"Diario Textual","article_publisher":"https:\/\/www.facebook.com\/eltextual","article_published_time":"2025-04-20T18:35:25+00:00","article_modified_time":"2025-04-21T10:07:16+00:00","og_image":[{"width":1100,"height":718,"url":"https:\/\/diariotextual.com\/inicio\/wp-content\/uploads\/2025\/04\/debenedictis2027-888.jpg","type":"image\/jpeg"}],"author":"Diario1 Diario1","twitter_card":"summary_large_image","twitter_creator":"@eltextual","twitter_site":"@eltextual","twitter_misc":{"Escrito por":"Diario1 Diario1","Tiempo de lectura":"3 minutos"},"schema":{"@context":"https:\/\/schema.org","@graph":[{"@type":"Article","@id":"https:\/\/diariotextual.com\/inicio\/index.php\/2025\/04\/20\/tc-juan-bautista-de-benedictis-volvio-al-triunfo-en-la-pampa\/#article","isPartOf":{"@id":"https:\/\/diariotextual.com\/inicio\/index.php\/2025\/04\/20\/tc-juan-bautista-de-benedictis-volvio-al-triunfo-en-la-pampa\/"},"author":{"name":"Diario1 Diario1","@id":"https:\/\/diariotextual.com\/inicio\/#\/schema\/person\/418fc4093c33e86ed41562db3508f958"},"headline":"TC: Juan Bautista De Benedictis volvi\u00f3 al triunfo en La Pampa","datePublished":"2025-04-20T18:35:25+00:00","dateModified":"2025-04-21T10:07:16+00:00","mainEntityOfPage":{"@id":"https:\/\/diariotextual.com\/inicio\/index.php\/2025\/04\/20\/tc-juan-bautista-de-benedictis-volvio-al-triunfo-en-la-pampa\/"},"wordCount":496,"publisher":{"@id":"https:\/\/diariotextual.com\/inicio\/#organization"},"image":{"@id":"https:\/\/diariotextual.com\/inicio\/index.php\/2025\/04\/20\/tc-juan-bautista-de-benedictis-volvio-al-triunfo-en-la-pampa\/#primaryimage"},"thumbnailUrl":"https:\/\/diariotextual.com\/inicio\/wp-content\/uploads\/2025\/04\/debenedictis2027-888.jpg","articleSection":["A - ES NOTICIA (van abajo)","DEPORTES"],"inLanguage":"es"},{"@type":"WebPage","@id":"https:\/\/diariotextual.com\/inicio\/index.php\/2025\/04\/20\/tc-juan-bautista-de-benedictis-volvio-al-triunfo-en-la-pampa\/","url":"https:\/\/diariotextual.com\/inicio\/index.php\/2025\/04\/20\/tc-juan-bautista-de-benedictis-volvio-al-triunfo-en-la-pampa\/","name":"TC: Juan Bautista De Benedictis volvi\u00f3 al triunfo en La Pampa - Diario Textual","isPartOf":{"@id":"https:\/\/diariotextual.com\/inicio\/#website"},"primaryImageOfPage":{"@id":"https:\/\/diariotextual.com\/inicio\/index.php\/2025\/04\/20\/tc-juan-bautista-de-benedictis-volvio-al-triunfo-en-la-pampa\/#primaryimage"},"image":{"@id":"https:\/\/diariotextual.com\/inicio\/index.php\/2025\/04\/20\/tc-juan-bautista-de-benedictis-volvio-al-triunfo-en-la-pampa\/#primaryimage"},"thumbnailUrl":"https:\/\/diariotextual.com\/inicio\/wp-content\/uploads\/2025\/04\/debenedictis2027-888.jpg","datePublished":"2025-04-20T18:35:25+00:00","dateModified":"2025-04-21T10:07:16+00:00","breadcrumb":{"@id":"https:\/\/diariotextual.com\/inicio\/index.php\/2025\/04\/20\/tc-juan-bautista-de-benedictis-volvio-al-triunfo-en-la-pampa\/#breadcrumb"},"inLanguage":"es","potentialAction":[{"@type":"ReadAction","target":["https:\/\/diariotextual.com\/inicio\/index.php\/2025\/04\/20\/tc-juan-bautista-de-benedictis-volvio-al-triunfo-en-la-pampa\/"]}]},{"@type":"ImageObject","inLanguage":"es","@id":"https:\/\/diariotextual.com\/inicio\/index.php\/2025\/04\/20\/tc-juan-bautista-de-benedictis-volvio-al-triunfo-en-la-pampa\/#primaryimage","url":"https:\/\/diariotextual.com\/inicio\/wp-content\/uploads\/2025\/04\/debenedictis2027-888.jpg","contentUrl":"https:\/\/diariotextual.com\/inicio\/wp-content\/uploads\/2025\/04\/debenedictis2027-888.jpg","width":1100,"height":718},{"@type":"BreadcrumbList","@id":"https:\/\/diariotextual.com\/inicio\/index.php\/2025\/04\/20\/tc-juan-bautista-de-benedictis-volvio-al-triunfo-en-la-pampa\/#breadcrumb","itemListElement":[{"@type":"ListItem","position":1,"name":"Portada","item":"https:\/\/diariotextual.com\/inicio\/"},{"@type":"ListItem","position":2,"name":"TC: Juan Bautista De Benedictis volvi\u00f3 al triunfo en La Pampa"}]},{"@type":"WebSite","@id":"https:\/\/diariotextual.com\/inicio\/#website","url":"https:\/\/diariotextual.com\/inicio\/","name":"Diario Textual","description":"","publisher":{"@id":"https:\/\/diariotextual.com\/inicio\/#organization"},"potentialAction":[{"@type":"SearchAction","target":{"@type":"EntryPoint","urlTemplate":"https:\/\/diariotextual.com\/inicio\/?s={search_term_string}"},"query-input":{"@type":"PropertyValueSpecification","valueRequired":true,"valueName":"search_term_string"}}],"inLanguage":"es"},{"@type":"Organization","@id":"https:\/\/diariotextual.com\/inicio\/#organization","name":"Diario Textual","url":"https:\/\/diariotextual.com\/inicio\/","logo":{"@type":"ImageObject","inLanguage":"es","@id":"https:\/\/diariotextual.com\/inicio\/#\/schema\/logo\/image\/","url":"https:\/\/diariotextual.com\/inicio\/wp-content\/uploads\/2023\/05\/logotextual1.jpg","contentUrl":"https:\/\/diariotextual.com\/inicio\/wp-content\/uploads\/2023\/05\/logotextual1.jpg","width":516,"height":76,"caption":"Diario Textual"},"image":{"@id":"https:\/\/diariotextual.com\/inicio\/#\/schema\/logo\/image\/"},"sameAs":["https:\/\/www.facebook.com\/eltextual","https:\/\/x.com\/eltextual","http:\/\/www.instagram.com\/eltextual"]},{"@type":"Person","@id":"https:\/\/diariotextual.com\/inicio\/#\/schema\/person\/418fc4093c33e86ed41562db3508f958","name":"Diario1 Diario1","image":{"@type":"ImageObject","inLanguage":"es","@id":"https:\/\/secure.gravatar.com\/avatar\/9167d280179c85bc18be67aa7eda765854300033af4896dd779b608640f2ef7a?s=96&d=mm&r=g","url":"https:\/\/secure.gravatar.com\/avatar\/9167d280179c85bc18be67aa7eda765854300033af4896dd779b608640f2ef7a?s=96&d=mm&r=g","contentUrl":"https:\/\/secure.gravatar.com\/avatar\/9167d280179c85bc18be67aa7eda765854300033af4896dd779b608640f2ef7a?s=96&d=mm&r=g","caption":"Diario1 Diario1"},"url":"https:\/\/diariotextual.com\/inicio\/index.php\/author\/diario1\/"}]}},"_links":{"self":[{"href":"https:\/\/diariotextual.com\/inicio\/index.php\/wp-json\/wp\/v2\/posts\/294384","targetHints":{"allow":["GET"]}}],"collection":[{"href":"https:\/\/diariotextual.com\/inicio\/index.php\/wp-json\/wp\/v2\/posts"}],"about":[{"href":"https:\/\/diariotextual.com\/inicio\/index.php\/wp-json\/wp\/v2\/types\/post"}],"author":[{"embeddable":true,"href":"https:\/\/diariotextual.com\/inicio\/index.php\/wp-json\/wp\/v2\/users\/3"}],"replies":[{"embeddable":true,"href":"https:\/\/diariotextual.com\/inicio\/index.php\/wp-json\/wp\/v2\/comments?post=294384"}],"version-history":[{"count":4,"href":"https:\/\/diariotextual.com\/inicio\/index.php\/wp-json\/wp\/v2\/posts\/294384\/revisions"}],"predecessor-version":[{"id":294390,"href":"https:\/\/diariotextual.com\/inicio\/index.php\/wp-json\/wp\/v2\/posts\/294384\/revisions\/294390"}],"wp:featuredmedia":[{"embeddable":true,"href":"https:\/\/diariotextual.com\/inicio\/index.php\/wp-json\/wp\/v2\/media\/294386"}],"wp:attachment":[{"href":"https:\/\/diariotextual.com\/inicio\/index.php\/wp-json\/wp\/v2\/media?parent=294384"}],"wp:term":[{"taxonomy":"category","embeddable":true,"href":"https:\/\/diariotextual.com\/inicio\/index.php\/wp-json\/wp\/v2\/categories?post=294384"},{"taxonomy":"post_tag","embeddable":true,"href":"https:\/\/diariotextual.com\/inicio\/index.php\/wp-json\/wp\/v2\/tags?post=294384"}],"curies":[{"name":"wp","href":"https:\/\/api.w.org\/{rel}","templated":true}]}}