{"id":294779,"date":"2025-04-24T16:48:24","date_gmt":"2025-04-24T19:48:24","guid":{"rendered":"https:\/\/diariotextual.com\/inicio\/?p=294779"},"modified":"2025-04-25T08:26:02","modified_gmt":"2025-04-25T11:26:02","slug":"se-aprobo-la-recategorizacion-automatica-de-los-empleados-estatales","status":"publish","type":"post","link":"https:\/\/diariotextual.com\/inicio\/index.php\/2025\/04\/24\/se-aprobo-la-recategorizacion-automatica-de-los-empleados-estatales\/","title":{"rendered":"Se aprob\u00f3 la recategorizaci\u00f3n autom\u00e1tica de los empleados estatales"},"content":{"rendered":"\n<p>La Legislatura aprob\u00f3 por unanimidad la ley por la que se autoriza la promoci\u00f3n autom\u00e1tica de los agentes dependientes de la Administraci\u00f3n P\u00fablica Provincial de los Poderes Ejecutivo, Legislativo y Judicial. La aplicaci\u00f3n de las recategorizaciones se hizo aprobando un acuerdo paritario entre el Gobierno y los gremios estatales. La aprobaci\u00f3n fue con el voto del peronismo, de la UCR y del PRO-MID. En tanto, Comunidad Organizada se abstuvo.<\/p>\n\n\n\n<p>Previamente, en memoria por el fallecimiento del Sumo Pont\u00edfice Francisco, quien pas\u00f3 a la posteridad a los 88 a\u00f1os, las y los diputados, junto a todos los presentes, homenajearon con un minuto de silencio a pedido de la presidenta de esta C\u00e1mara, Alicia Mayoral. \u201cFalleci\u00f3 nuestro querido papa, amado en la Argentina, reconocido en todo el mundo, l\u00edder espiritual de millones de fieles y referente moral de tiempos de grandes desaf\u00edos\u201d, dijo. \u201cSu legado de fe, de humildad y de compromiso con los m\u00e1s necesitados permanecer\u00e1 por siempre, no solamente en la historia colectiva de los argentinos, sino de la humanidad\u201d.<\/p>\n\n\n\n<p>Posteriormente, integrantes de los diferentes bloques tambi\u00e9n brindaron unas palabras para recordar a Francisco.<\/p>\n\n\n\n<p>En primer lugar, Federico Ortiz destac\u00f3 su legado espiritual, social y pol\u00edtico y subray\u00f3 el sentido del nombre Francisco. \u201cQuer\u00eda una Iglesia humilde, cercana a los pobres, comprometida con la justicia social y el medio ambiente\u201d, dijo. Cit\u00f3 sus discursos sobre la desigualdad, la necesidad de cambios estructurales y su rechazo a la represi\u00f3n social.<\/p>\n\n\n\n<p>\u201cEl mundo era mejor con una Iglesia franciscana\u201d, afirm\u00f3 el legislador, y destac\u00f3 su lucha por la paz, los pobres y los derechos humanos.<\/p>\n\n\n\n<p>Seguidamente, fue cedida la palabra a Hip\u00f3lito Altolaguirre. \u201cFue un l\u00edder reformista, transformador, que con su humildad, sensibilidad y sencillez nos marc\u00f3 un camino para todos los que queremos trabajar por el bien com\u00fan\u201d, apunt\u00f3 el legislador.<\/p>\n\n\n\n<p>A su vez, resalt\u00f3 las reformas impulsadas por Francisco en favor de la inclusi\u00f3n, el di\u00e1logo interreligioso y la transparencia econ\u00f3mica en el Vaticano, as\u00ed como su firme condena a los abusos sexuales dentro del clero. El diputado tambi\u00e9n cuestion\u00f3 la politizaci\u00f3n del papa en el contexto local. \u201cLa grieta nos impidi\u00f3 ver con claridad la grandeza de este l\u00edder global\u201d, se\u00f1al\u00f3.<\/p>\n\n\n\n<p>En este sentido, Sandra Fonseca brind\u00f3 su homenaje al papa Francisco, al destacar su valent\u00eda al enfrentar temas cr\u00edticos dentro de la Iglesia Cat\u00f3lica, como la corrupci\u00f3n institucional y los abusos sexuales cometidos por miembros del clero.&nbsp; \u201cPor lo tanto, aqu\u00ed est\u00e1 nuestro reconocimiento a una persona con una humildad extraordinaria\u201d, concluy\u00f3 la diputada.<\/p>\n\n\n\n<p>Posteriormente, en el marco del debate por la ley de recategorizaciones de los agentes p\u00fablicos -aprobada de manera un\u00e1nime-, la diputada Patricia George detall\u00f3 los fundamentos de la iniciativa del Poder Ejecutivo. \u201cEste acuerdo implica que cada trabajador estatal tendr\u00e1 una categor\u00eda cada tres a\u00f1os de antig\u00fcedad, y cada cuatro en el caso de la rama profesional de salud\u201d, explic\u00f3 George.<\/p>\n\n\n\n<p>La diputada subray\u00f3 que la ley es fruto del trabajo conjunto entre representantes gremiales y el Ejecutivo, en el marco de la paritaria general, y que no debe ser modificada. \u201cEs un acuerdo paritario, y cualquier cambio romper\u00eda ese consenso\u201d, advirti\u00f3.<\/p>\n\n\n\n<p>\u201cLa medida tendr\u00e1 un impacto econ\u00f3mico estimado del 1 % de la masa salarial, es decir, 560 millones de pesos mensuales y 7.280 millones anuales, mejorando tambi\u00e9n el c\u00e1lculo de haberes jubilatorios para quienes est\u00e9n pr\u00f3ximos al retiro\u201d, indic\u00f3 la legisladora.<\/p>\n\n\n\n<p>Por \u00faltimo, George remarc\u00f3 que el proyecto tambi\u00e9n invita a los municipios y comisiones de fomento a adherirse, ampliando as\u00ed su alcance y garantizando una carrera administrativa justa y equitativa para todos los agentes p\u00fablicos.<\/p>\n\n\n\n<p>La diputada Andrea Valderrama expres\u00f3 su respaldo al proyecto, al se\u00f1alar la urgencia de esta medida y la necesidad de garantizar una carrera administrativa justa para el personal p\u00fablico. \u201cVamos a acompa\u00f1ar porque creemos que corresponde darle a los empleados p\u00fablicos sus derechos, la posibilidad de acceder a una carrera y de lograr sus ascensos\u201d, afirm\u00f3 Valderrama durante su intervenci\u00f3n en el recinto.<\/p>\n\n\n\n<p>Sin embargo, la diputada tambi\u00e9n expres\u00f3 su disconformidad con el proceso de tratamiento legislativo del proyecto. \u201cSolicitamos, al igual que otros bloques, que se tratara con la presencia del ministro, para conocer cuestiones econ\u00f3micas importantes vinculadas a la iniciativa\u201d, dijo.<\/p>\n\n\n\n<p>Pese a estas observaciones, Valderrama remarc\u00f3 la urgencia de la situaci\u00f3n. \u201cEntendemos que para los empleados esta recategorizaci\u00f3n es impostergable\u201d, dijo.<\/p>\n\n\n\n<p>La diputada Laura Trapaglia expres\u00f3 el acompa\u00f1amiento de su bloque, aunque critic\u00f3 fuertemente la forma en que se dio el debate parlamentario. \u201cNos hubiese gustado que estuviera presente el ministro de hacienda para responder inquietudes que compartimos muchos diputados de la oposici\u00f3n, especialmente sobre el impacto presupuestario y la elecci\u00f3n de la fecha de corte para aplicar la recategorizaci\u00f3n\u201d, dijo.<\/p>\n\n\n\n<p>Pese a las cr\u00edticas al proceso, Trapaglia ratific\u00f3 el voto favorable del bloque. \u201cEs importante dejar clara nuestra postura en el recinto. La recategorizaci\u00f3n es una deuda pendiente con los trabajadores estatales\u201d, manifest\u00f3.<\/p>\n\n\n\n<p>Seguidamente, C\u00e9sar Montes de Oca brind\u00f3 una intervenci\u00f3n centrada en el valor hist\u00f3rico y jur\u00eddico del di\u00e1logo paritario, y en la legitimidad exclusiva de los actores involucrados en la negociaci\u00f3n laboral. \u201cNadie se puede arrogar meterse en las discusiones profesionales entre trabajadores y el representante del Poder Ejecutivo\u201d, afirm\u00f3 Montes de Oca.<\/p>\n\n\n\n<p>El legislador tambi\u00e9n traz\u00f3 un recorrido hist\u00f3rico. \u201cLa Ley 643 nace en los albores de los a\u00f1os 70, en el primer gobierno constitucional de esa d\u00e9cada, cuando se discut\u00edan condiciones de trabajo directamente con los trabajadores de la provincia. Luego vinieron otras leyes con estructuras similares\u201d, dijo.<\/p>\n\n\n\n<p>Por otro lado, la diputada Sandra Fonseca expres\u00f3 su respaldo a la iniciativa, aunque lanz\u00f3 duras cr\u00edticas al proceso legislativo y a la exclusi\u00f3n de ciertos sectores estatales (fuerzas de seguridad) en la discusi\u00f3n.<\/p>\n\n\n\n<p><\/p>\n\n\n\n<p><\/p>\n","protected":false},"excerpt":{"rendered":"<p>La Legislatura aprob\u00f3 por unanimidad la ley por la que se autoriza la promoci\u00f3n autom\u00e1tica de los agentes dependientes de la Administraci\u00f3n P\u00fablica Provincial de los Poderes Ejecutivo, Legislativo y&hellip;<\/p>\n","protected":false},"author":3,"featured_media":294781,"comment_status":"closed","ping_status":"open","sticky":false,"template":"","format":"standard","meta":{"_acf_changed":false,"footnotes":""},"categories":[1,10,8],"tags":[],"class_list":["post-294779","post","type-post","status-publish","format-standard","has-post-thumbnail","hentry","category-es-noticia","category-portada-2","category-politica"],"acf":[],"yoast_head":"<!-- This site is optimized with the Yoast SEO plugin v27.5 - https:\/\/yoast.com\/product\/yoast-seo-wordpress\/ -->\n<title>Se aprob\u00f3 la recategorizaci\u00f3n autom\u00e1tica de los empleados estatales - Diario Textual<\/title>\n<meta name=\"robots\" content=\"index, follow, max-snippet:-1, max-image-preview:large, max-video-preview:-1\" \/>\n<link rel=\"canonical\" href=\"https:\/\/diariotextual.com\/inicio\/index.php\/2025\/04\/24\/se-aprobo-la-recategorizacion-automatica-de-los-empleados-estatales\/\" \/>\n<meta property=\"og:locale\" content=\"es_ES\" \/>\n<meta property=\"og:type\" content=\"article\" \/>\n<meta property=\"og:title\" content=\"Se aprob\u00f3 la recategorizaci\u00f3n autom\u00e1tica de los empleados estatales - Diario Textual\" \/>\n<meta property=\"og:description\" content=\"La Legislatura aprob\u00f3 por unanimidad la ley por la que se autoriza la promoci\u00f3n autom\u00e1tica de los agentes dependientes de la Administraci\u00f3n P\u00fablica Provincial de los Poderes Ejecutivo, Legislativo y&hellip;\" \/>\n<meta property=\"og:url\" content=\"https:\/\/diariotextual.com\/inicio\/index.php\/2025\/04\/24\/se-aprobo-la-recategorizacion-automatica-de-los-empleados-estatales\/\" \/>\n<meta property=\"og:site_name\" content=\"Diario Textual\" \/>\n<meta property=\"article:publisher\" content=\"https:\/\/www.facebook.com\/eltextual\" \/>\n<meta property=\"article:published_time\" content=\"2025-04-24T19:48:24+00:00\" \/>\n<meta property=\"article:modified_time\" content=\"2025-04-25T11:26:02+00:00\" \/>\n<meta property=\"og:image\" content=\"https:\/\/diariotextual.com\/inicio\/wp-content\/uploads\/2025\/04\/legislaturadiputadoslapampa2025-81.jpg\" \/>\n\t<meta property=\"og:image:width\" content=\"1500\" \/>\n\t<meta property=\"og:image:height\" content=\"994\" \/>\n\t<meta property=\"og:image:type\" content=\"image\/jpeg\" \/>\n<meta name=\"author\" content=\"Diario1 Diario1\" \/>\n<meta name=\"twitter:card\" content=\"summary_large_image\" \/>\n<meta name=\"twitter:creator\" content=\"@eltextual\" \/>\n<meta name=\"twitter:site\" content=\"@eltextual\" \/>\n<meta name=\"twitter:label1\" content=\"Escrito por\" \/>\n\t<meta name=\"twitter:data1\" content=\"Diario1 Diario1\" \/>\n\t<meta name=\"twitter:label2\" content=\"Tiempo de lectura\" \/>\n\t<meta name=\"twitter:data2\" content=\"5 minutos\" \/>\n<script type=\"application\/ld+json\" class=\"yoast-schema-graph\">{\"@context\":\"https:\\\/\\\/schema.org\",\"@graph\":[{\"@type\":\"Article\",\"@id\":\"https:\\\/\\\/diariotextual.com\\\/inicio\\\/index.php\\\/2025\\\/04\\\/24\\\/se-aprobo-la-recategorizacion-automatica-de-los-empleados-estatales\\\/#article\",\"isPartOf\":{\"@id\":\"https:\\\/\\\/diariotextual.com\\\/inicio\\\/index.php\\\/2025\\\/04\\\/24\\\/se-aprobo-la-recategorizacion-automatica-de-los-empleados-estatales\\\/\"},\"author\":{\"name\":\"Diario1 Diario1\",\"@id\":\"https:\\\/\\\/diariotextual.com\\\/inicio\\\/#\\\/schema\\\/person\\\/418fc4093c33e86ed41562db3508f958\"},\"headline\":\"Se aprob\u00f3 la recategorizaci\u00f3n autom\u00e1tica de los empleados estatales\",\"datePublished\":\"2025-04-24T19:48:24+00:00\",\"dateModified\":\"2025-04-25T11:26:02+00:00\",\"mainEntityOfPage\":{\"@id\":\"https:\\\/\\\/diariotextual.com\\\/inicio\\\/index.php\\\/2025\\\/04\\\/24\\\/se-aprobo-la-recategorizacion-automatica-de-los-empleados-estatales\\\/\"},\"wordCount\":1021,\"publisher\":{\"@id\":\"https:\\\/\\\/diariotextual.com\\\/inicio\\\/#organization\"},\"image\":{\"@id\":\"https:\\\/\\\/diariotextual.com\\\/inicio\\\/index.php\\\/2025\\\/04\\\/24\\\/se-aprobo-la-recategorizacion-automatica-de-los-empleados-estatales\\\/#primaryimage\"},\"thumbnailUrl\":\"https:\\\/\\\/diariotextual.com\\\/inicio\\\/wp-content\\\/uploads\\\/2025\\\/04\\\/legislaturadiputadoslapampa2025-81.jpg\",\"articleSection\":[\"A - ES NOTICIA (van abajo)\",\"A - PORTADA2\",\"POLITICA\"],\"inLanguage\":\"es\"},{\"@type\":\"WebPage\",\"@id\":\"https:\\\/\\\/diariotextual.com\\\/inicio\\\/index.php\\\/2025\\\/04\\\/24\\\/se-aprobo-la-recategorizacion-automatica-de-los-empleados-estatales\\\/\",\"url\":\"https:\\\/\\\/diariotextual.com\\\/inicio\\\/index.php\\\/2025\\\/04\\\/24\\\/se-aprobo-la-recategorizacion-automatica-de-los-empleados-estatales\\\/\",\"name\":\"Se aprob\u00f3 la recategorizaci\u00f3n autom\u00e1tica de los empleados estatales - Diario Textual\",\"isPartOf\":{\"@id\":\"https:\\\/\\\/diariotextual.com\\\/inicio\\\/#website\"},\"primaryImageOfPage\":{\"@id\":\"https:\\\/\\\/diariotextual.com\\\/inicio\\\/index.php\\\/2025\\\/04\\\/24\\\/se-aprobo-la-recategorizacion-automatica-de-los-empleados-estatales\\\/#primaryimage\"},\"image\":{\"@id\":\"https:\\\/\\\/diariotextual.com\\\/inicio\\\/index.php\\\/2025\\\/04\\\/24\\\/se-aprobo-la-recategorizacion-automatica-de-los-empleados-estatales\\\/#primaryimage\"},\"thumbnailUrl\":\"https:\\\/\\\/diariotextual.com\\\/inicio\\\/wp-content\\\/uploads\\\/2025\\\/04\\\/legislaturadiputadoslapampa2025-81.jpg\",\"datePublished\":\"2025-04-24T19:48:24+00:00\",\"dateModified\":\"2025-04-25T11:26:02+00:00\",\"breadcrumb\":{\"@id\":\"https:\\\/\\\/diariotextual.com\\\/inicio\\\/index.php\\\/2025\\\/04\\\/24\\\/se-aprobo-la-recategorizacion-automatica-de-los-empleados-estatales\\\/#breadcrumb\"},\"inLanguage\":\"es\",\"potentialAction\":[{\"@type\":\"ReadAction\",\"target\":[\"https:\\\/\\\/diariotextual.com\\\/inicio\\\/index.php\\\/2025\\\/04\\\/24\\\/se-aprobo-la-recategorizacion-automatica-de-los-empleados-estatales\\\/\"]}]},{\"@type\":\"ImageObject\",\"inLanguage\":\"es\",\"@id\":\"https:\\\/\\\/diariotextual.com\\\/inicio\\\/index.php\\\/2025\\\/04\\\/24\\\/se-aprobo-la-recategorizacion-automatica-de-los-empleados-estatales\\\/#primaryimage\",\"url\":\"https:\\\/\\\/diariotextual.com\\\/inicio\\\/wp-content\\\/uploads\\\/2025\\\/04\\\/legislaturadiputadoslapampa2025-81.jpg\",\"contentUrl\":\"https:\\\/\\\/diariotextual.com\\\/inicio\\\/wp-content\\\/uploads\\\/2025\\\/04\\\/legislaturadiputadoslapampa2025-81.jpg\",\"width\":1500,\"height\":994},{\"@type\":\"BreadcrumbList\",\"@id\":\"https:\\\/\\\/diariotextual.com\\\/inicio\\\/index.php\\\/2025\\\/04\\\/24\\\/se-aprobo-la-recategorizacion-automatica-de-los-empleados-estatales\\\/#breadcrumb\",\"itemListElement\":[{\"@type\":\"ListItem\",\"position\":1,\"name\":\"Portada\",\"item\":\"https:\\\/\\\/diariotextual.com\\\/inicio\\\/\"},{\"@type\":\"ListItem\",\"position\":2,\"name\":\"Se aprob\u00f3 la recategorizaci\u00f3n autom\u00e1tica de los empleados estatales\"}]},{\"@type\":\"WebSite\",\"@id\":\"https:\\\/\\\/diariotextual.com\\\/inicio\\\/#website\",\"url\":\"https:\\\/\\\/diariotextual.com\\\/inicio\\\/\",\"name\":\"Diario Textual\",\"description\":\"\",\"publisher\":{\"@id\":\"https:\\\/\\\/diariotextual.com\\\/inicio\\\/#organization\"},\"potentialAction\":[{\"@type\":\"SearchAction\",\"target\":{\"@type\":\"EntryPoint\",\"urlTemplate\":\"https:\\\/\\\/diariotextual.com\\\/inicio\\\/?s={search_term_string}\"},\"query-input\":{\"@type\":\"PropertyValueSpecification\",\"valueRequired\":true,\"valueName\":\"search_term_string\"}}],\"inLanguage\":\"es\"},{\"@type\":\"Organization\",\"@id\":\"https:\\\/\\\/diariotextual.com\\\/inicio\\\/#organization\",\"name\":\"Diario Textual\",\"url\":\"https:\\\/\\\/diariotextual.com\\\/inicio\\\/\",\"logo\":{\"@type\":\"ImageObject\",\"inLanguage\":\"es\",\"@id\":\"https:\\\/\\\/diariotextual.com\\\/inicio\\\/#\\\/schema\\\/logo\\\/image\\\/\",\"url\":\"https:\\\/\\\/diariotextual.com\\\/inicio\\\/wp-content\\\/uploads\\\/2023\\\/05\\\/logotextual1.jpg\",\"contentUrl\":\"https:\\\/\\\/diariotextual.com\\\/inicio\\\/wp-content\\\/uploads\\\/2023\\\/05\\\/logotextual1.jpg\",\"width\":516,\"height\":76,\"caption\":\"Diario Textual\"},\"image\":{\"@id\":\"https:\\\/\\\/diariotextual.com\\\/inicio\\\/#\\\/schema\\\/logo\\\/image\\\/\"},\"sameAs\":[\"https:\\\/\\\/www.facebook.com\\\/eltextual\",\"https:\\\/\\\/x.com\\\/eltextual\",\"http:\\\/\\\/www.instagram.com\\\/eltextual\"]},{\"@type\":\"Person\",\"@id\":\"https:\\\/\\\/diariotextual.com\\\/inicio\\\/#\\\/schema\\\/person\\\/418fc4093c33e86ed41562db3508f958\",\"name\":\"Diario1 Diario1\",\"image\":{\"@type\":\"ImageObject\",\"inLanguage\":\"es\",\"@id\":\"https:\\\/\\\/secure.gravatar.com\\\/avatar\\\/9167d280179c85bc18be67aa7eda765854300033af4896dd779b608640f2ef7a?s=96&d=mm&r=g\",\"url\":\"https:\\\/\\\/secure.gravatar.com\\\/avatar\\\/9167d280179c85bc18be67aa7eda765854300033af4896dd779b608640f2ef7a?s=96&d=mm&r=g\",\"contentUrl\":\"https:\\\/\\\/secure.gravatar.com\\\/avatar\\\/9167d280179c85bc18be67aa7eda765854300033af4896dd779b608640f2ef7a?s=96&d=mm&r=g\",\"caption\":\"Diario1 Diario1\"},\"url\":\"https:\\\/\\\/diariotextual.com\\\/inicio\\\/index.php\\\/author\\\/diario1\\\/\"}]}<\/script>\n<!-- \/ Yoast SEO plugin. -->","yoast_head_json":{"title":"Se aprob\u00f3 la recategorizaci\u00f3n autom\u00e1tica de los empleados estatales - Diario Textual","robots":{"index":"index","follow":"follow","max-snippet":"max-snippet:-1","max-image-preview":"max-image-preview:large","max-video-preview":"max-video-preview:-1"},"canonical":"https:\/\/diariotextual.com\/inicio\/index.php\/2025\/04\/24\/se-aprobo-la-recategorizacion-automatica-de-los-empleados-estatales\/","og_locale":"es_ES","og_type":"article","og_title":"Se aprob\u00f3 la recategorizaci\u00f3n autom\u00e1tica de los empleados estatales - Diario Textual","og_description":"La Legislatura aprob\u00f3 por unanimidad la ley por la que se autoriza la promoci\u00f3n autom\u00e1tica de los agentes dependientes de la Administraci\u00f3n P\u00fablica Provincial de los Poderes Ejecutivo, Legislativo y&hellip;","og_url":"https:\/\/diariotextual.com\/inicio\/index.php\/2025\/04\/24\/se-aprobo-la-recategorizacion-automatica-de-los-empleados-estatales\/","og_site_name":"Diario Textual","article_publisher":"https:\/\/www.facebook.com\/eltextual","article_published_time":"2025-04-24T19:48:24+00:00","article_modified_time":"2025-04-25T11:26:02+00:00","og_image":[{"width":1500,"height":994,"url":"https:\/\/diariotextual.com\/inicio\/wp-content\/uploads\/2025\/04\/legislaturadiputadoslapampa2025-81.jpg","type":"image\/jpeg"}],"author":"Diario1 Diario1","twitter_card":"summary_large_image","twitter_creator":"@eltextual","twitter_site":"@eltextual","twitter_misc":{"Escrito por":"Diario1 Diario1","Tiempo de lectura":"5 minutos"},"schema":{"@context":"https:\/\/schema.org","@graph":[{"@type":"Article","@id":"https:\/\/diariotextual.com\/inicio\/index.php\/2025\/04\/24\/se-aprobo-la-recategorizacion-automatica-de-los-empleados-estatales\/#article","isPartOf":{"@id":"https:\/\/diariotextual.com\/inicio\/index.php\/2025\/04\/24\/se-aprobo-la-recategorizacion-automatica-de-los-empleados-estatales\/"},"author":{"name":"Diario1 Diario1","@id":"https:\/\/diariotextual.com\/inicio\/#\/schema\/person\/418fc4093c33e86ed41562db3508f958"},"headline":"Se aprob\u00f3 la recategorizaci\u00f3n autom\u00e1tica de los empleados estatales","datePublished":"2025-04-24T19:48:24+00:00","dateModified":"2025-04-25T11:26:02+00:00","mainEntityOfPage":{"@id":"https:\/\/diariotextual.com\/inicio\/index.php\/2025\/04\/24\/se-aprobo-la-recategorizacion-automatica-de-los-empleados-estatales\/"},"wordCount":1021,"publisher":{"@id":"https:\/\/diariotextual.com\/inicio\/#organization"},"image":{"@id":"https:\/\/diariotextual.com\/inicio\/index.php\/2025\/04\/24\/se-aprobo-la-recategorizacion-automatica-de-los-empleados-estatales\/#primaryimage"},"thumbnailUrl":"https:\/\/diariotextual.com\/inicio\/wp-content\/uploads\/2025\/04\/legislaturadiputadoslapampa2025-81.jpg","articleSection":["A - ES NOTICIA (van abajo)","A - PORTADA2","POLITICA"],"inLanguage":"es"},{"@type":"WebPage","@id":"https:\/\/diariotextual.com\/inicio\/index.php\/2025\/04\/24\/se-aprobo-la-recategorizacion-automatica-de-los-empleados-estatales\/","url":"https:\/\/diariotextual.com\/inicio\/index.php\/2025\/04\/24\/se-aprobo-la-recategorizacion-automatica-de-los-empleados-estatales\/","name":"Se aprob\u00f3 la recategorizaci\u00f3n autom\u00e1tica de los empleados estatales - Diario Textual","isPartOf":{"@id":"https:\/\/diariotextual.com\/inicio\/#website"},"primaryImageOfPage":{"@id":"https:\/\/diariotextual.com\/inicio\/index.php\/2025\/04\/24\/se-aprobo-la-recategorizacion-automatica-de-los-empleados-estatales\/#primaryimage"},"image":{"@id":"https:\/\/diariotextual.com\/inicio\/index.php\/2025\/04\/24\/se-aprobo-la-recategorizacion-automatica-de-los-empleados-estatales\/#primaryimage"},"thumbnailUrl":"https:\/\/diariotextual.com\/inicio\/wp-content\/uploads\/2025\/04\/legislaturadiputadoslapampa2025-81.jpg","datePublished":"2025-04-24T19:48:24+00:00","dateModified":"2025-04-25T11:26:02+00:00","breadcrumb":{"@id":"https:\/\/diariotextual.com\/inicio\/index.php\/2025\/04\/24\/se-aprobo-la-recategorizacion-automatica-de-los-empleados-estatales\/#breadcrumb"},"inLanguage":"es","potentialAction":[{"@type":"ReadAction","target":["https:\/\/diariotextual.com\/inicio\/index.php\/2025\/04\/24\/se-aprobo-la-recategorizacion-automatica-de-los-empleados-estatales\/"]}]},{"@type":"ImageObject","inLanguage":"es","@id":"https:\/\/diariotextual.com\/inicio\/index.php\/2025\/04\/24\/se-aprobo-la-recategorizacion-automatica-de-los-empleados-estatales\/#primaryimage","url":"https:\/\/diariotextual.com\/inicio\/wp-content\/uploads\/2025\/04\/legislaturadiputadoslapampa2025-81.jpg","contentUrl":"https:\/\/diariotextual.com\/inicio\/wp-content\/uploads\/2025\/04\/legislaturadiputadoslapampa2025-81.jpg","width":1500,"height":994},{"@type":"BreadcrumbList","@id":"https:\/\/diariotextual.com\/inicio\/index.php\/2025\/04\/24\/se-aprobo-la-recategorizacion-automatica-de-los-empleados-estatales\/#breadcrumb","itemListElement":[{"@type":"ListItem","position":1,"name":"Portada","item":"https:\/\/diariotextual.com\/inicio\/"},{"@type":"ListItem","position":2,"name":"Se aprob\u00f3 la recategorizaci\u00f3n autom\u00e1tica de los empleados estatales"}]},{"@type":"WebSite","@id":"https:\/\/diariotextual.com\/inicio\/#website","url":"https:\/\/diariotextual.com\/inicio\/","name":"Diario Textual","description":"","publisher":{"@id":"https:\/\/diariotextual.com\/inicio\/#organization"},"potentialAction":[{"@type":"SearchAction","target":{"@type":"EntryPoint","urlTemplate":"https:\/\/diariotextual.com\/inicio\/?s={search_term_string}"},"query-input":{"@type":"PropertyValueSpecification","valueRequired":true,"valueName":"search_term_string"}}],"inLanguage":"es"},{"@type":"Organization","@id":"https:\/\/diariotextual.com\/inicio\/#organization","name":"Diario Textual","url":"https:\/\/diariotextual.com\/inicio\/","logo":{"@type":"ImageObject","inLanguage":"es","@id":"https:\/\/diariotextual.com\/inicio\/#\/schema\/logo\/image\/","url":"https:\/\/diariotextual.com\/inicio\/wp-content\/uploads\/2023\/05\/logotextual1.jpg","contentUrl":"https:\/\/diariotextual.com\/inicio\/wp-content\/uploads\/2023\/05\/logotextual1.jpg","width":516,"height":76,"caption":"Diario Textual"},"image":{"@id":"https:\/\/diariotextual.com\/inicio\/#\/schema\/logo\/image\/"},"sameAs":["https:\/\/www.facebook.com\/eltextual","https:\/\/x.com\/eltextual","http:\/\/www.instagram.com\/eltextual"]},{"@type":"Person","@id":"https:\/\/diariotextual.com\/inicio\/#\/schema\/person\/418fc4093c33e86ed41562db3508f958","name":"Diario1 Diario1","image":{"@type":"ImageObject","inLanguage":"es","@id":"https:\/\/secure.gravatar.com\/avatar\/9167d280179c85bc18be67aa7eda765854300033af4896dd779b608640f2ef7a?s=96&d=mm&r=g","url":"https:\/\/secure.gravatar.com\/avatar\/9167d280179c85bc18be67aa7eda765854300033af4896dd779b608640f2ef7a?s=96&d=mm&r=g","contentUrl":"https:\/\/secure.gravatar.com\/avatar\/9167d280179c85bc18be67aa7eda765854300033af4896dd779b608640f2ef7a?s=96&d=mm&r=g","caption":"Diario1 Diario1"},"url":"https:\/\/diariotextual.com\/inicio\/index.php\/author\/diario1\/"}]}},"_links":{"self":[{"href":"https:\/\/diariotextual.com\/inicio\/index.php\/wp-json\/wp\/v2\/posts\/294779","targetHints":{"allow":["GET"]}}],"collection":[{"href":"https:\/\/diariotextual.com\/inicio\/index.php\/wp-json\/wp\/v2\/posts"}],"about":[{"href":"https:\/\/diariotextual.com\/inicio\/index.php\/wp-json\/wp\/v2\/types\/post"}],"author":[{"embeddable":true,"href":"https:\/\/diariotextual.com\/inicio\/index.php\/wp-json\/wp\/v2\/users\/3"}],"replies":[{"embeddable":true,"href":"https:\/\/diariotextual.com\/inicio\/index.php\/wp-json\/wp\/v2\/comments?post=294779"}],"version-history":[{"count":2,"href":"https:\/\/diariotextual.com\/inicio\/index.php\/wp-json\/wp\/v2\/posts\/294779\/revisions"}],"predecessor-version":[{"id":294782,"href":"https:\/\/diariotextual.com\/inicio\/index.php\/wp-json\/wp\/v2\/posts\/294779\/revisions\/294782"}],"wp:featuredmedia":[{"embeddable":true,"href":"https:\/\/diariotextual.com\/inicio\/index.php\/wp-json\/wp\/v2\/media\/294781"}],"wp:attachment":[{"href":"https:\/\/diariotextual.com\/inicio\/index.php\/wp-json\/wp\/v2\/media?parent=294779"}],"wp:term":[{"taxonomy":"category","embeddable":true,"href":"https:\/\/diariotextual.com\/inicio\/index.php\/wp-json\/wp\/v2\/categories?post=294779"},{"taxonomy":"post_tag","embeddable":true,"href":"https:\/\/diariotextual.com\/inicio\/index.php\/wp-json\/wp\/v2\/tags?post=294779"}],"curies":[{"name":"wp","href":"https:\/\/api.w.org\/{rel}","templated":true}]}}