{"id":295035,"date":"2025-04-29T18:00:00","date_gmt":"2025-04-29T21:00:00","guid":{"rendered":"https:\/\/diariotextual.com\/inicio\/?p=295035"},"modified":"2025-04-29T19:53:12","modified_gmt":"2025-04-29T22:53:12","slug":"ziliotto-reunio-a-las-lineas-internas-del-pj-y-les-confirmo-que-di-napoli-va-con-lista-propia","status":"publish","type":"post","link":"https:\/\/diariotextual.com\/inicio\/index.php\/2025\/04\/29\/ziliotto-reunio-a-las-lineas-internas-del-pj-y-les-confirmo-que-di-napoli-va-con-lista-propia\/","title":{"rendered":"La interna en el PJ es inevitable: Ziliotto le ofreci\u00f3  tres cargos de consejeros, pero Di N\u00e1poli los rechaz\u00f3"},"content":{"rendered":"\n<p>El gobernador y presidente del Partido Justicialista, <strong>Sergio Ziliotto<\/strong>, les comunic\u00f3 en el mediod\u00eda de este martes a los dirigentes de las principales l\u00edneas del peronismo que <strong>no hay acuerdo <\/strong>y que, de esa manera, habr\u00e1 internas con el sector comandado por el intendente<strong> Luciano di N\u00e1poli <\/strong>por los cargos partidarios. De hecho, les inform\u00f3, <strong>el jefe comunal le rechaz\u00f3 este mismo martes un nuevo ofrecimiento que establec\u00eda, en vez de dos, tres sillas en el Consejo Provincial del PJ<\/strong>.<\/p>\n\n\n\n<p>El dato fue confirmado por una fuente cercana a la presidencia a <strong>Diario Textual<\/strong>. \u201cEn el d\u00eda del lunes, Ziliotto le propuso a Di Napoli que se sume a la lista de unidad con tres lugares de consejeros titulares\u201d, dijo. \u201cNunca se habl\u00f3 de nombres propios ya que, como se decidi\u00f3 inicialmente, ello queda a exclusiva decisi\u00f3n de cada sector. En el d\u00eda de hoy, Di N\u00e1poli respondi\u00f3 negativamente a esa propuesta\u201d, agreg\u00f3.<\/p>\n\n\n\n<p>Como public\u00f3 este portal, en las \u00faltimas horas<strong>&nbsp;se cort\u00f3 la negociaci\u00f3n entre los operadores de Luciano di N\u00e1poli y Sergio Ziliotto<\/strong>.&nbsp;<strong>En ese marco, militantes y dirigentes de ambos sectores ajustan la documentaci\u00f3n con los avales.<\/strong><\/p>\n\n\n\n<p><br>El plazo para presentar listas vence a las 18 horas de este mi\u00e9rcoles 30. La mayor\u00eda de sus dirigentes del peronismo hab\u00edan coincidido en mantener el esquema de reparto de sillas por l\u00ednea en el Consejo Provincial del PJ (solo sumaron al sector de Facundo Sola), pero pocos d\u00edas despu\u00e9s Di N\u00e1poli pate\u00f3 el tablero.<\/p>\n\n\n\n<figure class=\"wp-block-embed is-type-wp-embed is-provider-diario-textual wp-block-embed-diario-textual\"><div class=\"wp-block-embed__wrapper\">\n<blockquote class=\"wp-embedded-content\" data-secret=\"pETygQ0XKT\"><a href=\"https:\/\/diariotextual.com\/inicio\/index.php\/2025\/04\/29\/pj-se-corto-la-negociacion-y-di-napoli-avanza-con-la-lista-propia\/\">PJ: se cort\u00f3 la negociaci\u00f3n y Di N\u00e1poli sigue juntando avales para la lista propia<\/a><\/blockquote><iframe class=\"wp-embedded-content\" sandbox=\"allow-scripts\" security=\"restricted\" style=\"position: absolute; visibility: hidden;\" title=\"\u00abPJ: se cort\u00f3 la negociaci\u00f3n y Di N\u00e1poli sigue juntando avales para la lista propia\u00bb \u2014 Diario Textual\" src=\"https:\/\/diariotextual.com\/inicio\/index.php\/2025\/04\/29\/pj-se-corto-la-negociacion-y-di-napoli-avanza-con-la-lista-propia\/embed\/#?secret=dTOH0MXCU0#?secret=pETygQ0XKT\" data-secret=\"pETygQ0XKT\" width=\"600\" height=\"338\" frameborder=\"0\" marginwidth=\"0\" marginheight=\"0\" scrolling=\"no\"><\/iframe>\n<\/div><\/figure>\n\n\n\n<p><strong>En un claro posicionamiento de cara a las elecciones legislativas de octubre y, por supuesto, a la gobernaci\u00f3n de 2027, Di N\u00e1poli avis\u00f3 que ir\u00e1 por presidencia del PJ que pretende retener Ziliotto. Un desaf\u00edo al gobernador, pero tambi\u00e9n una amenaza -leen en el peronismo- al propio Carlos Verna.<\/strong>&nbsp;<strong>\u201c\u00bfY si Luciano gana y se queda con la lapicera?\u201d<\/strong>, hab\u00edan planteado en la municipalidad d\u00edas atr\u00e1s.<\/p>\n\n\n\n<p><strong>En el peronismo, en l\u00edneas generales, sostienen que no es momento de internas. Pero algunos dirigentes reconocen que los reclamos de Di N\u00e1poli por espacios en el Consejo del PJ son l\u00f3gicos o atendibles.<\/strong><\/p>\n\n\n\n<p>Entre el jueves y el viernes pasado,&nbsp;<strong>hubo un ofrecimiento para darle dos lugares en el Consejo del PJ<\/strong>, pero el intendente capitalino lo rechaz\u00f3. Luego, ya durante el fin de semana, las negociaciones se enfriaron. Ayer el ofrecimiento fue de tres lugares, pero tambi\u00e9n fue rechazado durante este martes.<\/p>\n\n\n\n<p>Hace unos d\u00edas, <strong>Di N\u00e1poli pidi\u00f3 \u201cjuego limpio\u201d si hay internas.&nbsp;<\/strong>Y dijo que hubo fort\u00edsimas presiones para que dirigentes del peronismo le retiraran su apoyo.<\/p>\n\n\n\n<p>De esta manera, como hoy se encuentra planteada la interna, habr\u00e1 dos listas. La de \u201cunidad\u201d est\u00e1 conformada con la gran mayor\u00eda de las l\u00edneas de peronismo: la Plural, de Carlos Verna y Sergio Ziliotto; Compromiso Peronista, al mando de Ariel Rojas, Fabi\u00e1n Bruna y Ariel Rauschenberger; el kirchnerismo -con La C\u00e1mpora y otros sectores-, que tiene como m\u00e1xima referente a Mar\u00eda Luz Alonso; Identidad Peronista, de Jorge Lezcano y socio pol\u00edtico de Di N\u00e1poli en Santa Rosa; Convergencia Peronista, al mando de los hermanos Espartaco y Varinia Mar\u00edn; NEP, de Roberto Robledo; y Alternativa Pampeana, comandada por Facundo Sola. Tambi\u00e9n en esta lista hay sectores como el Frente Peronista Barrial -quienes agradecieron pero no aceptaron el convite de Luciano-.<\/p>\n\n\n\n<p>En tanto, como public\u00f3 Diario Textual, Di N\u00e1poli fue perdiendo \u201csoldados\u201d en los \u00faltimos d\u00edas. Hay un fuerte hermetismo en su b\u00fanker, pero ha trascendido que tendr\u00eda el respaldo de un par de intendentes y de algunos sectores aislados del peronismo.<\/p>\n\n\n\n<p>Por lo pronto,&nbsp;<strong>Luciano habr\u00eda encontrado ciertas dificultares para obtener avales fuera de Santa Rosa<\/strong>. Seg\u00fan trascendi\u00f3, lleg\u00f3 a juntarlos despu\u00e9s de las listas de unidad lograran sus firmas.<\/p>\n\n\n\n<p><\/p>\n\n\n\n<p><\/p>\n\n\n\n<p><\/p>\n","protected":false},"excerpt":{"rendered":"<p>El gobernador y presidente del Partido Justicialista, Sergio Ziliotto, les comunic\u00f3 en el mediod\u00eda de este martes a los dirigentes de las principales l\u00edneas del peronismo que no hay acuerdo&hellip;<\/p>\n","protected":false},"author":3,"featured_media":232019,"comment_status":"closed","ping_status":"open","sticky":false,"template":"","format":"standard","meta":{"_acf_changed":false,"footnotes":""},"categories":[4,8],"tags":[],"class_list":["post-295035","post","type-post","status-publish","format-standard","has-post-thumbnail","hentry","category-destacadas","category-politica"],"acf":[],"yoast_head":"<!-- This site is optimized with the Yoast SEO plugin v27.4 - https:\/\/yoast.com\/product\/yoast-seo-wordpress\/ -->\n<title>La interna en el PJ es inevitable: Ziliotto le ofreci\u00f3 tres cargos de consejeros, pero Di N\u00e1poli los rechaz\u00f3 - Diario Textual<\/title>\n<meta name=\"robots\" content=\"index, follow, max-snippet:-1, max-image-preview:large, max-video-preview:-1\" \/>\n<link rel=\"canonical\" href=\"https:\/\/diariotextual.com\/inicio\/index.php\/2025\/04\/29\/ziliotto-reunio-a-las-lineas-internas-del-pj-y-les-confirmo-que-di-napoli-va-con-lista-propia\/\" \/>\n<meta property=\"og:locale\" content=\"es_ES\" \/>\n<meta property=\"og:type\" content=\"article\" \/>\n<meta property=\"og:title\" content=\"La interna en el PJ es inevitable: Ziliotto le ofreci\u00f3 tres cargos de consejeros, pero Di N\u00e1poli los rechaz\u00f3 - Diario Textual\" \/>\n<meta property=\"og:description\" content=\"El gobernador y presidente del Partido Justicialista, Sergio Ziliotto, les comunic\u00f3 en el mediod\u00eda de este martes a los dirigentes de las principales l\u00edneas del peronismo que no hay acuerdo&hellip;\" \/>\n<meta property=\"og:url\" content=\"https:\/\/diariotextual.com\/inicio\/index.php\/2025\/04\/29\/ziliotto-reunio-a-las-lineas-internas-del-pj-y-les-confirmo-que-di-napoli-va-con-lista-propia\/\" \/>\n<meta property=\"og:site_name\" content=\"Diario Textual\" \/>\n<meta property=\"article:publisher\" content=\"https:\/\/www.facebook.com\/eltextual\" \/>\n<meta property=\"article:published_time\" content=\"2025-04-29T21:00:00+00:00\" \/>\n<meta property=\"article:modified_time\" content=\"2025-04-29T22:53:12+00:00\" \/>\n<meta property=\"og:image\" content=\"https:\/\/diariotextual.com\/inicio\/wp-content\/uploads\/2023\/07\/dinapolilucianoziliottosergio2023-7.jpg\" \/>\n\t<meta property=\"og:image:width\" content=\"1024\" \/>\n\t<meta property=\"og:image:height\" content=\"683\" \/>\n\t<meta property=\"og:image:type\" content=\"image\/jpeg\" \/>\n<meta name=\"author\" content=\"Diario1 Diario1\" \/>\n<meta name=\"twitter:card\" content=\"summary_large_image\" \/>\n<meta name=\"twitter:creator\" content=\"@eltextual\" \/>\n<meta name=\"twitter:site\" content=\"@eltextual\" \/>\n<meta name=\"twitter:label1\" content=\"Escrito por\" \/>\n\t<meta name=\"twitter:data1\" content=\"Diario1 Diario1\" \/>\n\t<meta name=\"twitter:label2\" content=\"Tiempo de lectura\" \/>\n\t<meta name=\"twitter:data2\" content=\"4 minutos\" \/>\n<script type=\"application\/ld+json\" class=\"yoast-schema-graph\">{\"@context\":\"https:\\\/\\\/schema.org\",\"@graph\":[{\"@type\":\"Article\",\"@id\":\"https:\\\/\\\/diariotextual.com\\\/inicio\\\/index.php\\\/2025\\\/04\\\/29\\\/ziliotto-reunio-a-las-lineas-internas-del-pj-y-les-confirmo-que-di-napoli-va-con-lista-propia\\\/#article\",\"isPartOf\":{\"@id\":\"https:\\\/\\\/diariotextual.com\\\/inicio\\\/index.php\\\/2025\\\/04\\\/29\\\/ziliotto-reunio-a-las-lineas-internas-del-pj-y-les-confirmo-que-di-napoli-va-con-lista-propia\\\/\"},\"author\":{\"name\":\"Diario1 Diario1\",\"@id\":\"https:\\\/\\\/diariotextual.com\\\/inicio\\\/#\\\/schema\\\/person\\\/418fc4093c33e86ed41562db3508f958\"},\"headline\":\"La interna en el PJ es inevitable: Ziliotto le ofreci\u00f3 tres cargos de consejeros, pero Di N\u00e1poli los rechaz\u00f3\",\"datePublished\":\"2025-04-29T21:00:00+00:00\",\"dateModified\":\"2025-04-29T22:53:12+00:00\",\"mainEntityOfPage\":{\"@id\":\"https:\\\/\\\/diariotextual.com\\\/inicio\\\/index.php\\\/2025\\\/04\\\/29\\\/ziliotto-reunio-a-las-lineas-internas-del-pj-y-les-confirmo-que-di-napoli-va-con-lista-propia\\\/\"},\"wordCount\":690,\"publisher\":{\"@id\":\"https:\\\/\\\/diariotextual.com\\\/inicio\\\/#organization\"},\"image\":{\"@id\":\"https:\\\/\\\/diariotextual.com\\\/inicio\\\/index.php\\\/2025\\\/04\\\/29\\\/ziliotto-reunio-a-las-lineas-internas-del-pj-y-les-confirmo-que-di-napoli-va-con-lista-propia\\\/#primaryimage\"},\"thumbnailUrl\":\"https:\\\/\\\/diariotextual.com\\\/inicio\\\/wp-content\\\/uploads\\\/2023\\\/07\\\/dinapolilucianoziliottosergio2023-7.jpg\",\"articleSection\":[\"A - DESTACADAS (mod 16)\",\"POLITICA\"],\"inLanguage\":\"es\"},{\"@type\":\"WebPage\",\"@id\":\"https:\\\/\\\/diariotextual.com\\\/inicio\\\/index.php\\\/2025\\\/04\\\/29\\\/ziliotto-reunio-a-las-lineas-internas-del-pj-y-les-confirmo-que-di-napoli-va-con-lista-propia\\\/\",\"url\":\"https:\\\/\\\/diariotextual.com\\\/inicio\\\/index.php\\\/2025\\\/04\\\/29\\\/ziliotto-reunio-a-las-lineas-internas-del-pj-y-les-confirmo-que-di-napoli-va-con-lista-propia\\\/\",\"name\":\"La interna en el PJ es inevitable: Ziliotto le ofreci\u00f3 tres cargos de consejeros, pero Di N\u00e1poli los rechaz\u00f3 - Diario Textual\",\"isPartOf\":{\"@id\":\"https:\\\/\\\/diariotextual.com\\\/inicio\\\/#website\"},\"primaryImageOfPage\":{\"@id\":\"https:\\\/\\\/diariotextual.com\\\/inicio\\\/index.php\\\/2025\\\/04\\\/29\\\/ziliotto-reunio-a-las-lineas-internas-del-pj-y-les-confirmo-que-di-napoli-va-con-lista-propia\\\/#primaryimage\"},\"image\":{\"@id\":\"https:\\\/\\\/diariotextual.com\\\/inicio\\\/index.php\\\/2025\\\/04\\\/29\\\/ziliotto-reunio-a-las-lineas-internas-del-pj-y-les-confirmo-que-di-napoli-va-con-lista-propia\\\/#primaryimage\"},\"thumbnailUrl\":\"https:\\\/\\\/diariotextual.com\\\/inicio\\\/wp-content\\\/uploads\\\/2023\\\/07\\\/dinapolilucianoziliottosergio2023-7.jpg\",\"datePublished\":\"2025-04-29T21:00:00+00:00\",\"dateModified\":\"2025-04-29T22:53:12+00:00\",\"breadcrumb\":{\"@id\":\"https:\\\/\\\/diariotextual.com\\\/inicio\\\/index.php\\\/2025\\\/04\\\/29\\\/ziliotto-reunio-a-las-lineas-internas-del-pj-y-les-confirmo-que-di-napoli-va-con-lista-propia\\\/#breadcrumb\"},\"inLanguage\":\"es\",\"potentialAction\":[{\"@type\":\"ReadAction\",\"target\":[\"https:\\\/\\\/diariotextual.com\\\/inicio\\\/index.php\\\/2025\\\/04\\\/29\\\/ziliotto-reunio-a-las-lineas-internas-del-pj-y-les-confirmo-que-di-napoli-va-con-lista-propia\\\/\"]}]},{\"@type\":\"ImageObject\",\"inLanguage\":\"es\",\"@id\":\"https:\\\/\\\/diariotextual.com\\\/inicio\\\/index.php\\\/2025\\\/04\\\/29\\\/ziliotto-reunio-a-las-lineas-internas-del-pj-y-les-confirmo-que-di-napoli-va-con-lista-propia\\\/#primaryimage\",\"url\":\"https:\\\/\\\/diariotextual.com\\\/inicio\\\/wp-content\\\/uploads\\\/2023\\\/07\\\/dinapolilucianoziliottosergio2023-7.jpg\",\"contentUrl\":\"https:\\\/\\\/diariotextual.com\\\/inicio\\\/wp-content\\\/uploads\\\/2023\\\/07\\\/dinapolilucianoziliottosergio2023-7.jpg\",\"width\":1024,\"height\":683},{\"@type\":\"BreadcrumbList\",\"@id\":\"https:\\\/\\\/diariotextual.com\\\/inicio\\\/index.php\\\/2025\\\/04\\\/29\\\/ziliotto-reunio-a-las-lineas-internas-del-pj-y-les-confirmo-que-di-napoli-va-con-lista-propia\\\/#breadcrumb\",\"itemListElement\":[{\"@type\":\"ListItem\",\"position\":1,\"name\":\"Portada\",\"item\":\"https:\\\/\\\/diariotextual.com\\\/inicio\\\/\"},{\"@type\":\"ListItem\",\"position\":2,\"name\":\"La interna en el PJ es inevitable: Ziliotto le ofreci\u00f3 tres cargos de consejeros, pero Di N\u00e1poli los rechaz\u00f3\"}]},{\"@type\":\"WebSite\",\"@id\":\"https:\\\/\\\/diariotextual.com\\\/inicio\\\/#website\",\"url\":\"https:\\\/\\\/diariotextual.com\\\/inicio\\\/\",\"name\":\"Diario Textual\",\"description\":\"\",\"publisher\":{\"@id\":\"https:\\\/\\\/diariotextual.com\\\/inicio\\\/#organization\"},\"potentialAction\":[{\"@type\":\"SearchAction\",\"target\":{\"@type\":\"EntryPoint\",\"urlTemplate\":\"https:\\\/\\\/diariotextual.com\\\/inicio\\\/?s={search_term_string}\"},\"query-input\":{\"@type\":\"PropertyValueSpecification\",\"valueRequired\":true,\"valueName\":\"search_term_string\"}}],\"inLanguage\":\"es\"},{\"@type\":\"Organization\",\"@id\":\"https:\\\/\\\/diariotextual.com\\\/inicio\\\/#organization\",\"name\":\"Diario Textual\",\"url\":\"https:\\\/\\\/diariotextual.com\\\/inicio\\\/\",\"logo\":{\"@type\":\"ImageObject\",\"inLanguage\":\"es\",\"@id\":\"https:\\\/\\\/diariotextual.com\\\/inicio\\\/#\\\/schema\\\/logo\\\/image\\\/\",\"url\":\"https:\\\/\\\/diariotextual.com\\\/inicio\\\/wp-content\\\/uploads\\\/2023\\\/05\\\/logotextual1.jpg\",\"contentUrl\":\"https:\\\/\\\/diariotextual.com\\\/inicio\\\/wp-content\\\/uploads\\\/2023\\\/05\\\/logotextual1.jpg\",\"width\":516,\"height\":76,\"caption\":\"Diario Textual\"},\"image\":{\"@id\":\"https:\\\/\\\/diariotextual.com\\\/inicio\\\/#\\\/schema\\\/logo\\\/image\\\/\"},\"sameAs\":[\"https:\\\/\\\/www.facebook.com\\\/eltextual\",\"https:\\\/\\\/x.com\\\/eltextual\",\"http:\\\/\\\/www.instagram.com\\\/eltextual\"]},{\"@type\":\"Person\",\"@id\":\"https:\\\/\\\/diariotextual.com\\\/inicio\\\/#\\\/schema\\\/person\\\/418fc4093c33e86ed41562db3508f958\",\"name\":\"Diario1 Diario1\",\"image\":{\"@type\":\"ImageObject\",\"inLanguage\":\"es\",\"@id\":\"https:\\\/\\\/secure.gravatar.com\\\/avatar\\\/9167d280179c85bc18be67aa7eda765854300033af4896dd779b608640f2ef7a?s=96&d=mm&r=g\",\"url\":\"https:\\\/\\\/secure.gravatar.com\\\/avatar\\\/9167d280179c85bc18be67aa7eda765854300033af4896dd779b608640f2ef7a?s=96&d=mm&r=g\",\"contentUrl\":\"https:\\\/\\\/secure.gravatar.com\\\/avatar\\\/9167d280179c85bc18be67aa7eda765854300033af4896dd779b608640f2ef7a?s=96&d=mm&r=g\",\"caption\":\"Diario1 Diario1\"},\"url\":\"https:\\\/\\\/diariotextual.com\\\/inicio\\\/index.php\\\/author\\\/diario1\\\/\"}]}<\/script>\n<!-- \/ Yoast SEO plugin. -->","yoast_head_json":{"title":"La interna en el PJ es inevitable: Ziliotto le ofreci\u00f3 tres cargos de consejeros, pero Di N\u00e1poli los rechaz\u00f3 - Diario Textual","robots":{"index":"index","follow":"follow","max-snippet":"max-snippet:-1","max-image-preview":"max-image-preview:large","max-video-preview":"max-video-preview:-1"},"canonical":"https:\/\/diariotextual.com\/inicio\/index.php\/2025\/04\/29\/ziliotto-reunio-a-las-lineas-internas-del-pj-y-les-confirmo-que-di-napoli-va-con-lista-propia\/","og_locale":"es_ES","og_type":"article","og_title":"La interna en el PJ es inevitable: Ziliotto le ofreci\u00f3 tres cargos de consejeros, pero Di N\u00e1poli los rechaz\u00f3 - Diario Textual","og_description":"El gobernador y presidente del Partido Justicialista, Sergio Ziliotto, les comunic\u00f3 en el mediod\u00eda de este martes a los dirigentes de las principales l\u00edneas del peronismo que no hay acuerdo&hellip;","og_url":"https:\/\/diariotextual.com\/inicio\/index.php\/2025\/04\/29\/ziliotto-reunio-a-las-lineas-internas-del-pj-y-les-confirmo-que-di-napoli-va-con-lista-propia\/","og_site_name":"Diario Textual","article_publisher":"https:\/\/www.facebook.com\/eltextual","article_published_time":"2025-04-29T21:00:00+00:00","article_modified_time":"2025-04-29T22:53:12+00:00","og_image":[{"width":1024,"height":683,"url":"https:\/\/diariotextual.com\/inicio\/wp-content\/uploads\/2023\/07\/dinapolilucianoziliottosergio2023-7.jpg","type":"image\/jpeg"}],"author":"Diario1 Diario1","twitter_card":"summary_large_image","twitter_creator":"@eltextual","twitter_site":"@eltextual","twitter_misc":{"Escrito por":"Diario1 Diario1","Tiempo de lectura":"4 minutos"},"schema":{"@context":"https:\/\/schema.org","@graph":[{"@type":"Article","@id":"https:\/\/diariotextual.com\/inicio\/index.php\/2025\/04\/29\/ziliotto-reunio-a-las-lineas-internas-del-pj-y-les-confirmo-que-di-napoli-va-con-lista-propia\/#article","isPartOf":{"@id":"https:\/\/diariotextual.com\/inicio\/index.php\/2025\/04\/29\/ziliotto-reunio-a-las-lineas-internas-del-pj-y-les-confirmo-que-di-napoli-va-con-lista-propia\/"},"author":{"name":"Diario1 Diario1","@id":"https:\/\/diariotextual.com\/inicio\/#\/schema\/person\/418fc4093c33e86ed41562db3508f958"},"headline":"La interna en el PJ es inevitable: Ziliotto le ofreci\u00f3 tres cargos de consejeros, pero Di N\u00e1poli los rechaz\u00f3","datePublished":"2025-04-29T21:00:00+00:00","dateModified":"2025-04-29T22:53:12+00:00","mainEntityOfPage":{"@id":"https:\/\/diariotextual.com\/inicio\/index.php\/2025\/04\/29\/ziliotto-reunio-a-las-lineas-internas-del-pj-y-les-confirmo-que-di-napoli-va-con-lista-propia\/"},"wordCount":690,"publisher":{"@id":"https:\/\/diariotextual.com\/inicio\/#organization"},"image":{"@id":"https:\/\/diariotextual.com\/inicio\/index.php\/2025\/04\/29\/ziliotto-reunio-a-las-lineas-internas-del-pj-y-les-confirmo-que-di-napoli-va-con-lista-propia\/#primaryimage"},"thumbnailUrl":"https:\/\/diariotextual.com\/inicio\/wp-content\/uploads\/2023\/07\/dinapolilucianoziliottosergio2023-7.jpg","articleSection":["A - DESTACADAS (mod 16)","POLITICA"],"inLanguage":"es"},{"@type":"WebPage","@id":"https:\/\/diariotextual.com\/inicio\/index.php\/2025\/04\/29\/ziliotto-reunio-a-las-lineas-internas-del-pj-y-les-confirmo-que-di-napoli-va-con-lista-propia\/","url":"https:\/\/diariotextual.com\/inicio\/index.php\/2025\/04\/29\/ziliotto-reunio-a-las-lineas-internas-del-pj-y-les-confirmo-que-di-napoli-va-con-lista-propia\/","name":"La interna en el PJ es inevitable: Ziliotto le ofreci\u00f3 tres cargos de consejeros, pero Di N\u00e1poli los rechaz\u00f3 - Diario Textual","isPartOf":{"@id":"https:\/\/diariotextual.com\/inicio\/#website"},"primaryImageOfPage":{"@id":"https:\/\/diariotextual.com\/inicio\/index.php\/2025\/04\/29\/ziliotto-reunio-a-las-lineas-internas-del-pj-y-les-confirmo-que-di-napoli-va-con-lista-propia\/#primaryimage"},"image":{"@id":"https:\/\/diariotextual.com\/inicio\/index.php\/2025\/04\/29\/ziliotto-reunio-a-las-lineas-internas-del-pj-y-les-confirmo-que-di-napoli-va-con-lista-propia\/#primaryimage"},"thumbnailUrl":"https:\/\/diariotextual.com\/inicio\/wp-content\/uploads\/2023\/07\/dinapolilucianoziliottosergio2023-7.jpg","datePublished":"2025-04-29T21:00:00+00:00","dateModified":"2025-04-29T22:53:12+00:00","breadcrumb":{"@id":"https:\/\/diariotextual.com\/inicio\/index.php\/2025\/04\/29\/ziliotto-reunio-a-las-lineas-internas-del-pj-y-les-confirmo-que-di-napoli-va-con-lista-propia\/#breadcrumb"},"inLanguage":"es","potentialAction":[{"@type":"ReadAction","target":["https:\/\/diariotextual.com\/inicio\/index.php\/2025\/04\/29\/ziliotto-reunio-a-las-lineas-internas-del-pj-y-les-confirmo-que-di-napoli-va-con-lista-propia\/"]}]},{"@type":"ImageObject","inLanguage":"es","@id":"https:\/\/diariotextual.com\/inicio\/index.php\/2025\/04\/29\/ziliotto-reunio-a-las-lineas-internas-del-pj-y-les-confirmo-que-di-napoli-va-con-lista-propia\/#primaryimage","url":"https:\/\/diariotextual.com\/inicio\/wp-content\/uploads\/2023\/07\/dinapolilucianoziliottosergio2023-7.jpg","contentUrl":"https:\/\/diariotextual.com\/inicio\/wp-content\/uploads\/2023\/07\/dinapolilucianoziliottosergio2023-7.jpg","width":1024,"height":683},{"@type":"BreadcrumbList","@id":"https:\/\/diariotextual.com\/inicio\/index.php\/2025\/04\/29\/ziliotto-reunio-a-las-lineas-internas-del-pj-y-les-confirmo-que-di-napoli-va-con-lista-propia\/#breadcrumb","itemListElement":[{"@type":"ListItem","position":1,"name":"Portada","item":"https:\/\/diariotextual.com\/inicio\/"},{"@type":"ListItem","position":2,"name":"La interna en el PJ es inevitable: Ziliotto le ofreci\u00f3 tres cargos de consejeros, pero Di N\u00e1poli los rechaz\u00f3"}]},{"@type":"WebSite","@id":"https:\/\/diariotextual.com\/inicio\/#website","url":"https:\/\/diariotextual.com\/inicio\/","name":"Diario Textual","description":"","publisher":{"@id":"https:\/\/diariotextual.com\/inicio\/#organization"},"potentialAction":[{"@type":"SearchAction","target":{"@type":"EntryPoint","urlTemplate":"https:\/\/diariotextual.com\/inicio\/?s={search_term_string}"},"query-input":{"@type":"PropertyValueSpecification","valueRequired":true,"valueName":"search_term_string"}}],"inLanguage":"es"},{"@type":"Organization","@id":"https:\/\/diariotextual.com\/inicio\/#organization","name":"Diario Textual","url":"https:\/\/diariotextual.com\/inicio\/","logo":{"@type":"ImageObject","inLanguage":"es","@id":"https:\/\/diariotextual.com\/inicio\/#\/schema\/logo\/image\/","url":"https:\/\/diariotextual.com\/inicio\/wp-content\/uploads\/2023\/05\/logotextual1.jpg","contentUrl":"https:\/\/diariotextual.com\/inicio\/wp-content\/uploads\/2023\/05\/logotextual1.jpg","width":516,"height":76,"caption":"Diario Textual"},"image":{"@id":"https:\/\/diariotextual.com\/inicio\/#\/schema\/logo\/image\/"},"sameAs":["https:\/\/www.facebook.com\/eltextual","https:\/\/x.com\/eltextual","http:\/\/www.instagram.com\/eltextual"]},{"@type":"Person","@id":"https:\/\/diariotextual.com\/inicio\/#\/schema\/person\/418fc4093c33e86ed41562db3508f958","name":"Diario1 Diario1","image":{"@type":"ImageObject","inLanguage":"es","@id":"https:\/\/secure.gravatar.com\/avatar\/9167d280179c85bc18be67aa7eda765854300033af4896dd779b608640f2ef7a?s=96&d=mm&r=g","url":"https:\/\/secure.gravatar.com\/avatar\/9167d280179c85bc18be67aa7eda765854300033af4896dd779b608640f2ef7a?s=96&d=mm&r=g","contentUrl":"https:\/\/secure.gravatar.com\/avatar\/9167d280179c85bc18be67aa7eda765854300033af4896dd779b608640f2ef7a?s=96&d=mm&r=g","caption":"Diario1 Diario1"},"url":"https:\/\/diariotextual.com\/inicio\/index.php\/author\/diario1\/"}]}},"_links":{"self":[{"href":"https:\/\/diariotextual.com\/inicio\/index.php\/wp-json\/wp\/v2\/posts\/295035","targetHints":{"allow":["GET"]}}],"collection":[{"href":"https:\/\/diariotextual.com\/inicio\/index.php\/wp-json\/wp\/v2\/posts"}],"about":[{"href":"https:\/\/diariotextual.com\/inicio\/index.php\/wp-json\/wp\/v2\/types\/post"}],"author":[{"embeddable":true,"href":"https:\/\/diariotextual.com\/inicio\/index.php\/wp-json\/wp\/v2\/users\/3"}],"replies":[{"embeddable":true,"href":"https:\/\/diariotextual.com\/inicio\/index.php\/wp-json\/wp\/v2\/comments?post=295035"}],"version-history":[{"count":11,"href":"https:\/\/diariotextual.com\/inicio\/index.php\/wp-json\/wp\/v2\/posts\/295035\/revisions"}],"predecessor-version":[{"id":295053,"href":"https:\/\/diariotextual.com\/inicio\/index.php\/wp-json\/wp\/v2\/posts\/295035\/revisions\/295053"}],"wp:featuredmedia":[{"embeddable":true,"href":"https:\/\/diariotextual.com\/inicio\/index.php\/wp-json\/wp\/v2\/media\/232019"}],"wp:attachment":[{"href":"https:\/\/diariotextual.com\/inicio\/index.php\/wp-json\/wp\/v2\/media?parent=295035"}],"wp:term":[{"taxonomy":"category","embeddable":true,"href":"https:\/\/diariotextual.com\/inicio\/index.php\/wp-json\/wp\/v2\/categories?post=295035"},{"taxonomy":"post_tag","embeddable":true,"href":"https:\/\/diariotextual.com\/inicio\/index.php\/wp-json\/wp\/v2\/tags?post=295035"}],"curies":[{"name":"wp","href":"https:\/\/api.w.org\/{rel}","templated":true}]}}