{"id":296535,"date":"2025-05-17T11:37:18","date_gmt":"2025-05-17T14:37:18","guid":{"rendered":"https:\/\/diariotextual.com\/inicio\/?p=296535"},"modified":"2025-05-18T07:33:44","modified_gmt":"2025-05-18T10:33:44","slug":"colapinto-choco-y-largara-la-final-en-el-puesto-14","status":"publish","type":"post","link":"https:\/\/diariotextual.com\/inicio\/index.php\/2025\/05\/17\/colapinto-choco-y-largara-la-final-en-el-puesto-14\/","title":{"rendered":"Colapinto largar\u00e1 en el 16\u00b0 puesto en el Gran Premio de Emilia Roma\u00f1a"},"content":{"rendered":"\n<p>El primer fin de semana de Franco Colapinto como piloto titular de Alpine en la F\u00f3rmula 1 no est\u00e1 siendo sencillo, ya que aunque logr\u00f3 avanzar a la Q2 durante la clasificaci\u00f3n, un accidente lo dej\u00f3 sin chances de seguir compitiendo por mejores posiciones y, adem\u00e1s, fue sancionado por salir de boxes antes de lo permitido.<\/p>\n\n\n\n<p>Por esto, ya no ocupar\u00e1 el decimoquinto lugar tal como hab\u00eda finalizado en la grilla tras su choque, sino que largar\u00e1 desde la decimosexta posici\u00f3n.<\/p>\n\n\n\n<p>Durante su segundo intento de mejorar su tiempo en la Q1 luego de la bandera roja provocada por el tailand\u00e9s Yuki Tsunoda de Red Bull, Colapinto perdi\u00f3 el control de su monoplaza y sufri\u00f3 un fuerte impacto que da\u00f1\u00f3 seriamente la parte derecha del Alpine, incluyendo la suspensi\u00f3n.<\/p>\n\n\n\n<p>Aunque el golpe gener\u00f3 preocupaci\u00f3n en el equipo franc\u00e9s, el pilarense sali\u00f3 por sus propios medios del auto y r\u00e1pidamente pidi\u00f3 disculpas por radio al equipo. La frustraci\u00f3n por no poder completar la clasificaci\u00f3n se sum\u00f3 a las consecuencias que trajo la maniobra.<\/p>\n\n\n\n<p>Adem\u00e1s del accidente, el equipo recibi\u00f3 una sanci\u00f3n econ\u00f3mica de 600 euros debido a que Colapinto excedi\u00f3 el l\u00edmite de velocidad permitido en el pitlane durante la tercera pr\u00e1ctica libre.<\/p>\n\n\n\n<p>Mientras ingresaba a boxes tras su primera vuelta r\u00e1pida, el argentino circul\u00f3 a 85,1 km\/h, superando el m\u00e1ximo permitido de 80 km\/h.<\/p>\n\n\n\n<p>El pilarense ir\u00e1 por la heroica este domingo a las 10 (hora argentina) en la carrera correspondiente al Gran Premio de Emilia-Roma\u00f1a con la intenci\u00f3n de llegar a la zona de puntos.<\/p>\n\n\n\n<p><\/p>\n","protected":false},"excerpt":{"rendered":"<p>El primer fin de semana de Franco Colapinto como piloto titular de Alpine en la F\u00f3rmula 1 no est\u00e1 siendo sencillo, ya que aunque logr\u00f3 avanzar a la Q2 durante&hellip;<\/p>\n","protected":false},"author":3,"featured_media":296536,"comment_status":"closed","ping_status":"open","sticky":false,"template":"","format":"standard","meta":{"_acf_changed":false,"footnotes":""},"categories":[3],"tags":[],"class_list":["post-296535","post","type-post","status-publish","format-standard","has-post-thumbnail","hentry","category-deportes"],"acf":[],"yoast_head":"<!-- This site is optimized with the Yoast SEO plugin v27.5 - https:\/\/yoast.com\/product\/yoast-seo-wordpress\/ -->\n<title>Colapinto largar\u00e1 en el 16\u00b0 puesto en el Gran Premio de Emilia Roma\u00f1a - Diario Textual<\/title>\n<meta name=\"robots\" content=\"index, follow, max-snippet:-1, max-image-preview:large, max-video-preview:-1\" \/>\n<link rel=\"canonical\" href=\"https:\/\/diariotextual.com\/inicio\/index.php\/2025\/05\/17\/colapinto-choco-y-largara-la-final-en-el-puesto-14\/\" \/>\n<meta property=\"og:locale\" content=\"es_ES\" \/>\n<meta property=\"og:type\" content=\"article\" \/>\n<meta property=\"og:title\" content=\"Colapinto largar\u00e1 en el 16\u00b0 puesto en el Gran Premio de Emilia Roma\u00f1a - Diario Textual\" \/>\n<meta property=\"og:description\" content=\"El primer fin de semana de Franco Colapinto como piloto titular de Alpine en la F\u00f3rmula 1 no est\u00e1 siendo sencillo, ya que aunque logr\u00f3 avanzar a la Q2 durante&hellip;\" \/>\n<meta property=\"og:url\" content=\"https:\/\/diariotextual.com\/inicio\/index.php\/2025\/05\/17\/colapinto-choco-y-largara-la-final-en-el-puesto-14\/\" \/>\n<meta property=\"og:site_name\" content=\"Diario Textual\" \/>\n<meta property=\"article:publisher\" content=\"https:\/\/www.facebook.com\/eltextual\" \/>\n<meta property=\"article:published_time\" content=\"2025-05-17T14:37:18+00:00\" \/>\n<meta property=\"article:modified_time\" content=\"2025-05-18T10:33:44+00:00\" \/>\n<meta property=\"og:image\" content=\"https:\/\/diariotextual.com\/inicio\/wp-content\/uploads\/2025\/05\/colapintofrancoimolachoque2025-7.jpeg\" \/>\n\t<meta property=\"og:image:width\" content=\"909\" \/>\n\t<meta property=\"og:image:height\" content=\"612\" \/>\n\t<meta property=\"og:image:type\" content=\"image\/jpeg\" \/>\n<meta name=\"author\" content=\"Diario1 Diario1\" \/>\n<meta name=\"twitter:card\" content=\"summary_large_image\" \/>\n<meta name=\"twitter:creator\" content=\"@eltextual\" \/>\n<meta name=\"twitter:site\" content=\"@eltextual\" \/>\n<meta name=\"twitter:label1\" content=\"Escrito por\" \/>\n\t<meta name=\"twitter:data1\" content=\"Diario1 Diario1\" \/>\n\t<meta name=\"twitter:label2\" content=\"Tiempo de lectura\" \/>\n\t<meta name=\"twitter:data2\" content=\"2 minutos\" \/>\n<script type=\"application\/ld+json\" class=\"yoast-schema-graph\">{\"@context\":\"https:\\\/\\\/schema.org\",\"@graph\":[{\"@type\":\"Article\",\"@id\":\"https:\\\/\\\/diariotextual.com\\\/inicio\\\/index.php\\\/2025\\\/05\\\/17\\\/colapinto-choco-y-largara-la-final-en-el-puesto-14\\\/#article\",\"isPartOf\":{\"@id\":\"https:\\\/\\\/diariotextual.com\\\/inicio\\\/index.php\\\/2025\\\/05\\\/17\\\/colapinto-choco-y-largara-la-final-en-el-puesto-14\\\/\"},\"author\":{\"name\":\"Diario1 Diario1\",\"@id\":\"https:\\\/\\\/diariotextual.com\\\/inicio\\\/#\\\/schema\\\/person\\\/418fc4093c33e86ed41562db3508f958\"},\"headline\":\"Colapinto largar\u00e1 en el 16\u00b0 puesto en el Gran Premio de Emilia Roma\u00f1a\",\"datePublished\":\"2025-05-17T14:37:18+00:00\",\"dateModified\":\"2025-05-18T10:33:44+00:00\",\"mainEntityOfPage\":{\"@id\":\"https:\\\/\\\/diariotextual.com\\\/inicio\\\/index.php\\\/2025\\\/05\\\/17\\\/colapinto-choco-y-largara-la-final-en-el-puesto-14\\\/\"},\"wordCount\":287,\"publisher\":{\"@id\":\"https:\\\/\\\/diariotextual.com\\\/inicio\\\/#organization\"},\"image\":{\"@id\":\"https:\\\/\\\/diariotextual.com\\\/inicio\\\/index.php\\\/2025\\\/05\\\/17\\\/colapinto-choco-y-largara-la-final-en-el-puesto-14\\\/#primaryimage\"},\"thumbnailUrl\":\"https:\\\/\\\/diariotextual.com\\\/inicio\\\/wp-content\\\/uploads\\\/2025\\\/05\\\/colapintofrancoimolachoque2025-7.jpeg\",\"articleSection\":[\"DEPORTES\"],\"inLanguage\":\"es\"},{\"@type\":\"WebPage\",\"@id\":\"https:\\\/\\\/diariotextual.com\\\/inicio\\\/index.php\\\/2025\\\/05\\\/17\\\/colapinto-choco-y-largara-la-final-en-el-puesto-14\\\/\",\"url\":\"https:\\\/\\\/diariotextual.com\\\/inicio\\\/index.php\\\/2025\\\/05\\\/17\\\/colapinto-choco-y-largara-la-final-en-el-puesto-14\\\/\",\"name\":\"Colapinto largar\u00e1 en el 16\u00b0 puesto en el Gran Premio de Emilia Roma\u00f1a - Diario Textual\",\"isPartOf\":{\"@id\":\"https:\\\/\\\/diariotextual.com\\\/inicio\\\/#website\"},\"primaryImageOfPage\":{\"@id\":\"https:\\\/\\\/diariotextual.com\\\/inicio\\\/index.php\\\/2025\\\/05\\\/17\\\/colapinto-choco-y-largara-la-final-en-el-puesto-14\\\/#primaryimage\"},\"image\":{\"@id\":\"https:\\\/\\\/diariotextual.com\\\/inicio\\\/index.php\\\/2025\\\/05\\\/17\\\/colapinto-choco-y-largara-la-final-en-el-puesto-14\\\/#primaryimage\"},\"thumbnailUrl\":\"https:\\\/\\\/diariotextual.com\\\/inicio\\\/wp-content\\\/uploads\\\/2025\\\/05\\\/colapintofrancoimolachoque2025-7.jpeg\",\"datePublished\":\"2025-05-17T14:37:18+00:00\",\"dateModified\":\"2025-05-18T10:33:44+00:00\",\"breadcrumb\":{\"@id\":\"https:\\\/\\\/diariotextual.com\\\/inicio\\\/index.php\\\/2025\\\/05\\\/17\\\/colapinto-choco-y-largara-la-final-en-el-puesto-14\\\/#breadcrumb\"},\"inLanguage\":\"es\",\"potentialAction\":[{\"@type\":\"ReadAction\",\"target\":[\"https:\\\/\\\/diariotextual.com\\\/inicio\\\/index.php\\\/2025\\\/05\\\/17\\\/colapinto-choco-y-largara-la-final-en-el-puesto-14\\\/\"]}]},{\"@type\":\"ImageObject\",\"inLanguage\":\"es\",\"@id\":\"https:\\\/\\\/diariotextual.com\\\/inicio\\\/index.php\\\/2025\\\/05\\\/17\\\/colapinto-choco-y-largara-la-final-en-el-puesto-14\\\/#primaryimage\",\"url\":\"https:\\\/\\\/diariotextual.com\\\/inicio\\\/wp-content\\\/uploads\\\/2025\\\/05\\\/colapintofrancoimolachoque2025-7.jpeg\",\"contentUrl\":\"https:\\\/\\\/diariotextual.com\\\/inicio\\\/wp-content\\\/uploads\\\/2025\\\/05\\\/colapintofrancoimolachoque2025-7.jpeg\",\"width\":909,\"height\":612},{\"@type\":\"BreadcrumbList\",\"@id\":\"https:\\\/\\\/diariotextual.com\\\/inicio\\\/index.php\\\/2025\\\/05\\\/17\\\/colapinto-choco-y-largara-la-final-en-el-puesto-14\\\/#breadcrumb\",\"itemListElement\":[{\"@type\":\"ListItem\",\"position\":1,\"name\":\"Portada\",\"item\":\"https:\\\/\\\/diariotextual.com\\\/inicio\\\/\"},{\"@type\":\"ListItem\",\"position\":2,\"name\":\"Colapinto largar\u00e1 en el 16\u00b0 puesto en el Gran Premio de Emilia Roma\u00f1a\"}]},{\"@type\":\"WebSite\",\"@id\":\"https:\\\/\\\/diariotextual.com\\\/inicio\\\/#website\",\"url\":\"https:\\\/\\\/diariotextual.com\\\/inicio\\\/\",\"name\":\"Diario Textual\",\"description\":\"\",\"publisher\":{\"@id\":\"https:\\\/\\\/diariotextual.com\\\/inicio\\\/#organization\"},\"potentialAction\":[{\"@type\":\"SearchAction\",\"target\":{\"@type\":\"EntryPoint\",\"urlTemplate\":\"https:\\\/\\\/diariotextual.com\\\/inicio\\\/?s={search_term_string}\"},\"query-input\":{\"@type\":\"PropertyValueSpecification\",\"valueRequired\":true,\"valueName\":\"search_term_string\"}}],\"inLanguage\":\"es\"},{\"@type\":\"Organization\",\"@id\":\"https:\\\/\\\/diariotextual.com\\\/inicio\\\/#organization\",\"name\":\"Diario Textual\",\"url\":\"https:\\\/\\\/diariotextual.com\\\/inicio\\\/\",\"logo\":{\"@type\":\"ImageObject\",\"inLanguage\":\"es\",\"@id\":\"https:\\\/\\\/diariotextual.com\\\/inicio\\\/#\\\/schema\\\/logo\\\/image\\\/\",\"url\":\"https:\\\/\\\/diariotextual.com\\\/inicio\\\/wp-content\\\/uploads\\\/2023\\\/05\\\/logotextual1.jpg\",\"contentUrl\":\"https:\\\/\\\/diariotextual.com\\\/inicio\\\/wp-content\\\/uploads\\\/2023\\\/05\\\/logotextual1.jpg\",\"width\":516,\"height\":76,\"caption\":\"Diario Textual\"},\"image\":{\"@id\":\"https:\\\/\\\/diariotextual.com\\\/inicio\\\/#\\\/schema\\\/logo\\\/image\\\/\"},\"sameAs\":[\"https:\\\/\\\/www.facebook.com\\\/eltextual\",\"https:\\\/\\\/x.com\\\/eltextual\",\"http:\\\/\\\/www.instagram.com\\\/eltextual\"]},{\"@type\":\"Person\",\"@id\":\"https:\\\/\\\/diariotextual.com\\\/inicio\\\/#\\\/schema\\\/person\\\/418fc4093c33e86ed41562db3508f958\",\"name\":\"Diario1 Diario1\",\"image\":{\"@type\":\"ImageObject\",\"inLanguage\":\"es\",\"@id\":\"https:\\\/\\\/secure.gravatar.com\\\/avatar\\\/9167d280179c85bc18be67aa7eda765854300033af4896dd779b608640f2ef7a?s=96&d=mm&r=g\",\"url\":\"https:\\\/\\\/secure.gravatar.com\\\/avatar\\\/9167d280179c85bc18be67aa7eda765854300033af4896dd779b608640f2ef7a?s=96&d=mm&r=g\",\"contentUrl\":\"https:\\\/\\\/secure.gravatar.com\\\/avatar\\\/9167d280179c85bc18be67aa7eda765854300033af4896dd779b608640f2ef7a?s=96&d=mm&r=g\",\"caption\":\"Diario1 Diario1\"},\"url\":\"https:\\\/\\\/diariotextual.com\\\/inicio\\\/index.php\\\/author\\\/diario1\\\/\"}]}<\/script>\n<!-- \/ Yoast SEO plugin. -->","yoast_head_json":{"title":"Colapinto largar\u00e1 en el 16\u00b0 puesto en el Gran Premio de Emilia Roma\u00f1a - Diario Textual","robots":{"index":"index","follow":"follow","max-snippet":"max-snippet:-1","max-image-preview":"max-image-preview:large","max-video-preview":"max-video-preview:-1"},"canonical":"https:\/\/diariotextual.com\/inicio\/index.php\/2025\/05\/17\/colapinto-choco-y-largara-la-final-en-el-puesto-14\/","og_locale":"es_ES","og_type":"article","og_title":"Colapinto largar\u00e1 en el 16\u00b0 puesto en el Gran Premio de Emilia Roma\u00f1a - Diario Textual","og_description":"El primer fin de semana de Franco Colapinto como piloto titular de Alpine en la F\u00f3rmula 1 no est\u00e1 siendo sencillo, ya que aunque logr\u00f3 avanzar a la Q2 durante&hellip;","og_url":"https:\/\/diariotextual.com\/inicio\/index.php\/2025\/05\/17\/colapinto-choco-y-largara-la-final-en-el-puesto-14\/","og_site_name":"Diario Textual","article_publisher":"https:\/\/www.facebook.com\/eltextual","article_published_time":"2025-05-17T14:37:18+00:00","article_modified_time":"2025-05-18T10:33:44+00:00","og_image":[{"width":909,"height":612,"url":"https:\/\/diariotextual.com\/inicio\/wp-content\/uploads\/2025\/05\/colapintofrancoimolachoque2025-7.jpeg","type":"image\/jpeg"}],"author":"Diario1 Diario1","twitter_card":"summary_large_image","twitter_creator":"@eltextual","twitter_site":"@eltextual","twitter_misc":{"Escrito por":"Diario1 Diario1","Tiempo de lectura":"2 minutos"},"schema":{"@context":"https:\/\/schema.org","@graph":[{"@type":"Article","@id":"https:\/\/diariotextual.com\/inicio\/index.php\/2025\/05\/17\/colapinto-choco-y-largara-la-final-en-el-puesto-14\/#article","isPartOf":{"@id":"https:\/\/diariotextual.com\/inicio\/index.php\/2025\/05\/17\/colapinto-choco-y-largara-la-final-en-el-puesto-14\/"},"author":{"name":"Diario1 Diario1","@id":"https:\/\/diariotextual.com\/inicio\/#\/schema\/person\/418fc4093c33e86ed41562db3508f958"},"headline":"Colapinto largar\u00e1 en el 16\u00b0 puesto en el Gran Premio de Emilia Roma\u00f1a","datePublished":"2025-05-17T14:37:18+00:00","dateModified":"2025-05-18T10:33:44+00:00","mainEntityOfPage":{"@id":"https:\/\/diariotextual.com\/inicio\/index.php\/2025\/05\/17\/colapinto-choco-y-largara-la-final-en-el-puesto-14\/"},"wordCount":287,"publisher":{"@id":"https:\/\/diariotextual.com\/inicio\/#organization"},"image":{"@id":"https:\/\/diariotextual.com\/inicio\/index.php\/2025\/05\/17\/colapinto-choco-y-largara-la-final-en-el-puesto-14\/#primaryimage"},"thumbnailUrl":"https:\/\/diariotextual.com\/inicio\/wp-content\/uploads\/2025\/05\/colapintofrancoimolachoque2025-7.jpeg","articleSection":["DEPORTES"],"inLanguage":"es"},{"@type":"WebPage","@id":"https:\/\/diariotextual.com\/inicio\/index.php\/2025\/05\/17\/colapinto-choco-y-largara-la-final-en-el-puesto-14\/","url":"https:\/\/diariotextual.com\/inicio\/index.php\/2025\/05\/17\/colapinto-choco-y-largara-la-final-en-el-puesto-14\/","name":"Colapinto largar\u00e1 en el 16\u00b0 puesto en el Gran Premio de Emilia Roma\u00f1a - Diario Textual","isPartOf":{"@id":"https:\/\/diariotextual.com\/inicio\/#website"},"primaryImageOfPage":{"@id":"https:\/\/diariotextual.com\/inicio\/index.php\/2025\/05\/17\/colapinto-choco-y-largara-la-final-en-el-puesto-14\/#primaryimage"},"image":{"@id":"https:\/\/diariotextual.com\/inicio\/index.php\/2025\/05\/17\/colapinto-choco-y-largara-la-final-en-el-puesto-14\/#primaryimage"},"thumbnailUrl":"https:\/\/diariotextual.com\/inicio\/wp-content\/uploads\/2025\/05\/colapintofrancoimolachoque2025-7.jpeg","datePublished":"2025-05-17T14:37:18+00:00","dateModified":"2025-05-18T10:33:44+00:00","breadcrumb":{"@id":"https:\/\/diariotextual.com\/inicio\/index.php\/2025\/05\/17\/colapinto-choco-y-largara-la-final-en-el-puesto-14\/#breadcrumb"},"inLanguage":"es","potentialAction":[{"@type":"ReadAction","target":["https:\/\/diariotextual.com\/inicio\/index.php\/2025\/05\/17\/colapinto-choco-y-largara-la-final-en-el-puesto-14\/"]}]},{"@type":"ImageObject","inLanguage":"es","@id":"https:\/\/diariotextual.com\/inicio\/index.php\/2025\/05\/17\/colapinto-choco-y-largara-la-final-en-el-puesto-14\/#primaryimage","url":"https:\/\/diariotextual.com\/inicio\/wp-content\/uploads\/2025\/05\/colapintofrancoimolachoque2025-7.jpeg","contentUrl":"https:\/\/diariotextual.com\/inicio\/wp-content\/uploads\/2025\/05\/colapintofrancoimolachoque2025-7.jpeg","width":909,"height":612},{"@type":"BreadcrumbList","@id":"https:\/\/diariotextual.com\/inicio\/index.php\/2025\/05\/17\/colapinto-choco-y-largara-la-final-en-el-puesto-14\/#breadcrumb","itemListElement":[{"@type":"ListItem","position":1,"name":"Portada","item":"https:\/\/diariotextual.com\/inicio\/"},{"@type":"ListItem","position":2,"name":"Colapinto largar\u00e1 en el 16\u00b0 puesto en el Gran Premio de Emilia Roma\u00f1a"}]},{"@type":"WebSite","@id":"https:\/\/diariotextual.com\/inicio\/#website","url":"https:\/\/diariotextual.com\/inicio\/","name":"Diario Textual","description":"","publisher":{"@id":"https:\/\/diariotextual.com\/inicio\/#organization"},"potentialAction":[{"@type":"SearchAction","target":{"@type":"EntryPoint","urlTemplate":"https:\/\/diariotextual.com\/inicio\/?s={search_term_string}"},"query-input":{"@type":"PropertyValueSpecification","valueRequired":true,"valueName":"search_term_string"}}],"inLanguage":"es"},{"@type":"Organization","@id":"https:\/\/diariotextual.com\/inicio\/#organization","name":"Diario Textual","url":"https:\/\/diariotextual.com\/inicio\/","logo":{"@type":"ImageObject","inLanguage":"es","@id":"https:\/\/diariotextual.com\/inicio\/#\/schema\/logo\/image\/","url":"https:\/\/diariotextual.com\/inicio\/wp-content\/uploads\/2023\/05\/logotextual1.jpg","contentUrl":"https:\/\/diariotextual.com\/inicio\/wp-content\/uploads\/2023\/05\/logotextual1.jpg","width":516,"height":76,"caption":"Diario Textual"},"image":{"@id":"https:\/\/diariotextual.com\/inicio\/#\/schema\/logo\/image\/"},"sameAs":["https:\/\/www.facebook.com\/eltextual","https:\/\/x.com\/eltextual","http:\/\/www.instagram.com\/eltextual"]},{"@type":"Person","@id":"https:\/\/diariotextual.com\/inicio\/#\/schema\/person\/418fc4093c33e86ed41562db3508f958","name":"Diario1 Diario1","image":{"@type":"ImageObject","inLanguage":"es","@id":"https:\/\/secure.gravatar.com\/avatar\/9167d280179c85bc18be67aa7eda765854300033af4896dd779b608640f2ef7a?s=96&d=mm&r=g","url":"https:\/\/secure.gravatar.com\/avatar\/9167d280179c85bc18be67aa7eda765854300033af4896dd779b608640f2ef7a?s=96&d=mm&r=g","contentUrl":"https:\/\/secure.gravatar.com\/avatar\/9167d280179c85bc18be67aa7eda765854300033af4896dd779b608640f2ef7a?s=96&d=mm&r=g","caption":"Diario1 Diario1"},"url":"https:\/\/diariotextual.com\/inicio\/index.php\/author\/diario1\/"}]}},"_links":{"self":[{"href":"https:\/\/diariotextual.com\/inicio\/index.php\/wp-json\/wp\/v2\/posts\/296535","targetHints":{"allow":["GET"]}}],"collection":[{"href":"https:\/\/diariotextual.com\/inicio\/index.php\/wp-json\/wp\/v2\/posts"}],"about":[{"href":"https:\/\/diariotextual.com\/inicio\/index.php\/wp-json\/wp\/v2\/types\/post"}],"author":[{"embeddable":true,"href":"https:\/\/diariotextual.com\/inicio\/index.php\/wp-json\/wp\/v2\/users\/3"}],"replies":[{"embeddable":true,"href":"https:\/\/diariotextual.com\/inicio\/index.php\/wp-json\/wp\/v2\/comments?post=296535"}],"version-history":[{"count":6,"href":"https:\/\/diariotextual.com\/inicio\/index.php\/wp-json\/wp\/v2\/posts\/296535\/revisions"}],"predecessor-version":[{"id":296545,"href":"https:\/\/diariotextual.com\/inicio\/index.php\/wp-json\/wp\/v2\/posts\/296535\/revisions\/296545"}],"wp:featuredmedia":[{"embeddable":true,"href":"https:\/\/diariotextual.com\/inicio\/index.php\/wp-json\/wp\/v2\/media\/296536"}],"wp:attachment":[{"href":"https:\/\/diariotextual.com\/inicio\/index.php\/wp-json\/wp\/v2\/media?parent=296535"}],"wp:term":[{"taxonomy":"category","embeddable":true,"href":"https:\/\/diariotextual.com\/inicio\/index.php\/wp-json\/wp\/v2\/categories?post=296535"},{"taxonomy":"post_tag","embeddable":true,"href":"https:\/\/diariotextual.com\/inicio\/index.php\/wp-json\/wp\/v2\/tags?post=296535"}],"curies":[{"name":"wp","href":"https:\/\/api.w.org\/{rel}","templated":true}]}}