{"id":296571,"date":"2025-05-18T07:33:22","date_gmt":"2025-05-18T10:33:22","guid":{"rendered":"https:\/\/diariotextual.com\/inicio\/?p=296571"},"modified":"2025-05-18T11:33:43","modified_gmt":"2025-05-18T14:33:43","slug":"formula-1-con-colapinto-horario-y-como-ver-en-vivo-la-carrera-del-gran-premio-de-emilia-romana","status":"publish","type":"post","link":"https:\/\/diariotextual.com\/inicio\/index.php\/2025\/05\/18\/formula-1-con-colapinto-horario-y-como-ver-en-vivo-la-carrera-del-gran-premio-de-emilia-romana\/","title":{"rendered":"F\u00f3rmula 1 con Colapinto: horario y c\u00f3mo ver en vivo la carrera del Gran Premio de Emilia Roma\u00f1a"},"content":{"rendered":"\n<p>Con la expectativa de los argentinos por la chance para<strong> Franco Colapinto<\/strong> en Alpine, este fin de semana regresa la F\u00f3rmula 1 con el Gran Premio de Emilia Roma\u00f1a, que este viernes tuvo las primeras pr\u00e1cticas y que el domingo tendr\u00e1 su carrera.<\/p>\n\n\n\n<p>La s\u00e9ptima fecha de la temporada 2025 tiene lugar en en el Autodromo Enzo e Dino Ferrari, conocido com\u00fanmente como Circuito de Imola, en Italia.<\/p>\n\n\n\n<p>Con el neerland\u00e9s Verstappen como campe\u00f3n defensor, y el equipo ingl\u00e9s McLaren con el t\u00edtulo de constructores, la expectativa est\u00e1 puesta en el regreso de Colapinto, quien arranc\u00f3 la temporada como piloto de reserva de Alpine pero reemplazar\u00e1 a Jack Doohan.<\/p>\n\n\n\n<p>En tanto, hasta el momento Oscar Piastri lidera el campeonato, seguido por su compa\u00f1ero de McLaren Lando Norris. El campe\u00f3n defensor completa el podio.<\/p>\n\n\n\n<div style=\"height:100px\" aria-hidden=\"true\" class=\"wp-block-spacer\"><\/div>\n\n\n\n<p><strong>A qu\u00e9 hora es la carrera del Gran Premio de Imola<\/strong><br>La actividad de este domingo ser\u00e1 nada menos que la carrera, desde las 10 de la ma\u00f1ana de la Argentina.<\/p>\n\n\n\n<p>Cronograma del GP de Imola:<\/p>\n\n\n\n<p>Domingo 18 de mayo<\/p>\n\n\n\n<p>Carrera: 10.00<\/p>\n\n\n\n<div style=\"height:100px\" aria-hidden=\"true\" class=\"wp-block-spacer\"><\/div>\n\n\n\n<p><strong><br>D\u00f3nde ver en vivo el Gran Premio de Imola<\/strong><\/p>\n\n\n\n<p>El Gran Premio de Imola se podr\u00e1 ver en vivo en la Argentina por la plataforma de streaming Disney+. Posiblemente, tambi\u00e9n sea transmitido por el canal Fox Sports, aunque todav\u00eda no fue anunciado.<\/p>\n\n\n\n<p>Por otro lado est\u00e1 la opci\u00f3n de F1 TV, la plataforma oficial de streaming de la competencia, la cual emite todo lo que sucede con varias opciones de visionado disponibles.<\/p>\n\n\n\n<p><\/p>\n","protected":false},"excerpt":{"rendered":"<p>Con la expectativa de los argentinos por la chance para Franco Colapinto en Alpine, este fin de semana regresa la F\u00f3rmula 1 con el Gran Premio de Emilia Roma\u00f1a, que&hellip;<\/p>\n","protected":false},"author":3,"featured_media":295459,"comment_status":"closed","ping_status":"open","sticky":false,"template":"","format":"standard","meta":{"_acf_changed":false,"footnotes":""},"categories":[3],"tags":[],"class_list":["post-296571","post","type-post","status-publish","format-standard","has-post-thumbnail","hentry","category-deportes"],"acf":[],"yoast_head":"<!-- This site is optimized with the Yoast SEO plugin v27.5 - https:\/\/yoast.com\/product\/yoast-seo-wordpress\/ -->\n<title>F\u00f3rmula 1 con Colapinto: horario y c\u00f3mo ver en vivo la carrera del Gran Premio de Emilia Roma\u00f1a - Diario Textual<\/title>\n<meta name=\"robots\" content=\"index, follow, max-snippet:-1, max-image-preview:large, max-video-preview:-1\" \/>\n<link rel=\"canonical\" href=\"https:\/\/diariotextual.com\/inicio\/index.php\/2025\/05\/18\/formula-1-con-colapinto-horario-y-como-ver-en-vivo-la-carrera-del-gran-premio-de-emilia-romana\/\" \/>\n<meta property=\"og:locale\" content=\"es_ES\" \/>\n<meta property=\"og:type\" content=\"article\" \/>\n<meta property=\"og:title\" content=\"F\u00f3rmula 1 con Colapinto: horario y c\u00f3mo ver en vivo la carrera del Gran Premio de Emilia Roma\u00f1a - Diario Textual\" \/>\n<meta property=\"og:description\" content=\"Con la expectativa de los argentinos por la chance para Franco Colapinto en Alpine, este fin de semana regresa la F\u00f3rmula 1 con el Gran Premio de Emilia Roma\u00f1a, que&hellip;\" \/>\n<meta property=\"og:url\" content=\"https:\/\/diariotextual.com\/inicio\/index.php\/2025\/05\/18\/formula-1-con-colapinto-horario-y-como-ver-en-vivo-la-carrera-del-gran-premio-de-emilia-romana\/\" \/>\n<meta property=\"og:site_name\" content=\"Diario Textual\" \/>\n<meta property=\"article:publisher\" content=\"https:\/\/www.facebook.com\/eltextual\" \/>\n<meta property=\"article:published_time\" content=\"2025-05-18T10:33:22+00:00\" \/>\n<meta property=\"article:modified_time\" content=\"2025-05-18T14:33:43+00:00\" \/>\n<meta property=\"og:image\" content=\"https:\/\/diariotextual.com\/inicio\/wp-content\/uploads\/2025\/05\/colapintofrancobriatore2025-9.jpg\" \/>\n\t<meta property=\"og:image:width\" content=\"1080\" \/>\n\t<meta property=\"og:image:height\" content=\"719\" \/>\n\t<meta property=\"og:image:type\" content=\"image\/jpeg\" \/>\n<meta name=\"author\" content=\"Diario1 Diario1\" \/>\n<meta name=\"twitter:card\" content=\"summary_large_image\" \/>\n<meta name=\"twitter:creator\" content=\"@eltextual\" \/>\n<meta name=\"twitter:site\" content=\"@eltextual\" \/>\n<meta name=\"twitter:label1\" content=\"Escrito por\" \/>\n\t<meta name=\"twitter:data1\" content=\"Diario1 Diario1\" \/>\n\t<meta name=\"twitter:label2\" content=\"Tiempo de lectura\" \/>\n\t<meta name=\"twitter:data2\" content=\"2 minutos\" \/>\n<script type=\"application\/ld+json\" class=\"yoast-schema-graph\">{\"@context\":\"https:\\\/\\\/schema.org\",\"@graph\":[{\"@type\":\"Article\",\"@id\":\"https:\\\/\\\/diariotextual.com\\\/inicio\\\/index.php\\\/2025\\\/05\\\/18\\\/formula-1-con-colapinto-horario-y-como-ver-en-vivo-la-carrera-del-gran-premio-de-emilia-romana\\\/#article\",\"isPartOf\":{\"@id\":\"https:\\\/\\\/diariotextual.com\\\/inicio\\\/index.php\\\/2025\\\/05\\\/18\\\/formula-1-con-colapinto-horario-y-como-ver-en-vivo-la-carrera-del-gran-premio-de-emilia-romana\\\/\"},\"author\":{\"name\":\"Diario1 Diario1\",\"@id\":\"https:\\\/\\\/diariotextual.com\\\/inicio\\\/#\\\/schema\\\/person\\\/418fc4093c33e86ed41562db3508f958\"},\"headline\":\"F\u00f3rmula 1 con Colapinto: horario y c\u00f3mo ver en vivo la carrera del Gran Premio de Emilia Roma\u00f1a\",\"datePublished\":\"2025-05-18T10:33:22+00:00\",\"dateModified\":\"2025-05-18T14:33:43+00:00\",\"mainEntityOfPage\":{\"@id\":\"https:\\\/\\\/diariotextual.com\\\/inicio\\\/index.php\\\/2025\\\/05\\\/18\\\/formula-1-con-colapinto-horario-y-como-ver-en-vivo-la-carrera-del-gran-premio-de-emilia-romana\\\/\"},\"wordCount\":278,\"publisher\":{\"@id\":\"https:\\\/\\\/diariotextual.com\\\/inicio\\\/#organization\"},\"image\":{\"@id\":\"https:\\\/\\\/diariotextual.com\\\/inicio\\\/index.php\\\/2025\\\/05\\\/18\\\/formula-1-con-colapinto-horario-y-como-ver-en-vivo-la-carrera-del-gran-premio-de-emilia-romana\\\/#primaryimage\"},\"thumbnailUrl\":\"https:\\\/\\\/diariotextual.com\\\/inicio\\\/wp-content\\\/uploads\\\/2025\\\/05\\\/colapintofrancobriatore2025-9.jpg\",\"articleSection\":[\"DEPORTES\"],\"inLanguage\":\"es\"},{\"@type\":\"WebPage\",\"@id\":\"https:\\\/\\\/diariotextual.com\\\/inicio\\\/index.php\\\/2025\\\/05\\\/18\\\/formula-1-con-colapinto-horario-y-como-ver-en-vivo-la-carrera-del-gran-premio-de-emilia-romana\\\/\",\"url\":\"https:\\\/\\\/diariotextual.com\\\/inicio\\\/index.php\\\/2025\\\/05\\\/18\\\/formula-1-con-colapinto-horario-y-como-ver-en-vivo-la-carrera-del-gran-premio-de-emilia-romana\\\/\",\"name\":\"F\u00f3rmula 1 con Colapinto: horario y c\u00f3mo ver en vivo la carrera del Gran Premio de Emilia Roma\u00f1a - Diario Textual\",\"isPartOf\":{\"@id\":\"https:\\\/\\\/diariotextual.com\\\/inicio\\\/#website\"},\"primaryImageOfPage\":{\"@id\":\"https:\\\/\\\/diariotextual.com\\\/inicio\\\/index.php\\\/2025\\\/05\\\/18\\\/formula-1-con-colapinto-horario-y-como-ver-en-vivo-la-carrera-del-gran-premio-de-emilia-romana\\\/#primaryimage\"},\"image\":{\"@id\":\"https:\\\/\\\/diariotextual.com\\\/inicio\\\/index.php\\\/2025\\\/05\\\/18\\\/formula-1-con-colapinto-horario-y-como-ver-en-vivo-la-carrera-del-gran-premio-de-emilia-romana\\\/#primaryimage\"},\"thumbnailUrl\":\"https:\\\/\\\/diariotextual.com\\\/inicio\\\/wp-content\\\/uploads\\\/2025\\\/05\\\/colapintofrancobriatore2025-9.jpg\",\"datePublished\":\"2025-05-18T10:33:22+00:00\",\"dateModified\":\"2025-05-18T14:33:43+00:00\",\"breadcrumb\":{\"@id\":\"https:\\\/\\\/diariotextual.com\\\/inicio\\\/index.php\\\/2025\\\/05\\\/18\\\/formula-1-con-colapinto-horario-y-como-ver-en-vivo-la-carrera-del-gran-premio-de-emilia-romana\\\/#breadcrumb\"},\"inLanguage\":\"es\",\"potentialAction\":[{\"@type\":\"ReadAction\",\"target\":[\"https:\\\/\\\/diariotextual.com\\\/inicio\\\/index.php\\\/2025\\\/05\\\/18\\\/formula-1-con-colapinto-horario-y-como-ver-en-vivo-la-carrera-del-gran-premio-de-emilia-romana\\\/\"]}]},{\"@type\":\"ImageObject\",\"inLanguage\":\"es\",\"@id\":\"https:\\\/\\\/diariotextual.com\\\/inicio\\\/index.php\\\/2025\\\/05\\\/18\\\/formula-1-con-colapinto-horario-y-como-ver-en-vivo-la-carrera-del-gran-premio-de-emilia-romana\\\/#primaryimage\",\"url\":\"https:\\\/\\\/diariotextual.com\\\/inicio\\\/wp-content\\\/uploads\\\/2025\\\/05\\\/colapintofrancobriatore2025-9.jpg\",\"contentUrl\":\"https:\\\/\\\/diariotextual.com\\\/inicio\\\/wp-content\\\/uploads\\\/2025\\\/05\\\/colapintofrancobriatore2025-9.jpg\",\"width\":1080,\"height\":719},{\"@type\":\"BreadcrumbList\",\"@id\":\"https:\\\/\\\/diariotextual.com\\\/inicio\\\/index.php\\\/2025\\\/05\\\/18\\\/formula-1-con-colapinto-horario-y-como-ver-en-vivo-la-carrera-del-gran-premio-de-emilia-romana\\\/#breadcrumb\",\"itemListElement\":[{\"@type\":\"ListItem\",\"position\":1,\"name\":\"Portada\",\"item\":\"https:\\\/\\\/diariotextual.com\\\/inicio\\\/\"},{\"@type\":\"ListItem\",\"position\":2,\"name\":\"F\u00f3rmula 1 con Colapinto: horario y c\u00f3mo ver en vivo la carrera del Gran Premio de Emilia Roma\u00f1a\"}]},{\"@type\":\"WebSite\",\"@id\":\"https:\\\/\\\/diariotextual.com\\\/inicio\\\/#website\",\"url\":\"https:\\\/\\\/diariotextual.com\\\/inicio\\\/\",\"name\":\"Diario Textual\",\"description\":\"\",\"publisher\":{\"@id\":\"https:\\\/\\\/diariotextual.com\\\/inicio\\\/#organization\"},\"potentialAction\":[{\"@type\":\"SearchAction\",\"target\":{\"@type\":\"EntryPoint\",\"urlTemplate\":\"https:\\\/\\\/diariotextual.com\\\/inicio\\\/?s={search_term_string}\"},\"query-input\":{\"@type\":\"PropertyValueSpecification\",\"valueRequired\":true,\"valueName\":\"search_term_string\"}}],\"inLanguage\":\"es\"},{\"@type\":\"Organization\",\"@id\":\"https:\\\/\\\/diariotextual.com\\\/inicio\\\/#organization\",\"name\":\"Diario Textual\",\"url\":\"https:\\\/\\\/diariotextual.com\\\/inicio\\\/\",\"logo\":{\"@type\":\"ImageObject\",\"inLanguage\":\"es\",\"@id\":\"https:\\\/\\\/diariotextual.com\\\/inicio\\\/#\\\/schema\\\/logo\\\/image\\\/\",\"url\":\"https:\\\/\\\/diariotextual.com\\\/inicio\\\/wp-content\\\/uploads\\\/2023\\\/05\\\/logotextual1.jpg\",\"contentUrl\":\"https:\\\/\\\/diariotextual.com\\\/inicio\\\/wp-content\\\/uploads\\\/2023\\\/05\\\/logotextual1.jpg\",\"width\":516,\"height\":76,\"caption\":\"Diario Textual\"},\"image\":{\"@id\":\"https:\\\/\\\/diariotextual.com\\\/inicio\\\/#\\\/schema\\\/logo\\\/image\\\/\"},\"sameAs\":[\"https:\\\/\\\/www.facebook.com\\\/eltextual\",\"https:\\\/\\\/x.com\\\/eltextual\",\"http:\\\/\\\/www.instagram.com\\\/eltextual\"]},{\"@type\":\"Person\",\"@id\":\"https:\\\/\\\/diariotextual.com\\\/inicio\\\/#\\\/schema\\\/person\\\/418fc4093c33e86ed41562db3508f958\",\"name\":\"Diario1 Diario1\",\"image\":{\"@type\":\"ImageObject\",\"inLanguage\":\"es\",\"@id\":\"https:\\\/\\\/secure.gravatar.com\\\/avatar\\\/9167d280179c85bc18be67aa7eda765854300033af4896dd779b608640f2ef7a?s=96&d=mm&r=g\",\"url\":\"https:\\\/\\\/secure.gravatar.com\\\/avatar\\\/9167d280179c85bc18be67aa7eda765854300033af4896dd779b608640f2ef7a?s=96&d=mm&r=g\",\"contentUrl\":\"https:\\\/\\\/secure.gravatar.com\\\/avatar\\\/9167d280179c85bc18be67aa7eda765854300033af4896dd779b608640f2ef7a?s=96&d=mm&r=g\",\"caption\":\"Diario1 Diario1\"},\"url\":\"https:\\\/\\\/diariotextual.com\\\/inicio\\\/index.php\\\/author\\\/diario1\\\/\"}]}<\/script>\n<!-- \/ Yoast SEO plugin. -->","yoast_head_json":{"title":"F\u00f3rmula 1 con Colapinto: horario y c\u00f3mo ver en vivo la carrera del Gran Premio de Emilia Roma\u00f1a - Diario Textual","robots":{"index":"index","follow":"follow","max-snippet":"max-snippet:-1","max-image-preview":"max-image-preview:large","max-video-preview":"max-video-preview:-1"},"canonical":"https:\/\/diariotextual.com\/inicio\/index.php\/2025\/05\/18\/formula-1-con-colapinto-horario-y-como-ver-en-vivo-la-carrera-del-gran-premio-de-emilia-romana\/","og_locale":"es_ES","og_type":"article","og_title":"F\u00f3rmula 1 con Colapinto: horario y c\u00f3mo ver en vivo la carrera del Gran Premio de Emilia Roma\u00f1a - Diario Textual","og_description":"Con la expectativa de los argentinos por la chance para Franco Colapinto en Alpine, este fin de semana regresa la F\u00f3rmula 1 con el Gran Premio de Emilia Roma\u00f1a, que&hellip;","og_url":"https:\/\/diariotextual.com\/inicio\/index.php\/2025\/05\/18\/formula-1-con-colapinto-horario-y-como-ver-en-vivo-la-carrera-del-gran-premio-de-emilia-romana\/","og_site_name":"Diario Textual","article_publisher":"https:\/\/www.facebook.com\/eltextual","article_published_time":"2025-05-18T10:33:22+00:00","article_modified_time":"2025-05-18T14:33:43+00:00","og_image":[{"width":1080,"height":719,"url":"https:\/\/diariotextual.com\/inicio\/wp-content\/uploads\/2025\/05\/colapintofrancobriatore2025-9.jpg","type":"image\/jpeg"}],"author":"Diario1 Diario1","twitter_card":"summary_large_image","twitter_creator":"@eltextual","twitter_site":"@eltextual","twitter_misc":{"Escrito por":"Diario1 Diario1","Tiempo de lectura":"2 minutos"},"schema":{"@context":"https:\/\/schema.org","@graph":[{"@type":"Article","@id":"https:\/\/diariotextual.com\/inicio\/index.php\/2025\/05\/18\/formula-1-con-colapinto-horario-y-como-ver-en-vivo-la-carrera-del-gran-premio-de-emilia-romana\/#article","isPartOf":{"@id":"https:\/\/diariotextual.com\/inicio\/index.php\/2025\/05\/18\/formula-1-con-colapinto-horario-y-como-ver-en-vivo-la-carrera-del-gran-premio-de-emilia-romana\/"},"author":{"name":"Diario1 Diario1","@id":"https:\/\/diariotextual.com\/inicio\/#\/schema\/person\/418fc4093c33e86ed41562db3508f958"},"headline":"F\u00f3rmula 1 con Colapinto: horario y c\u00f3mo ver en vivo la carrera del Gran Premio de Emilia Roma\u00f1a","datePublished":"2025-05-18T10:33:22+00:00","dateModified":"2025-05-18T14:33:43+00:00","mainEntityOfPage":{"@id":"https:\/\/diariotextual.com\/inicio\/index.php\/2025\/05\/18\/formula-1-con-colapinto-horario-y-como-ver-en-vivo-la-carrera-del-gran-premio-de-emilia-romana\/"},"wordCount":278,"publisher":{"@id":"https:\/\/diariotextual.com\/inicio\/#organization"},"image":{"@id":"https:\/\/diariotextual.com\/inicio\/index.php\/2025\/05\/18\/formula-1-con-colapinto-horario-y-como-ver-en-vivo-la-carrera-del-gran-premio-de-emilia-romana\/#primaryimage"},"thumbnailUrl":"https:\/\/diariotextual.com\/inicio\/wp-content\/uploads\/2025\/05\/colapintofrancobriatore2025-9.jpg","articleSection":["DEPORTES"],"inLanguage":"es"},{"@type":"WebPage","@id":"https:\/\/diariotextual.com\/inicio\/index.php\/2025\/05\/18\/formula-1-con-colapinto-horario-y-como-ver-en-vivo-la-carrera-del-gran-premio-de-emilia-romana\/","url":"https:\/\/diariotextual.com\/inicio\/index.php\/2025\/05\/18\/formula-1-con-colapinto-horario-y-como-ver-en-vivo-la-carrera-del-gran-premio-de-emilia-romana\/","name":"F\u00f3rmula 1 con Colapinto: horario y c\u00f3mo ver en vivo la carrera del Gran Premio de Emilia Roma\u00f1a - Diario Textual","isPartOf":{"@id":"https:\/\/diariotextual.com\/inicio\/#website"},"primaryImageOfPage":{"@id":"https:\/\/diariotextual.com\/inicio\/index.php\/2025\/05\/18\/formula-1-con-colapinto-horario-y-como-ver-en-vivo-la-carrera-del-gran-premio-de-emilia-romana\/#primaryimage"},"image":{"@id":"https:\/\/diariotextual.com\/inicio\/index.php\/2025\/05\/18\/formula-1-con-colapinto-horario-y-como-ver-en-vivo-la-carrera-del-gran-premio-de-emilia-romana\/#primaryimage"},"thumbnailUrl":"https:\/\/diariotextual.com\/inicio\/wp-content\/uploads\/2025\/05\/colapintofrancobriatore2025-9.jpg","datePublished":"2025-05-18T10:33:22+00:00","dateModified":"2025-05-18T14:33:43+00:00","breadcrumb":{"@id":"https:\/\/diariotextual.com\/inicio\/index.php\/2025\/05\/18\/formula-1-con-colapinto-horario-y-como-ver-en-vivo-la-carrera-del-gran-premio-de-emilia-romana\/#breadcrumb"},"inLanguage":"es","potentialAction":[{"@type":"ReadAction","target":["https:\/\/diariotextual.com\/inicio\/index.php\/2025\/05\/18\/formula-1-con-colapinto-horario-y-como-ver-en-vivo-la-carrera-del-gran-premio-de-emilia-romana\/"]}]},{"@type":"ImageObject","inLanguage":"es","@id":"https:\/\/diariotextual.com\/inicio\/index.php\/2025\/05\/18\/formula-1-con-colapinto-horario-y-como-ver-en-vivo-la-carrera-del-gran-premio-de-emilia-romana\/#primaryimage","url":"https:\/\/diariotextual.com\/inicio\/wp-content\/uploads\/2025\/05\/colapintofrancobriatore2025-9.jpg","contentUrl":"https:\/\/diariotextual.com\/inicio\/wp-content\/uploads\/2025\/05\/colapintofrancobriatore2025-9.jpg","width":1080,"height":719},{"@type":"BreadcrumbList","@id":"https:\/\/diariotextual.com\/inicio\/index.php\/2025\/05\/18\/formula-1-con-colapinto-horario-y-como-ver-en-vivo-la-carrera-del-gran-premio-de-emilia-romana\/#breadcrumb","itemListElement":[{"@type":"ListItem","position":1,"name":"Portada","item":"https:\/\/diariotextual.com\/inicio\/"},{"@type":"ListItem","position":2,"name":"F\u00f3rmula 1 con Colapinto: horario y c\u00f3mo ver en vivo la carrera del Gran Premio de Emilia Roma\u00f1a"}]},{"@type":"WebSite","@id":"https:\/\/diariotextual.com\/inicio\/#website","url":"https:\/\/diariotextual.com\/inicio\/","name":"Diario Textual","description":"","publisher":{"@id":"https:\/\/diariotextual.com\/inicio\/#organization"},"potentialAction":[{"@type":"SearchAction","target":{"@type":"EntryPoint","urlTemplate":"https:\/\/diariotextual.com\/inicio\/?s={search_term_string}"},"query-input":{"@type":"PropertyValueSpecification","valueRequired":true,"valueName":"search_term_string"}}],"inLanguage":"es"},{"@type":"Organization","@id":"https:\/\/diariotextual.com\/inicio\/#organization","name":"Diario Textual","url":"https:\/\/diariotextual.com\/inicio\/","logo":{"@type":"ImageObject","inLanguage":"es","@id":"https:\/\/diariotextual.com\/inicio\/#\/schema\/logo\/image\/","url":"https:\/\/diariotextual.com\/inicio\/wp-content\/uploads\/2023\/05\/logotextual1.jpg","contentUrl":"https:\/\/diariotextual.com\/inicio\/wp-content\/uploads\/2023\/05\/logotextual1.jpg","width":516,"height":76,"caption":"Diario Textual"},"image":{"@id":"https:\/\/diariotextual.com\/inicio\/#\/schema\/logo\/image\/"},"sameAs":["https:\/\/www.facebook.com\/eltextual","https:\/\/x.com\/eltextual","http:\/\/www.instagram.com\/eltextual"]},{"@type":"Person","@id":"https:\/\/diariotextual.com\/inicio\/#\/schema\/person\/418fc4093c33e86ed41562db3508f958","name":"Diario1 Diario1","image":{"@type":"ImageObject","inLanguage":"es","@id":"https:\/\/secure.gravatar.com\/avatar\/9167d280179c85bc18be67aa7eda765854300033af4896dd779b608640f2ef7a?s=96&d=mm&r=g","url":"https:\/\/secure.gravatar.com\/avatar\/9167d280179c85bc18be67aa7eda765854300033af4896dd779b608640f2ef7a?s=96&d=mm&r=g","contentUrl":"https:\/\/secure.gravatar.com\/avatar\/9167d280179c85bc18be67aa7eda765854300033af4896dd779b608640f2ef7a?s=96&d=mm&r=g","caption":"Diario1 Diario1"},"url":"https:\/\/diariotextual.com\/inicio\/index.php\/author\/diario1\/"}]}},"_links":{"self":[{"href":"https:\/\/diariotextual.com\/inicio\/index.php\/wp-json\/wp\/v2\/posts\/296571","targetHints":{"allow":["GET"]}}],"collection":[{"href":"https:\/\/diariotextual.com\/inicio\/index.php\/wp-json\/wp\/v2\/posts"}],"about":[{"href":"https:\/\/diariotextual.com\/inicio\/index.php\/wp-json\/wp\/v2\/types\/post"}],"author":[{"embeddable":true,"href":"https:\/\/diariotextual.com\/inicio\/index.php\/wp-json\/wp\/v2\/users\/3"}],"replies":[{"embeddable":true,"href":"https:\/\/diariotextual.com\/inicio\/index.php\/wp-json\/wp\/v2\/comments?post=296571"}],"version-history":[{"count":2,"href":"https:\/\/diariotextual.com\/inicio\/index.php\/wp-json\/wp\/v2\/posts\/296571\/revisions"}],"predecessor-version":[{"id":296573,"href":"https:\/\/diariotextual.com\/inicio\/index.php\/wp-json\/wp\/v2\/posts\/296571\/revisions\/296573"}],"wp:featuredmedia":[{"embeddable":true,"href":"https:\/\/diariotextual.com\/inicio\/index.php\/wp-json\/wp\/v2\/media\/295459"}],"wp:attachment":[{"href":"https:\/\/diariotextual.com\/inicio\/index.php\/wp-json\/wp\/v2\/media?parent=296571"}],"wp:term":[{"taxonomy":"category","embeddable":true,"href":"https:\/\/diariotextual.com\/inicio\/index.php\/wp-json\/wp\/v2\/categories?post=296571"},{"taxonomy":"post_tag","embeddable":true,"href":"https:\/\/diariotextual.com\/inicio\/index.php\/wp-json\/wp\/v2\/tags?post=296571"}],"curies":[{"name":"wp","href":"https:\/\/api.w.org\/{rel}","templated":true}]}}