{"id":296577,"date":"2025-05-18T11:33:28","date_gmt":"2025-05-18T14:33:28","guid":{"rendered":"https:\/\/diariotextual.com\/inicio\/?p=296577"},"modified":"2025-05-19T06:28:11","modified_gmt":"2025-05-19T09:28:11","slug":"colapinto-volvio-a-la-formula-1-con-un-16-puesto-en-el-gp-de-emilia-romana","status":"publish","type":"post","link":"https:\/\/diariotextual.com\/inicio\/index.php\/2025\/05\/18\/colapinto-volvio-a-la-formula-1-con-un-16-puesto-en-el-gp-de-emilia-romana\/","title":{"rendered":"Colapinto volvi\u00f3 a la F\u00f3rmula 1 con un 16\u00b0 puesto en el GP de Emilia-Roma\u00f1a"},"content":{"rendered":"\n<p><strong>El piloto argentino Franco Colapinto (Alpine) volvi\u00f3 a la F\u00f3rmula 1 con un discreto decimosexto puesto en el Gran Premio de Emilia-Roma\u00f1a. El triunfo qued\u00f3 en manos del neerland\u00e9s y cuatro veces campe\u00f3n del mundo, Max Verstappen (Red Bull).<\/strong><\/p>\n\n\n\n<p>El argentino hab\u00eda largado en el 16\u00b0 puesto, luego de una accidentada clasificaci\u00f3n en la que choc\u00f3 durante la Q1.<\/p>\n\n\n\n<p><strong>\u00a0Colapinto se mostr\u00f3 conforme con el resultado conseguido en el Gran Premio de Emilia-Roma\u00f1a, a pesar de conseguir el puesto 16, y asegur\u00f3 que se est\u00e1 acostumbrando al nuevo auto pero que tendr\u00e1 m\u00e1s confianza para lo que viene.<\/strong><\/p>\n\n\n\n<p>\u201cCada vuelta que daba me iba sintiendo cada vez mejor. Estaba tratando de seguir a Pierre (Gasly), que es la referencia del equipo. Es a lo que yo estaba aspirando\u201d, expres\u00f3 Colapinto en la zona mixta despu\u00e9s de la carrera. Y revel\u00f3 que todav\u00eda se est\u00e1 amoldando al estilo de Alpine y de su compa\u00f1ero, el franc\u00e9s Pierre Gasly. \u201cEstaba atento a la data para ver el funcionamiento del auto y para acercarme m\u00e1s a \u00e9l. Es un auto complicado de manejar, muy diferente al Williams que estaba acostumbrado\u201d, dijo.<\/p>\n\n\n\n<p>Tambi\u00e9n coment\u00f3 que los cambios enojaron a varios colegas. \u201cVarios pilotos se quejaron del cambio de auto asi que yo tambi\u00e9n puedo hacerlo\u201d, expres\u00f3 entre risas Colapinto. \u201cEspero hacerlo un poco mejor para la pr\u00f3xima vez\u201d.<\/p>\n\n\n\n<p>\u201cSe viene M\u00f3naco, tengo que tener confianza ah\u00ed, tengo que calmarme y todo va a salir bien\u201d, asegur\u00f3 el argentino que tuvo su regreso a la m\u00e1xima categor\u00eda.<\/p>\n","protected":false},"excerpt":{"rendered":"<p>El piloto argentino Franco Colapinto (Alpine) volvi\u00f3 a la F\u00f3rmula 1 con un discreto decimosexto puesto en el Gran Premio de Emilia-Roma\u00f1a. El triunfo qued\u00f3 en manos del neerland\u00e9s y&hellip;<\/p>\n","protected":false},"author":3,"featured_media":296578,"comment_status":"closed","ping_status":"open","sticky":false,"template":"","format":"standard","meta":{"_acf_changed":false,"footnotes":""},"categories":[1,3],"tags":[],"class_list":["post-296577","post","type-post","status-publish","format-standard","has-post-thumbnail","hentry","category-es-noticia","category-deportes"],"acf":[],"yoast_head":"<!-- This site is optimized with the Yoast SEO plugin v27.5 - https:\/\/yoast.com\/product\/yoast-seo-wordpress\/ -->\n<title>Colapinto volvi\u00f3 a la F\u00f3rmula 1 con un 16\u00b0 puesto en el GP de Emilia-Roma\u00f1a - Diario Textual<\/title>\n<meta name=\"robots\" content=\"index, follow, max-snippet:-1, max-image-preview:large, max-video-preview:-1\" \/>\n<link rel=\"canonical\" href=\"https:\/\/diariotextual.com\/inicio\/index.php\/2025\/05\/18\/colapinto-volvio-a-la-formula-1-con-un-16-puesto-en-el-gp-de-emilia-romana\/\" \/>\n<meta property=\"og:locale\" content=\"es_ES\" \/>\n<meta property=\"og:type\" content=\"article\" \/>\n<meta property=\"og:title\" content=\"Colapinto volvi\u00f3 a la F\u00f3rmula 1 con un 16\u00b0 puesto en el GP de Emilia-Roma\u00f1a - Diario Textual\" \/>\n<meta property=\"og:description\" content=\"El piloto argentino Franco Colapinto (Alpine) volvi\u00f3 a la F\u00f3rmula 1 con un discreto decimosexto puesto en el Gran Premio de Emilia-Roma\u00f1a. El triunfo qued\u00f3 en manos del neerland\u00e9s y&hellip;\" \/>\n<meta property=\"og:url\" content=\"https:\/\/diariotextual.com\/inicio\/index.php\/2025\/05\/18\/colapinto-volvio-a-la-formula-1-con-un-16-puesto-en-el-gp-de-emilia-romana\/\" \/>\n<meta property=\"og:site_name\" content=\"Diario Textual\" \/>\n<meta property=\"article:publisher\" content=\"https:\/\/www.facebook.com\/eltextual\" \/>\n<meta property=\"article:published_time\" content=\"2025-05-18T14:33:28+00:00\" \/>\n<meta property=\"article:modified_time\" content=\"2025-05-19T09:28:11+00:00\" \/>\n<meta property=\"og:image\" content=\"https:\/\/diariotextual.com\/inicio\/wp-content\/uploads\/2025\/05\/colapintofranco2025-10.jpg\" \/>\n\t<meta property=\"og:image:width\" content=\"1300\" \/>\n\t<meta property=\"og:image:height\" content=\"1011\" \/>\n\t<meta property=\"og:image:type\" content=\"image\/jpeg\" \/>\n<meta name=\"author\" content=\"Diario1 Diario1\" \/>\n<meta name=\"twitter:card\" content=\"summary_large_image\" \/>\n<meta name=\"twitter:creator\" content=\"@eltextual\" \/>\n<meta name=\"twitter:site\" content=\"@eltextual\" \/>\n<meta name=\"twitter:label1\" content=\"Escrito por\" \/>\n\t<meta name=\"twitter:data1\" content=\"Diario1 Diario1\" \/>\n\t<meta name=\"twitter:label2\" content=\"Tiempo de lectura\" \/>\n\t<meta name=\"twitter:data2\" content=\"2 minutos\" \/>\n<script type=\"application\/ld+json\" class=\"yoast-schema-graph\">{\"@context\":\"https:\\\/\\\/schema.org\",\"@graph\":[{\"@type\":\"Article\",\"@id\":\"https:\\\/\\\/diariotextual.com\\\/inicio\\\/index.php\\\/2025\\\/05\\\/18\\\/colapinto-volvio-a-la-formula-1-con-un-16-puesto-en-el-gp-de-emilia-romana\\\/#article\",\"isPartOf\":{\"@id\":\"https:\\\/\\\/diariotextual.com\\\/inicio\\\/index.php\\\/2025\\\/05\\\/18\\\/colapinto-volvio-a-la-formula-1-con-un-16-puesto-en-el-gp-de-emilia-romana\\\/\"},\"author\":{\"name\":\"Diario1 Diario1\",\"@id\":\"https:\\\/\\\/diariotextual.com\\\/inicio\\\/#\\\/schema\\\/person\\\/418fc4093c33e86ed41562db3508f958\"},\"headline\":\"Colapinto volvi\u00f3 a la F\u00f3rmula 1 con un 16\u00b0 puesto en el GP de Emilia-Roma\u00f1a\",\"datePublished\":\"2025-05-18T14:33:28+00:00\",\"dateModified\":\"2025-05-19T09:28:11+00:00\",\"mainEntityOfPage\":{\"@id\":\"https:\\\/\\\/diariotextual.com\\\/inicio\\\/index.php\\\/2025\\\/05\\\/18\\\/colapinto-volvio-a-la-formula-1-con-un-16-puesto-en-el-gp-de-emilia-romana\\\/\"},\"wordCount\":283,\"publisher\":{\"@id\":\"https:\\\/\\\/diariotextual.com\\\/inicio\\\/#organization\"},\"image\":{\"@id\":\"https:\\\/\\\/diariotextual.com\\\/inicio\\\/index.php\\\/2025\\\/05\\\/18\\\/colapinto-volvio-a-la-formula-1-con-un-16-puesto-en-el-gp-de-emilia-romana\\\/#primaryimage\"},\"thumbnailUrl\":\"https:\\\/\\\/diariotextual.com\\\/inicio\\\/wp-content\\\/uploads\\\/2025\\\/05\\\/colapintofranco2025-10.jpg\",\"articleSection\":[\"A - ES NOTICIA (van abajo)\",\"DEPORTES\"],\"inLanguage\":\"es\"},{\"@type\":\"WebPage\",\"@id\":\"https:\\\/\\\/diariotextual.com\\\/inicio\\\/index.php\\\/2025\\\/05\\\/18\\\/colapinto-volvio-a-la-formula-1-con-un-16-puesto-en-el-gp-de-emilia-romana\\\/\",\"url\":\"https:\\\/\\\/diariotextual.com\\\/inicio\\\/index.php\\\/2025\\\/05\\\/18\\\/colapinto-volvio-a-la-formula-1-con-un-16-puesto-en-el-gp-de-emilia-romana\\\/\",\"name\":\"Colapinto volvi\u00f3 a la F\u00f3rmula 1 con un 16\u00b0 puesto en el GP de Emilia-Roma\u00f1a - Diario Textual\",\"isPartOf\":{\"@id\":\"https:\\\/\\\/diariotextual.com\\\/inicio\\\/#website\"},\"primaryImageOfPage\":{\"@id\":\"https:\\\/\\\/diariotextual.com\\\/inicio\\\/index.php\\\/2025\\\/05\\\/18\\\/colapinto-volvio-a-la-formula-1-con-un-16-puesto-en-el-gp-de-emilia-romana\\\/#primaryimage\"},\"image\":{\"@id\":\"https:\\\/\\\/diariotextual.com\\\/inicio\\\/index.php\\\/2025\\\/05\\\/18\\\/colapinto-volvio-a-la-formula-1-con-un-16-puesto-en-el-gp-de-emilia-romana\\\/#primaryimage\"},\"thumbnailUrl\":\"https:\\\/\\\/diariotextual.com\\\/inicio\\\/wp-content\\\/uploads\\\/2025\\\/05\\\/colapintofranco2025-10.jpg\",\"datePublished\":\"2025-05-18T14:33:28+00:00\",\"dateModified\":\"2025-05-19T09:28:11+00:00\",\"breadcrumb\":{\"@id\":\"https:\\\/\\\/diariotextual.com\\\/inicio\\\/index.php\\\/2025\\\/05\\\/18\\\/colapinto-volvio-a-la-formula-1-con-un-16-puesto-en-el-gp-de-emilia-romana\\\/#breadcrumb\"},\"inLanguage\":\"es\",\"potentialAction\":[{\"@type\":\"ReadAction\",\"target\":[\"https:\\\/\\\/diariotextual.com\\\/inicio\\\/index.php\\\/2025\\\/05\\\/18\\\/colapinto-volvio-a-la-formula-1-con-un-16-puesto-en-el-gp-de-emilia-romana\\\/\"]}]},{\"@type\":\"ImageObject\",\"inLanguage\":\"es\",\"@id\":\"https:\\\/\\\/diariotextual.com\\\/inicio\\\/index.php\\\/2025\\\/05\\\/18\\\/colapinto-volvio-a-la-formula-1-con-un-16-puesto-en-el-gp-de-emilia-romana\\\/#primaryimage\",\"url\":\"https:\\\/\\\/diariotextual.com\\\/inicio\\\/wp-content\\\/uploads\\\/2025\\\/05\\\/colapintofranco2025-10.jpg\",\"contentUrl\":\"https:\\\/\\\/diariotextual.com\\\/inicio\\\/wp-content\\\/uploads\\\/2025\\\/05\\\/colapintofranco2025-10.jpg\",\"width\":1300,\"height\":1011},{\"@type\":\"BreadcrumbList\",\"@id\":\"https:\\\/\\\/diariotextual.com\\\/inicio\\\/index.php\\\/2025\\\/05\\\/18\\\/colapinto-volvio-a-la-formula-1-con-un-16-puesto-en-el-gp-de-emilia-romana\\\/#breadcrumb\",\"itemListElement\":[{\"@type\":\"ListItem\",\"position\":1,\"name\":\"Portada\",\"item\":\"https:\\\/\\\/diariotextual.com\\\/inicio\\\/\"},{\"@type\":\"ListItem\",\"position\":2,\"name\":\"Colapinto volvi\u00f3 a la F\u00f3rmula 1 con un 16\u00b0 puesto en el GP de Emilia-Roma\u00f1a\"}]},{\"@type\":\"WebSite\",\"@id\":\"https:\\\/\\\/diariotextual.com\\\/inicio\\\/#website\",\"url\":\"https:\\\/\\\/diariotextual.com\\\/inicio\\\/\",\"name\":\"Diario Textual\",\"description\":\"\",\"publisher\":{\"@id\":\"https:\\\/\\\/diariotextual.com\\\/inicio\\\/#organization\"},\"potentialAction\":[{\"@type\":\"SearchAction\",\"target\":{\"@type\":\"EntryPoint\",\"urlTemplate\":\"https:\\\/\\\/diariotextual.com\\\/inicio\\\/?s={search_term_string}\"},\"query-input\":{\"@type\":\"PropertyValueSpecification\",\"valueRequired\":true,\"valueName\":\"search_term_string\"}}],\"inLanguage\":\"es\"},{\"@type\":\"Organization\",\"@id\":\"https:\\\/\\\/diariotextual.com\\\/inicio\\\/#organization\",\"name\":\"Diario Textual\",\"url\":\"https:\\\/\\\/diariotextual.com\\\/inicio\\\/\",\"logo\":{\"@type\":\"ImageObject\",\"inLanguage\":\"es\",\"@id\":\"https:\\\/\\\/diariotextual.com\\\/inicio\\\/#\\\/schema\\\/logo\\\/image\\\/\",\"url\":\"https:\\\/\\\/diariotextual.com\\\/inicio\\\/wp-content\\\/uploads\\\/2023\\\/05\\\/logotextual1.jpg\",\"contentUrl\":\"https:\\\/\\\/diariotextual.com\\\/inicio\\\/wp-content\\\/uploads\\\/2023\\\/05\\\/logotextual1.jpg\",\"width\":516,\"height\":76,\"caption\":\"Diario Textual\"},\"image\":{\"@id\":\"https:\\\/\\\/diariotextual.com\\\/inicio\\\/#\\\/schema\\\/logo\\\/image\\\/\"},\"sameAs\":[\"https:\\\/\\\/www.facebook.com\\\/eltextual\",\"https:\\\/\\\/x.com\\\/eltextual\",\"http:\\\/\\\/www.instagram.com\\\/eltextual\"]},{\"@type\":\"Person\",\"@id\":\"https:\\\/\\\/diariotextual.com\\\/inicio\\\/#\\\/schema\\\/person\\\/418fc4093c33e86ed41562db3508f958\",\"name\":\"Diario1 Diario1\",\"image\":{\"@type\":\"ImageObject\",\"inLanguage\":\"es\",\"@id\":\"https:\\\/\\\/secure.gravatar.com\\\/avatar\\\/9167d280179c85bc18be67aa7eda765854300033af4896dd779b608640f2ef7a?s=96&d=mm&r=g\",\"url\":\"https:\\\/\\\/secure.gravatar.com\\\/avatar\\\/9167d280179c85bc18be67aa7eda765854300033af4896dd779b608640f2ef7a?s=96&d=mm&r=g\",\"contentUrl\":\"https:\\\/\\\/secure.gravatar.com\\\/avatar\\\/9167d280179c85bc18be67aa7eda765854300033af4896dd779b608640f2ef7a?s=96&d=mm&r=g\",\"caption\":\"Diario1 Diario1\"},\"url\":\"https:\\\/\\\/diariotextual.com\\\/inicio\\\/index.php\\\/author\\\/diario1\\\/\"}]}<\/script>\n<!-- \/ Yoast SEO plugin. -->","yoast_head_json":{"title":"Colapinto volvi\u00f3 a la F\u00f3rmula 1 con un 16\u00b0 puesto en el GP de Emilia-Roma\u00f1a - Diario Textual","robots":{"index":"index","follow":"follow","max-snippet":"max-snippet:-1","max-image-preview":"max-image-preview:large","max-video-preview":"max-video-preview:-1"},"canonical":"https:\/\/diariotextual.com\/inicio\/index.php\/2025\/05\/18\/colapinto-volvio-a-la-formula-1-con-un-16-puesto-en-el-gp-de-emilia-romana\/","og_locale":"es_ES","og_type":"article","og_title":"Colapinto volvi\u00f3 a la F\u00f3rmula 1 con un 16\u00b0 puesto en el GP de Emilia-Roma\u00f1a - Diario Textual","og_description":"El piloto argentino Franco Colapinto (Alpine) volvi\u00f3 a la F\u00f3rmula 1 con un discreto decimosexto puesto en el Gran Premio de Emilia-Roma\u00f1a. El triunfo qued\u00f3 en manos del neerland\u00e9s y&hellip;","og_url":"https:\/\/diariotextual.com\/inicio\/index.php\/2025\/05\/18\/colapinto-volvio-a-la-formula-1-con-un-16-puesto-en-el-gp-de-emilia-romana\/","og_site_name":"Diario Textual","article_publisher":"https:\/\/www.facebook.com\/eltextual","article_published_time":"2025-05-18T14:33:28+00:00","article_modified_time":"2025-05-19T09:28:11+00:00","og_image":[{"width":1300,"height":1011,"url":"https:\/\/diariotextual.com\/inicio\/wp-content\/uploads\/2025\/05\/colapintofranco2025-10.jpg","type":"image\/jpeg"}],"author":"Diario1 Diario1","twitter_card":"summary_large_image","twitter_creator":"@eltextual","twitter_site":"@eltextual","twitter_misc":{"Escrito por":"Diario1 Diario1","Tiempo de lectura":"2 minutos"},"schema":{"@context":"https:\/\/schema.org","@graph":[{"@type":"Article","@id":"https:\/\/diariotextual.com\/inicio\/index.php\/2025\/05\/18\/colapinto-volvio-a-la-formula-1-con-un-16-puesto-en-el-gp-de-emilia-romana\/#article","isPartOf":{"@id":"https:\/\/diariotextual.com\/inicio\/index.php\/2025\/05\/18\/colapinto-volvio-a-la-formula-1-con-un-16-puesto-en-el-gp-de-emilia-romana\/"},"author":{"name":"Diario1 Diario1","@id":"https:\/\/diariotextual.com\/inicio\/#\/schema\/person\/418fc4093c33e86ed41562db3508f958"},"headline":"Colapinto volvi\u00f3 a la F\u00f3rmula 1 con un 16\u00b0 puesto en el GP de Emilia-Roma\u00f1a","datePublished":"2025-05-18T14:33:28+00:00","dateModified":"2025-05-19T09:28:11+00:00","mainEntityOfPage":{"@id":"https:\/\/diariotextual.com\/inicio\/index.php\/2025\/05\/18\/colapinto-volvio-a-la-formula-1-con-un-16-puesto-en-el-gp-de-emilia-romana\/"},"wordCount":283,"publisher":{"@id":"https:\/\/diariotextual.com\/inicio\/#organization"},"image":{"@id":"https:\/\/diariotextual.com\/inicio\/index.php\/2025\/05\/18\/colapinto-volvio-a-la-formula-1-con-un-16-puesto-en-el-gp-de-emilia-romana\/#primaryimage"},"thumbnailUrl":"https:\/\/diariotextual.com\/inicio\/wp-content\/uploads\/2025\/05\/colapintofranco2025-10.jpg","articleSection":["A - ES NOTICIA (van abajo)","DEPORTES"],"inLanguage":"es"},{"@type":"WebPage","@id":"https:\/\/diariotextual.com\/inicio\/index.php\/2025\/05\/18\/colapinto-volvio-a-la-formula-1-con-un-16-puesto-en-el-gp-de-emilia-romana\/","url":"https:\/\/diariotextual.com\/inicio\/index.php\/2025\/05\/18\/colapinto-volvio-a-la-formula-1-con-un-16-puesto-en-el-gp-de-emilia-romana\/","name":"Colapinto volvi\u00f3 a la F\u00f3rmula 1 con un 16\u00b0 puesto en el GP de Emilia-Roma\u00f1a - Diario Textual","isPartOf":{"@id":"https:\/\/diariotextual.com\/inicio\/#website"},"primaryImageOfPage":{"@id":"https:\/\/diariotextual.com\/inicio\/index.php\/2025\/05\/18\/colapinto-volvio-a-la-formula-1-con-un-16-puesto-en-el-gp-de-emilia-romana\/#primaryimage"},"image":{"@id":"https:\/\/diariotextual.com\/inicio\/index.php\/2025\/05\/18\/colapinto-volvio-a-la-formula-1-con-un-16-puesto-en-el-gp-de-emilia-romana\/#primaryimage"},"thumbnailUrl":"https:\/\/diariotextual.com\/inicio\/wp-content\/uploads\/2025\/05\/colapintofranco2025-10.jpg","datePublished":"2025-05-18T14:33:28+00:00","dateModified":"2025-05-19T09:28:11+00:00","breadcrumb":{"@id":"https:\/\/diariotextual.com\/inicio\/index.php\/2025\/05\/18\/colapinto-volvio-a-la-formula-1-con-un-16-puesto-en-el-gp-de-emilia-romana\/#breadcrumb"},"inLanguage":"es","potentialAction":[{"@type":"ReadAction","target":["https:\/\/diariotextual.com\/inicio\/index.php\/2025\/05\/18\/colapinto-volvio-a-la-formula-1-con-un-16-puesto-en-el-gp-de-emilia-romana\/"]}]},{"@type":"ImageObject","inLanguage":"es","@id":"https:\/\/diariotextual.com\/inicio\/index.php\/2025\/05\/18\/colapinto-volvio-a-la-formula-1-con-un-16-puesto-en-el-gp-de-emilia-romana\/#primaryimage","url":"https:\/\/diariotextual.com\/inicio\/wp-content\/uploads\/2025\/05\/colapintofranco2025-10.jpg","contentUrl":"https:\/\/diariotextual.com\/inicio\/wp-content\/uploads\/2025\/05\/colapintofranco2025-10.jpg","width":1300,"height":1011},{"@type":"BreadcrumbList","@id":"https:\/\/diariotextual.com\/inicio\/index.php\/2025\/05\/18\/colapinto-volvio-a-la-formula-1-con-un-16-puesto-en-el-gp-de-emilia-romana\/#breadcrumb","itemListElement":[{"@type":"ListItem","position":1,"name":"Portada","item":"https:\/\/diariotextual.com\/inicio\/"},{"@type":"ListItem","position":2,"name":"Colapinto volvi\u00f3 a la F\u00f3rmula 1 con un 16\u00b0 puesto en el GP de Emilia-Roma\u00f1a"}]},{"@type":"WebSite","@id":"https:\/\/diariotextual.com\/inicio\/#website","url":"https:\/\/diariotextual.com\/inicio\/","name":"Diario Textual","description":"","publisher":{"@id":"https:\/\/diariotextual.com\/inicio\/#organization"},"potentialAction":[{"@type":"SearchAction","target":{"@type":"EntryPoint","urlTemplate":"https:\/\/diariotextual.com\/inicio\/?s={search_term_string}"},"query-input":{"@type":"PropertyValueSpecification","valueRequired":true,"valueName":"search_term_string"}}],"inLanguage":"es"},{"@type":"Organization","@id":"https:\/\/diariotextual.com\/inicio\/#organization","name":"Diario Textual","url":"https:\/\/diariotextual.com\/inicio\/","logo":{"@type":"ImageObject","inLanguage":"es","@id":"https:\/\/diariotextual.com\/inicio\/#\/schema\/logo\/image\/","url":"https:\/\/diariotextual.com\/inicio\/wp-content\/uploads\/2023\/05\/logotextual1.jpg","contentUrl":"https:\/\/diariotextual.com\/inicio\/wp-content\/uploads\/2023\/05\/logotextual1.jpg","width":516,"height":76,"caption":"Diario Textual"},"image":{"@id":"https:\/\/diariotextual.com\/inicio\/#\/schema\/logo\/image\/"},"sameAs":["https:\/\/www.facebook.com\/eltextual","https:\/\/x.com\/eltextual","http:\/\/www.instagram.com\/eltextual"]},{"@type":"Person","@id":"https:\/\/diariotextual.com\/inicio\/#\/schema\/person\/418fc4093c33e86ed41562db3508f958","name":"Diario1 Diario1","image":{"@type":"ImageObject","inLanguage":"es","@id":"https:\/\/secure.gravatar.com\/avatar\/9167d280179c85bc18be67aa7eda765854300033af4896dd779b608640f2ef7a?s=96&d=mm&r=g","url":"https:\/\/secure.gravatar.com\/avatar\/9167d280179c85bc18be67aa7eda765854300033af4896dd779b608640f2ef7a?s=96&d=mm&r=g","contentUrl":"https:\/\/secure.gravatar.com\/avatar\/9167d280179c85bc18be67aa7eda765854300033af4896dd779b608640f2ef7a?s=96&d=mm&r=g","caption":"Diario1 Diario1"},"url":"https:\/\/diariotextual.com\/inicio\/index.php\/author\/diario1\/"}]}},"_links":{"self":[{"href":"https:\/\/diariotextual.com\/inicio\/index.php\/wp-json\/wp\/v2\/posts\/296577","targetHints":{"allow":["GET"]}}],"collection":[{"href":"https:\/\/diariotextual.com\/inicio\/index.php\/wp-json\/wp\/v2\/posts"}],"about":[{"href":"https:\/\/diariotextual.com\/inicio\/index.php\/wp-json\/wp\/v2\/types\/post"}],"author":[{"embeddable":true,"href":"https:\/\/diariotextual.com\/inicio\/index.php\/wp-json\/wp\/v2\/users\/3"}],"replies":[{"embeddable":true,"href":"https:\/\/diariotextual.com\/inicio\/index.php\/wp-json\/wp\/v2\/comments?post=296577"}],"version-history":[{"count":3,"href":"https:\/\/diariotextual.com\/inicio\/index.php\/wp-json\/wp\/v2\/posts\/296577\/revisions"}],"predecessor-version":[{"id":296585,"href":"https:\/\/diariotextual.com\/inicio\/index.php\/wp-json\/wp\/v2\/posts\/296577\/revisions\/296585"}],"wp:featuredmedia":[{"embeddable":true,"href":"https:\/\/diariotextual.com\/inicio\/index.php\/wp-json\/wp\/v2\/media\/296578"}],"wp:attachment":[{"href":"https:\/\/diariotextual.com\/inicio\/index.php\/wp-json\/wp\/v2\/media?parent=296577"}],"wp:term":[{"taxonomy":"category","embeddable":true,"href":"https:\/\/diariotextual.com\/inicio\/index.php\/wp-json\/wp\/v2\/categories?post=296577"},{"taxonomy":"post_tag","embeddable":true,"href":"https:\/\/diariotextual.com\/inicio\/index.php\/wp-json\/wp\/v2\/tags?post=296577"}],"curies":[{"name":"wp","href":"https:\/\/api.w.org\/{rel}","templated":true}]}}