{"id":297078,"date":"2025-05-24T08:03:10","date_gmt":"2025-05-24T11:03:10","guid":{"rendered":"https:\/\/diariotextual.com\/inicio\/?p=297078"},"modified":"2025-05-24T08:03:13","modified_gmt":"2025-05-24T11:03:13","slug":"el-gobierno-exige-a-maduro-el-fin-de-las-detenciones-ilegales-de-argentinos-en-venezuela","status":"publish","type":"post","link":"https:\/\/diariotextual.com\/inicio\/index.php\/2025\/05\/24\/el-gobierno-exige-a-maduro-el-fin-de-las-detenciones-ilegales-de-argentinos-en-venezuela\/","title":{"rendered":"El Gobierno exige a Maduro el fin de las detenciones ilegales de argentinos en Venezuela"},"content":{"rendered":"\n<p>A pocas horas de conocerse que el Gobierno de Nicol\u00e1s Maduro detuvo este viernes a otro argentino, la administraci\u00f3n de Javier Milei emiti\u00f3 un comunicado en el que exigi\u00f3 el fin de las detenciones ilegales en Venezuela.<\/p>\n\n\n\n<p>El ministro del Interior y de Justicia, Diosdado Cabello inform\u00f3 la captura de Germ\u00e1n Dar\u00edo Giuliani, un abogado argentino que se suma al caso del gendarme Nahuel Gallo -que contin\u00faa preso en un paradero desconocido- y al de Pablo Gonzalo Carrasco, un experto en ciberseguridad que finalmente fue liberado tras haber sido retenido esta semana.<\/p>\n\n\n\n<p>El n\u00famero 2 del chavismo, Diosdado Cabello, anunci\u00f3 la captura de Giulani en medio de una ola de arrestos que incluy\u00f3 la de Pablo Guanipa, la mano derecha de l\u00edder de la oposici\u00f3n venezolana, Mar\u00eda Corina Machado. Este \u00faltimo hab\u00eda llegado a enviar un mensaje por redes sociales antes de ser detenido.<\/p>\n\n\n\n<p>\u201cLa Rep\u00fablica Argentina -expres\u00f3 la Canciller\u00eda- expresa su m\u00e1s firme y categ\u00f3rica condena al proceso sistem\u00e1tico de detenciones arbitrarias, desapariciones forzadas y violaciones generalizadas de los derechos humanos en la Rep\u00fablica Bolivariana de Venezuela. Asimismo, manifiesta su profunda preocupaci\u00f3n por la detenci\u00f3n arbitraria de ciudadanos argentinos, y exige la inmediata liberaci\u00f3n del gendarme Nahuel Gallo, as\u00ed como de todos los connacionales que se encuentren ilegalmente privados de su libertad por dicho r\u00e9gimen\u201d.<\/p>\n\n\n\n<p>\u201cEl Sr. Diosdado Cabello lidera una maquinaria represiva que se apoya en el miedo, el secuestro de inocentes, la desaparici\u00f3n forzada y el hostigamiento sistem\u00e1tico a los entornos familiares de los perseguidos. Todo ello se ha ejercido desde el poder del Estado, con amparo institucional y complicidad de las estructuras de seguridad, inteligencia y justicia. Estas pr\u00e1cticas han reca\u00eddo contra ciudadanos argentinos y de otras nacionalidades, que han sido v\u00edctimas de estas violaciones graves. Se trata de un patr\u00f3n de represi\u00f3n que puede ser calificado como terrorismo de Estado, por su car\u00e1cter sistem\u00e1tico, intimidatorio y arbitrario\u201d, sostuvo la Argentina en el documento.<\/p>\n\n\n\n<p><\/p>\n","protected":false},"excerpt":{"rendered":"<p>A pocas horas de conocerse que el Gobierno de Nicol\u00e1s Maduro detuvo este viernes a otro argentino, la administraci\u00f3n de Javier Milei emiti\u00f3 un comunicado en el que exigi\u00f3 el&hellip;<\/p>\n","protected":false},"author":3,"featured_media":47319,"comment_status":"closed","ping_status":"open","sticky":false,"template":"","format":"standard","meta":{"_acf_changed":false,"footnotes":""},"categories":[4,8],"tags":[],"class_list":["post-297078","post","type-post","status-publish","format-standard","has-post-thumbnail","hentry","category-destacadas","category-politica"],"acf":[],"yoast_head":"<!-- This site is optimized with the Yoast SEO plugin v27.4 - https:\/\/yoast.com\/product\/yoast-seo-wordpress\/ -->\n<title>El Gobierno exige a Maduro el fin de las detenciones ilegales de argentinos en Venezuela - Diario Textual<\/title>\n<meta name=\"robots\" content=\"index, follow, max-snippet:-1, max-image-preview:large, max-video-preview:-1\" \/>\n<link rel=\"canonical\" href=\"https:\/\/diariotextual.com\/inicio\/index.php\/2025\/05\/24\/el-gobierno-exige-a-maduro-el-fin-de-las-detenciones-ilegales-de-argentinos-en-venezuela\/\" \/>\n<meta property=\"og:locale\" content=\"es_ES\" \/>\n<meta property=\"og:type\" content=\"article\" \/>\n<meta property=\"og:title\" content=\"El Gobierno exige a Maduro el fin de las detenciones ilegales de argentinos en Venezuela - Diario Textual\" \/>\n<meta property=\"og:description\" content=\"A pocas horas de conocerse que el Gobierno de Nicol\u00e1s Maduro detuvo este viernes a otro argentino, la administraci\u00f3n de Javier Milei emiti\u00f3 un comunicado en el que exigi\u00f3 el&hellip;\" \/>\n<meta property=\"og:url\" content=\"https:\/\/diariotextual.com\/inicio\/index.php\/2025\/05\/24\/el-gobierno-exige-a-maduro-el-fin-de-las-detenciones-ilegales-de-argentinos-en-venezuela\/\" \/>\n<meta property=\"og:site_name\" content=\"Diario Textual\" \/>\n<meta property=\"article:publisher\" content=\"https:\/\/www.facebook.com\/eltextual\" \/>\n<meta property=\"article:published_time\" content=\"2025-05-24T11:03:10+00:00\" \/>\n<meta property=\"article:modified_time\" content=\"2025-05-24T11:03:13+00:00\" \/>\n<meta property=\"og:image\" content=\"https:\/\/diariotextual.com\/inicio\/wp-content\/uploads\/2019\/05\/maduronicolas22.jpg\" \/>\n\t<meta property=\"og:image:width\" content=\"837\" \/>\n\t<meta property=\"og:image:height\" content=\"465\" \/>\n\t<meta property=\"og:image:type\" content=\"image\/jpeg\" \/>\n<meta name=\"author\" content=\"Diario1 Diario1\" \/>\n<meta name=\"twitter:card\" content=\"summary_large_image\" \/>\n<meta name=\"twitter:creator\" content=\"@eltextual\" \/>\n<meta name=\"twitter:site\" content=\"@eltextual\" \/>\n<meta name=\"twitter:label1\" content=\"Escrito por\" \/>\n\t<meta name=\"twitter:data1\" content=\"Diario1 Diario1\" \/>\n\t<meta name=\"twitter:label2\" content=\"Tiempo de lectura\" \/>\n\t<meta name=\"twitter:data2\" content=\"2 minutos\" \/>\n<script type=\"application\/ld+json\" class=\"yoast-schema-graph\">{\"@context\":\"https:\\\/\\\/schema.org\",\"@graph\":[{\"@type\":\"Article\",\"@id\":\"https:\\\/\\\/diariotextual.com\\\/inicio\\\/index.php\\\/2025\\\/05\\\/24\\\/el-gobierno-exige-a-maduro-el-fin-de-las-detenciones-ilegales-de-argentinos-en-venezuela\\\/#article\",\"isPartOf\":{\"@id\":\"https:\\\/\\\/diariotextual.com\\\/inicio\\\/index.php\\\/2025\\\/05\\\/24\\\/el-gobierno-exige-a-maduro-el-fin-de-las-detenciones-ilegales-de-argentinos-en-venezuela\\\/\"},\"author\":{\"name\":\"Diario1 Diario1\",\"@id\":\"https:\\\/\\\/diariotextual.com\\\/inicio\\\/#\\\/schema\\\/person\\\/418fc4093c33e86ed41562db3508f958\"},\"headline\":\"El Gobierno exige a Maduro el fin de las detenciones ilegales de argentinos en Venezuela\",\"datePublished\":\"2025-05-24T11:03:10+00:00\",\"dateModified\":\"2025-05-24T11:03:13+00:00\",\"mainEntityOfPage\":{\"@id\":\"https:\\\/\\\/diariotextual.com\\\/inicio\\\/index.php\\\/2025\\\/05\\\/24\\\/el-gobierno-exige-a-maduro-el-fin-de-las-detenciones-ilegales-de-argentinos-en-venezuela\\\/\"},\"wordCount\":361,\"publisher\":{\"@id\":\"https:\\\/\\\/diariotextual.com\\\/inicio\\\/#organization\"},\"image\":{\"@id\":\"https:\\\/\\\/diariotextual.com\\\/inicio\\\/index.php\\\/2025\\\/05\\\/24\\\/el-gobierno-exige-a-maduro-el-fin-de-las-detenciones-ilegales-de-argentinos-en-venezuela\\\/#primaryimage\"},\"thumbnailUrl\":\"https:\\\/\\\/diariotextual.com\\\/inicio\\\/wp-content\\\/uploads\\\/2019\\\/05\\\/maduronicolas22.jpg\",\"articleSection\":[\"A - DESTACADAS (mod 16)\",\"POLITICA\"],\"inLanguage\":\"es\"},{\"@type\":\"WebPage\",\"@id\":\"https:\\\/\\\/diariotextual.com\\\/inicio\\\/index.php\\\/2025\\\/05\\\/24\\\/el-gobierno-exige-a-maduro-el-fin-de-las-detenciones-ilegales-de-argentinos-en-venezuela\\\/\",\"url\":\"https:\\\/\\\/diariotextual.com\\\/inicio\\\/index.php\\\/2025\\\/05\\\/24\\\/el-gobierno-exige-a-maduro-el-fin-de-las-detenciones-ilegales-de-argentinos-en-venezuela\\\/\",\"name\":\"El Gobierno exige a Maduro el fin de las detenciones ilegales de argentinos en Venezuela - Diario Textual\",\"isPartOf\":{\"@id\":\"https:\\\/\\\/diariotextual.com\\\/inicio\\\/#website\"},\"primaryImageOfPage\":{\"@id\":\"https:\\\/\\\/diariotextual.com\\\/inicio\\\/index.php\\\/2025\\\/05\\\/24\\\/el-gobierno-exige-a-maduro-el-fin-de-las-detenciones-ilegales-de-argentinos-en-venezuela\\\/#primaryimage\"},\"image\":{\"@id\":\"https:\\\/\\\/diariotextual.com\\\/inicio\\\/index.php\\\/2025\\\/05\\\/24\\\/el-gobierno-exige-a-maduro-el-fin-de-las-detenciones-ilegales-de-argentinos-en-venezuela\\\/#primaryimage\"},\"thumbnailUrl\":\"https:\\\/\\\/diariotextual.com\\\/inicio\\\/wp-content\\\/uploads\\\/2019\\\/05\\\/maduronicolas22.jpg\",\"datePublished\":\"2025-05-24T11:03:10+00:00\",\"dateModified\":\"2025-05-24T11:03:13+00:00\",\"breadcrumb\":{\"@id\":\"https:\\\/\\\/diariotextual.com\\\/inicio\\\/index.php\\\/2025\\\/05\\\/24\\\/el-gobierno-exige-a-maduro-el-fin-de-las-detenciones-ilegales-de-argentinos-en-venezuela\\\/#breadcrumb\"},\"inLanguage\":\"es\",\"potentialAction\":[{\"@type\":\"ReadAction\",\"target\":[\"https:\\\/\\\/diariotextual.com\\\/inicio\\\/index.php\\\/2025\\\/05\\\/24\\\/el-gobierno-exige-a-maduro-el-fin-de-las-detenciones-ilegales-de-argentinos-en-venezuela\\\/\"]}]},{\"@type\":\"ImageObject\",\"inLanguage\":\"es\",\"@id\":\"https:\\\/\\\/diariotextual.com\\\/inicio\\\/index.php\\\/2025\\\/05\\\/24\\\/el-gobierno-exige-a-maduro-el-fin-de-las-detenciones-ilegales-de-argentinos-en-venezuela\\\/#primaryimage\",\"url\":\"https:\\\/\\\/diariotextual.com\\\/inicio\\\/wp-content\\\/uploads\\\/2019\\\/05\\\/maduronicolas22.jpg\",\"contentUrl\":\"https:\\\/\\\/diariotextual.com\\\/inicio\\\/wp-content\\\/uploads\\\/2019\\\/05\\\/maduronicolas22.jpg\",\"width\":837,\"height\":465},{\"@type\":\"BreadcrumbList\",\"@id\":\"https:\\\/\\\/diariotextual.com\\\/inicio\\\/index.php\\\/2025\\\/05\\\/24\\\/el-gobierno-exige-a-maduro-el-fin-de-las-detenciones-ilegales-de-argentinos-en-venezuela\\\/#breadcrumb\",\"itemListElement\":[{\"@type\":\"ListItem\",\"position\":1,\"name\":\"Portada\",\"item\":\"https:\\\/\\\/diariotextual.com\\\/inicio\\\/\"},{\"@type\":\"ListItem\",\"position\":2,\"name\":\"El Gobierno exige a Maduro el fin de las detenciones ilegales de argentinos en Venezuela\"}]},{\"@type\":\"WebSite\",\"@id\":\"https:\\\/\\\/diariotextual.com\\\/inicio\\\/#website\",\"url\":\"https:\\\/\\\/diariotextual.com\\\/inicio\\\/\",\"name\":\"Diario Textual\",\"description\":\"\",\"publisher\":{\"@id\":\"https:\\\/\\\/diariotextual.com\\\/inicio\\\/#organization\"},\"potentialAction\":[{\"@type\":\"SearchAction\",\"target\":{\"@type\":\"EntryPoint\",\"urlTemplate\":\"https:\\\/\\\/diariotextual.com\\\/inicio\\\/?s={search_term_string}\"},\"query-input\":{\"@type\":\"PropertyValueSpecification\",\"valueRequired\":true,\"valueName\":\"search_term_string\"}}],\"inLanguage\":\"es\"},{\"@type\":\"Organization\",\"@id\":\"https:\\\/\\\/diariotextual.com\\\/inicio\\\/#organization\",\"name\":\"Diario Textual\",\"url\":\"https:\\\/\\\/diariotextual.com\\\/inicio\\\/\",\"logo\":{\"@type\":\"ImageObject\",\"inLanguage\":\"es\",\"@id\":\"https:\\\/\\\/diariotextual.com\\\/inicio\\\/#\\\/schema\\\/logo\\\/image\\\/\",\"url\":\"https:\\\/\\\/diariotextual.com\\\/inicio\\\/wp-content\\\/uploads\\\/2023\\\/05\\\/logotextual1.jpg\",\"contentUrl\":\"https:\\\/\\\/diariotextual.com\\\/inicio\\\/wp-content\\\/uploads\\\/2023\\\/05\\\/logotextual1.jpg\",\"width\":516,\"height\":76,\"caption\":\"Diario Textual\"},\"image\":{\"@id\":\"https:\\\/\\\/diariotextual.com\\\/inicio\\\/#\\\/schema\\\/logo\\\/image\\\/\"},\"sameAs\":[\"https:\\\/\\\/www.facebook.com\\\/eltextual\",\"https:\\\/\\\/x.com\\\/eltextual\",\"http:\\\/\\\/www.instagram.com\\\/eltextual\"]},{\"@type\":\"Person\",\"@id\":\"https:\\\/\\\/diariotextual.com\\\/inicio\\\/#\\\/schema\\\/person\\\/418fc4093c33e86ed41562db3508f958\",\"name\":\"Diario1 Diario1\",\"image\":{\"@type\":\"ImageObject\",\"inLanguage\":\"es\",\"@id\":\"https:\\\/\\\/secure.gravatar.com\\\/avatar\\\/9167d280179c85bc18be67aa7eda765854300033af4896dd779b608640f2ef7a?s=96&d=mm&r=g\",\"url\":\"https:\\\/\\\/secure.gravatar.com\\\/avatar\\\/9167d280179c85bc18be67aa7eda765854300033af4896dd779b608640f2ef7a?s=96&d=mm&r=g\",\"contentUrl\":\"https:\\\/\\\/secure.gravatar.com\\\/avatar\\\/9167d280179c85bc18be67aa7eda765854300033af4896dd779b608640f2ef7a?s=96&d=mm&r=g\",\"caption\":\"Diario1 Diario1\"},\"url\":\"https:\\\/\\\/diariotextual.com\\\/inicio\\\/index.php\\\/author\\\/diario1\\\/\"}]}<\/script>\n<!-- \/ Yoast SEO plugin. -->","yoast_head_json":{"title":"El Gobierno exige a Maduro el fin de las detenciones ilegales de argentinos en Venezuela - Diario Textual","robots":{"index":"index","follow":"follow","max-snippet":"max-snippet:-1","max-image-preview":"max-image-preview:large","max-video-preview":"max-video-preview:-1"},"canonical":"https:\/\/diariotextual.com\/inicio\/index.php\/2025\/05\/24\/el-gobierno-exige-a-maduro-el-fin-de-las-detenciones-ilegales-de-argentinos-en-venezuela\/","og_locale":"es_ES","og_type":"article","og_title":"El Gobierno exige a Maduro el fin de las detenciones ilegales de argentinos en Venezuela - Diario Textual","og_description":"A pocas horas de conocerse que el Gobierno de Nicol\u00e1s Maduro detuvo este viernes a otro argentino, la administraci\u00f3n de Javier Milei emiti\u00f3 un comunicado en el que exigi\u00f3 el&hellip;","og_url":"https:\/\/diariotextual.com\/inicio\/index.php\/2025\/05\/24\/el-gobierno-exige-a-maduro-el-fin-de-las-detenciones-ilegales-de-argentinos-en-venezuela\/","og_site_name":"Diario Textual","article_publisher":"https:\/\/www.facebook.com\/eltextual","article_published_time":"2025-05-24T11:03:10+00:00","article_modified_time":"2025-05-24T11:03:13+00:00","og_image":[{"width":837,"height":465,"url":"https:\/\/diariotextual.com\/inicio\/wp-content\/uploads\/2019\/05\/maduronicolas22.jpg","type":"image\/jpeg"}],"author":"Diario1 Diario1","twitter_card":"summary_large_image","twitter_creator":"@eltextual","twitter_site":"@eltextual","twitter_misc":{"Escrito por":"Diario1 Diario1","Tiempo de lectura":"2 minutos"},"schema":{"@context":"https:\/\/schema.org","@graph":[{"@type":"Article","@id":"https:\/\/diariotextual.com\/inicio\/index.php\/2025\/05\/24\/el-gobierno-exige-a-maduro-el-fin-de-las-detenciones-ilegales-de-argentinos-en-venezuela\/#article","isPartOf":{"@id":"https:\/\/diariotextual.com\/inicio\/index.php\/2025\/05\/24\/el-gobierno-exige-a-maduro-el-fin-de-las-detenciones-ilegales-de-argentinos-en-venezuela\/"},"author":{"name":"Diario1 Diario1","@id":"https:\/\/diariotextual.com\/inicio\/#\/schema\/person\/418fc4093c33e86ed41562db3508f958"},"headline":"El Gobierno exige a Maduro el fin de las detenciones ilegales de argentinos en Venezuela","datePublished":"2025-05-24T11:03:10+00:00","dateModified":"2025-05-24T11:03:13+00:00","mainEntityOfPage":{"@id":"https:\/\/diariotextual.com\/inicio\/index.php\/2025\/05\/24\/el-gobierno-exige-a-maduro-el-fin-de-las-detenciones-ilegales-de-argentinos-en-venezuela\/"},"wordCount":361,"publisher":{"@id":"https:\/\/diariotextual.com\/inicio\/#organization"},"image":{"@id":"https:\/\/diariotextual.com\/inicio\/index.php\/2025\/05\/24\/el-gobierno-exige-a-maduro-el-fin-de-las-detenciones-ilegales-de-argentinos-en-venezuela\/#primaryimage"},"thumbnailUrl":"https:\/\/diariotextual.com\/inicio\/wp-content\/uploads\/2019\/05\/maduronicolas22.jpg","articleSection":["A - DESTACADAS (mod 16)","POLITICA"],"inLanguage":"es"},{"@type":"WebPage","@id":"https:\/\/diariotextual.com\/inicio\/index.php\/2025\/05\/24\/el-gobierno-exige-a-maduro-el-fin-de-las-detenciones-ilegales-de-argentinos-en-venezuela\/","url":"https:\/\/diariotextual.com\/inicio\/index.php\/2025\/05\/24\/el-gobierno-exige-a-maduro-el-fin-de-las-detenciones-ilegales-de-argentinos-en-venezuela\/","name":"El Gobierno exige a Maduro el fin de las detenciones ilegales de argentinos en Venezuela - Diario Textual","isPartOf":{"@id":"https:\/\/diariotextual.com\/inicio\/#website"},"primaryImageOfPage":{"@id":"https:\/\/diariotextual.com\/inicio\/index.php\/2025\/05\/24\/el-gobierno-exige-a-maduro-el-fin-de-las-detenciones-ilegales-de-argentinos-en-venezuela\/#primaryimage"},"image":{"@id":"https:\/\/diariotextual.com\/inicio\/index.php\/2025\/05\/24\/el-gobierno-exige-a-maduro-el-fin-de-las-detenciones-ilegales-de-argentinos-en-venezuela\/#primaryimage"},"thumbnailUrl":"https:\/\/diariotextual.com\/inicio\/wp-content\/uploads\/2019\/05\/maduronicolas22.jpg","datePublished":"2025-05-24T11:03:10+00:00","dateModified":"2025-05-24T11:03:13+00:00","breadcrumb":{"@id":"https:\/\/diariotextual.com\/inicio\/index.php\/2025\/05\/24\/el-gobierno-exige-a-maduro-el-fin-de-las-detenciones-ilegales-de-argentinos-en-venezuela\/#breadcrumb"},"inLanguage":"es","potentialAction":[{"@type":"ReadAction","target":["https:\/\/diariotextual.com\/inicio\/index.php\/2025\/05\/24\/el-gobierno-exige-a-maduro-el-fin-de-las-detenciones-ilegales-de-argentinos-en-venezuela\/"]}]},{"@type":"ImageObject","inLanguage":"es","@id":"https:\/\/diariotextual.com\/inicio\/index.php\/2025\/05\/24\/el-gobierno-exige-a-maduro-el-fin-de-las-detenciones-ilegales-de-argentinos-en-venezuela\/#primaryimage","url":"https:\/\/diariotextual.com\/inicio\/wp-content\/uploads\/2019\/05\/maduronicolas22.jpg","contentUrl":"https:\/\/diariotextual.com\/inicio\/wp-content\/uploads\/2019\/05\/maduronicolas22.jpg","width":837,"height":465},{"@type":"BreadcrumbList","@id":"https:\/\/diariotextual.com\/inicio\/index.php\/2025\/05\/24\/el-gobierno-exige-a-maduro-el-fin-de-las-detenciones-ilegales-de-argentinos-en-venezuela\/#breadcrumb","itemListElement":[{"@type":"ListItem","position":1,"name":"Portada","item":"https:\/\/diariotextual.com\/inicio\/"},{"@type":"ListItem","position":2,"name":"El Gobierno exige a Maduro el fin de las detenciones ilegales de argentinos en Venezuela"}]},{"@type":"WebSite","@id":"https:\/\/diariotextual.com\/inicio\/#website","url":"https:\/\/diariotextual.com\/inicio\/","name":"Diario Textual","description":"","publisher":{"@id":"https:\/\/diariotextual.com\/inicio\/#organization"},"potentialAction":[{"@type":"SearchAction","target":{"@type":"EntryPoint","urlTemplate":"https:\/\/diariotextual.com\/inicio\/?s={search_term_string}"},"query-input":{"@type":"PropertyValueSpecification","valueRequired":true,"valueName":"search_term_string"}}],"inLanguage":"es"},{"@type":"Organization","@id":"https:\/\/diariotextual.com\/inicio\/#organization","name":"Diario Textual","url":"https:\/\/diariotextual.com\/inicio\/","logo":{"@type":"ImageObject","inLanguage":"es","@id":"https:\/\/diariotextual.com\/inicio\/#\/schema\/logo\/image\/","url":"https:\/\/diariotextual.com\/inicio\/wp-content\/uploads\/2023\/05\/logotextual1.jpg","contentUrl":"https:\/\/diariotextual.com\/inicio\/wp-content\/uploads\/2023\/05\/logotextual1.jpg","width":516,"height":76,"caption":"Diario Textual"},"image":{"@id":"https:\/\/diariotextual.com\/inicio\/#\/schema\/logo\/image\/"},"sameAs":["https:\/\/www.facebook.com\/eltextual","https:\/\/x.com\/eltextual","http:\/\/www.instagram.com\/eltextual"]},{"@type":"Person","@id":"https:\/\/diariotextual.com\/inicio\/#\/schema\/person\/418fc4093c33e86ed41562db3508f958","name":"Diario1 Diario1","image":{"@type":"ImageObject","inLanguage":"es","@id":"https:\/\/secure.gravatar.com\/avatar\/9167d280179c85bc18be67aa7eda765854300033af4896dd779b608640f2ef7a?s=96&d=mm&r=g","url":"https:\/\/secure.gravatar.com\/avatar\/9167d280179c85bc18be67aa7eda765854300033af4896dd779b608640f2ef7a?s=96&d=mm&r=g","contentUrl":"https:\/\/secure.gravatar.com\/avatar\/9167d280179c85bc18be67aa7eda765854300033af4896dd779b608640f2ef7a?s=96&d=mm&r=g","caption":"Diario1 Diario1"},"url":"https:\/\/diariotextual.com\/inicio\/index.php\/author\/diario1\/"}]}},"_links":{"self":[{"href":"https:\/\/diariotextual.com\/inicio\/index.php\/wp-json\/wp\/v2\/posts\/297078","targetHints":{"allow":["GET"]}}],"collection":[{"href":"https:\/\/diariotextual.com\/inicio\/index.php\/wp-json\/wp\/v2\/posts"}],"about":[{"href":"https:\/\/diariotextual.com\/inicio\/index.php\/wp-json\/wp\/v2\/types\/post"}],"author":[{"embeddable":true,"href":"https:\/\/diariotextual.com\/inicio\/index.php\/wp-json\/wp\/v2\/users\/3"}],"replies":[{"embeddable":true,"href":"https:\/\/diariotextual.com\/inicio\/index.php\/wp-json\/wp\/v2\/comments?post=297078"}],"version-history":[{"count":2,"href":"https:\/\/diariotextual.com\/inicio\/index.php\/wp-json\/wp\/v2\/posts\/297078\/revisions"}],"predecessor-version":[{"id":297080,"href":"https:\/\/diariotextual.com\/inicio\/index.php\/wp-json\/wp\/v2\/posts\/297078\/revisions\/297080"}],"wp:featuredmedia":[{"embeddable":true,"href":"https:\/\/diariotextual.com\/inicio\/index.php\/wp-json\/wp\/v2\/media\/47319"}],"wp:attachment":[{"href":"https:\/\/diariotextual.com\/inicio\/index.php\/wp-json\/wp\/v2\/media?parent=297078"}],"wp:term":[{"taxonomy":"category","embeddable":true,"href":"https:\/\/diariotextual.com\/inicio\/index.php\/wp-json\/wp\/v2\/categories?post=297078"},{"taxonomy":"post_tag","embeddable":true,"href":"https:\/\/diariotextual.com\/inicio\/index.php\/wp-json\/wp\/v2\/tags?post=297078"}],"curies":[{"name":"wp","href":"https:\/\/api.w.org\/{rel}","templated":true}]}}