{"id":2971,"date":"2018-03-26T13:10:08","date_gmt":"2018-03-26T13:10:08","guid":{"rendered":"http:\/\/diariotextual.com\/inicio\/?p=2971"},"modified":"2018-03-27T12:39:23","modified_gmt":"2018-03-27T12:39:23","slug":"la-pampa-la-represa-portezuelo-bereciartua-sanatero","status":"publish","type":"post","link":"https:\/\/diariotextual.com\/inicio\/index.php\/2018\/03\/26\/la-pampa-la-represa-portezuelo-bereciartua-sanatero\/","title":{"rendered":"La Pampa y la represa Portezuelo: \u00abBereciart\u00faa es un sanatero\u00bb"},"content":{"rendered":"<p>El Gobierno de La Pampa sali\u00f3 al cruce de Pablo Bereciart\u00faa, el secretario de Infraestructura y Pol\u00edtica H\u00eddrica de la Naci\u00f3n que dijo desde Mendoza el fin de semana que<span style=\"color: #ff0000\"> <a style=\"color: #ff0000\" href=\"http:\/\/diariotextual.com\/inicio\/index.php\/2018\/03\/25\/nacion-dice-ya-luz-verde-la-corte-licitar-portezuelo\/\" target=\"_blank\" rel=\"noopener\"><strong>ya est\u00e1n en condiciones de iniciar el proceso de licitaci\u00f3n para la represa de Portezuelo del Viento<\/strong><\/a><\/span>. \u201cNo es as\u00ed, <strong>este Bereciart\u00faa es un sanatero<\/strong>\u201d, dijo a Diario Textual el secretario de Recursos H\u00eddricos de La Pampa, Javier Schlegel.<!--more--><\/p>\n<p>Es que, dijo Schlegel, <strong>el tema sigue judicializad<\/strong>o: La Pampa a\u00fan mantiene un recurso de queja ante la Corte Suprema de Justicia de la Naci\u00f3n (CSJN) para declarar nulo el\u00a0 laudo de Mauricio Macri que dio v\u00eda libre a la presa.<\/p>\n<p>Bereciart\u00faa -que en junio del a\u00f1o pasado hizo un papel\u00f3n y recibi\u00f3 el reto de la Corte, al retirarse en medio de una audiencia de conciliaci\u00f3n por el Atuel- estuvo este fin de semana recorriendo municipios mendocinos y estuvo en la Cumbre del BID. Frente a los periodistas, consider\u00f3 que la Corte ya lo habilit\u00f3 a iniciar la licitaci\u00f3n de Portezuelo. \u00bfEs as\u00ed? Para los representantes de La Pampa, no.<\/p>\n<p>Schlegel record\u00f3 que\u00a0 nuestra provincia present\u00f3 un recurso de nulidad ante la Corte porque consider\u00f3 que el laudo de Macri, a favor de Portezuelo, no fue imparcial. La Corte respondi\u00f3 inmediatamente con un \u201cno\u201d. En rigor, no analiz\u00f3 la cuesti\u00f3n de fondo: lo que hizo fue rechazar la pretensi\u00f3n pampeana con un formalismo, a la espera de otra apelaci\u00f3n. As\u00ed,<strong> La Pampa fue con un recurso de queja. Ese recurso a\u00fan no fue tratado, por lo que -consideran Verna y sus funcionarios- no est\u00e1 habilitada la licitaci\u00f3n de la represa.<\/strong><\/p>\n","protected":false},"excerpt":{"rendered":"<p>El Gobierno de La Pampa sali\u00f3 al cruce de Pablo Bereciart\u00faa, el secretario de Infraestructura y Pol\u00edtica H\u00eddrica de la Naci\u00f3n que dijo desde Mendoza el fin de semana que&hellip;<\/p>\n","protected":false},"author":3,"featured_media":2973,"comment_status":"open","ping_status":"open","sticky":false,"template":"","format":"standard","meta":{"_acf_changed":false,"footnotes":""},"categories":[11,8],"tags":[263,264],"class_list":["post-2971","post","type-post","status-publish","format-standard","has-post-thumbnail","hentry","category-que-pasa","category-politica","tag-bereciartua","tag-schlegel"],"acf":[],"yoast_head":"<!-- This site is optimized with the Yoast SEO plugin v27.5 - https:\/\/yoast.com\/product\/yoast-seo-wordpress\/ -->\n<title>La Pampa y la represa Portezuelo: &quot;Bereciart\u00faa es un sanatero&quot; - Diario Textual<\/title>\n<meta name=\"robots\" content=\"index, follow, max-snippet:-1, max-image-preview:large, max-video-preview:-1\" \/>\n<link rel=\"canonical\" href=\"https:\/\/diariotextual.com\/inicio\/index.php\/2018\/03\/26\/la-pampa-la-represa-portezuelo-bereciartua-sanatero\/\" \/>\n<meta property=\"og:locale\" content=\"es_ES\" \/>\n<meta property=\"og:type\" content=\"article\" \/>\n<meta property=\"og:title\" content=\"La Pampa y la represa Portezuelo: &quot;Bereciart\u00faa es un sanatero&quot; - Diario Textual\" \/>\n<meta property=\"og:description\" content=\"El Gobierno de La Pampa sali\u00f3 al cruce de Pablo Bereciart\u00faa, el secretario de Infraestructura y Pol\u00edtica H\u00eddrica de la Naci\u00f3n que dijo desde Mendoza el fin de semana que&hellip;\" \/>\n<meta property=\"og:url\" content=\"https:\/\/diariotextual.com\/inicio\/index.php\/2018\/03\/26\/la-pampa-la-represa-portezuelo-bereciartua-sanatero\/\" \/>\n<meta property=\"og:site_name\" content=\"Diario Textual\" \/>\n<meta property=\"article:publisher\" content=\"https:\/\/www.facebook.com\/eltextual\" \/>\n<meta property=\"article:published_time\" content=\"2018-03-26T13:10:08+00:00\" \/>\n<meta property=\"article:modified_time\" content=\"2018-03-27T12:39:23+00:00\" \/>\n<meta property=\"og:image\" content=\"https:\/\/diariotextual.com\/inicio\/wp-content\/uploads\/2018\/03\/schlegeljavier2016-78.jpg\" \/>\n\t<meta property=\"og:image:width\" content=\"692\" \/>\n\t<meta property=\"og:image:height\" content=\"450\" \/>\n\t<meta property=\"og:image:type\" content=\"image\/jpeg\" \/>\n<meta name=\"author\" content=\"Diario1 Diario1\" \/>\n<meta name=\"twitter:card\" content=\"summary_large_image\" \/>\n<meta name=\"twitter:creator\" content=\"@eltextual\" \/>\n<meta name=\"twitter:site\" content=\"@eltextual\" \/>\n<meta name=\"twitter:label1\" content=\"Escrito por\" \/>\n\t<meta name=\"twitter:data1\" content=\"Diario1 Diario1\" \/>\n\t<meta name=\"twitter:label2\" content=\"Tiempo de lectura\" \/>\n\t<meta name=\"twitter:data2\" content=\"1 minuto\" \/>\n<script type=\"application\/ld+json\" class=\"yoast-schema-graph\">{\"@context\":\"https:\\\/\\\/schema.org\",\"@graph\":[{\"@type\":\"Article\",\"@id\":\"https:\\\/\\\/diariotextual.com\\\/inicio\\\/index.php\\\/2018\\\/03\\\/26\\\/la-pampa-la-represa-portezuelo-bereciartua-sanatero\\\/#article\",\"isPartOf\":{\"@id\":\"https:\\\/\\\/diariotextual.com\\\/inicio\\\/index.php\\\/2018\\\/03\\\/26\\\/la-pampa-la-represa-portezuelo-bereciartua-sanatero\\\/\"},\"author\":{\"name\":\"Diario1 Diario1\",\"@id\":\"https:\\\/\\\/diariotextual.com\\\/inicio\\\/#\\\/schema\\\/person\\\/418fc4093c33e86ed41562db3508f958\"},\"headline\":\"La Pampa y la represa Portezuelo: \u00abBereciart\u00faa es un sanatero\u00bb\",\"datePublished\":\"2018-03-26T13:10:08+00:00\",\"dateModified\":\"2018-03-27T12:39:23+00:00\",\"mainEntityOfPage\":{\"@id\":\"https:\\\/\\\/diariotextual.com\\\/inicio\\\/index.php\\\/2018\\\/03\\\/26\\\/la-pampa-la-represa-portezuelo-bereciartua-sanatero\\\/\"},\"wordCount\":302,\"commentCount\":0,\"publisher\":{\"@id\":\"https:\\\/\\\/diariotextual.com\\\/inicio\\\/#organization\"},\"image\":{\"@id\":\"https:\\\/\\\/diariotextual.com\\\/inicio\\\/index.php\\\/2018\\\/03\\\/26\\\/la-pampa-la-represa-portezuelo-bereciartua-sanatero\\\/#primaryimage\"},\"thumbnailUrl\":\"https:\\\/\\\/diariotextual.com\\\/inicio\\\/wp-content\\\/uploads\\\/2018\\\/03\\\/schlegeljavier2016-78.jpg\",\"keywords\":[\"bereciartua\",\"schlegel\"],\"articleSection\":[\"A - QUE PASA (al costado)\",\"POLITICA\"],\"inLanguage\":\"es\",\"potentialAction\":[{\"@type\":\"CommentAction\",\"name\":\"Comment\",\"target\":[\"https:\\\/\\\/diariotextual.com\\\/inicio\\\/index.php\\\/2018\\\/03\\\/26\\\/la-pampa-la-represa-portezuelo-bereciartua-sanatero\\\/#respond\"]}]},{\"@type\":\"WebPage\",\"@id\":\"https:\\\/\\\/diariotextual.com\\\/inicio\\\/index.php\\\/2018\\\/03\\\/26\\\/la-pampa-la-represa-portezuelo-bereciartua-sanatero\\\/\",\"url\":\"https:\\\/\\\/diariotextual.com\\\/inicio\\\/index.php\\\/2018\\\/03\\\/26\\\/la-pampa-la-represa-portezuelo-bereciartua-sanatero\\\/\",\"name\":\"La Pampa y la represa Portezuelo: \\\"Bereciart\u00faa es un sanatero\\\" - Diario Textual\",\"isPartOf\":{\"@id\":\"https:\\\/\\\/diariotextual.com\\\/inicio\\\/#website\"},\"primaryImageOfPage\":{\"@id\":\"https:\\\/\\\/diariotextual.com\\\/inicio\\\/index.php\\\/2018\\\/03\\\/26\\\/la-pampa-la-represa-portezuelo-bereciartua-sanatero\\\/#primaryimage\"},\"image\":{\"@id\":\"https:\\\/\\\/diariotextual.com\\\/inicio\\\/index.php\\\/2018\\\/03\\\/26\\\/la-pampa-la-represa-portezuelo-bereciartua-sanatero\\\/#primaryimage\"},\"thumbnailUrl\":\"https:\\\/\\\/diariotextual.com\\\/inicio\\\/wp-content\\\/uploads\\\/2018\\\/03\\\/schlegeljavier2016-78.jpg\",\"datePublished\":\"2018-03-26T13:10:08+00:00\",\"dateModified\":\"2018-03-27T12:39:23+00:00\",\"breadcrumb\":{\"@id\":\"https:\\\/\\\/diariotextual.com\\\/inicio\\\/index.php\\\/2018\\\/03\\\/26\\\/la-pampa-la-represa-portezuelo-bereciartua-sanatero\\\/#breadcrumb\"},\"inLanguage\":\"es\",\"potentialAction\":[{\"@type\":\"ReadAction\",\"target\":[\"https:\\\/\\\/diariotextual.com\\\/inicio\\\/index.php\\\/2018\\\/03\\\/26\\\/la-pampa-la-represa-portezuelo-bereciartua-sanatero\\\/\"]}]},{\"@type\":\"ImageObject\",\"inLanguage\":\"es\",\"@id\":\"https:\\\/\\\/diariotextual.com\\\/inicio\\\/index.php\\\/2018\\\/03\\\/26\\\/la-pampa-la-represa-portezuelo-bereciartua-sanatero\\\/#primaryimage\",\"url\":\"https:\\\/\\\/diariotextual.com\\\/inicio\\\/wp-content\\\/uploads\\\/2018\\\/03\\\/schlegeljavier2016-78.jpg\",\"contentUrl\":\"https:\\\/\\\/diariotextual.com\\\/inicio\\\/wp-content\\\/uploads\\\/2018\\\/03\\\/schlegeljavier2016-78.jpg\",\"width\":692,\"height\":450},{\"@type\":\"BreadcrumbList\",\"@id\":\"https:\\\/\\\/diariotextual.com\\\/inicio\\\/index.php\\\/2018\\\/03\\\/26\\\/la-pampa-la-represa-portezuelo-bereciartua-sanatero\\\/#breadcrumb\",\"itemListElement\":[{\"@type\":\"ListItem\",\"position\":1,\"name\":\"Portada\",\"item\":\"https:\\\/\\\/diariotextual.com\\\/inicio\\\/\"},{\"@type\":\"ListItem\",\"position\":2,\"name\":\"La Pampa y la represa Portezuelo: \u00abBereciart\u00faa es un sanatero\u00bb\"}]},{\"@type\":\"WebSite\",\"@id\":\"https:\\\/\\\/diariotextual.com\\\/inicio\\\/#website\",\"url\":\"https:\\\/\\\/diariotextual.com\\\/inicio\\\/\",\"name\":\"Diario Textual\",\"description\":\"\",\"publisher\":{\"@id\":\"https:\\\/\\\/diariotextual.com\\\/inicio\\\/#organization\"},\"potentialAction\":[{\"@type\":\"SearchAction\",\"target\":{\"@type\":\"EntryPoint\",\"urlTemplate\":\"https:\\\/\\\/diariotextual.com\\\/inicio\\\/?s={search_term_string}\"},\"query-input\":{\"@type\":\"PropertyValueSpecification\",\"valueRequired\":true,\"valueName\":\"search_term_string\"}}],\"inLanguage\":\"es\"},{\"@type\":\"Organization\",\"@id\":\"https:\\\/\\\/diariotextual.com\\\/inicio\\\/#organization\",\"name\":\"Diario Textual\",\"url\":\"https:\\\/\\\/diariotextual.com\\\/inicio\\\/\",\"logo\":{\"@type\":\"ImageObject\",\"inLanguage\":\"es\",\"@id\":\"https:\\\/\\\/diariotextual.com\\\/inicio\\\/#\\\/schema\\\/logo\\\/image\\\/\",\"url\":\"https:\\\/\\\/diariotextual.com\\\/inicio\\\/wp-content\\\/uploads\\\/2023\\\/05\\\/logotextual1.jpg\",\"contentUrl\":\"https:\\\/\\\/diariotextual.com\\\/inicio\\\/wp-content\\\/uploads\\\/2023\\\/05\\\/logotextual1.jpg\",\"width\":516,\"height\":76,\"caption\":\"Diario Textual\"},\"image\":{\"@id\":\"https:\\\/\\\/diariotextual.com\\\/inicio\\\/#\\\/schema\\\/logo\\\/image\\\/\"},\"sameAs\":[\"https:\\\/\\\/www.facebook.com\\\/eltextual\",\"https:\\\/\\\/x.com\\\/eltextual\",\"http:\\\/\\\/www.instagram.com\\\/eltextual\"]},{\"@type\":\"Person\",\"@id\":\"https:\\\/\\\/diariotextual.com\\\/inicio\\\/#\\\/schema\\\/person\\\/418fc4093c33e86ed41562db3508f958\",\"name\":\"Diario1 Diario1\",\"image\":{\"@type\":\"ImageObject\",\"inLanguage\":\"es\",\"@id\":\"https:\\\/\\\/secure.gravatar.com\\\/avatar\\\/9167d280179c85bc18be67aa7eda765854300033af4896dd779b608640f2ef7a?s=96&d=mm&r=g\",\"url\":\"https:\\\/\\\/secure.gravatar.com\\\/avatar\\\/9167d280179c85bc18be67aa7eda765854300033af4896dd779b608640f2ef7a?s=96&d=mm&r=g\",\"contentUrl\":\"https:\\\/\\\/secure.gravatar.com\\\/avatar\\\/9167d280179c85bc18be67aa7eda765854300033af4896dd779b608640f2ef7a?s=96&d=mm&r=g\",\"caption\":\"Diario1 Diario1\"},\"url\":\"https:\\\/\\\/diariotextual.com\\\/inicio\\\/index.php\\\/author\\\/diario1\\\/\"}]}<\/script>\n<!-- \/ Yoast SEO plugin. -->","yoast_head_json":{"title":"La Pampa y la represa Portezuelo: \"Bereciart\u00faa es un sanatero\" - Diario Textual","robots":{"index":"index","follow":"follow","max-snippet":"max-snippet:-1","max-image-preview":"max-image-preview:large","max-video-preview":"max-video-preview:-1"},"canonical":"https:\/\/diariotextual.com\/inicio\/index.php\/2018\/03\/26\/la-pampa-la-represa-portezuelo-bereciartua-sanatero\/","og_locale":"es_ES","og_type":"article","og_title":"La Pampa y la represa Portezuelo: \"Bereciart\u00faa es un sanatero\" - Diario Textual","og_description":"El Gobierno de La Pampa sali\u00f3 al cruce de Pablo Bereciart\u00faa, el secretario de Infraestructura y Pol\u00edtica H\u00eddrica de la Naci\u00f3n que dijo desde Mendoza el fin de semana que&hellip;","og_url":"https:\/\/diariotextual.com\/inicio\/index.php\/2018\/03\/26\/la-pampa-la-represa-portezuelo-bereciartua-sanatero\/","og_site_name":"Diario Textual","article_publisher":"https:\/\/www.facebook.com\/eltextual","article_published_time":"2018-03-26T13:10:08+00:00","article_modified_time":"2018-03-27T12:39:23+00:00","og_image":[{"width":692,"height":450,"url":"https:\/\/diariotextual.com\/inicio\/wp-content\/uploads\/2018\/03\/schlegeljavier2016-78.jpg","type":"image\/jpeg"}],"author":"Diario1 Diario1","twitter_card":"summary_large_image","twitter_creator":"@eltextual","twitter_site":"@eltextual","twitter_misc":{"Escrito por":"Diario1 Diario1","Tiempo de lectura":"1 minuto"},"schema":{"@context":"https:\/\/schema.org","@graph":[{"@type":"Article","@id":"https:\/\/diariotextual.com\/inicio\/index.php\/2018\/03\/26\/la-pampa-la-represa-portezuelo-bereciartua-sanatero\/#article","isPartOf":{"@id":"https:\/\/diariotextual.com\/inicio\/index.php\/2018\/03\/26\/la-pampa-la-represa-portezuelo-bereciartua-sanatero\/"},"author":{"name":"Diario1 Diario1","@id":"https:\/\/diariotextual.com\/inicio\/#\/schema\/person\/418fc4093c33e86ed41562db3508f958"},"headline":"La Pampa y la represa Portezuelo: \u00abBereciart\u00faa es un sanatero\u00bb","datePublished":"2018-03-26T13:10:08+00:00","dateModified":"2018-03-27T12:39:23+00:00","mainEntityOfPage":{"@id":"https:\/\/diariotextual.com\/inicio\/index.php\/2018\/03\/26\/la-pampa-la-represa-portezuelo-bereciartua-sanatero\/"},"wordCount":302,"commentCount":0,"publisher":{"@id":"https:\/\/diariotextual.com\/inicio\/#organization"},"image":{"@id":"https:\/\/diariotextual.com\/inicio\/index.php\/2018\/03\/26\/la-pampa-la-represa-portezuelo-bereciartua-sanatero\/#primaryimage"},"thumbnailUrl":"https:\/\/diariotextual.com\/inicio\/wp-content\/uploads\/2018\/03\/schlegeljavier2016-78.jpg","keywords":["bereciartua","schlegel"],"articleSection":["A - QUE PASA (al costado)","POLITICA"],"inLanguage":"es","potentialAction":[{"@type":"CommentAction","name":"Comment","target":["https:\/\/diariotextual.com\/inicio\/index.php\/2018\/03\/26\/la-pampa-la-represa-portezuelo-bereciartua-sanatero\/#respond"]}]},{"@type":"WebPage","@id":"https:\/\/diariotextual.com\/inicio\/index.php\/2018\/03\/26\/la-pampa-la-represa-portezuelo-bereciartua-sanatero\/","url":"https:\/\/diariotextual.com\/inicio\/index.php\/2018\/03\/26\/la-pampa-la-represa-portezuelo-bereciartua-sanatero\/","name":"La Pampa y la represa Portezuelo: \"Bereciart\u00faa es un sanatero\" - Diario Textual","isPartOf":{"@id":"https:\/\/diariotextual.com\/inicio\/#website"},"primaryImageOfPage":{"@id":"https:\/\/diariotextual.com\/inicio\/index.php\/2018\/03\/26\/la-pampa-la-represa-portezuelo-bereciartua-sanatero\/#primaryimage"},"image":{"@id":"https:\/\/diariotextual.com\/inicio\/index.php\/2018\/03\/26\/la-pampa-la-represa-portezuelo-bereciartua-sanatero\/#primaryimage"},"thumbnailUrl":"https:\/\/diariotextual.com\/inicio\/wp-content\/uploads\/2018\/03\/schlegeljavier2016-78.jpg","datePublished":"2018-03-26T13:10:08+00:00","dateModified":"2018-03-27T12:39:23+00:00","breadcrumb":{"@id":"https:\/\/diariotextual.com\/inicio\/index.php\/2018\/03\/26\/la-pampa-la-represa-portezuelo-bereciartua-sanatero\/#breadcrumb"},"inLanguage":"es","potentialAction":[{"@type":"ReadAction","target":["https:\/\/diariotextual.com\/inicio\/index.php\/2018\/03\/26\/la-pampa-la-represa-portezuelo-bereciartua-sanatero\/"]}]},{"@type":"ImageObject","inLanguage":"es","@id":"https:\/\/diariotextual.com\/inicio\/index.php\/2018\/03\/26\/la-pampa-la-represa-portezuelo-bereciartua-sanatero\/#primaryimage","url":"https:\/\/diariotextual.com\/inicio\/wp-content\/uploads\/2018\/03\/schlegeljavier2016-78.jpg","contentUrl":"https:\/\/diariotextual.com\/inicio\/wp-content\/uploads\/2018\/03\/schlegeljavier2016-78.jpg","width":692,"height":450},{"@type":"BreadcrumbList","@id":"https:\/\/diariotextual.com\/inicio\/index.php\/2018\/03\/26\/la-pampa-la-represa-portezuelo-bereciartua-sanatero\/#breadcrumb","itemListElement":[{"@type":"ListItem","position":1,"name":"Portada","item":"https:\/\/diariotextual.com\/inicio\/"},{"@type":"ListItem","position":2,"name":"La Pampa y la represa Portezuelo: \u00abBereciart\u00faa es un sanatero\u00bb"}]},{"@type":"WebSite","@id":"https:\/\/diariotextual.com\/inicio\/#website","url":"https:\/\/diariotextual.com\/inicio\/","name":"Diario Textual","description":"","publisher":{"@id":"https:\/\/diariotextual.com\/inicio\/#organization"},"potentialAction":[{"@type":"SearchAction","target":{"@type":"EntryPoint","urlTemplate":"https:\/\/diariotextual.com\/inicio\/?s={search_term_string}"},"query-input":{"@type":"PropertyValueSpecification","valueRequired":true,"valueName":"search_term_string"}}],"inLanguage":"es"},{"@type":"Organization","@id":"https:\/\/diariotextual.com\/inicio\/#organization","name":"Diario Textual","url":"https:\/\/diariotextual.com\/inicio\/","logo":{"@type":"ImageObject","inLanguage":"es","@id":"https:\/\/diariotextual.com\/inicio\/#\/schema\/logo\/image\/","url":"https:\/\/diariotextual.com\/inicio\/wp-content\/uploads\/2023\/05\/logotextual1.jpg","contentUrl":"https:\/\/diariotextual.com\/inicio\/wp-content\/uploads\/2023\/05\/logotextual1.jpg","width":516,"height":76,"caption":"Diario Textual"},"image":{"@id":"https:\/\/diariotextual.com\/inicio\/#\/schema\/logo\/image\/"},"sameAs":["https:\/\/www.facebook.com\/eltextual","https:\/\/x.com\/eltextual","http:\/\/www.instagram.com\/eltextual"]},{"@type":"Person","@id":"https:\/\/diariotextual.com\/inicio\/#\/schema\/person\/418fc4093c33e86ed41562db3508f958","name":"Diario1 Diario1","image":{"@type":"ImageObject","inLanguage":"es","@id":"https:\/\/secure.gravatar.com\/avatar\/9167d280179c85bc18be67aa7eda765854300033af4896dd779b608640f2ef7a?s=96&d=mm&r=g","url":"https:\/\/secure.gravatar.com\/avatar\/9167d280179c85bc18be67aa7eda765854300033af4896dd779b608640f2ef7a?s=96&d=mm&r=g","contentUrl":"https:\/\/secure.gravatar.com\/avatar\/9167d280179c85bc18be67aa7eda765854300033af4896dd779b608640f2ef7a?s=96&d=mm&r=g","caption":"Diario1 Diario1"},"url":"https:\/\/diariotextual.com\/inicio\/index.php\/author\/diario1\/"}]}},"_links":{"self":[{"href":"https:\/\/diariotextual.com\/inicio\/index.php\/wp-json\/wp\/v2\/posts\/2971","targetHints":{"allow":["GET"]}}],"collection":[{"href":"https:\/\/diariotextual.com\/inicio\/index.php\/wp-json\/wp\/v2\/posts"}],"about":[{"href":"https:\/\/diariotextual.com\/inicio\/index.php\/wp-json\/wp\/v2\/types\/post"}],"author":[{"embeddable":true,"href":"https:\/\/diariotextual.com\/inicio\/index.php\/wp-json\/wp\/v2\/users\/3"}],"replies":[{"embeddable":true,"href":"https:\/\/diariotextual.com\/inicio\/index.php\/wp-json\/wp\/v2\/comments?post=2971"}],"version-history":[{"count":1,"href":"https:\/\/diariotextual.com\/inicio\/index.php\/wp-json\/wp\/v2\/posts\/2971\/revisions"}],"predecessor-version":[{"id":2974,"href":"https:\/\/diariotextual.com\/inicio\/index.php\/wp-json\/wp\/v2\/posts\/2971\/revisions\/2974"}],"wp:featuredmedia":[{"embeddable":true,"href":"https:\/\/diariotextual.com\/inicio\/index.php\/wp-json\/wp\/v2\/media\/2973"}],"wp:attachment":[{"href":"https:\/\/diariotextual.com\/inicio\/index.php\/wp-json\/wp\/v2\/media?parent=2971"}],"wp:term":[{"taxonomy":"category","embeddable":true,"href":"https:\/\/diariotextual.com\/inicio\/index.php\/wp-json\/wp\/v2\/categories?post=2971"},{"taxonomy":"post_tag","embeddable":true,"href":"https:\/\/diariotextual.com\/inicio\/index.php\/wp-json\/wp\/v2\/tags?post=2971"}],"curies":[{"name":"wp","href":"https:\/\/api.w.org\/{rel}","templated":true}]}}