{"id":297607,"date":"2025-05-30T06:33:04","date_gmt":"2025-05-30T09:33:04","guid":{"rendered":"https:\/\/diariotextual.com\/inicio\/?p=297607"},"modified":"2025-05-30T08:32:33","modified_gmt":"2025-05-30T11:32:33","slug":"colapinto-pone-primera-en-el-gp-de-espana-con-las-practicas-libres-1-y-2","status":"publish","type":"post","link":"https:\/\/diariotextual.com\/inicio\/index.php\/2025\/05\/30\/colapinto-pone-primera-en-el-gp-de-espana-con-las-practicas-libres-1-y-2\/","title":{"rendered":"Colapinto pone primera en el GP de Espa\u00f1a con las pr\u00e1cticas libres 1 y 2"},"content":{"rendered":"\n<p>El piloto argentino&nbsp;<strong>Franco Colapinto<\/strong>&nbsp;disputar\u00e1 este fin de semana su tercera carrera con la escuder\u00eda francesa Alpine, cuando se lleve a cabo el&nbsp;<strong>Gran Premio de Espa\u00f1a de F\u00f3rmula 1.<\/strong><\/p>\n\n\n\n<p>La actividad en este Gran Premio, que se correr\u00e1 en el Circuito de Barcelona-Catalu\u00f1a, comenzar\u00e1 este viernes con las&nbsp;<strong>pr\u00e1cticas libres 1 que ser\u00e1n entre las 8:30 y las 9:30<\/strong>, mientras que solo unas horas despu\u00e9s, a partir de las&nbsp;<strong>12 del mediod\u00eda<\/strong>, ser\u00e1n las&nbsp;<strong>pr\u00e1cticas libres 2.<\/strong><\/p>\n\n\n\n<p>El GP de Espa\u00f1a corresponde a la novena fecha del&nbsp;<strong>campeonato de F\u00f3rmula 1<\/strong>, que&nbsp;<strong>tiene como l\u00edder al piloto australiano de McLaren, Oscar Piastri, con 161 puntos<\/strong>. Sin embargo, su compa\u00f1ero de equipo, el brit\u00e1nico Lando Norris, y el neerland\u00e9s Max Verstappen (Red Bull), lo siguen de cerca y est\u00e1n a 3 y 25 unidades de distancia, respectivamente.<\/p>\n\n\n\n<p><strong>Esta ser\u00e1 la tercera carrera en Alpine para Colapinto<\/strong>, que debut\u00f3 con la escuder\u00eda francesa hace dos fines de semana en el&nbsp;<strong>GP de Emilia-Roma\u00f1a, donde termin\u00f3 16\u00b0<\/strong>&nbsp;luego de una accidentada clasificaci\u00f3n.&nbsp;<strong>Solo siete d\u00edas despu\u00e9s, en M\u00f3naco, el argentino cruz\u00f3 la bandera a cuadros en la decimotercera posici\u00f3n<\/strong>, redondeando una carrera muy prolija.<\/p>\n\n\n\n<p>Este fin de semana, en Espa\u00f1a,&nbsp;<strong>Colapinto buscar\u00e1 sumar sus primeros puntos del a\u00f1o en la F\u00f3rmula 1&nbsp;<\/strong>y qu\u00e9 mejor que este circuito, en el que se siente muy c\u00f3modo, lo conoce muy bien y ya consigui\u00f3 subirse al podio tanto en la F\u00f3rmula 3 como en la F\u00f3rmula 2.<\/p>\n\n\n\n<p><strong>Esta ser\u00e1 la trig\u00e9simo quinta vez que el GP de Espa\u00f1a se corra en Barcelona<\/strong>, que tiene un circuito con una longitud de 4,675 kil\u00f3metros, cuenta con 14 curvas y posee dos zonas de DRS.<\/p>\n\n\n\n<p><strong>Los m\u00e1ximos ganadores en el Gran Premio de Espa\u00f1a son, con seis triunfos, el alem\u00e1n Michael Schumacher<\/strong>&nbsp;(1995, 1996, 2001, 2002, 2003 y 2004)&nbsp;<strong>y el brit\u00e1nico Lewis Hamilton<\/strong>&nbsp;(2014, 2017, 2018, 2019, 2020 y 2021).<\/p>\n\n\n\n<h4 class=\"wp-block-heading\">As\u00ed est\u00e1 el campeonato de pilotos de cara al GP de Espa\u00f1a<\/h4>\n\n\n\n<ol class=\"wp-block-list\">\n<li><em><strong>Oscar Piastri (McLaren): 161<\/strong><\/em><\/li>\n\n\n\n<li>Lando Norris (McLaren): 158<\/li>\n\n\n\n<li>Max Verstappen (Red Bull): 136<\/li>\n\n\n\n<li>George Russell (Mercedes): 99<\/li>\n\n\n\n<li>Charles Leclerc (Ferrari): 79<\/li>\n<\/ol>\n","protected":false},"excerpt":{"rendered":"<p>El piloto argentino&nbsp;Franco Colapinto&nbsp;disputar\u00e1 este fin de semana su tercera carrera con la escuder\u00eda francesa Alpine, cuando se lleve a cabo el&nbsp;Gran Premio de Espa\u00f1a de F\u00f3rmula 1. La actividad&hellip;<\/p>\n","protected":false},"author":3,"featured_media":296578,"comment_status":"closed","ping_status":"open","sticky":false,"template":"","format":"standard","meta":{"_acf_changed":false,"footnotes":""},"categories":[1,3],"tags":[],"class_list":["post-297607","post","type-post","status-publish","format-standard","has-post-thumbnail","hentry","category-es-noticia","category-deportes"],"acf":[],"yoast_head":"<!-- This site is optimized with the Yoast SEO plugin v27.5 - https:\/\/yoast.com\/product\/yoast-seo-wordpress\/ -->\n<title>Colapinto pone primera en el GP de Espa\u00f1a con las pr\u00e1cticas libres 1 y 2 - Diario Textual<\/title>\n<meta name=\"robots\" content=\"index, follow, max-snippet:-1, max-image-preview:large, max-video-preview:-1\" \/>\n<link rel=\"canonical\" href=\"https:\/\/diariotextual.com\/inicio\/index.php\/2025\/05\/30\/colapinto-pone-primera-en-el-gp-de-espana-con-las-practicas-libres-1-y-2\/\" \/>\n<meta property=\"og:locale\" content=\"es_ES\" \/>\n<meta property=\"og:type\" content=\"article\" \/>\n<meta property=\"og:title\" content=\"Colapinto pone primera en el GP de Espa\u00f1a con las pr\u00e1cticas libres 1 y 2 - Diario Textual\" \/>\n<meta property=\"og:description\" content=\"El piloto argentino&nbsp;Franco Colapinto&nbsp;disputar\u00e1 este fin de semana su tercera carrera con la escuder\u00eda francesa Alpine, cuando se lleve a cabo el&nbsp;Gran Premio de Espa\u00f1a de F\u00f3rmula 1. La actividad&hellip;\" \/>\n<meta property=\"og:url\" content=\"https:\/\/diariotextual.com\/inicio\/index.php\/2025\/05\/30\/colapinto-pone-primera-en-el-gp-de-espana-con-las-practicas-libres-1-y-2\/\" \/>\n<meta property=\"og:site_name\" content=\"Diario Textual\" \/>\n<meta property=\"article:publisher\" content=\"https:\/\/www.facebook.com\/eltextual\" \/>\n<meta property=\"article:published_time\" content=\"2025-05-30T09:33:04+00:00\" \/>\n<meta property=\"article:modified_time\" content=\"2025-05-30T11:32:33+00:00\" \/>\n<meta property=\"og:image\" content=\"https:\/\/diariotextual.com\/inicio\/wp-content\/uploads\/2025\/05\/colapintofranco2025-10.jpg\" \/>\n\t<meta property=\"og:image:width\" content=\"1300\" \/>\n\t<meta property=\"og:image:height\" content=\"1011\" \/>\n\t<meta property=\"og:image:type\" content=\"image\/jpeg\" \/>\n<meta name=\"author\" content=\"Diario1 Diario1\" \/>\n<meta name=\"twitter:card\" content=\"summary_large_image\" \/>\n<meta name=\"twitter:creator\" content=\"@eltextual\" \/>\n<meta name=\"twitter:site\" content=\"@eltextual\" \/>\n<meta name=\"twitter:label1\" content=\"Escrito por\" \/>\n\t<meta name=\"twitter:data1\" content=\"Diario1 Diario1\" \/>\n\t<meta name=\"twitter:label2\" content=\"Tiempo de lectura\" \/>\n\t<meta name=\"twitter:data2\" content=\"2 minutos\" \/>\n<script type=\"application\/ld+json\" class=\"yoast-schema-graph\">{\"@context\":\"https:\\\/\\\/schema.org\",\"@graph\":[{\"@type\":\"Article\",\"@id\":\"https:\\\/\\\/diariotextual.com\\\/inicio\\\/index.php\\\/2025\\\/05\\\/30\\\/colapinto-pone-primera-en-el-gp-de-espana-con-las-practicas-libres-1-y-2\\\/#article\",\"isPartOf\":{\"@id\":\"https:\\\/\\\/diariotextual.com\\\/inicio\\\/index.php\\\/2025\\\/05\\\/30\\\/colapinto-pone-primera-en-el-gp-de-espana-con-las-practicas-libres-1-y-2\\\/\"},\"author\":{\"name\":\"Diario1 Diario1\",\"@id\":\"https:\\\/\\\/diariotextual.com\\\/inicio\\\/#\\\/schema\\\/person\\\/418fc4093c33e86ed41562db3508f958\"},\"headline\":\"Colapinto pone primera en el GP de Espa\u00f1a con las pr\u00e1cticas libres 1 y 2\",\"datePublished\":\"2025-05-30T09:33:04+00:00\",\"dateModified\":\"2025-05-30T11:32:33+00:00\",\"mainEntityOfPage\":{\"@id\":\"https:\\\/\\\/diariotextual.com\\\/inicio\\\/index.php\\\/2025\\\/05\\\/30\\\/colapinto-pone-primera-en-el-gp-de-espana-con-las-practicas-libres-1-y-2\\\/\"},\"wordCount\":384,\"publisher\":{\"@id\":\"https:\\\/\\\/diariotextual.com\\\/inicio\\\/#organization\"},\"image\":{\"@id\":\"https:\\\/\\\/diariotextual.com\\\/inicio\\\/index.php\\\/2025\\\/05\\\/30\\\/colapinto-pone-primera-en-el-gp-de-espana-con-las-practicas-libres-1-y-2\\\/#primaryimage\"},\"thumbnailUrl\":\"https:\\\/\\\/diariotextual.com\\\/inicio\\\/wp-content\\\/uploads\\\/2025\\\/05\\\/colapintofranco2025-10.jpg\",\"articleSection\":[\"A - ES NOTICIA (van abajo)\",\"DEPORTES\"],\"inLanguage\":\"es\"},{\"@type\":\"WebPage\",\"@id\":\"https:\\\/\\\/diariotextual.com\\\/inicio\\\/index.php\\\/2025\\\/05\\\/30\\\/colapinto-pone-primera-en-el-gp-de-espana-con-las-practicas-libres-1-y-2\\\/\",\"url\":\"https:\\\/\\\/diariotextual.com\\\/inicio\\\/index.php\\\/2025\\\/05\\\/30\\\/colapinto-pone-primera-en-el-gp-de-espana-con-las-practicas-libres-1-y-2\\\/\",\"name\":\"Colapinto pone primera en el GP de Espa\u00f1a con las pr\u00e1cticas libres 1 y 2 - Diario Textual\",\"isPartOf\":{\"@id\":\"https:\\\/\\\/diariotextual.com\\\/inicio\\\/#website\"},\"primaryImageOfPage\":{\"@id\":\"https:\\\/\\\/diariotextual.com\\\/inicio\\\/index.php\\\/2025\\\/05\\\/30\\\/colapinto-pone-primera-en-el-gp-de-espana-con-las-practicas-libres-1-y-2\\\/#primaryimage\"},\"image\":{\"@id\":\"https:\\\/\\\/diariotextual.com\\\/inicio\\\/index.php\\\/2025\\\/05\\\/30\\\/colapinto-pone-primera-en-el-gp-de-espana-con-las-practicas-libres-1-y-2\\\/#primaryimage\"},\"thumbnailUrl\":\"https:\\\/\\\/diariotextual.com\\\/inicio\\\/wp-content\\\/uploads\\\/2025\\\/05\\\/colapintofranco2025-10.jpg\",\"datePublished\":\"2025-05-30T09:33:04+00:00\",\"dateModified\":\"2025-05-30T11:32:33+00:00\",\"breadcrumb\":{\"@id\":\"https:\\\/\\\/diariotextual.com\\\/inicio\\\/index.php\\\/2025\\\/05\\\/30\\\/colapinto-pone-primera-en-el-gp-de-espana-con-las-practicas-libres-1-y-2\\\/#breadcrumb\"},\"inLanguage\":\"es\",\"potentialAction\":[{\"@type\":\"ReadAction\",\"target\":[\"https:\\\/\\\/diariotextual.com\\\/inicio\\\/index.php\\\/2025\\\/05\\\/30\\\/colapinto-pone-primera-en-el-gp-de-espana-con-las-practicas-libres-1-y-2\\\/\"]}]},{\"@type\":\"ImageObject\",\"inLanguage\":\"es\",\"@id\":\"https:\\\/\\\/diariotextual.com\\\/inicio\\\/index.php\\\/2025\\\/05\\\/30\\\/colapinto-pone-primera-en-el-gp-de-espana-con-las-practicas-libres-1-y-2\\\/#primaryimage\",\"url\":\"https:\\\/\\\/diariotextual.com\\\/inicio\\\/wp-content\\\/uploads\\\/2025\\\/05\\\/colapintofranco2025-10.jpg\",\"contentUrl\":\"https:\\\/\\\/diariotextual.com\\\/inicio\\\/wp-content\\\/uploads\\\/2025\\\/05\\\/colapintofranco2025-10.jpg\",\"width\":1300,\"height\":1011},{\"@type\":\"BreadcrumbList\",\"@id\":\"https:\\\/\\\/diariotextual.com\\\/inicio\\\/index.php\\\/2025\\\/05\\\/30\\\/colapinto-pone-primera-en-el-gp-de-espana-con-las-practicas-libres-1-y-2\\\/#breadcrumb\",\"itemListElement\":[{\"@type\":\"ListItem\",\"position\":1,\"name\":\"Portada\",\"item\":\"https:\\\/\\\/diariotextual.com\\\/inicio\\\/\"},{\"@type\":\"ListItem\",\"position\":2,\"name\":\"Colapinto pone primera en el GP de Espa\u00f1a con las pr\u00e1cticas libres 1 y 2\"}]},{\"@type\":\"WebSite\",\"@id\":\"https:\\\/\\\/diariotextual.com\\\/inicio\\\/#website\",\"url\":\"https:\\\/\\\/diariotextual.com\\\/inicio\\\/\",\"name\":\"Diario Textual\",\"description\":\"\",\"publisher\":{\"@id\":\"https:\\\/\\\/diariotextual.com\\\/inicio\\\/#organization\"},\"potentialAction\":[{\"@type\":\"SearchAction\",\"target\":{\"@type\":\"EntryPoint\",\"urlTemplate\":\"https:\\\/\\\/diariotextual.com\\\/inicio\\\/?s={search_term_string}\"},\"query-input\":{\"@type\":\"PropertyValueSpecification\",\"valueRequired\":true,\"valueName\":\"search_term_string\"}}],\"inLanguage\":\"es\"},{\"@type\":\"Organization\",\"@id\":\"https:\\\/\\\/diariotextual.com\\\/inicio\\\/#organization\",\"name\":\"Diario Textual\",\"url\":\"https:\\\/\\\/diariotextual.com\\\/inicio\\\/\",\"logo\":{\"@type\":\"ImageObject\",\"inLanguage\":\"es\",\"@id\":\"https:\\\/\\\/diariotextual.com\\\/inicio\\\/#\\\/schema\\\/logo\\\/image\\\/\",\"url\":\"https:\\\/\\\/diariotextual.com\\\/inicio\\\/wp-content\\\/uploads\\\/2023\\\/05\\\/logotextual1.jpg\",\"contentUrl\":\"https:\\\/\\\/diariotextual.com\\\/inicio\\\/wp-content\\\/uploads\\\/2023\\\/05\\\/logotextual1.jpg\",\"width\":516,\"height\":76,\"caption\":\"Diario Textual\"},\"image\":{\"@id\":\"https:\\\/\\\/diariotextual.com\\\/inicio\\\/#\\\/schema\\\/logo\\\/image\\\/\"},\"sameAs\":[\"https:\\\/\\\/www.facebook.com\\\/eltextual\",\"https:\\\/\\\/x.com\\\/eltextual\",\"http:\\\/\\\/www.instagram.com\\\/eltextual\"]},{\"@type\":\"Person\",\"@id\":\"https:\\\/\\\/diariotextual.com\\\/inicio\\\/#\\\/schema\\\/person\\\/418fc4093c33e86ed41562db3508f958\",\"name\":\"Diario1 Diario1\",\"image\":{\"@type\":\"ImageObject\",\"inLanguage\":\"es\",\"@id\":\"https:\\\/\\\/secure.gravatar.com\\\/avatar\\\/9167d280179c85bc18be67aa7eda765854300033af4896dd779b608640f2ef7a?s=96&d=mm&r=g\",\"url\":\"https:\\\/\\\/secure.gravatar.com\\\/avatar\\\/9167d280179c85bc18be67aa7eda765854300033af4896dd779b608640f2ef7a?s=96&d=mm&r=g\",\"contentUrl\":\"https:\\\/\\\/secure.gravatar.com\\\/avatar\\\/9167d280179c85bc18be67aa7eda765854300033af4896dd779b608640f2ef7a?s=96&d=mm&r=g\",\"caption\":\"Diario1 Diario1\"},\"url\":\"https:\\\/\\\/diariotextual.com\\\/inicio\\\/index.php\\\/author\\\/diario1\\\/\"}]}<\/script>\n<!-- \/ Yoast SEO plugin. -->","yoast_head_json":{"title":"Colapinto pone primera en el GP de Espa\u00f1a con las pr\u00e1cticas libres 1 y 2 - Diario Textual","robots":{"index":"index","follow":"follow","max-snippet":"max-snippet:-1","max-image-preview":"max-image-preview:large","max-video-preview":"max-video-preview:-1"},"canonical":"https:\/\/diariotextual.com\/inicio\/index.php\/2025\/05\/30\/colapinto-pone-primera-en-el-gp-de-espana-con-las-practicas-libres-1-y-2\/","og_locale":"es_ES","og_type":"article","og_title":"Colapinto pone primera en el GP de Espa\u00f1a con las pr\u00e1cticas libres 1 y 2 - Diario Textual","og_description":"El piloto argentino&nbsp;Franco Colapinto&nbsp;disputar\u00e1 este fin de semana su tercera carrera con la escuder\u00eda francesa Alpine, cuando se lleve a cabo el&nbsp;Gran Premio de Espa\u00f1a de F\u00f3rmula 1. La actividad&hellip;","og_url":"https:\/\/diariotextual.com\/inicio\/index.php\/2025\/05\/30\/colapinto-pone-primera-en-el-gp-de-espana-con-las-practicas-libres-1-y-2\/","og_site_name":"Diario Textual","article_publisher":"https:\/\/www.facebook.com\/eltextual","article_published_time":"2025-05-30T09:33:04+00:00","article_modified_time":"2025-05-30T11:32:33+00:00","og_image":[{"width":1300,"height":1011,"url":"https:\/\/diariotextual.com\/inicio\/wp-content\/uploads\/2025\/05\/colapintofranco2025-10.jpg","type":"image\/jpeg"}],"author":"Diario1 Diario1","twitter_card":"summary_large_image","twitter_creator":"@eltextual","twitter_site":"@eltextual","twitter_misc":{"Escrito por":"Diario1 Diario1","Tiempo de lectura":"2 minutos"},"schema":{"@context":"https:\/\/schema.org","@graph":[{"@type":"Article","@id":"https:\/\/diariotextual.com\/inicio\/index.php\/2025\/05\/30\/colapinto-pone-primera-en-el-gp-de-espana-con-las-practicas-libres-1-y-2\/#article","isPartOf":{"@id":"https:\/\/diariotextual.com\/inicio\/index.php\/2025\/05\/30\/colapinto-pone-primera-en-el-gp-de-espana-con-las-practicas-libres-1-y-2\/"},"author":{"name":"Diario1 Diario1","@id":"https:\/\/diariotextual.com\/inicio\/#\/schema\/person\/418fc4093c33e86ed41562db3508f958"},"headline":"Colapinto pone primera en el GP de Espa\u00f1a con las pr\u00e1cticas libres 1 y 2","datePublished":"2025-05-30T09:33:04+00:00","dateModified":"2025-05-30T11:32:33+00:00","mainEntityOfPage":{"@id":"https:\/\/diariotextual.com\/inicio\/index.php\/2025\/05\/30\/colapinto-pone-primera-en-el-gp-de-espana-con-las-practicas-libres-1-y-2\/"},"wordCount":384,"publisher":{"@id":"https:\/\/diariotextual.com\/inicio\/#organization"},"image":{"@id":"https:\/\/diariotextual.com\/inicio\/index.php\/2025\/05\/30\/colapinto-pone-primera-en-el-gp-de-espana-con-las-practicas-libres-1-y-2\/#primaryimage"},"thumbnailUrl":"https:\/\/diariotextual.com\/inicio\/wp-content\/uploads\/2025\/05\/colapintofranco2025-10.jpg","articleSection":["A - ES NOTICIA (van abajo)","DEPORTES"],"inLanguage":"es"},{"@type":"WebPage","@id":"https:\/\/diariotextual.com\/inicio\/index.php\/2025\/05\/30\/colapinto-pone-primera-en-el-gp-de-espana-con-las-practicas-libres-1-y-2\/","url":"https:\/\/diariotextual.com\/inicio\/index.php\/2025\/05\/30\/colapinto-pone-primera-en-el-gp-de-espana-con-las-practicas-libres-1-y-2\/","name":"Colapinto pone primera en el GP de Espa\u00f1a con las pr\u00e1cticas libres 1 y 2 - Diario Textual","isPartOf":{"@id":"https:\/\/diariotextual.com\/inicio\/#website"},"primaryImageOfPage":{"@id":"https:\/\/diariotextual.com\/inicio\/index.php\/2025\/05\/30\/colapinto-pone-primera-en-el-gp-de-espana-con-las-practicas-libres-1-y-2\/#primaryimage"},"image":{"@id":"https:\/\/diariotextual.com\/inicio\/index.php\/2025\/05\/30\/colapinto-pone-primera-en-el-gp-de-espana-con-las-practicas-libres-1-y-2\/#primaryimage"},"thumbnailUrl":"https:\/\/diariotextual.com\/inicio\/wp-content\/uploads\/2025\/05\/colapintofranco2025-10.jpg","datePublished":"2025-05-30T09:33:04+00:00","dateModified":"2025-05-30T11:32:33+00:00","breadcrumb":{"@id":"https:\/\/diariotextual.com\/inicio\/index.php\/2025\/05\/30\/colapinto-pone-primera-en-el-gp-de-espana-con-las-practicas-libres-1-y-2\/#breadcrumb"},"inLanguage":"es","potentialAction":[{"@type":"ReadAction","target":["https:\/\/diariotextual.com\/inicio\/index.php\/2025\/05\/30\/colapinto-pone-primera-en-el-gp-de-espana-con-las-practicas-libres-1-y-2\/"]}]},{"@type":"ImageObject","inLanguage":"es","@id":"https:\/\/diariotextual.com\/inicio\/index.php\/2025\/05\/30\/colapinto-pone-primera-en-el-gp-de-espana-con-las-practicas-libres-1-y-2\/#primaryimage","url":"https:\/\/diariotextual.com\/inicio\/wp-content\/uploads\/2025\/05\/colapintofranco2025-10.jpg","contentUrl":"https:\/\/diariotextual.com\/inicio\/wp-content\/uploads\/2025\/05\/colapintofranco2025-10.jpg","width":1300,"height":1011},{"@type":"BreadcrumbList","@id":"https:\/\/diariotextual.com\/inicio\/index.php\/2025\/05\/30\/colapinto-pone-primera-en-el-gp-de-espana-con-las-practicas-libres-1-y-2\/#breadcrumb","itemListElement":[{"@type":"ListItem","position":1,"name":"Portada","item":"https:\/\/diariotextual.com\/inicio\/"},{"@type":"ListItem","position":2,"name":"Colapinto pone primera en el GP de Espa\u00f1a con las pr\u00e1cticas libres 1 y 2"}]},{"@type":"WebSite","@id":"https:\/\/diariotextual.com\/inicio\/#website","url":"https:\/\/diariotextual.com\/inicio\/","name":"Diario Textual","description":"","publisher":{"@id":"https:\/\/diariotextual.com\/inicio\/#organization"},"potentialAction":[{"@type":"SearchAction","target":{"@type":"EntryPoint","urlTemplate":"https:\/\/diariotextual.com\/inicio\/?s={search_term_string}"},"query-input":{"@type":"PropertyValueSpecification","valueRequired":true,"valueName":"search_term_string"}}],"inLanguage":"es"},{"@type":"Organization","@id":"https:\/\/diariotextual.com\/inicio\/#organization","name":"Diario Textual","url":"https:\/\/diariotextual.com\/inicio\/","logo":{"@type":"ImageObject","inLanguage":"es","@id":"https:\/\/diariotextual.com\/inicio\/#\/schema\/logo\/image\/","url":"https:\/\/diariotextual.com\/inicio\/wp-content\/uploads\/2023\/05\/logotextual1.jpg","contentUrl":"https:\/\/diariotextual.com\/inicio\/wp-content\/uploads\/2023\/05\/logotextual1.jpg","width":516,"height":76,"caption":"Diario Textual"},"image":{"@id":"https:\/\/diariotextual.com\/inicio\/#\/schema\/logo\/image\/"},"sameAs":["https:\/\/www.facebook.com\/eltextual","https:\/\/x.com\/eltextual","http:\/\/www.instagram.com\/eltextual"]},{"@type":"Person","@id":"https:\/\/diariotextual.com\/inicio\/#\/schema\/person\/418fc4093c33e86ed41562db3508f958","name":"Diario1 Diario1","image":{"@type":"ImageObject","inLanguage":"es","@id":"https:\/\/secure.gravatar.com\/avatar\/9167d280179c85bc18be67aa7eda765854300033af4896dd779b608640f2ef7a?s=96&d=mm&r=g","url":"https:\/\/secure.gravatar.com\/avatar\/9167d280179c85bc18be67aa7eda765854300033af4896dd779b608640f2ef7a?s=96&d=mm&r=g","contentUrl":"https:\/\/secure.gravatar.com\/avatar\/9167d280179c85bc18be67aa7eda765854300033af4896dd779b608640f2ef7a?s=96&d=mm&r=g","caption":"Diario1 Diario1"},"url":"https:\/\/diariotextual.com\/inicio\/index.php\/author\/diario1\/"}]}},"_links":{"self":[{"href":"https:\/\/diariotextual.com\/inicio\/index.php\/wp-json\/wp\/v2\/posts\/297607","targetHints":{"allow":["GET"]}}],"collection":[{"href":"https:\/\/diariotextual.com\/inicio\/index.php\/wp-json\/wp\/v2\/posts"}],"about":[{"href":"https:\/\/diariotextual.com\/inicio\/index.php\/wp-json\/wp\/v2\/types\/post"}],"author":[{"embeddable":true,"href":"https:\/\/diariotextual.com\/inicio\/index.php\/wp-json\/wp\/v2\/users\/3"}],"replies":[{"embeddable":true,"href":"https:\/\/diariotextual.com\/inicio\/index.php\/wp-json\/wp\/v2\/comments?post=297607"}],"version-history":[{"count":2,"href":"https:\/\/diariotextual.com\/inicio\/index.php\/wp-json\/wp\/v2\/posts\/297607\/revisions"}],"predecessor-version":[{"id":297609,"href":"https:\/\/diariotextual.com\/inicio\/index.php\/wp-json\/wp\/v2\/posts\/297607\/revisions\/297609"}],"wp:featuredmedia":[{"embeddable":true,"href":"https:\/\/diariotextual.com\/inicio\/index.php\/wp-json\/wp\/v2\/media\/296578"}],"wp:attachment":[{"href":"https:\/\/diariotextual.com\/inicio\/index.php\/wp-json\/wp\/v2\/media?parent=297607"}],"wp:term":[{"taxonomy":"category","embeddable":true,"href":"https:\/\/diariotextual.com\/inicio\/index.php\/wp-json\/wp\/v2\/categories?post=297607"},{"taxonomy":"post_tag","embeddable":true,"href":"https:\/\/diariotextual.com\/inicio\/index.php\/wp-json\/wp\/v2\/tags?post=297607"}],"curies":[{"name":"wp","href":"https:\/\/api.w.org\/{rel}","templated":true}]}}