{"id":297729,"date":"2025-05-31T17:45:38","date_gmt":"2025-05-31T20:45:38","guid":{"rendered":"https:\/\/diariotextual.com\/inicio\/?p=297729"},"modified":"2025-06-01T11:24:19","modified_gmt":"2025-06-01T14:24:19","slug":"el-psg-arraso-al-inter-y-gano-su-primera-champions-league","status":"publish","type":"post","link":"https:\/\/diariotextual.com\/inicio\/index.php\/2025\/05\/31\/el-psg-arraso-al-inter-y-gano-su-primera-champions-league\/","title":{"rendered":"El PSG arras\u00f3 al Inter y gan\u00f3 su primera Champions League"},"content":{"rendered":"\n<p>El&nbsp;<strong>Paris Saint-Germain<\/strong>&nbsp;consigui\u00f3 su primera&nbsp;<strong>Champions League&nbsp;<\/strong>tras golear por&nbsp;<strong>5 a 0&nbsp;<\/strong>al&nbsp;<strong>Inter de Mil\u00e1n<\/strong>. El conjunto franc\u00e9s golpe\u00f3 de forma contundente con los goles de&nbsp;<strong>Achraf Hakimi, D\u00e9sir\u00e9 Dou\u00e9 (doblete), Khvicha Kvaratskhelia y Senny Mayulu.<\/strong><\/p>\n\n\n\n<p>El conjunto franc\u00e9s golpe\u00f3 primero con el tanto de&nbsp;<strong>Hakimi&nbsp;<\/strong>a los 12 minutos del primer tiempo, luego de una gran combinaci\u00f3n con Dou\u00e9. Mientras que el segundo gol lleg\u00f3 a los 20 minutos, cuando el propio&nbsp;<strong>Dou\u00e9<\/strong>&nbsp;ampli\u00f3 la diferencia con una gran definici\u00f3n al \u00e1ngulo.<\/p>\n\n\n\n<p>El equipo del espa\u00f1ol&nbsp;<strong>Luis Enrique&nbsp;<\/strong>fue ampliamente superior durante los primeros 45 minutos, con un mediocampo din\u00e1mico y una ofensiva explosiva. El PSG gener\u00f3 varias oportunidades m\u00e1s, incluyendo remates peligrosos de&nbsp;<strong>Fabi\u00e1n Ruiz, Demb\u00e9l\u00e9 y Kvaratskhelia<\/strong>, mientras que la defensa del Inter mostr\u00f3 fragilidad ante la velocidad y movilidad del ataque parisino.<\/p>\n\n\n\n<p>El cierre de la etapa inicial mostr\u00f3 a un PSG confiado, dominando las transiciones y presionando alto. Incluso en el tiempo de descuento, los franceses continuaron atacando con intensidad, obligando al Inter a resistir dentro de su \u00e1rea.<\/p>\n\n\n\n<p>El equipo parisino mantuvo la intensidad mostrada en la primera mitad y r\u00e1pidamente ampli\u00f3 la ventaja con un gol de<strong>&nbsp;Dou\u00e9<\/strong>&nbsp;a los 18 minutos del complemento, tras una gran asistencia de&nbsp;<strong>Vitinha<\/strong>.<\/p>\n\n\n\n<p><strong>Khvicha Kvaratskhelia<\/strong>, desequilibrante durante toda la noche, convirti\u00f3 el cuarto gol a los 27 minutos luego de una asistencia de&nbsp;<strong>Demb\u00e9l\u00e9<\/strong>, que tambi\u00e9n fue figura. El Inter prob\u00f3 con cambios en todas sus l\u00edneas, pero los intentos de&nbsp;<strong>Barella, Zalewski y Thuram<\/strong>&nbsp;fueron bien controlados por la defensa y el arquero del PSG.<\/p>\n\n\n\n<p>Ya en el tramo final, con el Inter entregado,&nbsp;<strong>Senny Mayulu<\/strong>, que ingres\u00f3 desde el banco, a los 41 minutos del segundo tiempo decor\u00f3 la goleada con el quinto tanto tras una buena jugada colectiva que culmin\u00f3 con pase de&nbsp;<strong>Barcola<\/strong>&nbsp;y definici\u00f3n precisa al palo izquierdo.<\/p>\n\n\n\n<p>De esta forma, el conjunto dirigido por Luis Enrique se consagr\u00f3 por primera vez en la historia como campe\u00f3n de la Champions League, siendo la mayor diferencia de gol en la historia en un partido consagratorio de la competici\u00f3n.<\/p>\n\n\n\n<p><\/p>\n\n\n\n<p><\/p>\n","protected":false},"excerpt":{"rendered":"<p>El&nbsp;Paris Saint-Germain&nbsp;consigui\u00f3 su primera&nbsp;Champions League&nbsp;tras golear por&nbsp;5 a 0&nbsp;al&nbsp;Inter de Mil\u00e1n. El conjunto franc\u00e9s golpe\u00f3 de forma contundente con los goles de&nbsp;Achraf Hakimi, D\u00e9sir\u00e9 Dou\u00e9 (doblete), Khvicha Kvaratskhelia y Senny&hellip;<\/p>\n","protected":false},"author":3,"featured_media":297730,"comment_status":"closed","ping_status":"open","sticky":false,"template":"","format":"standard","meta":{"_acf_changed":false,"footnotes":""},"categories":[1,3],"tags":[],"class_list":["post-297729","post","type-post","status-publish","format-standard","has-post-thumbnail","hentry","category-es-noticia","category-deportes"],"acf":[],"yoast_head":"<!-- This site is optimized with the Yoast SEO plugin v27.5 - https:\/\/yoast.com\/product\/yoast-seo-wordpress\/ -->\n<title>El PSG arras\u00f3 al Inter y gan\u00f3 su primera Champions League - Diario Textual<\/title>\n<meta name=\"robots\" content=\"index, follow, max-snippet:-1, max-image-preview:large, max-video-preview:-1\" \/>\n<link rel=\"canonical\" href=\"https:\/\/diariotextual.com\/inicio\/index.php\/2025\/05\/31\/el-psg-arraso-al-inter-y-gano-su-primera-champions-league\/\" \/>\n<meta property=\"og:locale\" content=\"es_ES\" \/>\n<meta property=\"og:type\" content=\"article\" \/>\n<meta property=\"og:title\" content=\"El PSG arras\u00f3 al Inter y gan\u00f3 su primera Champions League - Diario Textual\" \/>\n<meta property=\"og:description\" content=\"El&nbsp;Paris Saint-Germain&nbsp;consigui\u00f3 su primera&nbsp;Champions League&nbsp;tras golear por&nbsp;5 a 0&nbsp;al&nbsp;Inter de Mil\u00e1n. El conjunto franc\u00e9s golpe\u00f3 de forma contundente con los goles de&nbsp;Achraf Hakimi, D\u00e9sir\u00e9 Dou\u00e9 (doblete), Khvicha Kvaratskhelia y Senny&hellip;\" \/>\n<meta property=\"og:url\" content=\"https:\/\/diariotextual.com\/inicio\/index.php\/2025\/05\/31\/el-psg-arraso-al-inter-y-gano-su-primera-champions-league\/\" \/>\n<meta property=\"og:site_name\" content=\"Diario Textual\" \/>\n<meta property=\"article:publisher\" content=\"https:\/\/www.facebook.com\/eltextual\" \/>\n<meta property=\"article:published_time\" content=\"2025-05-31T20:45:38+00:00\" \/>\n<meta property=\"article:modified_time\" content=\"2025-06-01T14:24:19+00:00\" \/>\n<meta property=\"og:image\" content=\"https:\/\/diariotextual.com\/inicio\/wp-content\/uploads\/2025\/05\/psgfinalchampion2025-7.jpg\" \/>\n\t<meta property=\"og:image:width\" content=\"1400\" \/>\n\t<meta property=\"og:image:height\" content=\"1164\" \/>\n\t<meta property=\"og:image:type\" content=\"image\/jpeg\" \/>\n<meta name=\"author\" content=\"Diario1 Diario1\" \/>\n<meta name=\"twitter:card\" content=\"summary_large_image\" \/>\n<meta name=\"twitter:creator\" content=\"@eltextual\" \/>\n<meta name=\"twitter:site\" content=\"@eltextual\" \/>\n<meta name=\"twitter:label1\" content=\"Escrito por\" \/>\n\t<meta name=\"twitter:data1\" content=\"Diario1 Diario1\" \/>\n\t<meta name=\"twitter:label2\" content=\"Tiempo de lectura\" \/>\n\t<meta name=\"twitter:data2\" content=\"2 minutos\" \/>\n<script type=\"application\/ld+json\" class=\"yoast-schema-graph\">{\"@context\":\"https:\\\/\\\/schema.org\",\"@graph\":[{\"@type\":\"Article\",\"@id\":\"https:\\\/\\\/diariotextual.com\\\/inicio\\\/index.php\\\/2025\\\/05\\\/31\\\/el-psg-arraso-al-inter-y-gano-su-primera-champions-league\\\/#article\",\"isPartOf\":{\"@id\":\"https:\\\/\\\/diariotextual.com\\\/inicio\\\/index.php\\\/2025\\\/05\\\/31\\\/el-psg-arraso-al-inter-y-gano-su-primera-champions-league\\\/\"},\"author\":{\"name\":\"Diario1 Diario1\",\"@id\":\"https:\\\/\\\/diariotextual.com\\\/inicio\\\/#\\\/schema\\\/person\\\/418fc4093c33e86ed41562db3508f958\"},\"headline\":\"El PSG arras\u00f3 al Inter y gan\u00f3 su primera Champions League\",\"datePublished\":\"2025-05-31T20:45:38+00:00\",\"dateModified\":\"2025-06-01T14:24:19+00:00\",\"mainEntityOfPage\":{\"@id\":\"https:\\\/\\\/diariotextual.com\\\/inicio\\\/index.php\\\/2025\\\/05\\\/31\\\/el-psg-arraso-al-inter-y-gano-su-primera-champions-league\\\/\"},\"wordCount\":394,\"publisher\":{\"@id\":\"https:\\\/\\\/diariotextual.com\\\/inicio\\\/#organization\"},\"image\":{\"@id\":\"https:\\\/\\\/diariotextual.com\\\/inicio\\\/index.php\\\/2025\\\/05\\\/31\\\/el-psg-arraso-al-inter-y-gano-su-primera-champions-league\\\/#primaryimage\"},\"thumbnailUrl\":\"https:\\\/\\\/diariotextual.com\\\/inicio\\\/wp-content\\\/uploads\\\/2025\\\/05\\\/psgfinalchampion2025-7.jpg\",\"articleSection\":[\"A - ES NOTICIA (van abajo)\",\"DEPORTES\"],\"inLanguage\":\"es\"},{\"@type\":\"WebPage\",\"@id\":\"https:\\\/\\\/diariotextual.com\\\/inicio\\\/index.php\\\/2025\\\/05\\\/31\\\/el-psg-arraso-al-inter-y-gano-su-primera-champions-league\\\/\",\"url\":\"https:\\\/\\\/diariotextual.com\\\/inicio\\\/index.php\\\/2025\\\/05\\\/31\\\/el-psg-arraso-al-inter-y-gano-su-primera-champions-league\\\/\",\"name\":\"El PSG arras\u00f3 al Inter y gan\u00f3 su primera Champions League - Diario Textual\",\"isPartOf\":{\"@id\":\"https:\\\/\\\/diariotextual.com\\\/inicio\\\/#website\"},\"primaryImageOfPage\":{\"@id\":\"https:\\\/\\\/diariotextual.com\\\/inicio\\\/index.php\\\/2025\\\/05\\\/31\\\/el-psg-arraso-al-inter-y-gano-su-primera-champions-league\\\/#primaryimage\"},\"image\":{\"@id\":\"https:\\\/\\\/diariotextual.com\\\/inicio\\\/index.php\\\/2025\\\/05\\\/31\\\/el-psg-arraso-al-inter-y-gano-su-primera-champions-league\\\/#primaryimage\"},\"thumbnailUrl\":\"https:\\\/\\\/diariotextual.com\\\/inicio\\\/wp-content\\\/uploads\\\/2025\\\/05\\\/psgfinalchampion2025-7.jpg\",\"datePublished\":\"2025-05-31T20:45:38+00:00\",\"dateModified\":\"2025-06-01T14:24:19+00:00\",\"breadcrumb\":{\"@id\":\"https:\\\/\\\/diariotextual.com\\\/inicio\\\/index.php\\\/2025\\\/05\\\/31\\\/el-psg-arraso-al-inter-y-gano-su-primera-champions-league\\\/#breadcrumb\"},\"inLanguage\":\"es\",\"potentialAction\":[{\"@type\":\"ReadAction\",\"target\":[\"https:\\\/\\\/diariotextual.com\\\/inicio\\\/index.php\\\/2025\\\/05\\\/31\\\/el-psg-arraso-al-inter-y-gano-su-primera-champions-league\\\/\"]}]},{\"@type\":\"ImageObject\",\"inLanguage\":\"es\",\"@id\":\"https:\\\/\\\/diariotextual.com\\\/inicio\\\/index.php\\\/2025\\\/05\\\/31\\\/el-psg-arraso-al-inter-y-gano-su-primera-champions-league\\\/#primaryimage\",\"url\":\"https:\\\/\\\/diariotextual.com\\\/inicio\\\/wp-content\\\/uploads\\\/2025\\\/05\\\/psgfinalchampion2025-7.jpg\",\"contentUrl\":\"https:\\\/\\\/diariotextual.com\\\/inicio\\\/wp-content\\\/uploads\\\/2025\\\/05\\\/psgfinalchampion2025-7.jpg\",\"width\":1400,\"height\":1164},{\"@type\":\"BreadcrumbList\",\"@id\":\"https:\\\/\\\/diariotextual.com\\\/inicio\\\/index.php\\\/2025\\\/05\\\/31\\\/el-psg-arraso-al-inter-y-gano-su-primera-champions-league\\\/#breadcrumb\",\"itemListElement\":[{\"@type\":\"ListItem\",\"position\":1,\"name\":\"Portada\",\"item\":\"https:\\\/\\\/diariotextual.com\\\/inicio\\\/\"},{\"@type\":\"ListItem\",\"position\":2,\"name\":\"El PSG arras\u00f3 al Inter y gan\u00f3 su primera Champions League\"}]},{\"@type\":\"WebSite\",\"@id\":\"https:\\\/\\\/diariotextual.com\\\/inicio\\\/#website\",\"url\":\"https:\\\/\\\/diariotextual.com\\\/inicio\\\/\",\"name\":\"Diario Textual\",\"description\":\"\",\"publisher\":{\"@id\":\"https:\\\/\\\/diariotextual.com\\\/inicio\\\/#organization\"},\"potentialAction\":[{\"@type\":\"SearchAction\",\"target\":{\"@type\":\"EntryPoint\",\"urlTemplate\":\"https:\\\/\\\/diariotextual.com\\\/inicio\\\/?s={search_term_string}\"},\"query-input\":{\"@type\":\"PropertyValueSpecification\",\"valueRequired\":true,\"valueName\":\"search_term_string\"}}],\"inLanguage\":\"es\"},{\"@type\":\"Organization\",\"@id\":\"https:\\\/\\\/diariotextual.com\\\/inicio\\\/#organization\",\"name\":\"Diario Textual\",\"url\":\"https:\\\/\\\/diariotextual.com\\\/inicio\\\/\",\"logo\":{\"@type\":\"ImageObject\",\"inLanguage\":\"es\",\"@id\":\"https:\\\/\\\/diariotextual.com\\\/inicio\\\/#\\\/schema\\\/logo\\\/image\\\/\",\"url\":\"https:\\\/\\\/diariotextual.com\\\/inicio\\\/wp-content\\\/uploads\\\/2023\\\/05\\\/logotextual1.jpg\",\"contentUrl\":\"https:\\\/\\\/diariotextual.com\\\/inicio\\\/wp-content\\\/uploads\\\/2023\\\/05\\\/logotextual1.jpg\",\"width\":516,\"height\":76,\"caption\":\"Diario Textual\"},\"image\":{\"@id\":\"https:\\\/\\\/diariotextual.com\\\/inicio\\\/#\\\/schema\\\/logo\\\/image\\\/\"},\"sameAs\":[\"https:\\\/\\\/www.facebook.com\\\/eltextual\",\"https:\\\/\\\/x.com\\\/eltextual\",\"http:\\\/\\\/www.instagram.com\\\/eltextual\"]},{\"@type\":\"Person\",\"@id\":\"https:\\\/\\\/diariotextual.com\\\/inicio\\\/#\\\/schema\\\/person\\\/418fc4093c33e86ed41562db3508f958\",\"name\":\"Diario1 Diario1\",\"image\":{\"@type\":\"ImageObject\",\"inLanguage\":\"es\",\"@id\":\"https:\\\/\\\/secure.gravatar.com\\\/avatar\\\/9167d280179c85bc18be67aa7eda765854300033af4896dd779b608640f2ef7a?s=96&d=mm&r=g\",\"url\":\"https:\\\/\\\/secure.gravatar.com\\\/avatar\\\/9167d280179c85bc18be67aa7eda765854300033af4896dd779b608640f2ef7a?s=96&d=mm&r=g\",\"contentUrl\":\"https:\\\/\\\/secure.gravatar.com\\\/avatar\\\/9167d280179c85bc18be67aa7eda765854300033af4896dd779b608640f2ef7a?s=96&d=mm&r=g\",\"caption\":\"Diario1 Diario1\"},\"url\":\"https:\\\/\\\/diariotextual.com\\\/inicio\\\/index.php\\\/author\\\/diario1\\\/\"}]}<\/script>\n<!-- \/ Yoast SEO plugin. -->","yoast_head_json":{"title":"El PSG arras\u00f3 al Inter y gan\u00f3 su primera Champions League - Diario Textual","robots":{"index":"index","follow":"follow","max-snippet":"max-snippet:-1","max-image-preview":"max-image-preview:large","max-video-preview":"max-video-preview:-1"},"canonical":"https:\/\/diariotextual.com\/inicio\/index.php\/2025\/05\/31\/el-psg-arraso-al-inter-y-gano-su-primera-champions-league\/","og_locale":"es_ES","og_type":"article","og_title":"El PSG arras\u00f3 al Inter y gan\u00f3 su primera Champions League - Diario Textual","og_description":"El&nbsp;Paris Saint-Germain&nbsp;consigui\u00f3 su primera&nbsp;Champions League&nbsp;tras golear por&nbsp;5 a 0&nbsp;al&nbsp;Inter de Mil\u00e1n. El conjunto franc\u00e9s golpe\u00f3 de forma contundente con los goles de&nbsp;Achraf Hakimi, D\u00e9sir\u00e9 Dou\u00e9 (doblete), Khvicha Kvaratskhelia y Senny&hellip;","og_url":"https:\/\/diariotextual.com\/inicio\/index.php\/2025\/05\/31\/el-psg-arraso-al-inter-y-gano-su-primera-champions-league\/","og_site_name":"Diario Textual","article_publisher":"https:\/\/www.facebook.com\/eltextual","article_published_time":"2025-05-31T20:45:38+00:00","article_modified_time":"2025-06-01T14:24:19+00:00","og_image":[{"width":1400,"height":1164,"url":"https:\/\/diariotextual.com\/inicio\/wp-content\/uploads\/2025\/05\/psgfinalchampion2025-7.jpg","type":"image\/jpeg"}],"author":"Diario1 Diario1","twitter_card":"summary_large_image","twitter_creator":"@eltextual","twitter_site":"@eltextual","twitter_misc":{"Escrito por":"Diario1 Diario1","Tiempo de lectura":"2 minutos"},"schema":{"@context":"https:\/\/schema.org","@graph":[{"@type":"Article","@id":"https:\/\/diariotextual.com\/inicio\/index.php\/2025\/05\/31\/el-psg-arraso-al-inter-y-gano-su-primera-champions-league\/#article","isPartOf":{"@id":"https:\/\/diariotextual.com\/inicio\/index.php\/2025\/05\/31\/el-psg-arraso-al-inter-y-gano-su-primera-champions-league\/"},"author":{"name":"Diario1 Diario1","@id":"https:\/\/diariotextual.com\/inicio\/#\/schema\/person\/418fc4093c33e86ed41562db3508f958"},"headline":"El PSG arras\u00f3 al Inter y gan\u00f3 su primera Champions League","datePublished":"2025-05-31T20:45:38+00:00","dateModified":"2025-06-01T14:24:19+00:00","mainEntityOfPage":{"@id":"https:\/\/diariotextual.com\/inicio\/index.php\/2025\/05\/31\/el-psg-arraso-al-inter-y-gano-su-primera-champions-league\/"},"wordCount":394,"publisher":{"@id":"https:\/\/diariotextual.com\/inicio\/#organization"},"image":{"@id":"https:\/\/diariotextual.com\/inicio\/index.php\/2025\/05\/31\/el-psg-arraso-al-inter-y-gano-su-primera-champions-league\/#primaryimage"},"thumbnailUrl":"https:\/\/diariotextual.com\/inicio\/wp-content\/uploads\/2025\/05\/psgfinalchampion2025-7.jpg","articleSection":["A - ES NOTICIA (van abajo)","DEPORTES"],"inLanguage":"es"},{"@type":"WebPage","@id":"https:\/\/diariotextual.com\/inicio\/index.php\/2025\/05\/31\/el-psg-arraso-al-inter-y-gano-su-primera-champions-league\/","url":"https:\/\/diariotextual.com\/inicio\/index.php\/2025\/05\/31\/el-psg-arraso-al-inter-y-gano-su-primera-champions-league\/","name":"El PSG arras\u00f3 al Inter y gan\u00f3 su primera Champions League - Diario Textual","isPartOf":{"@id":"https:\/\/diariotextual.com\/inicio\/#website"},"primaryImageOfPage":{"@id":"https:\/\/diariotextual.com\/inicio\/index.php\/2025\/05\/31\/el-psg-arraso-al-inter-y-gano-su-primera-champions-league\/#primaryimage"},"image":{"@id":"https:\/\/diariotextual.com\/inicio\/index.php\/2025\/05\/31\/el-psg-arraso-al-inter-y-gano-su-primera-champions-league\/#primaryimage"},"thumbnailUrl":"https:\/\/diariotextual.com\/inicio\/wp-content\/uploads\/2025\/05\/psgfinalchampion2025-7.jpg","datePublished":"2025-05-31T20:45:38+00:00","dateModified":"2025-06-01T14:24:19+00:00","breadcrumb":{"@id":"https:\/\/diariotextual.com\/inicio\/index.php\/2025\/05\/31\/el-psg-arraso-al-inter-y-gano-su-primera-champions-league\/#breadcrumb"},"inLanguage":"es","potentialAction":[{"@type":"ReadAction","target":["https:\/\/diariotextual.com\/inicio\/index.php\/2025\/05\/31\/el-psg-arraso-al-inter-y-gano-su-primera-champions-league\/"]}]},{"@type":"ImageObject","inLanguage":"es","@id":"https:\/\/diariotextual.com\/inicio\/index.php\/2025\/05\/31\/el-psg-arraso-al-inter-y-gano-su-primera-champions-league\/#primaryimage","url":"https:\/\/diariotextual.com\/inicio\/wp-content\/uploads\/2025\/05\/psgfinalchampion2025-7.jpg","contentUrl":"https:\/\/diariotextual.com\/inicio\/wp-content\/uploads\/2025\/05\/psgfinalchampion2025-7.jpg","width":1400,"height":1164},{"@type":"BreadcrumbList","@id":"https:\/\/diariotextual.com\/inicio\/index.php\/2025\/05\/31\/el-psg-arraso-al-inter-y-gano-su-primera-champions-league\/#breadcrumb","itemListElement":[{"@type":"ListItem","position":1,"name":"Portada","item":"https:\/\/diariotextual.com\/inicio\/"},{"@type":"ListItem","position":2,"name":"El PSG arras\u00f3 al Inter y gan\u00f3 su primera Champions League"}]},{"@type":"WebSite","@id":"https:\/\/diariotextual.com\/inicio\/#website","url":"https:\/\/diariotextual.com\/inicio\/","name":"Diario Textual","description":"","publisher":{"@id":"https:\/\/diariotextual.com\/inicio\/#organization"},"potentialAction":[{"@type":"SearchAction","target":{"@type":"EntryPoint","urlTemplate":"https:\/\/diariotextual.com\/inicio\/?s={search_term_string}"},"query-input":{"@type":"PropertyValueSpecification","valueRequired":true,"valueName":"search_term_string"}}],"inLanguage":"es"},{"@type":"Organization","@id":"https:\/\/diariotextual.com\/inicio\/#organization","name":"Diario Textual","url":"https:\/\/diariotextual.com\/inicio\/","logo":{"@type":"ImageObject","inLanguage":"es","@id":"https:\/\/diariotextual.com\/inicio\/#\/schema\/logo\/image\/","url":"https:\/\/diariotextual.com\/inicio\/wp-content\/uploads\/2023\/05\/logotextual1.jpg","contentUrl":"https:\/\/diariotextual.com\/inicio\/wp-content\/uploads\/2023\/05\/logotextual1.jpg","width":516,"height":76,"caption":"Diario Textual"},"image":{"@id":"https:\/\/diariotextual.com\/inicio\/#\/schema\/logo\/image\/"},"sameAs":["https:\/\/www.facebook.com\/eltextual","https:\/\/x.com\/eltextual","http:\/\/www.instagram.com\/eltextual"]},{"@type":"Person","@id":"https:\/\/diariotextual.com\/inicio\/#\/schema\/person\/418fc4093c33e86ed41562db3508f958","name":"Diario1 Diario1","image":{"@type":"ImageObject","inLanguage":"es","@id":"https:\/\/secure.gravatar.com\/avatar\/9167d280179c85bc18be67aa7eda765854300033af4896dd779b608640f2ef7a?s=96&d=mm&r=g","url":"https:\/\/secure.gravatar.com\/avatar\/9167d280179c85bc18be67aa7eda765854300033af4896dd779b608640f2ef7a?s=96&d=mm&r=g","contentUrl":"https:\/\/secure.gravatar.com\/avatar\/9167d280179c85bc18be67aa7eda765854300033af4896dd779b608640f2ef7a?s=96&d=mm&r=g","caption":"Diario1 Diario1"},"url":"https:\/\/diariotextual.com\/inicio\/index.php\/author\/diario1\/"}]}},"_links":{"self":[{"href":"https:\/\/diariotextual.com\/inicio\/index.php\/wp-json\/wp\/v2\/posts\/297729","targetHints":{"allow":["GET"]}}],"collection":[{"href":"https:\/\/diariotextual.com\/inicio\/index.php\/wp-json\/wp\/v2\/posts"}],"about":[{"href":"https:\/\/diariotextual.com\/inicio\/index.php\/wp-json\/wp\/v2\/types\/post"}],"author":[{"embeddable":true,"href":"https:\/\/diariotextual.com\/inicio\/index.php\/wp-json\/wp\/v2\/users\/3"}],"replies":[{"embeddable":true,"href":"https:\/\/diariotextual.com\/inicio\/index.php\/wp-json\/wp\/v2\/comments?post=297729"}],"version-history":[{"count":3,"href":"https:\/\/diariotextual.com\/inicio\/index.php\/wp-json\/wp\/v2\/posts\/297729\/revisions"}],"predecessor-version":[{"id":297733,"href":"https:\/\/diariotextual.com\/inicio\/index.php\/wp-json\/wp\/v2\/posts\/297729\/revisions\/297733"}],"wp:featuredmedia":[{"embeddable":true,"href":"https:\/\/diariotextual.com\/inicio\/index.php\/wp-json\/wp\/v2\/media\/297730"}],"wp:attachment":[{"href":"https:\/\/diariotextual.com\/inicio\/index.php\/wp-json\/wp\/v2\/media?parent=297729"}],"wp:term":[{"taxonomy":"category","embeddable":true,"href":"https:\/\/diariotextual.com\/inicio\/index.php\/wp-json\/wp\/v2\/categories?post=297729"},{"taxonomy":"post_tag","embeddable":true,"href":"https:\/\/diariotextual.com\/inicio\/index.php\/wp-json\/wp\/v2\/tags?post=297729"}],"curies":[{"name":"wp","href":"https:\/\/api.w.org\/{rel}","templated":true}]}}