{"id":297993,"date":"2025-06-04T18:23:00","date_gmt":"2025-06-04T21:23:00","guid":{"rendered":"https:\/\/diariotextual.com\/inicio\/?p=297993"},"modified":"2025-06-05T04:11:13","modified_gmt":"2025-06-05T07:11:13","slug":"el-proyecto-de-carrefour-maxi-se-encamina-a-aprobarse-este-jueves-por-mayoria","status":"publish","type":"post","link":"https:\/\/diariotextual.com\/inicio\/index.php\/2025\/06\/04\/el-proyecto-de-carrefour-maxi-se-encamina-a-aprobarse-este-jueves-por-mayoria\/","title":{"rendered":"El proyecto de Carrefour Maxi se encamina a aprobarse este jueves por mayor\u00eda"},"content":{"rendered":"\n<p>El <strong>concejo deliberante de Santa Rosa<\/strong> se encamina a aprobar este jueves el proyecto de ordenanza que habilita una <strong>excepci\u00f3n al C\u00f3digo Urban\u00edstico<\/strong> para que se pueda instalar el hipermercado mayorista y minorista <strong>Carrefour Maxi<\/strong> en terrenos de la <strong>Asociaci\u00f3n Agr\u00edcola Ganadera de La Pampa<\/strong>, sobre avenida Spinetto y Neuqu\u00e9n. Hasta ahora se encamina a aprobarse por mayor\u00eda: <strong>el peronismo lo aprueba, la UCR y Comunidad Organizada lo rechazan y hay ciertas dudas en el Pro<\/strong>.<\/p>\n\n\n\n<p>El proyecto incluye dos excepciones: una para habilitar m\u00e1s superficie construida de la permitida en la zona y otra para ceder espacio una nueva calle interna.<\/p>\n\n\n\n<p>Por su tama\u00f1o,<strong> de acuerdo al C\u00f3digo Urban\u00edstico, la obra deber\u00eda hacerse fuera de los l\u00edmites que establece la avenida circunvalaci\u00f3n Santiago Marzo. Pero la intenci\u00f3n de la empresa francesa, con respaldo de la intendencia, es hacerlo a metros del centro de la ciudad.<\/strong> La iniciativa, por eso, genera resistencia en determinados sectores pol\u00edticos y empresariales: alertan que podr\u00eda afectar a despensas y autoservicios de la zona.<\/p>\n\n\n\n<p>El proyecto viene de comisi\u00f3n con dictamen favorable de mayor\u00eda del peronismo, en tanto que la oposici\u00f3n de la UCR, Pro y Comunidad Organizada dijo que fijar\u00e1 posici\u00f3n en el recinto.<\/p>\n\n\n\n<p><strong>En el oficialismo son optimistas: creen que saldr\u00e1 por mayor\u00eda, con los votos del Frejupa y posiblemente los del Pro <\/strong>que, seg\u00fan dijo uno de sus concejales a <strong>Diario Textual<\/strong>, <strong>Marcelo Guerrero<\/strong>, tienen \u201cdudas\u201c. En rigor, las dudas las tiene Guerrero: la concejala <strong>Fernanda Oddi <\/strong>pretende aprobar el proyecto.<\/p>\n\n\n\n<p>En tanto, la UCR y Comunidad Organizada va a rechazar al proyecto, en discrepancias con cuestiones t\u00e9cnicas y de infraestructura, as\u00ed como por el impacto negativo que tendr\u00e1 en los autoservicios y despensas cercanos.<\/p>\n\n\n\n<p><strong>\u201cAs\u00ed como est\u00e1 la cosa, no aprobamos. Igual todav\u00eda hay conversaciones abiertas\u201c<\/strong>, dijo a Diario Textual el concejal Diego Camargo.<\/p>\n\n\n\n<p><strong>En cualquiera de los escenarios, el oficialismo tiene los votos suficientes para aprobar el proyecto, que puede salir por mayor\u00eda simple.<\/strong> Hasta en el caso de que hubiera empate, definir\u00eda a favor de la excepci\u00f3n la presidenta del cuerpo deliberativo, Romina Montes de Oca.<\/p>\n\n\n\n<div style=\"height:100px\" aria-hidden=\"true\" class=\"wp-block-spacer\"><\/div>\n\n\n\n<p><strong>Excepci\u00f3n<\/strong><\/p>\n\n\n\n<p>La multinacional francesa Carrefour pretende instalar el hipermercado en Spinetto y Neuqu\u00e9n, en donde actualmente se encuentran los corrales de la Asociaci\u00f3n Agr\u00edcola Ganadera de La Pampa. Prometi\u00f3 generar con el emprendimiento unos 100 puestos de trabajo.<\/p>\n\n\n\n<p>El intendente Luciano di N\u00e1poli, junto a directivos de la empresa, anunci\u00f3 el proyecto, con una inversi\u00f3n de 15 millones de d\u00f3lares. Seg\u00fan dijeron el intendente y los empresarios, beneficiar\u00e1 a las familias e incluso a despensas y autoservicios.<\/p>\n\n\n\n<p>La Agr\u00edcola alquilar\u00e1 esos terrenos a la empresa francesa por 20 a\u00f1os, con opci\u00f3n a 10 a\u00f1os m\u00e1s. El monto es por unos 15 mil d\u00f3lares mensuales y el acuerdo estipula que, una vez concluido el alquiler, las instalaciones quedar\u00e1n en propiedad de la asociaci\u00f3n ruralista. Por el momento, la intenci\u00f3n es que el evento anual conocido como La Rural se siga haciendo en el mismo predio.<\/p>\n\n\n\n<p>Para desembarcar debe saltearse al C\u00f3digo Urban\u00edstico de Santa Rosa, que prev\u00e9 que en esa zona solo se pueden construir hasta 1800 metros cuadrados. La obra que proyecta, al menos, duplica ese tama\u00f1o. Por eso,&nbsp;se requiere una excepci\u00f3n a la Ordenanza 6976\/2023, que ordena d\u00f3nde se pueden instalar las empresas.<\/p>\n\n\n\n<div style=\"height:100px\" aria-hidden=\"true\" class=\"wp-block-spacer\"><\/div>\n\n\n\n<p><strong>Estacionamiento y traza de calle<\/strong><\/p>\n\n\n\n<p>El proyecto prev\u00e9 la construcci\u00f3n de un estacionamiento. Para eso, se deber\u00eda ceder el espacio para la traza de una calle interna. Ser\u00edan dos cuadras continuidad de la actual calle Mendoza hasta la avenida Spinetto. Ser\u00eda una excepci\u00f3n similar a la que le otorgaron a La An\u00f3nima y a la estaci\u00f3n de servicio YPF, sobre la avenida Ameghino, para el trazado de la calle Per\u00fa.&nbsp;<\/p>\n\n\n\n<p>En la semana hubo una ronda de consultas en el concejo, donde se invitaron a partes interesadas en el tema. <\/p>\n\n\n\n<p>El director de Planeamiento del municipio, Javier Hern\u00e1ndez, fue a defender el proyecto. Desech\u00f3 la posibilidad de que el emprendimiento vaya a ocasionar alg\u00fan problema de infraestructura. Dijo que no habr\u00e1 inconvenientes con el escurrimiento de agua de lluvia y precis\u00f3 que de los 3.500 metros cuadrados de construcci\u00f3n que se prev\u00e9, solo 2.800 metros cuadrados estar\u00e1n destinados al sector de atenci\u00f3n al p\u00fablico.<\/p>\n\n\n\n<p>\u201cNo es un gran edificio para ese corredor\u201d, dijo y, a modo de ejemplo, record\u00f3 que el supermercado Chango Mas -en la avenida circunvalaci\u00f3n Santiago Marzo- tiene 6.600 metros cuadrados.<\/p>\n\n\n\n<p><\/p>\n\n\n\n<div style=\"height:100px\" aria-hidden=\"true\" class=\"wp-block-spacer\"><\/div>\n\n\n\n<p><strong>En desacuerdo con la excepci\u00f3n<\/strong><\/p>\n\n\n\n<p>La C\u00e1mara de Comercio de Santa Rosa fue otro de los actores consultados por el concejo. Sus dirigentes dijeron que est\u00e1n \u201ca favor de las inversiones, del libre comercio y la libre competencia\u201d, pero advirtieron que la ubicaci\u00f3n les \u201chace ruido\u201d porque est\u00e1 a metros del centro. \u201cNo estamos de acuerdo en dar una excepci\u00f3n\u201d, dijo el vicepresidente Mario Mart\u00ednez.<\/p>\n\n\n\n<p>La intendencia espera que este jueves salga el proyecto para que la multinacional inicie de inmediato las obras.<\/p>\n\n\n\n<p><\/p>\n\n\n\n<p><\/p>\n","protected":false},"excerpt":{"rendered":"<p>El concejo deliberante de Santa Rosa se encamina a aprobar este jueves el proyecto de ordenanza que habilita una excepci\u00f3n al C\u00f3digo Urban\u00edstico para que se pueda instalar el hipermercado&hellip;<\/p>\n","protected":false},"author":7,"featured_media":297586,"comment_status":"closed","ping_status":"open","sticky":false,"template":"","format":"standard","meta":{"_acf_changed":false,"footnotes":""},"categories":[4,8],"tags":[],"class_list":["post-297993","post","type-post","status-publish","format-standard","has-post-thumbnail","hentry","category-destacadas","category-politica"],"acf":[],"yoast_head":"<!-- This site is optimized with the Yoast SEO plugin v27.4 - https:\/\/yoast.com\/product\/yoast-seo-wordpress\/ -->\n<title>El proyecto de Carrefour Maxi se encamina a aprobarse este jueves por mayor\u00eda - Diario Textual<\/title>\n<meta name=\"robots\" content=\"index, follow, max-snippet:-1, max-image-preview:large, max-video-preview:-1\" \/>\n<link rel=\"canonical\" href=\"https:\/\/diariotextual.com\/inicio\/index.php\/2025\/06\/04\/el-proyecto-de-carrefour-maxi-se-encamina-a-aprobarse-este-jueves-por-mayoria\/\" \/>\n<meta property=\"og:locale\" content=\"es_ES\" \/>\n<meta property=\"og:type\" content=\"article\" \/>\n<meta property=\"og:title\" content=\"El proyecto de Carrefour Maxi se encamina a aprobarse este jueves por mayor\u00eda - Diario Textual\" \/>\n<meta property=\"og:description\" content=\"El concejo deliberante de Santa Rosa se encamina a aprobar este jueves el proyecto de ordenanza que habilita una excepci\u00f3n al C\u00f3digo Urban\u00edstico para que se pueda instalar el hipermercado&hellip;\" \/>\n<meta property=\"og:url\" content=\"https:\/\/diariotextual.com\/inicio\/index.php\/2025\/06\/04\/el-proyecto-de-carrefour-maxi-se-encamina-a-aprobarse-este-jueves-por-mayoria\/\" \/>\n<meta property=\"og:site_name\" content=\"Diario Textual\" \/>\n<meta property=\"article:publisher\" content=\"https:\/\/www.facebook.com\/eltextual\" \/>\n<meta property=\"article:published_time\" content=\"2025-06-04T21:23:00+00:00\" \/>\n<meta property=\"article:modified_time\" content=\"2025-06-05T07:11:13+00:00\" \/>\n<meta property=\"og:image\" content=\"https:\/\/diariotextual.com\/inicio\/wp-content\/uploads\/2025\/05\/concejosantarosa2025-10000.jpg\" \/>\n\t<meta property=\"og:image:width\" content=\"1600\" \/>\n\t<meta property=\"og:image:height\" content=\"1066\" \/>\n\t<meta property=\"og:image:type\" content=\"image\/jpeg\" \/>\n<meta name=\"author\" content=\"diario5\" \/>\n<meta name=\"twitter:card\" content=\"summary_large_image\" \/>\n<meta name=\"twitter:creator\" content=\"@eltextual\" \/>\n<meta name=\"twitter:site\" content=\"@eltextual\" \/>\n<meta name=\"twitter:label1\" content=\"Escrito por\" \/>\n\t<meta name=\"twitter:data1\" content=\"diario5\" \/>\n\t<meta name=\"twitter:label2\" content=\"Tiempo de lectura\" \/>\n\t<meta name=\"twitter:data2\" content=\"4 minutos\" \/>\n<script type=\"application\/ld+json\" class=\"yoast-schema-graph\">{\"@context\":\"https:\\\/\\\/schema.org\",\"@graph\":[{\"@type\":\"Article\",\"@id\":\"https:\\\/\\\/diariotextual.com\\\/inicio\\\/index.php\\\/2025\\\/06\\\/04\\\/el-proyecto-de-carrefour-maxi-se-encamina-a-aprobarse-este-jueves-por-mayoria\\\/#article\",\"isPartOf\":{\"@id\":\"https:\\\/\\\/diariotextual.com\\\/inicio\\\/index.php\\\/2025\\\/06\\\/04\\\/el-proyecto-de-carrefour-maxi-se-encamina-a-aprobarse-este-jueves-por-mayoria\\\/\"},\"author\":{\"name\":\"diario5\",\"@id\":\"https:\\\/\\\/diariotextual.com\\\/inicio\\\/#\\\/schema\\\/person\\\/c7834961ad8b29b1d9cdbf4571299067\"},\"headline\":\"El proyecto de Carrefour Maxi se encamina a aprobarse este jueves por mayor\u00eda\",\"datePublished\":\"2025-06-04T21:23:00+00:00\",\"dateModified\":\"2025-06-05T07:11:13+00:00\",\"mainEntityOfPage\":{\"@id\":\"https:\\\/\\\/diariotextual.com\\\/inicio\\\/index.php\\\/2025\\\/06\\\/04\\\/el-proyecto-de-carrefour-maxi-se-encamina-a-aprobarse-este-jueves-por-mayoria\\\/\"},\"wordCount\":885,\"publisher\":{\"@id\":\"https:\\\/\\\/diariotextual.com\\\/inicio\\\/#organization\"},\"image\":{\"@id\":\"https:\\\/\\\/diariotextual.com\\\/inicio\\\/index.php\\\/2025\\\/06\\\/04\\\/el-proyecto-de-carrefour-maxi-se-encamina-a-aprobarse-este-jueves-por-mayoria\\\/#primaryimage\"},\"thumbnailUrl\":\"https:\\\/\\\/diariotextual.com\\\/inicio\\\/wp-content\\\/uploads\\\/2025\\\/05\\\/concejosantarosa2025-10000.jpg\",\"articleSection\":[\"A - DESTACADAS (mod 16)\",\"POLITICA\"],\"inLanguage\":\"es\"},{\"@type\":\"WebPage\",\"@id\":\"https:\\\/\\\/diariotextual.com\\\/inicio\\\/index.php\\\/2025\\\/06\\\/04\\\/el-proyecto-de-carrefour-maxi-se-encamina-a-aprobarse-este-jueves-por-mayoria\\\/\",\"url\":\"https:\\\/\\\/diariotextual.com\\\/inicio\\\/index.php\\\/2025\\\/06\\\/04\\\/el-proyecto-de-carrefour-maxi-se-encamina-a-aprobarse-este-jueves-por-mayoria\\\/\",\"name\":\"El proyecto de Carrefour Maxi se encamina a aprobarse este jueves por mayor\u00eda - Diario Textual\",\"isPartOf\":{\"@id\":\"https:\\\/\\\/diariotextual.com\\\/inicio\\\/#website\"},\"primaryImageOfPage\":{\"@id\":\"https:\\\/\\\/diariotextual.com\\\/inicio\\\/index.php\\\/2025\\\/06\\\/04\\\/el-proyecto-de-carrefour-maxi-se-encamina-a-aprobarse-este-jueves-por-mayoria\\\/#primaryimage\"},\"image\":{\"@id\":\"https:\\\/\\\/diariotextual.com\\\/inicio\\\/index.php\\\/2025\\\/06\\\/04\\\/el-proyecto-de-carrefour-maxi-se-encamina-a-aprobarse-este-jueves-por-mayoria\\\/#primaryimage\"},\"thumbnailUrl\":\"https:\\\/\\\/diariotextual.com\\\/inicio\\\/wp-content\\\/uploads\\\/2025\\\/05\\\/concejosantarosa2025-10000.jpg\",\"datePublished\":\"2025-06-04T21:23:00+00:00\",\"dateModified\":\"2025-06-05T07:11:13+00:00\",\"breadcrumb\":{\"@id\":\"https:\\\/\\\/diariotextual.com\\\/inicio\\\/index.php\\\/2025\\\/06\\\/04\\\/el-proyecto-de-carrefour-maxi-se-encamina-a-aprobarse-este-jueves-por-mayoria\\\/#breadcrumb\"},\"inLanguage\":\"es\",\"potentialAction\":[{\"@type\":\"ReadAction\",\"target\":[\"https:\\\/\\\/diariotextual.com\\\/inicio\\\/index.php\\\/2025\\\/06\\\/04\\\/el-proyecto-de-carrefour-maxi-se-encamina-a-aprobarse-este-jueves-por-mayoria\\\/\"]}]},{\"@type\":\"ImageObject\",\"inLanguage\":\"es\",\"@id\":\"https:\\\/\\\/diariotextual.com\\\/inicio\\\/index.php\\\/2025\\\/06\\\/04\\\/el-proyecto-de-carrefour-maxi-se-encamina-a-aprobarse-este-jueves-por-mayoria\\\/#primaryimage\",\"url\":\"https:\\\/\\\/diariotextual.com\\\/inicio\\\/wp-content\\\/uploads\\\/2025\\\/05\\\/concejosantarosa2025-10000.jpg\",\"contentUrl\":\"https:\\\/\\\/diariotextual.com\\\/inicio\\\/wp-content\\\/uploads\\\/2025\\\/05\\\/concejosantarosa2025-10000.jpg\",\"width\":1600,\"height\":1066},{\"@type\":\"BreadcrumbList\",\"@id\":\"https:\\\/\\\/diariotextual.com\\\/inicio\\\/index.php\\\/2025\\\/06\\\/04\\\/el-proyecto-de-carrefour-maxi-se-encamina-a-aprobarse-este-jueves-por-mayoria\\\/#breadcrumb\",\"itemListElement\":[{\"@type\":\"ListItem\",\"position\":1,\"name\":\"Portada\",\"item\":\"https:\\\/\\\/diariotextual.com\\\/inicio\\\/\"},{\"@type\":\"ListItem\",\"position\":2,\"name\":\"El proyecto de Carrefour Maxi se encamina a aprobarse este jueves por mayor\u00eda\"}]},{\"@type\":\"WebSite\",\"@id\":\"https:\\\/\\\/diariotextual.com\\\/inicio\\\/#website\",\"url\":\"https:\\\/\\\/diariotextual.com\\\/inicio\\\/\",\"name\":\"Diario Textual\",\"description\":\"\",\"publisher\":{\"@id\":\"https:\\\/\\\/diariotextual.com\\\/inicio\\\/#organization\"},\"potentialAction\":[{\"@type\":\"SearchAction\",\"target\":{\"@type\":\"EntryPoint\",\"urlTemplate\":\"https:\\\/\\\/diariotextual.com\\\/inicio\\\/?s={search_term_string}\"},\"query-input\":{\"@type\":\"PropertyValueSpecification\",\"valueRequired\":true,\"valueName\":\"search_term_string\"}}],\"inLanguage\":\"es\"},{\"@type\":\"Organization\",\"@id\":\"https:\\\/\\\/diariotextual.com\\\/inicio\\\/#organization\",\"name\":\"Diario Textual\",\"url\":\"https:\\\/\\\/diariotextual.com\\\/inicio\\\/\",\"logo\":{\"@type\":\"ImageObject\",\"inLanguage\":\"es\",\"@id\":\"https:\\\/\\\/diariotextual.com\\\/inicio\\\/#\\\/schema\\\/logo\\\/image\\\/\",\"url\":\"https:\\\/\\\/diariotextual.com\\\/inicio\\\/wp-content\\\/uploads\\\/2023\\\/05\\\/logotextual1.jpg\",\"contentUrl\":\"https:\\\/\\\/diariotextual.com\\\/inicio\\\/wp-content\\\/uploads\\\/2023\\\/05\\\/logotextual1.jpg\",\"width\":516,\"height\":76,\"caption\":\"Diario Textual\"},\"image\":{\"@id\":\"https:\\\/\\\/diariotextual.com\\\/inicio\\\/#\\\/schema\\\/logo\\\/image\\\/\"},\"sameAs\":[\"https:\\\/\\\/www.facebook.com\\\/eltextual\",\"https:\\\/\\\/x.com\\\/eltextual\",\"http:\\\/\\\/www.instagram.com\\\/eltextual\"]},{\"@type\":\"Person\",\"@id\":\"https:\\\/\\\/diariotextual.com\\\/inicio\\\/#\\\/schema\\\/person\\\/c7834961ad8b29b1d9cdbf4571299067\",\"name\":\"diario5\",\"image\":{\"@type\":\"ImageObject\",\"inLanguage\":\"es\",\"@id\":\"https:\\\/\\\/secure.gravatar.com\\\/avatar\\\/948c893b847ca6df68216ead81b63f363408ec9b0f600fefc0641ce78613b111?s=96&d=mm&r=g\",\"url\":\"https:\\\/\\\/secure.gravatar.com\\\/avatar\\\/948c893b847ca6df68216ead81b63f363408ec9b0f600fefc0641ce78613b111?s=96&d=mm&r=g\",\"contentUrl\":\"https:\\\/\\\/secure.gravatar.com\\\/avatar\\\/948c893b847ca6df68216ead81b63f363408ec9b0f600fefc0641ce78613b111?s=96&d=mm&r=g\",\"caption\":\"diario5\"},\"url\":\"https:\\\/\\\/diariotextual.com\\\/inicio\\\/index.php\\\/author\\\/diario5\\\/\"}]}<\/script>\n<!-- \/ Yoast SEO plugin. -->","yoast_head_json":{"title":"El proyecto de Carrefour Maxi se encamina a aprobarse este jueves por mayor\u00eda - Diario Textual","robots":{"index":"index","follow":"follow","max-snippet":"max-snippet:-1","max-image-preview":"max-image-preview:large","max-video-preview":"max-video-preview:-1"},"canonical":"https:\/\/diariotextual.com\/inicio\/index.php\/2025\/06\/04\/el-proyecto-de-carrefour-maxi-se-encamina-a-aprobarse-este-jueves-por-mayoria\/","og_locale":"es_ES","og_type":"article","og_title":"El proyecto de Carrefour Maxi se encamina a aprobarse este jueves por mayor\u00eda - Diario Textual","og_description":"El concejo deliberante de Santa Rosa se encamina a aprobar este jueves el proyecto de ordenanza que habilita una excepci\u00f3n al C\u00f3digo Urban\u00edstico para que se pueda instalar el hipermercado&hellip;","og_url":"https:\/\/diariotextual.com\/inicio\/index.php\/2025\/06\/04\/el-proyecto-de-carrefour-maxi-se-encamina-a-aprobarse-este-jueves-por-mayoria\/","og_site_name":"Diario Textual","article_publisher":"https:\/\/www.facebook.com\/eltextual","article_published_time":"2025-06-04T21:23:00+00:00","article_modified_time":"2025-06-05T07:11:13+00:00","og_image":[{"width":1600,"height":1066,"url":"https:\/\/diariotextual.com\/inicio\/wp-content\/uploads\/2025\/05\/concejosantarosa2025-10000.jpg","type":"image\/jpeg"}],"author":"diario5","twitter_card":"summary_large_image","twitter_creator":"@eltextual","twitter_site":"@eltextual","twitter_misc":{"Escrito por":"diario5","Tiempo de lectura":"4 minutos"},"schema":{"@context":"https:\/\/schema.org","@graph":[{"@type":"Article","@id":"https:\/\/diariotextual.com\/inicio\/index.php\/2025\/06\/04\/el-proyecto-de-carrefour-maxi-se-encamina-a-aprobarse-este-jueves-por-mayoria\/#article","isPartOf":{"@id":"https:\/\/diariotextual.com\/inicio\/index.php\/2025\/06\/04\/el-proyecto-de-carrefour-maxi-se-encamina-a-aprobarse-este-jueves-por-mayoria\/"},"author":{"name":"diario5","@id":"https:\/\/diariotextual.com\/inicio\/#\/schema\/person\/c7834961ad8b29b1d9cdbf4571299067"},"headline":"El proyecto de Carrefour Maxi se encamina a aprobarse este jueves por mayor\u00eda","datePublished":"2025-06-04T21:23:00+00:00","dateModified":"2025-06-05T07:11:13+00:00","mainEntityOfPage":{"@id":"https:\/\/diariotextual.com\/inicio\/index.php\/2025\/06\/04\/el-proyecto-de-carrefour-maxi-se-encamina-a-aprobarse-este-jueves-por-mayoria\/"},"wordCount":885,"publisher":{"@id":"https:\/\/diariotextual.com\/inicio\/#organization"},"image":{"@id":"https:\/\/diariotextual.com\/inicio\/index.php\/2025\/06\/04\/el-proyecto-de-carrefour-maxi-se-encamina-a-aprobarse-este-jueves-por-mayoria\/#primaryimage"},"thumbnailUrl":"https:\/\/diariotextual.com\/inicio\/wp-content\/uploads\/2025\/05\/concejosantarosa2025-10000.jpg","articleSection":["A - DESTACADAS (mod 16)","POLITICA"],"inLanguage":"es"},{"@type":"WebPage","@id":"https:\/\/diariotextual.com\/inicio\/index.php\/2025\/06\/04\/el-proyecto-de-carrefour-maxi-se-encamina-a-aprobarse-este-jueves-por-mayoria\/","url":"https:\/\/diariotextual.com\/inicio\/index.php\/2025\/06\/04\/el-proyecto-de-carrefour-maxi-se-encamina-a-aprobarse-este-jueves-por-mayoria\/","name":"El proyecto de Carrefour Maxi se encamina a aprobarse este jueves por mayor\u00eda - Diario Textual","isPartOf":{"@id":"https:\/\/diariotextual.com\/inicio\/#website"},"primaryImageOfPage":{"@id":"https:\/\/diariotextual.com\/inicio\/index.php\/2025\/06\/04\/el-proyecto-de-carrefour-maxi-se-encamina-a-aprobarse-este-jueves-por-mayoria\/#primaryimage"},"image":{"@id":"https:\/\/diariotextual.com\/inicio\/index.php\/2025\/06\/04\/el-proyecto-de-carrefour-maxi-se-encamina-a-aprobarse-este-jueves-por-mayoria\/#primaryimage"},"thumbnailUrl":"https:\/\/diariotextual.com\/inicio\/wp-content\/uploads\/2025\/05\/concejosantarosa2025-10000.jpg","datePublished":"2025-06-04T21:23:00+00:00","dateModified":"2025-06-05T07:11:13+00:00","breadcrumb":{"@id":"https:\/\/diariotextual.com\/inicio\/index.php\/2025\/06\/04\/el-proyecto-de-carrefour-maxi-se-encamina-a-aprobarse-este-jueves-por-mayoria\/#breadcrumb"},"inLanguage":"es","potentialAction":[{"@type":"ReadAction","target":["https:\/\/diariotextual.com\/inicio\/index.php\/2025\/06\/04\/el-proyecto-de-carrefour-maxi-se-encamina-a-aprobarse-este-jueves-por-mayoria\/"]}]},{"@type":"ImageObject","inLanguage":"es","@id":"https:\/\/diariotextual.com\/inicio\/index.php\/2025\/06\/04\/el-proyecto-de-carrefour-maxi-se-encamina-a-aprobarse-este-jueves-por-mayoria\/#primaryimage","url":"https:\/\/diariotextual.com\/inicio\/wp-content\/uploads\/2025\/05\/concejosantarosa2025-10000.jpg","contentUrl":"https:\/\/diariotextual.com\/inicio\/wp-content\/uploads\/2025\/05\/concejosantarosa2025-10000.jpg","width":1600,"height":1066},{"@type":"BreadcrumbList","@id":"https:\/\/diariotextual.com\/inicio\/index.php\/2025\/06\/04\/el-proyecto-de-carrefour-maxi-se-encamina-a-aprobarse-este-jueves-por-mayoria\/#breadcrumb","itemListElement":[{"@type":"ListItem","position":1,"name":"Portada","item":"https:\/\/diariotextual.com\/inicio\/"},{"@type":"ListItem","position":2,"name":"El proyecto de Carrefour Maxi se encamina a aprobarse este jueves por mayor\u00eda"}]},{"@type":"WebSite","@id":"https:\/\/diariotextual.com\/inicio\/#website","url":"https:\/\/diariotextual.com\/inicio\/","name":"Diario Textual","description":"","publisher":{"@id":"https:\/\/diariotextual.com\/inicio\/#organization"},"potentialAction":[{"@type":"SearchAction","target":{"@type":"EntryPoint","urlTemplate":"https:\/\/diariotextual.com\/inicio\/?s={search_term_string}"},"query-input":{"@type":"PropertyValueSpecification","valueRequired":true,"valueName":"search_term_string"}}],"inLanguage":"es"},{"@type":"Organization","@id":"https:\/\/diariotextual.com\/inicio\/#organization","name":"Diario Textual","url":"https:\/\/diariotextual.com\/inicio\/","logo":{"@type":"ImageObject","inLanguage":"es","@id":"https:\/\/diariotextual.com\/inicio\/#\/schema\/logo\/image\/","url":"https:\/\/diariotextual.com\/inicio\/wp-content\/uploads\/2023\/05\/logotextual1.jpg","contentUrl":"https:\/\/diariotextual.com\/inicio\/wp-content\/uploads\/2023\/05\/logotextual1.jpg","width":516,"height":76,"caption":"Diario Textual"},"image":{"@id":"https:\/\/diariotextual.com\/inicio\/#\/schema\/logo\/image\/"},"sameAs":["https:\/\/www.facebook.com\/eltextual","https:\/\/x.com\/eltextual","http:\/\/www.instagram.com\/eltextual"]},{"@type":"Person","@id":"https:\/\/diariotextual.com\/inicio\/#\/schema\/person\/c7834961ad8b29b1d9cdbf4571299067","name":"diario5","image":{"@type":"ImageObject","inLanguage":"es","@id":"https:\/\/secure.gravatar.com\/avatar\/948c893b847ca6df68216ead81b63f363408ec9b0f600fefc0641ce78613b111?s=96&d=mm&r=g","url":"https:\/\/secure.gravatar.com\/avatar\/948c893b847ca6df68216ead81b63f363408ec9b0f600fefc0641ce78613b111?s=96&d=mm&r=g","contentUrl":"https:\/\/secure.gravatar.com\/avatar\/948c893b847ca6df68216ead81b63f363408ec9b0f600fefc0641ce78613b111?s=96&d=mm&r=g","caption":"diario5"},"url":"https:\/\/diariotextual.com\/inicio\/index.php\/author\/diario5\/"}]}},"_links":{"self":[{"href":"https:\/\/diariotextual.com\/inicio\/index.php\/wp-json\/wp\/v2\/posts\/297993","targetHints":{"allow":["GET"]}}],"collection":[{"href":"https:\/\/diariotextual.com\/inicio\/index.php\/wp-json\/wp\/v2\/posts"}],"about":[{"href":"https:\/\/diariotextual.com\/inicio\/index.php\/wp-json\/wp\/v2\/types\/post"}],"author":[{"embeddable":true,"href":"https:\/\/diariotextual.com\/inicio\/index.php\/wp-json\/wp\/v2\/users\/7"}],"replies":[{"embeddable":true,"href":"https:\/\/diariotextual.com\/inicio\/index.php\/wp-json\/wp\/v2\/comments?post=297993"}],"version-history":[{"count":9,"href":"https:\/\/diariotextual.com\/inicio\/index.php\/wp-json\/wp\/v2\/posts\/297993\/revisions"}],"predecessor-version":[{"id":298004,"href":"https:\/\/diariotextual.com\/inicio\/index.php\/wp-json\/wp\/v2\/posts\/297993\/revisions\/298004"}],"wp:featuredmedia":[{"embeddable":true,"href":"https:\/\/diariotextual.com\/inicio\/index.php\/wp-json\/wp\/v2\/media\/297586"}],"wp:attachment":[{"href":"https:\/\/diariotextual.com\/inicio\/index.php\/wp-json\/wp\/v2\/media?parent=297993"}],"wp:term":[{"taxonomy":"category","embeddable":true,"href":"https:\/\/diariotextual.com\/inicio\/index.php\/wp-json\/wp\/v2\/categories?post=297993"},{"taxonomy":"post_tag","embeddable":true,"href":"https:\/\/diariotextual.com\/inicio\/index.php\/wp-json\/wp\/v2\/tags?post=297993"}],"curies":[{"name":"wp","href":"https:\/\/api.w.org\/{rel}","templated":true}]}}