{"id":298376,"date":"2025-06-09T06:01:11","date_gmt":"2025-06-09T09:01:11","guid":{"rendered":"https:\/\/diariotextual.com\/inicio\/?p=298376"},"modified":"2025-06-09T16:24:41","modified_gmt":"2025-06-09T19:24:41","slug":"otra-vez-la-pampa-como-hace-treinta-anos-encabeza-la-resistencia-al-centralismo","status":"publish","type":"post","link":"https:\/\/diariotextual.com\/inicio\/index.php\/2025\/06\/09\/otra-vez-la-pampa-como-hace-treinta-anos-encabeza-la-resistencia-al-centralismo\/","title":{"rendered":"Otra vez La Pampa, como hace treinta a\u00f1os, encabeza la resistencia al centralismo"},"content":{"rendered":"\n<h2 class=\"wp-block-heading\">Por Norberto G. Asquini<\/h2>\n\n\n\n<p><br>Por estos d\u00edas,<strong> mientras en muchas provincias el silencio o la sumisi\u00f3n marcan la relaci\u00f3n con el poder central, La Pampa volvi\u00f3 a levantar la voz.<\/strong> Lo hizo en defensa del federalismo, la autonom\u00eda provincial y delegaciones constitucionales. Esta semana, encabezada por el gobernador <strong>Sergio Ziliott<\/strong>o, la provincia fue<strong> la primera en ponerse al frente de una resistencia concreta frente a las leyes de corte liberal que impulsa el gobierno del presidente Javier Milei<\/strong> y que<strong> buscan avanzar, sin disimulo, sobre instituciones clave del entramado social y profesional<\/strong>: <strong>los colegios y consejos de profesionales, las cajas previsionales de profesionales <\/strong>y hasta, una vez m\u00e1s, sobre<strong> los sistemas jubilatorios provinciales.<\/strong> El gobernador sali\u00f3 a defender la colegiaci\u00f3n y por ende a las cajas previsionales.<\/p>\n\n\n\n<p>La advertencia de Ziliotto no fue menor. La decisi\u00f3n de enfrentar una nueva embestida libertaria se sustenta en que el poder de polic\u00eda en lo referido a las actividades profesionales \u201ccompete a las provincias\u201d y, en el caso de La Pampa, por leyes provinciales, ello se ha delegado en los colegios y cajas.<\/p>\n\n\n\n<p><br><strong>Las instituciones pampeanas se vieron amenazadas por una bater\u00eda de medidas que intenta desregular la actividad profesional<\/strong>, debilitando el rol de los colegios y consejos, y que adem\u00e1s pretende intervenir -de hecho, apropiarse- de los fondos y el manejo de las cajas previsionales. La avanzada liberal, disfrazada de modernizaci\u00f3n y libertad de elecci\u00f3n, es en realidad una maniobra peligrosa que atenta contra la organizaci\u00f3n profesional aut\u00f3noma y la previsi\u00f3n social de miles de profesionales. Es de tal calibre la amenaza, que entidades que se mantienen ajenas y displicentes de la pol\u00edtica y las gestiones, esta vez decidieron agruparse y mostrarse junto al gobierno provincial.<\/p>\n\n\n\n<p><br>Pero<strong> esta escena no es nueva. <\/strong>Hace m\u00e1s de tres d\u00e9cadas, en 1994, durante el gobierno de Carlos Menem y con Domingo Cavallo como ministro de Econom\u00eda, se intent\u00f3 algo similar: desfinanciar las cajas previsionales provinciales, traspasar las cajas profesionales a las flamantes AFJP, y reducir el alcance y potestad de los colegios profesionales. <strong>Fue entonces cuando La Pampa protagoniz\u00f3 lo que hoy se recuerda como la \u201cGesta del 94\u201d. Rub\u00e9n Mar\u00edn<\/strong>, gobernador de la provincia y constituyente nacional, junto al radical <strong>Antonio Berhongaray<\/strong> -momentos muy distintos a los de ahora donde la UCR deja hacer cuando no acompa\u00f1a la avanzada libertaria- y el vicepresidente de la Caja Forense de La Pampa y secretario general de la Coordinadora nacional de cajas profesionales,<strong> \u201cPinky\u201d Bensus\u00e1n<\/strong>, lideraron una movida pol\u00edtica hist\u00f3rica.<\/p>\n\n\n\n<p>Hoy casualmente La Pampa detenta la secretaria general de la Coordinadora con la pampeana Sandra Abdo.<\/p>\n\n\n\n<p><br><strong>No fueron solos. Convocaron y convencieron. <\/strong>En Santa Fe, durante las jornadas constituyentes, m\u00e1s de 7.000 profesionales se congregaron para defender sus instituciones, sus aportes y su autonom\u00eda. No se volvi\u00f3 a ver una movilizaci\u00f3n del sector semejante. Gracias a ese esfuerzo colectivo y transversal, se consagr\u00f3 el art\u00edculo 125 de la Constituci\u00f3n Nacional, que le dio a las provincias la facultad de conservar sus reg\u00edmenes previsionales y de organizaci\u00f3n profesional. Una bandera que hoy vuelve a ser clave frente a los nuevos intentos de avance centralista.<\/p>\n\n\n\n<p><br><strong>La diferencia, hoy, es que mientras La Pampa vuelve a plantarse con firmeza, otras provincias muestran pasividad o incluso complicidad. <\/strong>En Chubut, por ejemplo, los consejos y cajas han sido ninguneados por su propio gobernador. En otras jurisdicciones, los profesionales ven con preocupaci\u00f3n c\u00f3mo se desdibujan sus derechos adquiridos. <strong>En La Pampa, Ziliotto asumi\u00f3 un compromiso expl\u00edcito: no permitir que se vulneren las autonom\u00edas provinciales, ni se pongan en riesgo los sistemas previsionales que los propios profesionales sostienen con su esfuerzo.<\/strong><\/p>\n\n\n\n<p>Esa claridad pol\u00edtica, esa memoria activa que conecta el presente con las luchas del pasado, es lo que hoy vuelve a distinguir a La Pampa. Frente al atropello, responde con historia, con institucionalidad y con decisi\u00f3n. Como hace treinta a\u00f1os, no se resigna a ser espectadora. Asume el rol de vanguardia, marcando el camino para el resto del pa\u00eds. Y recordando que, a veces, en la defensa de lo justo, es necesario volver a empezar. Y volver a resistir.<\/p>\n\n\n\n<p><\/p>\n","protected":false},"excerpt":{"rendered":"<p>Por Norberto G. Asquini Por estos d\u00edas, mientras en muchas provincias el silencio o la sumisi\u00f3n marcan la relaci\u00f3n con el poder central, La Pampa volvi\u00f3 a levantar la voz.&hellip;<\/p>\n","protected":false},"author":3,"featured_media":298044,"comment_status":"closed","ping_status":"open","sticky":false,"template":"","format":"standard","meta":{"_acf_changed":false,"footnotes":""},"categories":[10,8],"tags":[],"class_list":["post-298376","post","type-post","status-publish","format-standard","has-post-thumbnail","hentry","category-portada-2","category-politica"],"acf":[],"yoast_head":"<!-- This site is optimized with the Yoast SEO plugin v27.5 - https:\/\/yoast.com\/product\/yoast-seo-wordpress\/ -->\n<title>Otra vez La Pampa, como hace treinta a\u00f1os, encabeza la resistencia al centralismo - Diario Textual<\/title>\n<meta name=\"robots\" content=\"index, follow, max-snippet:-1, max-image-preview:large, max-video-preview:-1\" \/>\n<link rel=\"canonical\" href=\"https:\/\/diariotextual.com\/inicio\/index.php\/2025\/06\/09\/otra-vez-la-pampa-como-hace-treinta-anos-encabeza-la-resistencia-al-centralismo\/\" \/>\n<meta property=\"og:locale\" content=\"es_ES\" \/>\n<meta property=\"og:type\" content=\"article\" \/>\n<meta property=\"og:title\" content=\"Otra vez La Pampa, como hace treinta a\u00f1os, encabeza la resistencia al centralismo - Diario Textual\" \/>\n<meta property=\"og:description\" content=\"Por Norberto G. Asquini Por estos d\u00edas, mientras en muchas provincias el silencio o la sumisi\u00f3n marcan la relaci\u00f3n con el poder central, La Pampa volvi\u00f3 a levantar la voz.&hellip;\" \/>\n<meta property=\"og:url\" content=\"https:\/\/diariotextual.com\/inicio\/index.php\/2025\/06\/09\/otra-vez-la-pampa-como-hace-treinta-anos-encabeza-la-resistencia-al-centralismo\/\" \/>\n<meta property=\"og:site_name\" content=\"Diario Textual\" \/>\n<meta property=\"article:publisher\" content=\"https:\/\/www.facebook.com\/eltextual\" \/>\n<meta property=\"article:published_time\" content=\"2025-06-09T09:01:11+00:00\" \/>\n<meta property=\"article:modified_time\" content=\"2025-06-09T19:24:41+00:00\" \/>\n<meta property=\"og:image\" content=\"https:\/\/diariotextual.com\/inicio\/wp-content\/uploads\/2025\/06\/colegiosprofesionalesziliottosergiocolegiosprofesionales2025-7.jpg\" \/>\n\t<meta property=\"og:image:width\" content=\"1400\" \/>\n\t<meta property=\"og:image:height\" content=\"787\" \/>\n\t<meta property=\"og:image:type\" content=\"image\/jpeg\" \/>\n<meta name=\"author\" content=\"Diario1 Diario1\" \/>\n<meta name=\"twitter:card\" content=\"summary_large_image\" \/>\n<meta name=\"twitter:creator\" content=\"@eltextual\" \/>\n<meta name=\"twitter:site\" content=\"@eltextual\" \/>\n<meta name=\"twitter:label1\" content=\"Escrito por\" \/>\n\t<meta name=\"twitter:data1\" content=\"Diario1 Diario1\" \/>\n\t<meta name=\"twitter:label2\" content=\"Tiempo de lectura\" \/>\n\t<meta name=\"twitter:data2\" content=\"4 minutos\" \/>\n<script type=\"application\/ld+json\" class=\"yoast-schema-graph\">{\"@context\":\"https:\\\/\\\/schema.org\",\"@graph\":[{\"@type\":\"Article\",\"@id\":\"https:\\\/\\\/diariotextual.com\\\/inicio\\\/index.php\\\/2025\\\/06\\\/09\\\/otra-vez-la-pampa-como-hace-treinta-anos-encabeza-la-resistencia-al-centralismo\\\/#article\",\"isPartOf\":{\"@id\":\"https:\\\/\\\/diariotextual.com\\\/inicio\\\/index.php\\\/2025\\\/06\\\/09\\\/otra-vez-la-pampa-como-hace-treinta-anos-encabeza-la-resistencia-al-centralismo\\\/\"},\"author\":{\"name\":\"Diario1 Diario1\",\"@id\":\"https:\\\/\\\/diariotextual.com\\\/inicio\\\/#\\\/schema\\\/person\\\/418fc4093c33e86ed41562db3508f958\"},\"headline\":\"Otra vez La Pampa, como hace treinta a\u00f1os, encabeza la resistencia al centralismo\",\"datePublished\":\"2025-06-09T09:01:11+00:00\",\"dateModified\":\"2025-06-09T19:24:41+00:00\",\"mainEntityOfPage\":{\"@id\":\"https:\\\/\\\/diariotextual.com\\\/inicio\\\/index.php\\\/2025\\\/06\\\/09\\\/otra-vez-la-pampa-como-hace-treinta-anos-encabeza-la-resistencia-al-centralismo\\\/\"},\"wordCount\":726,\"publisher\":{\"@id\":\"https:\\\/\\\/diariotextual.com\\\/inicio\\\/#organization\"},\"image\":{\"@id\":\"https:\\\/\\\/diariotextual.com\\\/inicio\\\/index.php\\\/2025\\\/06\\\/09\\\/otra-vez-la-pampa-como-hace-treinta-anos-encabeza-la-resistencia-al-centralismo\\\/#primaryimage\"},\"thumbnailUrl\":\"https:\\\/\\\/diariotextual.com\\\/inicio\\\/wp-content\\\/uploads\\\/2025\\\/06\\\/colegiosprofesionalesziliottosergiocolegiosprofesionales2025-7.jpg\",\"articleSection\":[\"A - PORTADA2\",\"POLITICA\"],\"inLanguage\":\"es\"},{\"@type\":\"WebPage\",\"@id\":\"https:\\\/\\\/diariotextual.com\\\/inicio\\\/index.php\\\/2025\\\/06\\\/09\\\/otra-vez-la-pampa-como-hace-treinta-anos-encabeza-la-resistencia-al-centralismo\\\/\",\"url\":\"https:\\\/\\\/diariotextual.com\\\/inicio\\\/index.php\\\/2025\\\/06\\\/09\\\/otra-vez-la-pampa-como-hace-treinta-anos-encabeza-la-resistencia-al-centralismo\\\/\",\"name\":\"Otra vez La Pampa, como hace treinta a\u00f1os, encabeza la resistencia al centralismo - Diario Textual\",\"isPartOf\":{\"@id\":\"https:\\\/\\\/diariotextual.com\\\/inicio\\\/#website\"},\"primaryImageOfPage\":{\"@id\":\"https:\\\/\\\/diariotextual.com\\\/inicio\\\/index.php\\\/2025\\\/06\\\/09\\\/otra-vez-la-pampa-como-hace-treinta-anos-encabeza-la-resistencia-al-centralismo\\\/#primaryimage\"},\"image\":{\"@id\":\"https:\\\/\\\/diariotextual.com\\\/inicio\\\/index.php\\\/2025\\\/06\\\/09\\\/otra-vez-la-pampa-como-hace-treinta-anos-encabeza-la-resistencia-al-centralismo\\\/#primaryimage\"},\"thumbnailUrl\":\"https:\\\/\\\/diariotextual.com\\\/inicio\\\/wp-content\\\/uploads\\\/2025\\\/06\\\/colegiosprofesionalesziliottosergiocolegiosprofesionales2025-7.jpg\",\"datePublished\":\"2025-06-09T09:01:11+00:00\",\"dateModified\":\"2025-06-09T19:24:41+00:00\",\"breadcrumb\":{\"@id\":\"https:\\\/\\\/diariotextual.com\\\/inicio\\\/index.php\\\/2025\\\/06\\\/09\\\/otra-vez-la-pampa-como-hace-treinta-anos-encabeza-la-resistencia-al-centralismo\\\/#breadcrumb\"},\"inLanguage\":\"es\",\"potentialAction\":[{\"@type\":\"ReadAction\",\"target\":[\"https:\\\/\\\/diariotextual.com\\\/inicio\\\/index.php\\\/2025\\\/06\\\/09\\\/otra-vez-la-pampa-como-hace-treinta-anos-encabeza-la-resistencia-al-centralismo\\\/\"]}]},{\"@type\":\"ImageObject\",\"inLanguage\":\"es\",\"@id\":\"https:\\\/\\\/diariotextual.com\\\/inicio\\\/index.php\\\/2025\\\/06\\\/09\\\/otra-vez-la-pampa-como-hace-treinta-anos-encabeza-la-resistencia-al-centralismo\\\/#primaryimage\",\"url\":\"https:\\\/\\\/diariotextual.com\\\/inicio\\\/wp-content\\\/uploads\\\/2025\\\/06\\\/colegiosprofesionalesziliottosergiocolegiosprofesionales2025-7.jpg\",\"contentUrl\":\"https:\\\/\\\/diariotextual.com\\\/inicio\\\/wp-content\\\/uploads\\\/2025\\\/06\\\/colegiosprofesionalesziliottosergiocolegiosprofesionales2025-7.jpg\",\"width\":1400,\"height\":787},{\"@type\":\"BreadcrumbList\",\"@id\":\"https:\\\/\\\/diariotextual.com\\\/inicio\\\/index.php\\\/2025\\\/06\\\/09\\\/otra-vez-la-pampa-como-hace-treinta-anos-encabeza-la-resistencia-al-centralismo\\\/#breadcrumb\",\"itemListElement\":[{\"@type\":\"ListItem\",\"position\":1,\"name\":\"Portada\",\"item\":\"https:\\\/\\\/diariotextual.com\\\/inicio\\\/\"},{\"@type\":\"ListItem\",\"position\":2,\"name\":\"Otra vez La Pampa, como hace treinta a\u00f1os, encabeza la resistencia al centralismo\"}]},{\"@type\":\"WebSite\",\"@id\":\"https:\\\/\\\/diariotextual.com\\\/inicio\\\/#website\",\"url\":\"https:\\\/\\\/diariotextual.com\\\/inicio\\\/\",\"name\":\"Diario Textual\",\"description\":\"\",\"publisher\":{\"@id\":\"https:\\\/\\\/diariotextual.com\\\/inicio\\\/#organization\"},\"potentialAction\":[{\"@type\":\"SearchAction\",\"target\":{\"@type\":\"EntryPoint\",\"urlTemplate\":\"https:\\\/\\\/diariotextual.com\\\/inicio\\\/?s={search_term_string}\"},\"query-input\":{\"@type\":\"PropertyValueSpecification\",\"valueRequired\":true,\"valueName\":\"search_term_string\"}}],\"inLanguage\":\"es\"},{\"@type\":\"Organization\",\"@id\":\"https:\\\/\\\/diariotextual.com\\\/inicio\\\/#organization\",\"name\":\"Diario Textual\",\"url\":\"https:\\\/\\\/diariotextual.com\\\/inicio\\\/\",\"logo\":{\"@type\":\"ImageObject\",\"inLanguage\":\"es\",\"@id\":\"https:\\\/\\\/diariotextual.com\\\/inicio\\\/#\\\/schema\\\/logo\\\/image\\\/\",\"url\":\"https:\\\/\\\/diariotextual.com\\\/inicio\\\/wp-content\\\/uploads\\\/2023\\\/05\\\/logotextual1.jpg\",\"contentUrl\":\"https:\\\/\\\/diariotextual.com\\\/inicio\\\/wp-content\\\/uploads\\\/2023\\\/05\\\/logotextual1.jpg\",\"width\":516,\"height\":76,\"caption\":\"Diario Textual\"},\"image\":{\"@id\":\"https:\\\/\\\/diariotextual.com\\\/inicio\\\/#\\\/schema\\\/logo\\\/image\\\/\"},\"sameAs\":[\"https:\\\/\\\/www.facebook.com\\\/eltextual\",\"https:\\\/\\\/x.com\\\/eltextual\",\"http:\\\/\\\/www.instagram.com\\\/eltextual\"]},{\"@type\":\"Person\",\"@id\":\"https:\\\/\\\/diariotextual.com\\\/inicio\\\/#\\\/schema\\\/person\\\/418fc4093c33e86ed41562db3508f958\",\"name\":\"Diario1 Diario1\",\"image\":{\"@type\":\"ImageObject\",\"inLanguage\":\"es\",\"@id\":\"https:\\\/\\\/secure.gravatar.com\\\/avatar\\\/9167d280179c85bc18be67aa7eda765854300033af4896dd779b608640f2ef7a?s=96&d=mm&r=g\",\"url\":\"https:\\\/\\\/secure.gravatar.com\\\/avatar\\\/9167d280179c85bc18be67aa7eda765854300033af4896dd779b608640f2ef7a?s=96&d=mm&r=g\",\"contentUrl\":\"https:\\\/\\\/secure.gravatar.com\\\/avatar\\\/9167d280179c85bc18be67aa7eda765854300033af4896dd779b608640f2ef7a?s=96&d=mm&r=g\",\"caption\":\"Diario1 Diario1\"},\"url\":\"https:\\\/\\\/diariotextual.com\\\/inicio\\\/index.php\\\/author\\\/diario1\\\/\"}]}<\/script>\n<!-- \/ Yoast SEO plugin. -->","yoast_head_json":{"title":"Otra vez La Pampa, como hace treinta a\u00f1os, encabeza la resistencia al centralismo - Diario Textual","robots":{"index":"index","follow":"follow","max-snippet":"max-snippet:-1","max-image-preview":"max-image-preview:large","max-video-preview":"max-video-preview:-1"},"canonical":"https:\/\/diariotextual.com\/inicio\/index.php\/2025\/06\/09\/otra-vez-la-pampa-como-hace-treinta-anos-encabeza-la-resistencia-al-centralismo\/","og_locale":"es_ES","og_type":"article","og_title":"Otra vez La Pampa, como hace treinta a\u00f1os, encabeza la resistencia al centralismo - Diario Textual","og_description":"Por Norberto G. Asquini Por estos d\u00edas, mientras en muchas provincias el silencio o la sumisi\u00f3n marcan la relaci\u00f3n con el poder central, La Pampa volvi\u00f3 a levantar la voz.&hellip;","og_url":"https:\/\/diariotextual.com\/inicio\/index.php\/2025\/06\/09\/otra-vez-la-pampa-como-hace-treinta-anos-encabeza-la-resistencia-al-centralismo\/","og_site_name":"Diario Textual","article_publisher":"https:\/\/www.facebook.com\/eltextual","article_published_time":"2025-06-09T09:01:11+00:00","article_modified_time":"2025-06-09T19:24:41+00:00","og_image":[{"width":1400,"height":787,"url":"https:\/\/diariotextual.com\/inicio\/wp-content\/uploads\/2025\/06\/colegiosprofesionalesziliottosergiocolegiosprofesionales2025-7.jpg","type":"image\/jpeg"}],"author":"Diario1 Diario1","twitter_card":"summary_large_image","twitter_creator":"@eltextual","twitter_site":"@eltextual","twitter_misc":{"Escrito por":"Diario1 Diario1","Tiempo de lectura":"4 minutos"},"schema":{"@context":"https:\/\/schema.org","@graph":[{"@type":"Article","@id":"https:\/\/diariotextual.com\/inicio\/index.php\/2025\/06\/09\/otra-vez-la-pampa-como-hace-treinta-anos-encabeza-la-resistencia-al-centralismo\/#article","isPartOf":{"@id":"https:\/\/diariotextual.com\/inicio\/index.php\/2025\/06\/09\/otra-vez-la-pampa-como-hace-treinta-anos-encabeza-la-resistencia-al-centralismo\/"},"author":{"name":"Diario1 Diario1","@id":"https:\/\/diariotextual.com\/inicio\/#\/schema\/person\/418fc4093c33e86ed41562db3508f958"},"headline":"Otra vez La Pampa, como hace treinta a\u00f1os, encabeza la resistencia al centralismo","datePublished":"2025-06-09T09:01:11+00:00","dateModified":"2025-06-09T19:24:41+00:00","mainEntityOfPage":{"@id":"https:\/\/diariotextual.com\/inicio\/index.php\/2025\/06\/09\/otra-vez-la-pampa-como-hace-treinta-anos-encabeza-la-resistencia-al-centralismo\/"},"wordCount":726,"publisher":{"@id":"https:\/\/diariotextual.com\/inicio\/#organization"},"image":{"@id":"https:\/\/diariotextual.com\/inicio\/index.php\/2025\/06\/09\/otra-vez-la-pampa-como-hace-treinta-anos-encabeza-la-resistencia-al-centralismo\/#primaryimage"},"thumbnailUrl":"https:\/\/diariotextual.com\/inicio\/wp-content\/uploads\/2025\/06\/colegiosprofesionalesziliottosergiocolegiosprofesionales2025-7.jpg","articleSection":["A - PORTADA2","POLITICA"],"inLanguage":"es"},{"@type":"WebPage","@id":"https:\/\/diariotextual.com\/inicio\/index.php\/2025\/06\/09\/otra-vez-la-pampa-como-hace-treinta-anos-encabeza-la-resistencia-al-centralismo\/","url":"https:\/\/diariotextual.com\/inicio\/index.php\/2025\/06\/09\/otra-vez-la-pampa-como-hace-treinta-anos-encabeza-la-resistencia-al-centralismo\/","name":"Otra vez La Pampa, como hace treinta a\u00f1os, encabeza la resistencia al centralismo - Diario Textual","isPartOf":{"@id":"https:\/\/diariotextual.com\/inicio\/#website"},"primaryImageOfPage":{"@id":"https:\/\/diariotextual.com\/inicio\/index.php\/2025\/06\/09\/otra-vez-la-pampa-como-hace-treinta-anos-encabeza-la-resistencia-al-centralismo\/#primaryimage"},"image":{"@id":"https:\/\/diariotextual.com\/inicio\/index.php\/2025\/06\/09\/otra-vez-la-pampa-como-hace-treinta-anos-encabeza-la-resistencia-al-centralismo\/#primaryimage"},"thumbnailUrl":"https:\/\/diariotextual.com\/inicio\/wp-content\/uploads\/2025\/06\/colegiosprofesionalesziliottosergiocolegiosprofesionales2025-7.jpg","datePublished":"2025-06-09T09:01:11+00:00","dateModified":"2025-06-09T19:24:41+00:00","breadcrumb":{"@id":"https:\/\/diariotextual.com\/inicio\/index.php\/2025\/06\/09\/otra-vez-la-pampa-como-hace-treinta-anos-encabeza-la-resistencia-al-centralismo\/#breadcrumb"},"inLanguage":"es","potentialAction":[{"@type":"ReadAction","target":["https:\/\/diariotextual.com\/inicio\/index.php\/2025\/06\/09\/otra-vez-la-pampa-como-hace-treinta-anos-encabeza-la-resistencia-al-centralismo\/"]}]},{"@type":"ImageObject","inLanguage":"es","@id":"https:\/\/diariotextual.com\/inicio\/index.php\/2025\/06\/09\/otra-vez-la-pampa-como-hace-treinta-anos-encabeza-la-resistencia-al-centralismo\/#primaryimage","url":"https:\/\/diariotextual.com\/inicio\/wp-content\/uploads\/2025\/06\/colegiosprofesionalesziliottosergiocolegiosprofesionales2025-7.jpg","contentUrl":"https:\/\/diariotextual.com\/inicio\/wp-content\/uploads\/2025\/06\/colegiosprofesionalesziliottosergiocolegiosprofesionales2025-7.jpg","width":1400,"height":787},{"@type":"BreadcrumbList","@id":"https:\/\/diariotextual.com\/inicio\/index.php\/2025\/06\/09\/otra-vez-la-pampa-como-hace-treinta-anos-encabeza-la-resistencia-al-centralismo\/#breadcrumb","itemListElement":[{"@type":"ListItem","position":1,"name":"Portada","item":"https:\/\/diariotextual.com\/inicio\/"},{"@type":"ListItem","position":2,"name":"Otra vez La Pampa, como hace treinta a\u00f1os, encabeza la resistencia al centralismo"}]},{"@type":"WebSite","@id":"https:\/\/diariotextual.com\/inicio\/#website","url":"https:\/\/diariotextual.com\/inicio\/","name":"Diario Textual","description":"","publisher":{"@id":"https:\/\/diariotextual.com\/inicio\/#organization"},"potentialAction":[{"@type":"SearchAction","target":{"@type":"EntryPoint","urlTemplate":"https:\/\/diariotextual.com\/inicio\/?s={search_term_string}"},"query-input":{"@type":"PropertyValueSpecification","valueRequired":true,"valueName":"search_term_string"}}],"inLanguage":"es"},{"@type":"Organization","@id":"https:\/\/diariotextual.com\/inicio\/#organization","name":"Diario Textual","url":"https:\/\/diariotextual.com\/inicio\/","logo":{"@type":"ImageObject","inLanguage":"es","@id":"https:\/\/diariotextual.com\/inicio\/#\/schema\/logo\/image\/","url":"https:\/\/diariotextual.com\/inicio\/wp-content\/uploads\/2023\/05\/logotextual1.jpg","contentUrl":"https:\/\/diariotextual.com\/inicio\/wp-content\/uploads\/2023\/05\/logotextual1.jpg","width":516,"height":76,"caption":"Diario Textual"},"image":{"@id":"https:\/\/diariotextual.com\/inicio\/#\/schema\/logo\/image\/"},"sameAs":["https:\/\/www.facebook.com\/eltextual","https:\/\/x.com\/eltextual","http:\/\/www.instagram.com\/eltextual"]},{"@type":"Person","@id":"https:\/\/diariotextual.com\/inicio\/#\/schema\/person\/418fc4093c33e86ed41562db3508f958","name":"Diario1 Diario1","image":{"@type":"ImageObject","inLanguage":"es","@id":"https:\/\/secure.gravatar.com\/avatar\/9167d280179c85bc18be67aa7eda765854300033af4896dd779b608640f2ef7a?s=96&d=mm&r=g","url":"https:\/\/secure.gravatar.com\/avatar\/9167d280179c85bc18be67aa7eda765854300033af4896dd779b608640f2ef7a?s=96&d=mm&r=g","contentUrl":"https:\/\/secure.gravatar.com\/avatar\/9167d280179c85bc18be67aa7eda765854300033af4896dd779b608640f2ef7a?s=96&d=mm&r=g","caption":"Diario1 Diario1"},"url":"https:\/\/diariotextual.com\/inicio\/index.php\/author\/diario1\/"}]}},"_links":{"self":[{"href":"https:\/\/diariotextual.com\/inicio\/index.php\/wp-json\/wp\/v2\/posts\/298376","targetHints":{"allow":["GET"]}}],"collection":[{"href":"https:\/\/diariotextual.com\/inicio\/index.php\/wp-json\/wp\/v2\/posts"}],"about":[{"href":"https:\/\/diariotextual.com\/inicio\/index.php\/wp-json\/wp\/v2\/types\/post"}],"author":[{"embeddable":true,"href":"https:\/\/diariotextual.com\/inicio\/index.php\/wp-json\/wp\/v2\/users\/3"}],"replies":[{"embeddable":true,"href":"https:\/\/diariotextual.com\/inicio\/index.php\/wp-json\/wp\/v2\/comments?post=298376"}],"version-history":[{"count":6,"href":"https:\/\/diariotextual.com\/inicio\/index.php\/wp-json\/wp\/v2\/posts\/298376\/revisions"}],"predecessor-version":[{"id":298384,"href":"https:\/\/diariotextual.com\/inicio\/index.php\/wp-json\/wp\/v2\/posts\/298376\/revisions\/298384"}],"wp:featuredmedia":[{"embeddable":true,"href":"https:\/\/diariotextual.com\/inicio\/index.php\/wp-json\/wp\/v2\/media\/298044"}],"wp:attachment":[{"href":"https:\/\/diariotextual.com\/inicio\/index.php\/wp-json\/wp\/v2\/media?parent=298376"}],"wp:term":[{"taxonomy":"category","embeddable":true,"href":"https:\/\/diariotextual.com\/inicio\/index.php\/wp-json\/wp\/v2\/categories?post=298376"},{"taxonomy":"post_tag","embeddable":true,"href":"https:\/\/diariotextual.com\/inicio\/index.php\/wp-json\/wp\/v2\/tags?post=298376"}],"curies":[{"name":"wp","href":"https:\/\/api.w.org\/{rel}","templated":true}]}}