{"id":298469,"date":"2025-06-10T06:37:10","date_gmt":"2025-06-10T09:37:10","guid":{"rendered":"https:\/\/diariotextual.com\/inicio\/?p=298469"},"modified":"2025-06-10T09:19:14","modified_gmt":"2025-06-10T12:19:14","slug":"con-messi-de-arranque-la-seleccion-argentina-recibe-a-colombia-en-el-monumental","status":"publish","type":"post","link":"https:\/\/diariotextual.com\/inicio\/index.php\/2025\/06\/10\/con-messi-de-arranque-la-seleccion-argentina-recibe-a-colombia-en-el-monumental\/","title":{"rendered":"Con Messi de arranque, la Selecci\u00f3n argentina recibe a Colombia en el Monumental"},"content":{"rendered":"\n<p>La ya clasificada Selecci\u00f3n argentina recibir\u00e1 a su par de Colombia, necesitado de un triunfo para sellar su pasaje al Mundial, este martes en el marco de la fecha 16 de las Eliminatorias Sudamericanas rumbo a la Copa del Mundo de Estados Unidos, M\u00e9xico y Canad\u00e1 2026.<\/p>\n\n\n\n<p>El encuentro se disputar\u00e1 en el estadio Monumental de N\u00fa\u00f1ez, desde las 21 horas, con el arbitraje del paraguayo Juan Gabriel Ben\u00edtez mientras que en el VAR estar\u00e1 su compatriota Derlis L\u00f3pez. La transmisi\u00f3n estar\u00e1 a cargo de la se\u00f1al deportiva TyC Sports y de Telefe.<\/p>\n\n\n\n<p>El equipo dirigido por Lionel Scaloni viene de vencer 1-0 a su par de Chile, en condici\u00f3n de visitante el pasado jueves, en el marco de la fecha 15 de estas clasificatorias. Con este triunfo gracias al gol de Juli\u00e1n \u00c1lvarez, los vigentes campeones del mundo dejaron al borde de la eliminaci\u00f3n a los trasandinos y se consagraron como los ganadores del certamen con diez puntos de diferencia sobre su escolta Ecuador.<\/p>\n\n\n\n<p>En esta victoria en Santiago de Chile, el lateral izquierdo Nicol\u00e1s Tagliafico fue amonestado y, por ello, no podr\u00e1 estar presente ante Colombia. Esta ser\u00eda la \u00fanica modificaci\u00f3n obligatoria que deber\u00e1 hacer el entrenador que planea reemplazar al ex Independiente con Valent\u00edn Barco, el joven jugador del Racing Club de Estrasburgo de Francia, o Facundo Medina que se despidi\u00f3 hace algunas semanas del Racing Club de Lens, tambi\u00e9n de Francia.<\/p>\n\n\n\n<p>M\u00e1s all\u00e1 de la suspensi\u00f3n de Tagliafico, todo indica que Scaloni volver\u00e1 a darle lugar a la mayor\u00eda de jugadores de su once gala. En primer lugar, Nicol\u00e1s Otamendi volver\u00e1 de la sanci\u00f3n por acumulaci\u00f3n de tarjetas amarillas y reemplazar\u00eda a Leonardo Balerdi como acompa\u00f1ante de Cristi\u00e1n Romero en la zaga central.<\/p>\n\n\n\n<p>Al igual que Otamendi, Leandro Paredes y Enzo Fern\u00e1ndez no estuvieron presentes en Chile debido a ser sancionados por acumulaci\u00f3n de tarjetas amarillas. Estos dos volver\u00e1n al once titular reemplazando a Nicol\u00e1s Paz y a Exequiel Palacios como acompa\u00f1antes de Rodrigo de Paul en el mediocampo.<\/p>\n\n\n\n<p>En el tridente ofensivo, el astro y capit\u00e1n Lionel Messi volver\u00e1 a ser de la partida en lugar de Giuliano Simeone pero la inc\u00f3gnita est\u00e1 en el reemplazo de Thiago Almada ya que la idea de Scaloni era que sea Lautaro Mart\u00ednez pero, a sabiendas de que no est\u00e1 al cien f\u00edsicamente, Nicol\u00e1s Gonz\u00e1lez podr\u00eda ocupar el lugar del ex V\u00e9lez. El \u00fanico que repite titularidad es Juli\u00e1n \u00c1lvarez como centrodelantero.<\/p>\n\n\n\n<p>Por su parte, la Selecci\u00f3n de Colombia viene de empatar 0-0 con su par de Per\u00fa, el pasado viernes en Barranquilla, por la fecha 16 de estas Eliminatorias Sudamericanas. El conjunto del argentino N\u00e9stor Lorenzo se mantiene en el sexto lugar con 21 puntos, dentro de los moment\u00e1neos clasificados al Mundial, pero una victoria de Venezuela ante Uruguay pondr\u00eda en jaque dicho puesto.<\/p>\n\n\n\n<p>El combinado cafetero est\u00e1 viviendo momentos turbulentos tras el abandono de la concentraci\u00f3n de Jhon Jader Dur\u00e1n, figura del equipo colombiano, por una recidiva del dolor lumbar aunque los rumores indican peleas con sus compa\u00f1eros y con el cuerpo t\u00e9cnico.<\/p>\n\n\n\n<p>Con la salida de Dur\u00e1n como centrodelantero titular, el entrenador argentino lo reemplazar\u00e1 con el ingreso de Luis Su\u00e1rez. En el mediocampo, Luis D\u00edaz volver\u00e1 de la sanci\u00f3n por acumulaci\u00f3n de tarjetas amarillas y ocupar\u00e1 el lugar de Juan Camilo Hern\u00e1ndez mientras que Richard Rios reemplazar\u00e1 al jugador de River, Kevin Casta\u00f1o, como volante central.<\/p>\n\n\n\n<div style=\"height:100px\" aria-hidden=\"true\" class=\"wp-block-spacer\"><\/div>\n\n\n\n<p><strong>Probables formaciones<\/strong><br>Argentina: Emiliano Mart\u00ednez; Nahuel Molina, Cristian Romero, Nicol\u00e1s Otamendi, Valent\u00edn Barco o Facundo Medina; Rodrigo De Paul, Leandro Paredes, Enzo Fern\u00e1ndez; Lionel Messi, Juli\u00e1n \u00c1lvarez y Lautaro Mart\u00ednez o Nicol\u00e1s Gonz\u00e1lez. DT: Lionel Scaloni.<\/p>\n\n\n\n<p>Colombia: Kevin Mier; Daniel Mu\u00f1oz, Yerry Mina, D\u00e1vinson S\u00e1nchez y Cristian Borja; Richard R\u00edos o Kevin Casta\u00f1o, Jefferson Lerma; John Arias, James Rodr\u00edguez, Luis D\u00edaz; Luis Su\u00e1rez. DT: N\u00e9stor Lorenzo.<\/p>\n\n\n\n<p>Estadio: Monumental, Capital Federal<\/p>\n\n\n\n<p>\u00c1rbitro: Juan Gabriel Ben\u00edtez (Paraguay)<\/p>\n\n\n\n<p>VAR: Derlis L\u00f3pez (Paraguay)<\/p>\n\n\n\n<p>Horario: 21.00<\/p>\n\n\n\n<p>TV: TyC Sports\/Telefe.<\/p>\n\n\n\n<div style=\"height:100px\" aria-hidden=\"true\" class=\"wp-block-spacer\"><\/div>\n\n\n\n<p><em>Fuente: NA<\/em><\/p>\n\n\n\n<p><\/p>\n\n\n\n<p><\/p>\n","protected":false},"excerpt":{"rendered":"<p>La ya clasificada Selecci\u00f3n argentina recibir\u00e1 a su par de Colombia, necesitado de un triunfo para sellar su pasaje al Mundial, este martes en el marco de la fecha 16&hellip;<\/p>\n","protected":false},"author":3,"featured_media":210724,"comment_status":"closed","ping_status":"open","sticky":false,"template":"","format":"standard","meta":{"_acf_changed":false,"footnotes":""},"categories":[1,3],"tags":[],"class_list":["post-298469","post","type-post","status-publish","format-standard","has-post-thumbnail","hentry","category-es-noticia","category-deportes"],"acf":[],"yoast_head":"<!-- This site is optimized with the Yoast SEO plugin v27.5 - https:\/\/yoast.com\/product\/yoast-seo-wordpress\/ -->\n<title>Con Messi de arranque, la Selecci\u00f3n argentina recibe a Colombia en el Monumental - Diario Textual<\/title>\n<meta name=\"robots\" content=\"index, follow, max-snippet:-1, max-image-preview:large, max-video-preview:-1\" \/>\n<link rel=\"canonical\" href=\"https:\/\/diariotextual.com\/inicio\/index.php\/2025\/06\/10\/con-messi-de-arranque-la-seleccion-argentina-recibe-a-colombia-en-el-monumental\/\" \/>\n<meta property=\"og:locale\" content=\"es_ES\" \/>\n<meta property=\"og:type\" content=\"article\" \/>\n<meta property=\"og:title\" content=\"Con Messi de arranque, la Selecci\u00f3n argentina recibe a Colombia en el Monumental - Diario Textual\" \/>\n<meta property=\"og:description\" content=\"La ya clasificada Selecci\u00f3n argentina recibir\u00e1 a su par de Colombia, necesitado de un triunfo para sellar su pasaje al Mundial, este martes en el marco de la fecha 16&hellip;\" \/>\n<meta property=\"og:url\" content=\"https:\/\/diariotextual.com\/inicio\/index.php\/2025\/06\/10\/con-messi-de-arranque-la-seleccion-argentina-recibe-a-colombia-en-el-monumental\/\" \/>\n<meta property=\"og:site_name\" content=\"Diario Textual\" \/>\n<meta property=\"article:publisher\" content=\"https:\/\/www.facebook.com\/eltextual\" \/>\n<meta property=\"article:published_time\" content=\"2025-06-10T09:37:10+00:00\" \/>\n<meta property=\"article:modified_time\" content=\"2025-06-10T12:19:14+00:00\" \/>\n<meta property=\"og:image\" content=\"https:\/\/diariotextual.com\/inicio\/wp-content\/uploads\/2022\/12\/messileolionelseleccionargentinafinalmundial2022-09.jpeg\" \/>\n\t<meta property=\"og:image:width\" content=\"1111\" \/>\n\t<meta property=\"og:image:height\" content=\"740\" \/>\n\t<meta property=\"og:image:type\" content=\"image\/jpeg\" \/>\n<meta name=\"author\" content=\"Diario1 Diario1\" \/>\n<meta name=\"twitter:card\" content=\"summary_large_image\" \/>\n<meta name=\"twitter:creator\" content=\"@eltextual\" \/>\n<meta name=\"twitter:site\" content=\"@eltextual\" \/>\n<meta name=\"twitter:label1\" content=\"Escrito por\" \/>\n\t<meta name=\"twitter:data1\" content=\"Diario1 Diario1\" \/>\n\t<meta name=\"twitter:label2\" content=\"Tiempo de lectura\" \/>\n\t<meta name=\"twitter:data2\" content=\"4 minutos\" \/>\n<script type=\"application\/ld+json\" class=\"yoast-schema-graph\">{\"@context\":\"https:\\\/\\\/schema.org\",\"@graph\":[{\"@type\":\"Article\",\"@id\":\"https:\\\/\\\/diariotextual.com\\\/inicio\\\/index.php\\\/2025\\\/06\\\/10\\\/con-messi-de-arranque-la-seleccion-argentina-recibe-a-colombia-en-el-monumental\\\/#article\",\"isPartOf\":{\"@id\":\"https:\\\/\\\/diariotextual.com\\\/inicio\\\/index.php\\\/2025\\\/06\\\/10\\\/con-messi-de-arranque-la-seleccion-argentina-recibe-a-colombia-en-el-monumental\\\/\"},\"author\":{\"name\":\"Diario1 Diario1\",\"@id\":\"https:\\\/\\\/diariotextual.com\\\/inicio\\\/#\\\/schema\\\/person\\\/418fc4093c33e86ed41562db3508f958\"},\"headline\":\"Con Messi de arranque, la Selecci\u00f3n argentina recibe a Colombia en el Monumental\",\"datePublished\":\"2025-06-10T09:37:10+00:00\",\"dateModified\":\"2025-06-10T12:19:14+00:00\",\"mainEntityOfPage\":{\"@id\":\"https:\\\/\\\/diariotextual.com\\\/inicio\\\/index.php\\\/2025\\\/06\\\/10\\\/con-messi-de-arranque-la-seleccion-argentina-recibe-a-colombia-en-el-monumental\\\/\"},\"wordCount\":728,\"publisher\":{\"@id\":\"https:\\\/\\\/diariotextual.com\\\/inicio\\\/#organization\"},\"image\":{\"@id\":\"https:\\\/\\\/diariotextual.com\\\/inicio\\\/index.php\\\/2025\\\/06\\\/10\\\/con-messi-de-arranque-la-seleccion-argentina-recibe-a-colombia-en-el-monumental\\\/#primaryimage\"},\"thumbnailUrl\":\"https:\\\/\\\/diariotextual.com\\\/inicio\\\/wp-content\\\/uploads\\\/2022\\\/12\\\/messileolionelseleccionargentinafinalmundial2022-09.jpeg\",\"articleSection\":[\"A - ES NOTICIA (van abajo)\",\"DEPORTES\"],\"inLanguage\":\"es\"},{\"@type\":\"WebPage\",\"@id\":\"https:\\\/\\\/diariotextual.com\\\/inicio\\\/index.php\\\/2025\\\/06\\\/10\\\/con-messi-de-arranque-la-seleccion-argentina-recibe-a-colombia-en-el-monumental\\\/\",\"url\":\"https:\\\/\\\/diariotextual.com\\\/inicio\\\/index.php\\\/2025\\\/06\\\/10\\\/con-messi-de-arranque-la-seleccion-argentina-recibe-a-colombia-en-el-monumental\\\/\",\"name\":\"Con Messi de arranque, la Selecci\u00f3n argentina recibe a Colombia en el Monumental - Diario Textual\",\"isPartOf\":{\"@id\":\"https:\\\/\\\/diariotextual.com\\\/inicio\\\/#website\"},\"primaryImageOfPage\":{\"@id\":\"https:\\\/\\\/diariotextual.com\\\/inicio\\\/index.php\\\/2025\\\/06\\\/10\\\/con-messi-de-arranque-la-seleccion-argentina-recibe-a-colombia-en-el-monumental\\\/#primaryimage\"},\"image\":{\"@id\":\"https:\\\/\\\/diariotextual.com\\\/inicio\\\/index.php\\\/2025\\\/06\\\/10\\\/con-messi-de-arranque-la-seleccion-argentina-recibe-a-colombia-en-el-monumental\\\/#primaryimage\"},\"thumbnailUrl\":\"https:\\\/\\\/diariotextual.com\\\/inicio\\\/wp-content\\\/uploads\\\/2022\\\/12\\\/messileolionelseleccionargentinafinalmundial2022-09.jpeg\",\"datePublished\":\"2025-06-10T09:37:10+00:00\",\"dateModified\":\"2025-06-10T12:19:14+00:00\",\"breadcrumb\":{\"@id\":\"https:\\\/\\\/diariotextual.com\\\/inicio\\\/index.php\\\/2025\\\/06\\\/10\\\/con-messi-de-arranque-la-seleccion-argentina-recibe-a-colombia-en-el-monumental\\\/#breadcrumb\"},\"inLanguage\":\"es\",\"potentialAction\":[{\"@type\":\"ReadAction\",\"target\":[\"https:\\\/\\\/diariotextual.com\\\/inicio\\\/index.php\\\/2025\\\/06\\\/10\\\/con-messi-de-arranque-la-seleccion-argentina-recibe-a-colombia-en-el-monumental\\\/\"]}]},{\"@type\":\"ImageObject\",\"inLanguage\":\"es\",\"@id\":\"https:\\\/\\\/diariotextual.com\\\/inicio\\\/index.php\\\/2025\\\/06\\\/10\\\/con-messi-de-arranque-la-seleccion-argentina-recibe-a-colombia-en-el-monumental\\\/#primaryimage\",\"url\":\"https:\\\/\\\/diariotextual.com\\\/inicio\\\/wp-content\\\/uploads\\\/2022\\\/12\\\/messileolionelseleccionargentinafinalmundial2022-09.jpeg\",\"contentUrl\":\"https:\\\/\\\/diariotextual.com\\\/inicio\\\/wp-content\\\/uploads\\\/2022\\\/12\\\/messileolionelseleccionargentinafinalmundial2022-09.jpeg\",\"width\":1111,\"height\":740},{\"@type\":\"BreadcrumbList\",\"@id\":\"https:\\\/\\\/diariotextual.com\\\/inicio\\\/index.php\\\/2025\\\/06\\\/10\\\/con-messi-de-arranque-la-seleccion-argentina-recibe-a-colombia-en-el-monumental\\\/#breadcrumb\",\"itemListElement\":[{\"@type\":\"ListItem\",\"position\":1,\"name\":\"Portada\",\"item\":\"https:\\\/\\\/diariotextual.com\\\/inicio\\\/\"},{\"@type\":\"ListItem\",\"position\":2,\"name\":\"Con Messi de arranque, la Selecci\u00f3n argentina recibe a Colombia en el Monumental\"}]},{\"@type\":\"WebSite\",\"@id\":\"https:\\\/\\\/diariotextual.com\\\/inicio\\\/#website\",\"url\":\"https:\\\/\\\/diariotextual.com\\\/inicio\\\/\",\"name\":\"Diario Textual\",\"description\":\"\",\"publisher\":{\"@id\":\"https:\\\/\\\/diariotextual.com\\\/inicio\\\/#organization\"},\"potentialAction\":[{\"@type\":\"SearchAction\",\"target\":{\"@type\":\"EntryPoint\",\"urlTemplate\":\"https:\\\/\\\/diariotextual.com\\\/inicio\\\/?s={search_term_string}\"},\"query-input\":{\"@type\":\"PropertyValueSpecification\",\"valueRequired\":true,\"valueName\":\"search_term_string\"}}],\"inLanguage\":\"es\"},{\"@type\":\"Organization\",\"@id\":\"https:\\\/\\\/diariotextual.com\\\/inicio\\\/#organization\",\"name\":\"Diario Textual\",\"url\":\"https:\\\/\\\/diariotextual.com\\\/inicio\\\/\",\"logo\":{\"@type\":\"ImageObject\",\"inLanguage\":\"es\",\"@id\":\"https:\\\/\\\/diariotextual.com\\\/inicio\\\/#\\\/schema\\\/logo\\\/image\\\/\",\"url\":\"https:\\\/\\\/diariotextual.com\\\/inicio\\\/wp-content\\\/uploads\\\/2023\\\/05\\\/logotextual1.jpg\",\"contentUrl\":\"https:\\\/\\\/diariotextual.com\\\/inicio\\\/wp-content\\\/uploads\\\/2023\\\/05\\\/logotextual1.jpg\",\"width\":516,\"height\":76,\"caption\":\"Diario Textual\"},\"image\":{\"@id\":\"https:\\\/\\\/diariotextual.com\\\/inicio\\\/#\\\/schema\\\/logo\\\/image\\\/\"},\"sameAs\":[\"https:\\\/\\\/www.facebook.com\\\/eltextual\",\"https:\\\/\\\/x.com\\\/eltextual\",\"http:\\\/\\\/www.instagram.com\\\/eltextual\"]},{\"@type\":\"Person\",\"@id\":\"https:\\\/\\\/diariotextual.com\\\/inicio\\\/#\\\/schema\\\/person\\\/418fc4093c33e86ed41562db3508f958\",\"name\":\"Diario1 Diario1\",\"image\":{\"@type\":\"ImageObject\",\"inLanguage\":\"es\",\"@id\":\"https:\\\/\\\/secure.gravatar.com\\\/avatar\\\/9167d280179c85bc18be67aa7eda765854300033af4896dd779b608640f2ef7a?s=96&d=mm&r=g\",\"url\":\"https:\\\/\\\/secure.gravatar.com\\\/avatar\\\/9167d280179c85bc18be67aa7eda765854300033af4896dd779b608640f2ef7a?s=96&d=mm&r=g\",\"contentUrl\":\"https:\\\/\\\/secure.gravatar.com\\\/avatar\\\/9167d280179c85bc18be67aa7eda765854300033af4896dd779b608640f2ef7a?s=96&d=mm&r=g\",\"caption\":\"Diario1 Diario1\"},\"url\":\"https:\\\/\\\/diariotextual.com\\\/inicio\\\/index.php\\\/author\\\/diario1\\\/\"}]}<\/script>\n<!-- \/ Yoast SEO plugin. -->","yoast_head_json":{"title":"Con Messi de arranque, la Selecci\u00f3n argentina recibe a Colombia en el Monumental - Diario Textual","robots":{"index":"index","follow":"follow","max-snippet":"max-snippet:-1","max-image-preview":"max-image-preview:large","max-video-preview":"max-video-preview:-1"},"canonical":"https:\/\/diariotextual.com\/inicio\/index.php\/2025\/06\/10\/con-messi-de-arranque-la-seleccion-argentina-recibe-a-colombia-en-el-monumental\/","og_locale":"es_ES","og_type":"article","og_title":"Con Messi de arranque, la Selecci\u00f3n argentina recibe a Colombia en el Monumental - Diario Textual","og_description":"La ya clasificada Selecci\u00f3n argentina recibir\u00e1 a su par de Colombia, necesitado de un triunfo para sellar su pasaje al Mundial, este martes en el marco de la fecha 16&hellip;","og_url":"https:\/\/diariotextual.com\/inicio\/index.php\/2025\/06\/10\/con-messi-de-arranque-la-seleccion-argentina-recibe-a-colombia-en-el-monumental\/","og_site_name":"Diario Textual","article_publisher":"https:\/\/www.facebook.com\/eltextual","article_published_time":"2025-06-10T09:37:10+00:00","article_modified_time":"2025-06-10T12:19:14+00:00","og_image":[{"width":1111,"height":740,"url":"https:\/\/diariotextual.com\/inicio\/wp-content\/uploads\/2022\/12\/messileolionelseleccionargentinafinalmundial2022-09.jpeg","type":"image\/jpeg"}],"author":"Diario1 Diario1","twitter_card":"summary_large_image","twitter_creator":"@eltextual","twitter_site":"@eltextual","twitter_misc":{"Escrito por":"Diario1 Diario1","Tiempo de lectura":"4 minutos"},"schema":{"@context":"https:\/\/schema.org","@graph":[{"@type":"Article","@id":"https:\/\/diariotextual.com\/inicio\/index.php\/2025\/06\/10\/con-messi-de-arranque-la-seleccion-argentina-recibe-a-colombia-en-el-monumental\/#article","isPartOf":{"@id":"https:\/\/diariotextual.com\/inicio\/index.php\/2025\/06\/10\/con-messi-de-arranque-la-seleccion-argentina-recibe-a-colombia-en-el-monumental\/"},"author":{"name":"Diario1 Diario1","@id":"https:\/\/diariotextual.com\/inicio\/#\/schema\/person\/418fc4093c33e86ed41562db3508f958"},"headline":"Con Messi de arranque, la Selecci\u00f3n argentina recibe a Colombia en el Monumental","datePublished":"2025-06-10T09:37:10+00:00","dateModified":"2025-06-10T12:19:14+00:00","mainEntityOfPage":{"@id":"https:\/\/diariotextual.com\/inicio\/index.php\/2025\/06\/10\/con-messi-de-arranque-la-seleccion-argentina-recibe-a-colombia-en-el-monumental\/"},"wordCount":728,"publisher":{"@id":"https:\/\/diariotextual.com\/inicio\/#organization"},"image":{"@id":"https:\/\/diariotextual.com\/inicio\/index.php\/2025\/06\/10\/con-messi-de-arranque-la-seleccion-argentina-recibe-a-colombia-en-el-monumental\/#primaryimage"},"thumbnailUrl":"https:\/\/diariotextual.com\/inicio\/wp-content\/uploads\/2022\/12\/messileolionelseleccionargentinafinalmundial2022-09.jpeg","articleSection":["A - ES NOTICIA (van abajo)","DEPORTES"],"inLanguage":"es"},{"@type":"WebPage","@id":"https:\/\/diariotextual.com\/inicio\/index.php\/2025\/06\/10\/con-messi-de-arranque-la-seleccion-argentina-recibe-a-colombia-en-el-monumental\/","url":"https:\/\/diariotextual.com\/inicio\/index.php\/2025\/06\/10\/con-messi-de-arranque-la-seleccion-argentina-recibe-a-colombia-en-el-monumental\/","name":"Con Messi de arranque, la Selecci\u00f3n argentina recibe a Colombia en el Monumental - Diario Textual","isPartOf":{"@id":"https:\/\/diariotextual.com\/inicio\/#website"},"primaryImageOfPage":{"@id":"https:\/\/diariotextual.com\/inicio\/index.php\/2025\/06\/10\/con-messi-de-arranque-la-seleccion-argentina-recibe-a-colombia-en-el-monumental\/#primaryimage"},"image":{"@id":"https:\/\/diariotextual.com\/inicio\/index.php\/2025\/06\/10\/con-messi-de-arranque-la-seleccion-argentina-recibe-a-colombia-en-el-monumental\/#primaryimage"},"thumbnailUrl":"https:\/\/diariotextual.com\/inicio\/wp-content\/uploads\/2022\/12\/messileolionelseleccionargentinafinalmundial2022-09.jpeg","datePublished":"2025-06-10T09:37:10+00:00","dateModified":"2025-06-10T12:19:14+00:00","breadcrumb":{"@id":"https:\/\/diariotextual.com\/inicio\/index.php\/2025\/06\/10\/con-messi-de-arranque-la-seleccion-argentina-recibe-a-colombia-en-el-monumental\/#breadcrumb"},"inLanguage":"es","potentialAction":[{"@type":"ReadAction","target":["https:\/\/diariotextual.com\/inicio\/index.php\/2025\/06\/10\/con-messi-de-arranque-la-seleccion-argentina-recibe-a-colombia-en-el-monumental\/"]}]},{"@type":"ImageObject","inLanguage":"es","@id":"https:\/\/diariotextual.com\/inicio\/index.php\/2025\/06\/10\/con-messi-de-arranque-la-seleccion-argentina-recibe-a-colombia-en-el-monumental\/#primaryimage","url":"https:\/\/diariotextual.com\/inicio\/wp-content\/uploads\/2022\/12\/messileolionelseleccionargentinafinalmundial2022-09.jpeg","contentUrl":"https:\/\/diariotextual.com\/inicio\/wp-content\/uploads\/2022\/12\/messileolionelseleccionargentinafinalmundial2022-09.jpeg","width":1111,"height":740},{"@type":"BreadcrumbList","@id":"https:\/\/diariotextual.com\/inicio\/index.php\/2025\/06\/10\/con-messi-de-arranque-la-seleccion-argentina-recibe-a-colombia-en-el-monumental\/#breadcrumb","itemListElement":[{"@type":"ListItem","position":1,"name":"Portada","item":"https:\/\/diariotextual.com\/inicio\/"},{"@type":"ListItem","position":2,"name":"Con Messi de arranque, la Selecci\u00f3n argentina recibe a Colombia en el Monumental"}]},{"@type":"WebSite","@id":"https:\/\/diariotextual.com\/inicio\/#website","url":"https:\/\/diariotextual.com\/inicio\/","name":"Diario Textual","description":"","publisher":{"@id":"https:\/\/diariotextual.com\/inicio\/#organization"},"potentialAction":[{"@type":"SearchAction","target":{"@type":"EntryPoint","urlTemplate":"https:\/\/diariotextual.com\/inicio\/?s={search_term_string}"},"query-input":{"@type":"PropertyValueSpecification","valueRequired":true,"valueName":"search_term_string"}}],"inLanguage":"es"},{"@type":"Organization","@id":"https:\/\/diariotextual.com\/inicio\/#organization","name":"Diario Textual","url":"https:\/\/diariotextual.com\/inicio\/","logo":{"@type":"ImageObject","inLanguage":"es","@id":"https:\/\/diariotextual.com\/inicio\/#\/schema\/logo\/image\/","url":"https:\/\/diariotextual.com\/inicio\/wp-content\/uploads\/2023\/05\/logotextual1.jpg","contentUrl":"https:\/\/diariotextual.com\/inicio\/wp-content\/uploads\/2023\/05\/logotextual1.jpg","width":516,"height":76,"caption":"Diario Textual"},"image":{"@id":"https:\/\/diariotextual.com\/inicio\/#\/schema\/logo\/image\/"},"sameAs":["https:\/\/www.facebook.com\/eltextual","https:\/\/x.com\/eltextual","http:\/\/www.instagram.com\/eltextual"]},{"@type":"Person","@id":"https:\/\/diariotextual.com\/inicio\/#\/schema\/person\/418fc4093c33e86ed41562db3508f958","name":"Diario1 Diario1","image":{"@type":"ImageObject","inLanguage":"es","@id":"https:\/\/secure.gravatar.com\/avatar\/9167d280179c85bc18be67aa7eda765854300033af4896dd779b608640f2ef7a?s=96&d=mm&r=g","url":"https:\/\/secure.gravatar.com\/avatar\/9167d280179c85bc18be67aa7eda765854300033af4896dd779b608640f2ef7a?s=96&d=mm&r=g","contentUrl":"https:\/\/secure.gravatar.com\/avatar\/9167d280179c85bc18be67aa7eda765854300033af4896dd779b608640f2ef7a?s=96&d=mm&r=g","caption":"Diario1 Diario1"},"url":"https:\/\/diariotextual.com\/inicio\/index.php\/author\/diario1\/"}]}},"_links":{"self":[{"href":"https:\/\/diariotextual.com\/inicio\/index.php\/wp-json\/wp\/v2\/posts\/298469","targetHints":{"allow":["GET"]}}],"collection":[{"href":"https:\/\/diariotextual.com\/inicio\/index.php\/wp-json\/wp\/v2\/posts"}],"about":[{"href":"https:\/\/diariotextual.com\/inicio\/index.php\/wp-json\/wp\/v2\/types\/post"}],"author":[{"embeddable":true,"href":"https:\/\/diariotextual.com\/inicio\/index.php\/wp-json\/wp\/v2\/users\/3"}],"replies":[{"embeddable":true,"href":"https:\/\/diariotextual.com\/inicio\/index.php\/wp-json\/wp\/v2\/comments?post=298469"}],"version-history":[{"count":4,"href":"https:\/\/diariotextual.com\/inicio\/index.php\/wp-json\/wp\/v2\/posts\/298469\/revisions"}],"predecessor-version":[{"id":298473,"href":"https:\/\/diariotextual.com\/inicio\/index.php\/wp-json\/wp\/v2\/posts\/298469\/revisions\/298473"}],"wp:featuredmedia":[{"embeddable":true,"href":"https:\/\/diariotextual.com\/inicio\/index.php\/wp-json\/wp\/v2\/media\/210724"}],"wp:attachment":[{"href":"https:\/\/diariotextual.com\/inicio\/index.php\/wp-json\/wp\/v2\/media?parent=298469"}],"wp:term":[{"taxonomy":"category","embeddable":true,"href":"https:\/\/diariotextual.com\/inicio\/index.php\/wp-json\/wp\/v2\/categories?post=298469"},{"taxonomy":"post_tag","embeddable":true,"href":"https:\/\/diariotextual.com\/inicio\/index.php\/wp-json\/wp\/v2\/tags?post=298469"}],"curies":[{"name":"wp","href":"https:\/\/api.w.org\/{rel}","templated":true}]}}