{"id":298495,"date":"2025-06-10T17:12:14","date_gmt":"2025-06-10T20:12:14","guid":{"rendered":"https:\/\/diariotextual.com\/inicio\/?p=298495"},"modified":"2025-06-11T06:43:25","modified_gmt":"2025-06-11T09:43:25","slug":"la-corte-rechazo-la-apelacion-y-condeno-a-prision-a-cristina","status":"publish","type":"post","link":"https:\/\/diariotextual.com\/inicio\/index.php\/2025\/06\/10\/la-corte-rechazo-la-apelacion-y-condeno-a-prision-a-cristina\/","title":{"rendered":"La Corte rechaz\u00f3 la apelaci\u00f3n y conden\u00f3 a prisi\u00f3n a Cristina"},"content":{"rendered":"\n<p>En una decisi\u00f3n de <strong>alto impacto pol\u00edtico y judicial<\/strong>, la <strong>Corte Suprema de Justicia de la Naci\u00f3n <\/strong>rechaz\u00f3 la apelaci\u00f3n, sin entrar a analizar el caso, y<strong> confirm\u00f3 la condena a 6 a\u00f1os de prisi\u00f3n a la expresidenta Cristina Fern\u00e1ndez de Kirchner <\/strong>por la Causa Vialidad. Esta decisi\u00f3n implica que&nbsp;tambi\u00e9n <strong>queda firme <\/strong>la <strong>inhabilitaci\u00f3n perpetua para ejercer cargos p\u00fablicos<\/strong>. La sentencia incluye el decomiso de unos&nbsp;<strong>84.000 millones de pesos.<\/strong><\/p>\n\n\n\n<p><\/p>\n\n\n\n<figure class=\"wp-block-embed is-type-wp-embed is-provider-diario-textual wp-block-embed-diario-textual\"><div class=\"wp-block-embed__wrapper\">\n<blockquote class=\"wp-embedded-content\" data-secret=\"65Lemocatz\"><a href=\"https:\/\/diariotextual.com\/inicio\/index.php\/2025\/06\/10\/cristina-kirchner-y-su-condena-a-6-anos-de-prision-el-partido-judicial-le-agrega-el-cepo-al-voto-popular\/\">Cristina Kirchner y su condena a 6 a\u00f1os de prisi\u00f3n: \u201cEl Partido Judicial le agrega el cepo al voto popular\u201d<\/a><\/blockquote><iframe class=\"wp-embedded-content\" sandbox=\"allow-scripts\" security=\"restricted\" style=\"position: absolute; visibility: hidden;\" title=\"\u00abCristina Kirchner y su condena a 6 a\u00f1os de prisi\u00f3n: \u201cEl Partido Judicial le agrega el cepo al voto popular\u201d\u00bb \u2014 Diario Textual\" src=\"https:\/\/diariotextual.com\/inicio\/index.php\/2025\/06\/10\/cristina-kirchner-y-su-condena-a-6-anos-de-prision-el-partido-judicial-le-agrega-el-cepo-al-voto-popular\/embed\/#?secret=SOsjBA8gR5#?secret=65Lemocatz\" data-secret=\"65Lemocatz\" width=\"600\" height=\"338\" frameborder=\"0\" marginwidth=\"0\" marginheight=\"0\" scrolling=\"no\"><\/iframe>\n<\/div><\/figure>\n\n\n\n<p><\/p>\n\n\n\n<p>Ahora el Tribunal Oral Federal 2 (TOF 2)&nbsp;<strong>deber\u00e1 resolver sobre las condiciones de detenci\u00f3n de la ex mandataria<\/strong>&nbsp;y de los otros ocho condenados,&nbsp;<strong>entre ellos L\u00e1zaro B\u00e1ez y Jos\u00e9 L\u00f3pez.<\/strong>&nbsp;Es muy probable que en el caso de Cristina Kirchner, el TOF 2 resuelva&nbsp;<strong>concederle el beneficio del arresto domiciliario<\/strong>&nbsp;por contar con m\u00e1s de 70 a\u00f1os. Adem\u00e1s,&nbsp;<strong>no podr\u00e1 participar de las elecciones legislativas<\/strong>&nbsp;donde planeaba competir por una banca provincial. Esto convierte el caso en&nbsp;<strong>el hecho de mayor impacto&nbsp;<\/strong>en el escenario pol\u00edtico y judicial actual del pa\u00eds.<\/p>\n\n\n\n<p>La decisi\u00f3n fue adoptada por unanimidad por los tres jueces de la Corte Suprema,&nbsp;<strong>Horacio Rosatti, Carlos Rosenkrantz y Ricardo Lorenzetti<\/strong>, quienes rechazaron las apelaciones de la defensa de la ex presidenta, de los otros ocho condenados, y del fiscal&nbsp;<strong>Mario Villar<\/strong>, utilizando&nbsp;<strong>la f\u00f3rmula del art\u00edculo 280 de C\u00f3digo Procesal Civil y Comercial,<\/strong>&nbsp;en este caso&nbsp;<strong>acompa\u00f1ado de los fundamentos de la decisi\u00f3n (280 fundado)<\/strong>&nbsp;dada la trascendencia institucional de la decisi\u00f3n. <strong>\u201cRechazar -indica el fallo de la Corte- el recurso extraordinario federal interpuesto por la defensa de Cristina Elizabet Fern\u00e1ndez de Kirchner. Confirmar la sentencia dictada por el Tribunal Oral en lo Criminal Federal N.\u00ba 2, en cuanto condena a la nombrada a seis (6) a\u00f1os de prisi\u00f3n e inhabilitaci\u00f3n perpetua para ejercer cargos p\u00fablicos, como coautora penalmente responsable del delito de administraci\u00f3n fraudulenta agravada en perjuicio de la administraci\u00f3n p\u00fablica (arts. 174 inc. 5\u00b0 y 45 del C\u00f3digo Penal)\u201c.<\/strong><\/p>\n\n\n\n<p><\/p>\n\n\n\n<figure class=\"wp-block-embed is-type-wp-embed is-provider-diario-textual wp-block-embed-diario-textual\"><div class=\"wp-block-embed__wrapper\">\n<blockquote class=\"wp-embedded-content\" data-secret=\"fm8PBkbTml\"><a href=\"https:\/\/diariotextual.com\/inicio\/index.php\/2025\/06\/10\/ziliotto-dijo-que-hubo-proscripcion-por-el-fallo-de-la-corte-que-manda-a-prision-a-cristina\/\">Ziliotto dice que hay proscripci\u00f3n por el fallo de la Corte que manda a prisi\u00f3n a Cristina<\/a><\/blockquote><iframe class=\"wp-embedded-content\" sandbox=\"allow-scripts\" security=\"restricted\" style=\"position: absolute; visibility: hidden;\" title=\"\u00abZiliotto dice que hay proscripci\u00f3n por el fallo de la Corte que manda a prisi\u00f3n a Cristina\u00bb \u2014 Diario Textual\" src=\"https:\/\/diariotextual.com\/inicio\/index.php\/2025\/06\/10\/ziliotto-dijo-que-hubo-proscripcion-por-el-fallo-de-la-corte-que-manda-a-prision-a-cristina\/embed\/#?secret=epW66PEY7L#?secret=fm8PBkbTml\" data-secret=\"fm8PBkbTml\" width=\"600\" height=\"338\" frameborder=\"0\" marginwidth=\"0\" marginheight=\"0\" scrolling=\"no\"><\/iframe>\n<\/div><\/figure>\n\n\n\n<p><\/p>\n\n\n\n<p>\u201cLas sentencias dictadas por los tribunales anteriores se asentaron en la profusa prueba producida \u2014valorada de conformidad con las reglas de la sana cr\u00edtica (art. 398 del C\u00f3digo Procesal Penal de la Naci\u00f3n)\u2014 y en el C\u00f3digo Penal sancionado por el Congreso, sin que se haya demostrado en modo alguno que la decisi\u00f3n apelada no constituya una derivaci\u00f3n razonada del derecho vigente de conformidad con las circunstancias particulares comprobadas en la causa, ni que durante el proceso se haya vulnerado alguna garant\u00eda constitucional. El debido proceso ha sido salvaguardado y la recurrente ha obtenido una sentencia fundada en ley\u201d, expresaron.<\/p>\n\n\n\n<p>\u201cLas sanciones aplicadas son las que determina el ordenamiento jur\u00eddico vigente. La imposici\u00f3n de las penas de prisi\u00f3n e inhabilitaci\u00f3n no hace otra cosa que tutelar nuestro sistema republicano y democr\u00e1tico seg\u00fan las leyes penales dictadas por los representantes del pueblo en el Congreso de la Naci\u00f3n (art. 174, \u00faltimo p\u00e1rrafo, del C\u00f3digo Penal, texto seg\u00fan ley 25.602)\u201d, se advirti\u00f3.<\/p>\n\n\n\n<p>Para la Corte, \u201clos reclamos de la defensa llevan a examinar cuestiones \u2014de hecho y prueba en muchos casos, ajenas por su materia a la competencia apelada extraordinaria de esta Corte Suprema en los t\u00e9rminos del art\u00edculo 14 de la ley 48, salvo que medie un supuesto de arbitrariedad\u2014 tales como el contexto dentro del cual se ejecut\u00f3 la maniobra que fue juzgada, las relaciones personales y comerciales que un\u00edan a Fern\u00e1ndez de Kirchner con L\u00e1zaro B\u00e1ez, las implicancias en torno al dictado y efectos del decreto 54\/2009, las advertencias emitidas por los servicios jur\u00eddicos en relaci\u00f3n con su dictado y la valoraci\u00f3n del contenido de los mensajes extra\u00eddos el celular de Jos\u00e9 L\u00f3pez, entre otros. En particular, la decisi\u00f3n apelada aludi\u00f3 a que L\u00e1zaro B\u00e1ez, por intermedio de sociedades por \u00e9l controladas, efectu\u00f3 contratos de locaci\u00f3n y gerenciamiento con sociedades de titularidad de la familia Kirchner que explotaban hoteles, adem\u00e1s de haber realizado otros negocios inmobiliarios. Esas relaciones no fueron cuestionadas por la defensa en manera alguna, m\u00e1s all\u00e1 de alegar que los actos comerciales se\u00f1alados fueron \u2018totalmente l\u00edcitos y se celebraron a precios de mercado\u2019, lo que resta toda eficacia a su planteo\u201d.<\/p>\n\n\n\n<p>Seg\u00fan subrayaron los ministros, \u201cesas circunstancias, valoradas ya por dos instancias judiciales, llevaron a la conclusi\u00f3n de que esa decisi\u00f3n presidencial \u2018releg\u00f3 la ventaja econ\u00f3mica para la administraci\u00f3n p\u00fablica por la ventaja econ\u00f3mica para los intereses particulares a la postre beneficiados\u2019 y de que \u2018Fern\u00e1ndez de Kirchner se represent\u00f3 los elementos objetivos del tipo al momento de dar comienzo a la acci\u00f3n t\u00edpica y que previ\u00f3 la realizaci\u00f3n de estos y, por tanto, la producci\u00f3n del resultado\u2019\u201d. Tambi\u00e9n se pudo acreditar que \u201cla encausada quiso que el resultado delictivo sea una consecuencia de su propia acci\u00f3n y tuvo, adem\u00e1s, el \u00e1nimo de lucro requerido por el tipo\u201d.<\/p>\n\n\n\n<p>La Corte resalt\u00f3 que \u201cel argumento de la defensa basado en la competencia de terceras personas en el asunto \u2014entre ellas, el jefe de gabinete de ministros de la Naci\u00f3n y los restantes funcionarios nacionales y provinciales que intervinieron en los hechos\u2014 se desentiende del fundamento desarrollado por los jueces de la causa en torno a la modificaci\u00f3n implementada por el decreto 54\/2009 y la indisputada competencia y responsabilidad de la encausada en la emisi\u00f3n del mismo\u201d. Adem\u00e1s, dijo el fallo, \u201cse omite rebatir las dem\u00e1s circunstancias ponderadas por el a quo respecto de la intervenci\u00f3n personal de la recurrente en los hechos, en particular, el beneficio econ\u00f3mico obtenido\u201d.<\/p>\n\n\n\n<p>Tambi\u00e9n se advirti\u00f3 que \u201cel discurso reiterativo de la apelante \u2014por ejemplo, el tribunal revisor se\u00f1al\u00f3 que \u201clo se\u00f1alado por la defensa en esta instancia no es m\u00e1s que una reedici\u00f3n de todo aquello que fue oportuna y fundadamente descartado por el \u2018a quo\u2019 s\u00f3lo evidencia su desacuerdo con el pronunciamiento atacado, sin llevar a cabo una efectiva refutaci\u00f3n de los argumentos sostenidos en la sentencia apelada\u201d.<\/p>\n\n\n\n<p><\/p>\n","protected":false},"excerpt":{"rendered":"<p>En una decisi\u00f3n de alto impacto pol\u00edtico y judicial, la Corte Suprema de Justicia de la Naci\u00f3n rechaz\u00f3 la apelaci\u00f3n, sin entrar a analizar el caso, y confirm\u00f3 la condena&hellip;<\/p>\n","protected":false},"author":3,"featured_media":298342,"comment_status":"closed","ping_status":"open","sticky":false,"template":"","format":"standard","meta":{"_acf_changed":false,"footnotes":""},"categories":[1,8],"tags":[],"class_list":["post-298495","post","type-post","status-publish","format-standard","has-post-thumbnail","hentry","category-es-noticia","category-politica"],"acf":[],"yoast_head":"<!-- This site is optimized with the Yoast SEO plugin v27.5 - https:\/\/yoast.com\/product\/yoast-seo-wordpress\/ -->\n<title>La Corte rechaz\u00f3 la apelaci\u00f3n y conden\u00f3 a prisi\u00f3n a Cristina - Diario Textual<\/title>\n<meta name=\"robots\" content=\"index, follow, max-snippet:-1, max-image-preview:large, max-video-preview:-1\" \/>\n<link rel=\"canonical\" href=\"https:\/\/diariotextual.com\/inicio\/index.php\/2025\/06\/10\/la-corte-rechazo-la-apelacion-y-condeno-a-prision-a-cristina\/\" \/>\n<meta property=\"og:locale\" content=\"es_ES\" \/>\n<meta property=\"og:type\" content=\"article\" \/>\n<meta property=\"og:title\" content=\"La Corte rechaz\u00f3 la apelaci\u00f3n y conden\u00f3 a prisi\u00f3n a Cristina - Diario Textual\" \/>\n<meta property=\"og:description\" content=\"En una decisi\u00f3n de alto impacto pol\u00edtico y judicial, la Corte Suprema de Justicia de la Naci\u00f3n rechaz\u00f3 la apelaci\u00f3n, sin entrar a analizar el caso, y confirm\u00f3 la condena&hellip;\" \/>\n<meta property=\"og:url\" content=\"https:\/\/diariotextual.com\/inicio\/index.php\/2025\/06\/10\/la-corte-rechazo-la-apelacion-y-condeno-a-prision-a-cristina\/\" \/>\n<meta property=\"og:site_name\" content=\"Diario Textual\" \/>\n<meta property=\"article:publisher\" content=\"https:\/\/www.facebook.com\/eltextual\" \/>\n<meta property=\"article:published_time\" content=\"2025-06-10T20:12:14+00:00\" \/>\n<meta property=\"article:modified_time\" content=\"2025-06-11T09:43:25+00:00\" \/>\n<meta property=\"og:image\" content=\"https:\/\/diariotextual.com\/inicio\/wp-content\/uploads\/2025\/06\/cristinacorrientes255.webp\" \/>\n\t<meta property=\"og:image:width\" content=\"1080\" \/>\n\t<meta property=\"og:image:height\" content=\"720\" \/>\n\t<meta property=\"og:image:type\" content=\"image\/webp\" \/>\n<meta name=\"author\" content=\"Diario1 Diario1\" \/>\n<meta name=\"twitter:card\" content=\"summary_large_image\" \/>\n<meta name=\"twitter:creator\" content=\"@eltextual\" \/>\n<meta name=\"twitter:site\" content=\"@eltextual\" \/>\n<meta name=\"twitter:label1\" content=\"Escrito por\" \/>\n\t<meta name=\"twitter:data1\" content=\"Diario1 Diario1\" \/>\n\t<meta name=\"twitter:label2\" content=\"Tiempo de lectura\" \/>\n\t<meta name=\"twitter:data2\" content=\"5 minutos\" \/>\n<script type=\"application\/ld+json\" class=\"yoast-schema-graph\">{\"@context\":\"https:\\\/\\\/schema.org\",\"@graph\":[{\"@type\":\"Article\",\"@id\":\"https:\\\/\\\/diariotextual.com\\\/inicio\\\/index.php\\\/2025\\\/06\\\/10\\\/la-corte-rechazo-la-apelacion-y-condeno-a-prision-a-cristina\\\/#article\",\"isPartOf\":{\"@id\":\"https:\\\/\\\/diariotextual.com\\\/inicio\\\/index.php\\\/2025\\\/06\\\/10\\\/la-corte-rechazo-la-apelacion-y-condeno-a-prision-a-cristina\\\/\"},\"author\":{\"name\":\"Diario1 Diario1\",\"@id\":\"https:\\\/\\\/diariotextual.com\\\/inicio\\\/#\\\/schema\\\/person\\\/418fc4093c33e86ed41562db3508f958\"},\"headline\":\"La Corte rechaz\u00f3 la apelaci\u00f3n y conden\u00f3 a prisi\u00f3n a Cristina\",\"datePublished\":\"2025-06-10T20:12:14+00:00\",\"dateModified\":\"2025-06-11T09:43:25+00:00\",\"mainEntityOfPage\":{\"@id\":\"https:\\\/\\\/diariotextual.com\\\/inicio\\\/index.php\\\/2025\\\/06\\\/10\\\/la-corte-rechazo-la-apelacion-y-condeno-a-prision-a-cristina\\\/\"},\"wordCount\":1081,\"publisher\":{\"@id\":\"https:\\\/\\\/diariotextual.com\\\/inicio\\\/#organization\"},\"image\":{\"@id\":\"https:\\\/\\\/diariotextual.com\\\/inicio\\\/index.php\\\/2025\\\/06\\\/10\\\/la-corte-rechazo-la-apelacion-y-condeno-a-prision-a-cristina\\\/#primaryimage\"},\"thumbnailUrl\":\"https:\\\/\\\/diariotextual.com\\\/inicio\\\/wp-content\\\/uploads\\\/2025\\\/06\\\/cristinacorrientes255.webp\",\"articleSection\":[\"A - ES NOTICIA (van abajo)\",\"POLITICA\"],\"inLanguage\":\"es\"},{\"@type\":\"WebPage\",\"@id\":\"https:\\\/\\\/diariotextual.com\\\/inicio\\\/index.php\\\/2025\\\/06\\\/10\\\/la-corte-rechazo-la-apelacion-y-condeno-a-prision-a-cristina\\\/\",\"url\":\"https:\\\/\\\/diariotextual.com\\\/inicio\\\/index.php\\\/2025\\\/06\\\/10\\\/la-corte-rechazo-la-apelacion-y-condeno-a-prision-a-cristina\\\/\",\"name\":\"La Corte rechaz\u00f3 la apelaci\u00f3n y conden\u00f3 a prisi\u00f3n a Cristina - Diario Textual\",\"isPartOf\":{\"@id\":\"https:\\\/\\\/diariotextual.com\\\/inicio\\\/#website\"},\"primaryImageOfPage\":{\"@id\":\"https:\\\/\\\/diariotextual.com\\\/inicio\\\/index.php\\\/2025\\\/06\\\/10\\\/la-corte-rechazo-la-apelacion-y-condeno-a-prision-a-cristina\\\/#primaryimage\"},\"image\":{\"@id\":\"https:\\\/\\\/diariotextual.com\\\/inicio\\\/index.php\\\/2025\\\/06\\\/10\\\/la-corte-rechazo-la-apelacion-y-condeno-a-prision-a-cristina\\\/#primaryimage\"},\"thumbnailUrl\":\"https:\\\/\\\/diariotextual.com\\\/inicio\\\/wp-content\\\/uploads\\\/2025\\\/06\\\/cristinacorrientes255.webp\",\"datePublished\":\"2025-06-10T20:12:14+00:00\",\"dateModified\":\"2025-06-11T09:43:25+00:00\",\"breadcrumb\":{\"@id\":\"https:\\\/\\\/diariotextual.com\\\/inicio\\\/index.php\\\/2025\\\/06\\\/10\\\/la-corte-rechazo-la-apelacion-y-condeno-a-prision-a-cristina\\\/#breadcrumb\"},\"inLanguage\":\"es\",\"potentialAction\":[{\"@type\":\"ReadAction\",\"target\":[\"https:\\\/\\\/diariotextual.com\\\/inicio\\\/index.php\\\/2025\\\/06\\\/10\\\/la-corte-rechazo-la-apelacion-y-condeno-a-prision-a-cristina\\\/\"]}]},{\"@type\":\"ImageObject\",\"inLanguage\":\"es\",\"@id\":\"https:\\\/\\\/diariotextual.com\\\/inicio\\\/index.php\\\/2025\\\/06\\\/10\\\/la-corte-rechazo-la-apelacion-y-condeno-a-prision-a-cristina\\\/#primaryimage\",\"url\":\"https:\\\/\\\/diariotextual.com\\\/inicio\\\/wp-content\\\/uploads\\\/2025\\\/06\\\/cristinacorrientes255.webp\",\"contentUrl\":\"https:\\\/\\\/diariotextual.com\\\/inicio\\\/wp-content\\\/uploads\\\/2025\\\/06\\\/cristinacorrientes255.webp\",\"width\":1080,\"height\":720},{\"@type\":\"BreadcrumbList\",\"@id\":\"https:\\\/\\\/diariotextual.com\\\/inicio\\\/index.php\\\/2025\\\/06\\\/10\\\/la-corte-rechazo-la-apelacion-y-condeno-a-prision-a-cristina\\\/#breadcrumb\",\"itemListElement\":[{\"@type\":\"ListItem\",\"position\":1,\"name\":\"Portada\",\"item\":\"https:\\\/\\\/diariotextual.com\\\/inicio\\\/\"},{\"@type\":\"ListItem\",\"position\":2,\"name\":\"La Corte rechaz\u00f3 la apelaci\u00f3n y conden\u00f3 a prisi\u00f3n a Cristina\"}]},{\"@type\":\"WebSite\",\"@id\":\"https:\\\/\\\/diariotextual.com\\\/inicio\\\/#website\",\"url\":\"https:\\\/\\\/diariotextual.com\\\/inicio\\\/\",\"name\":\"Diario Textual\",\"description\":\"\",\"publisher\":{\"@id\":\"https:\\\/\\\/diariotextual.com\\\/inicio\\\/#organization\"},\"potentialAction\":[{\"@type\":\"SearchAction\",\"target\":{\"@type\":\"EntryPoint\",\"urlTemplate\":\"https:\\\/\\\/diariotextual.com\\\/inicio\\\/?s={search_term_string}\"},\"query-input\":{\"@type\":\"PropertyValueSpecification\",\"valueRequired\":true,\"valueName\":\"search_term_string\"}}],\"inLanguage\":\"es\"},{\"@type\":\"Organization\",\"@id\":\"https:\\\/\\\/diariotextual.com\\\/inicio\\\/#organization\",\"name\":\"Diario Textual\",\"url\":\"https:\\\/\\\/diariotextual.com\\\/inicio\\\/\",\"logo\":{\"@type\":\"ImageObject\",\"inLanguage\":\"es\",\"@id\":\"https:\\\/\\\/diariotextual.com\\\/inicio\\\/#\\\/schema\\\/logo\\\/image\\\/\",\"url\":\"https:\\\/\\\/diariotextual.com\\\/inicio\\\/wp-content\\\/uploads\\\/2023\\\/05\\\/logotextual1.jpg\",\"contentUrl\":\"https:\\\/\\\/diariotextual.com\\\/inicio\\\/wp-content\\\/uploads\\\/2023\\\/05\\\/logotextual1.jpg\",\"width\":516,\"height\":76,\"caption\":\"Diario Textual\"},\"image\":{\"@id\":\"https:\\\/\\\/diariotextual.com\\\/inicio\\\/#\\\/schema\\\/logo\\\/image\\\/\"},\"sameAs\":[\"https:\\\/\\\/www.facebook.com\\\/eltextual\",\"https:\\\/\\\/x.com\\\/eltextual\",\"http:\\\/\\\/www.instagram.com\\\/eltextual\"]},{\"@type\":\"Person\",\"@id\":\"https:\\\/\\\/diariotextual.com\\\/inicio\\\/#\\\/schema\\\/person\\\/418fc4093c33e86ed41562db3508f958\",\"name\":\"Diario1 Diario1\",\"image\":{\"@type\":\"ImageObject\",\"inLanguage\":\"es\",\"@id\":\"https:\\\/\\\/secure.gravatar.com\\\/avatar\\\/9167d280179c85bc18be67aa7eda765854300033af4896dd779b608640f2ef7a?s=96&d=mm&r=g\",\"url\":\"https:\\\/\\\/secure.gravatar.com\\\/avatar\\\/9167d280179c85bc18be67aa7eda765854300033af4896dd779b608640f2ef7a?s=96&d=mm&r=g\",\"contentUrl\":\"https:\\\/\\\/secure.gravatar.com\\\/avatar\\\/9167d280179c85bc18be67aa7eda765854300033af4896dd779b608640f2ef7a?s=96&d=mm&r=g\",\"caption\":\"Diario1 Diario1\"},\"url\":\"https:\\\/\\\/diariotextual.com\\\/inicio\\\/index.php\\\/author\\\/diario1\\\/\"}]}<\/script>\n<!-- \/ Yoast SEO plugin. -->","yoast_head_json":{"title":"La Corte rechaz\u00f3 la apelaci\u00f3n y conden\u00f3 a prisi\u00f3n a Cristina - Diario Textual","robots":{"index":"index","follow":"follow","max-snippet":"max-snippet:-1","max-image-preview":"max-image-preview:large","max-video-preview":"max-video-preview:-1"},"canonical":"https:\/\/diariotextual.com\/inicio\/index.php\/2025\/06\/10\/la-corte-rechazo-la-apelacion-y-condeno-a-prision-a-cristina\/","og_locale":"es_ES","og_type":"article","og_title":"La Corte rechaz\u00f3 la apelaci\u00f3n y conden\u00f3 a prisi\u00f3n a Cristina - Diario Textual","og_description":"En una decisi\u00f3n de alto impacto pol\u00edtico y judicial, la Corte Suprema de Justicia de la Naci\u00f3n rechaz\u00f3 la apelaci\u00f3n, sin entrar a analizar el caso, y confirm\u00f3 la condena&hellip;","og_url":"https:\/\/diariotextual.com\/inicio\/index.php\/2025\/06\/10\/la-corte-rechazo-la-apelacion-y-condeno-a-prision-a-cristina\/","og_site_name":"Diario Textual","article_publisher":"https:\/\/www.facebook.com\/eltextual","article_published_time":"2025-06-10T20:12:14+00:00","article_modified_time":"2025-06-11T09:43:25+00:00","og_image":[{"width":1080,"height":720,"url":"https:\/\/diariotextual.com\/inicio\/wp-content\/uploads\/2025\/06\/cristinacorrientes255.webp","type":"image\/webp"}],"author":"Diario1 Diario1","twitter_card":"summary_large_image","twitter_creator":"@eltextual","twitter_site":"@eltextual","twitter_misc":{"Escrito por":"Diario1 Diario1","Tiempo de lectura":"5 minutos"},"schema":{"@context":"https:\/\/schema.org","@graph":[{"@type":"Article","@id":"https:\/\/diariotextual.com\/inicio\/index.php\/2025\/06\/10\/la-corte-rechazo-la-apelacion-y-condeno-a-prision-a-cristina\/#article","isPartOf":{"@id":"https:\/\/diariotextual.com\/inicio\/index.php\/2025\/06\/10\/la-corte-rechazo-la-apelacion-y-condeno-a-prision-a-cristina\/"},"author":{"name":"Diario1 Diario1","@id":"https:\/\/diariotextual.com\/inicio\/#\/schema\/person\/418fc4093c33e86ed41562db3508f958"},"headline":"La Corte rechaz\u00f3 la apelaci\u00f3n y conden\u00f3 a prisi\u00f3n a Cristina","datePublished":"2025-06-10T20:12:14+00:00","dateModified":"2025-06-11T09:43:25+00:00","mainEntityOfPage":{"@id":"https:\/\/diariotextual.com\/inicio\/index.php\/2025\/06\/10\/la-corte-rechazo-la-apelacion-y-condeno-a-prision-a-cristina\/"},"wordCount":1081,"publisher":{"@id":"https:\/\/diariotextual.com\/inicio\/#organization"},"image":{"@id":"https:\/\/diariotextual.com\/inicio\/index.php\/2025\/06\/10\/la-corte-rechazo-la-apelacion-y-condeno-a-prision-a-cristina\/#primaryimage"},"thumbnailUrl":"https:\/\/diariotextual.com\/inicio\/wp-content\/uploads\/2025\/06\/cristinacorrientes255.webp","articleSection":["A - ES NOTICIA (van abajo)","POLITICA"],"inLanguage":"es"},{"@type":"WebPage","@id":"https:\/\/diariotextual.com\/inicio\/index.php\/2025\/06\/10\/la-corte-rechazo-la-apelacion-y-condeno-a-prision-a-cristina\/","url":"https:\/\/diariotextual.com\/inicio\/index.php\/2025\/06\/10\/la-corte-rechazo-la-apelacion-y-condeno-a-prision-a-cristina\/","name":"La Corte rechaz\u00f3 la apelaci\u00f3n y conden\u00f3 a prisi\u00f3n a Cristina - Diario Textual","isPartOf":{"@id":"https:\/\/diariotextual.com\/inicio\/#website"},"primaryImageOfPage":{"@id":"https:\/\/diariotextual.com\/inicio\/index.php\/2025\/06\/10\/la-corte-rechazo-la-apelacion-y-condeno-a-prision-a-cristina\/#primaryimage"},"image":{"@id":"https:\/\/diariotextual.com\/inicio\/index.php\/2025\/06\/10\/la-corte-rechazo-la-apelacion-y-condeno-a-prision-a-cristina\/#primaryimage"},"thumbnailUrl":"https:\/\/diariotextual.com\/inicio\/wp-content\/uploads\/2025\/06\/cristinacorrientes255.webp","datePublished":"2025-06-10T20:12:14+00:00","dateModified":"2025-06-11T09:43:25+00:00","breadcrumb":{"@id":"https:\/\/diariotextual.com\/inicio\/index.php\/2025\/06\/10\/la-corte-rechazo-la-apelacion-y-condeno-a-prision-a-cristina\/#breadcrumb"},"inLanguage":"es","potentialAction":[{"@type":"ReadAction","target":["https:\/\/diariotextual.com\/inicio\/index.php\/2025\/06\/10\/la-corte-rechazo-la-apelacion-y-condeno-a-prision-a-cristina\/"]}]},{"@type":"ImageObject","inLanguage":"es","@id":"https:\/\/diariotextual.com\/inicio\/index.php\/2025\/06\/10\/la-corte-rechazo-la-apelacion-y-condeno-a-prision-a-cristina\/#primaryimage","url":"https:\/\/diariotextual.com\/inicio\/wp-content\/uploads\/2025\/06\/cristinacorrientes255.webp","contentUrl":"https:\/\/diariotextual.com\/inicio\/wp-content\/uploads\/2025\/06\/cristinacorrientes255.webp","width":1080,"height":720},{"@type":"BreadcrumbList","@id":"https:\/\/diariotextual.com\/inicio\/index.php\/2025\/06\/10\/la-corte-rechazo-la-apelacion-y-condeno-a-prision-a-cristina\/#breadcrumb","itemListElement":[{"@type":"ListItem","position":1,"name":"Portada","item":"https:\/\/diariotextual.com\/inicio\/"},{"@type":"ListItem","position":2,"name":"La Corte rechaz\u00f3 la apelaci\u00f3n y conden\u00f3 a prisi\u00f3n a Cristina"}]},{"@type":"WebSite","@id":"https:\/\/diariotextual.com\/inicio\/#website","url":"https:\/\/diariotextual.com\/inicio\/","name":"Diario Textual","description":"","publisher":{"@id":"https:\/\/diariotextual.com\/inicio\/#organization"},"potentialAction":[{"@type":"SearchAction","target":{"@type":"EntryPoint","urlTemplate":"https:\/\/diariotextual.com\/inicio\/?s={search_term_string}"},"query-input":{"@type":"PropertyValueSpecification","valueRequired":true,"valueName":"search_term_string"}}],"inLanguage":"es"},{"@type":"Organization","@id":"https:\/\/diariotextual.com\/inicio\/#organization","name":"Diario Textual","url":"https:\/\/diariotextual.com\/inicio\/","logo":{"@type":"ImageObject","inLanguage":"es","@id":"https:\/\/diariotextual.com\/inicio\/#\/schema\/logo\/image\/","url":"https:\/\/diariotextual.com\/inicio\/wp-content\/uploads\/2023\/05\/logotextual1.jpg","contentUrl":"https:\/\/diariotextual.com\/inicio\/wp-content\/uploads\/2023\/05\/logotextual1.jpg","width":516,"height":76,"caption":"Diario Textual"},"image":{"@id":"https:\/\/diariotextual.com\/inicio\/#\/schema\/logo\/image\/"},"sameAs":["https:\/\/www.facebook.com\/eltextual","https:\/\/x.com\/eltextual","http:\/\/www.instagram.com\/eltextual"]},{"@type":"Person","@id":"https:\/\/diariotextual.com\/inicio\/#\/schema\/person\/418fc4093c33e86ed41562db3508f958","name":"Diario1 Diario1","image":{"@type":"ImageObject","inLanguage":"es","@id":"https:\/\/secure.gravatar.com\/avatar\/9167d280179c85bc18be67aa7eda765854300033af4896dd779b608640f2ef7a?s=96&d=mm&r=g","url":"https:\/\/secure.gravatar.com\/avatar\/9167d280179c85bc18be67aa7eda765854300033af4896dd779b608640f2ef7a?s=96&d=mm&r=g","contentUrl":"https:\/\/secure.gravatar.com\/avatar\/9167d280179c85bc18be67aa7eda765854300033af4896dd779b608640f2ef7a?s=96&d=mm&r=g","caption":"Diario1 Diario1"},"url":"https:\/\/diariotextual.com\/inicio\/index.php\/author\/diario1\/"}]}},"_links":{"self":[{"href":"https:\/\/diariotextual.com\/inicio\/index.php\/wp-json\/wp\/v2\/posts\/298495","targetHints":{"allow":["GET"]}}],"collection":[{"href":"https:\/\/diariotextual.com\/inicio\/index.php\/wp-json\/wp\/v2\/posts"}],"about":[{"href":"https:\/\/diariotextual.com\/inicio\/index.php\/wp-json\/wp\/v2\/types\/post"}],"author":[{"embeddable":true,"href":"https:\/\/diariotextual.com\/inicio\/index.php\/wp-json\/wp\/v2\/users\/3"}],"replies":[{"embeddable":true,"href":"https:\/\/diariotextual.com\/inicio\/index.php\/wp-json\/wp\/v2\/comments?post=298495"}],"version-history":[{"count":12,"href":"https:\/\/diariotextual.com\/inicio\/index.php\/wp-json\/wp\/v2\/posts\/298495\/revisions"}],"predecessor-version":[{"id":298529,"href":"https:\/\/diariotextual.com\/inicio\/index.php\/wp-json\/wp\/v2\/posts\/298495\/revisions\/298529"}],"wp:featuredmedia":[{"embeddable":true,"href":"https:\/\/diariotextual.com\/inicio\/index.php\/wp-json\/wp\/v2\/media\/298342"}],"wp:attachment":[{"href":"https:\/\/diariotextual.com\/inicio\/index.php\/wp-json\/wp\/v2\/media?parent=298495"}],"wp:term":[{"taxonomy":"category","embeddable":true,"href":"https:\/\/diariotextual.com\/inicio\/index.php\/wp-json\/wp\/v2\/categories?post=298495"},{"taxonomy":"post_tag","embeddable":true,"href":"https:\/\/diariotextual.com\/inicio\/index.php\/wp-json\/wp\/v2\/tags?post=298495"}],"curies":[{"name":"wp","href":"https:\/\/api.w.org\/{rel}","templated":true}]}}