{"id":298510,"date":"2025-06-10T17:26:49","date_gmt":"2025-06-10T20:26:49","guid":{"rendered":"https:\/\/diariotextual.com\/inicio\/?p=298510"},"modified":"2025-06-10T20:20:22","modified_gmt":"2025-06-10T23:20:22","slug":"ziliotto-dijo-que-hubo-proscripcion-por-el-fallo-de-la-corte-que-manda-a-prision-a-cristina","status":"publish","type":"post","link":"https:\/\/diariotextual.com\/inicio\/index.php\/2025\/06\/10\/ziliotto-dijo-que-hubo-proscripcion-por-el-fallo-de-la-corte-que-manda-a-prision-a-cristina\/","title":{"rendered":"Ziliotto dice que hay proscripci\u00f3n por el fallo de la Corte que manda a prisi\u00f3n a Cristina"},"content":{"rendered":"\n<p>El gobernador <strong>Sergio Ziliotto <\/strong>dijo que hubo proscripci\u00f3n por el fallo de la Corte Suprema de Justicia de la Naci\u00f3n que manda a prisi\u00f3n a<strong> Cristina Fern\u00e1ndez<\/strong> <strong>de Kirchner.<\/strong> \u201cDebe quedar en claro que nadie puede estar por encima de la ley, pero tampoco aceptar que sea la excusa para perseguir a los que piensan distinto\u201d, expres\u00f3 por las redes sociales. \u201cConsecuentes con nuestra historia, rechazamos la judicializaci\u00f3n de la pol\u00edtica. Las diferencias pol\u00edticas deben resolverse a partir de la decisi\u00f3n popular en las urnas, no con la proscripci\u00f3n de los tribunales\u201d, agreg\u00f3 el mandatario.<\/p>\n\n\n\n<blockquote class=\"twitter-tweet\"><p lang=\"es\" dir=\"ltr\">CUANDO QUIEN JUZGA Y CONDENA NO ES EL PODER JUDICIAL <a href=\"https:\/\/t.co\/3Zj2DtNBbZ\">pic.twitter.com\/3Zj2DtNBbZ<\/a><\/p>&mdash; Sergio Ziliotto (@ZiliottoSergio) <a href=\"https:\/\/twitter.com\/ZiliottoSergio\/status\/1932535697946161330?ref_src=twsrc%5Etfw\">June 10, 2025<\/a><\/blockquote> <script async src=\"https:\/\/platform.twitter.com\/widgets.js\" charset=\"utf-8\"><\/script>\n\n\n\n<p>\u201cEl fallo judicial contra Cristina Fern\u00e1ndez de Kirchner, tan propiciado por el poder real de la Argentina como anticipado por sus ap\u00e9ndices medi\u00e1ticos, transforma la decisi\u00f3n tomada por la Corte Suprema de Justicia en una mera formalidad procesal\u201d, expres\u00f3 Ziliotto en un documento titulado \u201cCuando quien juzga y condena no es el Poder Judicial\u201d.<\/p>\n\n\n\n<p>\u201cLos tiempos en los que se emite el fallo despiertan serias sospechas sobre los intereses que lo motivan. Una vez m\u00e1s, surge n\u00edtidamente esa capacidad judicial para hacer coincidir decisiones judiciales con cronogramas electorales\u201d, dijo. \u201cEsa notable presi\u00f3n medi\u00e1tica ejercida ante el Poder Judicial en cada instancia procesal s\u00f3lo pudo ser efectiva por la genuflexa actitud de varios de sus integrantes, sumando m\u00e1s desprestigio social a un poder del Estado que privilegia intereses pol\u00edticos sectoriales por encima del estricto cumplimiento de su rol constitucional\u201d.<\/p>\n\n\n\n<p>\u201cEsa grave connivencia ha quedado demostrada ante la difusi\u00f3n p\u00fablica de reuniones y actividades compartidas entre jueces y fiscales con altos miembros del gobierno de turno\u201d, sostuvo.<\/p>\n\n\n\n<p><\/p>\n\n\n\n<figure class=\"wp-block-embed is-type-wp-embed is-provider-diario-textual wp-block-embed-diario-textual\"><div class=\"wp-block-embed__wrapper\">\n<blockquote class=\"wp-embedded-content\" data-secret=\"dZz6jz2xiP\"><a href=\"https:\/\/diariotextual.com\/inicio\/index.php\/2025\/06\/10\/proscriben-a-cfk-militantes-se-convocan-a-las-19-horas-en-la-sede-del-pj-pampeano\/\">\u201cProscriben a CFK\u201d: Militantes se convocan a las 19 horas en la sede del PJ pampeano<\/a><\/blockquote><iframe class=\"wp-embedded-content\" sandbox=\"allow-scripts\" security=\"restricted\" style=\"position: absolute; visibility: hidden;\" title=\"\u00ab\u201cProscriben a CFK\u201d: Militantes se convocan a las 19 horas en la sede del PJ pampeano\u00bb \u2014 Diario Textual\" src=\"https:\/\/diariotextual.com\/inicio\/index.php\/2025\/06\/10\/proscriben-a-cfk-militantes-se-convocan-a-las-19-horas-en-la-sede-del-pj-pampeano\/embed\/#?secret=j5vViu9c3z#?secret=dZz6jz2xiP\" data-secret=\"dZz6jz2xiP\" width=\"600\" height=\"338\" frameborder=\"0\" marginwidth=\"0\" marginheight=\"0\" scrolling=\"no\"><\/iframe>\n<\/div><\/figure>\n\n\n\n<p><\/p>\n\n\n\n<p>\u201cSorprende que, en los fundamentos de la condena, se asigne al titular del Poder Ejecutivo Nacional el car\u00e1cter de responsable directo y final de la toma de decisiones emitidas por funcionarios de menor rango, responsables de organismos aut\u00e1rquicos o bien de esferas provinciales. Sin dudas, una incoherencia que desconoce el esquema jer\u00e1rquico que fijan las normas de administraci\u00f3n de los dineros p\u00fablicos\u201d, cuestion\u00f3 el tambi\u00e9n presidente del PJ pampeano. \u201cSi se quisiera mostrar imparcialidad al administrar justicia debieran tomar impulso causas inactivas hace muchos a\u00f1os, demostrando as\u00ed que no existe selectividad seg\u00fan quien sea investigado\u201d.<\/p>\n\n\n\n<p>Adem\u00e1s, cuestion\u00f3 la doble vara de la Justicia nacional. \u201cPor el contrario, hoy dirigentes enemigos siguen siendo investigados y condenados r\u00e1pidamente y las causas de dirigentes amigos contin\u00faan paralizadas en los tribunales. As\u00ed, la igualdad ante la ley sigue siendo un eslogan vac\u00edo\u201d, expres\u00f3.<\/p>\n\n\n\n<p>\u201cDebe quedar en claro que nadie puede estar por encima de la ley, pero tampoco aceptar que sea la excusa para perseguir a los que piensan distinto. No pedimos impunidad. S\u00ed, exigimos justicia a trav\u00e9s de procesos limpios, transparentes y justos\u201d, dijo.<\/p>\n\n\n\n<p>\u201cConsecuentes con nuestra historia, rechazamos la judicializaci\u00f3n de la pol\u00edtica. No s\u00f3lo da\u00f1a la credibilidad de la democracia, sino que distorsiona el proceso electoral y convierte al adversario pol\u00edtico en enemigo penal. Las diferencias pol\u00edticas deben resolverse a partir de la decisi\u00f3n popular en las urnas, no con la proscripci\u00f3n de los tribunales\u201d, finaliz\u00f3 Ziliotto.<\/p>\n\n\n\n<p>En una decisi\u00f3n de&nbsp;<strong>alto impacto pol\u00edtico y judicial<\/strong>, la&nbsp;<strong>Corte Suprema de Justicia de la Naci\u00f3n&nbsp;<\/strong>rechaz\u00f3 la apelaci\u00f3n, sin entrar a analizar el caso, y<strong>&nbsp;confirm\u00f3 la condena a 6 a\u00f1os de prisi\u00f3n a la expresidenta Cristina Fern\u00e1ndez de Kirchner&nbsp;<\/strong>por la Causa Vialidad. Esta decisi\u00f3n implica que&nbsp;<strong>queda firme la condena&nbsp;<\/strong>contra la dos veces presidenta<strong>&nbsp;Cristina Fern\u00e1ndez de Kirchner<\/strong>, a&nbsp;<strong>seis a\u00f1os de prisi\u00f3n e inhabilitaci\u00f3n perpetua para ejercer cargos p\u00fablicos<\/strong>. La sentencia incluye el decomiso de unos&nbsp;<strong>84.000 millones de pesos.<\/strong><\/p>\n\n\n\n<p>Ahora el Tribunal Oral Federal 2 (TOF 2)&nbsp;<strong>deber\u00e1 resolver sobre las condiciones de detenci\u00f3n de la ex mandataria<\/strong>&nbsp;y de los otros ocho condenados,&nbsp;<strong>entre ellos L\u00e1zaro B\u00e1ez y Jos\u00e9 L\u00f3pez.<\/strong>&nbsp;Es muy probable que en el caso de Cristina Kirchner, el TOF 2 resuelva&nbsp;<strong>concederle el beneficio del arresto domiciliario<\/strong>&nbsp;por contar con m\u00e1s de 70 a\u00f1os. Adem\u00e1s,&nbsp;<strong>no podr\u00e1 participar de las elecciones legislativas<\/strong>&nbsp;donde planeaba competir por una banca provincial. Esto convierte el caso en&nbsp;<strong>el hecho de mayor impacto&nbsp;<\/strong>en el escenario pol\u00edtico y judicial actual del pa\u00eds.<\/p>\n","protected":false},"excerpt":{"rendered":"<p>El gobernador Sergio Ziliotto dijo que hubo proscripci\u00f3n por el fallo de la Corte Suprema de Justicia de la Naci\u00f3n que manda a prisi\u00f3n a Cristina Fern\u00e1ndez de Kirchner. \u201cDebe&hellip;<\/p>\n","protected":false},"author":3,"featured_media":296396,"comment_status":"closed","ping_status":"open","sticky":false,"template":"","format":"standard","meta":{"_acf_changed":false,"footnotes":""},"categories":[1,8],"tags":[],"class_list":["post-298510","post","type-post","status-publish","format-standard","has-post-thumbnail","hentry","category-es-noticia","category-politica"],"acf":[],"yoast_head":"<!-- This site is optimized with the Yoast SEO plugin v27.5 - https:\/\/yoast.com\/product\/yoast-seo-wordpress\/ -->\n<title>Ziliotto dice que hay proscripci\u00f3n por el fallo de la Corte que manda a prisi\u00f3n a Cristina - Diario Textual<\/title>\n<meta name=\"robots\" content=\"index, follow, max-snippet:-1, max-image-preview:large, max-video-preview:-1\" \/>\n<link rel=\"canonical\" href=\"https:\/\/diariotextual.com\/inicio\/index.php\/2025\/06\/10\/ziliotto-dijo-que-hubo-proscripcion-por-el-fallo-de-la-corte-que-manda-a-prision-a-cristina\/\" \/>\n<meta property=\"og:locale\" content=\"es_ES\" \/>\n<meta property=\"og:type\" content=\"article\" \/>\n<meta property=\"og:title\" content=\"Ziliotto dice que hay proscripci\u00f3n por el fallo de la Corte que manda a prisi\u00f3n a Cristina - Diario Textual\" \/>\n<meta property=\"og:description\" content=\"El gobernador Sergio Ziliotto dijo que hubo proscripci\u00f3n por el fallo de la Corte Suprema de Justicia de la Naci\u00f3n que manda a prisi\u00f3n a Cristina Fern\u00e1ndez de Kirchner. \u201cDebe&hellip;\" \/>\n<meta property=\"og:url\" content=\"https:\/\/diariotextual.com\/inicio\/index.php\/2025\/06\/10\/ziliotto-dijo-que-hubo-proscripcion-por-el-fallo-de-la-corte-que-manda-a-prision-a-cristina\/\" \/>\n<meta property=\"og:site_name\" content=\"Diario Textual\" \/>\n<meta property=\"article:publisher\" content=\"https:\/\/www.facebook.com\/eltextual\" \/>\n<meta property=\"article:published_time\" content=\"2025-06-10T20:26:49+00:00\" \/>\n<meta property=\"article:modified_time\" content=\"2025-06-10T23:20:22+00:00\" \/>\n<meta property=\"og:image\" content=\"https:\/\/diariotextual.com\/inicio\/wp-content\/uploads\/2025\/05\/ziliottosergio2025-87.jpg\" \/>\n\t<meta property=\"og:image:width\" content=\"1500\" \/>\n\t<meta property=\"og:image:height\" content=\"920\" \/>\n\t<meta property=\"og:image:type\" content=\"image\/jpeg\" \/>\n<meta name=\"author\" content=\"Diario1 Diario1\" \/>\n<meta name=\"twitter:card\" content=\"summary_large_image\" \/>\n<meta name=\"twitter:creator\" content=\"@eltextual\" \/>\n<meta name=\"twitter:site\" content=\"@eltextual\" \/>\n<meta name=\"twitter:label1\" content=\"Escrito por\" \/>\n\t<meta name=\"twitter:data1\" content=\"Diario1 Diario1\" \/>\n\t<meta name=\"twitter:label2\" content=\"Tiempo de lectura\" \/>\n\t<meta name=\"twitter:data2\" content=\"4 minutos\" \/>\n<script type=\"application\/ld+json\" class=\"yoast-schema-graph\">{\"@context\":\"https:\\\/\\\/schema.org\",\"@graph\":[{\"@type\":\"Article\",\"@id\":\"https:\\\/\\\/diariotextual.com\\\/inicio\\\/index.php\\\/2025\\\/06\\\/10\\\/ziliotto-dijo-que-hubo-proscripcion-por-el-fallo-de-la-corte-que-manda-a-prision-a-cristina\\\/#article\",\"isPartOf\":{\"@id\":\"https:\\\/\\\/diariotextual.com\\\/inicio\\\/index.php\\\/2025\\\/06\\\/10\\\/ziliotto-dijo-que-hubo-proscripcion-por-el-fallo-de-la-corte-que-manda-a-prision-a-cristina\\\/\"},\"author\":{\"name\":\"Diario1 Diario1\",\"@id\":\"https:\\\/\\\/diariotextual.com\\\/inicio\\\/#\\\/schema\\\/person\\\/418fc4093c33e86ed41562db3508f958\"},\"headline\":\"Ziliotto dice que hay proscripci\u00f3n por el fallo de la Corte que manda a prisi\u00f3n a Cristina\",\"datePublished\":\"2025-06-10T20:26:49+00:00\",\"dateModified\":\"2025-06-10T23:20:22+00:00\",\"mainEntityOfPage\":{\"@id\":\"https:\\\/\\\/diariotextual.com\\\/inicio\\\/index.php\\\/2025\\\/06\\\/10\\\/ziliotto-dijo-que-hubo-proscripcion-por-el-fallo-de-la-corte-que-manda-a-prision-a-cristina\\\/\"},\"wordCount\":801,\"publisher\":{\"@id\":\"https:\\\/\\\/diariotextual.com\\\/inicio\\\/#organization\"},\"image\":{\"@id\":\"https:\\\/\\\/diariotextual.com\\\/inicio\\\/index.php\\\/2025\\\/06\\\/10\\\/ziliotto-dijo-que-hubo-proscripcion-por-el-fallo-de-la-corte-que-manda-a-prision-a-cristina\\\/#primaryimage\"},\"thumbnailUrl\":\"https:\\\/\\\/diariotextual.com\\\/inicio\\\/wp-content\\\/uploads\\\/2025\\\/05\\\/ziliottosergio2025-87.jpg\",\"articleSection\":[\"A - ES NOTICIA (van abajo)\",\"POLITICA\"],\"inLanguage\":\"es\"},{\"@type\":\"WebPage\",\"@id\":\"https:\\\/\\\/diariotextual.com\\\/inicio\\\/index.php\\\/2025\\\/06\\\/10\\\/ziliotto-dijo-que-hubo-proscripcion-por-el-fallo-de-la-corte-que-manda-a-prision-a-cristina\\\/\",\"url\":\"https:\\\/\\\/diariotextual.com\\\/inicio\\\/index.php\\\/2025\\\/06\\\/10\\\/ziliotto-dijo-que-hubo-proscripcion-por-el-fallo-de-la-corte-que-manda-a-prision-a-cristina\\\/\",\"name\":\"Ziliotto dice que hay proscripci\u00f3n por el fallo de la Corte que manda a prisi\u00f3n a Cristina - Diario Textual\",\"isPartOf\":{\"@id\":\"https:\\\/\\\/diariotextual.com\\\/inicio\\\/#website\"},\"primaryImageOfPage\":{\"@id\":\"https:\\\/\\\/diariotextual.com\\\/inicio\\\/index.php\\\/2025\\\/06\\\/10\\\/ziliotto-dijo-que-hubo-proscripcion-por-el-fallo-de-la-corte-que-manda-a-prision-a-cristina\\\/#primaryimage\"},\"image\":{\"@id\":\"https:\\\/\\\/diariotextual.com\\\/inicio\\\/index.php\\\/2025\\\/06\\\/10\\\/ziliotto-dijo-que-hubo-proscripcion-por-el-fallo-de-la-corte-que-manda-a-prision-a-cristina\\\/#primaryimage\"},\"thumbnailUrl\":\"https:\\\/\\\/diariotextual.com\\\/inicio\\\/wp-content\\\/uploads\\\/2025\\\/05\\\/ziliottosergio2025-87.jpg\",\"datePublished\":\"2025-06-10T20:26:49+00:00\",\"dateModified\":\"2025-06-10T23:20:22+00:00\",\"breadcrumb\":{\"@id\":\"https:\\\/\\\/diariotextual.com\\\/inicio\\\/index.php\\\/2025\\\/06\\\/10\\\/ziliotto-dijo-que-hubo-proscripcion-por-el-fallo-de-la-corte-que-manda-a-prision-a-cristina\\\/#breadcrumb\"},\"inLanguage\":\"es\",\"potentialAction\":[{\"@type\":\"ReadAction\",\"target\":[\"https:\\\/\\\/diariotextual.com\\\/inicio\\\/index.php\\\/2025\\\/06\\\/10\\\/ziliotto-dijo-que-hubo-proscripcion-por-el-fallo-de-la-corte-que-manda-a-prision-a-cristina\\\/\"]}]},{\"@type\":\"ImageObject\",\"inLanguage\":\"es\",\"@id\":\"https:\\\/\\\/diariotextual.com\\\/inicio\\\/index.php\\\/2025\\\/06\\\/10\\\/ziliotto-dijo-que-hubo-proscripcion-por-el-fallo-de-la-corte-que-manda-a-prision-a-cristina\\\/#primaryimage\",\"url\":\"https:\\\/\\\/diariotextual.com\\\/inicio\\\/wp-content\\\/uploads\\\/2025\\\/05\\\/ziliottosergio2025-87.jpg\",\"contentUrl\":\"https:\\\/\\\/diariotextual.com\\\/inicio\\\/wp-content\\\/uploads\\\/2025\\\/05\\\/ziliottosergio2025-87.jpg\",\"width\":1500,\"height\":920},{\"@type\":\"BreadcrumbList\",\"@id\":\"https:\\\/\\\/diariotextual.com\\\/inicio\\\/index.php\\\/2025\\\/06\\\/10\\\/ziliotto-dijo-que-hubo-proscripcion-por-el-fallo-de-la-corte-que-manda-a-prision-a-cristina\\\/#breadcrumb\",\"itemListElement\":[{\"@type\":\"ListItem\",\"position\":1,\"name\":\"Portada\",\"item\":\"https:\\\/\\\/diariotextual.com\\\/inicio\\\/\"},{\"@type\":\"ListItem\",\"position\":2,\"name\":\"Ziliotto dice que hay proscripci\u00f3n por el fallo de la Corte que manda a prisi\u00f3n a Cristina\"}]},{\"@type\":\"WebSite\",\"@id\":\"https:\\\/\\\/diariotextual.com\\\/inicio\\\/#website\",\"url\":\"https:\\\/\\\/diariotextual.com\\\/inicio\\\/\",\"name\":\"Diario Textual\",\"description\":\"\",\"publisher\":{\"@id\":\"https:\\\/\\\/diariotextual.com\\\/inicio\\\/#organization\"},\"potentialAction\":[{\"@type\":\"SearchAction\",\"target\":{\"@type\":\"EntryPoint\",\"urlTemplate\":\"https:\\\/\\\/diariotextual.com\\\/inicio\\\/?s={search_term_string}\"},\"query-input\":{\"@type\":\"PropertyValueSpecification\",\"valueRequired\":true,\"valueName\":\"search_term_string\"}}],\"inLanguage\":\"es\"},{\"@type\":\"Organization\",\"@id\":\"https:\\\/\\\/diariotextual.com\\\/inicio\\\/#organization\",\"name\":\"Diario Textual\",\"url\":\"https:\\\/\\\/diariotextual.com\\\/inicio\\\/\",\"logo\":{\"@type\":\"ImageObject\",\"inLanguage\":\"es\",\"@id\":\"https:\\\/\\\/diariotextual.com\\\/inicio\\\/#\\\/schema\\\/logo\\\/image\\\/\",\"url\":\"https:\\\/\\\/diariotextual.com\\\/inicio\\\/wp-content\\\/uploads\\\/2023\\\/05\\\/logotextual1.jpg\",\"contentUrl\":\"https:\\\/\\\/diariotextual.com\\\/inicio\\\/wp-content\\\/uploads\\\/2023\\\/05\\\/logotextual1.jpg\",\"width\":516,\"height\":76,\"caption\":\"Diario Textual\"},\"image\":{\"@id\":\"https:\\\/\\\/diariotextual.com\\\/inicio\\\/#\\\/schema\\\/logo\\\/image\\\/\"},\"sameAs\":[\"https:\\\/\\\/www.facebook.com\\\/eltextual\",\"https:\\\/\\\/x.com\\\/eltextual\",\"http:\\\/\\\/www.instagram.com\\\/eltextual\"]},{\"@type\":\"Person\",\"@id\":\"https:\\\/\\\/diariotextual.com\\\/inicio\\\/#\\\/schema\\\/person\\\/418fc4093c33e86ed41562db3508f958\",\"name\":\"Diario1 Diario1\",\"image\":{\"@type\":\"ImageObject\",\"inLanguage\":\"es\",\"@id\":\"https:\\\/\\\/secure.gravatar.com\\\/avatar\\\/9167d280179c85bc18be67aa7eda765854300033af4896dd779b608640f2ef7a?s=96&d=mm&r=g\",\"url\":\"https:\\\/\\\/secure.gravatar.com\\\/avatar\\\/9167d280179c85bc18be67aa7eda765854300033af4896dd779b608640f2ef7a?s=96&d=mm&r=g\",\"contentUrl\":\"https:\\\/\\\/secure.gravatar.com\\\/avatar\\\/9167d280179c85bc18be67aa7eda765854300033af4896dd779b608640f2ef7a?s=96&d=mm&r=g\",\"caption\":\"Diario1 Diario1\"},\"url\":\"https:\\\/\\\/diariotextual.com\\\/inicio\\\/index.php\\\/author\\\/diario1\\\/\"}]}<\/script>\n<!-- \/ Yoast SEO plugin. -->","yoast_head_json":{"title":"Ziliotto dice que hay proscripci\u00f3n por el fallo de la Corte que manda a prisi\u00f3n a Cristina - Diario Textual","robots":{"index":"index","follow":"follow","max-snippet":"max-snippet:-1","max-image-preview":"max-image-preview:large","max-video-preview":"max-video-preview:-1"},"canonical":"https:\/\/diariotextual.com\/inicio\/index.php\/2025\/06\/10\/ziliotto-dijo-que-hubo-proscripcion-por-el-fallo-de-la-corte-que-manda-a-prision-a-cristina\/","og_locale":"es_ES","og_type":"article","og_title":"Ziliotto dice que hay proscripci\u00f3n por el fallo de la Corte que manda a prisi\u00f3n a Cristina - Diario Textual","og_description":"El gobernador Sergio Ziliotto dijo que hubo proscripci\u00f3n por el fallo de la Corte Suprema de Justicia de la Naci\u00f3n que manda a prisi\u00f3n a Cristina Fern\u00e1ndez de Kirchner. \u201cDebe&hellip;","og_url":"https:\/\/diariotextual.com\/inicio\/index.php\/2025\/06\/10\/ziliotto-dijo-que-hubo-proscripcion-por-el-fallo-de-la-corte-que-manda-a-prision-a-cristina\/","og_site_name":"Diario Textual","article_publisher":"https:\/\/www.facebook.com\/eltextual","article_published_time":"2025-06-10T20:26:49+00:00","article_modified_time":"2025-06-10T23:20:22+00:00","og_image":[{"width":1500,"height":920,"url":"https:\/\/diariotextual.com\/inicio\/wp-content\/uploads\/2025\/05\/ziliottosergio2025-87.jpg","type":"image\/jpeg"}],"author":"Diario1 Diario1","twitter_card":"summary_large_image","twitter_creator":"@eltextual","twitter_site":"@eltextual","twitter_misc":{"Escrito por":"Diario1 Diario1","Tiempo de lectura":"4 minutos"},"schema":{"@context":"https:\/\/schema.org","@graph":[{"@type":"Article","@id":"https:\/\/diariotextual.com\/inicio\/index.php\/2025\/06\/10\/ziliotto-dijo-que-hubo-proscripcion-por-el-fallo-de-la-corte-que-manda-a-prision-a-cristina\/#article","isPartOf":{"@id":"https:\/\/diariotextual.com\/inicio\/index.php\/2025\/06\/10\/ziliotto-dijo-que-hubo-proscripcion-por-el-fallo-de-la-corte-que-manda-a-prision-a-cristina\/"},"author":{"name":"Diario1 Diario1","@id":"https:\/\/diariotextual.com\/inicio\/#\/schema\/person\/418fc4093c33e86ed41562db3508f958"},"headline":"Ziliotto dice que hay proscripci\u00f3n por el fallo de la Corte que manda a prisi\u00f3n a Cristina","datePublished":"2025-06-10T20:26:49+00:00","dateModified":"2025-06-10T23:20:22+00:00","mainEntityOfPage":{"@id":"https:\/\/diariotextual.com\/inicio\/index.php\/2025\/06\/10\/ziliotto-dijo-que-hubo-proscripcion-por-el-fallo-de-la-corte-que-manda-a-prision-a-cristina\/"},"wordCount":801,"publisher":{"@id":"https:\/\/diariotextual.com\/inicio\/#organization"},"image":{"@id":"https:\/\/diariotextual.com\/inicio\/index.php\/2025\/06\/10\/ziliotto-dijo-que-hubo-proscripcion-por-el-fallo-de-la-corte-que-manda-a-prision-a-cristina\/#primaryimage"},"thumbnailUrl":"https:\/\/diariotextual.com\/inicio\/wp-content\/uploads\/2025\/05\/ziliottosergio2025-87.jpg","articleSection":["A - ES NOTICIA (van abajo)","POLITICA"],"inLanguage":"es"},{"@type":"WebPage","@id":"https:\/\/diariotextual.com\/inicio\/index.php\/2025\/06\/10\/ziliotto-dijo-que-hubo-proscripcion-por-el-fallo-de-la-corte-que-manda-a-prision-a-cristina\/","url":"https:\/\/diariotextual.com\/inicio\/index.php\/2025\/06\/10\/ziliotto-dijo-que-hubo-proscripcion-por-el-fallo-de-la-corte-que-manda-a-prision-a-cristina\/","name":"Ziliotto dice que hay proscripci\u00f3n por el fallo de la Corte que manda a prisi\u00f3n a Cristina - Diario Textual","isPartOf":{"@id":"https:\/\/diariotextual.com\/inicio\/#website"},"primaryImageOfPage":{"@id":"https:\/\/diariotextual.com\/inicio\/index.php\/2025\/06\/10\/ziliotto-dijo-que-hubo-proscripcion-por-el-fallo-de-la-corte-que-manda-a-prision-a-cristina\/#primaryimage"},"image":{"@id":"https:\/\/diariotextual.com\/inicio\/index.php\/2025\/06\/10\/ziliotto-dijo-que-hubo-proscripcion-por-el-fallo-de-la-corte-que-manda-a-prision-a-cristina\/#primaryimage"},"thumbnailUrl":"https:\/\/diariotextual.com\/inicio\/wp-content\/uploads\/2025\/05\/ziliottosergio2025-87.jpg","datePublished":"2025-06-10T20:26:49+00:00","dateModified":"2025-06-10T23:20:22+00:00","breadcrumb":{"@id":"https:\/\/diariotextual.com\/inicio\/index.php\/2025\/06\/10\/ziliotto-dijo-que-hubo-proscripcion-por-el-fallo-de-la-corte-que-manda-a-prision-a-cristina\/#breadcrumb"},"inLanguage":"es","potentialAction":[{"@type":"ReadAction","target":["https:\/\/diariotextual.com\/inicio\/index.php\/2025\/06\/10\/ziliotto-dijo-que-hubo-proscripcion-por-el-fallo-de-la-corte-que-manda-a-prision-a-cristina\/"]}]},{"@type":"ImageObject","inLanguage":"es","@id":"https:\/\/diariotextual.com\/inicio\/index.php\/2025\/06\/10\/ziliotto-dijo-que-hubo-proscripcion-por-el-fallo-de-la-corte-que-manda-a-prision-a-cristina\/#primaryimage","url":"https:\/\/diariotextual.com\/inicio\/wp-content\/uploads\/2025\/05\/ziliottosergio2025-87.jpg","contentUrl":"https:\/\/diariotextual.com\/inicio\/wp-content\/uploads\/2025\/05\/ziliottosergio2025-87.jpg","width":1500,"height":920},{"@type":"BreadcrumbList","@id":"https:\/\/diariotextual.com\/inicio\/index.php\/2025\/06\/10\/ziliotto-dijo-que-hubo-proscripcion-por-el-fallo-de-la-corte-que-manda-a-prision-a-cristina\/#breadcrumb","itemListElement":[{"@type":"ListItem","position":1,"name":"Portada","item":"https:\/\/diariotextual.com\/inicio\/"},{"@type":"ListItem","position":2,"name":"Ziliotto dice que hay proscripci\u00f3n por el fallo de la Corte que manda a prisi\u00f3n a Cristina"}]},{"@type":"WebSite","@id":"https:\/\/diariotextual.com\/inicio\/#website","url":"https:\/\/diariotextual.com\/inicio\/","name":"Diario Textual","description":"","publisher":{"@id":"https:\/\/diariotextual.com\/inicio\/#organization"},"potentialAction":[{"@type":"SearchAction","target":{"@type":"EntryPoint","urlTemplate":"https:\/\/diariotextual.com\/inicio\/?s={search_term_string}"},"query-input":{"@type":"PropertyValueSpecification","valueRequired":true,"valueName":"search_term_string"}}],"inLanguage":"es"},{"@type":"Organization","@id":"https:\/\/diariotextual.com\/inicio\/#organization","name":"Diario Textual","url":"https:\/\/diariotextual.com\/inicio\/","logo":{"@type":"ImageObject","inLanguage":"es","@id":"https:\/\/diariotextual.com\/inicio\/#\/schema\/logo\/image\/","url":"https:\/\/diariotextual.com\/inicio\/wp-content\/uploads\/2023\/05\/logotextual1.jpg","contentUrl":"https:\/\/diariotextual.com\/inicio\/wp-content\/uploads\/2023\/05\/logotextual1.jpg","width":516,"height":76,"caption":"Diario Textual"},"image":{"@id":"https:\/\/diariotextual.com\/inicio\/#\/schema\/logo\/image\/"},"sameAs":["https:\/\/www.facebook.com\/eltextual","https:\/\/x.com\/eltextual","http:\/\/www.instagram.com\/eltextual"]},{"@type":"Person","@id":"https:\/\/diariotextual.com\/inicio\/#\/schema\/person\/418fc4093c33e86ed41562db3508f958","name":"Diario1 Diario1","image":{"@type":"ImageObject","inLanguage":"es","@id":"https:\/\/secure.gravatar.com\/avatar\/9167d280179c85bc18be67aa7eda765854300033af4896dd779b608640f2ef7a?s=96&d=mm&r=g","url":"https:\/\/secure.gravatar.com\/avatar\/9167d280179c85bc18be67aa7eda765854300033af4896dd779b608640f2ef7a?s=96&d=mm&r=g","contentUrl":"https:\/\/secure.gravatar.com\/avatar\/9167d280179c85bc18be67aa7eda765854300033af4896dd779b608640f2ef7a?s=96&d=mm&r=g","caption":"Diario1 Diario1"},"url":"https:\/\/diariotextual.com\/inicio\/index.php\/author\/diario1\/"}]}},"_links":{"self":[{"href":"https:\/\/diariotextual.com\/inicio\/index.php\/wp-json\/wp\/v2\/posts\/298510","targetHints":{"allow":["GET"]}}],"collection":[{"href":"https:\/\/diariotextual.com\/inicio\/index.php\/wp-json\/wp\/v2\/posts"}],"about":[{"href":"https:\/\/diariotextual.com\/inicio\/index.php\/wp-json\/wp\/v2\/types\/post"}],"author":[{"embeddable":true,"href":"https:\/\/diariotextual.com\/inicio\/index.php\/wp-json\/wp\/v2\/users\/3"}],"replies":[{"embeddable":true,"href":"https:\/\/diariotextual.com\/inicio\/index.php\/wp-json\/wp\/v2\/comments?post=298510"}],"version-history":[{"count":6,"href":"https:\/\/diariotextual.com\/inicio\/index.php\/wp-json\/wp\/v2\/posts\/298510\/revisions"}],"predecessor-version":[{"id":298524,"href":"https:\/\/diariotextual.com\/inicio\/index.php\/wp-json\/wp\/v2\/posts\/298510\/revisions\/298524"}],"wp:featuredmedia":[{"embeddable":true,"href":"https:\/\/diariotextual.com\/inicio\/index.php\/wp-json\/wp\/v2\/media\/296396"}],"wp:attachment":[{"href":"https:\/\/diariotextual.com\/inicio\/index.php\/wp-json\/wp\/v2\/media?parent=298510"}],"wp:term":[{"taxonomy":"category","embeddable":true,"href":"https:\/\/diariotextual.com\/inicio\/index.php\/wp-json\/wp\/v2\/categories?post=298510"},{"taxonomy":"post_tag","embeddable":true,"href":"https:\/\/diariotextual.com\/inicio\/index.php\/wp-json\/wp\/v2\/tags?post=298510"}],"curies":[{"name":"wp","href":"https:\/\/api.w.org\/{rel}","templated":true}]}}