{"id":298527,"date":"2025-06-10T18:02:42","date_gmt":"2025-06-10T21:02:42","guid":{"rendered":"https:\/\/diariotextual.com\/inicio\/?p=298527"},"modified":"2025-06-11T08:41:08","modified_gmt":"2025-06-11T11:41:08","slug":"cristina-kirchner-y-su-condena-a-6-anos-de-prision-el-partido-judicial-le-agrega-el-cepo-al-voto-popular","status":"publish","type":"post","link":"https:\/\/diariotextual.com\/inicio\/index.php\/2025\/06\/10\/cristina-kirchner-y-su-condena-a-6-anos-de-prision-el-partido-judicial-le-agrega-el-cepo-al-voto-popular\/","title":{"rendered":"Cristina Kirchner y su condena a 6 a\u00f1os de prisi\u00f3n: \u201cEl Partido Judicial le agrega el cepo al voto popular\u201d"},"content":{"rendered":"\n<p>Minutos despu\u00e9s de la decisi\u00f3n de la<strong> Corte Suprema de Justicia de la Naci\u00f3n<\/strong> de dejar firme la condena por la Causa Vialidad que, adem\u00e1s, la inhabilita para ejercer cargos p\u00fablicos de por vida, Cristina Kirchner habl\u00f3 desde la puerta de la sede del PJ Nacional y apunt\u00f3 directamente contra la justicia argentina. <strong>\u201cAl cepo del salario del gobierno de Javier Milei, ahora el partido judicial le agrega el cepo al voto popular\u201d<\/strong>, afirm\u00f3 la ex mandataria.<\/p>\n\n\n\n<p>\u201cEn realidad a este cepo -agreg\u00f3- no lo ponen\u00a0<strong>este triunvirato de impresentables que funge como una ficci\u00f3n de la Corte Suprema, no se confundan, son tres monigotes que responden a mandos naturales muy por arriba de ellos.<\/strong>\u00a0Que nadie se confunda. Tampoco es la oposici\u00f3n. Es el poder econ\u00f3mico concentrado de la Rep\u00fablica Argentina, compa\u00f1eros y compa\u00f1eras. Ese que cuando se produjo el intento de magnicidio aquel primero de septiembre a los pocos d\u00edas titul\u00f3 \u2018La bala que no sali\u00f3, pero el fallo que s\u00ed saldr\u00e1\u2019. En tapa. M\u00e1s clarito echale agua\u201d.<\/p>\n\n\n\n<p>\u201c\u00bfSaben por qu\u00e9 este cepo? Porque no van a cometer el mismo error que cometieron en el a\u00f1o 2019 cuando creyeron que, despu\u00e9s de haber perdido las elecciones en el 2017, y despu\u00e9s de esa campa\u00f1a de estigmatizaci\u00f3n y vandalismo sobre mi persona, estaba acabada. Un detalle que seguramente se les escapa. Esta causa, tiene un cronograma electoral maravilloso. Un mes antes\u00bb, sentenci\u00f3.<\/p>\n\n\n\n<p>\u201cCuando este monigote de presidente (Javier Milei) no les sirva m\u00e1s al poder econ\u00f3mico, cuando se caiga, porque cu\u00e1nto puede durar el endeudamiento serial, los salarios bajos, la destrucci\u00f3n de las capacidades argentinas, del Garraham, de las universidad, cuando todo eso se caiga, el poder econ\u00f3mico pretende que el campo popular no pueda organizarse\u201d, explic\u00f3.<\/p>\n\n\n\n<p>En una decisi\u00f3n de&nbsp;<strong>alto impacto pol\u00edtico y judicial<\/strong>, la&nbsp;<strong>Corte Suprema de Justicia de la Naci\u00f3n&nbsp;<\/strong>rechaz\u00f3 la apelaci\u00f3n, sin entrar a analizar el caso, y<strong>&nbsp;confirm\u00f3 la condena a 6 a\u00f1os de prisi\u00f3n a la expresidenta Cristina Fern\u00e1ndez de Kirchner&nbsp;<\/strong>por la Causa Vialidad. Esta decisi\u00f3n implica que&nbsp;tambi\u00e9n&nbsp;<strong>queda firme&nbsp;<\/strong>la&nbsp;<strong>inhabilitaci\u00f3n perpetua para ejercer cargos p\u00fablicos<\/strong>. La sentencia incluye el decomiso de unos&nbsp;<strong>84.000 millones de pesos.<\/strong><\/p>\n\n\n\n<figure class=\"wp-block-embed is-type-wp-embed is-provider-diario-textual wp-block-embed-diario-textual\"><div class=\"wp-block-embed__wrapper\">\n<blockquote class=\"wp-embedded-content\" data-secret=\"dFdegEOE0X\"><a href=\"https:\/\/diariotextual.com\/inicio\/index.php\/2025\/06\/10\/la-corte-rechazo-la-apelacion-y-condeno-a-prision-a-cristina\/\">La Corte rechaz\u00f3 la apelaci\u00f3n y conden\u00f3 a prisi\u00f3n a Cristina<\/a><\/blockquote><iframe class=\"wp-embedded-content\" sandbox=\"allow-scripts\" security=\"restricted\" style=\"position: absolute; visibility: hidden;\" title=\"\u00abLa Corte rechaz\u00f3 la apelaci\u00f3n y conden\u00f3 a prisi\u00f3n a Cristina\u00bb \u2014 Diario Textual\" src=\"https:\/\/diariotextual.com\/inicio\/index.php\/2025\/06\/10\/la-corte-rechazo-la-apelacion-y-condeno-a-prision-a-cristina\/embed\/#?secret=IefnOYB1jm#?secret=dFdegEOE0X\" data-secret=\"dFdegEOE0X\" width=\"600\" height=\"338\" frameborder=\"0\" marginwidth=\"0\" marginheight=\"0\" scrolling=\"no\"><\/iframe>\n<\/div><\/figure>\n\n\n\n<p><\/p>\n\n\n\n<p>Ahora el Tribunal Oral Federal 2 (TOF 2)&nbsp;<strong>deber\u00e1 resolver sobre las condiciones de detenci\u00f3n de la ex mandataria<\/strong>&nbsp;y de los otros ocho condenados,&nbsp;<strong>entre ellos L\u00e1zaro B\u00e1ez y Jos\u00e9 L\u00f3pez.<\/strong>&nbsp;Es muy probable que en el caso de Cristina Kirchner, el TOF 2 resuelva&nbsp;<strong>concederle el beneficio del arresto domiciliario<\/strong>&nbsp;por contar con m\u00e1s de 70 a\u00f1os. Adem\u00e1s,&nbsp;<strong>no podr\u00e1 participar de las elecciones legislativas<\/strong>&nbsp;donde planeaba competir por una banca provincial. Esto convierte el caso en&nbsp;<strong>el hecho de mayor impacto&nbsp;<\/strong>en el escenario pol\u00edtico y judicial actual del pa\u00eds.<\/p>\n\n\n\n<p><\/p>\n\n\n\n<figure class=\"wp-block-embed is-type-wp-embed is-provider-diario-textual wp-block-embed-diario-textual\"><div class=\"wp-block-embed__wrapper\">\n<blockquote class=\"wp-embedded-content\" data-secret=\"JNgJVvJbJt\"><a href=\"https:\/\/diariotextual.com\/inicio\/index.php\/2025\/06\/10\/ziliotto-dijo-que-hubo-proscripcion-por-el-fallo-de-la-corte-que-manda-a-prision-a-cristina\/\">Ziliotto dice que hay proscripci\u00f3n por el fallo de la Corte que manda a prisi\u00f3n a Cristina<\/a><\/blockquote><iframe class=\"wp-embedded-content\" sandbox=\"allow-scripts\" security=\"restricted\" style=\"position: absolute; visibility: hidden;\" title=\"\u00abZiliotto dice que hay proscripci\u00f3n por el fallo de la Corte que manda a prisi\u00f3n a Cristina\u00bb \u2014 Diario Textual\" src=\"https:\/\/diariotextual.com\/inicio\/index.php\/2025\/06\/10\/ziliotto-dijo-que-hubo-proscripcion-por-el-fallo-de-la-corte-que-manda-a-prision-a-cristina\/embed\/#?secret=GL58MplPhn#?secret=JNgJVvJbJt\" data-secret=\"JNgJVvJbJt\" width=\"600\" height=\"338\" frameborder=\"0\" marginwidth=\"0\" marginheight=\"0\" scrolling=\"no\"><\/iframe>\n<\/div><\/figure>\n","protected":false},"excerpt":{"rendered":"<p>Minutos despu\u00e9s de la decisi\u00f3n de la Corte Suprema de Justicia de la Naci\u00f3n de dejar firme la condena por la Causa Vialidad que, adem\u00e1s, la inhabilita para ejercer cargos&hellip;<\/p>\n","protected":false},"author":3,"featured_media":297868,"comment_status":"closed","ping_status":"open","sticky":false,"template":"","format":"standard","meta":{"_acf_changed":false,"footnotes":""},"categories":[1,11,8],"tags":[],"class_list":["post-298527","post","type-post","status-publish","format-standard","has-post-thumbnail","hentry","category-es-noticia","category-que-pasa","category-politica"],"acf":[],"yoast_head":"<!-- This site is optimized with the Yoast SEO plugin v27.5 - https:\/\/yoast.com\/product\/yoast-seo-wordpress\/ -->\n<title>Cristina Kirchner y su condena a 6 a\u00f1os de prisi\u00f3n: \u201cEl Partido Judicial le agrega el cepo al voto popular\u201d - Diario Textual<\/title>\n<meta name=\"robots\" content=\"index, follow, max-snippet:-1, max-image-preview:large, max-video-preview:-1\" \/>\n<link rel=\"canonical\" href=\"https:\/\/diariotextual.com\/inicio\/index.php\/2025\/06\/10\/cristina-kirchner-y-su-condena-a-6-anos-de-prision-el-partido-judicial-le-agrega-el-cepo-al-voto-popular\/\" \/>\n<meta property=\"og:locale\" content=\"es_ES\" \/>\n<meta property=\"og:type\" content=\"article\" \/>\n<meta property=\"og:title\" content=\"Cristina Kirchner y su condena a 6 a\u00f1os de prisi\u00f3n: \u201cEl Partido Judicial le agrega el cepo al voto popular\u201d - Diario Textual\" \/>\n<meta property=\"og:description\" content=\"Minutos despu\u00e9s de la decisi\u00f3n de la Corte Suprema de Justicia de la Naci\u00f3n de dejar firme la condena por la Causa Vialidad que, adem\u00e1s, la inhabilita para ejercer cargos&hellip;\" \/>\n<meta property=\"og:url\" content=\"https:\/\/diariotextual.com\/inicio\/index.php\/2025\/06\/10\/cristina-kirchner-y-su-condena-a-6-anos-de-prision-el-partido-judicial-le-agrega-el-cepo-al-voto-popular\/\" \/>\n<meta property=\"og:site_name\" content=\"Diario Textual\" \/>\n<meta property=\"article:publisher\" content=\"https:\/\/www.facebook.com\/eltextual\" \/>\n<meta property=\"article:published_time\" content=\"2025-06-10T21:02:42+00:00\" \/>\n<meta property=\"article:modified_time\" content=\"2025-06-11T11:41:08+00:00\" \/>\n<meta property=\"og:image\" content=\"https:\/\/diariotextual.com\/inicio\/wp-content\/uploads\/2025\/06\/cristinafernandezkirchner2025-777.jpeg\" \/>\n\t<meta property=\"og:image:width\" content=\"1280\" \/>\n\t<meta property=\"og:image:height\" content=\"852\" \/>\n\t<meta property=\"og:image:type\" content=\"image\/jpeg\" \/>\n<meta name=\"author\" content=\"Diario1 Diario1\" \/>\n<meta name=\"twitter:card\" content=\"summary_large_image\" \/>\n<meta name=\"twitter:creator\" content=\"@eltextual\" \/>\n<meta name=\"twitter:site\" content=\"@eltextual\" \/>\n<meta name=\"twitter:label1\" content=\"Escrito por\" \/>\n\t<meta name=\"twitter:data1\" content=\"Diario1 Diario1\" \/>\n\t<meta name=\"twitter:label2\" content=\"Tiempo de lectura\" \/>\n\t<meta name=\"twitter:data2\" content=\"3 minutos\" \/>\n<script type=\"application\/ld+json\" class=\"yoast-schema-graph\">{\"@context\":\"https:\\\/\\\/schema.org\",\"@graph\":[{\"@type\":\"Article\",\"@id\":\"https:\\\/\\\/diariotextual.com\\\/inicio\\\/index.php\\\/2025\\\/06\\\/10\\\/cristina-kirchner-y-su-condena-a-6-anos-de-prision-el-partido-judicial-le-agrega-el-cepo-al-voto-popular\\\/#article\",\"isPartOf\":{\"@id\":\"https:\\\/\\\/diariotextual.com\\\/inicio\\\/index.php\\\/2025\\\/06\\\/10\\\/cristina-kirchner-y-su-condena-a-6-anos-de-prision-el-partido-judicial-le-agrega-el-cepo-al-voto-popular\\\/\"},\"author\":{\"name\":\"Diario1 Diario1\",\"@id\":\"https:\\\/\\\/diariotextual.com\\\/inicio\\\/#\\\/schema\\\/person\\\/418fc4093c33e86ed41562db3508f958\"},\"headline\":\"Cristina Kirchner y su condena a 6 a\u00f1os de prisi\u00f3n: \u201cEl Partido Judicial le agrega el cepo al voto popular\u201d\",\"datePublished\":\"2025-06-10T21:02:42+00:00\",\"dateModified\":\"2025-06-11T11:41:08+00:00\",\"mainEntityOfPage\":{\"@id\":\"https:\\\/\\\/diariotextual.com\\\/inicio\\\/index.php\\\/2025\\\/06\\\/10\\\/cristina-kirchner-y-su-condena-a-6-anos-de-prision-el-partido-judicial-le-agrega-el-cepo-al-voto-popular\\\/\"},\"wordCount\":543,\"publisher\":{\"@id\":\"https:\\\/\\\/diariotextual.com\\\/inicio\\\/#organization\"},\"image\":{\"@id\":\"https:\\\/\\\/diariotextual.com\\\/inicio\\\/index.php\\\/2025\\\/06\\\/10\\\/cristina-kirchner-y-su-condena-a-6-anos-de-prision-el-partido-judicial-le-agrega-el-cepo-al-voto-popular\\\/#primaryimage\"},\"thumbnailUrl\":\"https:\\\/\\\/diariotextual.com\\\/inicio\\\/wp-content\\\/uploads\\\/2025\\\/06\\\/cristinafernandezkirchner2025-777.jpeg\",\"articleSection\":[\"A - ES NOTICIA (van abajo)\",\"A - QUE PASA (al costado)\",\"POLITICA\"],\"inLanguage\":\"es\"},{\"@type\":\"WebPage\",\"@id\":\"https:\\\/\\\/diariotextual.com\\\/inicio\\\/index.php\\\/2025\\\/06\\\/10\\\/cristina-kirchner-y-su-condena-a-6-anos-de-prision-el-partido-judicial-le-agrega-el-cepo-al-voto-popular\\\/\",\"url\":\"https:\\\/\\\/diariotextual.com\\\/inicio\\\/index.php\\\/2025\\\/06\\\/10\\\/cristina-kirchner-y-su-condena-a-6-anos-de-prision-el-partido-judicial-le-agrega-el-cepo-al-voto-popular\\\/\",\"name\":\"Cristina Kirchner y su condena a 6 a\u00f1os de prisi\u00f3n: \u201cEl Partido Judicial le agrega el cepo al voto popular\u201d - Diario Textual\",\"isPartOf\":{\"@id\":\"https:\\\/\\\/diariotextual.com\\\/inicio\\\/#website\"},\"primaryImageOfPage\":{\"@id\":\"https:\\\/\\\/diariotextual.com\\\/inicio\\\/index.php\\\/2025\\\/06\\\/10\\\/cristina-kirchner-y-su-condena-a-6-anos-de-prision-el-partido-judicial-le-agrega-el-cepo-al-voto-popular\\\/#primaryimage\"},\"image\":{\"@id\":\"https:\\\/\\\/diariotextual.com\\\/inicio\\\/index.php\\\/2025\\\/06\\\/10\\\/cristina-kirchner-y-su-condena-a-6-anos-de-prision-el-partido-judicial-le-agrega-el-cepo-al-voto-popular\\\/#primaryimage\"},\"thumbnailUrl\":\"https:\\\/\\\/diariotextual.com\\\/inicio\\\/wp-content\\\/uploads\\\/2025\\\/06\\\/cristinafernandezkirchner2025-777.jpeg\",\"datePublished\":\"2025-06-10T21:02:42+00:00\",\"dateModified\":\"2025-06-11T11:41:08+00:00\",\"breadcrumb\":{\"@id\":\"https:\\\/\\\/diariotextual.com\\\/inicio\\\/index.php\\\/2025\\\/06\\\/10\\\/cristina-kirchner-y-su-condena-a-6-anos-de-prision-el-partido-judicial-le-agrega-el-cepo-al-voto-popular\\\/#breadcrumb\"},\"inLanguage\":\"es\",\"potentialAction\":[{\"@type\":\"ReadAction\",\"target\":[\"https:\\\/\\\/diariotextual.com\\\/inicio\\\/index.php\\\/2025\\\/06\\\/10\\\/cristina-kirchner-y-su-condena-a-6-anos-de-prision-el-partido-judicial-le-agrega-el-cepo-al-voto-popular\\\/\"]}]},{\"@type\":\"ImageObject\",\"inLanguage\":\"es\",\"@id\":\"https:\\\/\\\/diariotextual.com\\\/inicio\\\/index.php\\\/2025\\\/06\\\/10\\\/cristina-kirchner-y-su-condena-a-6-anos-de-prision-el-partido-judicial-le-agrega-el-cepo-al-voto-popular\\\/#primaryimage\",\"url\":\"https:\\\/\\\/diariotextual.com\\\/inicio\\\/wp-content\\\/uploads\\\/2025\\\/06\\\/cristinafernandezkirchner2025-777.jpeg\",\"contentUrl\":\"https:\\\/\\\/diariotextual.com\\\/inicio\\\/wp-content\\\/uploads\\\/2025\\\/06\\\/cristinafernandezkirchner2025-777.jpeg\",\"width\":1280,\"height\":852},{\"@type\":\"BreadcrumbList\",\"@id\":\"https:\\\/\\\/diariotextual.com\\\/inicio\\\/index.php\\\/2025\\\/06\\\/10\\\/cristina-kirchner-y-su-condena-a-6-anos-de-prision-el-partido-judicial-le-agrega-el-cepo-al-voto-popular\\\/#breadcrumb\",\"itemListElement\":[{\"@type\":\"ListItem\",\"position\":1,\"name\":\"Portada\",\"item\":\"https:\\\/\\\/diariotextual.com\\\/inicio\\\/\"},{\"@type\":\"ListItem\",\"position\":2,\"name\":\"Cristina Kirchner y su condena a 6 a\u00f1os de prisi\u00f3n: \u201cEl Partido Judicial le agrega el cepo al voto popular\u201d\"}]},{\"@type\":\"WebSite\",\"@id\":\"https:\\\/\\\/diariotextual.com\\\/inicio\\\/#website\",\"url\":\"https:\\\/\\\/diariotextual.com\\\/inicio\\\/\",\"name\":\"Diario Textual\",\"description\":\"\",\"publisher\":{\"@id\":\"https:\\\/\\\/diariotextual.com\\\/inicio\\\/#organization\"},\"potentialAction\":[{\"@type\":\"SearchAction\",\"target\":{\"@type\":\"EntryPoint\",\"urlTemplate\":\"https:\\\/\\\/diariotextual.com\\\/inicio\\\/?s={search_term_string}\"},\"query-input\":{\"@type\":\"PropertyValueSpecification\",\"valueRequired\":true,\"valueName\":\"search_term_string\"}}],\"inLanguage\":\"es\"},{\"@type\":\"Organization\",\"@id\":\"https:\\\/\\\/diariotextual.com\\\/inicio\\\/#organization\",\"name\":\"Diario Textual\",\"url\":\"https:\\\/\\\/diariotextual.com\\\/inicio\\\/\",\"logo\":{\"@type\":\"ImageObject\",\"inLanguage\":\"es\",\"@id\":\"https:\\\/\\\/diariotextual.com\\\/inicio\\\/#\\\/schema\\\/logo\\\/image\\\/\",\"url\":\"https:\\\/\\\/diariotextual.com\\\/inicio\\\/wp-content\\\/uploads\\\/2023\\\/05\\\/logotextual1.jpg\",\"contentUrl\":\"https:\\\/\\\/diariotextual.com\\\/inicio\\\/wp-content\\\/uploads\\\/2023\\\/05\\\/logotextual1.jpg\",\"width\":516,\"height\":76,\"caption\":\"Diario Textual\"},\"image\":{\"@id\":\"https:\\\/\\\/diariotextual.com\\\/inicio\\\/#\\\/schema\\\/logo\\\/image\\\/\"},\"sameAs\":[\"https:\\\/\\\/www.facebook.com\\\/eltextual\",\"https:\\\/\\\/x.com\\\/eltextual\",\"http:\\\/\\\/www.instagram.com\\\/eltextual\"]},{\"@type\":\"Person\",\"@id\":\"https:\\\/\\\/diariotextual.com\\\/inicio\\\/#\\\/schema\\\/person\\\/418fc4093c33e86ed41562db3508f958\",\"name\":\"Diario1 Diario1\",\"image\":{\"@type\":\"ImageObject\",\"inLanguage\":\"es\",\"@id\":\"https:\\\/\\\/secure.gravatar.com\\\/avatar\\\/9167d280179c85bc18be67aa7eda765854300033af4896dd779b608640f2ef7a?s=96&d=mm&r=g\",\"url\":\"https:\\\/\\\/secure.gravatar.com\\\/avatar\\\/9167d280179c85bc18be67aa7eda765854300033af4896dd779b608640f2ef7a?s=96&d=mm&r=g\",\"contentUrl\":\"https:\\\/\\\/secure.gravatar.com\\\/avatar\\\/9167d280179c85bc18be67aa7eda765854300033af4896dd779b608640f2ef7a?s=96&d=mm&r=g\",\"caption\":\"Diario1 Diario1\"},\"url\":\"https:\\\/\\\/diariotextual.com\\\/inicio\\\/index.php\\\/author\\\/diario1\\\/\"}]}<\/script>\n<!-- \/ Yoast SEO plugin. -->","yoast_head_json":{"title":"Cristina Kirchner y su condena a 6 a\u00f1os de prisi\u00f3n: \u201cEl Partido Judicial le agrega el cepo al voto popular\u201d - Diario Textual","robots":{"index":"index","follow":"follow","max-snippet":"max-snippet:-1","max-image-preview":"max-image-preview:large","max-video-preview":"max-video-preview:-1"},"canonical":"https:\/\/diariotextual.com\/inicio\/index.php\/2025\/06\/10\/cristina-kirchner-y-su-condena-a-6-anos-de-prision-el-partido-judicial-le-agrega-el-cepo-al-voto-popular\/","og_locale":"es_ES","og_type":"article","og_title":"Cristina Kirchner y su condena a 6 a\u00f1os de prisi\u00f3n: \u201cEl Partido Judicial le agrega el cepo al voto popular\u201d - Diario Textual","og_description":"Minutos despu\u00e9s de la decisi\u00f3n de la Corte Suprema de Justicia de la Naci\u00f3n de dejar firme la condena por la Causa Vialidad que, adem\u00e1s, la inhabilita para ejercer cargos&hellip;","og_url":"https:\/\/diariotextual.com\/inicio\/index.php\/2025\/06\/10\/cristina-kirchner-y-su-condena-a-6-anos-de-prision-el-partido-judicial-le-agrega-el-cepo-al-voto-popular\/","og_site_name":"Diario Textual","article_publisher":"https:\/\/www.facebook.com\/eltextual","article_published_time":"2025-06-10T21:02:42+00:00","article_modified_time":"2025-06-11T11:41:08+00:00","og_image":[{"width":1280,"height":852,"url":"https:\/\/diariotextual.com\/inicio\/wp-content\/uploads\/2025\/06\/cristinafernandezkirchner2025-777.jpeg","type":"image\/jpeg"}],"author":"Diario1 Diario1","twitter_card":"summary_large_image","twitter_creator":"@eltextual","twitter_site":"@eltextual","twitter_misc":{"Escrito por":"Diario1 Diario1","Tiempo de lectura":"3 minutos"},"schema":{"@context":"https:\/\/schema.org","@graph":[{"@type":"Article","@id":"https:\/\/diariotextual.com\/inicio\/index.php\/2025\/06\/10\/cristina-kirchner-y-su-condena-a-6-anos-de-prision-el-partido-judicial-le-agrega-el-cepo-al-voto-popular\/#article","isPartOf":{"@id":"https:\/\/diariotextual.com\/inicio\/index.php\/2025\/06\/10\/cristina-kirchner-y-su-condena-a-6-anos-de-prision-el-partido-judicial-le-agrega-el-cepo-al-voto-popular\/"},"author":{"name":"Diario1 Diario1","@id":"https:\/\/diariotextual.com\/inicio\/#\/schema\/person\/418fc4093c33e86ed41562db3508f958"},"headline":"Cristina Kirchner y su condena a 6 a\u00f1os de prisi\u00f3n: \u201cEl Partido Judicial le agrega el cepo al voto popular\u201d","datePublished":"2025-06-10T21:02:42+00:00","dateModified":"2025-06-11T11:41:08+00:00","mainEntityOfPage":{"@id":"https:\/\/diariotextual.com\/inicio\/index.php\/2025\/06\/10\/cristina-kirchner-y-su-condena-a-6-anos-de-prision-el-partido-judicial-le-agrega-el-cepo-al-voto-popular\/"},"wordCount":543,"publisher":{"@id":"https:\/\/diariotextual.com\/inicio\/#organization"},"image":{"@id":"https:\/\/diariotextual.com\/inicio\/index.php\/2025\/06\/10\/cristina-kirchner-y-su-condena-a-6-anos-de-prision-el-partido-judicial-le-agrega-el-cepo-al-voto-popular\/#primaryimage"},"thumbnailUrl":"https:\/\/diariotextual.com\/inicio\/wp-content\/uploads\/2025\/06\/cristinafernandezkirchner2025-777.jpeg","articleSection":["A - ES NOTICIA (van abajo)","A - QUE PASA (al costado)","POLITICA"],"inLanguage":"es"},{"@type":"WebPage","@id":"https:\/\/diariotextual.com\/inicio\/index.php\/2025\/06\/10\/cristina-kirchner-y-su-condena-a-6-anos-de-prision-el-partido-judicial-le-agrega-el-cepo-al-voto-popular\/","url":"https:\/\/diariotextual.com\/inicio\/index.php\/2025\/06\/10\/cristina-kirchner-y-su-condena-a-6-anos-de-prision-el-partido-judicial-le-agrega-el-cepo-al-voto-popular\/","name":"Cristina Kirchner y su condena a 6 a\u00f1os de prisi\u00f3n: \u201cEl Partido Judicial le agrega el cepo al voto popular\u201d - Diario Textual","isPartOf":{"@id":"https:\/\/diariotextual.com\/inicio\/#website"},"primaryImageOfPage":{"@id":"https:\/\/diariotextual.com\/inicio\/index.php\/2025\/06\/10\/cristina-kirchner-y-su-condena-a-6-anos-de-prision-el-partido-judicial-le-agrega-el-cepo-al-voto-popular\/#primaryimage"},"image":{"@id":"https:\/\/diariotextual.com\/inicio\/index.php\/2025\/06\/10\/cristina-kirchner-y-su-condena-a-6-anos-de-prision-el-partido-judicial-le-agrega-el-cepo-al-voto-popular\/#primaryimage"},"thumbnailUrl":"https:\/\/diariotextual.com\/inicio\/wp-content\/uploads\/2025\/06\/cristinafernandezkirchner2025-777.jpeg","datePublished":"2025-06-10T21:02:42+00:00","dateModified":"2025-06-11T11:41:08+00:00","breadcrumb":{"@id":"https:\/\/diariotextual.com\/inicio\/index.php\/2025\/06\/10\/cristina-kirchner-y-su-condena-a-6-anos-de-prision-el-partido-judicial-le-agrega-el-cepo-al-voto-popular\/#breadcrumb"},"inLanguage":"es","potentialAction":[{"@type":"ReadAction","target":["https:\/\/diariotextual.com\/inicio\/index.php\/2025\/06\/10\/cristina-kirchner-y-su-condena-a-6-anos-de-prision-el-partido-judicial-le-agrega-el-cepo-al-voto-popular\/"]}]},{"@type":"ImageObject","inLanguage":"es","@id":"https:\/\/diariotextual.com\/inicio\/index.php\/2025\/06\/10\/cristina-kirchner-y-su-condena-a-6-anos-de-prision-el-partido-judicial-le-agrega-el-cepo-al-voto-popular\/#primaryimage","url":"https:\/\/diariotextual.com\/inicio\/wp-content\/uploads\/2025\/06\/cristinafernandezkirchner2025-777.jpeg","contentUrl":"https:\/\/diariotextual.com\/inicio\/wp-content\/uploads\/2025\/06\/cristinafernandezkirchner2025-777.jpeg","width":1280,"height":852},{"@type":"BreadcrumbList","@id":"https:\/\/diariotextual.com\/inicio\/index.php\/2025\/06\/10\/cristina-kirchner-y-su-condena-a-6-anos-de-prision-el-partido-judicial-le-agrega-el-cepo-al-voto-popular\/#breadcrumb","itemListElement":[{"@type":"ListItem","position":1,"name":"Portada","item":"https:\/\/diariotextual.com\/inicio\/"},{"@type":"ListItem","position":2,"name":"Cristina Kirchner y su condena a 6 a\u00f1os de prisi\u00f3n: \u201cEl Partido Judicial le agrega el cepo al voto popular\u201d"}]},{"@type":"WebSite","@id":"https:\/\/diariotextual.com\/inicio\/#website","url":"https:\/\/diariotextual.com\/inicio\/","name":"Diario Textual","description":"","publisher":{"@id":"https:\/\/diariotextual.com\/inicio\/#organization"},"potentialAction":[{"@type":"SearchAction","target":{"@type":"EntryPoint","urlTemplate":"https:\/\/diariotextual.com\/inicio\/?s={search_term_string}"},"query-input":{"@type":"PropertyValueSpecification","valueRequired":true,"valueName":"search_term_string"}}],"inLanguage":"es"},{"@type":"Organization","@id":"https:\/\/diariotextual.com\/inicio\/#organization","name":"Diario Textual","url":"https:\/\/diariotextual.com\/inicio\/","logo":{"@type":"ImageObject","inLanguage":"es","@id":"https:\/\/diariotextual.com\/inicio\/#\/schema\/logo\/image\/","url":"https:\/\/diariotextual.com\/inicio\/wp-content\/uploads\/2023\/05\/logotextual1.jpg","contentUrl":"https:\/\/diariotextual.com\/inicio\/wp-content\/uploads\/2023\/05\/logotextual1.jpg","width":516,"height":76,"caption":"Diario Textual"},"image":{"@id":"https:\/\/diariotextual.com\/inicio\/#\/schema\/logo\/image\/"},"sameAs":["https:\/\/www.facebook.com\/eltextual","https:\/\/x.com\/eltextual","http:\/\/www.instagram.com\/eltextual"]},{"@type":"Person","@id":"https:\/\/diariotextual.com\/inicio\/#\/schema\/person\/418fc4093c33e86ed41562db3508f958","name":"Diario1 Diario1","image":{"@type":"ImageObject","inLanguage":"es","@id":"https:\/\/secure.gravatar.com\/avatar\/9167d280179c85bc18be67aa7eda765854300033af4896dd779b608640f2ef7a?s=96&d=mm&r=g","url":"https:\/\/secure.gravatar.com\/avatar\/9167d280179c85bc18be67aa7eda765854300033af4896dd779b608640f2ef7a?s=96&d=mm&r=g","contentUrl":"https:\/\/secure.gravatar.com\/avatar\/9167d280179c85bc18be67aa7eda765854300033af4896dd779b608640f2ef7a?s=96&d=mm&r=g","caption":"Diario1 Diario1"},"url":"https:\/\/diariotextual.com\/inicio\/index.php\/author\/diario1\/"}]}},"_links":{"self":[{"href":"https:\/\/diariotextual.com\/inicio\/index.php\/wp-json\/wp\/v2\/posts\/298527","targetHints":{"allow":["GET"]}}],"collection":[{"href":"https:\/\/diariotextual.com\/inicio\/index.php\/wp-json\/wp\/v2\/posts"}],"about":[{"href":"https:\/\/diariotextual.com\/inicio\/index.php\/wp-json\/wp\/v2\/types\/post"}],"author":[{"embeddable":true,"href":"https:\/\/diariotextual.com\/inicio\/index.php\/wp-json\/wp\/v2\/users\/3"}],"replies":[{"embeddable":true,"href":"https:\/\/diariotextual.com\/inicio\/index.php\/wp-json\/wp\/v2\/comments?post=298527"}],"version-history":[{"count":1,"href":"https:\/\/diariotextual.com\/inicio\/index.php\/wp-json\/wp\/v2\/posts\/298527\/revisions"}],"predecessor-version":[{"id":298528,"href":"https:\/\/diariotextual.com\/inicio\/index.php\/wp-json\/wp\/v2\/posts\/298527\/revisions\/298528"}],"wp:featuredmedia":[{"embeddable":true,"href":"https:\/\/diariotextual.com\/inicio\/index.php\/wp-json\/wp\/v2\/media\/297868"}],"wp:attachment":[{"href":"https:\/\/diariotextual.com\/inicio\/index.php\/wp-json\/wp\/v2\/media?parent=298527"}],"wp:term":[{"taxonomy":"category","embeddable":true,"href":"https:\/\/diariotextual.com\/inicio\/index.php\/wp-json\/wp\/v2\/categories?post=298527"},{"taxonomy":"post_tag","embeddable":true,"href":"https:\/\/diariotextual.com\/inicio\/index.php\/wp-json\/wp\/v2\/tags?post=298527"}],"curies":[{"name":"wp","href":"https:\/\/api.w.org\/{rel}","templated":true}]}}