{"id":298553,"date":"2025-06-10T22:55:41","date_gmt":"2025-06-11T01:55:41","guid":{"rendered":"https:\/\/diariotextual.com\/inicio\/?p=298553"},"modified":"2025-06-11T06:59:19","modified_gmt":"2025-06-11T09:59:19","slug":"con-diez-jugadores-la-seleccion-argentina-igualo-ante-colombia-por-las-eliminatorias","status":"publish","type":"post","link":"https:\/\/diariotextual.com\/inicio\/index.php\/2025\/06\/10\/con-diez-jugadores-la-seleccion-argentina-igualo-ante-colombia-por-las-eliminatorias\/","title":{"rendered":"Con diez jugadores, la Selecci\u00f3n argentina igual\u00f3 ante Colombia por las Eliminatorias"},"content":{"rendered":"\n<p><strong>La Selecci\u00f3n argentina<\/strong>&nbsp;igual\u00f3 esta noche como local 1 a 1 frente a&nbsp;<strong>Colombia<\/strong>, cuando ya jugaba con diez futbolistas, en un partido disputado en el&nbsp;<strong>estadio Monumental<\/strong>, correspondiente a la decimosexta fecha de las&nbsp;<strong>Eliminatorias Sudamericanas<\/strong>&nbsp;para el Mundial de M\u00e9xico, Estados Unidos y Canad\u00e1 2026.<\/p>\n\n\n\n<p><strong>Luis D\u00edaz<\/strong>, a los 24 minutos de la etapa inicial, abri\u00f3 la cuenta para el conjunto \u201cCafetero\u201d, mientras que el mediocampista&nbsp;<strong>Thiago Almada<\/strong>, a los 36 minutos del complemento, igual\u00f3 para el elenco&nbsp;<strong>Albiceleste<\/strong>.<\/p>\n\n\n\n<p>La&nbsp;<strong>Selecci\u00f3n argentina<\/strong>&nbsp;termin\u00f3 con diez jugadores por la expulsi\u00f3n de&nbsp;<strong>Enzo Fern\u00e1ndez<\/strong>, a los 25 minutos del segundo tiempo.<\/p>\n\n\n\n<p>Con este resultado, los dirigidos por&nbsp;<strong>Lionel Scaloni<\/strong>, con el liderato y la clasificaci\u00f3n al Mundial 2026 ya asegurados, consigui\u00f3 cuatro puntos de seis posibles en esta doble fecha FIFA, luego de vencer el pasado jueves a&nbsp;<strong>Chile<\/strong>&nbsp;por la m\u00ednima diferencia.<\/p>\n\n\n\n<p>El astro argentino&nbsp;<strong>Lionel Messi<\/strong>&nbsp;regres\u00f3 a los titulares tras no poder decir presente en la pasada jornada de&nbsp;<strong>Eliminatorias Sudamericanas<\/strong>&nbsp;por lesi\u00f3n y, con un buen desempe\u00f1o, se fue reemplazado a los 33\u2019 de la segunda mitad por&nbsp;<strong>Exequiel Palacios<\/strong>.<\/p>\n\n\n\n<p>Por su parte,&nbsp;<strong>Colombia<\/strong>&nbsp;desaprovech\u00f3 una gran oportunidad de sumar de a tres y quedar a un paso de asegurar su plaza en la&nbsp;<strong>Copa del Mundo<\/strong>&nbsp;que se llevar\u00e1 a cabo en Estados Unidos, M\u00e9xico y Canad\u00e1.<\/p>\n\n\n\n<p>Argentina comenz\u00f3 el encuentro dominando la pelota y las llegadas al \u00e1rea rival, mientras el conjunto cafetero aguardaba rezagado para salir de contragolpe y encontrar el gol. As\u00ed fue como los visitantes lograron abrir el marcador.<\/p>\n\n\n\n<p><strong>Kevin Casta\u00f1o<\/strong>&nbsp;recuper\u00f3 la pelota en campo propio ante el mediocampista&nbsp;<strong>De Paul<\/strong>&nbsp;y habilit\u00f3 en profundidad al delantero&nbsp;<strong>Luis D\u00edaz<\/strong>&nbsp;que se sac\u00f3 de encima a tres jugadores albicelestes dentro del \u00e1rea y remat\u00f3 suave para vencer el arquero&nbsp;<strong>Emiliano Mart\u00ednez<\/strong>.<\/p>\n\n\n\n<p>Pocos minutos despu\u00e9s, el combinado nacional hab\u00eda logrado anotar el tanto de la igualdad por medio del volante del&nbsp;<strong>Atl\u00e9tico de Madrid<\/strong>, pero la acci\u00f3n fue invalidada por un fuera de juego de&nbsp;<strong>Lionel Messi<\/strong>&nbsp;al intentar entrar en contacto con el bal\u00f3n.<\/p>\n\n\n\n<p>El tanto del extremo del&nbsp;<strong>Liverpool<\/strong>&nbsp;sorprendi\u00f3 a los dirigidos por&nbsp;<strong>Lionel Scaloni<\/strong>, que pasaron de ser superiores y tener el control de la pelota y del ritmo del cotejo a no sentirse c\u00f3modos con la presi\u00f3n del equipo rival.<\/p>\n\n\n\n<p>Por otro lado, el desarrollo del complemento transcurr\u00eda de la misma manera que la etapa inicial, con Argentina siendo el duelo de la pelota, pero sin poder encontrar los caminos para el empate, hasta que&nbsp;<strong>Thiago Almada<\/strong>&nbsp;culmin\u00f3 una gran acci\u00f3n individual con un remate pegado al palo derecho del guardavallas colombiano&nbsp;<strong>Kevin Mier<\/strong>.<\/p>\n\n\n\n<p>El gol de la igualdad lleg\u00f3 despu\u00e9s de la expulsi\u00f3n de&nbsp;<strong>Enzo Fern\u00e1ndez<\/strong>, a los 25 minutos, en la \u201cAlbiceleste\u201d, que vio la tarjeta roja luego de levantar la pierna a una zona peligrosa e impactar en el rostro del volante&nbsp;<strong>Casta\u00f1o<\/strong>.<\/p>\n\n\n\n<p>En los \u00faltimos suspiros del duelo, el mismo levant\u00f3 temperatura y estuvo interrumpido por distintas infracciones y altercados que ocurrieron entre los protagonistas de ambos equipos del encuentro.<\/p>\n\n\n\n<p><\/p>\n","protected":false},"excerpt":{"rendered":"<p>La Selecci\u00f3n argentina&nbsp;igual\u00f3 esta noche como local 1 a 1 frente a&nbsp;Colombia, cuando ya jugaba con diez futbolistas, en un partido disputado en el&nbsp;estadio Monumental, correspondiente a la decimosexta fecha&hellip;<\/p>\n","protected":false},"author":3,"featured_media":298554,"comment_status":"closed","ping_status":"open","sticky":false,"template":"","format":"standard","meta":{"_acf_changed":false,"footnotes":""},"categories":[1,3],"tags":[],"class_list":["post-298553","post","type-post","status-publish","format-standard","has-post-thumbnail","hentry","category-es-noticia","category-deportes"],"acf":[],"yoast_head":"<!-- This site is optimized with the Yoast SEO plugin v27.5 - https:\/\/yoast.com\/product\/yoast-seo-wordpress\/ -->\n<title>Con diez jugadores, la Selecci\u00f3n argentina igual\u00f3 ante Colombia por las Eliminatorias - Diario Textual<\/title>\n<meta name=\"robots\" content=\"index, follow, max-snippet:-1, max-image-preview:large, max-video-preview:-1\" \/>\n<link rel=\"canonical\" href=\"https:\/\/diariotextual.com\/inicio\/index.php\/2025\/06\/10\/con-diez-jugadores-la-seleccion-argentina-igualo-ante-colombia-por-las-eliminatorias\/\" \/>\n<meta property=\"og:locale\" content=\"es_ES\" \/>\n<meta property=\"og:type\" content=\"article\" \/>\n<meta property=\"og:title\" content=\"Con diez jugadores, la Selecci\u00f3n argentina igual\u00f3 ante Colombia por las Eliminatorias - Diario Textual\" \/>\n<meta property=\"og:description\" content=\"La Selecci\u00f3n argentina&nbsp;igual\u00f3 esta noche como local 1 a 1 frente a&nbsp;Colombia, cuando ya jugaba con diez futbolistas, en un partido disputado en el&nbsp;estadio Monumental, correspondiente a la decimosexta fecha&hellip;\" \/>\n<meta property=\"og:url\" content=\"https:\/\/diariotextual.com\/inicio\/index.php\/2025\/06\/10\/con-diez-jugadores-la-seleccion-argentina-igualo-ante-colombia-por-las-eliminatorias\/\" \/>\n<meta property=\"og:site_name\" content=\"Diario Textual\" \/>\n<meta property=\"article:publisher\" content=\"https:\/\/www.facebook.com\/eltextual\" \/>\n<meta property=\"article:published_time\" content=\"2025-06-11T01:55:41+00:00\" \/>\n<meta property=\"article:modified_time\" content=\"2025-06-11T09:59:19+00:00\" \/>\n<meta property=\"og:image\" content=\"https:\/\/diariotextual.com\/inicio\/wp-content\/uploads\/2025\/06\/seleccionargentinacolombiamessileoseleccion2025-2.jpg\" \/>\n\t<meta property=\"og:image:width\" content=\"1500\" \/>\n\t<meta property=\"og:image:height\" content=\"1027\" \/>\n\t<meta property=\"og:image:type\" content=\"image\/jpeg\" \/>\n<meta name=\"author\" content=\"Diario1 Diario1\" \/>\n<meta name=\"twitter:card\" content=\"summary_large_image\" \/>\n<meta name=\"twitter:creator\" content=\"@eltextual\" \/>\n<meta name=\"twitter:site\" content=\"@eltextual\" \/>\n<meta name=\"twitter:label1\" content=\"Escrito por\" \/>\n\t<meta name=\"twitter:data1\" content=\"Diario1 Diario1\" \/>\n\t<meta name=\"twitter:label2\" content=\"Tiempo de lectura\" \/>\n\t<meta name=\"twitter:data2\" content=\"1 minuto\" \/>\n<script type=\"application\/ld+json\" class=\"yoast-schema-graph\">{\"@context\":\"https:\\\/\\\/schema.org\",\"@graph\":[{\"@type\":\"Article\",\"@id\":\"https:\\\/\\\/diariotextual.com\\\/inicio\\\/index.php\\\/2025\\\/06\\\/10\\\/con-diez-jugadores-la-seleccion-argentina-igualo-ante-colombia-por-las-eliminatorias\\\/#article\",\"isPartOf\":{\"@id\":\"https:\\\/\\\/diariotextual.com\\\/inicio\\\/index.php\\\/2025\\\/06\\\/10\\\/con-diez-jugadores-la-seleccion-argentina-igualo-ante-colombia-por-las-eliminatorias\\\/\"},\"author\":{\"name\":\"Diario1 Diario1\",\"@id\":\"https:\\\/\\\/diariotextual.com\\\/inicio\\\/#\\\/schema\\\/person\\\/418fc4093c33e86ed41562db3508f958\"},\"headline\":\"Con diez jugadores, la Selecci\u00f3n argentina igual\u00f3 ante Colombia por las Eliminatorias\",\"datePublished\":\"2025-06-11T01:55:41+00:00\",\"dateModified\":\"2025-06-11T09:59:19+00:00\",\"mainEntityOfPage\":{\"@id\":\"https:\\\/\\\/diariotextual.com\\\/inicio\\\/index.php\\\/2025\\\/06\\\/10\\\/con-diez-jugadores-la-seleccion-argentina-igualo-ante-colombia-por-las-eliminatorias\\\/\"},\"wordCount\":577,\"publisher\":{\"@id\":\"https:\\\/\\\/diariotextual.com\\\/inicio\\\/#organization\"},\"image\":{\"@id\":\"https:\\\/\\\/diariotextual.com\\\/inicio\\\/index.php\\\/2025\\\/06\\\/10\\\/con-diez-jugadores-la-seleccion-argentina-igualo-ante-colombia-por-las-eliminatorias\\\/#primaryimage\"},\"thumbnailUrl\":\"https:\\\/\\\/diariotextual.com\\\/inicio\\\/wp-content\\\/uploads\\\/2025\\\/06\\\/seleccionargentinacolombiamessileoseleccion2025-2.jpg\",\"articleSection\":[\"A - ES NOTICIA (van abajo)\",\"DEPORTES\"],\"inLanguage\":\"es\"},{\"@type\":\"WebPage\",\"@id\":\"https:\\\/\\\/diariotextual.com\\\/inicio\\\/index.php\\\/2025\\\/06\\\/10\\\/con-diez-jugadores-la-seleccion-argentina-igualo-ante-colombia-por-las-eliminatorias\\\/\",\"url\":\"https:\\\/\\\/diariotextual.com\\\/inicio\\\/index.php\\\/2025\\\/06\\\/10\\\/con-diez-jugadores-la-seleccion-argentina-igualo-ante-colombia-por-las-eliminatorias\\\/\",\"name\":\"Con diez jugadores, la Selecci\u00f3n argentina igual\u00f3 ante Colombia por las Eliminatorias - Diario Textual\",\"isPartOf\":{\"@id\":\"https:\\\/\\\/diariotextual.com\\\/inicio\\\/#website\"},\"primaryImageOfPage\":{\"@id\":\"https:\\\/\\\/diariotextual.com\\\/inicio\\\/index.php\\\/2025\\\/06\\\/10\\\/con-diez-jugadores-la-seleccion-argentina-igualo-ante-colombia-por-las-eliminatorias\\\/#primaryimage\"},\"image\":{\"@id\":\"https:\\\/\\\/diariotextual.com\\\/inicio\\\/index.php\\\/2025\\\/06\\\/10\\\/con-diez-jugadores-la-seleccion-argentina-igualo-ante-colombia-por-las-eliminatorias\\\/#primaryimage\"},\"thumbnailUrl\":\"https:\\\/\\\/diariotextual.com\\\/inicio\\\/wp-content\\\/uploads\\\/2025\\\/06\\\/seleccionargentinacolombiamessileoseleccion2025-2.jpg\",\"datePublished\":\"2025-06-11T01:55:41+00:00\",\"dateModified\":\"2025-06-11T09:59:19+00:00\",\"breadcrumb\":{\"@id\":\"https:\\\/\\\/diariotextual.com\\\/inicio\\\/index.php\\\/2025\\\/06\\\/10\\\/con-diez-jugadores-la-seleccion-argentina-igualo-ante-colombia-por-las-eliminatorias\\\/#breadcrumb\"},\"inLanguage\":\"es\",\"potentialAction\":[{\"@type\":\"ReadAction\",\"target\":[\"https:\\\/\\\/diariotextual.com\\\/inicio\\\/index.php\\\/2025\\\/06\\\/10\\\/con-diez-jugadores-la-seleccion-argentina-igualo-ante-colombia-por-las-eliminatorias\\\/\"]}]},{\"@type\":\"ImageObject\",\"inLanguage\":\"es\",\"@id\":\"https:\\\/\\\/diariotextual.com\\\/inicio\\\/index.php\\\/2025\\\/06\\\/10\\\/con-diez-jugadores-la-seleccion-argentina-igualo-ante-colombia-por-las-eliminatorias\\\/#primaryimage\",\"url\":\"https:\\\/\\\/diariotextual.com\\\/inicio\\\/wp-content\\\/uploads\\\/2025\\\/06\\\/seleccionargentinacolombiamessileoseleccion2025-2.jpg\",\"contentUrl\":\"https:\\\/\\\/diariotextual.com\\\/inicio\\\/wp-content\\\/uploads\\\/2025\\\/06\\\/seleccionargentinacolombiamessileoseleccion2025-2.jpg\",\"width\":1500,\"height\":1027},{\"@type\":\"BreadcrumbList\",\"@id\":\"https:\\\/\\\/diariotextual.com\\\/inicio\\\/index.php\\\/2025\\\/06\\\/10\\\/con-diez-jugadores-la-seleccion-argentina-igualo-ante-colombia-por-las-eliminatorias\\\/#breadcrumb\",\"itemListElement\":[{\"@type\":\"ListItem\",\"position\":1,\"name\":\"Portada\",\"item\":\"https:\\\/\\\/diariotextual.com\\\/inicio\\\/\"},{\"@type\":\"ListItem\",\"position\":2,\"name\":\"Con diez jugadores, la Selecci\u00f3n argentina igual\u00f3 ante Colombia por las Eliminatorias\"}]},{\"@type\":\"WebSite\",\"@id\":\"https:\\\/\\\/diariotextual.com\\\/inicio\\\/#website\",\"url\":\"https:\\\/\\\/diariotextual.com\\\/inicio\\\/\",\"name\":\"Diario Textual\",\"description\":\"\",\"publisher\":{\"@id\":\"https:\\\/\\\/diariotextual.com\\\/inicio\\\/#organization\"},\"potentialAction\":[{\"@type\":\"SearchAction\",\"target\":{\"@type\":\"EntryPoint\",\"urlTemplate\":\"https:\\\/\\\/diariotextual.com\\\/inicio\\\/?s={search_term_string}\"},\"query-input\":{\"@type\":\"PropertyValueSpecification\",\"valueRequired\":true,\"valueName\":\"search_term_string\"}}],\"inLanguage\":\"es\"},{\"@type\":\"Organization\",\"@id\":\"https:\\\/\\\/diariotextual.com\\\/inicio\\\/#organization\",\"name\":\"Diario Textual\",\"url\":\"https:\\\/\\\/diariotextual.com\\\/inicio\\\/\",\"logo\":{\"@type\":\"ImageObject\",\"inLanguage\":\"es\",\"@id\":\"https:\\\/\\\/diariotextual.com\\\/inicio\\\/#\\\/schema\\\/logo\\\/image\\\/\",\"url\":\"https:\\\/\\\/diariotextual.com\\\/inicio\\\/wp-content\\\/uploads\\\/2023\\\/05\\\/logotextual1.jpg\",\"contentUrl\":\"https:\\\/\\\/diariotextual.com\\\/inicio\\\/wp-content\\\/uploads\\\/2023\\\/05\\\/logotextual1.jpg\",\"width\":516,\"height\":76,\"caption\":\"Diario Textual\"},\"image\":{\"@id\":\"https:\\\/\\\/diariotextual.com\\\/inicio\\\/#\\\/schema\\\/logo\\\/image\\\/\"},\"sameAs\":[\"https:\\\/\\\/www.facebook.com\\\/eltextual\",\"https:\\\/\\\/x.com\\\/eltextual\",\"http:\\\/\\\/www.instagram.com\\\/eltextual\"]},{\"@type\":\"Person\",\"@id\":\"https:\\\/\\\/diariotextual.com\\\/inicio\\\/#\\\/schema\\\/person\\\/418fc4093c33e86ed41562db3508f958\",\"name\":\"Diario1 Diario1\",\"image\":{\"@type\":\"ImageObject\",\"inLanguage\":\"es\",\"@id\":\"https:\\\/\\\/secure.gravatar.com\\\/avatar\\\/9167d280179c85bc18be67aa7eda765854300033af4896dd779b608640f2ef7a?s=96&d=mm&r=g\",\"url\":\"https:\\\/\\\/secure.gravatar.com\\\/avatar\\\/9167d280179c85bc18be67aa7eda765854300033af4896dd779b608640f2ef7a?s=96&d=mm&r=g\",\"contentUrl\":\"https:\\\/\\\/secure.gravatar.com\\\/avatar\\\/9167d280179c85bc18be67aa7eda765854300033af4896dd779b608640f2ef7a?s=96&d=mm&r=g\",\"caption\":\"Diario1 Diario1\"},\"url\":\"https:\\\/\\\/diariotextual.com\\\/inicio\\\/index.php\\\/author\\\/diario1\\\/\"}]}<\/script>\n<!-- \/ Yoast SEO plugin. -->","yoast_head_json":{"title":"Con diez jugadores, la Selecci\u00f3n argentina igual\u00f3 ante Colombia por las Eliminatorias - Diario Textual","robots":{"index":"index","follow":"follow","max-snippet":"max-snippet:-1","max-image-preview":"max-image-preview:large","max-video-preview":"max-video-preview:-1"},"canonical":"https:\/\/diariotextual.com\/inicio\/index.php\/2025\/06\/10\/con-diez-jugadores-la-seleccion-argentina-igualo-ante-colombia-por-las-eliminatorias\/","og_locale":"es_ES","og_type":"article","og_title":"Con diez jugadores, la Selecci\u00f3n argentina igual\u00f3 ante Colombia por las Eliminatorias - Diario Textual","og_description":"La Selecci\u00f3n argentina&nbsp;igual\u00f3 esta noche como local 1 a 1 frente a&nbsp;Colombia, cuando ya jugaba con diez futbolistas, en un partido disputado en el&nbsp;estadio Monumental, correspondiente a la decimosexta fecha&hellip;","og_url":"https:\/\/diariotextual.com\/inicio\/index.php\/2025\/06\/10\/con-diez-jugadores-la-seleccion-argentina-igualo-ante-colombia-por-las-eliminatorias\/","og_site_name":"Diario Textual","article_publisher":"https:\/\/www.facebook.com\/eltextual","article_published_time":"2025-06-11T01:55:41+00:00","article_modified_time":"2025-06-11T09:59:19+00:00","og_image":[{"width":1500,"height":1027,"url":"https:\/\/diariotextual.com\/inicio\/wp-content\/uploads\/2025\/06\/seleccionargentinacolombiamessileoseleccion2025-2.jpg","type":"image\/jpeg"}],"author":"Diario1 Diario1","twitter_card":"summary_large_image","twitter_creator":"@eltextual","twitter_site":"@eltextual","twitter_misc":{"Escrito por":"Diario1 Diario1","Tiempo de lectura":"1 minuto"},"schema":{"@context":"https:\/\/schema.org","@graph":[{"@type":"Article","@id":"https:\/\/diariotextual.com\/inicio\/index.php\/2025\/06\/10\/con-diez-jugadores-la-seleccion-argentina-igualo-ante-colombia-por-las-eliminatorias\/#article","isPartOf":{"@id":"https:\/\/diariotextual.com\/inicio\/index.php\/2025\/06\/10\/con-diez-jugadores-la-seleccion-argentina-igualo-ante-colombia-por-las-eliminatorias\/"},"author":{"name":"Diario1 Diario1","@id":"https:\/\/diariotextual.com\/inicio\/#\/schema\/person\/418fc4093c33e86ed41562db3508f958"},"headline":"Con diez jugadores, la Selecci\u00f3n argentina igual\u00f3 ante Colombia por las Eliminatorias","datePublished":"2025-06-11T01:55:41+00:00","dateModified":"2025-06-11T09:59:19+00:00","mainEntityOfPage":{"@id":"https:\/\/diariotextual.com\/inicio\/index.php\/2025\/06\/10\/con-diez-jugadores-la-seleccion-argentina-igualo-ante-colombia-por-las-eliminatorias\/"},"wordCount":577,"publisher":{"@id":"https:\/\/diariotextual.com\/inicio\/#organization"},"image":{"@id":"https:\/\/diariotextual.com\/inicio\/index.php\/2025\/06\/10\/con-diez-jugadores-la-seleccion-argentina-igualo-ante-colombia-por-las-eliminatorias\/#primaryimage"},"thumbnailUrl":"https:\/\/diariotextual.com\/inicio\/wp-content\/uploads\/2025\/06\/seleccionargentinacolombiamessileoseleccion2025-2.jpg","articleSection":["A - ES NOTICIA (van abajo)","DEPORTES"],"inLanguage":"es"},{"@type":"WebPage","@id":"https:\/\/diariotextual.com\/inicio\/index.php\/2025\/06\/10\/con-diez-jugadores-la-seleccion-argentina-igualo-ante-colombia-por-las-eliminatorias\/","url":"https:\/\/diariotextual.com\/inicio\/index.php\/2025\/06\/10\/con-diez-jugadores-la-seleccion-argentina-igualo-ante-colombia-por-las-eliminatorias\/","name":"Con diez jugadores, la Selecci\u00f3n argentina igual\u00f3 ante Colombia por las Eliminatorias - Diario Textual","isPartOf":{"@id":"https:\/\/diariotextual.com\/inicio\/#website"},"primaryImageOfPage":{"@id":"https:\/\/diariotextual.com\/inicio\/index.php\/2025\/06\/10\/con-diez-jugadores-la-seleccion-argentina-igualo-ante-colombia-por-las-eliminatorias\/#primaryimage"},"image":{"@id":"https:\/\/diariotextual.com\/inicio\/index.php\/2025\/06\/10\/con-diez-jugadores-la-seleccion-argentina-igualo-ante-colombia-por-las-eliminatorias\/#primaryimage"},"thumbnailUrl":"https:\/\/diariotextual.com\/inicio\/wp-content\/uploads\/2025\/06\/seleccionargentinacolombiamessileoseleccion2025-2.jpg","datePublished":"2025-06-11T01:55:41+00:00","dateModified":"2025-06-11T09:59:19+00:00","breadcrumb":{"@id":"https:\/\/diariotextual.com\/inicio\/index.php\/2025\/06\/10\/con-diez-jugadores-la-seleccion-argentina-igualo-ante-colombia-por-las-eliminatorias\/#breadcrumb"},"inLanguage":"es","potentialAction":[{"@type":"ReadAction","target":["https:\/\/diariotextual.com\/inicio\/index.php\/2025\/06\/10\/con-diez-jugadores-la-seleccion-argentina-igualo-ante-colombia-por-las-eliminatorias\/"]}]},{"@type":"ImageObject","inLanguage":"es","@id":"https:\/\/diariotextual.com\/inicio\/index.php\/2025\/06\/10\/con-diez-jugadores-la-seleccion-argentina-igualo-ante-colombia-por-las-eliminatorias\/#primaryimage","url":"https:\/\/diariotextual.com\/inicio\/wp-content\/uploads\/2025\/06\/seleccionargentinacolombiamessileoseleccion2025-2.jpg","contentUrl":"https:\/\/diariotextual.com\/inicio\/wp-content\/uploads\/2025\/06\/seleccionargentinacolombiamessileoseleccion2025-2.jpg","width":1500,"height":1027},{"@type":"BreadcrumbList","@id":"https:\/\/diariotextual.com\/inicio\/index.php\/2025\/06\/10\/con-diez-jugadores-la-seleccion-argentina-igualo-ante-colombia-por-las-eliminatorias\/#breadcrumb","itemListElement":[{"@type":"ListItem","position":1,"name":"Portada","item":"https:\/\/diariotextual.com\/inicio\/"},{"@type":"ListItem","position":2,"name":"Con diez jugadores, la Selecci\u00f3n argentina igual\u00f3 ante Colombia por las Eliminatorias"}]},{"@type":"WebSite","@id":"https:\/\/diariotextual.com\/inicio\/#website","url":"https:\/\/diariotextual.com\/inicio\/","name":"Diario Textual","description":"","publisher":{"@id":"https:\/\/diariotextual.com\/inicio\/#organization"},"potentialAction":[{"@type":"SearchAction","target":{"@type":"EntryPoint","urlTemplate":"https:\/\/diariotextual.com\/inicio\/?s={search_term_string}"},"query-input":{"@type":"PropertyValueSpecification","valueRequired":true,"valueName":"search_term_string"}}],"inLanguage":"es"},{"@type":"Organization","@id":"https:\/\/diariotextual.com\/inicio\/#organization","name":"Diario Textual","url":"https:\/\/diariotextual.com\/inicio\/","logo":{"@type":"ImageObject","inLanguage":"es","@id":"https:\/\/diariotextual.com\/inicio\/#\/schema\/logo\/image\/","url":"https:\/\/diariotextual.com\/inicio\/wp-content\/uploads\/2023\/05\/logotextual1.jpg","contentUrl":"https:\/\/diariotextual.com\/inicio\/wp-content\/uploads\/2023\/05\/logotextual1.jpg","width":516,"height":76,"caption":"Diario Textual"},"image":{"@id":"https:\/\/diariotextual.com\/inicio\/#\/schema\/logo\/image\/"},"sameAs":["https:\/\/www.facebook.com\/eltextual","https:\/\/x.com\/eltextual","http:\/\/www.instagram.com\/eltextual"]},{"@type":"Person","@id":"https:\/\/diariotextual.com\/inicio\/#\/schema\/person\/418fc4093c33e86ed41562db3508f958","name":"Diario1 Diario1","image":{"@type":"ImageObject","inLanguage":"es","@id":"https:\/\/secure.gravatar.com\/avatar\/9167d280179c85bc18be67aa7eda765854300033af4896dd779b608640f2ef7a?s=96&d=mm&r=g","url":"https:\/\/secure.gravatar.com\/avatar\/9167d280179c85bc18be67aa7eda765854300033af4896dd779b608640f2ef7a?s=96&d=mm&r=g","contentUrl":"https:\/\/secure.gravatar.com\/avatar\/9167d280179c85bc18be67aa7eda765854300033af4896dd779b608640f2ef7a?s=96&d=mm&r=g","caption":"Diario1 Diario1"},"url":"https:\/\/diariotextual.com\/inicio\/index.php\/author\/diario1\/"}]}},"_links":{"self":[{"href":"https:\/\/diariotextual.com\/inicio\/index.php\/wp-json\/wp\/v2\/posts\/298553","targetHints":{"allow":["GET"]}}],"collection":[{"href":"https:\/\/diariotextual.com\/inicio\/index.php\/wp-json\/wp\/v2\/posts"}],"about":[{"href":"https:\/\/diariotextual.com\/inicio\/index.php\/wp-json\/wp\/v2\/types\/post"}],"author":[{"embeddable":true,"href":"https:\/\/diariotextual.com\/inicio\/index.php\/wp-json\/wp\/v2\/users\/3"}],"replies":[{"embeddable":true,"href":"https:\/\/diariotextual.com\/inicio\/index.php\/wp-json\/wp\/v2\/comments?post=298553"}],"version-history":[{"count":3,"href":"https:\/\/diariotextual.com\/inicio\/index.php\/wp-json\/wp\/v2\/posts\/298553\/revisions"}],"predecessor-version":[{"id":298562,"href":"https:\/\/diariotextual.com\/inicio\/index.php\/wp-json\/wp\/v2\/posts\/298553\/revisions\/298562"}],"wp:featuredmedia":[{"embeddable":true,"href":"https:\/\/diariotextual.com\/inicio\/index.php\/wp-json\/wp\/v2\/media\/298554"}],"wp:attachment":[{"href":"https:\/\/diariotextual.com\/inicio\/index.php\/wp-json\/wp\/v2\/media?parent=298553"}],"wp:term":[{"taxonomy":"category","embeddable":true,"href":"https:\/\/diariotextual.com\/inicio\/index.php\/wp-json\/wp\/v2\/categories?post=298553"},{"taxonomy":"post_tag","embeddable":true,"href":"https:\/\/diariotextual.com\/inicio\/index.php\/wp-json\/wp\/v2\/tags?post=298553"}],"curies":[{"name":"wp","href":"https:\/\/api.w.org\/{rel}","templated":true}]}}