{"id":298822,"date":"2025-06-14T18:07:42","date_gmt":"2025-06-14T21:07:42","guid":{"rendered":"https:\/\/diariotextual.com\/inicio\/?p=298822"},"modified":"2025-06-15T08:31:25","modified_gmt":"2025-06-15T11:31:25","slug":"colapinto-tuvo-una-gran-clasificacion-y-largara-11-en-el-gp-de-canada-de-formula-1","status":"publish","type":"post","link":"https:\/\/diariotextual.com\/inicio\/index.php\/2025\/06\/14\/colapinto-tuvo-una-gran-clasificacion-y-largara-11-en-el-gp-de-canada-de-formula-1\/","title":{"rendered":"Colapinto tuvo una gran clasificaci\u00f3n y largar\u00e1 11\u00b0 en el GP de Canad\u00e1 de F\u00f3rmula 1"},"content":{"rendered":"\n<p><strong><br>Franco Colapinto<\/strong>&nbsp;protagoniz\u00f3 su mejor actuaci\u00f3n desde que desembarc\u00f3 en&nbsp;<strong>Alpine&nbsp;<\/strong>y largar\u00e1&nbsp;<strong>11\u00b0 el domingo<\/strong>&nbsp;tras la penalizaci\u00f3n de diez posiciones que recibi\u00f3&nbsp;<strong>Yuki Tsunoda antes de la qualy<\/strong>. Su compa\u00f1ero,&nbsp;<strong>Pierre Gasly<\/strong>, no tuvo un buen rendimiento en la Q1 y qued\u00f3 en el \u00faltimo lugar de la grilla. La carrera a&nbsp;<strong>70 vueltas se llevar\u00e1 a cabo este domingo a partir de las 15 horas<\/strong>&nbsp;de Argentina.<\/p>\n\n\n\n<p>Colapinto, m\u00e1s all\u00e1 de tener su actuaci\u00f3n m\u00e1s sobresaliente con su flamante escuder\u00eda, es una de las mejores clasificaciones del argentino en sus pocas carreras como piloto de F1. Previamente hab\u00eda conseguido un&nbsp;<strong>9\u00b0 puesto en el GP de Azebaiy\u00e1n<\/strong>&nbsp;del 2024 cuando corr\u00eda con Williams y luego firm\u00f3 un&nbsp;<strong>10\u00aa colocaci\u00f3n para la Sprint del GP de Estados Unidos<\/strong>&nbsp;del a\u00f1o pasado.<\/p>\n\n\n\n<p>Con este resultado, el argentino se mostr\u00f3 optimista de cara a la carrera en la\u00a0<em>isla de Notre-Dame\u00a0<\/em>y explic\u00f3 los peque\u00f1os detalles que lo marginaron de una hipot\u00e9tica entrada a Q3. \u201cVolvimos&#8230;\u00a0<strong>Al fin, ya era hora. Es goma media me complic\u00f3 un poco. Arranqu\u00e9 la vuelta con muy poco grip (agarre) porque cuesta calentarla. Despu\u00e9s tuve muy buen grip en la mitad y trat\u00e9 de recuperar todo lo que hab\u00eda perdido en la primera parte porque las gomas no estaban listas.\u00a0<\/strong>Creo que con una goma blanda hubiera tenido un poquito m\u00e1s de chance. Pero es lo que hay\u00bb, argument\u00f3 el pilarense, quien no escondi\u00f3 tambi\u00e9n la autocr\u00edtica que realiz\u00f3 a pesar del buen resultado.<\/p>\n\n\n\n<p><strong>En tanto, George Russell se qued\u00f3 con la pole en Canad\u00e1.\u00a0<\/strong>El de Mercedes firm\u00f3 un giro de 1:10.899 para apoderarse del primer lugar de la grilla en la carrera del domingo. Max Verstappen largar\u00e1 segundo.<\/p>\n\n\n\n<p>Oscar Piastri (3\u00b0), Andrea Kimi Antonelli (4\u00b0), Lewis Hamilton (5\u00b0), Fernando Alonso (6\u00b0), Lando Norris (7\u00b0), Charles Leclerc (8\u00b0), Isack Hadjar (9\u00b0) y Alex Albon (10\u00b0) ocuparon los otros lugares.<\/p>\n\n\n\n<p><\/p>\n\n\n\n<p><\/p>\n\n\n","protected":false},"excerpt":{"rendered":"<p>Franco Colapinto&nbsp;protagoniz\u00f3 su mejor actuaci\u00f3n desde que desembarc\u00f3 en&nbsp;Alpine&nbsp;y largar\u00e1&nbsp;11\u00b0 el domingo&nbsp;tras la penalizaci\u00f3n de diez posiciones que recibi\u00f3&nbsp;Yuki Tsunoda antes de la qualy. Su compa\u00f1ero,&nbsp;Pierre Gasly, no tuvo un&hellip;<\/p>\n","protected":false},"author":3,"featured_media":298823,"comment_status":"closed","ping_status":"open","sticky":false,"template":"","format":"standard","meta":{"_acf_changed":false,"footnotes":""},"categories":[3],"tags":[],"class_list":["post-298822","post","type-post","status-publish","format-standard","has-post-thumbnail","hentry","category-deportes"],"acf":[],"yoast_head":"<!-- This site is optimized with the Yoast SEO plugin v27.4 - https:\/\/yoast.com\/product\/yoast-seo-wordpress\/ -->\n<title>Colapinto tuvo una gran clasificaci\u00f3n y largar\u00e1 11\u00b0 en el GP de Canad\u00e1 de F\u00f3rmula 1 - Diario Textual<\/title>\n<meta name=\"robots\" content=\"index, follow, max-snippet:-1, max-image-preview:large, max-video-preview:-1\" \/>\n<link rel=\"canonical\" href=\"https:\/\/diariotextual.com\/inicio\/index.php\/2025\/06\/14\/colapinto-tuvo-una-gran-clasificacion-y-largara-11-en-el-gp-de-canada-de-formula-1\/\" \/>\n<meta property=\"og:locale\" content=\"es_ES\" \/>\n<meta property=\"og:type\" content=\"article\" \/>\n<meta property=\"og:title\" content=\"Colapinto tuvo una gran clasificaci\u00f3n y largar\u00e1 11\u00b0 en el GP de Canad\u00e1 de F\u00f3rmula 1 - Diario Textual\" \/>\n<meta property=\"og:description\" content=\"Franco Colapinto&nbsp;protagoniz\u00f3 su mejor actuaci\u00f3n desde que desembarc\u00f3 en&nbsp;Alpine&nbsp;y largar\u00e1&nbsp;11\u00b0 el domingo&nbsp;tras la penalizaci\u00f3n de diez posiciones que recibi\u00f3&nbsp;Yuki Tsunoda antes de la qualy. Su compa\u00f1ero,&nbsp;Pierre Gasly, no tuvo un&hellip;\" \/>\n<meta property=\"og:url\" content=\"https:\/\/diariotextual.com\/inicio\/index.php\/2025\/06\/14\/colapinto-tuvo-una-gran-clasificacion-y-largara-11-en-el-gp-de-canada-de-formula-1\/\" \/>\n<meta property=\"og:site_name\" content=\"Diario Textual\" \/>\n<meta property=\"article:publisher\" content=\"https:\/\/www.facebook.com\/eltextual\" \/>\n<meta property=\"article:published_time\" content=\"2025-06-14T21:07:42+00:00\" \/>\n<meta property=\"article:modified_time\" content=\"2025-06-15T11:31:25+00:00\" \/>\n<meta property=\"og:image\" content=\"https:\/\/diariotextual.com\/inicio\/wp-content\/uploads\/2025\/06\/colapintofranco2025-100.jpg\" \/>\n\t<meta property=\"og:image:width\" content=\"1347\" \/>\n\t<meta property=\"og:image:height\" content=\"875\" \/>\n\t<meta property=\"og:image:type\" content=\"image\/jpeg\" \/>\n<meta name=\"author\" content=\"Diario1 Diario1\" \/>\n<meta name=\"twitter:card\" content=\"summary_large_image\" \/>\n<meta name=\"twitter:creator\" content=\"@eltextual\" \/>\n<meta name=\"twitter:site\" content=\"@eltextual\" \/>\n<meta name=\"twitter:label1\" content=\"Escrito por\" \/>\n\t<meta name=\"twitter:data1\" content=\"Diario1 Diario1\" \/>\n\t<meta name=\"twitter:label2\" content=\"Tiempo de lectura\" \/>\n\t<meta name=\"twitter:data2\" content=\"2 minutos\" \/>\n<script type=\"application\/ld+json\" class=\"yoast-schema-graph\">{\"@context\":\"https:\\\/\\\/schema.org\",\"@graph\":[{\"@type\":\"Article\",\"@id\":\"https:\\\/\\\/diariotextual.com\\\/inicio\\\/index.php\\\/2025\\\/06\\\/14\\\/colapinto-tuvo-una-gran-clasificacion-y-largara-11-en-el-gp-de-canada-de-formula-1\\\/#article\",\"isPartOf\":{\"@id\":\"https:\\\/\\\/diariotextual.com\\\/inicio\\\/index.php\\\/2025\\\/06\\\/14\\\/colapinto-tuvo-una-gran-clasificacion-y-largara-11-en-el-gp-de-canada-de-formula-1\\\/\"},\"author\":{\"name\":\"Diario1 Diario1\",\"@id\":\"https:\\\/\\\/diariotextual.com\\\/inicio\\\/#\\\/schema\\\/person\\\/418fc4093c33e86ed41562db3508f958\"},\"headline\":\"Colapinto tuvo una gran clasificaci\u00f3n y largar\u00e1 11\u00b0 en el GP de Canad\u00e1 de F\u00f3rmula 1\",\"datePublished\":\"2025-06-14T21:07:42+00:00\",\"dateModified\":\"2025-06-15T11:31:25+00:00\",\"mainEntityOfPage\":{\"@id\":\"https:\\\/\\\/diariotextual.com\\\/inicio\\\/index.php\\\/2025\\\/06\\\/14\\\/colapinto-tuvo-una-gran-clasificacion-y-largara-11-en-el-gp-de-canada-de-formula-1\\\/\"},\"wordCount\":349,\"publisher\":{\"@id\":\"https:\\\/\\\/diariotextual.com\\\/inicio\\\/#organization\"},\"image\":{\"@id\":\"https:\\\/\\\/diariotextual.com\\\/inicio\\\/index.php\\\/2025\\\/06\\\/14\\\/colapinto-tuvo-una-gran-clasificacion-y-largara-11-en-el-gp-de-canada-de-formula-1\\\/#primaryimage\"},\"thumbnailUrl\":\"https:\\\/\\\/diariotextual.com\\\/inicio\\\/wp-content\\\/uploads\\\/2025\\\/06\\\/colapintofranco2025-100.jpg\",\"articleSection\":[\"DEPORTES\"],\"inLanguage\":\"es\"},{\"@type\":\"WebPage\",\"@id\":\"https:\\\/\\\/diariotextual.com\\\/inicio\\\/index.php\\\/2025\\\/06\\\/14\\\/colapinto-tuvo-una-gran-clasificacion-y-largara-11-en-el-gp-de-canada-de-formula-1\\\/\",\"url\":\"https:\\\/\\\/diariotextual.com\\\/inicio\\\/index.php\\\/2025\\\/06\\\/14\\\/colapinto-tuvo-una-gran-clasificacion-y-largara-11-en-el-gp-de-canada-de-formula-1\\\/\",\"name\":\"Colapinto tuvo una gran clasificaci\u00f3n y largar\u00e1 11\u00b0 en el GP de Canad\u00e1 de F\u00f3rmula 1 - Diario Textual\",\"isPartOf\":{\"@id\":\"https:\\\/\\\/diariotextual.com\\\/inicio\\\/#website\"},\"primaryImageOfPage\":{\"@id\":\"https:\\\/\\\/diariotextual.com\\\/inicio\\\/index.php\\\/2025\\\/06\\\/14\\\/colapinto-tuvo-una-gran-clasificacion-y-largara-11-en-el-gp-de-canada-de-formula-1\\\/#primaryimage\"},\"image\":{\"@id\":\"https:\\\/\\\/diariotextual.com\\\/inicio\\\/index.php\\\/2025\\\/06\\\/14\\\/colapinto-tuvo-una-gran-clasificacion-y-largara-11-en-el-gp-de-canada-de-formula-1\\\/#primaryimage\"},\"thumbnailUrl\":\"https:\\\/\\\/diariotextual.com\\\/inicio\\\/wp-content\\\/uploads\\\/2025\\\/06\\\/colapintofranco2025-100.jpg\",\"datePublished\":\"2025-06-14T21:07:42+00:00\",\"dateModified\":\"2025-06-15T11:31:25+00:00\",\"breadcrumb\":{\"@id\":\"https:\\\/\\\/diariotextual.com\\\/inicio\\\/index.php\\\/2025\\\/06\\\/14\\\/colapinto-tuvo-una-gran-clasificacion-y-largara-11-en-el-gp-de-canada-de-formula-1\\\/#breadcrumb\"},\"inLanguage\":\"es\",\"potentialAction\":[{\"@type\":\"ReadAction\",\"target\":[\"https:\\\/\\\/diariotextual.com\\\/inicio\\\/index.php\\\/2025\\\/06\\\/14\\\/colapinto-tuvo-una-gran-clasificacion-y-largara-11-en-el-gp-de-canada-de-formula-1\\\/\"]}]},{\"@type\":\"ImageObject\",\"inLanguage\":\"es\",\"@id\":\"https:\\\/\\\/diariotextual.com\\\/inicio\\\/index.php\\\/2025\\\/06\\\/14\\\/colapinto-tuvo-una-gran-clasificacion-y-largara-11-en-el-gp-de-canada-de-formula-1\\\/#primaryimage\",\"url\":\"https:\\\/\\\/diariotextual.com\\\/inicio\\\/wp-content\\\/uploads\\\/2025\\\/06\\\/colapintofranco2025-100.jpg\",\"contentUrl\":\"https:\\\/\\\/diariotextual.com\\\/inicio\\\/wp-content\\\/uploads\\\/2025\\\/06\\\/colapintofranco2025-100.jpg\",\"width\":1347,\"height\":875},{\"@type\":\"BreadcrumbList\",\"@id\":\"https:\\\/\\\/diariotextual.com\\\/inicio\\\/index.php\\\/2025\\\/06\\\/14\\\/colapinto-tuvo-una-gran-clasificacion-y-largara-11-en-el-gp-de-canada-de-formula-1\\\/#breadcrumb\",\"itemListElement\":[{\"@type\":\"ListItem\",\"position\":1,\"name\":\"Portada\",\"item\":\"https:\\\/\\\/diariotextual.com\\\/inicio\\\/\"},{\"@type\":\"ListItem\",\"position\":2,\"name\":\"Colapinto tuvo una gran clasificaci\u00f3n y largar\u00e1 11\u00b0 en el GP de Canad\u00e1 de F\u00f3rmula 1\"}]},{\"@type\":\"WebSite\",\"@id\":\"https:\\\/\\\/diariotextual.com\\\/inicio\\\/#website\",\"url\":\"https:\\\/\\\/diariotextual.com\\\/inicio\\\/\",\"name\":\"Diario Textual\",\"description\":\"\",\"publisher\":{\"@id\":\"https:\\\/\\\/diariotextual.com\\\/inicio\\\/#organization\"},\"potentialAction\":[{\"@type\":\"SearchAction\",\"target\":{\"@type\":\"EntryPoint\",\"urlTemplate\":\"https:\\\/\\\/diariotextual.com\\\/inicio\\\/?s={search_term_string}\"},\"query-input\":{\"@type\":\"PropertyValueSpecification\",\"valueRequired\":true,\"valueName\":\"search_term_string\"}}],\"inLanguage\":\"es\"},{\"@type\":\"Organization\",\"@id\":\"https:\\\/\\\/diariotextual.com\\\/inicio\\\/#organization\",\"name\":\"Diario Textual\",\"url\":\"https:\\\/\\\/diariotextual.com\\\/inicio\\\/\",\"logo\":{\"@type\":\"ImageObject\",\"inLanguage\":\"es\",\"@id\":\"https:\\\/\\\/diariotextual.com\\\/inicio\\\/#\\\/schema\\\/logo\\\/image\\\/\",\"url\":\"https:\\\/\\\/diariotextual.com\\\/inicio\\\/wp-content\\\/uploads\\\/2023\\\/05\\\/logotextual1.jpg\",\"contentUrl\":\"https:\\\/\\\/diariotextual.com\\\/inicio\\\/wp-content\\\/uploads\\\/2023\\\/05\\\/logotextual1.jpg\",\"width\":516,\"height\":76,\"caption\":\"Diario Textual\"},\"image\":{\"@id\":\"https:\\\/\\\/diariotextual.com\\\/inicio\\\/#\\\/schema\\\/logo\\\/image\\\/\"},\"sameAs\":[\"https:\\\/\\\/www.facebook.com\\\/eltextual\",\"https:\\\/\\\/x.com\\\/eltextual\",\"http:\\\/\\\/www.instagram.com\\\/eltextual\"]},{\"@type\":\"Person\",\"@id\":\"https:\\\/\\\/diariotextual.com\\\/inicio\\\/#\\\/schema\\\/person\\\/418fc4093c33e86ed41562db3508f958\",\"name\":\"Diario1 Diario1\",\"image\":{\"@type\":\"ImageObject\",\"inLanguage\":\"es\",\"@id\":\"https:\\\/\\\/secure.gravatar.com\\\/avatar\\\/9167d280179c85bc18be67aa7eda765854300033af4896dd779b608640f2ef7a?s=96&d=mm&r=g\",\"url\":\"https:\\\/\\\/secure.gravatar.com\\\/avatar\\\/9167d280179c85bc18be67aa7eda765854300033af4896dd779b608640f2ef7a?s=96&d=mm&r=g\",\"contentUrl\":\"https:\\\/\\\/secure.gravatar.com\\\/avatar\\\/9167d280179c85bc18be67aa7eda765854300033af4896dd779b608640f2ef7a?s=96&d=mm&r=g\",\"caption\":\"Diario1 Diario1\"},\"url\":\"https:\\\/\\\/diariotextual.com\\\/inicio\\\/index.php\\\/author\\\/diario1\\\/\"}]}<\/script>\n<!-- \/ Yoast SEO plugin. -->","yoast_head_json":{"title":"Colapinto tuvo una gran clasificaci\u00f3n y largar\u00e1 11\u00b0 en el GP de Canad\u00e1 de F\u00f3rmula 1 - Diario Textual","robots":{"index":"index","follow":"follow","max-snippet":"max-snippet:-1","max-image-preview":"max-image-preview:large","max-video-preview":"max-video-preview:-1"},"canonical":"https:\/\/diariotextual.com\/inicio\/index.php\/2025\/06\/14\/colapinto-tuvo-una-gran-clasificacion-y-largara-11-en-el-gp-de-canada-de-formula-1\/","og_locale":"es_ES","og_type":"article","og_title":"Colapinto tuvo una gran clasificaci\u00f3n y largar\u00e1 11\u00b0 en el GP de Canad\u00e1 de F\u00f3rmula 1 - Diario Textual","og_description":"Franco Colapinto&nbsp;protagoniz\u00f3 su mejor actuaci\u00f3n desde que desembarc\u00f3 en&nbsp;Alpine&nbsp;y largar\u00e1&nbsp;11\u00b0 el domingo&nbsp;tras la penalizaci\u00f3n de diez posiciones que recibi\u00f3&nbsp;Yuki Tsunoda antes de la qualy. Su compa\u00f1ero,&nbsp;Pierre Gasly, no tuvo un&hellip;","og_url":"https:\/\/diariotextual.com\/inicio\/index.php\/2025\/06\/14\/colapinto-tuvo-una-gran-clasificacion-y-largara-11-en-el-gp-de-canada-de-formula-1\/","og_site_name":"Diario Textual","article_publisher":"https:\/\/www.facebook.com\/eltextual","article_published_time":"2025-06-14T21:07:42+00:00","article_modified_time":"2025-06-15T11:31:25+00:00","og_image":[{"width":1347,"height":875,"url":"https:\/\/diariotextual.com\/inicio\/wp-content\/uploads\/2025\/06\/colapintofranco2025-100.jpg","type":"image\/jpeg"}],"author":"Diario1 Diario1","twitter_card":"summary_large_image","twitter_creator":"@eltextual","twitter_site":"@eltextual","twitter_misc":{"Escrito por":"Diario1 Diario1","Tiempo de lectura":"2 minutos"},"schema":{"@context":"https:\/\/schema.org","@graph":[{"@type":"Article","@id":"https:\/\/diariotextual.com\/inicio\/index.php\/2025\/06\/14\/colapinto-tuvo-una-gran-clasificacion-y-largara-11-en-el-gp-de-canada-de-formula-1\/#article","isPartOf":{"@id":"https:\/\/diariotextual.com\/inicio\/index.php\/2025\/06\/14\/colapinto-tuvo-una-gran-clasificacion-y-largara-11-en-el-gp-de-canada-de-formula-1\/"},"author":{"name":"Diario1 Diario1","@id":"https:\/\/diariotextual.com\/inicio\/#\/schema\/person\/418fc4093c33e86ed41562db3508f958"},"headline":"Colapinto tuvo una gran clasificaci\u00f3n y largar\u00e1 11\u00b0 en el GP de Canad\u00e1 de F\u00f3rmula 1","datePublished":"2025-06-14T21:07:42+00:00","dateModified":"2025-06-15T11:31:25+00:00","mainEntityOfPage":{"@id":"https:\/\/diariotextual.com\/inicio\/index.php\/2025\/06\/14\/colapinto-tuvo-una-gran-clasificacion-y-largara-11-en-el-gp-de-canada-de-formula-1\/"},"wordCount":349,"publisher":{"@id":"https:\/\/diariotextual.com\/inicio\/#organization"},"image":{"@id":"https:\/\/diariotextual.com\/inicio\/index.php\/2025\/06\/14\/colapinto-tuvo-una-gran-clasificacion-y-largara-11-en-el-gp-de-canada-de-formula-1\/#primaryimage"},"thumbnailUrl":"https:\/\/diariotextual.com\/inicio\/wp-content\/uploads\/2025\/06\/colapintofranco2025-100.jpg","articleSection":["DEPORTES"],"inLanguage":"es"},{"@type":"WebPage","@id":"https:\/\/diariotextual.com\/inicio\/index.php\/2025\/06\/14\/colapinto-tuvo-una-gran-clasificacion-y-largara-11-en-el-gp-de-canada-de-formula-1\/","url":"https:\/\/diariotextual.com\/inicio\/index.php\/2025\/06\/14\/colapinto-tuvo-una-gran-clasificacion-y-largara-11-en-el-gp-de-canada-de-formula-1\/","name":"Colapinto tuvo una gran clasificaci\u00f3n y largar\u00e1 11\u00b0 en el GP de Canad\u00e1 de F\u00f3rmula 1 - Diario Textual","isPartOf":{"@id":"https:\/\/diariotextual.com\/inicio\/#website"},"primaryImageOfPage":{"@id":"https:\/\/diariotextual.com\/inicio\/index.php\/2025\/06\/14\/colapinto-tuvo-una-gran-clasificacion-y-largara-11-en-el-gp-de-canada-de-formula-1\/#primaryimage"},"image":{"@id":"https:\/\/diariotextual.com\/inicio\/index.php\/2025\/06\/14\/colapinto-tuvo-una-gran-clasificacion-y-largara-11-en-el-gp-de-canada-de-formula-1\/#primaryimage"},"thumbnailUrl":"https:\/\/diariotextual.com\/inicio\/wp-content\/uploads\/2025\/06\/colapintofranco2025-100.jpg","datePublished":"2025-06-14T21:07:42+00:00","dateModified":"2025-06-15T11:31:25+00:00","breadcrumb":{"@id":"https:\/\/diariotextual.com\/inicio\/index.php\/2025\/06\/14\/colapinto-tuvo-una-gran-clasificacion-y-largara-11-en-el-gp-de-canada-de-formula-1\/#breadcrumb"},"inLanguage":"es","potentialAction":[{"@type":"ReadAction","target":["https:\/\/diariotextual.com\/inicio\/index.php\/2025\/06\/14\/colapinto-tuvo-una-gran-clasificacion-y-largara-11-en-el-gp-de-canada-de-formula-1\/"]}]},{"@type":"ImageObject","inLanguage":"es","@id":"https:\/\/diariotextual.com\/inicio\/index.php\/2025\/06\/14\/colapinto-tuvo-una-gran-clasificacion-y-largara-11-en-el-gp-de-canada-de-formula-1\/#primaryimage","url":"https:\/\/diariotextual.com\/inicio\/wp-content\/uploads\/2025\/06\/colapintofranco2025-100.jpg","contentUrl":"https:\/\/diariotextual.com\/inicio\/wp-content\/uploads\/2025\/06\/colapintofranco2025-100.jpg","width":1347,"height":875},{"@type":"BreadcrumbList","@id":"https:\/\/diariotextual.com\/inicio\/index.php\/2025\/06\/14\/colapinto-tuvo-una-gran-clasificacion-y-largara-11-en-el-gp-de-canada-de-formula-1\/#breadcrumb","itemListElement":[{"@type":"ListItem","position":1,"name":"Portada","item":"https:\/\/diariotextual.com\/inicio\/"},{"@type":"ListItem","position":2,"name":"Colapinto tuvo una gran clasificaci\u00f3n y largar\u00e1 11\u00b0 en el GP de Canad\u00e1 de F\u00f3rmula 1"}]},{"@type":"WebSite","@id":"https:\/\/diariotextual.com\/inicio\/#website","url":"https:\/\/diariotextual.com\/inicio\/","name":"Diario Textual","description":"","publisher":{"@id":"https:\/\/diariotextual.com\/inicio\/#organization"},"potentialAction":[{"@type":"SearchAction","target":{"@type":"EntryPoint","urlTemplate":"https:\/\/diariotextual.com\/inicio\/?s={search_term_string}"},"query-input":{"@type":"PropertyValueSpecification","valueRequired":true,"valueName":"search_term_string"}}],"inLanguage":"es"},{"@type":"Organization","@id":"https:\/\/diariotextual.com\/inicio\/#organization","name":"Diario Textual","url":"https:\/\/diariotextual.com\/inicio\/","logo":{"@type":"ImageObject","inLanguage":"es","@id":"https:\/\/diariotextual.com\/inicio\/#\/schema\/logo\/image\/","url":"https:\/\/diariotextual.com\/inicio\/wp-content\/uploads\/2023\/05\/logotextual1.jpg","contentUrl":"https:\/\/diariotextual.com\/inicio\/wp-content\/uploads\/2023\/05\/logotextual1.jpg","width":516,"height":76,"caption":"Diario Textual"},"image":{"@id":"https:\/\/diariotextual.com\/inicio\/#\/schema\/logo\/image\/"},"sameAs":["https:\/\/www.facebook.com\/eltextual","https:\/\/x.com\/eltextual","http:\/\/www.instagram.com\/eltextual"]},{"@type":"Person","@id":"https:\/\/diariotextual.com\/inicio\/#\/schema\/person\/418fc4093c33e86ed41562db3508f958","name":"Diario1 Diario1","image":{"@type":"ImageObject","inLanguage":"es","@id":"https:\/\/secure.gravatar.com\/avatar\/9167d280179c85bc18be67aa7eda765854300033af4896dd779b608640f2ef7a?s=96&d=mm&r=g","url":"https:\/\/secure.gravatar.com\/avatar\/9167d280179c85bc18be67aa7eda765854300033af4896dd779b608640f2ef7a?s=96&d=mm&r=g","contentUrl":"https:\/\/secure.gravatar.com\/avatar\/9167d280179c85bc18be67aa7eda765854300033af4896dd779b608640f2ef7a?s=96&d=mm&r=g","caption":"Diario1 Diario1"},"url":"https:\/\/diariotextual.com\/inicio\/index.php\/author\/diario1\/"}]}},"_links":{"self":[{"href":"https:\/\/diariotextual.com\/inicio\/index.php\/wp-json\/wp\/v2\/posts\/298822","targetHints":{"allow":["GET"]}}],"collection":[{"href":"https:\/\/diariotextual.com\/inicio\/index.php\/wp-json\/wp\/v2\/posts"}],"about":[{"href":"https:\/\/diariotextual.com\/inicio\/index.php\/wp-json\/wp\/v2\/types\/post"}],"author":[{"embeddable":true,"href":"https:\/\/diariotextual.com\/inicio\/index.php\/wp-json\/wp\/v2\/users\/3"}],"replies":[{"embeddable":true,"href":"https:\/\/diariotextual.com\/inicio\/index.php\/wp-json\/wp\/v2\/comments?post=298822"}],"version-history":[{"count":4,"href":"https:\/\/diariotextual.com\/inicio\/index.php\/wp-json\/wp\/v2\/posts\/298822\/revisions"}],"predecessor-version":[{"id":298836,"href":"https:\/\/diariotextual.com\/inicio\/index.php\/wp-json\/wp\/v2\/posts\/298822\/revisions\/298836"}],"wp:featuredmedia":[{"embeddable":true,"href":"https:\/\/diariotextual.com\/inicio\/index.php\/wp-json\/wp\/v2\/media\/298823"}],"wp:attachment":[{"href":"https:\/\/diariotextual.com\/inicio\/index.php\/wp-json\/wp\/v2\/media?parent=298822"}],"wp:term":[{"taxonomy":"category","embeddable":true,"href":"https:\/\/diariotextual.com\/inicio\/index.php\/wp-json\/wp\/v2\/categories?post=298822"},{"taxonomy":"post_tag","embeddable":true,"href":"https:\/\/diariotextual.com\/inicio\/index.php\/wp-json\/wp\/v2\/tags?post=298822"}],"curies":[{"name":"wp","href":"https:\/\/api.w.org\/{rel}","templated":true}]}}