{"id":298850,"date":"2025-06-15T08:32:21","date_gmt":"2025-06-15T11:32:21","guid":{"rendered":"https:\/\/diariotextual.com\/inicio\/?p=298850"},"modified":"2025-06-15T16:38:06","modified_gmt":"2025-06-15T19:38:06","slug":"colapinto-larga-decimo-en-el-gran-premio-de-canada-luego-de-una-penalizacion-a-hadjar","status":"publish","type":"post","link":"https:\/\/diariotextual.com\/inicio\/index.php\/2025\/06\/15\/colapinto-larga-decimo-en-el-gran-premio-de-canada-luego-de-una-penalizacion-a-hadjar\/","title":{"rendered":"Colapinto larga d\u00e9cimo en el Gran Premio de Canad\u00e1, luego de una penalizaci\u00f3n a Hadjar"},"content":{"rendered":"\n<p>El argentino <strong>Franco Colapinto <\/strong>largar\u00e1 desde la\u00a0<strong>d\u00e9cima\u00a0<\/strong>posici\u00f3n en el\u00a0<strong>Gran Premio de Canad\u00e1\u00a0<\/strong>luego de que se oficializara la penalizaci\u00f3n hacia el piloto de\u00a0<strong>Racing Bull, Isaac Hadjar<\/strong>\u00a0en un incidente con el espa\u00f1ol\u00a0<strong>Carlos Sainz.<\/strong><\/p>\n\n\n\n<p>El pilarense consigui\u00f3 su mejor clasificaci\u00f3n en lo que va de su temporada con&nbsp;<strong>Alpine,&nbsp;<\/strong>llegando a Q2, pero qued\u00f3 eliminado al terminar en la&nbsp;<strong>duod\u00e9cima posici\u00f3n.&nbsp;<\/strong>Aun as\u00ed, el japon\u00e9s,&nbsp;<strong>Yuki Tsunoda de Red Bull<\/strong>&nbsp;-que consigui\u00f3 quedar en el und\u00e9cimo lugar- hab\u00eda sido sancionado en la tercera pr\u00e1ctica libre con&nbsp;<strong>diez puestos<\/strong>, por lo que Colapinto se hab\u00eda asegurado un puesto m\u00e1s en la grilla.<\/p>\n\n\n\n<p>Ahora, se dio por oficial la resoluci\u00f3n de una penalizaci\u00f3n que sucedi\u00f3 en la Q1, cuando&nbsp;<strong>Sainz estaba haciendo la vuelta r\u00e1pida y no pudo completarla al encontrarse con Hadjar<\/strong>, lo cual fue un error en la comunicaci\u00f3n desde su equipo, pero que termin\u00f3 perjudicando al piloto de Racing Bull que perdi\u00f3&nbsp;<strong>tres posiciones.<\/strong><\/p>\n\n\n\n<p>De esta manera, el argentino volvi\u00f3 a subir un lugar m\u00e1s en la grilla y este domingo&nbsp;<strong>partir\u00e1 desde la d\u00e9cima posici\u00f3n&nbsp;<\/strong>-la cual ya ser\u00eda zona de puntos-, por lo que, en caso de mantenerse en su lugar o llegar a superar a sus rivales, podr\u00eda sumar sus primeros puntos con Alpine.<\/p>\n\n\n\n<p>Colapinto se enfrentar\u00e1 a la carrera del Gran Premio de Canad\u00e1, este domingo a las 15 (hora argentina).<\/p>\n\n\n\n<h4 class=\"wp-block-heading\">As\u00ed largar\u00e1n los pilotos en el Gran Premio de Canad\u00e1:<\/h4>\n\n\n\n<ol class=\"wp-block-list\">\n<li>George Russell (Mercedes)<\/li>\n\n\n\n<li>Max Verstappen (Red Bull)<\/li>\n\n\n\n<li>Oscar Piastri (McLaren)<\/li>\n\n\n\n<li>Kimi Antonelli (Mercedes)<\/li>\n\n\n\n<li>Lewis Hamilton (Ferrari)<\/li>\n\n\n\n<li>Fernando Alonso (Aston Martin)<\/li>\n\n\n\n<li>Lando Norris (McLaren)<\/li>\n\n\n\n<li>Charles Leclerc (Ferrari)<\/li>\n\n\n\n<li>Alex Albon (Williams)<\/li>\n\n\n\n<li><strong>Franco Colapinto (Alpine)<\/strong><\/li>\n\n\n\n<li>Nico Hulkenberg (Sauber)<\/li>\n\n\n\n<li>Isack Hadjar (RB)<\/li>\n\n\n\n<li>Oliver Bearman (Haas)<\/li>\n\n\n\n<li>Esteban Ocon (Haas)<\/li>\n\n\n\n<li>Gabriel Bortoleto (Sauber)<\/li>\n\n\n\n<li>Carlos Sainz (Williams<\/li>\n\n\n\n<li>Lance Stroll (Aston Martin)<\/li>\n\n\n\n<li>Liam Lawson (RB)<\/li>\n\n\n\n<li>Pierre Gasly (Alpine)<\/li>\n\n\n\n<li>Yuki Tsunoda (Red Bull)<\/li>\n<\/ol>\n","protected":false},"excerpt":{"rendered":"<p>El argentino Franco Colapinto largar\u00e1 desde la\u00a0d\u00e9cima\u00a0posici\u00f3n en el\u00a0Gran Premio de Canad\u00e1\u00a0luego de que se oficializara la penalizaci\u00f3n hacia el piloto de\u00a0Racing Bull, Isaac Hadjar\u00a0en un incidente con el espa\u00f1ol\u00a0Carlos&hellip;<\/p>\n","protected":false},"author":3,"featured_media":298823,"comment_status":"closed","ping_status":"open","sticky":false,"template":"","format":"standard","meta":{"_acf_changed":false,"footnotes":""},"categories":[3],"tags":[],"class_list":["post-298850","post","type-post","status-publish","format-standard","has-post-thumbnail","hentry","category-deportes"],"acf":[],"yoast_head":"<!-- This site is optimized with the Yoast SEO plugin v27.4 - https:\/\/yoast.com\/product\/yoast-seo-wordpress\/ -->\n<title>Colapinto larga d\u00e9cimo en el Gran Premio de Canad\u00e1, luego de una penalizaci\u00f3n a Hadjar - Diario Textual<\/title>\n<meta name=\"robots\" content=\"index, follow, max-snippet:-1, max-image-preview:large, max-video-preview:-1\" \/>\n<link rel=\"canonical\" href=\"https:\/\/diariotextual.com\/inicio\/index.php\/2025\/06\/15\/colapinto-larga-decimo-en-el-gran-premio-de-canada-luego-de-una-penalizacion-a-hadjar\/\" \/>\n<meta property=\"og:locale\" content=\"es_ES\" \/>\n<meta property=\"og:type\" content=\"article\" \/>\n<meta property=\"og:title\" content=\"Colapinto larga d\u00e9cimo en el Gran Premio de Canad\u00e1, luego de una penalizaci\u00f3n a Hadjar - Diario Textual\" \/>\n<meta property=\"og:description\" content=\"El argentino Franco Colapinto largar\u00e1 desde la\u00a0d\u00e9cima\u00a0posici\u00f3n en el\u00a0Gran Premio de Canad\u00e1\u00a0luego de que se oficializara la penalizaci\u00f3n hacia el piloto de\u00a0Racing Bull, Isaac Hadjar\u00a0en un incidente con el espa\u00f1ol\u00a0Carlos&hellip;\" \/>\n<meta property=\"og:url\" content=\"https:\/\/diariotextual.com\/inicio\/index.php\/2025\/06\/15\/colapinto-larga-decimo-en-el-gran-premio-de-canada-luego-de-una-penalizacion-a-hadjar\/\" \/>\n<meta property=\"og:site_name\" content=\"Diario Textual\" \/>\n<meta property=\"article:publisher\" content=\"https:\/\/www.facebook.com\/eltextual\" \/>\n<meta property=\"article:published_time\" content=\"2025-06-15T11:32:21+00:00\" \/>\n<meta property=\"article:modified_time\" content=\"2025-06-15T19:38:06+00:00\" \/>\n<meta property=\"og:image\" content=\"https:\/\/diariotextual.com\/inicio\/wp-content\/uploads\/2025\/06\/colapintofranco2025-100.jpg\" \/>\n\t<meta property=\"og:image:width\" content=\"1347\" \/>\n\t<meta property=\"og:image:height\" content=\"875\" \/>\n\t<meta property=\"og:image:type\" content=\"image\/jpeg\" \/>\n<meta name=\"author\" content=\"Diario1 Diario1\" \/>\n<meta name=\"twitter:card\" content=\"summary_large_image\" \/>\n<meta name=\"twitter:creator\" content=\"@eltextual\" \/>\n<meta name=\"twitter:site\" content=\"@eltextual\" \/>\n<meta name=\"twitter:label1\" content=\"Escrito por\" \/>\n\t<meta name=\"twitter:data1\" content=\"Diario1 Diario1\" \/>\n\t<meta name=\"twitter:label2\" content=\"Tiempo de lectura\" \/>\n\t<meta name=\"twitter:data2\" content=\"2 minutos\" \/>\n<script type=\"application\/ld+json\" class=\"yoast-schema-graph\">{\"@context\":\"https:\\\/\\\/schema.org\",\"@graph\":[{\"@type\":\"Article\",\"@id\":\"https:\\\/\\\/diariotextual.com\\\/inicio\\\/index.php\\\/2025\\\/06\\\/15\\\/colapinto-larga-decimo-en-el-gran-premio-de-canada-luego-de-una-penalizacion-a-hadjar\\\/#article\",\"isPartOf\":{\"@id\":\"https:\\\/\\\/diariotextual.com\\\/inicio\\\/index.php\\\/2025\\\/06\\\/15\\\/colapinto-larga-decimo-en-el-gran-premio-de-canada-luego-de-una-penalizacion-a-hadjar\\\/\"},\"author\":{\"name\":\"Diario1 Diario1\",\"@id\":\"https:\\\/\\\/diariotextual.com\\\/inicio\\\/#\\\/schema\\\/person\\\/418fc4093c33e86ed41562db3508f958\"},\"headline\":\"Colapinto larga d\u00e9cimo en el Gran Premio de Canad\u00e1, luego de una penalizaci\u00f3n a Hadjar\",\"datePublished\":\"2025-06-15T11:32:21+00:00\",\"dateModified\":\"2025-06-15T19:38:06+00:00\",\"mainEntityOfPage\":{\"@id\":\"https:\\\/\\\/diariotextual.com\\\/inicio\\\/index.php\\\/2025\\\/06\\\/15\\\/colapinto-larga-decimo-en-el-gran-premio-de-canada-luego-de-una-penalizacion-a-hadjar\\\/\"},\"wordCount\":354,\"publisher\":{\"@id\":\"https:\\\/\\\/diariotextual.com\\\/inicio\\\/#organization\"},\"image\":{\"@id\":\"https:\\\/\\\/diariotextual.com\\\/inicio\\\/index.php\\\/2025\\\/06\\\/15\\\/colapinto-larga-decimo-en-el-gran-premio-de-canada-luego-de-una-penalizacion-a-hadjar\\\/#primaryimage\"},\"thumbnailUrl\":\"https:\\\/\\\/diariotextual.com\\\/inicio\\\/wp-content\\\/uploads\\\/2025\\\/06\\\/colapintofranco2025-100.jpg\",\"articleSection\":[\"DEPORTES\"],\"inLanguage\":\"es\"},{\"@type\":\"WebPage\",\"@id\":\"https:\\\/\\\/diariotextual.com\\\/inicio\\\/index.php\\\/2025\\\/06\\\/15\\\/colapinto-larga-decimo-en-el-gran-premio-de-canada-luego-de-una-penalizacion-a-hadjar\\\/\",\"url\":\"https:\\\/\\\/diariotextual.com\\\/inicio\\\/index.php\\\/2025\\\/06\\\/15\\\/colapinto-larga-decimo-en-el-gran-premio-de-canada-luego-de-una-penalizacion-a-hadjar\\\/\",\"name\":\"Colapinto larga d\u00e9cimo en el Gran Premio de Canad\u00e1, luego de una penalizaci\u00f3n a Hadjar - Diario Textual\",\"isPartOf\":{\"@id\":\"https:\\\/\\\/diariotextual.com\\\/inicio\\\/#website\"},\"primaryImageOfPage\":{\"@id\":\"https:\\\/\\\/diariotextual.com\\\/inicio\\\/index.php\\\/2025\\\/06\\\/15\\\/colapinto-larga-decimo-en-el-gran-premio-de-canada-luego-de-una-penalizacion-a-hadjar\\\/#primaryimage\"},\"image\":{\"@id\":\"https:\\\/\\\/diariotextual.com\\\/inicio\\\/index.php\\\/2025\\\/06\\\/15\\\/colapinto-larga-decimo-en-el-gran-premio-de-canada-luego-de-una-penalizacion-a-hadjar\\\/#primaryimage\"},\"thumbnailUrl\":\"https:\\\/\\\/diariotextual.com\\\/inicio\\\/wp-content\\\/uploads\\\/2025\\\/06\\\/colapintofranco2025-100.jpg\",\"datePublished\":\"2025-06-15T11:32:21+00:00\",\"dateModified\":\"2025-06-15T19:38:06+00:00\",\"breadcrumb\":{\"@id\":\"https:\\\/\\\/diariotextual.com\\\/inicio\\\/index.php\\\/2025\\\/06\\\/15\\\/colapinto-larga-decimo-en-el-gran-premio-de-canada-luego-de-una-penalizacion-a-hadjar\\\/#breadcrumb\"},\"inLanguage\":\"es\",\"potentialAction\":[{\"@type\":\"ReadAction\",\"target\":[\"https:\\\/\\\/diariotextual.com\\\/inicio\\\/index.php\\\/2025\\\/06\\\/15\\\/colapinto-larga-decimo-en-el-gran-premio-de-canada-luego-de-una-penalizacion-a-hadjar\\\/\"]}]},{\"@type\":\"ImageObject\",\"inLanguage\":\"es\",\"@id\":\"https:\\\/\\\/diariotextual.com\\\/inicio\\\/index.php\\\/2025\\\/06\\\/15\\\/colapinto-larga-decimo-en-el-gran-premio-de-canada-luego-de-una-penalizacion-a-hadjar\\\/#primaryimage\",\"url\":\"https:\\\/\\\/diariotextual.com\\\/inicio\\\/wp-content\\\/uploads\\\/2025\\\/06\\\/colapintofranco2025-100.jpg\",\"contentUrl\":\"https:\\\/\\\/diariotextual.com\\\/inicio\\\/wp-content\\\/uploads\\\/2025\\\/06\\\/colapintofranco2025-100.jpg\",\"width\":1347,\"height\":875},{\"@type\":\"BreadcrumbList\",\"@id\":\"https:\\\/\\\/diariotextual.com\\\/inicio\\\/index.php\\\/2025\\\/06\\\/15\\\/colapinto-larga-decimo-en-el-gran-premio-de-canada-luego-de-una-penalizacion-a-hadjar\\\/#breadcrumb\",\"itemListElement\":[{\"@type\":\"ListItem\",\"position\":1,\"name\":\"Portada\",\"item\":\"https:\\\/\\\/diariotextual.com\\\/inicio\\\/\"},{\"@type\":\"ListItem\",\"position\":2,\"name\":\"Colapinto larga d\u00e9cimo en el Gran Premio de Canad\u00e1, luego de una penalizaci\u00f3n a Hadjar\"}]},{\"@type\":\"WebSite\",\"@id\":\"https:\\\/\\\/diariotextual.com\\\/inicio\\\/#website\",\"url\":\"https:\\\/\\\/diariotextual.com\\\/inicio\\\/\",\"name\":\"Diario Textual\",\"description\":\"\",\"publisher\":{\"@id\":\"https:\\\/\\\/diariotextual.com\\\/inicio\\\/#organization\"},\"potentialAction\":[{\"@type\":\"SearchAction\",\"target\":{\"@type\":\"EntryPoint\",\"urlTemplate\":\"https:\\\/\\\/diariotextual.com\\\/inicio\\\/?s={search_term_string}\"},\"query-input\":{\"@type\":\"PropertyValueSpecification\",\"valueRequired\":true,\"valueName\":\"search_term_string\"}}],\"inLanguage\":\"es\"},{\"@type\":\"Organization\",\"@id\":\"https:\\\/\\\/diariotextual.com\\\/inicio\\\/#organization\",\"name\":\"Diario Textual\",\"url\":\"https:\\\/\\\/diariotextual.com\\\/inicio\\\/\",\"logo\":{\"@type\":\"ImageObject\",\"inLanguage\":\"es\",\"@id\":\"https:\\\/\\\/diariotextual.com\\\/inicio\\\/#\\\/schema\\\/logo\\\/image\\\/\",\"url\":\"https:\\\/\\\/diariotextual.com\\\/inicio\\\/wp-content\\\/uploads\\\/2023\\\/05\\\/logotextual1.jpg\",\"contentUrl\":\"https:\\\/\\\/diariotextual.com\\\/inicio\\\/wp-content\\\/uploads\\\/2023\\\/05\\\/logotextual1.jpg\",\"width\":516,\"height\":76,\"caption\":\"Diario Textual\"},\"image\":{\"@id\":\"https:\\\/\\\/diariotextual.com\\\/inicio\\\/#\\\/schema\\\/logo\\\/image\\\/\"},\"sameAs\":[\"https:\\\/\\\/www.facebook.com\\\/eltextual\",\"https:\\\/\\\/x.com\\\/eltextual\",\"http:\\\/\\\/www.instagram.com\\\/eltextual\"]},{\"@type\":\"Person\",\"@id\":\"https:\\\/\\\/diariotextual.com\\\/inicio\\\/#\\\/schema\\\/person\\\/418fc4093c33e86ed41562db3508f958\",\"name\":\"Diario1 Diario1\",\"image\":{\"@type\":\"ImageObject\",\"inLanguage\":\"es\",\"@id\":\"https:\\\/\\\/secure.gravatar.com\\\/avatar\\\/9167d280179c85bc18be67aa7eda765854300033af4896dd779b608640f2ef7a?s=96&d=mm&r=g\",\"url\":\"https:\\\/\\\/secure.gravatar.com\\\/avatar\\\/9167d280179c85bc18be67aa7eda765854300033af4896dd779b608640f2ef7a?s=96&d=mm&r=g\",\"contentUrl\":\"https:\\\/\\\/secure.gravatar.com\\\/avatar\\\/9167d280179c85bc18be67aa7eda765854300033af4896dd779b608640f2ef7a?s=96&d=mm&r=g\",\"caption\":\"Diario1 Diario1\"},\"url\":\"https:\\\/\\\/diariotextual.com\\\/inicio\\\/index.php\\\/author\\\/diario1\\\/\"}]}<\/script>\n<!-- \/ Yoast SEO plugin. -->","yoast_head_json":{"title":"Colapinto larga d\u00e9cimo en el Gran Premio de Canad\u00e1, luego de una penalizaci\u00f3n a Hadjar - Diario Textual","robots":{"index":"index","follow":"follow","max-snippet":"max-snippet:-1","max-image-preview":"max-image-preview:large","max-video-preview":"max-video-preview:-1"},"canonical":"https:\/\/diariotextual.com\/inicio\/index.php\/2025\/06\/15\/colapinto-larga-decimo-en-el-gran-premio-de-canada-luego-de-una-penalizacion-a-hadjar\/","og_locale":"es_ES","og_type":"article","og_title":"Colapinto larga d\u00e9cimo en el Gran Premio de Canad\u00e1, luego de una penalizaci\u00f3n a Hadjar - Diario Textual","og_description":"El argentino Franco Colapinto largar\u00e1 desde la\u00a0d\u00e9cima\u00a0posici\u00f3n en el\u00a0Gran Premio de Canad\u00e1\u00a0luego de que se oficializara la penalizaci\u00f3n hacia el piloto de\u00a0Racing Bull, Isaac Hadjar\u00a0en un incidente con el espa\u00f1ol\u00a0Carlos&hellip;","og_url":"https:\/\/diariotextual.com\/inicio\/index.php\/2025\/06\/15\/colapinto-larga-decimo-en-el-gran-premio-de-canada-luego-de-una-penalizacion-a-hadjar\/","og_site_name":"Diario Textual","article_publisher":"https:\/\/www.facebook.com\/eltextual","article_published_time":"2025-06-15T11:32:21+00:00","article_modified_time":"2025-06-15T19:38:06+00:00","og_image":[{"width":1347,"height":875,"url":"https:\/\/diariotextual.com\/inicio\/wp-content\/uploads\/2025\/06\/colapintofranco2025-100.jpg","type":"image\/jpeg"}],"author":"Diario1 Diario1","twitter_card":"summary_large_image","twitter_creator":"@eltextual","twitter_site":"@eltextual","twitter_misc":{"Escrito por":"Diario1 Diario1","Tiempo de lectura":"2 minutos"},"schema":{"@context":"https:\/\/schema.org","@graph":[{"@type":"Article","@id":"https:\/\/diariotextual.com\/inicio\/index.php\/2025\/06\/15\/colapinto-larga-decimo-en-el-gran-premio-de-canada-luego-de-una-penalizacion-a-hadjar\/#article","isPartOf":{"@id":"https:\/\/diariotextual.com\/inicio\/index.php\/2025\/06\/15\/colapinto-larga-decimo-en-el-gran-premio-de-canada-luego-de-una-penalizacion-a-hadjar\/"},"author":{"name":"Diario1 Diario1","@id":"https:\/\/diariotextual.com\/inicio\/#\/schema\/person\/418fc4093c33e86ed41562db3508f958"},"headline":"Colapinto larga d\u00e9cimo en el Gran Premio de Canad\u00e1, luego de una penalizaci\u00f3n a Hadjar","datePublished":"2025-06-15T11:32:21+00:00","dateModified":"2025-06-15T19:38:06+00:00","mainEntityOfPage":{"@id":"https:\/\/diariotextual.com\/inicio\/index.php\/2025\/06\/15\/colapinto-larga-decimo-en-el-gran-premio-de-canada-luego-de-una-penalizacion-a-hadjar\/"},"wordCount":354,"publisher":{"@id":"https:\/\/diariotextual.com\/inicio\/#organization"},"image":{"@id":"https:\/\/diariotextual.com\/inicio\/index.php\/2025\/06\/15\/colapinto-larga-decimo-en-el-gran-premio-de-canada-luego-de-una-penalizacion-a-hadjar\/#primaryimage"},"thumbnailUrl":"https:\/\/diariotextual.com\/inicio\/wp-content\/uploads\/2025\/06\/colapintofranco2025-100.jpg","articleSection":["DEPORTES"],"inLanguage":"es"},{"@type":"WebPage","@id":"https:\/\/diariotextual.com\/inicio\/index.php\/2025\/06\/15\/colapinto-larga-decimo-en-el-gran-premio-de-canada-luego-de-una-penalizacion-a-hadjar\/","url":"https:\/\/diariotextual.com\/inicio\/index.php\/2025\/06\/15\/colapinto-larga-decimo-en-el-gran-premio-de-canada-luego-de-una-penalizacion-a-hadjar\/","name":"Colapinto larga d\u00e9cimo en el Gran Premio de Canad\u00e1, luego de una penalizaci\u00f3n a Hadjar - Diario Textual","isPartOf":{"@id":"https:\/\/diariotextual.com\/inicio\/#website"},"primaryImageOfPage":{"@id":"https:\/\/diariotextual.com\/inicio\/index.php\/2025\/06\/15\/colapinto-larga-decimo-en-el-gran-premio-de-canada-luego-de-una-penalizacion-a-hadjar\/#primaryimage"},"image":{"@id":"https:\/\/diariotextual.com\/inicio\/index.php\/2025\/06\/15\/colapinto-larga-decimo-en-el-gran-premio-de-canada-luego-de-una-penalizacion-a-hadjar\/#primaryimage"},"thumbnailUrl":"https:\/\/diariotextual.com\/inicio\/wp-content\/uploads\/2025\/06\/colapintofranco2025-100.jpg","datePublished":"2025-06-15T11:32:21+00:00","dateModified":"2025-06-15T19:38:06+00:00","breadcrumb":{"@id":"https:\/\/diariotextual.com\/inicio\/index.php\/2025\/06\/15\/colapinto-larga-decimo-en-el-gran-premio-de-canada-luego-de-una-penalizacion-a-hadjar\/#breadcrumb"},"inLanguage":"es","potentialAction":[{"@type":"ReadAction","target":["https:\/\/diariotextual.com\/inicio\/index.php\/2025\/06\/15\/colapinto-larga-decimo-en-el-gran-premio-de-canada-luego-de-una-penalizacion-a-hadjar\/"]}]},{"@type":"ImageObject","inLanguage":"es","@id":"https:\/\/diariotextual.com\/inicio\/index.php\/2025\/06\/15\/colapinto-larga-decimo-en-el-gran-premio-de-canada-luego-de-una-penalizacion-a-hadjar\/#primaryimage","url":"https:\/\/diariotextual.com\/inicio\/wp-content\/uploads\/2025\/06\/colapintofranco2025-100.jpg","contentUrl":"https:\/\/diariotextual.com\/inicio\/wp-content\/uploads\/2025\/06\/colapintofranco2025-100.jpg","width":1347,"height":875},{"@type":"BreadcrumbList","@id":"https:\/\/diariotextual.com\/inicio\/index.php\/2025\/06\/15\/colapinto-larga-decimo-en-el-gran-premio-de-canada-luego-de-una-penalizacion-a-hadjar\/#breadcrumb","itemListElement":[{"@type":"ListItem","position":1,"name":"Portada","item":"https:\/\/diariotextual.com\/inicio\/"},{"@type":"ListItem","position":2,"name":"Colapinto larga d\u00e9cimo en el Gran Premio de Canad\u00e1, luego de una penalizaci\u00f3n a Hadjar"}]},{"@type":"WebSite","@id":"https:\/\/diariotextual.com\/inicio\/#website","url":"https:\/\/diariotextual.com\/inicio\/","name":"Diario Textual","description":"","publisher":{"@id":"https:\/\/diariotextual.com\/inicio\/#organization"},"potentialAction":[{"@type":"SearchAction","target":{"@type":"EntryPoint","urlTemplate":"https:\/\/diariotextual.com\/inicio\/?s={search_term_string}"},"query-input":{"@type":"PropertyValueSpecification","valueRequired":true,"valueName":"search_term_string"}}],"inLanguage":"es"},{"@type":"Organization","@id":"https:\/\/diariotextual.com\/inicio\/#organization","name":"Diario Textual","url":"https:\/\/diariotextual.com\/inicio\/","logo":{"@type":"ImageObject","inLanguage":"es","@id":"https:\/\/diariotextual.com\/inicio\/#\/schema\/logo\/image\/","url":"https:\/\/diariotextual.com\/inicio\/wp-content\/uploads\/2023\/05\/logotextual1.jpg","contentUrl":"https:\/\/diariotextual.com\/inicio\/wp-content\/uploads\/2023\/05\/logotextual1.jpg","width":516,"height":76,"caption":"Diario Textual"},"image":{"@id":"https:\/\/diariotextual.com\/inicio\/#\/schema\/logo\/image\/"},"sameAs":["https:\/\/www.facebook.com\/eltextual","https:\/\/x.com\/eltextual","http:\/\/www.instagram.com\/eltextual"]},{"@type":"Person","@id":"https:\/\/diariotextual.com\/inicio\/#\/schema\/person\/418fc4093c33e86ed41562db3508f958","name":"Diario1 Diario1","image":{"@type":"ImageObject","inLanguage":"es","@id":"https:\/\/secure.gravatar.com\/avatar\/9167d280179c85bc18be67aa7eda765854300033af4896dd779b608640f2ef7a?s=96&d=mm&r=g","url":"https:\/\/secure.gravatar.com\/avatar\/9167d280179c85bc18be67aa7eda765854300033af4896dd779b608640f2ef7a?s=96&d=mm&r=g","contentUrl":"https:\/\/secure.gravatar.com\/avatar\/9167d280179c85bc18be67aa7eda765854300033af4896dd779b608640f2ef7a?s=96&d=mm&r=g","caption":"Diario1 Diario1"},"url":"https:\/\/diariotextual.com\/inicio\/index.php\/author\/diario1\/"}]}},"_links":{"self":[{"href":"https:\/\/diariotextual.com\/inicio\/index.php\/wp-json\/wp\/v2\/posts\/298850","targetHints":{"allow":["GET"]}}],"collection":[{"href":"https:\/\/diariotextual.com\/inicio\/index.php\/wp-json\/wp\/v2\/posts"}],"about":[{"href":"https:\/\/diariotextual.com\/inicio\/index.php\/wp-json\/wp\/v2\/types\/post"}],"author":[{"embeddable":true,"href":"https:\/\/diariotextual.com\/inicio\/index.php\/wp-json\/wp\/v2\/users\/3"}],"replies":[{"embeddable":true,"href":"https:\/\/diariotextual.com\/inicio\/index.php\/wp-json\/wp\/v2\/comments?post=298850"}],"version-history":[{"count":1,"href":"https:\/\/diariotextual.com\/inicio\/index.php\/wp-json\/wp\/v2\/posts\/298850\/revisions"}],"predecessor-version":[{"id":298851,"href":"https:\/\/diariotextual.com\/inicio\/index.php\/wp-json\/wp\/v2\/posts\/298850\/revisions\/298851"}],"wp:featuredmedia":[{"embeddable":true,"href":"https:\/\/diariotextual.com\/inicio\/index.php\/wp-json\/wp\/v2\/media\/298823"}],"wp:attachment":[{"href":"https:\/\/diariotextual.com\/inicio\/index.php\/wp-json\/wp\/v2\/media?parent=298850"}],"wp:term":[{"taxonomy":"category","embeddable":true,"href":"https:\/\/diariotextual.com\/inicio\/index.php\/wp-json\/wp\/v2\/categories?post=298850"},{"taxonomy":"post_tag","embeddable":true,"href":"https:\/\/diariotextual.com\/inicio\/index.php\/wp-json\/wp\/v2\/tags?post=298850"}],"curies":[{"name":"wp","href":"https:\/\/api.w.org\/{rel}","templated":true}]}}