{"id":298856,"date":"2025-06-15T16:37:24","date_gmt":"2025-06-15T19:37:24","guid":{"rendered":"https:\/\/diariotextual.com\/inicio\/?p=298856"},"modified":"2025-06-16T09:48:10","modified_gmt":"2025-06-16T12:48:10","slug":"colapinto-sufrio-la-estrategia-de-alpine-termino-12o-y-no-pudo-sumar-puntos-en-el-gp-de-canada","status":"publish","type":"post","link":"https:\/\/diariotextual.com\/inicio\/index.php\/2025\/06\/15\/colapinto-sufrio-la-estrategia-de-alpine-termino-12o-y-no-pudo-sumar-puntos-en-el-gp-de-canada\/","title":{"rendered":"Colapinto sufri\u00f3 la estrategia de Alpine, termin\u00f3 13\u00ba y no pudo sumar puntos en el GP de Canad\u00e1"},"content":{"rendered":"\n<p>El piloto argentino de Alpine, Franco Colapinto, asegur\u00f3 que \u201cestuvieron en la estrategia equivocada\u201d luego de finalizar en la decimotercera posici\u00f3n del Gran Premio de Canad\u00e1 de la F\u00f3rmula 1. El pilarense hab\u00eda arrancado en la d\u00e9cima plaza tras la buena clasificaci\u00f3n del pasado s\u00e1bado, pero un error en el plan de carrera y una larga parada en boxes generaron que el joven albiceleste pierda varias ubicaciones.<\/p>\n\n\n\n<p>\u201cEstuvimos en la estrategia equivocada, no se pod\u00eda pasar en la recta\u00bb, dijo el corredor de 22 a\u00f1os. \u201cEstuvimos lentos por derecho as\u00ed que una pena. Ten\u00edamos un buen auto hoy en aire limpio, despu\u00e9s en aire sucio era complicado\u201d.<\/p>\n\n\n\n<p>En la vuelta 15, la escuder\u00eda francesa decidi\u00f3 cambiar los neum\u00e1ticos medios por los duros en el auto del argentino y sin ninguna otra detenci\u00f3n en todo lo que restaba del circuito. Dicha decisi\u00f3n gener\u00f3 que Colapinto llegue a lo \u00faltimo de la carrera con mucho desgaste en las gomas y sea dif\u00edcil sobrepasar a los dem\u00e1s corredores.<\/p>\n\n\n\n<p>\u201cNo fue el domingo que esper\u00e1bamos, bastante mala suerte con c\u00f3mo se fue dando la carrera, sino hubi\u00e9ramos estado en los puntos. Hay que enfocarse en lo que viene y sacar todo lo bueno de este finde\u00bb, concluy\u00f3 el oriundo de Pilar.<\/p>\n\n\n\n<p><\/p>\n","protected":false},"excerpt":{"rendered":"<p>El piloto argentino de Alpine, Franco Colapinto, asegur\u00f3 que \u201cestuvieron en la estrategia equivocada\u201d luego de finalizar en la decimotercera posici\u00f3n del Gran Premio de Canad\u00e1 de la F\u00f3rmula 1.&hellip;<\/p>\n","protected":false},"author":3,"featured_media":298823,"comment_status":"closed","ping_status":"open","sticky":false,"template":"","format":"standard","meta":{"_acf_changed":false,"footnotes":""},"categories":[1,3],"tags":[],"class_list":["post-298856","post","type-post","status-publish","format-standard","has-post-thumbnail","hentry","category-es-noticia","category-deportes"],"acf":[],"yoast_head":"<!-- This site is optimized with the Yoast SEO plugin v27.4 - https:\/\/yoast.com\/product\/yoast-seo-wordpress\/ -->\n<title>Colapinto sufri\u00f3 la estrategia de Alpine, termin\u00f3 13\u00ba y no pudo sumar puntos en el GP de Canad\u00e1 - Diario Textual<\/title>\n<meta name=\"robots\" content=\"index, follow, max-snippet:-1, max-image-preview:large, max-video-preview:-1\" \/>\n<link rel=\"canonical\" href=\"https:\/\/diariotextual.com\/inicio\/index.php\/2025\/06\/15\/colapinto-sufrio-la-estrategia-de-alpine-termino-12o-y-no-pudo-sumar-puntos-en-el-gp-de-canada\/\" \/>\n<meta property=\"og:locale\" content=\"es_ES\" \/>\n<meta property=\"og:type\" content=\"article\" \/>\n<meta property=\"og:title\" content=\"Colapinto sufri\u00f3 la estrategia de Alpine, termin\u00f3 13\u00ba y no pudo sumar puntos en el GP de Canad\u00e1 - Diario Textual\" \/>\n<meta property=\"og:description\" content=\"El piloto argentino de Alpine, Franco Colapinto, asegur\u00f3 que \u201cestuvieron en la estrategia equivocada\u201d luego de finalizar en la decimotercera posici\u00f3n del Gran Premio de Canad\u00e1 de la F\u00f3rmula 1.&hellip;\" \/>\n<meta property=\"og:url\" content=\"https:\/\/diariotextual.com\/inicio\/index.php\/2025\/06\/15\/colapinto-sufrio-la-estrategia-de-alpine-termino-12o-y-no-pudo-sumar-puntos-en-el-gp-de-canada\/\" \/>\n<meta property=\"og:site_name\" content=\"Diario Textual\" \/>\n<meta property=\"article:publisher\" content=\"https:\/\/www.facebook.com\/eltextual\" \/>\n<meta property=\"article:published_time\" content=\"2025-06-15T19:37:24+00:00\" \/>\n<meta property=\"article:modified_time\" content=\"2025-06-16T12:48:10+00:00\" \/>\n<meta property=\"og:image\" content=\"https:\/\/diariotextual.com\/inicio\/wp-content\/uploads\/2025\/06\/colapintofranco2025-100.jpg\" \/>\n\t<meta property=\"og:image:width\" content=\"1347\" \/>\n\t<meta property=\"og:image:height\" content=\"875\" \/>\n\t<meta property=\"og:image:type\" content=\"image\/jpeg\" \/>\n<meta name=\"author\" content=\"Diario1 Diario1\" \/>\n<meta name=\"twitter:card\" content=\"summary_large_image\" \/>\n<meta name=\"twitter:creator\" content=\"@eltextual\" \/>\n<meta name=\"twitter:site\" content=\"@eltextual\" \/>\n<meta name=\"twitter:label1\" content=\"Escrito por\" \/>\n\t<meta name=\"twitter:data1\" content=\"Diario1 Diario1\" \/>\n\t<meta name=\"twitter:label2\" content=\"Tiempo de lectura\" \/>\n\t<meta name=\"twitter:data2\" content=\"2 minutos\" \/>\n<script type=\"application\/ld+json\" class=\"yoast-schema-graph\">{\"@context\":\"https:\\\/\\\/schema.org\",\"@graph\":[{\"@type\":\"Article\",\"@id\":\"https:\\\/\\\/diariotextual.com\\\/inicio\\\/index.php\\\/2025\\\/06\\\/15\\\/colapinto-sufrio-la-estrategia-de-alpine-termino-12o-y-no-pudo-sumar-puntos-en-el-gp-de-canada\\\/#article\",\"isPartOf\":{\"@id\":\"https:\\\/\\\/diariotextual.com\\\/inicio\\\/index.php\\\/2025\\\/06\\\/15\\\/colapinto-sufrio-la-estrategia-de-alpine-termino-12o-y-no-pudo-sumar-puntos-en-el-gp-de-canada\\\/\"},\"author\":{\"name\":\"Diario1 Diario1\",\"@id\":\"https:\\\/\\\/diariotextual.com\\\/inicio\\\/#\\\/schema\\\/person\\\/418fc4093c33e86ed41562db3508f958\"},\"headline\":\"Colapinto sufri\u00f3 la estrategia de Alpine, termin\u00f3 13\u00ba y no pudo sumar puntos en el GP de Canad\u00e1\",\"datePublished\":\"2025-06-15T19:37:24+00:00\",\"dateModified\":\"2025-06-16T12:48:10+00:00\",\"mainEntityOfPage\":{\"@id\":\"https:\\\/\\\/diariotextual.com\\\/inicio\\\/index.php\\\/2025\\\/06\\\/15\\\/colapinto-sufrio-la-estrategia-de-alpine-termino-12o-y-no-pudo-sumar-puntos-en-el-gp-de-canada\\\/\"},\"wordCount\":240,\"publisher\":{\"@id\":\"https:\\\/\\\/diariotextual.com\\\/inicio\\\/#organization\"},\"image\":{\"@id\":\"https:\\\/\\\/diariotextual.com\\\/inicio\\\/index.php\\\/2025\\\/06\\\/15\\\/colapinto-sufrio-la-estrategia-de-alpine-termino-12o-y-no-pudo-sumar-puntos-en-el-gp-de-canada\\\/#primaryimage\"},\"thumbnailUrl\":\"https:\\\/\\\/diariotextual.com\\\/inicio\\\/wp-content\\\/uploads\\\/2025\\\/06\\\/colapintofranco2025-100.jpg\",\"articleSection\":[\"A - ES NOTICIA (van abajo)\",\"DEPORTES\"],\"inLanguage\":\"es\"},{\"@type\":\"WebPage\",\"@id\":\"https:\\\/\\\/diariotextual.com\\\/inicio\\\/index.php\\\/2025\\\/06\\\/15\\\/colapinto-sufrio-la-estrategia-de-alpine-termino-12o-y-no-pudo-sumar-puntos-en-el-gp-de-canada\\\/\",\"url\":\"https:\\\/\\\/diariotextual.com\\\/inicio\\\/index.php\\\/2025\\\/06\\\/15\\\/colapinto-sufrio-la-estrategia-de-alpine-termino-12o-y-no-pudo-sumar-puntos-en-el-gp-de-canada\\\/\",\"name\":\"Colapinto sufri\u00f3 la estrategia de Alpine, termin\u00f3 13\u00ba y no pudo sumar puntos en el GP de Canad\u00e1 - Diario Textual\",\"isPartOf\":{\"@id\":\"https:\\\/\\\/diariotextual.com\\\/inicio\\\/#website\"},\"primaryImageOfPage\":{\"@id\":\"https:\\\/\\\/diariotextual.com\\\/inicio\\\/index.php\\\/2025\\\/06\\\/15\\\/colapinto-sufrio-la-estrategia-de-alpine-termino-12o-y-no-pudo-sumar-puntos-en-el-gp-de-canada\\\/#primaryimage\"},\"image\":{\"@id\":\"https:\\\/\\\/diariotextual.com\\\/inicio\\\/index.php\\\/2025\\\/06\\\/15\\\/colapinto-sufrio-la-estrategia-de-alpine-termino-12o-y-no-pudo-sumar-puntos-en-el-gp-de-canada\\\/#primaryimage\"},\"thumbnailUrl\":\"https:\\\/\\\/diariotextual.com\\\/inicio\\\/wp-content\\\/uploads\\\/2025\\\/06\\\/colapintofranco2025-100.jpg\",\"datePublished\":\"2025-06-15T19:37:24+00:00\",\"dateModified\":\"2025-06-16T12:48:10+00:00\",\"breadcrumb\":{\"@id\":\"https:\\\/\\\/diariotextual.com\\\/inicio\\\/index.php\\\/2025\\\/06\\\/15\\\/colapinto-sufrio-la-estrategia-de-alpine-termino-12o-y-no-pudo-sumar-puntos-en-el-gp-de-canada\\\/#breadcrumb\"},\"inLanguage\":\"es\",\"potentialAction\":[{\"@type\":\"ReadAction\",\"target\":[\"https:\\\/\\\/diariotextual.com\\\/inicio\\\/index.php\\\/2025\\\/06\\\/15\\\/colapinto-sufrio-la-estrategia-de-alpine-termino-12o-y-no-pudo-sumar-puntos-en-el-gp-de-canada\\\/\"]}]},{\"@type\":\"ImageObject\",\"inLanguage\":\"es\",\"@id\":\"https:\\\/\\\/diariotextual.com\\\/inicio\\\/index.php\\\/2025\\\/06\\\/15\\\/colapinto-sufrio-la-estrategia-de-alpine-termino-12o-y-no-pudo-sumar-puntos-en-el-gp-de-canada\\\/#primaryimage\",\"url\":\"https:\\\/\\\/diariotextual.com\\\/inicio\\\/wp-content\\\/uploads\\\/2025\\\/06\\\/colapintofranco2025-100.jpg\",\"contentUrl\":\"https:\\\/\\\/diariotextual.com\\\/inicio\\\/wp-content\\\/uploads\\\/2025\\\/06\\\/colapintofranco2025-100.jpg\",\"width\":1347,\"height\":875},{\"@type\":\"BreadcrumbList\",\"@id\":\"https:\\\/\\\/diariotextual.com\\\/inicio\\\/index.php\\\/2025\\\/06\\\/15\\\/colapinto-sufrio-la-estrategia-de-alpine-termino-12o-y-no-pudo-sumar-puntos-en-el-gp-de-canada\\\/#breadcrumb\",\"itemListElement\":[{\"@type\":\"ListItem\",\"position\":1,\"name\":\"Portada\",\"item\":\"https:\\\/\\\/diariotextual.com\\\/inicio\\\/\"},{\"@type\":\"ListItem\",\"position\":2,\"name\":\"Colapinto sufri\u00f3 la estrategia de Alpine, termin\u00f3 13\u00ba y no pudo sumar puntos en el GP de Canad\u00e1\"}]},{\"@type\":\"WebSite\",\"@id\":\"https:\\\/\\\/diariotextual.com\\\/inicio\\\/#website\",\"url\":\"https:\\\/\\\/diariotextual.com\\\/inicio\\\/\",\"name\":\"Diario Textual\",\"description\":\"\",\"publisher\":{\"@id\":\"https:\\\/\\\/diariotextual.com\\\/inicio\\\/#organization\"},\"potentialAction\":[{\"@type\":\"SearchAction\",\"target\":{\"@type\":\"EntryPoint\",\"urlTemplate\":\"https:\\\/\\\/diariotextual.com\\\/inicio\\\/?s={search_term_string}\"},\"query-input\":{\"@type\":\"PropertyValueSpecification\",\"valueRequired\":true,\"valueName\":\"search_term_string\"}}],\"inLanguage\":\"es\"},{\"@type\":\"Organization\",\"@id\":\"https:\\\/\\\/diariotextual.com\\\/inicio\\\/#organization\",\"name\":\"Diario Textual\",\"url\":\"https:\\\/\\\/diariotextual.com\\\/inicio\\\/\",\"logo\":{\"@type\":\"ImageObject\",\"inLanguage\":\"es\",\"@id\":\"https:\\\/\\\/diariotextual.com\\\/inicio\\\/#\\\/schema\\\/logo\\\/image\\\/\",\"url\":\"https:\\\/\\\/diariotextual.com\\\/inicio\\\/wp-content\\\/uploads\\\/2023\\\/05\\\/logotextual1.jpg\",\"contentUrl\":\"https:\\\/\\\/diariotextual.com\\\/inicio\\\/wp-content\\\/uploads\\\/2023\\\/05\\\/logotextual1.jpg\",\"width\":516,\"height\":76,\"caption\":\"Diario Textual\"},\"image\":{\"@id\":\"https:\\\/\\\/diariotextual.com\\\/inicio\\\/#\\\/schema\\\/logo\\\/image\\\/\"},\"sameAs\":[\"https:\\\/\\\/www.facebook.com\\\/eltextual\",\"https:\\\/\\\/x.com\\\/eltextual\",\"http:\\\/\\\/www.instagram.com\\\/eltextual\"]},{\"@type\":\"Person\",\"@id\":\"https:\\\/\\\/diariotextual.com\\\/inicio\\\/#\\\/schema\\\/person\\\/418fc4093c33e86ed41562db3508f958\",\"name\":\"Diario1 Diario1\",\"image\":{\"@type\":\"ImageObject\",\"inLanguage\":\"es\",\"@id\":\"https:\\\/\\\/secure.gravatar.com\\\/avatar\\\/9167d280179c85bc18be67aa7eda765854300033af4896dd779b608640f2ef7a?s=96&d=mm&r=g\",\"url\":\"https:\\\/\\\/secure.gravatar.com\\\/avatar\\\/9167d280179c85bc18be67aa7eda765854300033af4896dd779b608640f2ef7a?s=96&d=mm&r=g\",\"contentUrl\":\"https:\\\/\\\/secure.gravatar.com\\\/avatar\\\/9167d280179c85bc18be67aa7eda765854300033af4896dd779b608640f2ef7a?s=96&d=mm&r=g\",\"caption\":\"Diario1 Diario1\"},\"url\":\"https:\\\/\\\/diariotextual.com\\\/inicio\\\/index.php\\\/author\\\/diario1\\\/\"}]}<\/script>\n<!-- \/ Yoast SEO plugin. -->","yoast_head_json":{"title":"Colapinto sufri\u00f3 la estrategia de Alpine, termin\u00f3 13\u00ba y no pudo sumar puntos en el GP de Canad\u00e1 - Diario Textual","robots":{"index":"index","follow":"follow","max-snippet":"max-snippet:-1","max-image-preview":"max-image-preview:large","max-video-preview":"max-video-preview:-1"},"canonical":"https:\/\/diariotextual.com\/inicio\/index.php\/2025\/06\/15\/colapinto-sufrio-la-estrategia-de-alpine-termino-12o-y-no-pudo-sumar-puntos-en-el-gp-de-canada\/","og_locale":"es_ES","og_type":"article","og_title":"Colapinto sufri\u00f3 la estrategia de Alpine, termin\u00f3 13\u00ba y no pudo sumar puntos en el GP de Canad\u00e1 - Diario Textual","og_description":"El piloto argentino de Alpine, Franco Colapinto, asegur\u00f3 que \u201cestuvieron en la estrategia equivocada\u201d luego de finalizar en la decimotercera posici\u00f3n del Gran Premio de Canad\u00e1 de la F\u00f3rmula 1.&hellip;","og_url":"https:\/\/diariotextual.com\/inicio\/index.php\/2025\/06\/15\/colapinto-sufrio-la-estrategia-de-alpine-termino-12o-y-no-pudo-sumar-puntos-en-el-gp-de-canada\/","og_site_name":"Diario Textual","article_publisher":"https:\/\/www.facebook.com\/eltextual","article_published_time":"2025-06-15T19:37:24+00:00","article_modified_time":"2025-06-16T12:48:10+00:00","og_image":[{"width":1347,"height":875,"url":"https:\/\/diariotextual.com\/inicio\/wp-content\/uploads\/2025\/06\/colapintofranco2025-100.jpg","type":"image\/jpeg"}],"author":"Diario1 Diario1","twitter_card":"summary_large_image","twitter_creator":"@eltextual","twitter_site":"@eltextual","twitter_misc":{"Escrito por":"Diario1 Diario1","Tiempo de lectura":"2 minutos"},"schema":{"@context":"https:\/\/schema.org","@graph":[{"@type":"Article","@id":"https:\/\/diariotextual.com\/inicio\/index.php\/2025\/06\/15\/colapinto-sufrio-la-estrategia-de-alpine-termino-12o-y-no-pudo-sumar-puntos-en-el-gp-de-canada\/#article","isPartOf":{"@id":"https:\/\/diariotextual.com\/inicio\/index.php\/2025\/06\/15\/colapinto-sufrio-la-estrategia-de-alpine-termino-12o-y-no-pudo-sumar-puntos-en-el-gp-de-canada\/"},"author":{"name":"Diario1 Diario1","@id":"https:\/\/diariotextual.com\/inicio\/#\/schema\/person\/418fc4093c33e86ed41562db3508f958"},"headline":"Colapinto sufri\u00f3 la estrategia de Alpine, termin\u00f3 13\u00ba y no pudo sumar puntos en el GP de Canad\u00e1","datePublished":"2025-06-15T19:37:24+00:00","dateModified":"2025-06-16T12:48:10+00:00","mainEntityOfPage":{"@id":"https:\/\/diariotextual.com\/inicio\/index.php\/2025\/06\/15\/colapinto-sufrio-la-estrategia-de-alpine-termino-12o-y-no-pudo-sumar-puntos-en-el-gp-de-canada\/"},"wordCount":240,"publisher":{"@id":"https:\/\/diariotextual.com\/inicio\/#organization"},"image":{"@id":"https:\/\/diariotextual.com\/inicio\/index.php\/2025\/06\/15\/colapinto-sufrio-la-estrategia-de-alpine-termino-12o-y-no-pudo-sumar-puntos-en-el-gp-de-canada\/#primaryimage"},"thumbnailUrl":"https:\/\/diariotextual.com\/inicio\/wp-content\/uploads\/2025\/06\/colapintofranco2025-100.jpg","articleSection":["A - ES NOTICIA (van abajo)","DEPORTES"],"inLanguage":"es"},{"@type":"WebPage","@id":"https:\/\/diariotextual.com\/inicio\/index.php\/2025\/06\/15\/colapinto-sufrio-la-estrategia-de-alpine-termino-12o-y-no-pudo-sumar-puntos-en-el-gp-de-canada\/","url":"https:\/\/diariotextual.com\/inicio\/index.php\/2025\/06\/15\/colapinto-sufrio-la-estrategia-de-alpine-termino-12o-y-no-pudo-sumar-puntos-en-el-gp-de-canada\/","name":"Colapinto sufri\u00f3 la estrategia de Alpine, termin\u00f3 13\u00ba y no pudo sumar puntos en el GP de Canad\u00e1 - Diario Textual","isPartOf":{"@id":"https:\/\/diariotextual.com\/inicio\/#website"},"primaryImageOfPage":{"@id":"https:\/\/diariotextual.com\/inicio\/index.php\/2025\/06\/15\/colapinto-sufrio-la-estrategia-de-alpine-termino-12o-y-no-pudo-sumar-puntos-en-el-gp-de-canada\/#primaryimage"},"image":{"@id":"https:\/\/diariotextual.com\/inicio\/index.php\/2025\/06\/15\/colapinto-sufrio-la-estrategia-de-alpine-termino-12o-y-no-pudo-sumar-puntos-en-el-gp-de-canada\/#primaryimage"},"thumbnailUrl":"https:\/\/diariotextual.com\/inicio\/wp-content\/uploads\/2025\/06\/colapintofranco2025-100.jpg","datePublished":"2025-06-15T19:37:24+00:00","dateModified":"2025-06-16T12:48:10+00:00","breadcrumb":{"@id":"https:\/\/diariotextual.com\/inicio\/index.php\/2025\/06\/15\/colapinto-sufrio-la-estrategia-de-alpine-termino-12o-y-no-pudo-sumar-puntos-en-el-gp-de-canada\/#breadcrumb"},"inLanguage":"es","potentialAction":[{"@type":"ReadAction","target":["https:\/\/diariotextual.com\/inicio\/index.php\/2025\/06\/15\/colapinto-sufrio-la-estrategia-de-alpine-termino-12o-y-no-pudo-sumar-puntos-en-el-gp-de-canada\/"]}]},{"@type":"ImageObject","inLanguage":"es","@id":"https:\/\/diariotextual.com\/inicio\/index.php\/2025\/06\/15\/colapinto-sufrio-la-estrategia-de-alpine-termino-12o-y-no-pudo-sumar-puntos-en-el-gp-de-canada\/#primaryimage","url":"https:\/\/diariotextual.com\/inicio\/wp-content\/uploads\/2025\/06\/colapintofranco2025-100.jpg","contentUrl":"https:\/\/diariotextual.com\/inicio\/wp-content\/uploads\/2025\/06\/colapintofranco2025-100.jpg","width":1347,"height":875},{"@type":"BreadcrumbList","@id":"https:\/\/diariotextual.com\/inicio\/index.php\/2025\/06\/15\/colapinto-sufrio-la-estrategia-de-alpine-termino-12o-y-no-pudo-sumar-puntos-en-el-gp-de-canada\/#breadcrumb","itemListElement":[{"@type":"ListItem","position":1,"name":"Portada","item":"https:\/\/diariotextual.com\/inicio\/"},{"@type":"ListItem","position":2,"name":"Colapinto sufri\u00f3 la estrategia de Alpine, termin\u00f3 13\u00ba y no pudo sumar puntos en el GP de Canad\u00e1"}]},{"@type":"WebSite","@id":"https:\/\/diariotextual.com\/inicio\/#website","url":"https:\/\/diariotextual.com\/inicio\/","name":"Diario Textual","description":"","publisher":{"@id":"https:\/\/diariotextual.com\/inicio\/#organization"},"potentialAction":[{"@type":"SearchAction","target":{"@type":"EntryPoint","urlTemplate":"https:\/\/diariotextual.com\/inicio\/?s={search_term_string}"},"query-input":{"@type":"PropertyValueSpecification","valueRequired":true,"valueName":"search_term_string"}}],"inLanguage":"es"},{"@type":"Organization","@id":"https:\/\/diariotextual.com\/inicio\/#organization","name":"Diario Textual","url":"https:\/\/diariotextual.com\/inicio\/","logo":{"@type":"ImageObject","inLanguage":"es","@id":"https:\/\/diariotextual.com\/inicio\/#\/schema\/logo\/image\/","url":"https:\/\/diariotextual.com\/inicio\/wp-content\/uploads\/2023\/05\/logotextual1.jpg","contentUrl":"https:\/\/diariotextual.com\/inicio\/wp-content\/uploads\/2023\/05\/logotextual1.jpg","width":516,"height":76,"caption":"Diario Textual"},"image":{"@id":"https:\/\/diariotextual.com\/inicio\/#\/schema\/logo\/image\/"},"sameAs":["https:\/\/www.facebook.com\/eltextual","https:\/\/x.com\/eltextual","http:\/\/www.instagram.com\/eltextual"]},{"@type":"Person","@id":"https:\/\/diariotextual.com\/inicio\/#\/schema\/person\/418fc4093c33e86ed41562db3508f958","name":"Diario1 Diario1","image":{"@type":"ImageObject","inLanguage":"es","@id":"https:\/\/secure.gravatar.com\/avatar\/9167d280179c85bc18be67aa7eda765854300033af4896dd779b608640f2ef7a?s=96&d=mm&r=g","url":"https:\/\/secure.gravatar.com\/avatar\/9167d280179c85bc18be67aa7eda765854300033af4896dd779b608640f2ef7a?s=96&d=mm&r=g","contentUrl":"https:\/\/secure.gravatar.com\/avatar\/9167d280179c85bc18be67aa7eda765854300033af4896dd779b608640f2ef7a?s=96&d=mm&r=g","caption":"Diario1 Diario1"},"url":"https:\/\/diariotextual.com\/inicio\/index.php\/author\/diario1\/"}]}},"_links":{"self":[{"href":"https:\/\/diariotextual.com\/inicio\/index.php\/wp-json\/wp\/v2\/posts\/298856","targetHints":{"allow":["GET"]}}],"collection":[{"href":"https:\/\/diariotextual.com\/inicio\/index.php\/wp-json\/wp\/v2\/posts"}],"about":[{"href":"https:\/\/diariotextual.com\/inicio\/index.php\/wp-json\/wp\/v2\/types\/post"}],"author":[{"embeddable":true,"href":"https:\/\/diariotextual.com\/inicio\/index.php\/wp-json\/wp\/v2\/users\/3"}],"replies":[{"embeddable":true,"href":"https:\/\/diariotextual.com\/inicio\/index.php\/wp-json\/wp\/v2\/comments?post=298856"}],"version-history":[{"count":4,"href":"https:\/\/diariotextual.com\/inicio\/index.php\/wp-json\/wp\/v2\/posts\/298856\/revisions"}],"predecessor-version":[{"id":298860,"href":"https:\/\/diariotextual.com\/inicio\/index.php\/wp-json\/wp\/v2\/posts\/298856\/revisions\/298860"}],"wp:featuredmedia":[{"embeddable":true,"href":"https:\/\/diariotextual.com\/inicio\/index.php\/wp-json\/wp\/v2\/media\/298823"}],"wp:attachment":[{"href":"https:\/\/diariotextual.com\/inicio\/index.php\/wp-json\/wp\/v2\/media?parent=298856"}],"wp:term":[{"taxonomy":"category","embeddable":true,"href":"https:\/\/diariotextual.com\/inicio\/index.php\/wp-json\/wp\/v2\/categories?post=298856"},{"taxonomy":"post_tag","embeddable":true,"href":"https:\/\/diariotextual.com\/inicio\/index.php\/wp-json\/wp\/v2\/tags?post=298856"}],"curies":[{"name":"wp","href":"https:\/\/api.w.org\/{rel}","templated":true}]}}