{"id":298913,"date":"2025-06-16T20:56:30","date_gmt":"2025-06-16T23:56:30","guid":{"rendered":"https:\/\/diariotextual.com\/inicio\/?p=298913"},"modified":"2025-06-17T06:20:48","modified_gmt":"2025-06-17T09:20:48","slug":"boca-empato-con-el-benfica-en-el-mundial-de-clubes","status":"publish","type":"post","link":"https:\/\/diariotextual.com\/inicio\/index.php\/2025\/06\/16\/boca-empato-con-el-benfica-en-el-mundial-de-clubes\/","title":{"rendered":"Boca empat\u00f3 con el Benfica en su debut en el Mundial de Clubes"},"content":{"rendered":"\n<p>Boca empat\u00f3 con el Benfica de Portugal por 2-2, en el estadio Hard Rock de Miami, por la primera fecha del Grupo C del Mundial de Clubes 2025. El Xeneize termin\u00f3 su compromiso con un sabor amargo, dado que no pudo sostener la ventaja que hab\u00eda logrado con los goles de Miguel Merentiel y Rodrigo Battaglia. \u00c1ngel Di Mar\u00eda, con un penal exquisito, descont\u00f3 para el elenco lusitano y Nicol\u00e1s Otamendi sell\u00f3 la igualdad sobre el final<\/p>\n\n\n\n<p>La primera llegada del partido fue del Benfica, a los cinco minutos. En una buena jugada colectiva, el mediocampista Renato Sanches recibi\u00f3 un centro atr\u00e1s en el costado izquierdo del \u00e1rea grande y remat\u00f3 bajo y cruzado, aunque su tiro se fue ancho.<\/p>\n\n\n\n<p>El elenco portugu\u00e9s volvi\u00f3 a acercarse a los 17 minutos, con un gran cambio de frente del extremo argentino \u00c1ngel Di Mar\u00eda, para que el delantero Bruma controle con el pecho y remate de zurda. Su disparo pegar\u00eda en el palo, aunque el atacante estaba en fuera de juego.<\/p>\n\n\n\n<p>El primer gol del partido lleg\u00f3 a los 20 minutos. El lateral Lautaro Blanco encar\u00f3 por el costado izquierdo, super\u00f3 al volante Florentino Luis con un ca\u00f1o excepcional y puso el centro buscapi\u00e9 al primer palo, que Merentiel anticip\u00f3 y punte\u00f3 para el 1-0.<\/p>\n\n\n\n<p>Boca convirti\u00f3 el segundo a los 27 minutos. Un c\u00f3rner lleg\u00f3 preciso al segundo palo para el cabezazo del defensor Ayrton Costa, quien asisti\u00f3 al mediocampista Rodrigo Battaglia, cuyo remate de cabeza en el primer palo se convirti\u00f3 en el 2-0.<\/p>\n\n\n\n<p>El Benfica no volvi\u00f3 a llegar hasta los 30 minutos, con un pase filtrado que dej\u00f3 mano a mano al delantero Vangelis Pavlidis pero el atacante griego, que estaba inhabilitado, no pudo con el arquero Agust\u00edn Marches\u00edn en el uno contra uno.<\/p>\n\n\n\n<p>El descuento lleg\u00f3 en el segundo minuto de descuento de la primera etapa. Tras un penal del volante Carlos Palacios sobre el defensor argentino Nicol\u00e1s Otamendi, \u201cFideo\u201d Di Mar\u00eda se hizo cargo de la pena m\u00e1xima, esper\u00f3 el movimiento de Marchesin y abri\u00f3 el pie izquierdo para definir con suavidad y poner el 2-1.<\/p>\n\n\n\n<p>En 26 minutos de la segunda mitad, el Benfica se qued\u00f3 con un jugador menos por una patada del delantero Andrea Belotti sobre la cabeza de Ayrton Costa. El atacante italiano fue expulsado a instancias del VAR.<\/p>\n\n\n\n<p>Pero el Benfica alcanzar\u00eda la igualdad a los 38 minutos de la segunda etapa. Un gran tiro de esquina al primer palo del volante Orkun K\u00f6k\u00e7\u00fc le lleg\u00f3 a Nicol\u00e1s Otamendi, quien apareci\u00f3 libre y marc\u00f3 de cabeza.<\/p>\n\n\n\n<p>En 44 minutos, el defensor Nicol\u00e1s Figal fue expulsado de manera directa tras una grave entrada sobre el volante Florentino Luis.<\/p>\n\n\n\n<p><\/p>\n","protected":false},"excerpt":{"rendered":"<p>Boca empat\u00f3 con el Benfica de Portugal por 2-2, en el estadio Hard Rock de Miami, por la primera fecha del Grupo C del Mundial de Clubes 2025. El Xeneize&hellip;<\/p>\n","protected":false},"author":3,"featured_media":298903,"comment_status":"closed","ping_status":"open","sticky":false,"template":"","format":"standard","meta":{"_acf_changed":false,"footnotes":""},"categories":[1,3],"tags":[],"class_list":["post-298913","post","type-post","status-publish","format-standard","has-post-thumbnail","hentry","category-es-noticia","category-deportes"],"acf":[],"yoast_head":"<!-- This site is optimized with the Yoast SEO plugin v27.4 - https:\/\/yoast.com\/product\/yoast-seo-wordpress\/ -->\n<title>Boca empat\u00f3 con el Benfica en su debut en el Mundial de Clubes - Diario Textual<\/title>\n<meta name=\"robots\" content=\"index, follow, max-snippet:-1, max-image-preview:large, max-video-preview:-1\" \/>\n<link rel=\"canonical\" href=\"https:\/\/diariotextual.com\/inicio\/index.php\/2025\/06\/16\/boca-empato-con-el-benfica-en-el-mundial-de-clubes\/\" \/>\n<meta property=\"og:locale\" content=\"es_ES\" \/>\n<meta property=\"og:type\" content=\"article\" \/>\n<meta property=\"og:title\" content=\"Boca empat\u00f3 con el Benfica en su debut en el Mundial de Clubes - Diario Textual\" \/>\n<meta property=\"og:description\" content=\"Boca empat\u00f3 con el Benfica de Portugal por 2-2, en el estadio Hard Rock de Miami, por la primera fecha del Grupo C del Mundial de Clubes 2025. El Xeneize&hellip;\" \/>\n<meta property=\"og:url\" content=\"https:\/\/diariotextual.com\/inicio\/index.php\/2025\/06\/16\/boca-empato-con-el-benfica-en-el-mundial-de-clubes\/\" \/>\n<meta property=\"og:site_name\" content=\"Diario Textual\" \/>\n<meta property=\"article:publisher\" content=\"https:\/\/www.facebook.com\/eltextual\" \/>\n<meta property=\"article:published_time\" content=\"2025-06-16T23:56:30+00:00\" \/>\n<meta property=\"article:modified_time\" content=\"2025-06-17T09:20:48+00:00\" \/>\n<meta property=\"og:image\" content=\"https:\/\/diariotextual.com\/inicio\/wp-content\/uploads\/2025\/06\/bocamundialdeclubes2025-12.jpg\" \/>\n\t<meta property=\"og:image:width\" content=\"1052\" \/>\n\t<meta property=\"og:image:height\" content=\"584\" \/>\n\t<meta property=\"og:image:type\" content=\"image\/jpeg\" \/>\n<meta name=\"author\" content=\"Diario1 Diario1\" \/>\n<meta name=\"twitter:card\" content=\"summary_large_image\" \/>\n<meta name=\"twitter:creator\" content=\"@eltextual\" \/>\n<meta name=\"twitter:site\" content=\"@eltextual\" \/>\n<meta name=\"twitter:label1\" content=\"Escrito por\" \/>\n\t<meta name=\"twitter:data1\" content=\"Diario1 Diario1\" \/>\n\t<meta name=\"twitter:label2\" content=\"Tiempo de lectura\" \/>\n\t<meta name=\"twitter:data2\" content=\"1 minuto\" \/>\n<script type=\"application\/ld+json\" class=\"yoast-schema-graph\">{\"@context\":\"https:\\\/\\\/schema.org\",\"@graph\":[{\"@type\":\"Article\",\"@id\":\"https:\\\/\\\/diariotextual.com\\\/inicio\\\/index.php\\\/2025\\\/06\\\/16\\\/boca-empato-con-el-benfica-en-el-mundial-de-clubes\\\/#article\",\"isPartOf\":{\"@id\":\"https:\\\/\\\/diariotextual.com\\\/inicio\\\/index.php\\\/2025\\\/06\\\/16\\\/boca-empato-con-el-benfica-en-el-mundial-de-clubes\\\/\"},\"author\":{\"name\":\"Diario1 Diario1\",\"@id\":\"https:\\\/\\\/diariotextual.com\\\/inicio\\\/#\\\/schema\\\/person\\\/418fc4093c33e86ed41562db3508f958\"},\"headline\":\"Boca empat\u00f3 con el Benfica en su debut en el Mundial de Clubes\",\"datePublished\":\"2025-06-16T23:56:30+00:00\",\"dateModified\":\"2025-06-17T09:20:48+00:00\",\"mainEntityOfPage\":{\"@id\":\"https:\\\/\\\/diariotextual.com\\\/inicio\\\/index.php\\\/2025\\\/06\\\/16\\\/boca-empato-con-el-benfica-en-el-mundial-de-clubes\\\/\"},\"wordCount\":469,\"publisher\":{\"@id\":\"https:\\\/\\\/diariotextual.com\\\/inicio\\\/#organization\"},\"image\":{\"@id\":\"https:\\\/\\\/diariotextual.com\\\/inicio\\\/index.php\\\/2025\\\/06\\\/16\\\/boca-empato-con-el-benfica-en-el-mundial-de-clubes\\\/#primaryimage\"},\"thumbnailUrl\":\"https:\\\/\\\/diariotextual.com\\\/inicio\\\/wp-content\\\/uploads\\\/2025\\\/06\\\/bocamundialdeclubes2025-12.jpg\",\"articleSection\":[\"A - ES NOTICIA (van abajo)\",\"DEPORTES\"],\"inLanguage\":\"es\"},{\"@type\":\"WebPage\",\"@id\":\"https:\\\/\\\/diariotextual.com\\\/inicio\\\/index.php\\\/2025\\\/06\\\/16\\\/boca-empato-con-el-benfica-en-el-mundial-de-clubes\\\/\",\"url\":\"https:\\\/\\\/diariotextual.com\\\/inicio\\\/index.php\\\/2025\\\/06\\\/16\\\/boca-empato-con-el-benfica-en-el-mundial-de-clubes\\\/\",\"name\":\"Boca empat\u00f3 con el Benfica en su debut en el Mundial de Clubes - Diario Textual\",\"isPartOf\":{\"@id\":\"https:\\\/\\\/diariotextual.com\\\/inicio\\\/#website\"},\"primaryImageOfPage\":{\"@id\":\"https:\\\/\\\/diariotextual.com\\\/inicio\\\/index.php\\\/2025\\\/06\\\/16\\\/boca-empato-con-el-benfica-en-el-mundial-de-clubes\\\/#primaryimage\"},\"image\":{\"@id\":\"https:\\\/\\\/diariotextual.com\\\/inicio\\\/index.php\\\/2025\\\/06\\\/16\\\/boca-empato-con-el-benfica-en-el-mundial-de-clubes\\\/#primaryimage\"},\"thumbnailUrl\":\"https:\\\/\\\/diariotextual.com\\\/inicio\\\/wp-content\\\/uploads\\\/2025\\\/06\\\/bocamundialdeclubes2025-12.jpg\",\"datePublished\":\"2025-06-16T23:56:30+00:00\",\"dateModified\":\"2025-06-17T09:20:48+00:00\",\"breadcrumb\":{\"@id\":\"https:\\\/\\\/diariotextual.com\\\/inicio\\\/index.php\\\/2025\\\/06\\\/16\\\/boca-empato-con-el-benfica-en-el-mundial-de-clubes\\\/#breadcrumb\"},\"inLanguage\":\"es\",\"potentialAction\":[{\"@type\":\"ReadAction\",\"target\":[\"https:\\\/\\\/diariotextual.com\\\/inicio\\\/index.php\\\/2025\\\/06\\\/16\\\/boca-empato-con-el-benfica-en-el-mundial-de-clubes\\\/\"]}]},{\"@type\":\"ImageObject\",\"inLanguage\":\"es\",\"@id\":\"https:\\\/\\\/diariotextual.com\\\/inicio\\\/index.php\\\/2025\\\/06\\\/16\\\/boca-empato-con-el-benfica-en-el-mundial-de-clubes\\\/#primaryimage\",\"url\":\"https:\\\/\\\/diariotextual.com\\\/inicio\\\/wp-content\\\/uploads\\\/2025\\\/06\\\/bocamundialdeclubes2025-12.jpg\",\"contentUrl\":\"https:\\\/\\\/diariotextual.com\\\/inicio\\\/wp-content\\\/uploads\\\/2025\\\/06\\\/bocamundialdeclubes2025-12.jpg\",\"width\":1052,\"height\":584},{\"@type\":\"BreadcrumbList\",\"@id\":\"https:\\\/\\\/diariotextual.com\\\/inicio\\\/index.php\\\/2025\\\/06\\\/16\\\/boca-empato-con-el-benfica-en-el-mundial-de-clubes\\\/#breadcrumb\",\"itemListElement\":[{\"@type\":\"ListItem\",\"position\":1,\"name\":\"Portada\",\"item\":\"https:\\\/\\\/diariotextual.com\\\/inicio\\\/\"},{\"@type\":\"ListItem\",\"position\":2,\"name\":\"Boca empat\u00f3 con el Benfica en su debut en el Mundial de Clubes\"}]},{\"@type\":\"WebSite\",\"@id\":\"https:\\\/\\\/diariotextual.com\\\/inicio\\\/#website\",\"url\":\"https:\\\/\\\/diariotextual.com\\\/inicio\\\/\",\"name\":\"Diario Textual\",\"description\":\"\",\"publisher\":{\"@id\":\"https:\\\/\\\/diariotextual.com\\\/inicio\\\/#organization\"},\"potentialAction\":[{\"@type\":\"SearchAction\",\"target\":{\"@type\":\"EntryPoint\",\"urlTemplate\":\"https:\\\/\\\/diariotextual.com\\\/inicio\\\/?s={search_term_string}\"},\"query-input\":{\"@type\":\"PropertyValueSpecification\",\"valueRequired\":true,\"valueName\":\"search_term_string\"}}],\"inLanguage\":\"es\"},{\"@type\":\"Organization\",\"@id\":\"https:\\\/\\\/diariotextual.com\\\/inicio\\\/#organization\",\"name\":\"Diario Textual\",\"url\":\"https:\\\/\\\/diariotextual.com\\\/inicio\\\/\",\"logo\":{\"@type\":\"ImageObject\",\"inLanguage\":\"es\",\"@id\":\"https:\\\/\\\/diariotextual.com\\\/inicio\\\/#\\\/schema\\\/logo\\\/image\\\/\",\"url\":\"https:\\\/\\\/diariotextual.com\\\/inicio\\\/wp-content\\\/uploads\\\/2023\\\/05\\\/logotextual1.jpg\",\"contentUrl\":\"https:\\\/\\\/diariotextual.com\\\/inicio\\\/wp-content\\\/uploads\\\/2023\\\/05\\\/logotextual1.jpg\",\"width\":516,\"height\":76,\"caption\":\"Diario Textual\"},\"image\":{\"@id\":\"https:\\\/\\\/diariotextual.com\\\/inicio\\\/#\\\/schema\\\/logo\\\/image\\\/\"},\"sameAs\":[\"https:\\\/\\\/www.facebook.com\\\/eltextual\",\"https:\\\/\\\/x.com\\\/eltextual\",\"http:\\\/\\\/www.instagram.com\\\/eltextual\"]},{\"@type\":\"Person\",\"@id\":\"https:\\\/\\\/diariotextual.com\\\/inicio\\\/#\\\/schema\\\/person\\\/418fc4093c33e86ed41562db3508f958\",\"name\":\"Diario1 Diario1\",\"image\":{\"@type\":\"ImageObject\",\"inLanguage\":\"es\",\"@id\":\"https:\\\/\\\/secure.gravatar.com\\\/avatar\\\/9167d280179c85bc18be67aa7eda765854300033af4896dd779b608640f2ef7a?s=96&d=mm&r=g\",\"url\":\"https:\\\/\\\/secure.gravatar.com\\\/avatar\\\/9167d280179c85bc18be67aa7eda765854300033af4896dd779b608640f2ef7a?s=96&d=mm&r=g\",\"contentUrl\":\"https:\\\/\\\/secure.gravatar.com\\\/avatar\\\/9167d280179c85bc18be67aa7eda765854300033af4896dd779b608640f2ef7a?s=96&d=mm&r=g\",\"caption\":\"Diario1 Diario1\"},\"url\":\"https:\\\/\\\/diariotextual.com\\\/inicio\\\/index.php\\\/author\\\/diario1\\\/\"}]}<\/script>\n<!-- \/ Yoast SEO plugin. -->","yoast_head_json":{"title":"Boca empat\u00f3 con el Benfica en su debut en el Mundial de Clubes - Diario Textual","robots":{"index":"index","follow":"follow","max-snippet":"max-snippet:-1","max-image-preview":"max-image-preview:large","max-video-preview":"max-video-preview:-1"},"canonical":"https:\/\/diariotextual.com\/inicio\/index.php\/2025\/06\/16\/boca-empato-con-el-benfica-en-el-mundial-de-clubes\/","og_locale":"es_ES","og_type":"article","og_title":"Boca empat\u00f3 con el Benfica en su debut en el Mundial de Clubes - Diario Textual","og_description":"Boca empat\u00f3 con el Benfica de Portugal por 2-2, en el estadio Hard Rock de Miami, por la primera fecha del Grupo C del Mundial de Clubes 2025. El Xeneize&hellip;","og_url":"https:\/\/diariotextual.com\/inicio\/index.php\/2025\/06\/16\/boca-empato-con-el-benfica-en-el-mundial-de-clubes\/","og_site_name":"Diario Textual","article_publisher":"https:\/\/www.facebook.com\/eltextual","article_published_time":"2025-06-16T23:56:30+00:00","article_modified_time":"2025-06-17T09:20:48+00:00","og_image":[{"width":1052,"height":584,"url":"https:\/\/diariotextual.com\/inicio\/wp-content\/uploads\/2025\/06\/bocamundialdeclubes2025-12.jpg","type":"image\/jpeg"}],"author":"Diario1 Diario1","twitter_card":"summary_large_image","twitter_creator":"@eltextual","twitter_site":"@eltextual","twitter_misc":{"Escrito por":"Diario1 Diario1","Tiempo de lectura":"1 minuto"},"schema":{"@context":"https:\/\/schema.org","@graph":[{"@type":"Article","@id":"https:\/\/diariotextual.com\/inicio\/index.php\/2025\/06\/16\/boca-empato-con-el-benfica-en-el-mundial-de-clubes\/#article","isPartOf":{"@id":"https:\/\/diariotextual.com\/inicio\/index.php\/2025\/06\/16\/boca-empato-con-el-benfica-en-el-mundial-de-clubes\/"},"author":{"name":"Diario1 Diario1","@id":"https:\/\/diariotextual.com\/inicio\/#\/schema\/person\/418fc4093c33e86ed41562db3508f958"},"headline":"Boca empat\u00f3 con el Benfica en su debut en el Mundial de Clubes","datePublished":"2025-06-16T23:56:30+00:00","dateModified":"2025-06-17T09:20:48+00:00","mainEntityOfPage":{"@id":"https:\/\/diariotextual.com\/inicio\/index.php\/2025\/06\/16\/boca-empato-con-el-benfica-en-el-mundial-de-clubes\/"},"wordCount":469,"publisher":{"@id":"https:\/\/diariotextual.com\/inicio\/#organization"},"image":{"@id":"https:\/\/diariotextual.com\/inicio\/index.php\/2025\/06\/16\/boca-empato-con-el-benfica-en-el-mundial-de-clubes\/#primaryimage"},"thumbnailUrl":"https:\/\/diariotextual.com\/inicio\/wp-content\/uploads\/2025\/06\/bocamundialdeclubes2025-12.jpg","articleSection":["A - ES NOTICIA (van abajo)","DEPORTES"],"inLanguage":"es"},{"@type":"WebPage","@id":"https:\/\/diariotextual.com\/inicio\/index.php\/2025\/06\/16\/boca-empato-con-el-benfica-en-el-mundial-de-clubes\/","url":"https:\/\/diariotextual.com\/inicio\/index.php\/2025\/06\/16\/boca-empato-con-el-benfica-en-el-mundial-de-clubes\/","name":"Boca empat\u00f3 con el Benfica en su debut en el Mundial de Clubes - Diario Textual","isPartOf":{"@id":"https:\/\/diariotextual.com\/inicio\/#website"},"primaryImageOfPage":{"@id":"https:\/\/diariotextual.com\/inicio\/index.php\/2025\/06\/16\/boca-empato-con-el-benfica-en-el-mundial-de-clubes\/#primaryimage"},"image":{"@id":"https:\/\/diariotextual.com\/inicio\/index.php\/2025\/06\/16\/boca-empato-con-el-benfica-en-el-mundial-de-clubes\/#primaryimage"},"thumbnailUrl":"https:\/\/diariotextual.com\/inicio\/wp-content\/uploads\/2025\/06\/bocamundialdeclubes2025-12.jpg","datePublished":"2025-06-16T23:56:30+00:00","dateModified":"2025-06-17T09:20:48+00:00","breadcrumb":{"@id":"https:\/\/diariotextual.com\/inicio\/index.php\/2025\/06\/16\/boca-empato-con-el-benfica-en-el-mundial-de-clubes\/#breadcrumb"},"inLanguage":"es","potentialAction":[{"@type":"ReadAction","target":["https:\/\/diariotextual.com\/inicio\/index.php\/2025\/06\/16\/boca-empato-con-el-benfica-en-el-mundial-de-clubes\/"]}]},{"@type":"ImageObject","inLanguage":"es","@id":"https:\/\/diariotextual.com\/inicio\/index.php\/2025\/06\/16\/boca-empato-con-el-benfica-en-el-mundial-de-clubes\/#primaryimage","url":"https:\/\/diariotextual.com\/inicio\/wp-content\/uploads\/2025\/06\/bocamundialdeclubes2025-12.jpg","contentUrl":"https:\/\/diariotextual.com\/inicio\/wp-content\/uploads\/2025\/06\/bocamundialdeclubes2025-12.jpg","width":1052,"height":584},{"@type":"BreadcrumbList","@id":"https:\/\/diariotextual.com\/inicio\/index.php\/2025\/06\/16\/boca-empato-con-el-benfica-en-el-mundial-de-clubes\/#breadcrumb","itemListElement":[{"@type":"ListItem","position":1,"name":"Portada","item":"https:\/\/diariotextual.com\/inicio\/"},{"@type":"ListItem","position":2,"name":"Boca empat\u00f3 con el Benfica en su debut en el Mundial de Clubes"}]},{"@type":"WebSite","@id":"https:\/\/diariotextual.com\/inicio\/#website","url":"https:\/\/diariotextual.com\/inicio\/","name":"Diario Textual","description":"","publisher":{"@id":"https:\/\/diariotextual.com\/inicio\/#organization"},"potentialAction":[{"@type":"SearchAction","target":{"@type":"EntryPoint","urlTemplate":"https:\/\/diariotextual.com\/inicio\/?s={search_term_string}"},"query-input":{"@type":"PropertyValueSpecification","valueRequired":true,"valueName":"search_term_string"}}],"inLanguage":"es"},{"@type":"Organization","@id":"https:\/\/diariotextual.com\/inicio\/#organization","name":"Diario Textual","url":"https:\/\/diariotextual.com\/inicio\/","logo":{"@type":"ImageObject","inLanguage":"es","@id":"https:\/\/diariotextual.com\/inicio\/#\/schema\/logo\/image\/","url":"https:\/\/diariotextual.com\/inicio\/wp-content\/uploads\/2023\/05\/logotextual1.jpg","contentUrl":"https:\/\/diariotextual.com\/inicio\/wp-content\/uploads\/2023\/05\/logotextual1.jpg","width":516,"height":76,"caption":"Diario Textual"},"image":{"@id":"https:\/\/diariotextual.com\/inicio\/#\/schema\/logo\/image\/"},"sameAs":["https:\/\/www.facebook.com\/eltextual","https:\/\/x.com\/eltextual","http:\/\/www.instagram.com\/eltextual"]},{"@type":"Person","@id":"https:\/\/diariotextual.com\/inicio\/#\/schema\/person\/418fc4093c33e86ed41562db3508f958","name":"Diario1 Diario1","image":{"@type":"ImageObject","inLanguage":"es","@id":"https:\/\/secure.gravatar.com\/avatar\/9167d280179c85bc18be67aa7eda765854300033af4896dd779b608640f2ef7a?s=96&d=mm&r=g","url":"https:\/\/secure.gravatar.com\/avatar\/9167d280179c85bc18be67aa7eda765854300033af4896dd779b608640f2ef7a?s=96&d=mm&r=g","contentUrl":"https:\/\/secure.gravatar.com\/avatar\/9167d280179c85bc18be67aa7eda765854300033af4896dd779b608640f2ef7a?s=96&d=mm&r=g","caption":"Diario1 Diario1"},"url":"https:\/\/diariotextual.com\/inicio\/index.php\/author\/diario1\/"}]}},"_links":{"self":[{"href":"https:\/\/diariotextual.com\/inicio\/index.php\/wp-json\/wp\/v2\/posts\/298913","targetHints":{"allow":["GET"]}}],"collection":[{"href":"https:\/\/diariotextual.com\/inicio\/index.php\/wp-json\/wp\/v2\/posts"}],"about":[{"href":"https:\/\/diariotextual.com\/inicio\/index.php\/wp-json\/wp\/v2\/types\/post"}],"author":[{"embeddable":true,"href":"https:\/\/diariotextual.com\/inicio\/index.php\/wp-json\/wp\/v2\/users\/3"}],"replies":[{"embeddable":true,"href":"https:\/\/diariotextual.com\/inicio\/index.php\/wp-json\/wp\/v2\/comments?post=298913"}],"version-history":[{"count":5,"href":"https:\/\/diariotextual.com\/inicio\/index.php\/wp-json\/wp\/v2\/posts\/298913\/revisions"}],"predecessor-version":[{"id":298923,"href":"https:\/\/diariotextual.com\/inicio\/index.php\/wp-json\/wp\/v2\/posts\/298913\/revisions\/298923"}],"wp:featuredmedia":[{"embeddable":true,"href":"https:\/\/diariotextual.com\/inicio\/index.php\/wp-json\/wp\/v2\/media\/298903"}],"wp:attachment":[{"href":"https:\/\/diariotextual.com\/inicio\/index.php\/wp-json\/wp\/v2\/media?parent=298913"}],"wp:term":[{"taxonomy":"category","embeddable":true,"href":"https:\/\/diariotextual.com\/inicio\/index.php\/wp-json\/wp\/v2\/categories?post=298913"},{"taxonomy":"post_tag","embeddable":true,"href":"https:\/\/diariotextual.com\/inicio\/index.php\/wp-json\/wp\/v2\/tags?post=298913"}],"curies":[{"name":"wp","href":"https:\/\/api.w.org\/{rel}","templated":true}]}}