{"id":299354,"date":"2025-06-21T00:22:41","date_gmt":"2025-06-21T03:22:41","guid":{"rendered":"https:\/\/diariotextual.com\/inicio\/?p=299354"},"modified":"2025-06-21T08:34:14","modified_gmt":"2025-06-21T11:34:14","slug":"boca-perdio-con-bayern-munich-y-no-depende-de-si-mismo-para-seguir-en-el-mundial-de-clubes","status":"publish","type":"post","link":"https:\/\/diariotextual.com\/inicio\/index.php\/2025\/06\/21\/boca-perdio-con-bayern-munich-y-no-depende-de-si-mismo-para-seguir-en-el-mundial-de-clubes\/","title":{"rendered":"Boca perdi\u00f3 con Bayern M\u00fanich y no depende de s\u00ed mismo para seguir en el Mundial de Clubes"},"content":{"rendered":"\n<p>Boca no pudo con el Bayern M\u00fanich&nbsp;de Alemania, con el que perdi\u00f3 2 a 1, por la&nbsp;segunda fecha del Grupo C, y ahora no depende de si mismo para avanzar a la siguiente instancia del Mundial de Clubes.<\/p>\n\n\n\n<p>El Xeneize no pudo ante el equipo alem\u00e1n, aunque dej\u00f3 una buena imagen. Los goles del club b\u00e1varo fueron de Kane y Olise, mientras que Merentiel descont\u00f3 para el conjunto de Miguel \u00c1ngel Russo.<\/p>\n\n\n\n<p>Precisamente, el ingl\u00e9s Harry Kane, tras una serie de errores en el \u00e1rea de Boca, estamp\u00f3 el primero con un toque sutil por un costado de Marches\u00edn.<\/p>\n\n\n\n<blockquote class=\"twitter-tweet\"><p lang=\"es\" dir=\"ltr\">\u00a1GOL DE BAYERN M\u00daNICH! <br><br>Harry Kane aprovech\u00f3 el rebote y anot\u00f3 el 1-0 sobre Boca. <a href=\"https:\/\/twitter.com\/hashtag\/MundialDeClubesEnDSPORTS?src=hash&amp;ref_src=twsrc%5Etfw\">#MundialDeClubesEnDSPORTS<\/a> | <a href=\"https:\/\/twitter.com\/hashtag\/FIFACWC?src=hash&amp;ref_src=twsrc%5Etfw\">#FIFACWC<\/a> <a href=\"https:\/\/t.co\/vpFZd2afwx\">pic.twitter.com\/vpFZd2afwx<\/a><\/p>&mdash; DSPORTS (@DSports) <a href=\"https:\/\/twitter.com\/DSports\/status\/1936233208422572203?ref_src=twsrc%5Etfw\">June 21, 2025<\/a><\/blockquote> <script async src=\"https:\/\/platform.twitter.com\/widgets.js\" charset=\"utf-8\"><\/script>\n\n\n\n<p><\/p>\n\n\n\n<p>En el complemento, Boca cambi\u00f3 la actitud, se adelant\u00f3 en el terreno y aprovech\u00f3 una falla en el fondo del conjunto alem\u00e1n para establecer el empate.<\/p>\n\n\n\n<p>Miguel Merentiel, a los 21 minutos, anot\u00f3 tras una corrida y luego de dejar a dos rivales en el camino.<\/p>\n\n\n\n<blockquote class=\"twitter-tweet\"><p lang=\"es\" dir=\"ltr\">MIGUEL MERENTIEL, EL HOMBRE GOL DE BOCA &#x1f535;&#x1f7e1;&#x1f535; PARA EL 1-1 ANTE BAYERN M\u00daNICH EN EL MUNDIAL DE CLUBES. <a href=\"https:\/\/t.co\/VlidNxmxA9\">pic.twitter.com\/VlidNxmxA9<\/a><\/p>&mdash; VSports Team (@VSportsTM) <a href=\"https:\/\/twitter.com\/VSportsTM\/status\/1936250265306374406?ref_src=twsrc%5Etfw\">June 21, 2025<\/a><\/blockquote> <script async src=\"https:\/\/platform.twitter.com\/widgets.js\" charset=\"utf-8\"><\/script>\n\n\n\n<p><\/p>\n\n\n\n<p>Luego de una serie de rebotes dentro del \u00e1rea, ning\u00fan defensor de Boca la pudo sacar, y le qued\u00f3 a Michael Olise -a partir de un toque sutil de Harry kane- que defini\u00f3 de primera, abierto, para vencer a Marchesin y estampar el 2-1.<\/p>\n\n\n\n<p><\/p>\n\n\n\n<blockquote class=\"twitter-tweet\"><p lang=\"es\" dir=\"ltr\">\u00a1GOL DE BAYERN M\u00daNICH! <br><br>Olise pesc\u00f3 una pelota a la deriva y anot\u00f3 el 2-1 en el mejor momento de Boca en el partido.<a href=\"https:\/\/twitter.com\/hashtag\/MundialDeClubesEnDSPORTS?src=hash&amp;ref_src=twsrc%5Etfw\">#MundialDeClubesEnDSPORTS<\/a> | <a href=\"https:\/\/twitter.com\/hashtag\/FIFACWC?src=hash&amp;ref_src=twsrc%5Etfw\">#FIFACWC<\/a> <a href=\"https:\/\/t.co\/GFs7LvtYJU\">pic.twitter.com\/GFs7LvtYJU<\/a><\/p>&mdash; DSPORTS (@DSports) <a href=\"https:\/\/twitter.com\/DSports\/status\/1936255150148002224?ref_src=twsrc%5Etfw\">June 21, 2025<\/a><\/blockquote> <script async src=\"https:\/\/platform.twitter.com\/widgets.js\" charset=\"utf-8\"><\/script>\n\n\n\n<p><\/p>\n","protected":false},"excerpt":{"rendered":"<p>Boca no pudo con el Bayern M\u00fanich&nbsp;de Alemania, con el que perdi\u00f3 2 a 1, por la&nbsp;segunda fecha del Grupo C, y ahora no depende de si mismo para avanzar&hellip;<\/p>\n","protected":false},"author":3,"featured_media":299358,"comment_status":"closed","ping_status":"open","sticky":false,"template":"","format":"standard","meta":{"_acf_changed":false,"footnotes":""},"categories":[1,3],"tags":[],"class_list":["post-299354","post","type-post","status-publish","format-standard","has-post-thumbnail","hentry","category-es-noticia","category-deportes"],"acf":[],"yoast_head":"<!-- This site is optimized with the Yoast SEO plugin v27.4 - https:\/\/yoast.com\/product\/yoast-seo-wordpress\/ -->\n<title>Boca perdi\u00f3 con Bayern M\u00fanich y no depende de s\u00ed mismo para seguir en el Mundial de Clubes - Diario Textual<\/title>\n<meta name=\"robots\" content=\"index, follow, max-snippet:-1, max-image-preview:large, max-video-preview:-1\" \/>\n<link rel=\"canonical\" href=\"https:\/\/diariotextual.com\/inicio\/index.php\/2025\/06\/21\/boca-perdio-con-bayern-munich-y-no-depende-de-si-mismo-para-seguir-en-el-mundial-de-clubes\/\" \/>\n<meta property=\"og:locale\" content=\"es_ES\" \/>\n<meta property=\"og:type\" content=\"article\" \/>\n<meta property=\"og:title\" content=\"Boca perdi\u00f3 con Bayern M\u00fanich y no depende de s\u00ed mismo para seguir en el Mundial de Clubes - Diario Textual\" \/>\n<meta property=\"og:description\" content=\"Boca no pudo con el Bayern M\u00fanich&nbsp;de Alemania, con el que perdi\u00f3 2 a 1, por la&nbsp;segunda fecha del Grupo C, y ahora no depende de si mismo para avanzar&hellip;\" \/>\n<meta property=\"og:url\" content=\"https:\/\/diariotextual.com\/inicio\/index.php\/2025\/06\/21\/boca-perdio-con-bayern-munich-y-no-depende-de-si-mismo-para-seguir-en-el-mundial-de-clubes\/\" \/>\n<meta property=\"og:site_name\" content=\"Diario Textual\" \/>\n<meta property=\"article:publisher\" content=\"https:\/\/www.facebook.com\/eltextual\" \/>\n<meta property=\"article:published_time\" content=\"2025-06-21T03:22:41+00:00\" \/>\n<meta property=\"article:modified_time\" content=\"2025-06-21T11:34:14+00:00\" \/>\n<meta property=\"og:image\" content=\"https:\/\/diariotextual.com\/inicio\/wp-content\/uploads\/2025\/06\/bocabayernmundialdeclubes2025-1.jpg\" \/>\n\t<meta property=\"og:image:width\" content=\"1500\" \/>\n\t<meta property=\"og:image:height\" content=\"1000\" \/>\n\t<meta property=\"og:image:type\" content=\"image\/jpeg\" \/>\n<meta name=\"author\" content=\"Diario1 Diario1\" \/>\n<meta name=\"twitter:card\" content=\"summary_large_image\" \/>\n<meta name=\"twitter:creator\" content=\"@eltextual\" \/>\n<meta name=\"twitter:site\" content=\"@eltextual\" \/>\n<meta name=\"twitter:label1\" content=\"Escrito por\" \/>\n\t<meta name=\"twitter:data1\" content=\"Diario1 Diario1\" \/>\n\t<meta name=\"twitter:label2\" content=\"Tiempo de lectura\" \/>\n\t<meta name=\"twitter:data2\" content=\"1 minuto\" \/>\n<script type=\"application\/ld+json\" class=\"yoast-schema-graph\">{\"@context\":\"https:\\\/\\\/schema.org\",\"@graph\":[{\"@type\":\"Article\",\"@id\":\"https:\\\/\\\/diariotextual.com\\\/inicio\\\/index.php\\\/2025\\\/06\\\/21\\\/boca-perdio-con-bayern-munich-y-no-depende-de-si-mismo-para-seguir-en-el-mundial-de-clubes\\\/#article\",\"isPartOf\":{\"@id\":\"https:\\\/\\\/diariotextual.com\\\/inicio\\\/index.php\\\/2025\\\/06\\\/21\\\/boca-perdio-con-bayern-munich-y-no-depende-de-si-mismo-para-seguir-en-el-mundial-de-clubes\\\/\"},\"author\":{\"name\":\"Diario1 Diario1\",\"@id\":\"https:\\\/\\\/diariotextual.com\\\/inicio\\\/#\\\/schema\\\/person\\\/418fc4093c33e86ed41562db3508f958\"},\"headline\":\"Boca perdi\u00f3 con Bayern M\u00fanich y no depende de s\u00ed mismo para seguir en el Mundial de Clubes\",\"datePublished\":\"2025-06-21T03:22:41+00:00\",\"dateModified\":\"2025-06-21T11:34:14+00:00\",\"mainEntityOfPage\":{\"@id\":\"https:\\\/\\\/diariotextual.com\\\/inicio\\\/index.php\\\/2025\\\/06\\\/21\\\/boca-perdio-con-bayern-munich-y-no-depende-de-si-mismo-para-seguir-en-el-mundial-de-clubes\\\/\"},\"wordCount\":314,\"publisher\":{\"@id\":\"https:\\\/\\\/diariotextual.com\\\/inicio\\\/#organization\"},\"image\":{\"@id\":\"https:\\\/\\\/diariotextual.com\\\/inicio\\\/index.php\\\/2025\\\/06\\\/21\\\/boca-perdio-con-bayern-munich-y-no-depende-de-si-mismo-para-seguir-en-el-mundial-de-clubes\\\/#primaryimage\"},\"thumbnailUrl\":\"https:\\\/\\\/diariotextual.com\\\/inicio\\\/wp-content\\\/uploads\\\/2025\\\/06\\\/bocabayernmundialdeclubes2025-1.jpg\",\"articleSection\":[\"A - ES NOTICIA (van abajo)\",\"DEPORTES\"],\"inLanguage\":\"es\"},{\"@type\":\"WebPage\",\"@id\":\"https:\\\/\\\/diariotextual.com\\\/inicio\\\/index.php\\\/2025\\\/06\\\/21\\\/boca-perdio-con-bayern-munich-y-no-depende-de-si-mismo-para-seguir-en-el-mundial-de-clubes\\\/\",\"url\":\"https:\\\/\\\/diariotextual.com\\\/inicio\\\/index.php\\\/2025\\\/06\\\/21\\\/boca-perdio-con-bayern-munich-y-no-depende-de-si-mismo-para-seguir-en-el-mundial-de-clubes\\\/\",\"name\":\"Boca perdi\u00f3 con Bayern M\u00fanich y no depende de s\u00ed mismo para seguir en el Mundial de Clubes - Diario Textual\",\"isPartOf\":{\"@id\":\"https:\\\/\\\/diariotextual.com\\\/inicio\\\/#website\"},\"primaryImageOfPage\":{\"@id\":\"https:\\\/\\\/diariotextual.com\\\/inicio\\\/index.php\\\/2025\\\/06\\\/21\\\/boca-perdio-con-bayern-munich-y-no-depende-de-si-mismo-para-seguir-en-el-mundial-de-clubes\\\/#primaryimage\"},\"image\":{\"@id\":\"https:\\\/\\\/diariotextual.com\\\/inicio\\\/index.php\\\/2025\\\/06\\\/21\\\/boca-perdio-con-bayern-munich-y-no-depende-de-si-mismo-para-seguir-en-el-mundial-de-clubes\\\/#primaryimage\"},\"thumbnailUrl\":\"https:\\\/\\\/diariotextual.com\\\/inicio\\\/wp-content\\\/uploads\\\/2025\\\/06\\\/bocabayernmundialdeclubes2025-1.jpg\",\"datePublished\":\"2025-06-21T03:22:41+00:00\",\"dateModified\":\"2025-06-21T11:34:14+00:00\",\"breadcrumb\":{\"@id\":\"https:\\\/\\\/diariotextual.com\\\/inicio\\\/index.php\\\/2025\\\/06\\\/21\\\/boca-perdio-con-bayern-munich-y-no-depende-de-si-mismo-para-seguir-en-el-mundial-de-clubes\\\/#breadcrumb\"},\"inLanguage\":\"es\",\"potentialAction\":[{\"@type\":\"ReadAction\",\"target\":[\"https:\\\/\\\/diariotextual.com\\\/inicio\\\/index.php\\\/2025\\\/06\\\/21\\\/boca-perdio-con-bayern-munich-y-no-depende-de-si-mismo-para-seguir-en-el-mundial-de-clubes\\\/\"]}]},{\"@type\":\"ImageObject\",\"inLanguage\":\"es\",\"@id\":\"https:\\\/\\\/diariotextual.com\\\/inicio\\\/index.php\\\/2025\\\/06\\\/21\\\/boca-perdio-con-bayern-munich-y-no-depende-de-si-mismo-para-seguir-en-el-mundial-de-clubes\\\/#primaryimage\",\"url\":\"https:\\\/\\\/diariotextual.com\\\/inicio\\\/wp-content\\\/uploads\\\/2025\\\/06\\\/bocabayernmundialdeclubes2025-1.jpg\",\"contentUrl\":\"https:\\\/\\\/diariotextual.com\\\/inicio\\\/wp-content\\\/uploads\\\/2025\\\/06\\\/bocabayernmundialdeclubes2025-1.jpg\",\"width\":1500,\"height\":1000},{\"@type\":\"BreadcrumbList\",\"@id\":\"https:\\\/\\\/diariotextual.com\\\/inicio\\\/index.php\\\/2025\\\/06\\\/21\\\/boca-perdio-con-bayern-munich-y-no-depende-de-si-mismo-para-seguir-en-el-mundial-de-clubes\\\/#breadcrumb\",\"itemListElement\":[{\"@type\":\"ListItem\",\"position\":1,\"name\":\"Portada\",\"item\":\"https:\\\/\\\/diariotextual.com\\\/inicio\\\/\"},{\"@type\":\"ListItem\",\"position\":2,\"name\":\"Boca perdi\u00f3 con Bayern M\u00fanich y no depende de s\u00ed mismo para seguir en el Mundial de Clubes\"}]},{\"@type\":\"WebSite\",\"@id\":\"https:\\\/\\\/diariotextual.com\\\/inicio\\\/#website\",\"url\":\"https:\\\/\\\/diariotextual.com\\\/inicio\\\/\",\"name\":\"Diario Textual\",\"description\":\"\",\"publisher\":{\"@id\":\"https:\\\/\\\/diariotextual.com\\\/inicio\\\/#organization\"},\"potentialAction\":[{\"@type\":\"SearchAction\",\"target\":{\"@type\":\"EntryPoint\",\"urlTemplate\":\"https:\\\/\\\/diariotextual.com\\\/inicio\\\/?s={search_term_string}\"},\"query-input\":{\"@type\":\"PropertyValueSpecification\",\"valueRequired\":true,\"valueName\":\"search_term_string\"}}],\"inLanguage\":\"es\"},{\"@type\":\"Organization\",\"@id\":\"https:\\\/\\\/diariotextual.com\\\/inicio\\\/#organization\",\"name\":\"Diario Textual\",\"url\":\"https:\\\/\\\/diariotextual.com\\\/inicio\\\/\",\"logo\":{\"@type\":\"ImageObject\",\"inLanguage\":\"es\",\"@id\":\"https:\\\/\\\/diariotextual.com\\\/inicio\\\/#\\\/schema\\\/logo\\\/image\\\/\",\"url\":\"https:\\\/\\\/diariotextual.com\\\/inicio\\\/wp-content\\\/uploads\\\/2023\\\/05\\\/logotextual1.jpg\",\"contentUrl\":\"https:\\\/\\\/diariotextual.com\\\/inicio\\\/wp-content\\\/uploads\\\/2023\\\/05\\\/logotextual1.jpg\",\"width\":516,\"height\":76,\"caption\":\"Diario Textual\"},\"image\":{\"@id\":\"https:\\\/\\\/diariotextual.com\\\/inicio\\\/#\\\/schema\\\/logo\\\/image\\\/\"},\"sameAs\":[\"https:\\\/\\\/www.facebook.com\\\/eltextual\",\"https:\\\/\\\/x.com\\\/eltextual\",\"http:\\\/\\\/www.instagram.com\\\/eltextual\"]},{\"@type\":\"Person\",\"@id\":\"https:\\\/\\\/diariotextual.com\\\/inicio\\\/#\\\/schema\\\/person\\\/418fc4093c33e86ed41562db3508f958\",\"name\":\"Diario1 Diario1\",\"image\":{\"@type\":\"ImageObject\",\"inLanguage\":\"es\",\"@id\":\"https:\\\/\\\/secure.gravatar.com\\\/avatar\\\/9167d280179c85bc18be67aa7eda765854300033af4896dd779b608640f2ef7a?s=96&d=mm&r=g\",\"url\":\"https:\\\/\\\/secure.gravatar.com\\\/avatar\\\/9167d280179c85bc18be67aa7eda765854300033af4896dd779b608640f2ef7a?s=96&d=mm&r=g\",\"contentUrl\":\"https:\\\/\\\/secure.gravatar.com\\\/avatar\\\/9167d280179c85bc18be67aa7eda765854300033af4896dd779b608640f2ef7a?s=96&d=mm&r=g\",\"caption\":\"Diario1 Diario1\"},\"url\":\"https:\\\/\\\/diariotextual.com\\\/inicio\\\/index.php\\\/author\\\/diario1\\\/\"}]}<\/script>\n<!-- \/ Yoast SEO plugin. -->","yoast_head_json":{"title":"Boca perdi\u00f3 con Bayern M\u00fanich y no depende de s\u00ed mismo para seguir en el Mundial de Clubes - Diario Textual","robots":{"index":"index","follow":"follow","max-snippet":"max-snippet:-1","max-image-preview":"max-image-preview:large","max-video-preview":"max-video-preview:-1"},"canonical":"https:\/\/diariotextual.com\/inicio\/index.php\/2025\/06\/21\/boca-perdio-con-bayern-munich-y-no-depende-de-si-mismo-para-seguir-en-el-mundial-de-clubes\/","og_locale":"es_ES","og_type":"article","og_title":"Boca perdi\u00f3 con Bayern M\u00fanich y no depende de s\u00ed mismo para seguir en el Mundial de Clubes - Diario Textual","og_description":"Boca no pudo con el Bayern M\u00fanich&nbsp;de Alemania, con el que perdi\u00f3 2 a 1, por la&nbsp;segunda fecha del Grupo C, y ahora no depende de si mismo para avanzar&hellip;","og_url":"https:\/\/diariotextual.com\/inicio\/index.php\/2025\/06\/21\/boca-perdio-con-bayern-munich-y-no-depende-de-si-mismo-para-seguir-en-el-mundial-de-clubes\/","og_site_name":"Diario Textual","article_publisher":"https:\/\/www.facebook.com\/eltextual","article_published_time":"2025-06-21T03:22:41+00:00","article_modified_time":"2025-06-21T11:34:14+00:00","og_image":[{"width":1500,"height":1000,"url":"https:\/\/diariotextual.com\/inicio\/wp-content\/uploads\/2025\/06\/bocabayernmundialdeclubes2025-1.jpg","type":"image\/jpeg"}],"author":"Diario1 Diario1","twitter_card":"summary_large_image","twitter_creator":"@eltextual","twitter_site":"@eltextual","twitter_misc":{"Escrito por":"Diario1 Diario1","Tiempo de lectura":"1 minuto"},"schema":{"@context":"https:\/\/schema.org","@graph":[{"@type":"Article","@id":"https:\/\/diariotextual.com\/inicio\/index.php\/2025\/06\/21\/boca-perdio-con-bayern-munich-y-no-depende-de-si-mismo-para-seguir-en-el-mundial-de-clubes\/#article","isPartOf":{"@id":"https:\/\/diariotextual.com\/inicio\/index.php\/2025\/06\/21\/boca-perdio-con-bayern-munich-y-no-depende-de-si-mismo-para-seguir-en-el-mundial-de-clubes\/"},"author":{"name":"Diario1 Diario1","@id":"https:\/\/diariotextual.com\/inicio\/#\/schema\/person\/418fc4093c33e86ed41562db3508f958"},"headline":"Boca perdi\u00f3 con Bayern M\u00fanich y no depende de s\u00ed mismo para seguir en el Mundial de Clubes","datePublished":"2025-06-21T03:22:41+00:00","dateModified":"2025-06-21T11:34:14+00:00","mainEntityOfPage":{"@id":"https:\/\/diariotextual.com\/inicio\/index.php\/2025\/06\/21\/boca-perdio-con-bayern-munich-y-no-depende-de-si-mismo-para-seguir-en-el-mundial-de-clubes\/"},"wordCount":314,"publisher":{"@id":"https:\/\/diariotextual.com\/inicio\/#organization"},"image":{"@id":"https:\/\/diariotextual.com\/inicio\/index.php\/2025\/06\/21\/boca-perdio-con-bayern-munich-y-no-depende-de-si-mismo-para-seguir-en-el-mundial-de-clubes\/#primaryimage"},"thumbnailUrl":"https:\/\/diariotextual.com\/inicio\/wp-content\/uploads\/2025\/06\/bocabayernmundialdeclubes2025-1.jpg","articleSection":["A - ES NOTICIA (van abajo)","DEPORTES"],"inLanguage":"es"},{"@type":"WebPage","@id":"https:\/\/diariotextual.com\/inicio\/index.php\/2025\/06\/21\/boca-perdio-con-bayern-munich-y-no-depende-de-si-mismo-para-seguir-en-el-mundial-de-clubes\/","url":"https:\/\/diariotextual.com\/inicio\/index.php\/2025\/06\/21\/boca-perdio-con-bayern-munich-y-no-depende-de-si-mismo-para-seguir-en-el-mundial-de-clubes\/","name":"Boca perdi\u00f3 con Bayern M\u00fanich y no depende de s\u00ed mismo para seguir en el Mundial de Clubes - Diario Textual","isPartOf":{"@id":"https:\/\/diariotextual.com\/inicio\/#website"},"primaryImageOfPage":{"@id":"https:\/\/diariotextual.com\/inicio\/index.php\/2025\/06\/21\/boca-perdio-con-bayern-munich-y-no-depende-de-si-mismo-para-seguir-en-el-mundial-de-clubes\/#primaryimage"},"image":{"@id":"https:\/\/diariotextual.com\/inicio\/index.php\/2025\/06\/21\/boca-perdio-con-bayern-munich-y-no-depende-de-si-mismo-para-seguir-en-el-mundial-de-clubes\/#primaryimage"},"thumbnailUrl":"https:\/\/diariotextual.com\/inicio\/wp-content\/uploads\/2025\/06\/bocabayernmundialdeclubes2025-1.jpg","datePublished":"2025-06-21T03:22:41+00:00","dateModified":"2025-06-21T11:34:14+00:00","breadcrumb":{"@id":"https:\/\/diariotextual.com\/inicio\/index.php\/2025\/06\/21\/boca-perdio-con-bayern-munich-y-no-depende-de-si-mismo-para-seguir-en-el-mundial-de-clubes\/#breadcrumb"},"inLanguage":"es","potentialAction":[{"@type":"ReadAction","target":["https:\/\/diariotextual.com\/inicio\/index.php\/2025\/06\/21\/boca-perdio-con-bayern-munich-y-no-depende-de-si-mismo-para-seguir-en-el-mundial-de-clubes\/"]}]},{"@type":"ImageObject","inLanguage":"es","@id":"https:\/\/diariotextual.com\/inicio\/index.php\/2025\/06\/21\/boca-perdio-con-bayern-munich-y-no-depende-de-si-mismo-para-seguir-en-el-mundial-de-clubes\/#primaryimage","url":"https:\/\/diariotextual.com\/inicio\/wp-content\/uploads\/2025\/06\/bocabayernmundialdeclubes2025-1.jpg","contentUrl":"https:\/\/diariotextual.com\/inicio\/wp-content\/uploads\/2025\/06\/bocabayernmundialdeclubes2025-1.jpg","width":1500,"height":1000},{"@type":"BreadcrumbList","@id":"https:\/\/diariotextual.com\/inicio\/index.php\/2025\/06\/21\/boca-perdio-con-bayern-munich-y-no-depende-de-si-mismo-para-seguir-en-el-mundial-de-clubes\/#breadcrumb","itemListElement":[{"@type":"ListItem","position":1,"name":"Portada","item":"https:\/\/diariotextual.com\/inicio\/"},{"@type":"ListItem","position":2,"name":"Boca perdi\u00f3 con Bayern M\u00fanich y no depende de s\u00ed mismo para seguir en el Mundial de Clubes"}]},{"@type":"WebSite","@id":"https:\/\/diariotextual.com\/inicio\/#website","url":"https:\/\/diariotextual.com\/inicio\/","name":"Diario Textual","description":"","publisher":{"@id":"https:\/\/diariotextual.com\/inicio\/#organization"},"potentialAction":[{"@type":"SearchAction","target":{"@type":"EntryPoint","urlTemplate":"https:\/\/diariotextual.com\/inicio\/?s={search_term_string}"},"query-input":{"@type":"PropertyValueSpecification","valueRequired":true,"valueName":"search_term_string"}}],"inLanguage":"es"},{"@type":"Organization","@id":"https:\/\/diariotextual.com\/inicio\/#organization","name":"Diario Textual","url":"https:\/\/diariotextual.com\/inicio\/","logo":{"@type":"ImageObject","inLanguage":"es","@id":"https:\/\/diariotextual.com\/inicio\/#\/schema\/logo\/image\/","url":"https:\/\/diariotextual.com\/inicio\/wp-content\/uploads\/2023\/05\/logotextual1.jpg","contentUrl":"https:\/\/diariotextual.com\/inicio\/wp-content\/uploads\/2023\/05\/logotextual1.jpg","width":516,"height":76,"caption":"Diario Textual"},"image":{"@id":"https:\/\/diariotextual.com\/inicio\/#\/schema\/logo\/image\/"},"sameAs":["https:\/\/www.facebook.com\/eltextual","https:\/\/x.com\/eltextual","http:\/\/www.instagram.com\/eltextual"]},{"@type":"Person","@id":"https:\/\/diariotextual.com\/inicio\/#\/schema\/person\/418fc4093c33e86ed41562db3508f958","name":"Diario1 Diario1","image":{"@type":"ImageObject","inLanguage":"es","@id":"https:\/\/secure.gravatar.com\/avatar\/9167d280179c85bc18be67aa7eda765854300033af4896dd779b608640f2ef7a?s=96&d=mm&r=g","url":"https:\/\/secure.gravatar.com\/avatar\/9167d280179c85bc18be67aa7eda765854300033af4896dd779b608640f2ef7a?s=96&d=mm&r=g","contentUrl":"https:\/\/secure.gravatar.com\/avatar\/9167d280179c85bc18be67aa7eda765854300033af4896dd779b608640f2ef7a?s=96&d=mm&r=g","caption":"Diario1 Diario1"},"url":"https:\/\/diariotextual.com\/inicio\/index.php\/author\/diario1\/"}]}},"_links":{"self":[{"href":"https:\/\/diariotextual.com\/inicio\/index.php\/wp-json\/wp\/v2\/posts\/299354","targetHints":{"allow":["GET"]}}],"collection":[{"href":"https:\/\/diariotextual.com\/inicio\/index.php\/wp-json\/wp\/v2\/posts"}],"about":[{"href":"https:\/\/diariotextual.com\/inicio\/index.php\/wp-json\/wp\/v2\/types\/post"}],"author":[{"embeddable":true,"href":"https:\/\/diariotextual.com\/inicio\/index.php\/wp-json\/wp\/v2\/users\/3"}],"replies":[{"embeddable":true,"href":"https:\/\/diariotextual.com\/inicio\/index.php\/wp-json\/wp\/v2\/comments?post=299354"}],"version-history":[{"count":3,"href":"https:\/\/diariotextual.com\/inicio\/index.php\/wp-json\/wp\/v2\/posts\/299354\/revisions"}],"predecessor-version":[{"id":299357,"href":"https:\/\/diariotextual.com\/inicio\/index.php\/wp-json\/wp\/v2\/posts\/299354\/revisions\/299357"}],"wp:featuredmedia":[{"embeddable":true,"href":"https:\/\/diariotextual.com\/inicio\/index.php\/wp-json\/wp\/v2\/media\/299358"}],"wp:attachment":[{"href":"https:\/\/diariotextual.com\/inicio\/index.php\/wp-json\/wp\/v2\/media?parent=299354"}],"wp:term":[{"taxonomy":"category","embeddable":true,"href":"https:\/\/diariotextual.com\/inicio\/index.php\/wp-json\/wp\/v2\/categories?post=299354"},{"taxonomy":"post_tag","embeddable":true,"href":"https:\/\/diariotextual.com\/inicio\/index.php\/wp-json\/wp\/v2\/tags?post=299354"}],"curies":[{"name":"wp","href":"https:\/\/api.w.org\/{rel}","templated":true}]}}