{"id":299668,"date":"2025-06-24T19:52:51","date_gmt":"2025-06-24T22:52:51","guid":{"rendered":"https:\/\/diariotextual.com\/inicio\/?p=299668"},"modified":"2025-06-24T22:47:52","modified_gmt":"2025-06-25T01:47:52","slug":"el-banco-nacion-anuncio-el-cierre-de-60-sucursales-otra-vez-la-pampa-afectada","status":"publish","type":"post","link":"https:\/\/diariotextual.com\/inicio\/index.php\/2025\/06\/24\/el-banco-nacion-anuncio-el-cierre-de-60-sucursales-otra-vez-la-pampa-afectada\/","title":{"rendered":"El Banco Naci\u00f3n anunci\u00f3 el cierre de 60 sucursales: \u00bfotra vez La Pampa afectada?"},"content":{"rendered":"\n<p>El <strong>Banco Naci\u00f3n <\/strong>avanz\u00f3 con un <strong>fuerte plan de ajuste estructural que incluye el cierre de 60 oficinas f\u00edsicas, entre sucursales y centros de atenci\u00f3n pymes, en todo el pa\u00eds<\/strong>, en l\u00ednea con el enfoque de recorte del gasto p\u00fablico impulsado por el gobierno de<strong> Javier Milei.<\/strong> La entidad estima que la medida generar\u00e1 un ahorro superior a los $1.000 millones a partir de una serie de acciones de \u201creordenamiento\u201d operativo.<\/p>\n\n\n\n<p>No se comunic\u00f3 a\u00fan d\u00f3nde se har\u00e1n esos recortes. Hay expectativas sobre lo que puede pasar en La Pampa: en 2024, hubo amenazas de cierres de sucursales y, de hecho, se cerr\u00f3 la Gerencia Zonal de La Pampa, para resistir el incremento de ingresos brutos que por cuatro meses hab\u00eda implementado el Gobierno pampeano con el fin de solventar la ayuda a sectores vulnerables. <strong>Ra\u00fal Iba\u00f1ez<\/strong>, de la Bancaria, confirm\u00f3 que no saben si habr\u00e1 oficinas pampeanas afectadas. <strong>\u201cNo tenemos esa informaci\u00f3n; solo un comunicado del banco que no especifica sucursales cerradas\u201d<\/strong>, dijo a Diario Textual.<\/p>\n\n\n\n<p><strong>La Gerencia Zonal de La Pampa del Banco Naci\u00f3n<\/strong> permanece cerrada desde septiembre de 2024.  En su momento,\u00a0<strong>el cierre se anunci\u00f3 para rechazar la decisi\u00f3n del Gobierno provincial de subir ingresos brutos a los bancos<\/strong>.\u00a0<strong>Finalmente, con esa medida se dio marcha atr\u00e1s, pero la gerencia sigue cerrada y genera inconvenientes a los clientes de la provincia<\/strong>: por ejemplo,\u00a0<strong>para operar en descubierto, tienen que pedir autorizaci\u00f3n a la Gerencia Zonal de San Luis, de donde dependen ahora las 14 sucursales.<\/strong><\/p>\n\n\n\n<p>Por lo pronto, el Naci\u00f3n confirm\u00f3 m\u00e1s ajuste. \u201cEn el marco de su transformaci\u00f3n, el Banco Naci\u00f3n avanz\u00f3 en una serie de medidas que permitieron un reordenamiento de su funcionamiento, con mayor eficiencia y un importante ahorro\u201d, se\u00f1al\u00f3 la instituci\u00f3n mediante un comunicado oficial. Entre los ejes centrales de esta transformaci\u00f3n se destacan la fusi\u00f3n de estructuras, la reasignaci\u00f3n de recursos y el fortalecimiento de su presencia estrat\u00e9gica.<\/p>\n\n\n\n<p>Uno de los principales ejes del proceso es la disminuci\u00f3n de la cantidad de puntos de atenci\u00f3n al p\u00fablico. Seg\u00fan cifras oficiales, en diciembre de 2024 el BNA contaba con 769 unidades distribuidas en todo el pa\u00eds. El objetivo trazado es&nbsp;<strong>reducir esa cifra a 709<\/strong>, un nivel similar al registrado en 2015. De esa forma, el Naci\u00f3n tendr\u00e1 60 oficinas f\u00edsicas menos, entre sucursales, centros de atenci\u00f3n pyme y anexos operativos.<\/p>\n\n\n\n<p>Esta reducci\u00f3n se lograr\u00e1 \u201ca partir de la fusi\u00f3n de sucursales, el cierre de unidades superpuestas y la reasignaci\u00f3n de recursos humanos\u201d. Desde el banco estiman que el recorte en la red de atenci\u00f3n permitir\u00e1 un&nbsp;<strong>ahorro mensual cercano a los $139 millones<\/strong>. Si se proyecta esa cifra para el segundo semestre del a\u00f1o, el monto acumulado rondar\u00eda los<strong>&nbsp;$837 millones<\/strong>. La reducci\u00f3n de puntos de atenci\u00f3n se logr\u00f3 a partir de la fusi\u00f3n de sucursales, el cierre de unidades superpuestas y la reasignaci\u00f3n de recursos humanos.<\/p>\n\n\n\n<p><\/p>\n","protected":false},"excerpt":{"rendered":"<p>El Banco Naci\u00f3n avanz\u00f3 con un fuerte plan de ajuste estructural que incluye el cierre de 60 oficinas f\u00edsicas, entre sucursales y centros de atenci\u00f3n pymes, en todo el pa\u00eds,&hellip;<\/p>\n","protected":false},"author":3,"featured_media":277085,"comment_status":"closed","ping_status":"open","sticky":false,"template":"","format":"standard","meta":{"_acf_changed":false,"footnotes":""},"categories":[4,8],"tags":[],"class_list":["post-299668","post","type-post","status-publish","format-standard","has-post-thumbnail","hentry","category-destacadas","category-politica"],"acf":[],"yoast_head":"<!-- This site is optimized with the Yoast SEO plugin v27.4 - https:\/\/yoast.com\/product\/yoast-seo-wordpress\/ -->\n<title>El Banco Naci\u00f3n anunci\u00f3 el cierre de 60 sucursales: \u00bfotra vez La Pampa afectada? - Diario Textual<\/title>\n<meta name=\"robots\" content=\"index, follow, max-snippet:-1, max-image-preview:large, max-video-preview:-1\" \/>\n<link rel=\"canonical\" href=\"https:\/\/diariotextual.com\/inicio\/index.php\/2025\/06\/24\/el-banco-nacion-anuncio-el-cierre-de-60-sucursales-otra-vez-la-pampa-afectada\/\" \/>\n<meta property=\"og:locale\" content=\"es_ES\" \/>\n<meta property=\"og:type\" content=\"article\" \/>\n<meta property=\"og:title\" content=\"El Banco Naci\u00f3n anunci\u00f3 el cierre de 60 sucursales: \u00bfotra vez La Pampa afectada? - Diario Textual\" \/>\n<meta property=\"og:description\" content=\"El Banco Naci\u00f3n avanz\u00f3 con un fuerte plan de ajuste estructural que incluye el cierre de 60 oficinas f\u00edsicas, entre sucursales y centros de atenci\u00f3n pymes, en todo el pa\u00eds,&hellip;\" \/>\n<meta property=\"og:url\" content=\"https:\/\/diariotextual.com\/inicio\/index.php\/2025\/06\/24\/el-banco-nacion-anuncio-el-cierre-de-60-sucursales-otra-vez-la-pampa-afectada\/\" \/>\n<meta property=\"og:site_name\" content=\"Diario Textual\" \/>\n<meta property=\"article:publisher\" content=\"https:\/\/www.facebook.com\/eltextual\" \/>\n<meta property=\"article:published_time\" content=\"2025-06-24T22:52:51+00:00\" \/>\n<meta property=\"article:modified_time\" content=\"2025-06-25T01:47:52+00:00\" \/>\n<meta property=\"og:image\" content=\"https:\/\/diariotextual.com\/inicio\/wp-content\/uploads\/2024\/10\/banconacionamanifestacionabrazogeneralacha4octubre2024-2.jpg\" \/>\n\t<meta property=\"og:image:width\" content=\"1561\" \/>\n\t<meta property=\"og:image:height\" content=\"842\" \/>\n\t<meta property=\"og:image:type\" content=\"image\/jpeg\" \/>\n<meta name=\"author\" content=\"Diario1 Diario1\" \/>\n<meta name=\"twitter:card\" content=\"summary_large_image\" \/>\n<meta name=\"twitter:creator\" content=\"@eltextual\" \/>\n<meta name=\"twitter:site\" content=\"@eltextual\" \/>\n<meta name=\"twitter:label1\" content=\"Escrito por\" \/>\n\t<meta name=\"twitter:data1\" content=\"Diario1 Diario1\" \/>\n\t<meta name=\"twitter:label2\" content=\"Tiempo de lectura\" \/>\n\t<meta name=\"twitter:data2\" content=\"3 minutos\" \/>\n<script type=\"application\/ld+json\" class=\"yoast-schema-graph\">{\"@context\":\"https:\\\/\\\/schema.org\",\"@graph\":[{\"@type\":\"Article\",\"@id\":\"https:\\\/\\\/diariotextual.com\\\/inicio\\\/index.php\\\/2025\\\/06\\\/24\\\/el-banco-nacion-anuncio-el-cierre-de-60-sucursales-otra-vez-la-pampa-afectada\\\/#article\",\"isPartOf\":{\"@id\":\"https:\\\/\\\/diariotextual.com\\\/inicio\\\/index.php\\\/2025\\\/06\\\/24\\\/el-banco-nacion-anuncio-el-cierre-de-60-sucursales-otra-vez-la-pampa-afectada\\\/\"},\"author\":{\"name\":\"Diario1 Diario1\",\"@id\":\"https:\\\/\\\/diariotextual.com\\\/inicio\\\/#\\\/schema\\\/person\\\/418fc4093c33e86ed41562db3508f958\"},\"headline\":\"El Banco Naci\u00f3n anunci\u00f3 el cierre de 60 sucursales: \u00bfotra vez La Pampa afectada?\",\"datePublished\":\"2025-06-24T22:52:51+00:00\",\"dateModified\":\"2025-06-25T01:47:52+00:00\",\"mainEntityOfPage\":{\"@id\":\"https:\\\/\\\/diariotextual.com\\\/inicio\\\/index.php\\\/2025\\\/06\\\/24\\\/el-banco-nacion-anuncio-el-cierre-de-60-sucursales-otra-vez-la-pampa-afectada\\\/\"},\"wordCount\":526,\"publisher\":{\"@id\":\"https:\\\/\\\/diariotextual.com\\\/inicio\\\/#organization\"},\"image\":{\"@id\":\"https:\\\/\\\/diariotextual.com\\\/inicio\\\/index.php\\\/2025\\\/06\\\/24\\\/el-banco-nacion-anuncio-el-cierre-de-60-sucursales-otra-vez-la-pampa-afectada\\\/#primaryimage\"},\"thumbnailUrl\":\"https:\\\/\\\/diariotextual.com\\\/inicio\\\/wp-content\\\/uploads\\\/2024\\\/10\\\/banconacionamanifestacionabrazogeneralacha4octubre2024-2.jpg\",\"articleSection\":[\"A - DESTACADAS (mod 16)\",\"POLITICA\"],\"inLanguage\":\"es\"},{\"@type\":\"WebPage\",\"@id\":\"https:\\\/\\\/diariotextual.com\\\/inicio\\\/index.php\\\/2025\\\/06\\\/24\\\/el-banco-nacion-anuncio-el-cierre-de-60-sucursales-otra-vez-la-pampa-afectada\\\/\",\"url\":\"https:\\\/\\\/diariotextual.com\\\/inicio\\\/index.php\\\/2025\\\/06\\\/24\\\/el-banco-nacion-anuncio-el-cierre-de-60-sucursales-otra-vez-la-pampa-afectada\\\/\",\"name\":\"El Banco Naci\u00f3n anunci\u00f3 el cierre de 60 sucursales: \u00bfotra vez La Pampa afectada? - Diario Textual\",\"isPartOf\":{\"@id\":\"https:\\\/\\\/diariotextual.com\\\/inicio\\\/#website\"},\"primaryImageOfPage\":{\"@id\":\"https:\\\/\\\/diariotextual.com\\\/inicio\\\/index.php\\\/2025\\\/06\\\/24\\\/el-banco-nacion-anuncio-el-cierre-de-60-sucursales-otra-vez-la-pampa-afectada\\\/#primaryimage\"},\"image\":{\"@id\":\"https:\\\/\\\/diariotextual.com\\\/inicio\\\/index.php\\\/2025\\\/06\\\/24\\\/el-banco-nacion-anuncio-el-cierre-de-60-sucursales-otra-vez-la-pampa-afectada\\\/#primaryimage\"},\"thumbnailUrl\":\"https:\\\/\\\/diariotextual.com\\\/inicio\\\/wp-content\\\/uploads\\\/2024\\\/10\\\/banconacionamanifestacionabrazogeneralacha4octubre2024-2.jpg\",\"datePublished\":\"2025-06-24T22:52:51+00:00\",\"dateModified\":\"2025-06-25T01:47:52+00:00\",\"breadcrumb\":{\"@id\":\"https:\\\/\\\/diariotextual.com\\\/inicio\\\/index.php\\\/2025\\\/06\\\/24\\\/el-banco-nacion-anuncio-el-cierre-de-60-sucursales-otra-vez-la-pampa-afectada\\\/#breadcrumb\"},\"inLanguage\":\"es\",\"potentialAction\":[{\"@type\":\"ReadAction\",\"target\":[\"https:\\\/\\\/diariotextual.com\\\/inicio\\\/index.php\\\/2025\\\/06\\\/24\\\/el-banco-nacion-anuncio-el-cierre-de-60-sucursales-otra-vez-la-pampa-afectada\\\/\"]}]},{\"@type\":\"ImageObject\",\"inLanguage\":\"es\",\"@id\":\"https:\\\/\\\/diariotextual.com\\\/inicio\\\/index.php\\\/2025\\\/06\\\/24\\\/el-banco-nacion-anuncio-el-cierre-de-60-sucursales-otra-vez-la-pampa-afectada\\\/#primaryimage\",\"url\":\"https:\\\/\\\/diariotextual.com\\\/inicio\\\/wp-content\\\/uploads\\\/2024\\\/10\\\/banconacionamanifestacionabrazogeneralacha4octubre2024-2.jpg\",\"contentUrl\":\"https:\\\/\\\/diariotextual.com\\\/inicio\\\/wp-content\\\/uploads\\\/2024\\\/10\\\/banconacionamanifestacionabrazogeneralacha4octubre2024-2.jpg\",\"width\":1561,\"height\":842},{\"@type\":\"BreadcrumbList\",\"@id\":\"https:\\\/\\\/diariotextual.com\\\/inicio\\\/index.php\\\/2025\\\/06\\\/24\\\/el-banco-nacion-anuncio-el-cierre-de-60-sucursales-otra-vez-la-pampa-afectada\\\/#breadcrumb\",\"itemListElement\":[{\"@type\":\"ListItem\",\"position\":1,\"name\":\"Portada\",\"item\":\"https:\\\/\\\/diariotextual.com\\\/inicio\\\/\"},{\"@type\":\"ListItem\",\"position\":2,\"name\":\"El Banco Naci\u00f3n anunci\u00f3 el cierre de 60 sucursales: \u00bfotra vez La Pampa afectada?\"}]},{\"@type\":\"WebSite\",\"@id\":\"https:\\\/\\\/diariotextual.com\\\/inicio\\\/#website\",\"url\":\"https:\\\/\\\/diariotextual.com\\\/inicio\\\/\",\"name\":\"Diario Textual\",\"description\":\"\",\"publisher\":{\"@id\":\"https:\\\/\\\/diariotextual.com\\\/inicio\\\/#organization\"},\"potentialAction\":[{\"@type\":\"SearchAction\",\"target\":{\"@type\":\"EntryPoint\",\"urlTemplate\":\"https:\\\/\\\/diariotextual.com\\\/inicio\\\/?s={search_term_string}\"},\"query-input\":{\"@type\":\"PropertyValueSpecification\",\"valueRequired\":true,\"valueName\":\"search_term_string\"}}],\"inLanguage\":\"es\"},{\"@type\":\"Organization\",\"@id\":\"https:\\\/\\\/diariotextual.com\\\/inicio\\\/#organization\",\"name\":\"Diario Textual\",\"url\":\"https:\\\/\\\/diariotextual.com\\\/inicio\\\/\",\"logo\":{\"@type\":\"ImageObject\",\"inLanguage\":\"es\",\"@id\":\"https:\\\/\\\/diariotextual.com\\\/inicio\\\/#\\\/schema\\\/logo\\\/image\\\/\",\"url\":\"https:\\\/\\\/diariotextual.com\\\/inicio\\\/wp-content\\\/uploads\\\/2023\\\/05\\\/logotextual1.jpg\",\"contentUrl\":\"https:\\\/\\\/diariotextual.com\\\/inicio\\\/wp-content\\\/uploads\\\/2023\\\/05\\\/logotextual1.jpg\",\"width\":516,\"height\":76,\"caption\":\"Diario Textual\"},\"image\":{\"@id\":\"https:\\\/\\\/diariotextual.com\\\/inicio\\\/#\\\/schema\\\/logo\\\/image\\\/\"},\"sameAs\":[\"https:\\\/\\\/www.facebook.com\\\/eltextual\",\"https:\\\/\\\/x.com\\\/eltextual\",\"http:\\\/\\\/www.instagram.com\\\/eltextual\"]},{\"@type\":\"Person\",\"@id\":\"https:\\\/\\\/diariotextual.com\\\/inicio\\\/#\\\/schema\\\/person\\\/418fc4093c33e86ed41562db3508f958\",\"name\":\"Diario1 Diario1\",\"image\":{\"@type\":\"ImageObject\",\"inLanguage\":\"es\",\"@id\":\"https:\\\/\\\/secure.gravatar.com\\\/avatar\\\/9167d280179c85bc18be67aa7eda765854300033af4896dd779b608640f2ef7a?s=96&d=mm&r=g\",\"url\":\"https:\\\/\\\/secure.gravatar.com\\\/avatar\\\/9167d280179c85bc18be67aa7eda765854300033af4896dd779b608640f2ef7a?s=96&d=mm&r=g\",\"contentUrl\":\"https:\\\/\\\/secure.gravatar.com\\\/avatar\\\/9167d280179c85bc18be67aa7eda765854300033af4896dd779b608640f2ef7a?s=96&d=mm&r=g\",\"caption\":\"Diario1 Diario1\"},\"url\":\"https:\\\/\\\/diariotextual.com\\\/inicio\\\/index.php\\\/author\\\/diario1\\\/\"}]}<\/script>\n<!-- \/ Yoast SEO plugin. -->","yoast_head_json":{"title":"El Banco Naci\u00f3n anunci\u00f3 el cierre de 60 sucursales: \u00bfotra vez La Pampa afectada? - Diario Textual","robots":{"index":"index","follow":"follow","max-snippet":"max-snippet:-1","max-image-preview":"max-image-preview:large","max-video-preview":"max-video-preview:-1"},"canonical":"https:\/\/diariotextual.com\/inicio\/index.php\/2025\/06\/24\/el-banco-nacion-anuncio-el-cierre-de-60-sucursales-otra-vez-la-pampa-afectada\/","og_locale":"es_ES","og_type":"article","og_title":"El Banco Naci\u00f3n anunci\u00f3 el cierre de 60 sucursales: \u00bfotra vez La Pampa afectada? - Diario Textual","og_description":"El Banco Naci\u00f3n avanz\u00f3 con un fuerte plan de ajuste estructural que incluye el cierre de 60 oficinas f\u00edsicas, entre sucursales y centros de atenci\u00f3n pymes, en todo el pa\u00eds,&hellip;","og_url":"https:\/\/diariotextual.com\/inicio\/index.php\/2025\/06\/24\/el-banco-nacion-anuncio-el-cierre-de-60-sucursales-otra-vez-la-pampa-afectada\/","og_site_name":"Diario Textual","article_publisher":"https:\/\/www.facebook.com\/eltextual","article_published_time":"2025-06-24T22:52:51+00:00","article_modified_time":"2025-06-25T01:47:52+00:00","og_image":[{"width":1561,"height":842,"url":"https:\/\/diariotextual.com\/inicio\/wp-content\/uploads\/2024\/10\/banconacionamanifestacionabrazogeneralacha4octubre2024-2.jpg","type":"image\/jpeg"}],"author":"Diario1 Diario1","twitter_card":"summary_large_image","twitter_creator":"@eltextual","twitter_site":"@eltextual","twitter_misc":{"Escrito por":"Diario1 Diario1","Tiempo de lectura":"3 minutos"},"schema":{"@context":"https:\/\/schema.org","@graph":[{"@type":"Article","@id":"https:\/\/diariotextual.com\/inicio\/index.php\/2025\/06\/24\/el-banco-nacion-anuncio-el-cierre-de-60-sucursales-otra-vez-la-pampa-afectada\/#article","isPartOf":{"@id":"https:\/\/diariotextual.com\/inicio\/index.php\/2025\/06\/24\/el-banco-nacion-anuncio-el-cierre-de-60-sucursales-otra-vez-la-pampa-afectada\/"},"author":{"name":"Diario1 Diario1","@id":"https:\/\/diariotextual.com\/inicio\/#\/schema\/person\/418fc4093c33e86ed41562db3508f958"},"headline":"El Banco Naci\u00f3n anunci\u00f3 el cierre de 60 sucursales: \u00bfotra vez La Pampa afectada?","datePublished":"2025-06-24T22:52:51+00:00","dateModified":"2025-06-25T01:47:52+00:00","mainEntityOfPage":{"@id":"https:\/\/diariotextual.com\/inicio\/index.php\/2025\/06\/24\/el-banco-nacion-anuncio-el-cierre-de-60-sucursales-otra-vez-la-pampa-afectada\/"},"wordCount":526,"publisher":{"@id":"https:\/\/diariotextual.com\/inicio\/#organization"},"image":{"@id":"https:\/\/diariotextual.com\/inicio\/index.php\/2025\/06\/24\/el-banco-nacion-anuncio-el-cierre-de-60-sucursales-otra-vez-la-pampa-afectada\/#primaryimage"},"thumbnailUrl":"https:\/\/diariotextual.com\/inicio\/wp-content\/uploads\/2024\/10\/banconacionamanifestacionabrazogeneralacha4octubre2024-2.jpg","articleSection":["A - DESTACADAS (mod 16)","POLITICA"],"inLanguage":"es"},{"@type":"WebPage","@id":"https:\/\/diariotextual.com\/inicio\/index.php\/2025\/06\/24\/el-banco-nacion-anuncio-el-cierre-de-60-sucursales-otra-vez-la-pampa-afectada\/","url":"https:\/\/diariotextual.com\/inicio\/index.php\/2025\/06\/24\/el-banco-nacion-anuncio-el-cierre-de-60-sucursales-otra-vez-la-pampa-afectada\/","name":"El Banco Naci\u00f3n anunci\u00f3 el cierre de 60 sucursales: \u00bfotra vez La Pampa afectada? - Diario Textual","isPartOf":{"@id":"https:\/\/diariotextual.com\/inicio\/#website"},"primaryImageOfPage":{"@id":"https:\/\/diariotextual.com\/inicio\/index.php\/2025\/06\/24\/el-banco-nacion-anuncio-el-cierre-de-60-sucursales-otra-vez-la-pampa-afectada\/#primaryimage"},"image":{"@id":"https:\/\/diariotextual.com\/inicio\/index.php\/2025\/06\/24\/el-banco-nacion-anuncio-el-cierre-de-60-sucursales-otra-vez-la-pampa-afectada\/#primaryimage"},"thumbnailUrl":"https:\/\/diariotextual.com\/inicio\/wp-content\/uploads\/2024\/10\/banconacionamanifestacionabrazogeneralacha4octubre2024-2.jpg","datePublished":"2025-06-24T22:52:51+00:00","dateModified":"2025-06-25T01:47:52+00:00","breadcrumb":{"@id":"https:\/\/diariotextual.com\/inicio\/index.php\/2025\/06\/24\/el-banco-nacion-anuncio-el-cierre-de-60-sucursales-otra-vez-la-pampa-afectada\/#breadcrumb"},"inLanguage":"es","potentialAction":[{"@type":"ReadAction","target":["https:\/\/diariotextual.com\/inicio\/index.php\/2025\/06\/24\/el-banco-nacion-anuncio-el-cierre-de-60-sucursales-otra-vez-la-pampa-afectada\/"]}]},{"@type":"ImageObject","inLanguage":"es","@id":"https:\/\/diariotextual.com\/inicio\/index.php\/2025\/06\/24\/el-banco-nacion-anuncio-el-cierre-de-60-sucursales-otra-vez-la-pampa-afectada\/#primaryimage","url":"https:\/\/diariotextual.com\/inicio\/wp-content\/uploads\/2024\/10\/banconacionamanifestacionabrazogeneralacha4octubre2024-2.jpg","contentUrl":"https:\/\/diariotextual.com\/inicio\/wp-content\/uploads\/2024\/10\/banconacionamanifestacionabrazogeneralacha4octubre2024-2.jpg","width":1561,"height":842},{"@type":"BreadcrumbList","@id":"https:\/\/diariotextual.com\/inicio\/index.php\/2025\/06\/24\/el-banco-nacion-anuncio-el-cierre-de-60-sucursales-otra-vez-la-pampa-afectada\/#breadcrumb","itemListElement":[{"@type":"ListItem","position":1,"name":"Portada","item":"https:\/\/diariotextual.com\/inicio\/"},{"@type":"ListItem","position":2,"name":"El Banco Naci\u00f3n anunci\u00f3 el cierre de 60 sucursales: \u00bfotra vez La Pampa afectada?"}]},{"@type":"WebSite","@id":"https:\/\/diariotextual.com\/inicio\/#website","url":"https:\/\/diariotextual.com\/inicio\/","name":"Diario Textual","description":"","publisher":{"@id":"https:\/\/diariotextual.com\/inicio\/#organization"},"potentialAction":[{"@type":"SearchAction","target":{"@type":"EntryPoint","urlTemplate":"https:\/\/diariotextual.com\/inicio\/?s={search_term_string}"},"query-input":{"@type":"PropertyValueSpecification","valueRequired":true,"valueName":"search_term_string"}}],"inLanguage":"es"},{"@type":"Organization","@id":"https:\/\/diariotextual.com\/inicio\/#organization","name":"Diario Textual","url":"https:\/\/diariotextual.com\/inicio\/","logo":{"@type":"ImageObject","inLanguage":"es","@id":"https:\/\/diariotextual.com\/inicio\/#\/schema\/logo\/image\/","url":"https:\/\/diariotextual.com\/inicio\/wp-content\/uploads\/2023\/05\/logotextual1.jpg","contentUrl":"https:\/\/diariotextual.com\/inicio\/wp-content\/uploads\/2023\/05\/logotextual1.jpg","width":516,"height":76,"caption":"Diario Textual"},"image":{"@id":"https:\/\/diariotextual.com\/inicio\/#\/schema\/logo\/image\/"},"sameAs":["https:\/\/www.facebook.com\/eltextual","https:\/\/x.com\/eltextual","http:\/\/www.instagram.com\/eltextual"]},{"@type":"Person","@id":"https:\/\/diariotextual.com\/inicio\/#\/schema\/person\/418fc4093c33e86ed41562db3508f958","name":"Diario1 Diario1","image":{"@type":"ImageObject","inLanguage":"es","@id":"https:\/\/secure.gravatar.com\/avatar\/9167d280179c85bc18be67aa7eda765854300033af4896dd779b608640f2ef7a?s=96&d=mm&r=g","url":"https:\/\/secure.gravatar.com\/avatar\/9167d280179c85bc18be67aa7eda765854300033af4896dd779b608640f2ef7a?s=96&d=mm&r=g","contentUrl":"https:\/\/secure.gravatar.com\/avatar\/9167d280179c85bc18be67aa7eda765854300033af4896dd779b608640f2ef7a?s=96&d=mm&r=g","caption":"Diario1 Diario1"},"url":"https:\/\/diariotextual.com\/inicio\/index.php\/author\/diario1\/"}]}},"_links":{"self":[{"href":"https:\/\/diariotextual.com\/inicio\/index.php\/wp-json\/wp\/v2\/posts\/299668","targetHints":{"allow":["GET"]}}],"collection":[{"href":"https:\/\/diariotextual.com\/inicio\/index.php\/wp-json\/wp\/v2\/posts"}],"about":[{"href":"https:\/\/diariotextual.com\/inicio\/index.php\/wp-json\/wp\/v2\/types\/post"}],"author":[{"embeddable":true,"href":"https:\/\/diariotextual.com\/inicio\/index.php\/wp-json\/wp\/v2\/users\/3"}],"replies":[{"embeddable":true,"href":"https:\/\/diariotextual.com\/inicio\/index.php\/wp-json\/wp\/v2\/comments?post=299668"}],"version-history":[{"count":2,"href":"https:\/\/diariotextual.com\/inicio\/index.php\/wp-json\/wp\/v2\/posts\/299668\/revisions"}],"predecessor-version":[{"id":299671,"href":"https:\/\/diariotextual.com\/inicio\/index.php\/wp-json\/wp\/v2\/posts\/299668\/revisions\/299671"}],"wp:featuredmedia":[{"embeddable":true,"href":"https:\/\/diariotextual.com\/inicio\/index.php\/wp-json\/wp\/v2\/media\/277085"}],"wp:attachment":[{"href":"https:\/\/diariotextual.com\/inicio\/index.php\/wp-json\/wp\/v2\/media?parent=299668"}],"wp:term":[{"taxonomy":"category","embeddable":true,"href":"https:\/\/diariotextual.com\/inicio\/index.php\/wp-json\/wp\/v2\/categories?post=299668"},{"taxonomy":"post_tag","embeddable":true,"href":"https:\/\/diariotextual.com\/inicio\/index.php\/wp-json\/wp\/v2\/tags?post=299668"}],"curies":[{"name":"wp","href":"https:\/\/api.w.org\/{rel}","templated":true}]}}