{"id":300107,"date":"2025-06-28T12:45:19","date_gmt":"2025-06-28T15:45:19","guid":{"rendered":"https:\/\/diariotextual.com\/inicio\/?p=300107"},"modified":"2025-06-28T18:03:21","modified_gmt":"2025-06-28T21:03:21","slug":"colapinto-largara-14-en-el-gp-de-austria-de-formula-1","status":"publish","type":"post","link":"https:\/\/diariotextual.com\/inicio\/index.php\/2025\/06\/28\/colapinto-largara-14-en-el-gp-de-austria-de-formula-1\/","title":{"rendered":"Colapinto largar\u00e1 14\u00b0 en el GP de Austria de F\u00f3rmula 1"},"content":{"rendered":"\n<p>El piloto argentino Franco Colapinto qued\u00f3 eliminado en la Q2 de la clasificaci\u00f3n del Gran Premio de Austria y largar\u00e1 14\u00b0 en la carrera de este domingo. La pole fue para Lando Norris (McLaren).<\/p>\n\n\n\n<p>El argentino que corre para la escuder\u00eda francesa Alpine hab\u00eda tenido unas preocupantes actuaciones en las pr\u00e1cticas libres, pero sorprendi\u00f3 con su muy buena actuaci\u00f3n en la Q1, donde termin\u00f3 15\u00b0 gracias a su registro de 1:05,278 .<\/p>\n\n\n\n<p>Esto le permiti\u00f3 meterse en la Q2, donde finalmente termin\u00f3 14\u00b0 gracias a su \u00faltima vuelta, en la que gir\u00f3 en 1:05:288.<\/p>\n\n\n\n<p>De esta manera, Colapinto tendr\u00e1 buenas chances de sumar puntos en la carrera, ya que si no comete errores y la estrategia lo acompa\u00f1a podr\u00eda quedar cerca de los primeros 10.<\/p>\n\n\n\n<p>Este es el quinto Gran Premio en lo que va del a\u00f1o para Colapinto, que poco a poco se va sintiendo m\u00e1s c\u00f3modo en su Alpine. El pilarense tuvo un comienzo con el pie izquierdo, ya que sufri\u00f3 varios problemas en Italia, M\u00f3naco y Espa\u00f1a, aunque en Canad\u00e1 y Austria se vio una clara mejor\u00eda.<\/p>\n\n\n\n<p>Por otra parte, su compa\u00f1ero de equipo en Alpine, el franc\u00e9s Pierre Gasly, tuvo una muy buena clasificaci\u00f3n y largar\u00e1 en el d\u00e9cimo lugar.<\/p>\n\n\n\n<p>El brit\u00e1nico Lando Norris (McLaren) consigui\u00f3 la pole position con un impresionante tiempo de 1:03,971, que le permiti\u00f3 sacarle m\u00e1s de medio segundo a su escolta, el monegasco Charles Leclerc (Ferrari).<\/p>\n\n\n\n<p>Norris ir\u00e1 en busca de su tercer triunfo de la temporada (ya gan\u00f3 en Australia y en M\u00f3naco), con el objetivo de acercarse al l\u00edder del campeonato, su compa\u00f1ero de equipo en McLaren, el australiano Oscar Piastri, que largar\u00e1 tercero.<\/p>\n\n\n\n<p>La carrera del GP de Austria de F\u00f3rmula 1 ser\u00e1 este domingo a las 10 (hora de Argentina).<\/p>\n\n\n\n<p>El gran afectado en la clasificaci\u00f3n fue el neerland\u00e9s y cuatro veces campe\u00f3n, Max Verstappen (Red Bull), quien largar\u00e1 s\u00e9ptimo.<\/p>\n\n\n\n<p>As\u00ed largar\u00e1n:<\/p>\n\n\n\n<p><br>1- Lando Norris (McLaren)<\/p>\n\n\n\n<p>2- Charles Leclerc (Ferrari)<\/p>\n\n\n\n<p>3- Oscar Piastri (McLaren)<\/p>\n\n\n\n<p>4- Lewis Hamilton (Ferrari)<\/p>\n\n\n\n<p>5- George Russell (Mercedes)<\/p>\n\n\n\n<p>6- Liam Lawson (Racing Bulls)<\/p>\n\n\n\n<p>7- Max Verstappen (Red Bull)<\/p>\n\n\n\n<p>8- Gabriel Bortoleto (Sauber)<\/p>\n\n\n\n<p>9- Kimi Antonelli (Mercedes)<\/p>\n\n\n\n<p>10- Pierre Gasly (Alpine)<\/p>\n\n\n\n<p>11- Fernando Alonso (Aston Martin)<\/p>\n\n\n\n<p>12- Alexander Albon (Williams)<\/p>\n\n\n\n<p>13- Isack Hadjar (Racing Bulls)<\/p>\n\n\n\n<p>14- Franco Colapinto (Alpine)<\/p>\n\n\n\n<p>15- Oliver Bearman (Haas)<\/p>\n\n\n\n<p>16- Lance Stroll (Aston Martin)<\/p>\n\n\n\n<p>17- Esteban Ocon (Haas)<\/p>\n\n\n\n<p>18- Yuki Tsunoda (Red Bull)<\/p>\n\n\n\n<p>19- Carlos Sainz Jr. (Williams)<\/p>\n\n\n\n<p>20- Nico Hulkenberg (Sauber)<\/p>\n\n\n\n\n\n<p><\/p>\n","protected":false},"excerpt":{"rendered":"<p>El piloto argentino Franco Colapinto qued\u00f3 eliminado en la Q2 de la clasificaci\u00f3n del Gran Premio de Austria y largar\u00e1 14\u00b0 en la carrera de este domingo. La pole fue&hellip;<\/p>\n","protected":false},"author":3,"featured_media":300108,"comment_status":"closed","ping_status":"open","sticky":false,"template":"","format":"standard","meta":{"_acf_changed":false,"footnotes":""},"categories":[1,3],"tags":[],"class_list":["post-300107","post","type-post","status-publish","format-standard","has-post-thumbnail","hentry","category-es-noticia","category-deportes"],"acf":[],"yoast_head":"<!-- This site is optimized with the Yoast SEO plugin v27.4 - https:\/\/yoast.com\/product\/yoast-seo-wordpress\/ -->\n<title>Colapinto largar\u00e1 14\u00b0 en el GP de Austria de F\u00f3rmula 1 - Diario Textual<\/title>\n<meta name=\"robots\" content=\"index, follow, max-snippet:-1, max-image-preview:large, max-video-preview:-1\" \/>\n<link rel=\"canonical\" href=\"https:\/\/diariotextual.com\/inicio\/index.php\/2025\/06\/28\/colapinto-largara-14-en-el-gp-de-austria-de-formula-1\/\" \/>\n<meta property=\"og:locale\" content=\"es_ES\" \/>\n<meta property=\"og:type\" content=\"article\" \/>\n<meta property=\"og:title\" content=\"Colapinto largar\u00e1 14\u00b0 en el GP de Austria de F\u00f3rmula 1 - Diario Textual\" \/>\n<meta property=\"og:description\" content=\"El piloto argentino Franco Colapinto qued\u00f3 eliminado en la Q2 de la clasificaci\u00f3n del Gran Premio de Austria y largar\u00e1 14\u00b0 en la carrera de este domingo. La pole fue&hellip;\" \/>\n<meta property=\"og:url\" content=\"https:\/\/diariotextual.com\/inicio\/index.php\/2025\/06\/28\/colapinto-largara-14-en-el-gp-de-austria-de-formula-1\/\" \/>\n<meta property=\"og:site_name\" content=\"Diario Textual\" \/>\n<meta property=\"article:publisher\" content=\"https:\/\/www.facebook.com\/eltextual\" \/>\n<meta property=\"article:published_time\" content=\"2025-06-28T15:45:19+00:00\" \/>\n<meta property=\"article:modified_time\" content=\"2025-06-28T21:03:21+00:00\" \/>\n<meta property=\"og:image\" content=\"https:\/\/diariotextual.com\/inicio\/wp-content\/uploads\/2025\/06\/colapintofranco2025-124.jpg\" \/>\n\t<meta property=\"og:image:width\" content=\"1400\" \/>\n\t<meta property=\"og:image:height\" content=\"821\" \/>\n\t<meta property=\"og:image:type\" content=\"image\/jpeg\" \/>\n<meta name=\"author\" content=\"Diario1 Diario1\" \/>\n<meta name=\"twitter:card\" content=\"summary_large_image\" \/>\n<meta name=\"twitter:creator\" content=\"@eltextual\" \/>\n<meta name=\"twitter:site\" content=\"@eltextual\" \/>\n<meta name=\"twitter:label1\" content=\"Escrito por\" \/>\n\t<meta name=\"twitter:data1\" content=\"Diario1 Diario1\" \/>\n\t<meta name=\"twitter:label2\" content=\"Tiempo de lectura\" \/>\n\t<meta name=\"twitter:data2\" content=\"3 minutos\" \/>\n<script type=\"application\/ld+json\" class=\"yoast-schema-graph\">{\"@context\":\"https:\\\/\\\/schema.org\",\"@graph\":[{\"@type\":\"Article\",\"@id\":\"https:\\\/\\\/diariotextual.com\\\/inicio\\\/index.php\\\/2025\\\/06\\\/28\\\/colapinto-largara-14-en-el-gp-de-austria-de-formula-1\\\/#article\",\"isPartOf\":{\"@id\":\"https:\\\/\\\/diariotextual.com\\\/inicio\\\/index.php\\\/2025\\\/06\\\/28\\\/colapinto-largara-14-en-el-gp-de-austria-de-formula-1\\\/\"},\"author\":{\"name\":\"Diario1 Diario1\",\"@id\":\"https:\\\/\\\/diariotextual.com\\\/inicio\\\/#\\\/schema\\\/person\\\/418fc4093c33e86ed41562db3508f958\"},\"headline\":\"Colapinto largar\u00e1 14\u00b0 en el GP de Austria de F\u00f3rmula 1\",\"datePublished\":\"2025-06-28T15:45:19+00:00\",\"dateModified\":\"2025-06-28T21:03:21+00:00\",\"mainEntityOfPage\":{\"@id\":\"https:\\\/\\\/diariotextual.com\\\/inicio\\\/index.php\\\/2025\\\/06\\\/28\\\/colapinto-largara-14-en-el-gp-de-austria-de-formula-1\\\/\"},\"wordCount\":430,\"publisher\":{\"@id\":\"https:\\\/\\\/diariotextual.com\\\/inicio\\\/#organization\"},\"image\":{\"@id\":\"https:\\\/\\\/diariotextual.com\\\/inicio\\\/index.php\\\/2025\\\/06\\\/28\\\/colapinto-largara-14-en-el-gp-de-austria-de-formula-1\\\/#primaryimage\"},\"thumbnailUrl\":\"https:\\\/\\\/diariotextual.com\\\/inicio\\\/wp-content\\\/uploads\\\/2025\\\/06\\\/colapintofranco2025-124.jpg\",\"articleSection\":[\"A - ES NOTICIA (van abajo)\",\"DEPORTES\"],\"inLanguage\":\"es\"},{\"@type\":\"WebPage\",\"@id\":\"https:\\\/\\\/diariotextual.com\\\/inicio\\\/index.php\\\/2025\\\/06\\\/28\\\/colapinto-largara-14-en-el-gp-de-austria-de-formula-1\\\/\",\"url\":\"https:\\\/\\\/diariotextual.com\\\/inicio\\\/index.php\\\/2025\\\/06\\\/28\\\/colapinto-largara-14-en-el-gp-de-austria-de-formula-1\\\/\",\"name\":\"Colapinto largar\u00e1 14\u00b0 en el GP de Austria de F\u00f3rmula 1 - Diario Textual\",\"isPartOf\":{\"@id\":\"https:\\\/\\\/diariotextual.com\\\/inicio\\\/#website\"},\"primaryImageOfPage\":{\"@id\":\"https:\\\/\\\/diariotextual.com\\\/inicio\\\/index.php\\\/2025\\\/06\\\/28\\\/colapinto-largara-14-en-el-gp-de-austria-de-formula-1\\\/#primaryimage\"},\"image\":{\"@id\":\"https:\\\/\\\/diariotextual.com\\\/inicio\\\/index.php\\\/2025\\\/06\\\/28\\\/colapinto-largara-14-en-el-gp-de-austria-de-formula-1\\\/#primaryimage\"},\"thumbnailUrl\":\"https:\\\/\\\/diariotextual.com\\\/inicio\\\/wp-content\\\/uploads\\\/2025\\\/06\\\/colapintofranco2025-124.jpg\",\"datePublished\":\"2025-06-28T15:45:19+00:00\",\"dateModified\":\"2025-06-28T21:03:21+00:00\",\"breadcrumb\":{\"@id\":\"https:\\\/\\\/diariotextual.com\\\/inicio\\\/index.php\\\/2025\\\/06\\\/28\\\/colapinto-largara-14-en-el-gp-de-austria-de-formula-1\\\/#breadcrumb\"},\"inLanguage\":\"es\",\"potentialAction\":[{\"@type\":\"ReadAction\",\"target\":[\"https:\\\/\\\/diariotextual.com\\\/inicio\\\/index.php\\\/2025\\\/06\\\/28\\\/colapinto-largara-14-en-el-gp-de-austria-de-formula-1\\\/\"]}]},{\"@type\":\"ImageObject\",\"inLanguage\":\"es\",\"@id\":\"https:\\\/\\\/diariotextual.com\\\/inicio\\\/index.php\\\/2025\\\/06\\\/28\\\/colapinto-largara-14-en-el-gp-de-austria-de-formula-1\\\/#primaryimage\",\"url\":\"https:\\\/\\\/diariotextual.com\\\/inicio\\\/wp-content\\\/uploads\\\/2025\\\/06\\\/colapintofranco2025-124.jpg\",\"contentUrl\":\"https:\\\/\\\/diariotextual.com\\\/inicio\\\/wp-content\\\/uploads\\\/2025\\\/06\\\/colapintofranco2025-124.jpg\",\"width\":1400,\"height\":821},{\"@type\":\"BreadcrumbList\",\"@id\":\"https:\\\/\\\/diariotextual.com\\\/inicio\\\/index.php\\\/2025\\\/06\\\/28\\\/colapinto-largara-14-en-el-gp-de-austria-de-formula-1\\\/#breadcrumb\",\"itemListElement\":[{\"@type\":\"ListItem\",\"position\":1,\"name\":\"Portada\",\"item\":\"https:\\\/\\\/diariotextual.com\\\/inicio\\\/\"},{\"@type\":\"ListItem\",\"position\":2,\"name\":\"Colapinto largar\u00e1 14\u00b0 en el GP de Austria de F\u00f3rmula 1\"}]},{\"@type\":\"WebSite\",\"@id\":\"https:\\\/\\\/diariotextual.com\\\/inicio\\\/#website\",\"url\":\"https:\\\/\\\/diariotextual.com\\\/inicio\\\/\",\"name\":\"Diario Textual\",\"description\":\"\",\"publisher\":{\"@id\":\"https:\\\/\\\/diariotextual.com\\\/inicio\\\/#organization\"},\"potentialAction\":[{\"@type\":\"SearchAction\",\"target\":{\"@type\":\"EntryPoint\",\"urlTemplate\":\"https:\\\/\\\/diariotextual.com\\\/inicio\\\/?s={search_term_string}\"},\"query-input\":{\"@type\":\"PropertyValueSpecification\",\"valueRequired\":true,\"valueName\":\"search_term_string\"}}],\"inLanguage\":\"es\"},{\"@type\":\"Organization\",\"@id\":\"https:\\\/\\\/diariotextual.com\\\/inicio\\\/#organization\",\"name\":\"Diario Textual\",\"url\":\"https:\\\/\\\/diariotextual.com\\\/inicio\\\/\",\"logo\":{\"@type\":\"ImageObject\",\"inLanguage\":\"es\",\"@id\":\"https:\\\/\\\/diariotextual.com\\\/inicio\\\/#\\\/schema\\\/logo\\\/image\\\/\",\"url\":\"https:\\\/\\\/diariotextual.com\\\/inicio\\\/wp-content\\\/uploads\\\/2023\\\/05\\\/logotextual1.jpg\",\"contentUrl\":\"https:\\\/\\\/diariotextual.com\\\/inicio\\\/wp-content\\\/uploads\\\/2023\\\/05\\\/logotextual1.jpg\",\"width\":516,\"height\":76,\"caption\":\"Diario Textual\"},\"image\":{\"@id\":\"https:\\\/\\\/diariotextual.com\\\/inicio\\\/#\\\/schema\\\/logo\\\/image\\\/\"},\"sameAs\":[\"https:\\\/\\\/www.facebook.com\\\/eltextual\",\"https:\\\/\\\/x.com\\\/eltextual\",\"http:\\\/\\\/www.instagram.com\\\/eltextual\"]},{\"@type\":\"Person\",\"@id\":\"https:\\\/\\\/diariotextual.com\\\/inicio\\\/#\\\/schema\\\/person\\\/418fc4093c33e86ed41562db3508f958\",\"name\":\"Diario1 Diario1\",\"image\":{\"@type\":\"ImageObject\",\"inLanguage\":\"es\",\"@id\":\"https:\\\/\\\/secure.gravatar.com\\\/avatar\\\/9167d280179c85bc18be67aa7eda765854300033af4896dd779b608640f2ef7a?s=96&d=mm&r=g\",\"url\":\"https:\\\/\\\/secure.gravatar.com\\\/avatar\\\/9167d280179c85bc18be67aa7eda765854300033af4896dd779b608640f2ef7a?s=96&d=mm&r=g\",\"contentUrl\":\"https:\\\/\\\/secure.gravatar.com\\\/avatar\\\/9167d280179c85bc18be67aa7eda765854300033af4896dd779b608640f2ef7a?s=96&d=mm&r=g\",\"caption\":\"Diario1 Diario1\"},\"url\":\"https:\\\/\\\/diariotextual.com\\\/inicio\\\/index.php\\\/author\\\/diario1\\\/\"}]}<\/script>\n<!-- \/ Yoast SEO plugin. -->","yoast_head_json":{"title":"Colapinto largar\u00e1 14\u00b0 en el GP de Austria de F\u00f3rmula 1 - Diario Textual","robots":{"index":"index","follow":"follow","max-snippet":"max-snippet:-1","max-image-preview":"max-image-preview:large","max-video-preview":"max-video-preview:-1"},"canonical":"https:\/\/diariotextual.com\/inicio\/index.php\/2025\/06\/28\/colapinto-largara-14-en-el-gp-de-austria-de-formula-1\/","og_locale":"es_ES","og_type":"article","og_title":"Colapinto largar\u00e1 14\u00b0 en el GP de Austria de F\u00f3rmula 1 - Diario Textual","og_description":"El piloto argentino Franco Colapinto qued\u00f3 eliminado en la Q2 de la clasificaci\u00f3n del Gran Premio de Austria y largar\u00e1 14\u00b0 en la carrera de este domingo. La pole fue&hellip;","og_url":"https:\/\/diariotextual.com\/inicio\/index.php\/2025\/06\/28\/colapinto-largara-14-en-el-gp-de-austria-de-formula-1\/","og_site_name":"Diario Textual","article_publisher":"https:\/\/www.facebook.com\/eltextual","article_published_time":"2025-06-28T15:45:19+00:00","article_modified_time":"2025-06-28T21:03:21+00:00","og_image":[{"width":1400,"height":821,"url":"https:\/\/diariotextual.com\/inicio\/wp-content\/uploads\/2025\/06\/colapintofranco2025-124.jpg","type":"image\/jpeg"}],"author":"Diario1 Diario1","twitter_card":"summary_large_image","twitter_creator":"@eltextual","twitter_site":"@eltextual","twitter_misc":{"Escrito por":"Diario1 Diario1","Tiempo de lectura":"3 minutos"},"schema":{"@context":"https:\/\/schema.org","@graph":[{"@type":"Article","@id":"https:\/\/diariotextual.com\/inicio\/index.php\/2025\/06\/28\/colapinto-largara-14-en-el-gp-de-austria-de-formula-1\/#article","isPartOf":{"@id":"https:\/\/diariotextual.com\/inicio\/index.php\/2025\/06\/28\/colapinto-largara-14-en-el-gp-de-austria-de-formula-1\/"},"author":{"name":"Diario1 Diario1","@id":"https:\/\/diariotextual.com\/inicio\/#\/schema\/person\/418fc4093c33e86ed41562db3508f958"},"headline":"Colapinto largar\u00e1 14\u00b0 en el GP de Austria de F\u00f3rmula 1","datePublished":"2025-06-28T15:45:19+00:00","dateModified":"2025-06-28T21:03:21+00:00","mainEntityOfPage":{"@id":"https:\/\/diariotextual.com\/inicio\/index.php\/2025\/06\/28\/colapinto-largara-14-en-el-gp-de-austria-de-formula-1\/"},"wordCount":430,"publisher":{"@id":"https:\/\/diariotextual.com\/inicio\/#organization"},"image":{"@id":"https:\/\/diariotextual.com\/inicio\/index.php\/2025\/06\/28\/colapinto-largara-14-en-el-gp-de-austria-de-formula-1\/#primaryimage"},"thumbnailUrl":"https:\/\/diariotextual.com\/inicio\/wp-content\/uploads\/2025\/06\/colapintofranco2025-124.jpg","articleSection":["A - ES NOTICIA (van abajo)","DEPORTES"],"inLanguage":"es"},{"@type":"WebPage","@id":"https:\/\/diariotextual.com\/inicio\/index.php\/2025\/06\/28\/colapinto-largara-14-en-el-gp-de-austria-de-formula-1\/","url":"https:\/\/diariotextual.com\/inicio\/index.php\/2025\/06\/28\/colapinto-largara-14-en-el-gp-de-austria-de-formula-1\/","name":"Colapinto largar\u00e1 14\u00b0 en el GP de Austria de F\u00f3rmula 1 - Diario Textual","isPartOf":{"@id":"https:\/\/diariotextual.com\/inicio\/#website"},"primaryImageOfPage":{"@id":"https:\/\/diariotextual.com\/inicio\/index.php\/2025\/06\/28\/colapinto-largara-14-en-el-gp-de-austria-de-formula-1\/#primaryimage"},"image":{"@id":"https:\/\/diariotextual.com\/inicio\/index.php\/2025\/06\/28\/colapinto-largara-14-en-el-gp-de-austria-de-formula-1\/#primaryimage"},"thumbnailUrl":"https:\/\/diariotextual.com\/inicio\/wp-content\/uploads\/2025\/06\/colapintofranco2025-124.jpg","datePublished":"2025-06-28T15:45:19+00:00","dateModified":"2025-06-28T21:03:21+00:00","breadcrumb":{"@id":"https:\/\/diariotextual.com\/inicio\/index.php\/2025\/06\/28\/colapinto-largara-14-en-el-gp-de-austria-de-formula-1\/#breadcrumb"},"inLanguage":"es","potentialAction":[{"@type":"ReadAction","target":["https:\/\/diariotextual.com\/inicio\/index.php\/2025\/06\/28\/colapinto-largara-14-en-el-gp-de-austria-de-formula-1\/"]}]},{"@type":"ImageObject","inLanguage":"es","@id":"https:\/\/diariotextual.com\/inicio\/index.php\/2025\/06\/28\/colapinto-largara-14-en-el-gp-de-austria-de-formula-1\/#primaryimage","url":"https:\/\/diariotextual.com\/inicio\/wp-content\/uploads\/2025\/06\/colapintofranco2025-124.jpg","contentUrl":"https:\/\/diariotextual.com\/inicio\/wp-content\/uploads\/2025\/06\/colapintofranco2025-124.jpg","width":1400,"height":821},{"@type":"BreadcrumbList","@id":"https:\/\/diariotextual.com\/inicio\/index.php\/2025\/06\/28\/colapinto-largara-14-en-el-gp-de-austria-de-formula-1\/#breadcrumb","itemListElement":[{"@type":"ListItem","position":1,"name":"Portada","item":"https:\/\/diariotextual.com\/inicio\/"},{"@type":"ListItem","position":2,"name":"Colapinto largar\u00e1 14\u00b0 en el GP de Austria de F\u00f3rmula 1"}]},{"@type":"WebSite","@id":"https:\/\/diariotextual.com\/inicio\/#website","url":"https:\/\/diariotextual.com\/inicio\/","name":"Diario Textual","description":"","publisher":{"@id":"https:\/\/diariotextual.com\/inicio\/#organization"},"potentialAction":[{"@type":"SearchAction","target":{"@type":"EntryPoint","urlTemplate":"https:\/\/diariotextual.com\/inicio\/?s={search_term_string}"},"query-input":{"@type":"PropertyValueSpecification","valueRequired":true,"valueName":"search_term_string"}}],"inLanguage":"es"},{"@type":"Organization","@id":"https:\/\/diariotextual.com\/inicio\/#organization","name":"Diario Textual","url":"https:\/\/diariotextual.com\/inicio\/","logo":{"@type":"ImageObject","inLanguage":"es","@id":"https:\/\/diariotextual.com\/inicio\/#\/schema\/logo\/image\/","url":"https:\/\/diariotextual.com\/inicio\/wp-content\/uploads\/2023\/05\/logotextual1.jpg","contentUrl":"https:\/\/diariotextual.com\/inicio\/wp-content\/uploads\/2023\/05\/logotextual1.jpg","width":516,"height":76,"caption":"Diario Textual"},"image":{"@id":"https:\/\/diariotextual.com\/inicio\/#\/schema\/logo\/image\/"},"sameAs":["https:\/\/www.facebook.com\/eltextual","https:\/\/x.com\/eltextual","http:\/\/www.instagram.com\/eltextual"]},{"@type":"Person","@id":"https:\/\/diariotextual.com\/inicio\/#\/schema\/person\/418fc4093c33e86ed41562db3508f958","name":"Diario1 Diario1","image":{"@type":"ImageObject","inLanguage":"es","@id":"https:\/\/secure.gravatar.com\/avatar\/9167d280179c85bc18be67aa7eda765854300033af4896dd779b608640f2ef7a?s=96&d=mm&r=g","url":"https:\/\/secure.gravatar.com\/avatar\/9167d280179c85bc18be67aa7eda765854300033af4896dd779b608640f2ef7a?s=96&d=mm&r=g","contentUrl":"https:\/\/secure.gravatar.com\/avatar\/9167d280179c85bc18be67aa7eda765854300033af4896dd779b608640f2ef7a?s=96&d=mm&r=g","caption":"Diario1 Diario1"},"url":"https:\/\/diariotextual.com\/inicio\/index.php\/author\/diario1\/"}]}},"_links":{"self":[{"href":"https:\/\/diariotextual.com\/inicio\/index.php\/wp-json\/wp\/v2\/posts\/300107","targetHints":{"allow":["GET"]}}],"collection":[{"href":"https:\/\/diariotextual.com\/inicio\/index.php\/wp-json\/wp\/v2\/posts"}],"about":[{"href":"https:\/\/diariotextual.com\/inicio\/index.php\/wp-json\/wp\/v2\/types\/post"}],"author":[{"embeddable":true,"href":"https:\/\/diariotextual.com\/inicio\/index.php\/wp-json\/wp\/v2\/users\/3"}],"replies":[{"embeddable":true,"href":"https:\/\/diariotextual.com\/inicio\/index.php\/wp-json\/wp\/v2\/comments?post=300107"}],"version-history":[{"count":4,"href":"https:\/\/diariotextual.com\/inicio\/index.php\/wp-json\/wp\/v2\/posts\/300107\/revisions"}],"predecessor-version":[{"id":300114,"href":"https:\/\/diariotextual.com\/inicio\/index.php\/wp-json\/wp\/v2\/posts\/300107\/revisions\/300114"}],"wp:featuredmedia":[{"embeddable":true,"href":"https:\/\/diariotextual.com\/inicio\/index.php\/wp-json\/wp\/v2\/media\/300108"}],"wp:attachment":[{"href":"https:\/\/diariotextual.com\/inicio\/index.php\/wp-json\/wp\/v2\/media?parent=300107"}],"wp:term":[{"taxonomy":"category","embeddable":true,"href":"https:\/\/diariotextual.com\/inicio\/index.php\/wp-json\/wp\/v2\/categories?post=300107"},{"taxonomy":"post_tag","embeddable":true,"href":"https:\/\/diariotextual.com\/inicio\/index.php\/wp-json\/wp\/v2\/tags?post=300107"}],"curies":[{"name":"wp","href":"https:\/\/api.w.org\/{rel}","templated":true}]}}