{"id":300934,"date":"2025-07-07T21:12:15","date_gmt":"2025-07-08T00:12:15","guid":{"rendered":"https:\/\/diariotextual.com\/inicio\/?p=300934"},"modified":"2025-07-07T21:12:19","modified_gmt":"2025-07-08T00:12:19","slug":"agresion-en-25-de-mayo-se-agravo-el-estado-de-salud-de-adrian-barros","status":"publish","type":"post","link":"https:\/\/diariotextual.com\/inicio\/index.php\/2025\/07\/07\/agresion-en-25-de-mayo-se-agravo-el-estado-de-salud-de-adrian-barros\/","title":{"rendered":"Agresi\u00f3n en 25 de Mayo: se agrav\u00f3 el estado de salud de Adri\u00e1n Barros"},"content":{"rendered":"\n<p><strong>Adri\u00e1n Barros<\/strong>, el hombre discapacitado, quien hab\u00eda sido agredido el fin de semana en 25 de Mayo por un adolescente de 17 a\u00f1os, fue trasladado al hospital Favaloro de Santa Rosa y<strong> su cuadro de salud empeor\u00f3 en las \u00faltimas horas. Se encuentra en terapia intensiva.<\/strong><\/p>\n\n\n\n<p>Seg\u00fan el portal Radio G\u00e9nesis, la agresi\u00f3n ocurri\u00f3 el s\u00e1bado a la ma\u00f1ana en la localidad del sur provincial, cuando Adri\u00e1n Barros concurr\u00eda al hospital para un control de su salud, y en ese momento caminaba por calle Puel\u00e9n un joven, menor de edad, que le exigi\u00f3 un cigarrillo, como el vecino le respondi\u00f3 que no ten\u00eda, el adolescente lo amenaz\u00f3 y posteriormente comenz\u00f3 a golpearlo brutalmente con patadas y golpes de pu\u00f1o.<\/p>\n\n\n\n<p>Barros termin\u00f3 con su <strong>rostro desfigurado, doble fractura de tabique <\/strong>y otras lesiones de gravedad, por lo que fue internado en el hospital Jorge Ahuad, para luego ser trasladado a Santa Rosa.<\/p>\n\n\n\n<p>Este lunes, <strong>la polic\u00eda de 25 de Mayo detuvo al adolescente, quien ya est\u00e1 institucionalizado<\/strong> y va a tomar intervenci\u00f3n el Instituto Provincial de Educaci\u00f3n y Socializaci\u00f3n de Adolescentes (IPESA) en la capital pampeana.<\/p>\n","protected":false},"excerpt":{"rendered":"<p>Adri\u00e1n Barros, el hombre discapacitado, quien hab\u00eda sido agredido el fin de semana en 25 de Mayo por un adolescente de 17 a\u00f1os, fue trasladado al hospital Favaloro de Santa&hellip;<\/p>\n","protected":false},"author":5,"featured_media":300935,"comment_status":"closed","ping_status":"open","sticky":false,"template":"","format":"standard","meta":{"_acf_changed":false,"footnotes":""},"categories":[1,12],"tags":[],"class_list":["post-300934","post","type-post","status-publish","format-standard","has-post-thumbnail","hentry","category-es-noticia","category-sociedad"],"acf":[],"yoast_head":"<!-- This site is optimized with the Yoast SEO plugin v27.4 - https:\/\/yoast.com\/product\/yoast-seo-wordpress\/ -->\n<title>Agresi\u00f3n en 25 de Mayo: se agrav\u00f3 el estado de salud de Adri\u00e1n Barros - Diario Textual<\/title>\n<meta name=\"robots\" content=\"index, follow, max-snippet:-1, max-image-preview:large, max-video-preview:-1\" \/>\n<link rel=\"canonical\" href=\"https:\/\/diariotextual.com\/inicio\/index.php\/2025\/07\/07\/agresion-en-25-de-mayo-se-agravo-el-estado-de-salud-de-adrian-barros\/\" \/>\n<meta property=\"og:locale\" content=\"es_ES\" \/>\n<meta property=\"og:type\" content=\"article\" \/>\n<meta property=\"og:title\" content=\"Agresi\u00f3n en 25 de Mayo: se agrav\u00f3 el estado de salud de Adri\u00e1n Barros - Diario Textual\" \/>\n<meta property=\"og:description\" content=\"Adri\u00e1n Barros, el hombre discapacitado, quien hab\u00eda sido agredido el fin de semana en 25 de Mayo por un adolescente de 17 a\u00f1os, fue trasladado al hospital Favaloro de Santa&hellip;\" \/>\n<meta property=\"og:url\" content=\"https:\/\/diariotextual.com\/inicio\/index.php\/2025\/07\/07\/agresion-en-25-de-mayo-se-agravo-el-estado-de-salud-de-adrian-barros\/\" \/>\n<meta property=\"og:site_name\" content=\"Diario Textual\" \/>\n<meta property=\"article:publisher\" content=\"https:\/\/www.facebook.com\/eltextual\" \/>\n<meta property=\"article:published_time\" content=\"2025-07-08T00:12:15+00:00\" \/>\n<meta property=\"article:modified_time\" content=\"2025-07-08T00:12:19+00:00\" \/>\n<meta property=\"og:image\" content=\"https:\/\/diariotextual.com\/inicio\/wp-content\/uploads\/2025\/07\/barrosadrian25demayo.jpg\" \/>\n\t<meta property=\"og:image:width\" content=\"710\" \/>\n\t<meta property=\"og:image:height\" content=\"455\" \/>\n\t<meta property=\"og:image:type\" content=\"image\/jpeg\" \/>\n<meta name=\"author\" content=\"diario3\" \/>\n<meta name=\"twitter:card\" content=\"summary_large_image\" \/>\n<meta name=\"twitter:creator\" content=\"@eltextual\" \/>\n<meta name=\"twitter:site\" content=\"@eltextual\" \/>\n<meta name=\"twitter:label1\" content=\"Escrito por\" \/>\n\t<meta name=\"twitter:data1\" content=\"diario3\" \/>\n\t<meta name=\"twitter:label2\" content=\"Tiempo de lectura\" \/>\n\t<meta name=\"twitter:data2\" content=\"2 minutos\" \/>\n<script type=\"application\/ld+json\" class=\"yoast-schema-graph\">{\"@context\":\"https:\\\/\\\/schema.org\",\"@graph\":[{\"@type\":\"Article\",\"@id\":\"https:\\\/\\\/diariotextual.com\\\/inicio\\\/index.php\\\/2025\\\/07\\\/07\\\/agresion-en-25-de-mayo-se-agravo-el-estado-de-salud-de-adrian-barros\\\/#article\",\"isPartOf\":{\"@id\":\"https:\\\/\\\/diariotextual.com\\\/inicio\\\/index.php\\\/2025\\\/07\\\/07\\\/agresion-en-25-de-mayo-se-agravo-el-estado-de-salud-de-adrian-barros\\\/\"},\"author\":{\"name\":\"diario3\",\"@id\":\"https:\\\/\\\/diariotextual.com\\\/inicio\\\/#\\\/schema\\\/person\\\/a1b6f563e0ee944c60f98119389a4d9f\"},\"headline\":\"Agresi\u00f3n en 25 de Mayo: se agrav\u00f3 el estado de salud de Adri\u00e1n Barros\",\"datePublished\":\"2025-07-08T00:12:15+00:00\",\"dateModified\":\"2025-07-08T00:12:19+00:00\",\"mainEntityOfPage\":{\"@id\":\"https:\\\/\\\/diariotextual.com\\\/inicio\\\/index.php\\\/2025\\\/07\\\/07\\\/agresion-en-25-de-mayo-se-agravo-el-estado-de-salud-de-adrian-barros\\\/\"},\"wordCount\":214,\"publisher\":{\"@id\":\"https:\\\/\\\/diariotextual.com\\\/inicio\\\/#organization\"},\"image\":{\"@id\":\"https:\\\/\\\/diariotextual.com\\\/inicio\\\/index.php\\\/2025\\\/07\\\/07\\\/agresion-en-25-de-mayo-se-agravo-el-estado-de-salud-de-adrian-barros\\\/#primaryimage\"},\"thumbnailUrl\":\"https:\\\/\\\/diariotextual.com\\\/inicio\\\/wp-content\\\/uploads\\\/2025\\\/07\\\/barrosadrian25demayo.jpg\",\"articleSection\":[\"A - ES NOTICIA (van abajo)\",\"SOCIEDAD\"],\"inLanguage\":\"es\"},{\"@type\":\"WebPage\",\"@id\":\"https:\\\/\\\/diariotextual.com\\\/inicio\\\/index.php\\\/2025\\\/07\\\/07\\\/agresion-en-25-de-mayo-se-agravo-el-estado-de-salud-de-adrian-barros\\\/\",\"url\":\"https:\\\/\\\/diariotextual.com\\\/inicio\\\/index.php\\\/2025\\\/07\\\/07\\\/agresion-en-25-de-mayo-se-agravo-el-estado-de-salud-de-adrian-barros\\\/\",\"name\":\"Agresi\u00f3n en 25 de Mayo: se agrav\u00f3 el estado de salud de Adri\u00e1n Barros - Diario Textual\",\"isPartOf\":{\"@id\":\"https:\\\/\\\/diariotextual.com\\\/inicio\\\/#website\"},\"primaryImageOfPage\":{\"@id\":\"https:\\\/\\\/diariotextual.com\\\/inicio\\\/index.php\\\/2025\\\/07\\\/07\\\/agresion-en-25-de-mayo-se-agravo-el-estado-de-salud-de-adrian-barros\\\/#primaryimage\"},\"image\":{\"@id\":\"https:\\\/\\\/diariotextual.com\\\/inicio\\\/index.php\\\/2025\\\/07\\\/07\\\/agresion-en-25-de-mayo-se-agravo-el-estado-de-salud-de-adrian-barros\\\/#primaryimage\"},\"thumbnailUrl\":\"https:\\\/\\\/diariotextual.com\\\/inicio\\\/wp-content\\\/uploads\\\/2025\\\/07\\\/barrosadrian25demayo.jpg\",\"datePublished\":\"2025-07-08T00:12:15+00:00\",\"dateModified\":\"2025-07-08T00:12:19+00:00\",\"breadcrumb\":{\"@id\":\"https:\\\/\\\/diariotextual.com\\\/inicio\\\/index.php\\\/2025\\\/07\\\/07\\\/agresion-en-25-de-mayo-se-agravo-el-estado-de-salud-de-adrian-barros\\\/#breadcrumb\"},\"inLanguage\":\"es\",\"potentialAction\":[{\"@type\":\"ReadAction\",\"target\":[\"https:\\\/\\\/diariotextual.com\\\/inicio\\\/index.php\\\/2025\\\/07\\\/07\\\/agresion-en-25-de-mayo-se-agravo-el-estado-de-salud-de-adrian-barros\\\/\"]}]},{\"@type\":\"ImageObject\",\"inLanguage\":\"es\",\"@id\":\"https:\\\/\\\/diariotextual.com\\\/inicio\\\/index.php\\\/2025\\\/07\\\/07\\\/agresion-en-25-de-mayo-se-agravo-el-estado-de-salud-de-adrian-barros\\\/#primaryimage\",\"url\":\"https:\\\/\\\/diariotextual.com\\\/inicio\\\/wp-content\\\/uploads\\\/2025\\\/07\\\/barrosadrian25demayo.jpg\",\"contentUrl\":\"https:\\\/\\\/diariotextual.com\\\/inicio\\\/wp-content\\\/uploads\\\/2025\\\/07\\\/barrosadrian25demayo.jpg\",\"width\":710,\"height\":455},{\"@type\":\"BreadcrumbList\",\"@id\":\"https:\\\/\\\/diariotextual.com\\\/inicio\\\/index.php\\\/2025\\\/07\\\/07\\\/agresion-en-25-de-mayo-se-agravo-el-estado-de-salud-de-adrian-barros\\\/#breadcrumb\",\"itemListElement\":[{\"@type\":\"ListItem\",\"position\":1,\"name\":\"Portada\",\"item\":\"https:\\\/\\\/diariotextual.com\\\/inicio\\\/\"},{\"@type\":\"ListItem\",\"position\":2,\"name\":\"Agresi\u00f3n en 25 de Mayo: se agrav\u00f3 el estado de salud de Adri\u00e1n Barros\"}]},{\"@type\":\"WebSite\",\"@id\":\"https:\\\/\\\/diariotextual.com\\\/inicio\\\/#website\",\"url\":\"https:\\\/\\\/diariotextual.com\\\/inicio\\\/\",\"name\":\"Diario Textual\",\"description\":\"\",\"publisher\":{\"@id\":\"https:\\\/\\\/diariotextual.com\\\/inicio\\\/#organization\"},\"potentialAction\":[{\"@type\":\"SearchAction\",\"target\":{\"@type\":\"EntryPoint\",\"urlTemplate\":\"https:\\\/\\\/diariotextual.com\\\/inicio\\\/?s={search_term_string}\"},\"query-input\":{\"@type\":\"PropertyValueSpecification\",\"valueRequired\":true,\"valueName\":\"search_term_string\"}}],\"inLanguage\":\"es\"},{\"@type\":\"Organization\",\"@id\":\"https:\\\/\\\/diariotextual.com\\\/inicio\\\/#organization\",\"name\":\"Diario Textual\",\"url\":\"https:\\\/\\\/diariotextual.com\\\/inicio\\\/\",\"logo\":{\"@type\":\"ImageObject\",\"inLanguage\":\"es\",\"@id\":\"https:\\\/\\\/diariotextual.com\\\/inicio\\\/#\\\/schema\\\/logo\\\/image\\\/\",\"url\":\"https:\\\/\\\/diariotextual.com\\\/inicio\\\/wp-content\\\/uploads\\\/2023\\\/05\\\/logotextual1.jpg\",\"contentUrl\":\"https:\\\/\\\/diariotextual.com\\\/inicio\\\/wp-content\\\/uploads\\\/2023\\\/05\\\/logotextual1.jpg\",\"width\":516,\"height\":76,\"caption\":\"Diario Textual\"},\"image\":{\"@id\":\"https:\\\/\\\/diariotextual.com\\\/inicio\\\/#\\\/schema\\\/logo\\\/image\\\/\"},\"sameAs\":[\"https:\\\/\\\/www.facebook.com\\\/eltextual\",\"https:\\\/\\\/x.com\\\/eltextual\",\"http:\\\/\\\/www.instagram.com\\\/eltextual\"]},{\"@type\":\"Person\",\"@id\":\"https:\\\/\\\/diariotextual.com\\\/inicio\\\/#\\\/schema\\\/person\\\/a1b6f563e0ee944c60f98119389a4d9f\",\"name\":\"diario3\",\"image\":{\"@type\":\"ImageObject\",\"inLanguage\":\"es\",\"@id\":\"https:\\\/\\\/secure.gravatar.com\\\/avatar\\\/5e7ee62c82fc04d9dd79d746a390d93c69c43223e5faeeb3ea9461ef752bfc5d?s=96&d=mm&r=g\",\"url\":\"https:\\\/\\\/secure.gravatar.com\\\/avatar\\\/5e7ee62c82fc04d9dd79d746a390d93c69c43223e5faeeb3ea9461ef752bfc5d?s=96&d=mm&r=g\",\"contentUrl\":\"https:\\\/\\\/secure.gravatar.com\\\/avatar\\\/5e7ee62c82fc04d9dd79d746a390d93c69c43223e5faeeb3ea9461ef752bfc5d?s=96&d=mm&r=g\",\"caption\":\"diario3\"},\"url\":\"https:\\\/\\\/diariotextual.com\\\/inicio\\\/index.php\\\/author\\\/diario3\\\/\"}]}<\/script>\n<!-- \/ Yoast SEO plugin. -->","yoast_head_json":{"title":"Agresi\u00f3n en 25 de Mayo: se agrav\u00f3 el estado de salud de Adri\u00e1n Barros - Diario Textual","robots":{"index":"index","follow":"follow","max-snippet":"max-snippet:-1","max-image-preview":"max-image-preview:large","max-video-preview":"max-video-preview:-1"},"canonical":"https:\/\/diariotextual.com\/inicio\/index.php\/2025\/07\/07\/agresion-en-25-de-mayo-se-agravo-el-estado-de-salud-de-adrian-barros\/","og_locale":"es_ES","og_type":"article","og_title":"Agresi\u00f3n en 25 de Mayo: se agrav\u00f3 el estado de salud de Adri\u00e1n Barros - Diario Textual","og_description":"Adri\u00e1n Barros, el hombre discapacitado, quien hab\u00eda sido agredido el fin de semana en 25 de Mayo por un adolescente de 17 a\u00f1os, fue trasladado al hospital Favaloro de Santa&hellip;","og_url":"https:\/\/diariotextual.com\/inicio\/index.php\/2025\/07\/07\/agresion-en-25-de-mayo-se-agravo-el-estado-de-salud-de-adrian-barros\/","og_site_name":"Diario Textual","article_publisher":"https:\/\/www.facebook.com\/eltextual","article_published_time":"2025-07-08T00:12:15+00:00","article_modified_time":"2025-07-08T00:12:19+00:00","og_image":[{"width":710,"height":455,"url":"https:\/\/diariotextual.com\/inicio\/wp-content\/uploads\/2025\/07\/barrosadrian25demayo.jpg","type":"image\/jpeg"}],"author":"diario3","twitter_card":"summary_large_image","twitter_creator":"@eltextual","twitter_site":"@eltextual","twitter_misc":{"Escrito por":"diario3","Tiempo de lectura":"2 minutos"},"schema":{"@context":"https:\/\/schema.org","@graph":[{"@type":"Article","@id":"https:\/\/diariotextual.com\/inicio\/index.php\/2025\/07\/07\/agresion-en-25-de-mayo-se-agravo-el-estado-de-salud-de-adrian-barros\/#article","isPartOf":{"@id":"https:\/\/diariotextual.com\/inicio\/index.php\/2025\/07\/07\/agresion-en-25-de-mayo-se-agravo-el-estado-de-salud-de-adrian-barros\/"},"author":{"name":"diario3","@id":"https:\/\/diariotextual.com\/inicio\/#\/schema\/person\/a1b6f563e0ee944c60f98119389a4d9f"},"headline":"Agresi\u00f3n en 25 de Mayo: se agrav\u00f3 el estado de salud de Adri\u00e1n Barros","datePublished":"2025-07-08T00:12:15+00:00","dateModified":"2025-07-08T00:12:19+00:00","mainEntityOfPage":{"@id":"https:\/\/diariotextual.com\/inicio\/index.php\/2025\/07\/07\/agresion-en-25-de-mayo-se-agravo-el-estado-de-salud-de-adrian-barros\/"},"wordCount":214,"publisher":{"@id":"https:\/\/diariotextual.com\/inicio\/#organization"},"image":{"@id":"https:\/\/diariotextual.com\/inicio\/index.php\/2025\/07\/07\/agresion-en-25-de-mayo-se-agravo-el-estado-de-salud-de-adrian-barros\/#primaryimage"},"thumbnailUrl":"https:\/\/diariotextual.com\/inicio\/wp-content\/uploads\/2025\/07\/barrosadrian25demayo.jpg","articleSection":["A - ES NOTICIA (van abajo)","SOCIEDAD"],"inLanguage":"es"},{"@type":"WebPage","@id":"https:\/\/diariotextual.com\/inicio\/index.php\/2025\/07\/07\/agresion-en-25-de-mayo-se-agravo-el-estado-de-salud-de-adrian-barros\/","url":"https:\/\/diariotextual.com\/inicio\/index.php\/2025\/07\/07\/agresion-en-25-de-mayo-se-agravo-el-estado-de-salud-de-adrian-barros\/","name":"Agresi\u00f3n en 25 de Mayo: se agrav\u00f3 el estado de salud de Adri\u00e1n Barros - Diario Textual","isPartOf":{"@id":"https:\/\/diariotextual.com\/inicio\/#website"},"primaryImageOfPage":{"@id":"https:\/\/diariotextual.com\/inicio\/index.php\/2025\/07\/07\/agresion-en-25-de-mayo-se-agravo-el-estado-de-salud-de-adrian-barros\/#primaryimage"},"image":{"@id":"https:\/\/diariotextual.com\/inicio\/index.php\/2025\/07\/07\/agresion-en-25-de-mayo-se-agravo-el-estado-de-salud-de-adrian-barros\/#primaryimage"},"thumbnailUrl":"https:\/\/diariotextual.com\/inicio\/wp-content\/uploads\/2025\/07\/barrosadrian25demayo.jpg","datePublished":"2025-07-08T00:12:15+00:00","dateModified":"2025-07-08T00:12:19+00:00","breadcrumb":{"@id":"https:\/\/diariotextual.com\/inicio\/index.php\/2025\/07\/07\/agresion-en-25-de-mayo-se-agravo-el-estado-de-salud-de-adrian-barros\/#breadcrumb"},"inLanguage":"es","potentialAction":[{"@type":"ReadAction","target":["https:\/\/diariotextual.com\/inicio\/index.php\/2025\/07\/07\/agresion-en-25-de-mayo-se-agravo-el-estado-de-salud-de-adrian-barros\/"]}]},{"@type":"ImageObject","inLanguage":"es","@id":"https:\/\/diariotextual.com\/inicio\/index.php\/2025\/07\/07\/agresion-en-25-de-mayo-se-agravo-el-estado-de-salud-de-adrian-barros\/#primaryimage","url":"https:\/\/diariotextual.com\/inicio\/wp-content\/uploads\/2025\/07\/barrosadrian25demayo.jpg","contentUrl":"https:\/\/diariotextual.com\/inicio\/wp-content\/uploads\/2025\/07\/barrosadrian25demayo.jpg","width":710,"height":455},{"@type":"BreadcrumbList","@id":"https:\/\/diariotextual.com\/inicio\/index.php\/2025\/07\/07\/agresion-en-25-de-mayo-se-agravo-el-estado-de-salud-de-adrian-barros\/#breadcrumb","itemListElement":[{"@type":"ListItem","position":1,"name":"Portada","item":"https:\/\/diariotextual.com\/inicio\/"},{"@type":"ListItem","position":2,"name":"Agresi\u00f3n en 25 de Mayo: se agrav\u00f3 el estado de salud de Adri\u00e1n Barros"}]},{"@type":"WebSite","@id":"https:\/\/diariotextual.com\/inicio\/#website","url":"https:\/\/diariotextual.com\/inicio\/","name":"Diario Textual","description":"","publisher":{"@id":"https:\/\/diariotextual.com\/inicio\/#organization"},"potentialAction":[{"@type":"SearchAction","target":{"@type":"EntryPoint","urlTemplate":"https:\/\/diariotextual.com\/inicio\/?s={search_term_string}"},"query-input":{"@type":"PropertyValueSpecification","valueRequired":true,"valueName":"search_term_string"}}],"inLanguage":"es"},{"@type":"Organization","@id":"https:\/\/diariotextual.com\/inicio\/#organization","name":"Diario Textual","url":"https:\/\/diariotextual.com\/inicio\/","logo":{"@type":"ImageObject","inLanguage":"es","@id":"https:\/\/diariotextual.com\/inicio\/#\/schema\/logo\/image\/","url":"https:\/\/diariotextual.com\/inicio\/wp-content\/uploads\/2023\/05\/logotextual1.jpg","contentUrl":"https:\/\/diariotextual.com\/inicio\/wp-content\/uploads\/2023\/05\/logotextual1.jpg","width":516,"height":76,"caption":"Diario Textual"},"image":{"@id":"https:\/\/diariotextual.com\/inicio\/#\/schema\/logo\/image\/"},"sameAs":["https:\/\/www.facebook.com\/eltextual","https:\/\/x.com\/eltextual","http:\/\/www.instagram.com\/eltextual"]},{"@type":"Person","@id":"https:\/\/diariotextual.com\/inicio\/#\/schema\/person\/a1b6f563e0ee944c60f98119389a4d9f","name":"diario3","image":{"@type":"ImageObject","inLanguage":"es","@id":"https:\/\/secure.gravatar.com\/avatar\/5e7ee62c82fc04d9dd79d746a390d93c69c43223e5faeeb3ea9461ef752bfc5d?s=96&d=mm&r=g","url":"https:\/\/secure.gravatar.com\/avatar\/5e7ee62c82fc04d9dd79d746a390d93c69c43223e5faeeb3ea9461ef752bfc5d?s=96&d=mm&r=g","contentUrl":"https:\/\/secure.gravatar.com\/avatar\/5e7ee62c82fc04d9dd79d746a390d93c69c43223e5faeeb3ea9461ef752bfc5d?s=96&d=mm&r=g","caption":"diario3"},"url":"https:\/\/diariotextual.com\/inicio\/index.php\/author\/diario3\/"}]}},"_links":{"self":[{"href":"https:\/\/diariotextual.com\/inicio\/index.php\/wp-json\/wp\/v2\/posts\/300934","targetHints":{"allow":["GET"]}}],"collection":[{"href":"https:\/\/diariotextual.com\/inicio\/index.php\/wp-json\/wp\/v2\/posts"}],"about":[{"href":"https:\/\/diariotextual.com\/inicio\/index.php\/wp-json\/wp\/v2\/types\/post"}],"author":[{"embeddable":true,"href":"https:\/\/diariotextual.com\/inicio\/index.php\/wp-json\/wp\/v2\/users\/5"}],"replies":[{"embeddable":true,"href":"https:\/\/diariotextual.com\/inicio\/index.php\/wp-json\/wp\/v2\/comments?post=300934"}],"version-history":[{"count":1,"href":"https:\/\/diariotextual.com\/inicio\/index.php\/wp-json\/wp\/v2\/posts\/300934\/revisions"}],"predecessor-version":[{"id":300936,"href":"https:\/\/diariotextual.com\/inicio\/index.php\/wp-json\/wp\/v2\/posts\/300934\/revisions\/300936"}],"wp:featuredmedia":[{"embeddable":true,"href":"https:\/\/diariotextual.com\/inicio\/index.php\/wp-json\/wp\/v2\/media\/300935"}],"wp:attachment":[{"href":"https:\/\/diariotextual.com\/inicio\/index.php\/wp-json\/wp\/v2\/media?parent=300934"}],"wp:term":[{"taxonomy":"category","embeddable":true,"href":"https:\/\/diariotextual.com\/inicio\/index.php\/wp-json\/wp\/v2\/categories?post=300934"},{"taxonomy":"post_tag","embeddable":true,"href":"https:\/\/diariotextual.com\/inicio\/index.php\/wp-json\/wp\/v2\/tags?post=300934"}],"curies":[{"name":"wp","href":"https:\/\/api.w.org\/{rel}","templated":true}]}}