{"id":301317,"date":"2025-07-12T18:11:06","date_gmt":"2025-07-12T21:11:06","guid":{"rendered":"https:\/\/diariotextual.com\/inicio\/?p=301317"},"modified":"2025-07-12T19:35:43","modified_gmt":"2025-07-12T22:35:43","slug":"con-gol-de-di-maria-rosario-central-igualo-con-godoy-cruz-en-el-retorno-del-campeon-del-mundo-a-la-argentina","status":"publish","type":"post","link":"https:\/\/diariotextual.com\/inicio\/index.php\/2025\/07\/12\/con-gol-de-di-maria-rosario-central-igualo-con-godoy-cruz-en-el-retorno-del-campeon-del-mundo-a-la-argentina\/","title":{"rendered":"Con gol de Di Mar\u00eda, Rosario Central igual\u00f3 con Godoy Cruz en el retorno del campe\u00f3n del mundo a la Argentina"},"content":{"rendered":"\n<p><strong>Rosario Central<\/strong>, en el&nbsp;<strong>retorno de \u00c1ngel Di Mar\u00eda<\/strong>&nbsp;al f\u00fatbol argentino,&nbsp;<strong>empat\u00f3 1-1 con Godoy Cruz de Mendoza en el marco de la primera fecha del Grupo B del Torneo Clausura&nbsp;<\/strong>de la Liga Profesional de F\u00fatbol.<\/p>\n\n\n\n<p>En el estadio Gigante de Arroyito,&nbsp;<strong>el campe\u00f3n del mundo Di Mar\u00eda marc\u00f3 el primer gol a los 33 minutos del complemento<\/strong>&nbsp;de penal pero el uruguayo<strong>&nbsp;Vicente Poggi puso el 1-1 a falta de un minuto para el final.<\/strong><\/p>\n\n\n\n<p>Con este resultado, el equipo de Ariel Holan debuta con el pie izquierdo en este Torneo Clausura en el que buscar\u00e1 mejorar la performance del semsetre pasado donde culmin\u00f3 su participaci\u00f3n en cuartos de final. En la pr\u00f3xima fecha,&nbsp;<strong>el \u00b4Canalla\u00b4 visitar\u00e1 a Lan\u00fas el pr\u00f3ximo s\u00e1bado desde las 16.30 horas.<\/strong><\/p>\n\n\n\n<p>Por su parte, el equipo de Esteban Solari termin\u00f3 rescatando un punto en un partido que parec\u00eda ya perdido. En la segunda jornada,&nbsp;<strong>Godoy Cruz recibir\u00e1 a Sarmiento de Jun\u00edn el pr\u00f3ximo s\u00e1bado desde las 18.45<\/strong>&nbsp;horas en lo que ser\u00e1 la&nbsp;<strong>reinauguraci\u00f3n del estadio Feliciano Gambart<\/strong><\/p>\n","protected":false},"excerpt":{"rendered":"<p>Rosario Central, en el&nbsp;retorno de \u00c1ngel Di Mar\u00eda&nbsp;al f\u00fatbol argentino,&nbsp;empat\u00f3 1-1 con Godoy Cruz de Mendoza en el marco de la primera fecha del Grupo B del Torneo Clausura&nbsp;de la&hellip;<\/p>\n","protected":false},"author":3,"featured_media":301320,"comment_status":"closed","ping_status":"open","sticky":false,"template":"","format":"standard","meta":{"_acf_changed":false,"footnotes":""},"categories":[1,3],"tags":[],"class_list":["post-301317","post","type-post","status-publish","format-standard","has-post-thumbnail","hentry","category-es-noticia","category-deportes"],"acf":[],"yoast_head":"<!-- This site is optimized with the Yoast SEO plugin v27.4 - https:\/\/yoast.com\/product\/yoast-seo-wordpress\/ -->\n<title>Con gol de Di Mar\u00eda, Rosario Central igual\u00f3 con Godoy Cruz en el retorno del campe\u00f3n del mundo a la Argentina - Diario Textual<\/title>\n<meta name=\"robots\" content=\"index, follow, max-snippet:-1, max-image-preview:large, max-video-preview:-1\" \/>\n<link rel=\"canonical\" href=\"https:\/\/diariotextual.com\/inicio\/index.php\/2025\/07\/12\/con-gol-de-di-maria-rosario-central-igualo-con-godoy-cruz-en-el-retorno-del-campeon-del-mundo-a-la-argentina\/\" \/>\n<meta property=\"og:locale\" content=\"es_ES\" \/>\n<meta property=\"og:type\" content=\"article\" \/>\n<meta property=\"og:title\" content=\"Con gol de Di Mar\u00eda, Rosario Central igual\u00f3 con Godoy Cruz en el retorno del campe\u00f3n del mundo a la Argentina - Diario Textual\" \/>\n<meta property=\"og:description\" content=\"Rosario Central, en el&nbsp;retorno de \u00c1ngel Di Mar\u00eda&nbsp;al f\u00fatbol argentino,&nbsp;empat\u00f3 1-1 con Godoy Cruz de Mendoza en el marco de la primera fecha del Grupo B del Torneo Clausura&nbsp;de la&hellip;\" \/>\n<meta property=\"og:url\" content=\"https:\/\/diariotextual.com\/inicio\/index.php\/2025\/07\/12\/con-gol-de-di-maria-rosario-central-igualo-con-godoy-cruz-en-el-retorno-del-campeon-del-mundo-a-la-argentina\/\" \/>\n<meta property=\"og:site_name\" content=\"Diario Textual\" \/>\n<meta property=\"article:publisher\" content=\"https:\/\/www.facebook.com\/eltextual\" \/>\n<meta property=\"article:published_time\" content=\"2025-07-12T21:11:06+00:00\" \/>\n<meta property=\"article:modified_time\" content=\"2025-07-12T22:35:43+00:00\" \/>\n<meta property=\"og:image\" content=\"https:\/\/diariotextual.com\/inicio\/wp-content\/uploads\/2025\/07\/dimariaangelrosariocentral2025-1.jpg\" \/>\n\t<meta property=\"og:image:width\" content=\"1300\" \/>\n\t<meta property=\"og:image:height\" content=\"867\" \/>\n\t<meta property=\"og:image:type\" content=\"image\/jpeg\" \/>\n<meta name=\"author\" content=\"Diario1 Diario1\" \/>\n<meta name=\"twitter:card\" content=\"summary_large_image\" \/>\n<meta name=\"twitter:creator\" content=\"@eltextual\" \/>\n<meta name=\"twitter:site\" content=\"@eltextual\" \/>\n<meta name=\"twitter:label1\" content=\"Escrito por\" \/>\n\t<meta name=\"twitter:data1\" content=\"Diario1 Diario1\" \/>\n\t<meta name=\"twitter:label2\" content=\"Tiempo de lectura\" \/>\n\t<meta name=\"twitter:data2\" content=\"2 minutos\" \/>\n<script type=\"application\/ld+json\" class=\"yoast-schema-graph\">{\"@context\":\"https:\\\/\\\/schema.org\",\"@graph\":[{\"@type\":\"Article\",\"@id\":\"https:\\\/\\\/diariotextual.com\\\/inicio\\\/index.php\\\/2025\\\/07\\\/12\\\/con-gol-de-di-maria-rosario-central-igualo-con-godoy-cruz-en-el-retorno-del-campeon-del-mundo-a-la-argentina\\\/#article\",\"isPartOf\":{\"@id\":\"https:\\\/\\\/diariotextual.com\\\/inicio\\\/index.php\\\/2025\\\/07\\\/12\\\/con-gol-de-di-maria-rosario-central-igualo-con-godoy-cruz-en-el-retorno-del-campeon-del-mundo-a-la-argentina\\\/\"},\"author\":{\"name\":\"Diario1 Diario1\",\"@id\":\"https:\\\/\\\/diariotextual.com\\\/inicio\\\/#\\\/schema\\\/person\\\/418fc4093c33e86ed41562db3508f958\"},\"headline\":\"Con gol de Di Mar\u00eda, Rosario Central igual\u00f3 con Godoy Cruz en el retorno del campe\u00f3n del mundo a la Argentina\",\"datePublished\":\"2025-07-12T21:11:06+00:00\",\"dateModified\":\"2025-07-12T22:35:43+00:00\",\"mainEntityOfPage\":{\"@id\":\"https:\\\/\\\/diariotextual.com\\\/inicio\\\/index.php\\\/2025\\\/07\\\/12\\\/con-gol-de-di-maria-rosario-central-igualo-con-godoy-cruz-en-el-retorno-del-campeon-del-mundo-a-la-argentina\\\/\"},\"wordCount\":222,\"publisher\":{\"@id\":\"https:\\\/\\\/diariotextual.com\\\/inicio\\\/#organization\"},\"image\":{\"@id\":\"https:\\\/\\\/diariotextual.com\\\/inicio\\\/index.php\\\/2025\\\/07\\\/12\\\/con-gol-de-di-maria-rosario-central-igualo-con-godoy-cruz-en-el-retorno-del-campeon-del-mundo-a-la-argentina\\\/#primaryimage\"},\"thumbnailUrl\":\"https:\\\/\\\/diariotextual.com\\\/inicio\\\/wp-content\\\/uploads\\\/2025\\\/07\\\/dimariaangelrosariocentral2025-1.jpg\",\"articleSection\":[\"A - ES NOTICIA (van abajo)\",\"DEPORTES\"],\"inLanguage\":\"es\"},{\"@type\":\"WebPage\",\"@id\":\"https:\\\/\\\/diariotextual.com\\\/inicio\\\/index.php\\\/2025\\\/07\\\/12\\\/con-gol-de-di-maria-rosario-central-igualo-con-godoy-cruz-en-el-retorno-del-campeon-del-mundo-a-la-argentina\\\/\",\"url\":\"https:\\\/\\\/diariotextual.com\\\/inicio\\\/index.php\\\/2025\\\/07\\\/12\\\/con-gol-de-di-maria-rosario-central-igualo-con-godoy-cruz-en-el-retorno-del-campeon-del-mundo-a-la-argentina\\\/\",\"name\":\"Con gol de Di Mar\u00eda, Rosario Central igual\u00f3 con Godoy Cruz en el retorno del campe\u00f3n del mundo a la Argentina - Diario Textual\",\"isPartOf\":{\"@id\":\"https:\\\/\\\/diariotextual.com\\\/inicio\\\/#website\"},\"primaryImageOfPage\":{\"@id\":\"https:\\\/\\\/diariotextual.com\\\/inicio\\\/index.php\\\/2025\\\/07\\\/12\\\/con-gol-de-di-maria-rosario-central-igualo-con-godoy-cruz-en-el-retorno-del-campeon-del-mundo-a-la-argentina\\\/#primaryimage\"},\"image\":{\"@id\":\"https:\\\/\\\/diariotextual.com\\\/inicio\\\/index.php\\\/2025\\\/07\\\/12\\\/con-gol-de-di-maria-rosario-central-igualo-con-godoy-cruz-en-el-retorno-del-campeon-del-mundo-a-la-argentina\\\/#primaryimage\"},\"thumbnailUrl\":\"https:\\\/\\\/diariotextual.com\\\/inicio\\\/wp-content\\\/uploads\\\/2025\\\/07\\\/dimariaangelrosariocentral2025-1.jpg\",\"datePublished\":\"2025-07-12T21:11:06+00:00\",\"dateModified\":\"2025-07-12T22:35:43+00:00\",\"breadcrumb\":{\"@id\":\"https:\\\/\\\/diariotextual.com\\\/inicio\\\/index.php\\\/2025\\\/07\\\/12\\\/con-gol-de-di-maria-rosario-central-igualo-con-godoy-cruz-en-el-retorno-del-campeon-del-mundo-a-la-argentina\\\/#breadcrumb\"},\"inLanguage\":\"es\",\"potentialAction\":[{\"@type\":\"ReadAction\",\"target\":[\"https:\\\/\\\/diariotextual.com\\\/inicio\\\/index.php\\\/2025\\\/07\\\/12\\\/con-gol-de-di-maria-rosario-central-igualo-con-godoy-cruz-en-el-retorno-del-campeon-del-mundo-a-la-argentina\\\/\"]}]},{\"@type\":\"ImageObject\",\"inLanguage\":\"es\",\"@id\":\"https:\\\/\\\/diariotextual.com\\\/inicio\\\/index.php\\\/2025\\\/07\\\/12\\\/con-gol-de-di-maria-rosario-central-igualo-con-godoy-cruz-en-el-retorno-del-campeon-del-mundo-a-la-argentina\\\/#primaryimage\",\"url\":\"https:\\\/\\\/diariotextual.com\\\/inicio\\\/wp-content\\\/uploads\\\/2025\\\/07\\\/dimariaangelrosariocentral2025-1.jpg\",\"contentUrl\":\"https:\\\/\\\/diariotextual.com\\\/inicio\\\/wp-content\\\/uploads\\\/2025\\\/07\\\/dimariaangelrosariocentral2025-1.jpg\",\"width\":1300,\"height\":867},{\"@type\":\"BreadcrumbList\",\"@id\":\"https:\\\/\\\/diariotextual.com\\\/inicio\\\/index.php\\\/2025\\\/07\\\/12\\\/con-gol-de-di-maria-rosario-central-igualo-con-godoy-cruz-en-el-retorno-del-campeon-del-mundo-a-la-argentina\\\/#breadcrumb\",\"itemListElement\":[{\"@type\":\"ListItem\",\"position\":1,\"name\":\"Portada\",\"item\":\"https:\\\/\\\/diariotextual.com\\\/inicio\\\/\"},{\"@type\":\"ListItem\",\"position\":2,\"name\":\"Con gol de Di Mar\u00eda, Rosario Central igual\u00f3 con Godoy Cruz en el retorno del campe\u00f3n del mundo a la Argentina\"}]},{\"@type\":\"WebSite\",\"@id\":\"https:\\\/\\\/diariotextual.com\\\/inicio\\\/#website\",\"url\":\"https:\\\/\\\/diariotextual.com\\\/inicio\\\/\",\"name\":\"Diario Textual\",\"description\":\"\",\"publisher\":{\"@id\":\"https:\\\/\\\/diariotextual.com\\\/inicio\\\/#organization\"},\"potentialAction\":[{\"@type\":\"SearchAction\",\"target\":{\"@type\":\"EntryPoint\",\"urlTemplate\":\"https:\\\/\\\/diariotextual.com\\\/inicio\\\/?s={search_term_string}\"},\"query-input\":{\"@type\":\"PropertyValueSpecification\",\"valueRequired\":true,\"valueName\":\"search_term_string\"}}],\"inLanguage\":\"es\"},{\"@type\":\"Organization\",\"@id\":\"https:\\\/\\\/diariotextual.com\\\/inicio\\\/#organization\",\"name\":\"Diario Textual\",\"url\":\"https:\\\/\\\/diariotextual.com\\\/inicio\\\/\",\"logo\":{\"@type\":\"ImageObject\",\"inLanguage\":\"es\",\"@id\":\"https:\\\/\\\/diariotextual.com\\\/inicio\\\/#\\\/schema\\\/logo\\\/image\\\/\",\"url\":\"https:\\\/\\\/diariotextual.com\\\/inicio\\\/wp-content\\\/uploads\\\/2023\\\/05\\\/logotextual1.jpg\",\"contentUrl\":\"https:\\\/\\\/diariotextual.com\\\/inicio\\\/wp-content\\\/uploads\\\/2023\\\/05\\\/logotextual1.jpg\",\"width\":516,\"height\":76,\"caption\":\"Diario Textual\"},\"image\":{\"@id\":\"https:\\\/\\\/diariotextual.com\\\/inicio\\\/#\\\/schema\\\/logo\\\/image\\\/\"},\"sameAs\":[\"https:\\\/\\\/www.facebook.com\\\/eltextual\",\"https:\\\/\\\/x.com\\\/eltextual\",\"http:\\\/\\\/www.instagram.com\\\/eltextual\"]},{\"@type\":\"Person\",\"@id\":\"https:\\\/\\\/diariotextual.com\\\/inicio\\\/#\\\/schema\\\/person\\\/418fc4093c33e86ed41562db3508f958\",\"name\":\"Diario1 Diario1\",\"image\":{\"@type\":\"ImageObject\",\"inLanguage\":\"es\",\"@id\":\"https:\\\/\\\/secure.gravatar.com\\\/avatar\\\/9167d280179c85bc18be67aa7eda765854300033af4896dd779b608640f2ef7a?s=96&d=mm&r=g\",\"url\":\"https:\\\/\\\/secure.gravatar.com\\\/avatar\\\/9167d280179c85bc18be67aa7eda765854300033af4896dd779b608640f2ef7a?s=96&d=mm&r=g\",\"contentUrl\":\"https:\\\/\\\/secure.gravatar.com\\\/avatar\\\/9167d280179c85bc18be67aa7eda765854300033af4896dd779b608640f2ef7a?s=96&d=mm&r=g\",\"caption\":\"Diario1 Diario1\"},\"url\":\"https:\\\/\\\/diariotextual.com\\\/inicio\\\/index.php\\\/author\\\/diario1\\\/\"}]}<\/script>\n<!-- \/ Yoast SEO plugin. -->","yoast_head_json":{"title":"Con gol de Di Mar\u00eda, Rosario Central igual\u00f3 con Godoy Cruz en el retorno del campe\u00f3n del mundo a la Argentina - Diario Textual","robots":{"index":"index","follow":"follow","max-snippet":"max-snippet:-1","max-image-preview":"max-image-preview:large","max-video-preview":"max-video-preview:-1"},"canonical":"https:\/\/diariotextual.com\/inicio\/index.php\/2025\/07\/12\/con-gol-de-di-maria-rosario-central-igualo-con-godoy-cruz-en-el-retorno-del-campeon-del-mundo-a-la-argentina\/","og_locale":"es_ES","og_type":"article","og_title":"Con gol de Di Mar\u00eda, Rosario Central igual\u00f3 con Godoy Cruz en el retorno del campe\u00f3n del mundo a la Argentina - Diario Textual","og_description":"Rosario Central, en el&nbsp;retorno de \u00c1ngel Di Mar\u00eda&nbsp;al f\u00fatbol argentino,&nbsp;empat\u00f3 1-1 con Godoy Cruz de Mendoza en el marco de la primera fecha del Grupo B del Torneo Clausura&nbsp;de la&hellip;","og_url":"https:\/\/diariotextual.com\/inicio\/index.php\/2025\/07\/12\/con-gol-de-di-maria-rosario-central-igualo-con-godoy-cruz-en-el-retorno-del-campeon-del-mundo-a-la-argentina\/","og_site_name":"Diario Textual","article_publisher":"https:\/\/www.facebook.com\/eltextual","article_published_time":"2025-07-12T21:11:06+00:00","article_modified_time":"2025-07-12T22:35:43+00:00","og_image":[{"width":1300,"height":867,"url":"https:\/\/diariotextual.com\/inicio\/wp-content\/uploads\/2025\/07\/dimariaangelrosariocentral2025-1.jpg","type":"image\/jpeg"}],"author":"Diario1 Diario1","twitter_card":"summary_large_image","twitter_creator":"@eltextual","twitter_site":"@eltextual","twitter_misc":{"Escrito por":"Diario1 Diario1","Tiempo de lectura":"2 minutos"},"schema":{"@context":"https:\/\/schema.org","@graph":[{"@type":"Article","@id":"https:\/\/diariotextual.com\/inicio\/index.php\/2025\/07\/12\/con-gol-de-di-maria-rosario-central-igualo-con-godoy-cruz-en-el-retorno-del-campeon-del-mundo-a-la-argentina\/#article","isPartOf":{"@id":"https:\/\/diariotextual.com\/inicio\/index.php\/2025\/07\/12\/con-gol-de-di-maria-rosario-central-igualo-con-godoy-cruz-en-el-retorno-del-campeon-del-mundo-a-la-argentina\/"},"author":{"name":"Diario1 Diario1","@id":"https:\/\/diariotextual.com\/inicio\/#\/schema\/person\/418fc4093c33e86ed41562db3508f958"},"headline":"Con gol de Di Mar\u00eda, Rosario Central igual\u00f3 con Godoy Cruz en el retorno del campe\u00f3n del mundo a la Argentina","datePublished":"2025-07-12T21:11:06+00:00","dateModified":"2025-07-12T22:35:43+00:00","mainEntityOfPage":{"@id":"https:\/\/diariotextual.com\/inicio\/index.php\/2025\/07\/12\/con-gol-de-di-maria-rosario-central-igualo-con-godoy-cruz-en-el-retorno-del-campeon-del-mundo-a-la-argentina\/"},"wordCount":222,"publisher":{"@id":"https:\/\/diariotextual.com\/inicio\/#organization"},"image":{"@id":"https:\/\/diariotextual.com\/inicio\/index.php\/2025\/07\/12\/con-gol-de-di-maria-rosario-central-igualo-con-godoy-cruz-en-el-retorno-del-campeon-del-mundo-a-la-argentina\/#primaryimage"},"thumbnailUrl":"https:\/\/diariotextual.com\/inicio\/wp-content\/uploads\/2025\/07\/dimariaangelrosariocentral2025-1.jpg","articleSection":["A - ES NOTICIA (van abajo)","DEPORTES"],"inLanguage":"es"},{"@type":"WebPage","@id":"https:\/\/diariotextual.com\/inicio\/index.php\/2025\/07\/12\/con-gol-de-di-maria-rosario-central-igualo-con-godoy-cruz-en-el-retorno-del-campeon-del-mundo-a-la-argentina\/","url":"https:\/\/diariotextual.com\/inicio\/index.php\/2025\/07\/12\/con-gol-de-di-maria-rosario-central-igualo-con-godoy-cruz-en-el-retorno-del-campeon-del-mundo-a-la-argentina\/","name":"Con gol de Di Mar\u00eda, Rosario Central igual\u00f3 con Godoy Cruz en el retorno del campe\u00f3n del mundo a la Argentina - Diario Textual","isPartOf":{"@id":"https:\/\/diariotextual.com\/inicio\/#website"},"primaryImageOfPage":{"@id":"https:\/\/diariotextual.com\/inicio\/index.php\/2025\/07\/12\/con-gol-de-di-maria-rosario-central-igualo-con-godoy-cruz-en-el-retorno-del-campeon-del-mundo-a-la-argentina\/#primaryimage"},"image":{"@id":"https:\/\/diariotextual.com\/inicio\/index.php\/2025\/07\/12\/con-gol-de-di-maria-rosario-central-igualo-con-godoy-cruz-en-el-retorno-del-campeon-del-mundo-a-la-argentina\/#primaryimage"},"thumbnailUrl":"https:\/\/diariotextual.com\/inicio\/wp-content\/uploads\/2025\/07\/dimariaangelrosariocentral2025-1.jpg","datePublished":"2025-07-12T21:11:06+00:00","dateModified":"2025-07-12T22:35:43+00:00","breadcrumb":{"@id":"https:\/\/diariotextual.com\/inicio\/index.php\/2025\/07\/12\/con-gol-de-di-maria-rosario-central-igualo-con-godoy-cruz-en-el-retorno-del-campeon-del-mundo-a-la-argentina\/#breadcrumb"},"inLanguage":"es","potentialAction":[{"@type":"ReadAction","target":["https:\/\/diariotextual.com\/inicio\/index.php\/2025\/07\/12\/con-gol-de-di-maria-rosario-central-igualo-con-godoy-cruz-en-el-retorno-del-campeon-del-mundo-a-la-argentina\/"]}]},{"@type":"ImageObject","inLanguage":"es","@id":"https:\/\/diariotextual.com\/inicio\/index.php\/2025\/07\/12\/con-gol-de-di-maria-rosario-central-igualo-con-godoy-cruz-en-el-retorno-del-campeon-del-mundo-a-la-argentina\/#primaryimage","url":"https:\/\/diariotextual.com\/inicio\/wp-content\/uploads\/2025\/07\/dimariaangelrosariocentral2025-1.jpg","contentUrl":"https:\/\/diariotextual.com\/inicio\/wp-content\/uploads\/2025\/07\/dimariaangelrosariocentral2025-1.jpg","width":1300,"height":867},{"@type":"BreadcrumbList","@id":"https:\/\/diariotextual.com\/inicio\/index.php\/2025\/07\/12\/con-gol-de-di-maria-rosario-central-igualo-con-godoy-cruz-en-el-retorno-del-campeon-del-mundo-a-la-argentina\/#breadcrumb","itemListElement":[{"@type":"ListItem","position":1,"name":"Portada","item":"https:\/\/diariotextual.com\/inicio\/"},{"@type":"ListItem","position":2,"name":"Con gol de Di Mar\u00eda, Rosario Central igual\u00f3 con Godoy Cruz en el retorno del campe\u00f3n del mundo a la Argentina"}]},{"@type":"WebSite","@id":"https:\/\/diariotextual.com\/inicio\/#website","url":"https:\/\/diariotextual.com\/inicio\/","name":"Diario Textual","description":"","publisher":{"@id":"https:\/\/diariotextual.com\/inicio\/#organization"},"potentialAction":[{"@type":"SearchAction","target":{"@type":"EntryPoint","urlTemplate":"https:\/\/diariotextual.com\/inicio\/?s={search_term_string}"},"query-input":{"@type":"PropertyValueSpecification","valueRequired":true,"valueName":"search_term_string"}}],"inLanguage":"es"},{"@type":"Organization","@id":"https:\/\/diariotextual.com\/inicio\/#organization","name":"Diario Textual","url":"https:\/\/diariotextual.com\/inicio\/","logo":{"@type":"ImageObject","inLanguage":"es","@id":"https:\/\/diariotextual.com\/inicio\/#\/schema\/logo\/image\/","url":"https:\/\/diariotextual.com\/inicio\/wp-content\/uploads\/2023\/05\/logotextual1.jpg","contentUrl":"https:\/\/diariotextual.com\/inicio\/wp-content\/uploads\/2023\/05\/logotextual1.jpg","width":516,"height":76,"caption":"Diario Textual"},"image":{"@id":"https:\/\/diariotextual.com\/inicio\/#\/schema\/logo\/image\/"},"sameAs":["https:\/\/www.facebook.com\/eltextual","https:\/\/x.com\/eltextual","http:\/\/www.instagram.com\/eltextual"]},{"@type":"Person","@id":"https:\/\/diariotextual.com\/inicio\/#\/schema\/person\/418fc4093c33e86ed41562db3508f958","name":"Diario1 Diario1","image":{"@type":"ImageObject","inLanguage":"es","@id":"https:\/\/secure.gravatar.com\/avatar\/9167d280179c85bc18be67aa7eda765854300033af4896dd779b608640f2ef7a?s=96&d=mm&r=g","url":"https:\/\/secure.gravatar.com\/avatar\/9167d280179c85bc18be67aa7eda765854300033af4896dd779b608640f2ef7a?s=96&d=mm&r=g","contentUrl":"https:\/\/secure.gravatar.com\/avatar\/9167d280179c85bc18be67aa7eda765854300033af4896dd779b608640f2ef7a?s=96&d=mm&r=g","caption":"Diario1 Diario1"},"url":"https:\/\/diariotextual.com\/inicio\/index.php\/author\/diario1\/"}]}},"_links":{"self":[{"href":"https:\/\/diariotextual.com\/inicio\/index.php\/wp-json\/wp\/v2\/posts\/301317","targetHints":{"allow":["GET"]}}],"collection":[{"href":"https:\/\/diariotextual.com\/inicio\/index.php\/wp-json\/wp\/v2\/posts"}],"about":[{"href":"https:\/\/diariotextual.com\/inicio\/index.php\/wp-json\/wp\/v2\/types\/post"}],"author":[{"embeddable":true,"href":"https:\/\/diariotextual.com\/inicio\/index.php\/wp-json\/wp\/v2\/users\/3"}],"replies":[{"embeddable":true,"href":"https:\/\/diariotextual.com\/inicio\/index.php\/wp-json\/wp\/v2\/comments?post=301317"}],"version-history":[{"count":2,"href":"https:\/\/diariotextual.com\/inicio\/index.php\/wp-json\/wp\/v2\/posts\/301317\/revisions"}],"predecessor-version":[{"id":301319,"href":"https:\/\/diariotextual.com\/inicio\/index.php\/wp-json\/wp\/v2\/posts\/301317\/revisions\/301319"}],"wp:featuredmedia":[{"embeddable":true,"href":"https:\/\/diariotextual.com\/inicio\/index.php\/wp-json\/wp\/v2\/media\/301320"}],"wp:attachment":[{"href":"https:\/\/diariotextual.com\/inicio\/index.php\/wp-json\/wp\/v2\/media?parent=301317"}],"wp:term":[{"taxonomy":"category","embeddable":true,"href":"https:\/\/diariotextual.com\/inicio\/index.php\/wp-json\/wp\/v2\/categories?post=301317"},{"taxonomy":"post_tag","embeddable":true,"href":"https:\/\/diariotextual.com\/inicio\/index.php\/wp-json\/wp\/v2\/tags?post=301317"}],"curies":[{"name":"wp","href":"https:\/\/api.w.org\/{rel}","templated":true}]}}