{"id":301600,"date":"2025-07-16T19:49:57","date_gmt":"2025-07-16T22:49:57","guid":{"rendered":"https:\/\/diariotextual.com\/inicio\/?p=301600"},"modified":"2025-07-16T19:49:59","modified_gmt":"2025-07-16T22:49:59","slug":"actividades-de-vacaciones-de-invierno-en-la-casa-museo-olga-orozco","status":"publish","type":"post","link":"https:\/\/diariotextual.com\/inicio\/index.php\/2025\/07\/16\/actividades-de-vacaciones-de-invierno-en-la-casa-museo-olga-orozco\/","title":{"rendered":"Actividades de vacaciones de invierno en la Casa Museo Olga Orozco"},"content":{"rendered":"\n<p>La <strong>Casa Museo Olga Orozco (Toay)<\/strong> anunci\u00f3 una propuesta especial para estas vacaciones de invierno, con actividades gratuitas para disfrutar en familia a partir de esta semana y hasta el 27 de julio.<\/p>\n\n\n\n<p>Las propuestas son:<\/p>\n\n\n\n<p>&#8211;<strong>Galer\u00eda de los Sentidos \u201cEvidencias del Paisaje\u201d, hasta el 27 de julio, lunes a viernes de 9 a 17 y s\u00e1bados y domingos de 17 a 20 horas<\/strong>, en la que se propone un recorrido autoguiado por tres estaciones que invitan a explorar el paisaje a trav\u00e9s de los sentidos. \u201cEscuch\u00e1 los sonidos estacionales, explor\u00e1 texturas de cortezas y suelos, y observ\u00e1 atentamente lo que te rodea. La poes\u00eda de Olga Orozco ser\u00e1 tu compa\u00f1era e inspiraci\u00f3n en este di\u00e1logo sensible con la naturaleza\u201d.<\/p>\n\n\n\n<p>Coordina: equipo del ColBEC (Colaboratorio de Biodiversidad, Ecolog\u00eda y Conservaci\u00f3n de la Facultad de Ciencias Exactas y Naturales, estudiantes de la UNLPam (Universidad Nacional de La Pampa), junto al equipo de la CMOO (Casa Museo Olga Orozco).<\/p>\n\n\n\n<p>Actividad gratuita y abierta para todo p\u00fablico.<\/p>\n\n\n\n<p>&#8211;<strong>Taller \u201cB\u00fasqueda del Tesoro\u201d + Creaci\u00f3n Art\u00edstica: s\u00e1bado 19 de julio, 16 horas.<\/strong><\/p>\n\n\n\n<p>Una aventura para los m\u00e1s peque\u00f1os. Las poes\u00edas que Olga Orozco dedic\u00f3 a su gata Berenice ser\u00e1n las pistas para encontrar un gran tesoro. Despu\u00e9s de la b\u00fasqueda, los participantes podr\u00e1n construir la figura de Berenice usando su imaginaci\u00f3n y creatividad.<\/p>\n\n\n\n<p>Coordinan: estudiantes de la carrera de Letras de la UNLPam junto a la CMOO.<\/p>\n\n\n\n<p>Actividad gratuita destinada a infancias.<\/p>\n\n\n\n<p>&#8211;<strong>Taller \u201cPaisajes de Papel\u201d: Jueves 24 a las 15, s\u00e1bado 26 y domingo 27 a las 16 horas.<\/strong><\/p>\n\n\n\n<p>Este taller se divide en dos partes. En \u201cPaisajes de papel\u201d los asistentes crear\u00e1n una bit\u00e1cora de hallazgos del paisaje a trav\u00e9s de una actividad sensoperceptiva. Luego, en la segunda parte, \u201cModelar mi paisaje: colectivo de papel\u201d, har\u00e1n una construcci\u00f3n colectiva de una maqueta de papel. Utilizando t\u00e9cnicas de plegado, corte y superposici\u00f3n, representar\u00e1n de forma sensible y po\u00e9tica el paisaje que habita la Casa Museo Olga Orozco.<\/p>\n\n\n\n<p>Coordina: equipo del ColBEC y estudiantes de la UNLPam junto a la CMOO.<\/p>\n\n\n\n<p>Actividad abierta y gratuita para todo p\u00fablico.<\/p>\n","protected":false},"excerpt":{"rendered":"<p>La Casa Museo Olga Orozco (Toay) anunci\u00f3 una propuesta especial para estas vacaciones de invierno, con actividades gratuitas para disfrutar en familia a partir de esta semana y hasta el&hellip;<\/p>\n","protected":false},"author":5,"featured_media":42176,"comment_status":"closed","ping_status":"open","sticky":false,"template":"","format":"standard","meta":{"_acf_changed":false,"footnotes":""},"categories":[1,2],"tags":[],"class_list":["post-301600","post","type-post","status-publish","format-standard","has-post-thumbnail","hentry","category-es-noticia","category-cultura"],"acf":[],"yoast_head":"<!-- This site is optimized with the Yoast SEO plugin v27.5 - https:\/\/yoast.com\/product\/yoast-seo-wordpress\/ -->\n<title>Actividades de vacaciones de invierno en la Casa Museo Olga Orozco - Diario Textual<\/title>\n<meta name=\"robots\" content=\"index, follow, max-snippet:-1, max-image-preview:large, max-video-preview:-1\" \/>\n<link rel=\"canonical\" href=\"https:\/\/diariotextual.com\/inicio\/index.php\/2025\/07\/16\/actividades-de-vacaciones-de-invierno-en-la-casa-museo-olga-orozco\/\" \/>\n<meta property=\"og:locale\" content=\"es_ES\" \/>\n<meta property=\"og:type\" content=\"article\" \/>\n<meta property=\"og:title\" content=\"Actividades de vacaciones de invierno en la Casa Museo Olga Orozco - Diario Textual\" \/>\n<meta property=\"og:description\" content=\"La Casa Museo Olga Orozco (Toay) anunci\u00f3 una propuesta especial para estas vacaciones de invierno, con actividades gratuitas para disfrutar en familia a partir de esta semana y hasta el&hellip;\" \/>\n<meta property=\"og:url\" content=\"https:\/\/diariotextual.com\/inicio\/index.php\/2025\/07\/16\/actividades-de-vacaciones-de-invierno-en-la-casa-museo-olga-orozco\/\" \/>\n<meta property=\"og:site_name\" content=\"Diario Textual\" \/>\n<meta property=\"article:publisher\" content=\"https:\/\/www.facebook.com\/eltextual\" \/>\n<meta property=\"article:published_time\" content=\"2025-07-16T22:49:57+00:00\" \/>\n<meta property=\"article:modified_time\" content=\"2025-07-16T22:49:59+00:00\" \/>\n<meta property=\"og:image\" content=\"https:\/\/diariotextual.com\/inicio\/wp-content\/uploads\/2019\/03\/casaolgaorozco2019-1.jpg\" \/>\n\t<meta property=\"og:image:width\" content=\"1670\" \/>\n\t<meta property=\"og:image:height\" content=\"1114\" \/>\n\t<meta property=\"og:image:type\" content=\"image\/jpeg\" \/>\n<meta name=\"author\" content=\"diario3\" \/>\n<meta name=\"twitter:card\" content=\"summary_large_image\" \/>\n<meta name=\"twitter:creator\" content=\"@eltextual\" \/>\n<meta name=\"twitter:site\" content=\"@eltextual\" \/>\n<meta name=\"twitter:label1\" content=\"Escrito por\" \/>\n\t<meta name=\"twitter:data1\" content=\"diario3\" \/>\n\t<meta name=\"twitter:label2\" content=\"Tiempo de lectura\" \/>\n\t<meta name=\"twitter:data2\" content=\"2 minutos\" \/>\n<script type=\"application\/ld+json\" class=\"yoast-schema-graph\">{\"@context\":\"https:\\\/\\\/schema.org\",\"@graph\":[{\"@type\":\"Article\",\"@id\":\"https:\\\/\\\/diariotextual.com\\\/inicio\\\/index.php\\\/2025\\\/07\\\/16\\\/actividades-de-vacaciones-de-invierno-en-la-casa-museo-olga-orozco\\\/#article\",\"isPartOf\":{\"@id\":\"https:\\\/\\\/diariotextual.com\\\/inicio\\\/index.php\\\/2025\\\/07\\\/16\\\/actividades-de-vacaciones-de-invierno-en-la-casa-museo-olga-orozco\\\/\"},\"author\":{\"name\":\"diario3\",\"@id\":\"https:\\\/\\\/diariotextual.com\\\/inicio\\\/#\\\/schema\\\/person\\\/a1b6f563e0ee944c60f98119389a4d9f\"},\"headline\":\"Actividades de vacaciones de invierno en la Casa Museo Olga Orozco\",\"datePublished\":\"2025-07-16T22:49:57+00:00\",\"dateModified\":\"2025-07-16T22:49:59+00:00\",\"mainEntityOfPage\":{\"@id\":\"https:\\\/\\\/diariotextual.com\\\/inicio\\\/index.php\\\/2025\\\/07\\\/16\\\/actividades-de-vacaciones-de-invierno-en-la-casa-museo-olga-orozco\\\/\"},\"wordCount\":373,\"publisher\":{\"@id\":\"https:\\\/\\\/diariotextual.com\\\/inicio\\\/#organization\"},\"image\":{\"@id\":\"https:\\\/\\\/diariotextual.com\\\/inicio\\\/index.php\\\/2025\\\/07\\\/16\\\/actividades-de-vacaciones-de-invierno-en-la-casa-museo-olga-orozco\\\/#primaryimage\"},\"thumbnailUrl\":\"https:\\\/\\\/diariotextual.com\\\/inicio\\\/wp-content\\\/uploads\\\/2019\\\/03\\\/casaolgaorozco2019-1.jpg\",\"articleSection\":[\"A - ES NOTICIA (van abajo)\",\"CULTURA\"],\"inLanguage\":\"es\"},{\"@type\":\"WebPage\",\"@id\":\"https:\\\/\\\/diariotextual.com\\\/inicio\\\/index.php\\\/2025\\\/07\\\/16\\\/actividades-de-vacaciones-de-invierno-en-la-casa-museo-olga-orozco\\\/\",\"url\":\"https:\\\/\\\/diariotextual.com\\\/inicio\\\/index.php\\\/2025\\\/07\\\/16\\\/actividades-de-vacaciones-de-invierno-en-la-casa-museo-olga-orozco\\\/\",\"name\":\"Actividades de vacaciones de invierno en la Casa Museo Olga Orozco - Diario Textual\",\"isPartOf\":{\"@id\":\"https:\\\/\\\/diariotextual.com\\\/inicio\\\/#website\"},\"primaryImageOfPage\":{\"@id\":\"https:\\\/\\\/diariotextual.com\\\/inicio\\\/index.php\\\/2025\\\/07\\\/16\\\/actividades-de-vacaciones-de-invierno-en-la-casa-museo-olga-orozco\\\/#primaryimage\"},\"image\":{\"@id\":\"https:\\\/\\\/diariotextual.com\\\/inicio\\\/index.php\\\/2025\\\/07\\\/16\\\/actividades-de-vacaciones-de-invierno-en-la-casa-museo-olga-orozco\\\/#primaryimage\"},\"thumbnailUrl\":\"https:\\\/\\\/diariotextual.com\\\/inicio\\\/wp-content\\\/uploads\\\/2019\\\/03\\\/casaolgaorozco2019-1.jpg\",\"datePublished\":\"2025-07-16T22:49:57+00:00\",\"dateModified\":\"2025-07-16T22:49:59+00:00\",\"breadcrumb\":{\"@id\":\"https:\\\/\\\/diariotextual.com\\\/inicio\\\/index.php\\\/2025\\\/07\\\/16\\\/actividades-de-vacaciones-de-invierno-en-la-casa-museo-olga-orozco\\\/#breadcrumb\"},\"inLanguage\":\"es\",\"potentialAction\":[{\"@type\":\"ReadAction\",\"target\":[\"https:\\\/\\\/diariotextual.com\\\/inicio\\\/index.php\\\/2025\\\/07\\\/16\\\/actividades-de-vacaciones-de-invierno-en-la-casa-museo-olga-orozco\\\/\"]}]},{\"@type\":\"ImageObject\",\"inLanguage\":\"es\",\"@id\":\"https:\\\/\\\/diariotextual.com\\\/inicio\\\/index.php\\\/2025\\\/07\\\/16\\\/actividades-de-vacaciones-de-invierno-en-la-casa-museo-olga-orozco\\\/#primaryimage\",\"url\":\"https:\\\/\\\/diariotextual.com\\\/inicio\\\/wp-content\\\/uploads\\\/2019\\\/03\\\/casaolgaorozco2019-1.jpg\",\"contentUrl\":\"https:\\\/\\\/diariotextual.com\\\/inicio\\\/wp-content\\\/uploads\\\/2019\\\/03\\\/casaolgaorozco2019-1.jpg\",\"width\":1670,\"height\":1114},{\"@type\":\"BreadcrumbList\",\"@id\":\"https:\\\/\\\/diariotextual.com\\\/inicio\\\/index.php\\\/2025\\\/07\\\/16\\\/actividades-de-vacaciones-de-invierno-en-la-casa-museo-olga-orozco\\\/#breadcrumb\",\"itemListElement\":[{\"@type\":\"ListItem\",\"position\":1,\"name\":\"Portada\",\"item\":\"https:\\\/\\\/diariotextual.com\\\/inicio\\\/\"},{\"@type\":\"ListItem\",\"position\":2,\"name\":\"Actividades de vacaciones de invierno en la Casa Museo Olga Orozco\"}]},{\"@type\":\"WebSite\",\"@id\":\"https:\\\/\\\/diariotextual.com\\\/inicio\\\/#website\",\"url\":\"https:\\\/\\\/diariotextual.com\\\/inicio\\\/\",\"name\":\"Diario Textual\",\"description\":\"\",\"publisher\":{\"@id\":\"https:\\\/\\\/diariotextual.com\\\/inicio\\\/#organization\"},\"potentialAction\":[{\"@type\":\"SearchAction\",\"target\":{\"@type\":\"EntryPoint\",\"urlTemplate\":\"https:\\\/\\\/diariotextual.com\\\/inicio\\\/?s={search_term_string}\"},\"query-input\":{\"@type\":\"PropertyValueSpecification\",\"valueRequired\":true,\"valueName\":\"search_term_string\"}}],\"inLanguage\":\"es\"},{\"@type\":\"Organization\",\"@id\":\"https:\\\/\\\/diariotextual.com\\\/inicio\\\/#organization\",\"name\":\"Diario Textual\",\"url\":\"https:\\\/\\\/diariotextual.com\\\/inicio\\\/\",\"logo\":{\"@type\":\"ImageObject\",\"inLanguage\":\"es\",\"@id\":\"https:\\\/\\\/diariotextual.com\\\/inicio\\\/#\\\/schema\\\/logo\\\/image\\\/\",\"url\":\"https:\\\/\\\/diariotextual.com\\\/inicio\\\/wp-content\\\/uploads\\\/2023\\\/05\\\/logotextual1.jpg\",\"contentUrl\":\"https:\\\/\\\/diariotextual.com\\\/inicio\\\/wp-content\\\/uploads\\\/2023\\\/05\\\/logotextual1.jpg\",\"width\":516,\"height\":76,\"caption\":\"Diario Textual\"},\"image\":{\"@id\":\"https:\\\/\\\/diariotextual.com\\\/inicio\\\/#\\\/schema\\\/logo\\\/image\\\/\"},\"sameAs\":[\"https:\\\/\\\/www.facebook.com\\\/eltextual\",\"https:\\\/\\\/x.com\\\/eltextual\",\"http:\\\/\\\/www.instagram.com\\\/eltextual\"]},{\"@type\":\"Person\",\"@id\":\"https:\\\/\\\/diariotextual.com\\\/inicio\\\/#\\\/schema\\\/person\\\/a1b6f563e0ee944c60f98119389a4d9f\",\"name\":\"diario3\",\"image\":{\"@type\":\"ImageObject\",\"inLanguage\":\"es\",\"@id\":\"https:\\\/\\\/secure.gravatar.com\\\/avatar\\\/5e7ee62c82fc04d9dd79d746a390d93c69c43223e5faeeb3ea9461ef752bfc5d?s=96&d=mm&r=g\",\"url\":\"https:\\\/\\\/secure.gravatar.com\\\/avatar\\\/5e7ee62c82fc04d9dd79d746a390d93c69c43223e5faeeb3ea9461ef752bfc5d?s=96&d=mm&r=g\",\"contentUrl\":\"https:\\\/\\\/secure.gravatar.com\\\/avatar\\\/5e7ee62c82fc04d9dd79d746a390d93c69c43223e5faeeb3ea9461ef752bfc5d?s=96&d=mm&r=g\",\"caption\":\"diario3\"},\"url\":\"https:\\\/\\\/diariotextual.com\\\/inicio\\\/index.php\\\/author\\\/diario3\\\/\"}]}<\/script>\n<!-- \/ Yoast SEO plugin. -->","yoast_head_json":{"title":"Actividades de vacaciones de invierno en la Casa Museo Olga Orozco - Diario Textual","robots":{"index":"index","follow":"follow","max-snippet":"max-snippet:-1","max-image-preview":"max-image-preview:large","max-video-preview":"max-video-preview:-1"},"canonical":"https:\/\/diariotextual.com\/inicio\/index.php\/2025\/07\/16\/actividades-de-vacaciones-de-invierno-en-la-casa-museo-olga-orozco\/","og_locale":"es_ES","og_type":"article","og_title":"Actividades de vacaciones de invierno en la Casa Museo Olga Orozco - Diario Textual","og_description":"La Casa Museo Olga Orozco (Toay) anunci\u00f3 una propuesta especial para estas vacaciones de invierno, con actividades gratuitas para disfrutar en familia a partir de esta semana y hasta el&hellip;","og_url":"https:\/\/diariotextual.com\/inicio\/index.php\/2025\/07\/16\/actividades-de-vacaciones-de-invierno-en-la-casa-museo-olga-orozco\/","og_site_name":"Diario Textual","article_publisher":"https:\/\/www.facebook.com\/eltextual","article_published_time":"2025-07-16T22:49:57+00:00","article_modified_time":"2025-07-16T22:49:59+00:00","og_image":[{"width":1670,"height":1114,"url":"https:\/\/diariotextual.com\/inicio\/wp-content\/uploads\/2019\/03\/casaolgaorozco2019-1.jpg","type":"image\/jpeg"}],"author":"diario3","twitter_card":"summary_large_image","twitter_creator":"@eltextual","twitter_site":"@eltextual","twitter_misc":{"Escrito por":"diario3","Tiempo de lectura":"2 minutos"},"schema":{"@context":"https:\/\/schema.org","@graph":[{"@type":"Article","@id":"https:\/\/diariotextual.com\/inicio\/index.php\/2025\/07\/16\/actividades-de-vacaciones-de-invierno-en-la-casa-museo-olga-orozco\/#article","isPartOf":{"@id":"https:\/\/diariotextual.com\/inicio\/index.php\/2025\/07\/16\/actividades-de-vacaciones-de-invierno-en-la-casa-museo-olga-orozco\/"},"author":{"name":"diario3","@id":"https:\/\/diariotextual.com\/inicio\/#\/schema\/person\/a1b6f563e0ee944c60f98119389a4d9f"},"headline":"Actividades de vacaciones de invierno en la Casa Museo Olga Orozco","datePublished":"2025-07-16T22:49:57+00:00","dateModified":"2025-07-16T22:49:59+00:00","mainEntityOfPage":{"@id":"https:\/\/diariotextual.com\/inicio\/index.php\/2025\/07\/16\/actividades-de-vacaciones-de-invierno-en-la-casa-museo-olga-orozco\/"},"wordCount":373,"publisher":{"@id":"https:\/\/diariotextual.com\/inicio\/#organization"},"image":{"@id":"https:\/\/diariotextual.com\/inicio\/index.php\/2025\/07\/16\/actividades-de-vacaciones-de-invierno-en-la-casa-museo-olga-orozco\/#primaryimage"},"thumbnailUrl":"https:\/\/diariotextual.com\/inicio\/wp-content\/uploads\/2019\/03\/casaolgaorozco2019-1.jpg","articleSection":["A - ES NOTICIA (van abajo)","CULTURA"],"inLanguage":"es"},{"@type":"WebPage","@id":"https:\/\/diariotextual.com\/inicio\/index.php\/2025\/07\/16\/actividades-de-vacaciones-de-invierno-en-la-casa-museo-olga-orozco\/","url":"https:\/\/diariotextual.com\/inicio\/index.php\/2025\/07\/16\/actividades-de-vacaciones-de-invierno-en-la-casa-museo-olga-orozco\/","name":"Actividades de vacaciones de invierno en la Casa Museo Olga Orozco - Diario Textual","isPartOf":{"@id":"https:\/\/diariotextual.com\/inicio\/#website"},"primaryImageOfPage":{"@id":"https:\/\/diariotextual.com\/inicio\/index.php\/2025\/07\/16\/actividades-de-vacaciones-de-invierno-en-la-casa-museo-olga-orozco\/#primaryimage"},"image":{"@id":"https:\/\/diariotextual.com\/inicio\/index.php\/2025\/07\/16\/actividades-de-vacaciones-de-invierno-en-la-casa-museo-olga-orozco\/#primaryimage"},"thumbnailUrl":"https:\/\/diariotextual.com\/inicio\/wp-content\/uploads\/2019\/03\/casaolgaorozco2019-1.jpg","datePublished":"2025-07-16T22:49:57+00:00","dateModified":"2025-07-16T22:49:59+00:00","breadcrumb":{"@id":"https:\/\/diariotextual.com\/inicio\/index.php\/2025\/07\/16\/actividades-de-vacaciones-de-invierno-en-la-casa-museo-olga-orozco\/#breadcrumb"},"inLanguage":"es","potentialAction":[{"@type":"ReadAction","target":["https:\/\/diariotextual.com\/inicio\/index.php\/2025\/07\/16\/actividades-de-vacaciones-de-invierno-en-la-casa-museo-olga-orozco\/"]}]},{"@type":"ImageObject","inLanguage":"es","@id":"https:\/\/diariotextual.com\/inicio\/index.php\/2025\/07\/16\/actividades-de-vacaciones-de-invierno-en-la-casa-museo-olga-orozco\/#primaryimage","url":"https:\/\/diariotextual.com\/inicio\/wp-content\/uploads\/2019\/03\/casaolgaorozco2019-1.jpg","contentUrl":"https:\/\/diariotextual.com\/inicio\/wp-content\/uploads\/2019\/03\/casaolgaorozco2019-1.jpg","width":1670,"height":1114},{"@type":"BreadcrumbList","@id":"https:\/\/diariotextual.com\/inicio\/index.php\/2025\/07\/16\/actividades-de-vacaciones-de-invierno-en-la-casa-museo-olga-orozco\/#breadcrumb","itemListElement":[{"@type":"ListItem","position":1,"name":"Portada","item":"https:\/\/diariotextual.com\/inicio\/"},{"@type":"ListItem","position":2,"name":"Actividades de vacaciones de invierno en la Casa Museo Olga Orozco"}]},{"@type":"WebSite","@id":"https:\/\/diariotextual.com\/inicio\/#website","url":"https:\/\/diariotextual.com\/inicio\/","name":"Diario Textual","description":"","publisher":{"@id":"https:\/\/diariotextual.com\/inicio\/#organization"},"potentialAction":[{"@type":"SearchAction","target":{"@type":"EntryPoint","urlTemplate":"https:\/\/diariotextual.com\/inicio\/?s={search_term_string}"},"query-input":{"@type":"PropertyValueSpecification","valueRequired":true,"valueName":"search_term_string"}}],"inLanguage":"es"},{"@type":"Organization","@id":"https:\/\/diariotextual.com\/inicio\/#organization","name":"Diario Textual","url":"https:\/\/diariotextual.com\/inicio\/","logo":{"@type":"ImageObject","inLanguage":"es","@id":"https:\/\/diariotextual.com\/inicio\/#\/schema\/logo\/image\/","url":"https:\/\/diariotextual.com\/inicio\/wp-content\/uploads\/2023\/05\/logotextual1.jpg","contentUrl":"https:\/\/diariotextual.com\/inicio\/wp-content\/uploads\/2023\/05\/logotextual1.jpg","width":516,"height":76,"caption":"Diario Textual"},"image":{"@id":"https:\/\/diariotextual.com\/inicio\/#\/schema\/logo\/image\/"},"sameAs":["https:\/\/www.facebook.com\/eltextual","https:\/\/x.com\/eltextual","http:\/\/www.instagram.com\/eltextual"]},{"@type":"Person","@id":"https:\/\/diariotextual.com\/inicio\/#\/schema\/person\/a1b6f563e0ee944c60f98119389a4d9f","name":"diario3","image":{"@type":"ImageObject","inLanguage":"es","@id":"https:\/\/secure.gravatar.com\/avatar\/5e7ee62c82fc04d9dd79d746a390d93c69c43223e5faeeb3ea9461ef752bfc5d?s=96&d=mm&r=g","url":"https:\/\/secure.gravatar.com\/avatar\/5e7ee62c82fc04d9dd79d746a390d93c69c43223e5faeeb3ea9461ef752bfc5d?s=96&d=mm&r=g","contentUrl":"https:\/\/secure.gravatar.com\/avatar\/5e7ee62c82fc04d9dd79d746a390d93c69c43223e5faeeb3ea9461ef752bfc5d?s=96&d=mm&r=g","caption":"diario3"},"url":"https:\/\/diariotextual.com\/inicio\/index.php\/author\/diario3\/"}]}},"_links":{"self":[{"href":"https:\/\/diariotextual.com\/inicio\/index.php\/wp-json\/wp\/v2\/posts\/301600","targetHints":{"allow":["GET"]}}],"collection":[{"href":"https:\/\/diariotextual.com\/inicio\/index.php\/wp-json\/wp\/v2\/posts"}],"about":[{"href":"https:\/\/diariotextual.com\/inicio\/index.php\/wp-json\/wp\/v2\/types\/post"}],"author":[{"embeddable":true,"href":"https:\/\/diariotextual.com\/inicio\/index.php\/wp-json\/wp\/v2\/users\/5"}],"replies":[{"embeddable":true,"href":"https:\/\/diariotextual.com\/inicio\/index.php\/wp-json\/wp\/v2\/comments?post=301600"}],"version-history":[{"count":1,"href":"https:\/\/diariotextual.com\/inicio\/index.php\/wp-json\/wp\/v2\/posts\/301600\/revisions"}],"predecessor-version":[{"id":301601,"href":"https:\/\/diariotextual.com\/inicio\/index.php\/wp-json\/wp\/v2\/posts\/301600\/revisions\/301601"}],"wp:featuredmedia":[{"embeddable":true,"href":"https:\/\/diariotextual.com\/inicio\/index.php\/wp-json\/wp\/v2\/media\/42176"}],"wp:attachment":[{"href":"https:\/\/diariotextual.com\/inicio\/index.php\/wp-json\/wp\/v2\/media?parent=301600"}],"wp:term":[{"taxonomy":"category","embeddable":true,"href":"https:\/\/diariotextual.com\/inicio\/index.php\/wp-json\/wp\/v2\/categories?post=301600"},{"taxonomy":"post_tag","embeddable":true,"href":"https:\/\/diariotextual.com\/inicio\/index.php\/wp-json\/wp\/v2\/tags?post=301600"}],"curies":[{"name":"wp","href":"https:\/\/api.w.org\/{rel}","templated":true}]}}