{"id":301782,"date":"2025-07-18T19:43:46","date_gmt":"2025-07-18T22:43:46","guid":{"rendered":"https:\/\/diariotextual.com\/inicio\/?p=301782"},"modified":"2025-07-18T19:43:48","modified_gmt":"2025-07-18T22:43:48","slug":"se-viene-la-feria-provincial-del-libro-infantil-y-juvenil-en-pico","status":"publish","type":"post","link":"https:\/\/diariotextual.com\/inicio\/index.php\/2025\/07\/18\/se-viene-la-feria-provincial-del-libro-infantil-y-juvenil-en-pico\/","title":{"rendered":"Se viene la Feria Provincial del Libro Infantil y Juvenil en Pico"},"content":{"rendered":"\n<p>La intendenta de General Pico, Fernanda Alonso y el secretario de Cultura, Pablo Lucero \u00c1lvarez, encabezaron el anuncio de una <strong>nueva edici\u00f3n de la feria provincial del libro infantil y juvenil<\/strong> en la ciudad del norte provincial. <strong>Comenzar\u00e1 el jueves 31 de julio y finalizar\u00e1 el s\u00e1bado 2 de agosto<\/strong>.<\/p>\n\n\n\n<p>A desarrollarse en distintos sitios de General Pico, ser\u00e1 con <strong>entrada libre y gratuita<\/strong> y estar\u00e1 atravesada por la <strong>tem\u00e1tica del r\u00edo Atuel.<\/strong><\/p>\n\n\n\n<p>El comienzo de este encuentro se dar\u00e1 <strong>el d\u00eda 31 de julio, a las 9.30 horas, en el auditorio del Centro Cultural MEDANO con la presentaci\u00f3n de la obra de t\u00edteres \u201cA r\u00edo devuelto, ganancia de pobladores\u201d<\/strong>, de la dramaturga Patricia Su\u00e1rez.<\/p>\n\n\n\n<p>Luego, a las 11 horas, se realizar\u00e1 la apertura del evento en El Viejo Galp\u00f3n, con el despliegue de varios stands y la participaci\u00f3n de veinte editoriales. Se le sumar\u00e1n diferentes propuestas que tendr\u00e1n lugar en el Centro Cultural Marac\u00f3, la Biblioteca Estrada y el Museo Regional Marac\u00f3.<\/p>\n\n\n\n<p>Finalmente, el<strong> 2 de agosto, a las 14 horas, la jornada de cierre se dar\u00e1 al aire libre, en calle 17 entre 12 y 14. All\u00ed se presentar\u00e1 la obra \u201cCapurro\u201d, de Nidia Tineo<\/strong> y el Ensamble Infanto Juvenil junto al Coro de las Infancias.<\/p>\n\n\n\n<p>Habr\u00e1 tambi\u00e9n entrega de premios del certamen literario \u201cRumbo a la Feria del Libro\u201d de SADE, filial General Pico.<\/p>\n\n\n\n<div style=\"height:100px\" aria-hidden=\"true\" class=\"wp-block-spacer\"><\/div>\n\n\n\n<p><strong>Pol\u00edticas p\u00fablicas<\/strong><\/p>\n\n\n\n<p>\u201cAgradezco al Gobierno provincial porque conf\u00eda en General Pico y en todo el equipo de la Secretar\u00eda de Gobierno que va a llevar adelante esta feria. Siempre es una alegr\u00eda enorme poder generar pol\u00edticas p\u00fablicas dirigidas a nuestros ni\u00f1os, ni\u00f1as y j\u00f3venes, que son el futuro\u201d, expres\u00f3 Alonso.<\/p>\n\n\n\n<p>Y a\u00f1adi\u00f3: \u201cPretendemos acercarles todas las herramientas como un Estado que piensa siempre iniciativas para ellos y ellas. Esta es una gran posibilidad para que en familia, puedan disfrutar de espect\u00e1culos y actividades de primera calidad que apuntan al recupero de nuestro r\u00edos, en un momento crucial como el que estamos atravesando en relaci\u00f3n al tema\u201d.<\/p>\n\n\n\n<p>\u201cLa idea es que a trav\u00e9s de expresiones art\u00edsticas podamos mostrarles de qu\u00e9 se trata, creemos que es necesario que internalicen la importancia de un derecho como la interjurisdiccionalidad de un r\u00edo\u201d, sostuvo la jefa comunal.<\/p>\n\n\n\n<p>\u201cPara nosotros esta propuesta representa el poder estar cerca de las y los pibes y garantizar el acceso a herramientas. Va a ser un encuentro hermoso, cargado de sentimientos y de las particularidades que tenemos como pampeanos y pampeanas\u201d, asegur\u00f3 Fernanda Alonso.<\/p>\n\n\n\n<p>Pablo Lucero agreg\u00f3: \u201cTenemos un desaf\u00edo enorme de conectar a las infancias y adolescencias con nuestra literatura y en esa l\u00ednea pensamos estas alternativas. En este tipo de espacios tambi\u00e9n orientados a la venta de textos, hay editoriales independientes con productos de mucha calidad\u201d.<\/p>\n\n\n\n<p>\u201cEstas ediciones ya son un cl\u00e1sico, cada vez m\u00e1s eficientes y General Pico es un referente en el norte de la provincia. Esta es una oportunidad para que toda la familia pueda encontrarse aqu\u00ed y conectar con todo el universo cultural\u201d, cerr\u00f3 el funcionario provincial.<\/p>\n","protected":false},"excerpt":{"rendered":"<p>La intendenta de General Pico, Fernanda Alonso y el secretario de Cultura, Pablo Lucero \u00c1lvarez, encabezaron el anuncio de una nueva edici\u00f3n de la feria provincial del libro infantil y&hellip;<\/p>\n","protected":false},"author":5,"featured_media":301783,"comment_status":"closed","ping_status":"open","sticky":false,"template":"","format":"standard","meta":{"_acf_changed":false,"footnotes":""},"categories":[1,2],"tags":[],"class_list":["post-301782","post","type-post","status-publish","format-standard","has-post-thumbnail","hentry","category-es-noticia","category-cultura"],"acf":[],"yoast_head":"<!-- This site is optimized with the Yoast SEO plugin v27.5 - https:\/\/yoast.com\/product\/yoast-seo-wordpress\/ -->\n<title>Se viene la Feria Provincial del Libro Infantil y Juvenil en Pico - Diario Textual<\/title>\n<meta name=\"robots\" content=\"index, follow, max-snippet:-1, max-image-preview:large, max-video-preview:-1\" \/>\n<link rel=\"canonical\" href=\"https:\/\/diariotextual.com\/inicio\/index.php\/2025\/07\/18\/se-viene-la-feria-provincial-del-libro-infantil-y-juvenil-en-pico\/\" \/>\n<meta property=\"og:locale\" content=\"es_ES\" \/>\n<meta property=\"og:type\" content=\"article\" \/>\n<meta property=\"og:title\" content=\"Se viene la Feria Provincial del Libro Infantil y Juvenil en Pico - Diario Textual\" \/>\n<meta property=\"og:description\" content=\"La intendenta de General Pico, Fernanda Alonso y el secretario de Cultura, Pablo Lucero \u00c1lvarez, encabezaron el anuncio de una nueva edici\u00f3n de la feria provincial del libro infantil y&hellip;\" \/>\n<meta property=\"og:url\" content=\"https:\/\/diariotextual.com\/inicio\/index.php\/2025\/07\/18\/se-viene-la-feria-provincial-del-libro-infantil-y-juvenil-en-pico\/\" \/>\n<meta property=\"og:site_name\" content=\"Diario Textual\" \/>\n<meta property=\"article:publisher\" content=\"https:\/\/www.facebook.com\/eltextual\" \/>\n<meta property=\"article:published_time\" content=\"2025-07-18T22:43:46+00:00\" \/>\n<meta property=\"article:modified_time\" content=\"2025-07-18T22:43:48+00:00\" \/>\n<meta property=\"og:image\" content=\"https:\/\/diariotextual.com\/inicio\/wp-content\/uploads\/2025\/07\/alonsolucerojulio2025.jpg\" \/>\n\t<meta property=\"og:image:width\" content=\"900\" \/>\n\t<meta property=\"og:image:height\" content=\"597\" \/>\n\t<meta property=\"og:image:type\" content=\"image\/jpeg\" \/>\n<meta name=\"author\" content=\"diario3\" \/>\n<meta name=\"twitter:card\" content=\"summary_large_image\" \/>\n<meta name=\"twitter:creator\" content=\"@eltextual\" \/>\n<meta name=\"twitter:site\" content=\"@eltextual\" \/>\n<meta name=\"twitter:label1\" content=\"Escrito por\" \/>\n\t<meta name=\"twitter:data1\" content=\"diario3\" \/>\n\t<meta name=\"twitter:label2\" content=\"Tiempo de lectura\" \/>\n\t<meta name=\"twitter:data2\" content=\"3 minutos\" \/>\n<script type=\"application\/ld+json\" class=\"yoast-schema-graph\">{\"@context\":\"https:\\\/\\\/schema.org\",\"@graph\":[{\"@type\":\"Article\",\"@id\":\"https:\\\/\\\/diariotextual.com\\\/inicio\\\/index.php\\\/2025\\\/07\\\/18\\\/se-viene-la-feria-provincial-del-libro-infantil-y-juvenil-en-pico\\\/#article\",\"isPartOf\":{\"@id\":\"https:\\\/\\\/diariotextual.com\\\/inicio\\\/index.php\\\/2025\\\/07\\\/18\\\/se-viene-la-feria-provincial-del-libro-infantil-y-juvenil-en-pico\\\/\"},\"author\":{\"name\":\"diario3\",\"@id\":\"https:\\\/\\\/diariotextual.com\\\/inicio\\\/#\\\/schema\\\/person\\\/a1b6f563e0ee944c60f98119389a4d9f\"},\"headline\":\"Se viene la Feria Provincial del Libro Infantil y Juvenil en Pico\",\"datePublished\":\"2025-07-18T22:43:46+00:00\",\"dateModified\":\"2025-07-18T22:43:48+00:00\",\"mainEntityOfPage\":{\"@id\":\"https:\\\/\\\/diariotextual.com\\\/inicio\\\/index.php\\\/2025\\\/07\\\/18\\\/se-viene-la-feria-provincial-del-libro-infantil-y-juvenil-en-pico\\\/\"},\"wordCount\":538,\"publisher\":{\"@id\":\"https:\\\/\\\/diariotextual.com\\\/inicio\\\/#organization\"},\"image\":{\"@id\":\"https:\\\/\\\/diariotextual.com\\\/inicio\\\/index.php\\\/2025\\\/07\\\/18\\\/se-viene-la-feria-provincial-del-libro-infantil-y-juvenil-en-pico\\\/#primaryimage\"},\"thumbnailUrl\":\"https:\\\/\\\/diariotextual.com\\\/inicio\\\/wp-content\\\/uploads\\\/2025\\\/07\\\/alonsolucerojulio2025.jpg\",\"articleSection\":[\"A - ES NOTICIA (van abajo)\",\"CULTURA\"],\"inLanguage\":\"es\"},{\"@type\":\"WebPage\",\"@id\":\"https:\\\/\\\/diariotextual.com\\\/inicio\\\/index.php\\\/2025\\\/07\\\/18\\\/se-viene-la-feria-provincial-del-libro-infantil-y-juvenil-en-pico\\\/\",\"url\":\"https:\\\/\\\/diariotextual.com\\\/inicio\\\/index.php\\\/2025\\\/07\\\/18\\\/se-viene-la-feria-provincial-del-libro-infantil-y-juvenil-en-pico\\\/\",\"name\":\"Se viene la Feria Provincial del Libro Infantil y Juvenil en Pico - Diario Textual\",\"isPartOf\":{\"@id\":\"https:\\\/\\\/diariotextual.com\\\/inicio\\\/#website\"},\"primaryImageOfPage\":{\"@id\":\"https:\\\/\\\/diariotextual.com\\\/inicio\\\/index.php\\\/2025\\\/07\\\/18\\\/se-viene-la-feria-provincial-del-libro-infantil-y-juvenil-en-pico\\\/#primaryimage\"},\"image\":{\"@id\":\"https:\\\/\\\/diariotextual.com\\\/inicio\\\/index.php\\\/2025\\\/07\\\/18\\\/se-viene-la-feria-provincial-del-libro-infantil-y-juvenil-en-pico\\\/#primaryimage\"},\"thumbnailUrl\":\"https:\\\/\\\/diariotextual.com\\\/inicio\\\/wp-content\\\/uploads\\\/2025\\\/07\\\/alonsolucerojulio2025.jpg\",\"datePublished\":\"2025-07-18T22:43:46+00:00\",\"dateModified\":\"2025-07-18T22:43:48+00:00\",\"breadcrumb\":{\"@id\":\"https:\\\/\\\/diariotextual.com\\\/inicio\\\/index.php\\\/2025\\\/07\\\/18\\\/se-viene-la-feria-provincial-del-libro-infantil-y-juvenil-en-pico\\\/#breadcrumb\"},\"inLanguage\":\"es\",\"potentialAction\":[{\"@type\":\"ReadAction\",\"target\":[\"https:\\\/\\\/diariotextual.com\\\/inicio\\\/index.php\\\/2025\\\/07\\\/18\\\/se-viene-la-feria-provincial-del-libro-infantil-y-juvenil-en-pico\\\/\"]}]},{\"@type\":\"ImageObject\",\"inLanguage\":\"es\",\"@id\":\"https:\\\/\\\/diariotextual.com\\\/inicio\\\/index.php\\\/2025\\\/07\\\/18\\\/se-viene-la-feria-provincial-del-libro-infantil-y-juvenil-en-pico\\\/#primaryimage\",\"url\":\"https:\\\/\\\/diariotextual.com\\\/inicio\\\/wp-content\\\/uploads\\\/2025\\\/07\\\/alonsolucerojulio2025.jpg\",\"contentUrl\":\"https:\\\/\\\/diariotextual.com\\\/inicio\\\/wp-content\\\/uploads\\\/2025\\\/07\\\/alonsolucerojulio2025.jpg\",\"width\":900,\"height\":597},{\"@type\":\"BreadcrumbList\",\"@id\":\"https:\\\/\\\/diariotextual.com\\\/inicio\\\/index.php\\\/2025\\\/07\\\/18\\\/se-viene-la-feria-provincial-del-libro-infantil-y-juvenil-en-pico\\\/#breadcrumb\",\"itemListElement\":[{\"@type\":\"ListItem\",\"position\":1,\"name\":\"Portada\",\"item\":\"https:\\\/\\\/diariotextual.com\\\/inicio\\\/\"},{\"@type\":\"ListItem\",\"position\":2,\"name\":\"Se viene la Feria Provincial del Libro Infantil y Juvenil en Pico\"}]},{\"@type\":\"WebSite\",\"@id\":\"https:\\\/\\\/diariotextual.com\\\/inicio\\\/#website\",\"url\":\"https:\\\/\\\/diariotextual.com\\\/inicio\\\/\",\"name\":\"Diario Textual\",\"description\":\"\",\"publisher\":{\"@id\":\"https:\\\/\\\/diariotextual.com\\\/inicio\\\/#organization\"},\"potentialAction\":[{\"@type\":\"SearchAction\",\"target\":{\"@type\":\"EntryPoint\",\"urlTemplate\":\"https:\\\/\\\/diariotextual.com\\\/inicio\\\/?s={search_term_string}\"},\"query-input\":{\"@type\":\"PropertyValueSpecification\",\"valueRequired\":true,\"valueName\":\"search_term_string\"}}],\"inLanguage\":\"es\"},{\"@type\":\"Organization\",\"@id\":\"https:\\\/\\\/diariotextual.com\\\/inicio\\\/#organization\",\"name\":\"Diario Textual\",\"url\":\"https:\\\/\\\/diariotextual.com\\\/inicio\\\/\",\"logo\":{\"@type\":\"ImageObject\",\"inLanguage\":\"es\",\"@id\":\"https:\\\/\\\/diariotextual.com\\\/inicio\\\/#\\\/schema\\\/logo\\\/image\\\/\",\"url\":\"https:\\\/\\\/diariotextual.com\\\/inicio\\\/wp-content\\\/uploads\\\/2023\\\/05\\\/logotextual1.jpg\",\"contentUrl\":\"https:\\\/\\\/diariotextual.com\\\/inicio\\\/wp-content\\\/uploads\\\/2023\\\/05\\\/logotextual1.jpg\",\"width\":516,\"height\":76,\"caption\":\"Diario Textual\"},\"image\":{\"@id\":\"https:\\\/\\\/diariotextual.com\\\/inicio\\\/#\\\/schema\\\/logo\\\/image\\\/\"},\"sameAs\":[\"https:\\\/\\\/www.facebook.com\\\/eltextual\",\"https:\\\/\\\/x.com\\\/eltextual\",\"http:\\\/\\\/www.instagram.com\\\/eltextual\"]},{\"@type\":\"Person\",\"@id\":\"https:\\\/\\\/diariotextual.com\\\/inicio\\\/#\\\/schema\\\/person\\\/a1b6f563e0ee944c60f98119389a4d9f\",\"name\":\"diario3\",\"image\":{\"@type\":\"ImageObject\",\"inLanguage\":\"es\",\"@id\":\"https:\\\/\\\/secure.gravatar.com\\\/avatar\\\/5e7ee62c82fc04d9dd79d746a390d93c69c43223e5faeeb3ea9461ef752bfc5d?s=96&d=mm&r=g\",\"url\":\"https:\\\/\\\/secure.gravatar.com\\\/avatar\\\/5e7ee62c82fc04d9dd79d746a390d93c69c43223e5faeeb3ea9461ef752bfc5d?s=96&d=mm&r=g\",\"contentUrl\":\"https:\\\/\\\/secure.gravatar.com\\\/avatar\\\/5e7ee62c82fc04d9dd79d746a390d93c69c43223e5faeeb3ea9461ef752bfc5d?s=96&d=mm&r=g\",\"caption\":\"diario3\"},\"url\":\"https:\\\/\\\/diariotextual.com\\\/inicio\\\/index.php\\\/author\\\/diario3\\\/\"}]}<\/script>\n<!-- \/ Yoast SEO plugin. -->","yoast_head_json":{"title":"Se viene la Feria Provincial del Libro Infantil y Juvenil en Pico - Diario Textual","robots":{"index":"index","follow":"follow","max-snippet":"max-snippet:-1","max-image-preview":"max-image-preview:large","max-video-preview":"max-video-preview:-1"},"canonical":"https:\/\/diariotextual.com\/inicio\/index.php\/2025\/07\/18\/se-viene-la-feria-provincial-del-libro-infantil-y-juvenil-en-pico\/","og_locale":"es_ES","og_type":"article","og_title":"Se viene la Feria Provincial del Libro Infantil y Juvenil en Pico - Diario Textual","og_description":"La intendenta de General Pico, Fernanda Alonso y el secretario de Cultura, Pablo Lucero \u00c1lvarez, encabezaron el anuncio de una nueva edici\u00f3n de la feria provincial del libro infantil y&hellip;","og_url":"https:\/\/diariotextual.com\/inicio\/index.php\/2025\/07\/18\/se-viene-la-feria-provincial-del-libro-infantil-y-juvenil-en-pico\/","og_site_name":"Diario Textual","article_publisher":"https:\/\/www.facebook.com\/eltextual","article_published_time":"2025-07-18T22:43:46+00:00","article_modified_time":"2025-07-18T22:43:48+00:00","og_image":[{"width":900,"height":597,"url":"https:\/\/diariotextual.com\/inicio\/wp-content\/uploads\/2025\/07\/alonsolucerojulio2025.jpg","type":"image\/jpeg"}],"author":"diario3","twitter_card":"summary_large_image","twitter_creator":"@eltextual","twitter_site":"@eltextual","twitter_misc":{"Escrito por":"diario3","Tiempo de lectura":"3 minutos"},"schema":{"@context":"https:\/\/schema.org","@graph":[{"@type":"Article","@id":"https:\/\/diariotextual.com\/inicio\/index.php\/2025\/07\/18\/se-viene-la-feria-provincial-del-libro-infantil-y-juvenil-en-pico\/#article","isPartOf":{"@id":"https:\/\/diariotextual.com\/inicio\/index.php\/2025\/07\/18\/se-viene-la-feria-provincial-del-libro-infantil-y-juvenil-en-pico\/"},"author":{"name":"diario3","@id":"https:\/\/diariotextual.com\/inicio\/#\/schema\/person\/a1b6f563e0ee944c60f98119389a4d9f"},"headline":"Se viene la Feria Provincial del Libro Infantil y Juvenil en Pico","datePublished":"2025-07-18T22:43:46+00:00","dateModified":"2025-07-18T22:43:48+00:00","mainEntityOfPage":{"@id":"https:\/\/diariotextual.com\/inicio\/index.php\/2025\/07\/18\/se-viene-la-feria-provincial-del-libro-infantil-y-juvenil-en-pico\/"},"wordCount":538,"publisher":{"@id":"https:\/\/diariotextual.com\/inicio\/#organization"},"image":{"@id":"https:\/\/diariotextual.com\/inicio\/index.php\/2025\/07\/18\/se-viene-la-feria-provincial-del-libro-infantil-y-juvenil-en-pico\/#primaryimage"},"thumbnailUrl":"https:\/\/diariotextual.com\/inicio\/wp-content\/uploads\/2025\/07\/alonsolucerojulio2025.jpg","articleSection":["A - ES NOTICIA (van abajo)","CULTURA"],"inLanguage":"es"},{"@type":"WebPage","@id":"https:\/\/diariotextual.com\/inicio\/index.php\/2025\/07\/18\/se-viene-la-feria-provincial-del-libro-infantil-y-juvenil-en-pico\/","url":"https:\/\/diariotextual.com\/inicio\/index.php\/2025\/07\/18\/se-viene-la-feria-provincial-del-libro-infantil-y-juvenil-en-pico\/","name":"Se viene la Feria Provincial del Libro Infantil y Juvenil en Pico - Diario Textual","isPartOf":{"@id":"https:\/\/diariotextual.com\/inicio\/#website"},"primaryImageOfPage":{"@id":"https:\/\/diariotextual.com\/inicio\/index.php\/2025\/07\/18\/se-viene-la-feria-provincial-del-libro-infantil-y-juvenil-en-pico\/#primaryimage"},"image":{"@id":"https:\/\/diariotextual.com\/inicio\/index.php\/2025\/07\/18\/se-viene-la-feria-provincial-del-libro-infantil-y-juvenil-en-pico\/#primaryimage"},"thumbnailUrl":"https:\/\/diariotextual.com\/inicio\/wp-content\/uploads\/2025\/07\/alonsolucerojulio2025.jpg","datePublished":"2025-07-18T22:43:46+00:00","dateModified":"2025-07-18T22:43:48+00:00","breadcrumb":{"@id":"https:\/\/diariotextual.com\/inicio\/index.php\/2025\/07\/18\/se-viene-la-feria-provincial-del-libro-infantil-y-juvenil-en-pico\/#breadcrumb"},"inLanguage":"es","potentialAction":[{"@type":"ReadAction","target":["https:\/\/diariotextual.com\/inicio\/index.php\/2025\/07\/18\/se-viene-la-feria-provincial-del-libro-infantil-y-juvenil-en-pico\/"]}]},{"@type":"ImageObject","inLanguage":"es","@id":"https:\/\/diariotextual.com\/inicio\/index.php\/2025\/07\/18\/se-viene-la-feria-provincial-del-libro-infantil-y-juvenil-en-pico\/#primaryimage","url":"https:\/\/diariotextual.com\/inicio\/wp-content\/uploads\/2025\/07\/alonsolucerojulio2025.jpg","contentUrl":"https:\/\/diariotextual.com\/inicio\/wp-content\/uploads\/2025\/07\/alonsolucerojulio2025.jpg","width":900,"height":597},{"@type":"BreadcrumbList","@id":"https:\/\/diariotextual.com\/inicio\/index.php\/2025\/07\/18\/se-viene-la-feria-provincial-del-libro-infantil-y-juvenil-en-pico\/#breadcrumb","itemListElement":[{"@type":"ListItem","position":1,"name":"Portada","item":"https:\/\/diariotextual.com\/inicio\/"},{"@type":"ListItem","position":2,"name":"Se viene la Feria Provincial del Libro Infantil y Juvenil en Pico"}]},{"@type":"WebSite","@id":"https:\/\/diariotextual.com\/inicio\/#website","url":"https:\/\/diariotextual.com\/inicio\/","name":"Diario Textual","description":"","publisher":{"@id":"https:\/\/diariotextual.com\/inicio\/#organization"},"potentialAction":[{"@type":"SearchAction","target":{"@type":"EntryPoint","urlTemplate":"https:\/\/diariotextual.com\/inicio\/?s={search_term_string}"},"query-input":{"@type":"PropertyValueSpecification","valueRequired":true,"valueName":"search_term_string"}}],"inLanguage":"es"},{"@type":"Organization","@id":"https:\/\/diariotextual.com\/inicio\/#organization","name":"Diario Textual","url":"https:\/\/diariotextual.com\/inicio\/","logo":{"@type":"ImageObject","inLanguage":"es","@id":"https:\/\/diariotextual.com\/inicio\/#\/schema\/logo\/image\/","url":"https:\/\/diariotextual.com\/inicio\/wp-content\/uploads\/2023\/05\/logotextual1.jpg","contentUrl":"https:\/\/diariotextual.com\/inicio\/wp-content\/uploads\/2023\/05\/logotextual1.jpg","width":516,"height":76,"caption":"Diario Textual"},"image":{"@id":"https:\/\/diariotextual.com\/inicio\/#\/schema\/logo\/image\/"},"sameAs":["https:\/\/www.facebook.com\/eltextual","https:\/\/x.com\/eltextual","http:\/\/www.instagram.com\/eltextual"]},{"@type":"Person","@id":"https:\/\/diariotextual.com\/inicio\/#\/schema\/person\/a1b6f563e0ee944c60f98119389a4d9f","name":"diario3","image":{"@type":"ImageObject","inLanguage":"es","@id":"https:\/\/secure.gravatar.com\/avatar\/5e7ee62c82fc04d9dd79d746a390d93c69c43223e5faeeb3ea9461ef752bfc5d?s=96&d=mm&r=g","url":"https:\/\/secure.gravatar.com\/avatar\/5e7ee62c82fc04d9dd79d746a390d93c69c43223e5faeeb3ea9461ef752bfc5d?s=96&d=mm&r=g","contentUrl":"https:\/\/secure.gravatar.com\/avatar\/5e7ee62c82fc04d9dd79d746a390d93c69c43223e5faeeb3ea9461ef752bfc5d?s=96&d=mm&r=g","caption":"diario3"},"url":"https:\/\/diariotextual.com\/inicio\/index.php\/author\/diario3\/"}]}},"_links":{"self":[{"href":"https:\/\/diariotextual.com\/inicio\/index.php\/wp-json\/wp\/v2\/posts\/301782","targetHints":{"allow":["GET"]}}],"collection":[{"href":"https:\/\/diariotextual.com\/inicio\/index.php\/wp-json\/wp\/v2\/posts"}],"about":[{"href":"https:\/\/diariotextual.com\/inicio\/index.php\/wp-json\/wp\/v2\/types\/post"}],"author":[{"embeddable":true,"href":"https:\/\/diariotextual.com\/inicio\/index.php\/wp-json\/wp\/v2\/users\/5"}],"replies":[{"embeddable":true,"href":"https:\/\/diariotextual.com\/inicio\/index.php\/wp-json\/wp\/v2\/comments?post=301782"}],"version-history":[{"count":1,"href":"https:\/\/diariotextual.com\/inicio\/index.php\/wp-json\/wp\/v2\/posts\/301782\/revisions"}],"predecessor-version":[{"id":301784,"href":"https:\/\/diariotextual.com\/inicio\/index.php\/wp-json\/wp\/v2\/posts\/301782\/revisions\/301784"}],"wp:featuredmedia":[{"embeddable":true,"href":"https:\/\/diariotextual.com\/inicio\/index.php\/wp-json\/wp\/v2\/media\/301783"}],"wp:attachment":[{"href":"https:\/\/diariotextual.com\/inicio\/index.php\/wp-json\/wp\/v2\/media?parent=301782"}],"wp:term":[{"taxonomy":"category","embeddable":true,"href":"https:\/\/diariotextual.com\/inicio\/index.php\/wp-json\/wp\/v2\/categories?post=301782"},{"taxonomy":"post_tag","embeddable":true,"href":"https:\/\/diariotextual.com\/inicio\/index.php\/wp-json\/wp\/v2\/tags?post=301782"}],"curies":[{"name":"wp","href":"https:\/\/api.w.org\/{rel}","templated":true}]}}