{"id":301857,"date":"2025-07-20T18:31:18","date_gmt":"2025-07-20T21:31:18","guid":{"rendered":"https:\/\/diariotextual.com\/inicio\/?p=301857"},"modified":"2025-07-20T20:56:20","modified_gmt":"2025-07-20T23:56:20","slug":"el-impactante-escandalo-de-keylor-navas-en-newells-se-declaro-en-rebeldia-y-se-niega-a-jugar","status":"publish","type":"post","link":"https:\/\/diariotextual.com\/inicio\/index.php\/2025\/07\/20\/el-impactante-escandalo-de-keylor-navas-en-newells-se-declaro-en-rebeldia-y-se-niega-a-jugar\/","title":{"rendered":"El impactante esc\u00e1ndalo de Keylor Navas en Newell&#8217;s: se declar\u00f3 en rebeld\u00eda y se niega a jugar"},"content":{"rendered":"\n<p>El arquero costarricense de&nbsp;<strong>Newell\u00b4s Old Boys<\/strong>,&nbsp;<strong>Keylor Navas<\/strong>, se baj\u00f3 nuevamente de la convocatoria del entrenador&nbsp;<strong>Cristian Fabbiani<\/strong>&nbsp;para el duelo de este domingo frente a&nbsp;<strong>Banfield<\/strong>&nbsp;y presiona para forzar su salida del club rosarino.<\/p>\n\n\n\n<p>El tricampe\u00f3n de la&nbsp;<strong>Champions League<\/strong>&nbsp;con el&nbsp;<strong>Real Madrid<\/strong>, al igual que en la primera jornada del&nbsp;<strong>Torneo Clausura<\/strong>&nbsp;frente a&nbsp;<strong>Independiente Rivadavia<\/strong>, volvi\u00f3 a ausentarse en un partido de la \u201c<strong>Lepra<\/strong>\u201d, ratific\u00e1ndola decisi\u00f3n de dejar la instituci\u00f3n.<\/p>\n\n\n\n<p>Ante esto, el principal interesado en hacerse con los servicios del guardameta de 38 ser\u00eda&nbsp;<strong>Pumas de M\u00e9xico<\/strong>, quien desea incorporarlo para el corriente mercado de transferencias. Adem\u00e1s, Navas no ver\u00eda con malos ojos emigrar al exterior para estar m\u00e1s cerca de su familia.<\/p>\n\n\n\n<p>Horas antes del choque ante el \u201c<strong>Taladro<\/strong>\u201d, el presidente de los rojinegros,&nbsp;<strong>Ignacio Astore<\/strong>, intent\u00f3 convencer al arquero de revertir su decisi\u00f3n y que dispute el encuentro, pero no tuvo \u00e9xito, a pesar de haber realizado la entrada en calor con el resto de sus compa\u00f1eros.<\/p>\n\n\n\n<p>El cuadro mexicano hab\u00eda acercado una propuesta inicial de&nbsp;<strong>1 mill\u00f3n de d\u00f3lares<\/strong>&nbsp;por el futbolista, la cual fue rechazada por Newell\u00b4s, ya que la dirigencia de la \u201c<strong>Lepra<\/strong>\u201d pretende dejarlo ir por una mayor suma de dinero.<\/p>\n\n\n\n<p>Luego de haberse perdido el cruce frente a los mendocinos -que termin\u00f3 en derrota para los rosarinos- por un presunto dolor estomacal, Navas pidi\u00f3 disculpas por su ausencia y parec\u00eda que todo hab\u00eda quedado resuelto.<\/p>\n\n\n\n<p>No obstante, la repentina decisi\u00f3n de no formar parte de la nomina para recibir a&nbsp;<strong>Banfield<\/strong>&nbsp;-algo que gener\u00f3 mucho malestar en&nbsp;<strong>Fabbiani<\/strong>&nbsp;y que tuvo que llamar al tercer arquero&nbsp;<strong>Faustino Piotti<\/strong>&nbsp;de urgencia- habr\u00eda terminado de confirmar que la relaci\u00f3n club-jugador estar\u00eda rota.<\/p>\n\n\n\n<p><\/p>\n","protected":false},"excerpt":{"rendered":"<p>El arquero costarricense de&nbsp;Newell\u00b4s Old Boys,&nbsp;Keylor Navas, se baj\u00f3 nuevamente de la convocatoria del entrenador&nbsp;Cristian Fabbiani&nbsp;para el duelo de este domingo frente a&nbsp;Banfield&nbsp;y presiona para forzar su salida del club&hellip;<\/p>\n","protected":false},"author":3,"featured_media":301859,"comment_status":"closed","ping_status":"open","sticky":false,"template":"","format":"standard","meta":{"_acf_changed":false,"footnotes":""},"categories":[1,3],"tags":[],"class_list":["post-301857","post","type-post","status-publish","format-standard","has-post-thumbnail","hentry","category-es-noticia","category-deportes"],"acf":[],"yoast_head":"<!-- This site is optimized with the Yoast SEO plugin v27.4 - https:\/\/yoast.com\/product\/yoast-seo-wordpress\/ -->\n<title>El impactante esc\u00e1ndalo de Keylor Navas en Newell&#039;s: se declar\u00f3 en rebeld\u00eda y se niega a jugar - Diario Textual<\/title>\n<meta name=\"robots\" content=\"index, follow, max-snippet:-1, max-image-preview:large, max-video-preview:-1\" \/>\n<link rel=\"canonical\" href=\"https:\/\/diariotextual.com\/inicio\/index.php\/2025\/07\/20\/el-impactante-escandalo-de-keylor-navas-en-newells-se-declaro-en-rebeldia-y-se-niega-a-jugar\/\" \/>\n<meta property=\"og:locale\" content=\"es_ES\" \/>\n<meta property=\"og:type\" content=\"article\" \/>\n<meta property=\"og:title\" content=\"El impactante esc\u00e1ndalo de Keylor Navas en Newell&#039;s: se declar\u00f3 en rebeld\u00eda y se niega a jugar - Diario Textual\" \/>\n<meta property=\"og:description\" content=\"El arquero costarricense de&nbsp;Newell\u00b4s Old Boys,&nbsp;Keylor Navas, se baj\u00f3 nuevamente de la convocatoria del entrenador&nbsp;Cristian Fabbiani&nbsp;para el duelo de este domingo frente a&nbsp;Banfield&nbsp;y presiona para forzar su salida del club&hellip;\" \/>\n<meta property=\"og:url\" content=\"https:\/\/diariotextual.com\/inicio\/index.php\/2025\/07\/20\/el-impactante-escandalo-de-keylor-navas-en-newells-se-declaro-en-rebeldia-y-se-niega-a-jugar\/\" \/>\n<meta property=\"og:site_name\" content=\"Diario Textual\" \/>\n<meta property=\"article:publisher\" content=\"https:\/\/www.facebook.com\/eltextual\" \/>\n<meta property=\"article:published_time\" content=\"2025-07-20T21:31:18+00:00\" \/>\n<meta property=\"article:modified_time\" content=\"2025-07-20T23:56:20+00:00\" \/>\n<meta property=\"og:image\" content=\"https:\/\/diariotextual.com\/inicio\/wp-content\/uploads\/2025\/07\/navaskeylor2025-1.jpg\" \/>\n\t<meta property=\"og:image:width\" content=\"520\" \/>\n\t<meta property=\"og:image:height\" content=\"331\" \/>\n\t<meta property=\"og:image:type\" content=\"image\/jpeg\" \/>\n<meta name=\"author\" content=\"Diario1 Diario1\" \/>\n<meta name=\"twitter:card\" content=\"summary_large_image\" \/>\n<meta name=\"twitter:creator\" content=\"@eltextual\" \/>\n<meta name=\"twitter:site\" content=\"@eltextual\" \/>\n<meta name=\"twitter:label1\" content=\"Escrito por\" \/>\n\t<meta name=\"twitter:data1\" content=\"Diario1 Diario1\" \/>\n\t<meta name=\"twitter:label2\" content=\"Tiempo de lectura\" \/>\n\t<meta name=\"twitter:data2\" content=\"2 minutos\" \/>\n<script type=\"application\/ld+json\" class=\"yoast-schema-graph\">{\"@context\":\"https:\\\/\\\/schema.org\",\"@graph\":[{\"@type\":\"Article\",\"@id\":\"https:\\\/\\\/diariotextual.com\\\/inicio\\\/index.php\\\/2025\\\/07\\\/20\\\/el-impactante-escandalo-de-keylor-navas-en-newells-se-declaro-en-rebeldia-y-se-niega-a-jugar\\\/#article\",\"isPartOf\":{\"@id\":\"https:\\\/\\\/diariotextual.com\\\/inicio\\\/index.php\\\/2025\\\/07\\\/20\\\/el-impactante-escandalo-de-keylor-navas-en-newells-se-declaro-en-rebeldia-y-se-niega-a-jugar\\\/\"},\"author\":{\"name\":\"Diario1 Diario1\",\"@id\":\"https:\\\/\\\/diariotextual.com\\\/inicio\\\/#\\\/schema\\\/person\\\/418fc4093c33e86ed41562db3508f958\"},\"headline\":\"El impactante esc\u00e1ndalo de Keylor Navas en Newell&#8217;s: se declar\u00f3 en rebeld\u00eda y se niega a jugar\",\"datePublished\":\"2025-07-20T21:31:18+00:00\",\"dateModified\":\"2025-07-20T23:56:20+00:00\",\"mainEntityOfPage\":{\"@id\":\"https:\\\/\\\/diariotextual.com\\\/inicio\\\/index.php\\\/2025\\\/07\\\/20\\\/el-impactante-escandalo-de-keylor-navas-en-newells-se-declaro-en-rebeldia-y-se-niega-a-jugar\\\/\"},\"wordCount\":345,\"publisher\":{\"@id\":\"https:\\\/\\\/diariotextual.com\\\/inicio\\\/#organization\"},\"image\":{\"@id\":\"https:\\\/\\\/diariotextual.com\\\/inicio\\\/index.php\\\/2025\\\/07\\\/20\\\/el-impactante-escandalo-de-keylor-navas-en-newells-se-declaro-en-rebeldia-y-se-niega-a-jugar\\\/#primaryimage\"},\"thumbnailUrl\":\"https:\\\/\\\/diariotextual.com\\\/inicio\\\/wp-content\\\/uploads\\\/2025\\\/07\\\/navaskeylor2025-1.jpg\",\"articleSection\":[\"A - ES NOTICIA (van abajo)\",\"DEPORTES\"],\"inLanguage\":\"es\"},{\"@type\":\"WebPage\",\"@id\":\"https:\\\/\\\/diariotextual.com\\\/inicio\\\/index.php\\\/2025\\\/07\\\/20\\\/el-impactante-escandalo-de-keylor-navas-en-newells-se-declaro-en-rebeldia-y-se-niega-a-jugar\\\/\",\"url\":\"https:\\\/\\\/diariotextual.com\\\/inicio\\\/index.php\\\/2025\\\/07\\\/20\\\/el-impactante-escandalo-de-keylor-navas-en-newells-se-declaro-en-rebeldia-y-se-niega-a-jugar\\\/\",\"name\":\"El impactante esc\u00e1ndalo de Keylor Navas en Newell's: se declar\u00f3 en rebeld\u00eda y se niega a jugar - Diario Textual\",\"isPartOf\":{\"@id\":\"https:\\\/\\\/diariotextual.com\\\/inicio\\\/#website\"},\"primaryImageOfPage\":{\"@id\":\"https:\\\/\\\/diariotextual.com\\\/inicio\\\/index.php\\\/2025\\\/07\\\/20\\\/el-impactante-escandalo-de-keylor-navas-en-newells-se-declaro-en-rebeldia-y-se-niega-a-jugar\\\/#primaryimage\"},\"image\":{\"@id\":\"https:\\\/\\\/diariotextual.com\\\/inicio\\\/index.php\\\/2025\\\/07\\\/20\\\/el-impactante-escandalo-de-keylor-navas-en-newells-se-declaro-en-rebeldia-y-se-niega-a-jugar\\\/#primaryimage\"},\"thumbnailUrl\":\"https:\\\/\\\/diariotextual.com\\\/inicio\\\/wp-content\\\/uploads\\\/2025\\\/07\\\/navaskeylor2025-1.jpg\",\"datePublished\":\"2025-07-20T21:31:18+00:00\",\"dateModified\":\"2025-07-20T23:56:20+00:00\",\"breadcrumb\":{\"@id\":\"https:\\\/\\\/diariotextual.com\\\/inicio\\\/index.php\\\/2025\\\/07\\\/20\\\/el-impactante-escandalo-de-keylor-navas-en-newells-se-declaro-en-rebeldia-y-se-niega-a-jugar\\\/#breadcrumb\"},\"inLanguage\":\"es\",\"potentialAction\":[{\"@type\":\"ReadAction\",\"target\":[\"https:\\\/\\\/diariotextual.com\\\/inicio\\\/index.php\\\/2025\\\/07\\\/20\\\/el-impactante-escandalo-de-keylor-navas-en-newells-se-declaro-en-rebeldia-y-se-niega-a-jugar\\\/\"]}]},{\"@type\":\"ImageObject\",\"inLanguage\":\"es\",\"@id\":\"https:\\\/\\\/diariotextual.com\\\/inicio\\\/index.php\\\/2025\\\/07\\\/20\\\/el-impactante-escandalo-de-keylor-navas-en-newells-se-declaro-en-rebeldia-y-se-niega-a-jugar\\\/#primaryimage\",\"url\":\"https:\\\/\\\/diariotextual.com\\\/inicio\\\/wp-content\\\/uploads\\\/2025\\\/07\\\/navaskeylor2025-1.jpg\",\"contentUrl\":\"https:\\\/\\\/diariotextual.com\\\/inicio\\\/wp-content\\\/uploads\\\/2025\\\/07\\\/navaskeylor2025-1.jpg\",\"width\":520,\"height\":331},{\"@type\":\"BreadcrumbList\",\"@id\":\"https:\\\/\\\/diariotextual.com\\\/inicio\\\/index.php\\\/2025\\\/07\\\/20\\\/el-impactante-escandalo-de-keylor-navas-en-newells-se-declaro-en-rebeldia-y-se-niega-a-jugar\\\/#breadcrumb\",\"itemListElement\":[{\"@type\":\"ListItem\",\"position\":1,\"name\":\"Portada\",\"item\":\"https:\\\/\\\/diariotextual.com\\\/inicio\\\/\"},{\"@type\":\"ListItem\",\"position\":2,\"name\":\"El impactante esc\u00e1ndalo de Keylor Navas en Newell&#8217;s: se declar\u00f3 en rebeld\u00eda y se niega a jugar\"}]},{\"@type\":\"WebSite\",\"@id\":\"https:\\\/\\\/diariotextual.com\\\/inicio\\\/#website\",\"url\":\"https:\\\/\\\/diariotextual.com\\\/inicio\\\/\",\"name\":\"Diario Textual\",\"description\":\"\",\"publisher\":{\"@id\":\"https:\\\/\\\/diariotextual.com\\\/inicio\\\/#organization\"},\"potentialAction\":[{\"@type\":\"SearchAction\",\"target\":{\"@type\":\"EntryPoint\",\"urlTemplate\":\"https:\\\/\\\/diariotextual.com\\\/inicio\\\/?s={search_term_string}\"},\"query-input\":{\"@type\":\"PropertyValueSpecification\",\"valueRequired\":true,\"valueName\":\"search_term_string\"}}],\"inLanguage\":\"es\"},{\"@type\":\"Organization\",\"@id\":\"https:\\\/\\\/diariotextual.com\\\/inicio\\\/#organization\",\"name\":\"Diario Textual\",\"url\":\"https:\\\/\\\/diariotextual.com\\\/inicio\\\/\",\"logo\":{\"@type\":\"ImageObject\",\"inLanguage\":\"es\",\"@id\":\"https:\\\/\\\/diariotextual.com\\\/inicio\\\/#\\\/schema\\\/logo\\\/image\\\/\",\"url\":\"https:\\\/\\\/diariotextual.com\\\/inicio\\\/wp-content\\\/uploads\\\/2023\\\/05\\\/logotextual1.jpg\",\"contentUrl\":\"https:\\\/\\\/diariotextual.com\\\/inicio\\\/wp-content\\\/uploads\\\/2023\\\/05\\\/logotextual1.jpg\",\"width\":516,\"height\":76,\"caption\":\"Diario Textual\"},\"image\":{\"@id\":\"https:\\\/\\\/diariotextual.com\\\/inicio\\\/#\\\/schema\\\/logo\\\/image\\\/\"},\"sameAs\":[\"https:\\\/\\\/www.facebook.com\\\/eltextual\",\"https:\\\/\\\/x.com\\\/eltextual\",\"http:\\\/\\\/www.instagram.com\\\/eltextual\"]},{\"@type\":\"Person\",\"@id\":\"https:\\\/\\\/diariotextual.com\\\/inicio\\\/#\\\/schema\\\/person\\\/418fc4093c33e86ed41562db3508f958\",\"name\":\"Diario1 Diario1\",\"image\":{\"@type\":\"ImageObject\",\"inLanguage\":\"es\",\"@id\":\"https:\\\/\\\/secure.gravatar.com\\\/avatar\\\/9167d280179c85bc18be67aa7eda765854300033af4896dd779b608640f2ef7a?s=96&d=mm&r=g\",\"url\":\"https:\\\/\\\/secure.gravatar.com\\\/avatar\\\/9167d280179c85bc18be67aa7eda765854300033af4896dd779b608640f2ef7a?s=96&d=mm&r=g\",\"contentUrl\":\"https:\\\/\\\/secure.gravatar.com\\\/avatar\\\/9167d280179c85bc18be67aa7eda765854300033af4896dd779b608640f2ef7a?s=96&d=mm&r=g\",\"caption\":\"Diario1 Diario1\"},\"url\":\"https:\\\/\\\/diariotextual.com\\\/inicio\\\/index.php\\\/author\\\/diario1\\\/\"}]}<\/script>\n<!-- \/ Yoast SEO plugin. -->","yoast_head_json":{"title":"El impactante esc\u00e1ndalo de Keylor Navas en Newell's: se declar\u00f3 en rebeld\u00eda y se niega a jugar - Diario Textual","robots":{"index":"index","follow":"follow","max-snippet":"max-snippet:-1","max-image-preview":"max-image-preview:large","max-video-preview":"max-video-preview:-1"},"canonical":"https:\/\/diariotextual.com\/inicio\/index.php\/2025\/07\/20\/el-impactante-escandalo-de-keylor-navas-en-newells-se-declaro-en-rebeldia-y-se-niega-a-jugar\/","og_locale":"es_ES","og_type":"article","og_title":"El impactante esc\u00e1ndalo de Keylor Navas en Newell's: se declar\u00f3 en rebeld\u00eda y se niega a jugar - Diario Textual","og_description":"El arquero costarricense de&nbsp;Newell\u00b4s Old Boys,&nbsp;Keylor Navas, se baj\u00f3 nuevamente de la convocatoria del entrenador&nbsp;Cristian Fabbiani&nbsp;para el duelo de este domingo frente a&nbsp;Banfield&nbsp;y presiona para forzar su salida del club&hellip;","og_url":"https:\/\/diariotextual.com\/inicio\/index.php\/2025\/07\/20\/el-impactante-escandalo-de-keylor-navas-en-newells-se-declaro-en-rebeldia-y-se-niega-a-jugar\/","og_site_name":"Diario Textual","article_publisher":"https:\/\/www.facebook.com\/eltextual","article_published_time":"2025-07-20T21:31:18+00:00","article_modified_time":"2025-07-20T23:56:20+00:00","og_image":[{"width":520,"height":331,"url":"https:\/\/diariotextual.com\/inicio\/wp-content\/uploads\/2025\/07\/navaskeylor2025-1.jpg","type":"image\/jpeg"}],"author":"Diario1 Diario1","twitter_card":"summary_large_image","twitter_creator":"@eltextual","twitter_site":"@eltextual","twitter_misc":{"Escrito por":"Diario1 Diario1","Tiempo de lectura":"2 minutos"},"schema":{"@context":"https:\/\/schema.org","@graph":[{"@type":"Article","@id":"https:\/\/diariotextual.com\/inicio\/index.php\/2025\/07\/20\/el-impactante-escandalo-de-keylor-navas-en-newells-se-declaro-en-rebeldia-y-se-niega-a-jugar\/#article","isPartOf":{"@id":"https:\/\/diariotextual.com\/inicio\/index.php\/2025\/07\/20\/el-impactante-escandalo-de-keylor-navas-en-newells-se-declaro-en-rebeldia-y-se-niega-a-jugar\/"},"author":{"name":"Diario1 Diario1","@id":"https:\/\/diariotextual.com\/inicio\/#\/schema\/person\/418fc4093c33e86ed41562db3508f958"},"headline":"El impactante esc\u00e1ndalo de Keylor Navas en Newell&#8217;s: se declar\u00f3 en rebeld\u00eda y se niega a jugar","datePublished":"2025-07-20T21:31:18+00:00","dateModified":"2025-07-20T23:56:20+00:00","mainEntityOfPage":{"@id":"https:\/\/diariotextual.com\/inicio\/index.php\/2025\/07\/20\/el-impactante-escandalo-de-keylor-navas-en-newells-se-declaro-en-rebeldia-y-se-niega-a-jugar\/"},"wordCount":345,"publisher":{"@id":"https:\/\/diariotextual.com\/inicio\/#organization"},"image":{"@id":"https:\/\/diariotextual.com\/inicio\/index.php\/2025\/07\/20\/el-impactante-escandalo-de-keylor-navas-en-newells-se-declaro-en-rebeldia-y-se-niega-a-jugar\/#primaryimage"},"thumbnailUrl":"https:\/\/diariotextual.com\/inicio\/wp-content\/uploads\/2025\/07\/navaskeylor2025-1.jpg","articleSection":["A - ES NOTICIA (van abajo)","DEPORTES"],"inLanguage":"es"},{"@type":"WebPage","@id":"https:\/\/diariotextual.com\/inicio\/index.php\/2025\/07\/20\/el-impactante-escandalo-de-keylor-navas-en-newells-se-declaro-en-rebeldia-y-se-niega-a-jugar\/","url":"https:\/\/diariotextual.com\/inicio\/index.php\/2025\/07\/20\/el-impactante-escandalo-de-keylor-navas-en-newells-se-declaro-en-rebeldia-y-se-niega-a-jugar\/","name":"El impactante esc\u00e1ndalo de Keylor Navas en Newell's: se declar\u00f3 en rebeld\u00eda y se niega a jugar - Diario Textual","isPartOf":{"@id":"https:\/\/diariotextual.com\/inicio\/#website"},"primaryImageOfPage":{"@id":"https:\/\/diariotextual.com\/inicio\/index.php\/2025\/07\/20\/el-impactante-escandalo-de-keylor-navas-en-newells-se-declaro-en-rebeldia-y-se-niega-a-jugar\/#primaryimage"},"image":{"@id":"https:\/\/diariotextual.com\/inicio\/index.php\/2025\/07\/20\/el-impactante-escandalo-de-keylor-navas-en-newells-se-declaro-en-rebeldia-y-se-niega-a-jugar\/#primaryimage"},"thumbnailUrl":"https:\/\/diariotextual.com\/inicio\/wp-content\/uploads\/2025\/07\/navaskeylor2025-1.jpg","datePublished":"2025-07-20T21:31:18+00:00","dateModified":"2025-07-20T23:56:20+00:00","breadcrumb":{"@id":"https:\/\/diariotextual.com\/inicio\/index.php\/2025\/07\/20\/el-impactante-escandalo-de-keylor-navas-en-newells-se-declaro-en-rebeldia-y-se-niega-a-jugar\/#breadcrumb"},"inLanguage":"es","potentialAction":[{"@type":"ReadAction","target":["https:\/\/diariotextual.com\/inicio\/index.php\/2025\/07\/20\/el-impactante-escandalo-de-keylor-navas-en-newells-se-declaro-en-rebeldia-y-se-niega-a-jugar\/"]}]},{"@type":"ImageObject","inLanguage":"es","@id":"https:\/\/diariotextual.com\/inicio\/index.php\/2025\/07\/20\/el-impactante-escandalo-de-keylor-navas-en-newells-se-declaro-en-rebeldia-y-se-niega-a-jugar\/#primaryimage","url":"https:\/\/diariotextual.com\/inicio\/wp-content\/uploads\/2025\/07\/navaskeylor2025-1.jpg","contentUrl":"https:\/\/diariotextual.com\/inicio\/wp-content\/uploads\/2025\/07\/navaskeylor2025-1.jpg","width":520,"height":331},{"@type":"BreadcrumbList","@id":"https:\/\/diariotextual.com\/inicio\/index.php\/2025\/07\/20\/el-impactante-escandalo-de-keylor-navas-en-newells-se-declaro-en-rebeldia-y-se-niega-a-jugar\/#breadcrumb","itemListElement":[{"@type":"ListItem","position":1,"name":"Portada","item":"https:\/\/diariotextual.com\/inicio\/"},{"@type":"ListItem","position":2,"name":"El impactante esc\u00e1ndalo de Keylor Navas en Newell&#8217;s: se declar\u00f3 en rebeld\u00eda y se niega a jugar"}]},{"@type":"WebSite","@id":"https:\/\/diariotextual.com\/inicio\/#website","url":"https:\/\/diariotextual.com\/inicio\/","name":"Diario Textual","description":"","publisher":{"@id":"https:\/\/diariotextual.com\/inicio\/#organization"},"potentialAction":[{"@type":"SearchAction","target":{"@type":"EntryPoint","urlTemplate":"https:\/\/diariotextual.com\/inicio\/?s={search_term_string}"},"query-input":{"@type":"PropertyValueSpecification","valueRequired":true,"valueName":"search_term_string"}}],"inLanguage":"es"},{"@type":"Organization","@id":"https:\/\/diariotextual.com\/inicio\/#organization","name":"Diario Textual","url":"https:\/\/diariotextual.com\/inicio\/","logo":{"@type":"ImageObject","inLanguage":"es","@id":"https:\/\/diariotextual.com\/inicio\/#\/schema\/logo\/image\/","url":"https:\/\/diariotextual.com\/inicio\/wp-content\/uploads\/2023\/05\/logotextual1.jpg","contentUrl":"https:\/\/diariotextual.com\/inicio\/wp-content\/uploads\/2023\/05\/logotextual1.jpg","width":516,"height":76,"caption":"Diario Textual"},"image":{"@id":"https:\/\/diariotextual.com\/inicio\/#\/schema\/logo\/image\/"},"sameAs":["https:\/\/www.facebook.com\/eltextual","https:\/\/x.com\/eltextual","http:\/\/www.instagram.com\/eltextual"]},{"@type":"Person","@id":"https:\/\/diariotextual.com\/inicio\/#\/schema\/person\/418fc4093c33e86ed41562db3508f958","name":"Diario1 Diario1","image":{"@type":"ImageObject","inLanguage":"es","@id":"https:\/\/secure.gravatar.com\/avatar\/9167d280179c85bc18be67aa7eda765854300033af4896dd779b608640f2ef7a?s=96&d=mm&r=g","url":"https:\/\/secure.gravatar.com\/avatar\/9167d280179c85bc18be67aa7eda765854300033af4896dd779b608640f2ef7a?s=96&d=mm&r=g","contentUrl":"https:\/\/secure.gravatar.com\/avatar\/9167d280179c85bc18be67aa7eda765854300033af4896dd779b608640f2ef7a?s=96&d=mm&r=g","caption":"Diario1 Diario1"},"url":"https:\/\/diariotextual.com\/inicio\/index.php\/author\/diario1\/"}]}},"_links":{"self":[{"href":"https:\/\/diariotextual.com\/inicio\/index.php\/wp-json\/wp\/v2\/posts\/301857","targetHints":{"allow":["GET"]}}],"collection":[{"href":"https:\/\/diariotextual.com\/inicio\/index.php\/wp-json\/wp\/v2\/posts"}],"about":[{"href":"https:\/\/diariotextual.com\/inicio\/index.php\/wp-json\/wp\/v2\/types\/post"}],"author":[{"embeddable":true,"href":"https:\/\/diariotextual.com\/inicio\/index.php\/wp-json\/wp\/v2\/users\/3"}],"replies":[{"embeddable":true,"href":"https:\/\/diariotextual.com\/inicio\/index.php\/wp-json\/wp\/v2\/comments?post=301857"}],"version-history":[{"count":1,"href":"https:\/\/diariotextual.com\/inicio\/index.php\/wp-json\/wp\/v2\/posts\/301857\/revisions"}],"predecessor-version":[{"id":301858,"href":"https:\/\/diariotextual.com\/inicio\/index.php\/wp-json\/wp\/v2\/posts\/301857\/revisions\/301858"}],"wp:featuredmedia":[{"embeddable":true,"href":"https:\/\/diariotextual.com\/inicio\/index.php\/wp-json\/wp\/v2\/media\/301859"}],"wp:attachment":[{"href":"https:\/\/diariotextual.com\/inicio\/index.php\/wp-json\/wp\/v2\/media?parent=301857"}],"wp:term":[{"taxonomy":"category","embeddable":true,"href":"https:\/\/diariotextual.com\/inicio\/index.php\/wp-json\/wp\/v2\/categories?post=301857"},{"taxonomy":"post_tag","embeddable":true,"href":"https:\/\/diariotextual.com\/inicio\/index.php\/wp-json\/wp\/v2\/tags?post=301857"}],"curies":[{"name":"wp","href":"https:\/\/api.w.org\/{rel}","templated":true}]}}