{"id":302492,"date":"2025-07-28T21:25:49","date_gmt":"2025-07-29T00:25:49","guid":{"rendered":"https:\/\/diariotextual.com\/inicio\/?p=302492"},"modified":"2025-07-29T18:40:33","modified_gmt":"2025-07-29T21:40:33","slug":"nueva-renuncia-en-el-gobierno-nacional-se-fue-el-presidente-del-senasa","status":"publish","type":"post","link":"https:\/\/diariotextual.com\/inicio\/index.php\/2025\/07\/28\/nueva-renuncia-en-el-gobierno-nacional-se-fue-el-presidente-del-senasa\/","title":{"rendered":"Nueva renuncia en el Gobierno nacional: se fue el presidente del Senasa"},"content":{"rendered":"\n<p>El presidente del Servicio Nacional de Sanidad Agroalimentaria (Senasa), Pablo Cortese, present\u00f3 su renuncia en medio de un conflicto que escal\u00f3 desde las oficinas t\u00e9cnicas hasta el despacho presidencial: la <strong>\u201cguerra de los laboratorios\u201d por la importaci\u00f3n de la vacuna contra la fiebre aftosa.<\/strong><\/p>\n\n\n\n<p>Seg\u00fan la agencia Noticias Argentinas, la salida de Cortese, tras menos de ocho meses de gesti\u00f3n, es el final de una pelea creciente. El funcionario qued\u00f3 en el centro de una fuerte interna con el gobierno, presiones del sector privado y una denuncia que lo empujaron a dar un paso al costado.<\/p>\n\n\n\n<p>El conflicto se encendi\u00f3 cuando, bajo su gesti\u00f3n, se habilit\u00f3 una importaci\u00f3n m\u00e1s \u00e1gil de productos veterinarios, una medida impulsada por el gobierno de Javier Milei para bajar los costos para el campo. La decisi\u00f3n gener\u00f3 el rechazo de los laboratorios locales. La tensi\u00f3n explot\u00f3 cuando uno de los laboratorios m\u00e1s grandes del pa\u00eds, le envi\u00f3 una carta documento por un lote de vacunas importado por su competidora.<\/p>\n\n\n\n<p>Aunque Cortese respondi\u00f3 que la acusaci\u00f3n era \u201ctotalmente improcedente\u201d, la pol\u00e9mica ya estaba instalada. A esto se sum\u00f3 el fuerte respaldo del presidente Javier Milei y del ministro de Desregulaci\u00f3n, Federico Sturzenegger, a la apertura del mercado. <strong>\u201cVamos a tener vacunas a mitad de precio\u201d, celebr\u00f3 Milei en la Expo Rural. \u201cNos est\u00e1n estafando\u201d, agreg\u00f3 Sturzenegger, dejando a Cortese <\/strong>en una posici\u00f3n de soledad.<\/p>\n\n\n\n<p>Desde la<strong> C\u00e1mara de laboratorios (Caprove) advirtieron que estas medidas ponen en riesgo a una industria que emplea a m\u00e1s de 8.000 personas y exporta por m\u00e1s de 100 millones de d\u00f3lares<\/strong> al a\u00f1o. Cortese, un t\u00e9cnico de perfil bajo, no pudo sostenerse frente a tanta presi\u00f3n y dej\u00f3 un organismo clave en medio de una guerra pol\u00edtica, sanitaria y comercial.<\/p>\n\n\n\n<p><strong>Mart\u00edn Ardohain, diputado nacional del PRO La Pampa<\/strong>, hab\u00eda trabajado el tema del costo de la vacuna desde que comenz\u00f3 el gobierno de Milei y manifest\u00f3 su satisfacci\u00f3n con la medida de importar las vacunas antiaftosa. \u00a0\u201c<strong>Excelente medida del Senasa. El trabajo en conjunto y el esfuerzo de los productores, han dado sus frutos<\/strong>\u201d, destac\u00f3, en mayo de este a\u00f1o, el legislador pampeano, luego de una reuni\u00f3n con el entonces presidente del Senasa.<\/p>\n\n\n\n<p><strong>\u201cLe expres\u00e9 mi gran preocupaci\u00f3n por el precio de la vacuna contra la aftosa <\/strong>y la importancia de dejar de vacunar las categor\u00edas que van a faena y una r\u00e1pida baja de precios o permitir importar vacunas desde La Pampa, Argentina\u201d, hab\u00eda expresado el diputado del Pro pampeano luego de reunirse con Cortese.<\/p>\n","protected":false},"excerpt":{"rendered":"<p>El presidente del Servicio Nacional de Sanidad Agroalimentaria (Senasa), Pablo Cortese, present\u00f3 su renuncia en medio de un conflicto que escal\u00f3 desde las oficinas t\u00e9cnicas hasta el despacho presidencial: la&hellip;<\/p>\n","protected":false},"author":5,"featured_media":302493,"comment_status":"closed","ping_status":"open","sticky":false,"template":"","format":"standard","meta":{"_acf_changed":false,"footnotes":""},"categories":[1,20],"tags":[],"class_list":["post-302492","post","type-post","status-publish","format-standard","has-post-thumbnail","hentry","category-es-noticia","category-campo"],"acf":[],"yoast_head":"<!-- This site is optimized with the Yoast SEO plugin v27.5 - https:\/\/yoast.com\/product\/yoast-seo-wordpress\/ -->\n<title>Nueva renuncia en el Gobierno nacional: se fue el presidente del Senasa - Diario Textual<\/title>\n<meta name=\"robots\" content=\"index, follow, max-snippet:-1, max-image-preview:large, max-video-preview:-1\" \/>\n<link rel=\"canonical\" href=\"https:\/\/diariotextual.com\/inicio\/index.php\/2025\/07\/28\/nueva-renuncia-en-el-gobierno-nacional-se-fue-el-presidente-del-senasa\/\" \/>\n<meta property=\"og:locale\" content=\"es_ES\" \/>\n<meta property=\"og:type\" content=\"article\" \/>\n<meta property=\"og:title\" content=\"Nueva renuncia en el Gobierno nacional: se fue el presidente del Senasa - Diario Textual\" \/>\n<meta property=\"og:description\" content=\"El presidente del Servicio Nacional de Sanidad Agroalimentaria (Senasa), Pablo Cortese, present\u00f3 su renuncia en medio de un conflicto que escal\u00f3 desde las oficinas t\u00e9cnicas hasta el despacho presidencial: la&hellip;\" \/>\n<meta property=\"og:url\" content=\"https:\/\/diariotextual.com\/inicio\/index.php\/2025\/07\/28\/nueva-renuncia-en-el-gobierno-nacional-se-fue-el-presidente-del-senasa\/\" \/>\n<meta property=\"og:site_name\" content=\"Diario Textual\" \/>\n<meta property=\"article:publisher\" content=\"https:\/\/www.facebook.com\/eltextual\" \/>\n<meta property=\"article:published_time\" content=\"2025-07-29T00:25:49+00:00\" \/>\n<meta property=\"article:modified_time\" content=\"2025-07-29T21:40:33+00:00\" \/>\n<meta name=\"author\" content=\"diario3\" \/>\n<meta name=\"twitter:card\" content=\"summary_large_image\" \/>\n<meta name=\"twitter:creator\" content=\"@eltextual\" \/>\n<meta name=\"twitter:site\" content=\"@eltextual\" \/>\n<meta name=\"twitter:label1\" content=\"Escrito por\" \/>\n\t<meta name=\"twitter:data1\" content=\"diario3\" \/>\n\t<meta name=\"twitter:label2\" content=\"Tiempo de lectura\" \/>\n\t<meta name=\"twitter:data2\" content=\"3 minutos\" \/>\n<script type=\"application\/ld+json\" class=\"yoast-schema-graph\">{\"@context\":\"https:\\\/\\\/schema.org\",\"@graph\":[{\"@type\":\"Article\",\"@id\":\"https:\\\/\\\/diariotextual.com\\\/inicio\\\/index.php\\\/2025\\\/07\\\/28\\\/nueva-renuncia-en-el-gobierno-nacional-se-fue-el-presidente-del-senasa\\\/#article\",\"isPartOf\":{\"@id\":\"https:\\\/\\\/diariotextual.com\\\/inicio\\\/index.php\\\/2025\\\/07\\\/28\\\/nueva-renuncia-en-el-gobierno-nacional-se-fue-el-presidente-del-senasa\\\/\"},\"author\":{\"name\":\"diario3\",\"@id\":\"https:\\\/\\\/diariotextual.com\\\/inicio\\\/#\\\/schema\\\/person\\\/a1b6f563e0ee944c60f98119389a4d9f\"},\"headline\":\"Nueva renuncia en el Gobierno nacional: se fue el presidente del Senasa\",\"datePublished\":\"2025-07-29T00:25:49+00:00\",\"dateModified\":\"2025-07-29T21:40:33+00:00\",\"mainEntityOfPage\":{\"@id\":\"https:\\\/\\\/diariotextual.com\\\/inicio\\\/index.php\\\/2025\\\/07\\\/28\\\/nueva-renuncia-en-el-gobierno-nacional-se-fue-el-presidente-del-senasa\\\/\"},\"wordCount\":458,\"publisher\":{\"@id\":\"https:\\\/\\\/diariotextual.com\\\/inicio\\\/#organization\"},\"image\":{\"@id\":\"https:\\\/\\\/diariotextual.com\\\/inicio\\\/index.php\\\/2025\\\/07\\\/28\\\/nueva-renuncia-en-el-gobierno-nacional-se-fue-el-presidente-del-senasa\\\/#primaryimage\"},\"thumbnailUrl\":\"https:\\\/\\\/diariotextual.com\\\/inicio\\\/wp-content\\\/uploads\\\/2025\\\/07\\\/cortesesenasa2025.avif\",\"articleSection\":[\"A - ES NOTICIA (van abajo)\",\"CAMPO\"],\"inLanguage\":\"es\"},{\"@type\":\"WebPage\",\"@id\":\"https:\\\/\\\/diariotextual.com\\\/inicio\\\/index.php\\\/2025\\\/07\\\/28\\\/nueva-renuncia-en-el-gobierno-nacional-se-fue-el-presidente-del-senasa\\\/\",\"url\":\"https:\\\/\\\/diariotextual.com\\\/inicio\\\/index.php\\\/2025\\\/07\\\/28\\\/nueva-renuncia-en-el-gobierno-nacional-se-fue-el-presidente-del-senasa\\\/\",\"name\":\"Nueva renuncia en el Gobierno nacional: se fue el presidente del Senasa - Diario Textual\",\"isPartOf\":{\"@id\":\"https:\\\/\\\/diariotextual.com\\\/inicio\\\/#website\"},\"primaryImageOfPage\":{\"@id\":\"https:\\\/\\\/diariotextual.com\\\/inicio\\\/index.php\\\/2025\\\/07\\\/28\\\/nueva-renuncia-en-el-gobierno-nacional-se-fue-el-presidente-del-senasa\\\/#primaryimage\"},\"image\":{\"@id\":\"https:\\\/\\\/diariotextual.com\\\/inicio\\\/index.php\\\/2025\\\/07\\\/28\\\/nueva-renuncia-en-el-gobierno-nacional-se-fue-el-presidente-del-senasa\\\/#primaryimage\"},\"thumbnailUrl\":\"https:\\\/\\\/diariotextual.com\\\/inicio\\\/wp-content\\\/uploads\\\/2025\\\/07\\\/cortesesenasa2025.avif\",\"datePublished\":\"2025-07-29T00:25:49+00:00\",\"dateModified\":\"2025-07-29T21:40:33+00:00\",\"breadcrumb\":{\"@id\":\"https:\\\/\\\/diariotextual.com\\\/inicio\\\/index.php\\\/2025\\\/07\\\/28\\\/nueva-renuncia-en-el-gobierno-nacional-se-fue-el-presidente-del-senasa\\\/#breadcrumb\"},\"inLanguage\":\"es\",\"potentialAction\":[{\"@type\":\"ReadAction\",\"target\":[\"https:\\\/\\\/diariotextual.com\\\/inicio\\\/index.php\\\/2025\\\/07\\\/28\\\/nueva-renuncia-en-el-gobierno-nacional-se-fue-el-presidente-del-senasa\\\/\"]}]},{\"@type\":\"ImageObject\",\"inLanguage\":\"es\",\"@id\":\"https:\\\/\\\/diariotextual.com\\\/inicio\\\/index.php\\\/2025\\\/07\\\/28\\\/nueva-renuncia-en-el-gobierno-nacional-se-fue-el-presidente-del-senasa\\\/#primaryimage\",\"url\":\"https:\\\/\\\/diariotextual.com\\\/inicio\\\/wp-content\\\/uploads\\\/2025\\\/07\\\/cortesesenasa2025.avif\",\"contentUrl\":\"https:\\\/\\\/diariotextual.com\\\/inicio\\\/wp-content\\\/uploads\\\/2025\\\/07\\\/cortesesenasa2025.avif\",\"width\":1200,\"height\":800},{\"@type\":\"BreadcrumbList\",\"@id\":\"https:\\\/\\\/diariotextual.com\\\/inicio\\\/index.php\\\/2025\\\/07\\\/28\\\/nueva-renuncia-en-el-gobierno-nacional-se-fue-el-presidente-del-senasa\\\/#breadcrumb\",\"itemListElement\":[{\"@type\":\"ListItem\",\"position\":1,\"name\":\"Portada\",\"item\":\"https:\\\/\\\/diariotextual.com\\\/inicio\\\/\"},{\"@type\":\"ListItem\",\"position\":2,\"name\":\"Nueva renuncia en el Gobierno nacional: se fue el presidente del Senasa\"}]},{\"@type\":\"WebSite\",\"@id\":\"https:\\\/\\\/diariotextual.com\\\/inicio\\\/#website\",\"url\":\"https:\\\/\\\/diariotextual.com\\\/inicio\\\/\",\"name\":\"Diario Textual\",\"description\":\"\",\"publisher\":{\"@id\":\"https:\\\/\\\/diariotextual.com\\\/inicio\\\/#organization\"},\"potentialAction\":[{\"@type\":\"SearchAction\",\"target\":{\"@type\":\"EntryPoint\",\"urlTemplate\":\"https:\\\/\\\/diariotextual.com\\\/inicio\\\/?s={search_term_string}\"},\"query-input\":{\"@type\":\"PropertyValueSpecification\",\"valueRequired\":true,\"valueName\":\"search_term_string\"}}],\"inLanguage\":\"es\"},{\"@type\":\"Organization\",\"@id\":\"https:\\\/\\\/diariotextual.com\\\/inicio\\\/#organization\",\"name\":\"Diario Textual\",\"url\":\"https:\\\/\\\/diariotextual.com\\\/inicio\\\/\",\"logo\":{\"@type\":\"ImageObject\",\"inLanguage\":\"es\",\"@id\":\"https:\\\/\\\/diariotextual.com\\\/inicio\\\/#\\\/schema\\\/logo\\\/image\\\/\",\"url\":\"https:\\\/\\\/diariotextual.com\\\/inicio\\\/wp-content\\\/uploads\\\/2023\\\/05\\\/logotextual1.jpg\",\"contentUrl\":\"https:\\\/\\\/diariotextual.com\\\/inicio\\\/wp-content\\\/uploads\\\/2023\\\/05\\\/logotextual1.jpg\",\"width\":516,\"height\":76,\"caption\":\"Diario Textual\"},\"image\":{\"@id\":\"https:\\\/\\\/diariotextual.com\\\/inicio\\\/#\\\/schema\\\/logo\\\/image\\\/\"},\"sameAs\":[\"https:\\\/\\\/www.facebook.com\\\/eltextual\",\"https:\\\/\\\/x.com\\\/eltextual\",\"http:\\\/\\\/www.instagram.com\\\/eltextual\"]},{\"@type\":\"Person\",\"@id\":\"https:\\\/\\\/diariotextual.com\\\/inicio\\\/#\\\/schema\\\/person\\\/a1b6f563e0ee944c60f98119389a4d9f\",\"name\":\"diario3\",\"image\":{\"@type\":\"ImageObject\",\"inLanguage\":\"es\",\"@id\":\"https:\\\/\\\/secure.gravatar.com\\\/avatar\\\/5e7ee62c82fc04d9dd79d746a390d93c69c43223e5faeeb3ea9461ef752bfc5d?s=96&d=mm&r=g\",\"url\":\"https:\\\/\\\/secure.gravatar.com\\\/avatar\\\/5e7ee62c82fc04d9dd79d746a390d93c69c43223e5faeeb3ea9461ef752bfc5d?s=96&d=mm&r=g\",\"contentUrl\":\"https:\\\/\\\/secure.gravatar.com\\\/avatar\\\/5e7ee62c82fc04d9dd79d746a390d93c69c43223e5faeeb3ea9461ef752bfc5d?s=96&d=mm&r=g\",\"caption\":\"diario3\"},\"url\":\"https:\\\/\\\/diariotextual.com\\\/inicio\\\/index.php\\\/author\\\/diario3\\\/\"}]}<\/script>\n<!-- \/ Yoast SEO plugin. -->","yoast_head_json":{"title":"Nueva renuncia en el Gobierno nacional: se fue el presidente del Senasa - Diario Textual","robots":{"index":"index","follow":"follow","max-snippet":"max-snippet:-1","max-image-preview":"max-image-preview:large","max-video-preview":"max-video-preview:-1"},"canonical":"https:\/\/diariotextual.com\/inicio\/index.php\/2025\/07\/28\/nueva-renuncia-en-el-gobierno-nacional-se-fue-el-presidente-del-senasa\/","og_locale":"es_ES","og_type":"article","og_title":"Nueva renuncia en el Gobierno nacional: se fue el presidente del Senasa - Diario Textual","og_description":"El presidente del Servicio Nacional de Sanidad Agroalimentaria (Senasa), Pablo Cortese, present\u00f3 su renuncia en medio de un conflicto que escal\u00f3 desde las oficinas t\u00e9cnicas hasta el despacho presidencial: la&hellip;","og_url":"https:\/\/diariotextual.com\/inicio\/index.php\/2025\/07\/28\/nueva-renuncia-en-el-gobierno-nacional-se-fue-el-presidente-del-senasa\/","og_site_name":"Diario Textual","article_publisher":"https:\/\/www.facebook.com\/eltextual","article_published_time":"2025-07-29T00:25:49+00:00","article_modified_time":"2025-07-29T21:40:33+00:00","author":"diario3","twitter_card":"summary_large_image","twitter_creator":"@eltextual","twitter_site":"@eltextual","twitter_misc":{"Escrito por":"diario3","Tiempo de lectura":"3 minutos"},"schema":{"@context":"https:\/\/schema.org","@graph":[{"@type":"Article","@id":"https:\/\/diariotextual.com\/inicio\/index.php\/2025\/07\/28\/nueva-renuncia-en-el-gobierno-nacional-se-fue-el-presidente-del-senasa\/#article","isPartOf":{"@id":"https:\/\/diariotextual.com\/inicio\/index.php\/2025\/07\/28\/nueva-renuncia-en-el-gobierno-nacional-se-fue-el-presidente-del-senasa\/"},"author":{"name":"diario3","@id":"https:\/\/diariotextual.com\/inicio\/#\/schema\/person\/a1b6f563e0ee944c60f98119389a4d9f"},"headline":"Nueva renuncia en el Gobierno nacional: se fue el presidente del Senasa","datePublished":"2025-07-29T00:25:49+00:00","dateModified":"2025-07-29T21:40:33+00:00","mainEntityOfPage":{"@id":"https:\/\/diariotextual.com\/inicio\/index.php\/2025\/07\/28\/nueva-renuncia-en-el-gobierno-nacional-se-fue-el-presidente-del-senasa\/"},"wordCount":458,"publisher":{"@id":"https:\/\/diariotextual.com\/inicio\/#organization"},"image":{"@id":"https:\/\/diariotextual.com\/inicio\/index.php\/2025\/07\/28\/nueva-renuncia-en-el-gobierno-nacional-se-fue-el-presidente-del-senasa\/#primaryimage"},"thumbnailUrl":"https:\/\/diariotextual.com\/inicio\/wp-content\/uploads\/2025\/07\/cortesesenasa2025.avif","articleSection":["A - ES NOTICIA (van abajo)","CAMPO"],"inLanguage":"es"},{"@type":"WebPage","@id":"https:\/\/diariotextual.com\/inicio\/index.php\/2025\/07\/28\/nueva-renuncia-en-el-gobierno-nacional-se-fue-el-presidente-del-senasa\/","url":"https:\/\/diariotextual.com\/inicio\/index.php\/2025\/07\/28\/nueva-renuncia-en-el-gobierno-nacional-se-fue-el-presidente-del-senasa\/","name":"Nueva renuncia en el Gobierno nacional: se fue el presidente del Senasa - Diario Textual","isPartOf":{"@id":"https:\/\/diariotextual.com\/inicio\/#website"},"primaryImageOfPage":{"@id":"https:\/\/diariotextual.com\/inicio\/index.php\/2025\/07\/28\/nueva-renuncia-en-el-gobierno-nacional-se-fue-el-presidente-del-senasa\/#primaryimage"},"image":{"@id":"https:\/\/diariotextual.com\/inicio\/index.php\/2025\/07\/28\/nueva-renuncia-en-el-gobierno-nacional-se-fue-el-presidente-del-senasa\/#primaryimage"},"thumbnailUrl":"https:\/\/diariotextual.com\/inicio\/wp-content\/uploads\/2025\/07\/cortesesenasa2025.avif","datePublished":"2025-07-29T00:25:49+00:00","dateModified":"2025-07-29T21:40:33+00:00","breadcrumb":{"@id":"https:\/\/diariotextual.com\/inicio\/index.php\/2025\/07\/28\/nueva-renuncia-en-el-gobierno-nacional-se-fue-el-presidente-del-senasa\/#breadcrumb"},"inLanguage":"es","potentialAction":[{"@type":"ReadAction","target":["https:\/\/diariotextual.com\/inicio\/index.php\/2025\/07\/28\/nueva-renuncia-en-el-gobierno-nacional-se-fue-el-presidente-del-senasa\/"]}]},{"@type":"ImageObject","inLanguage":"es","@id":"https:\/\/diariotextual.com\/inicio\/index.php\/2025\/07\/28\/nueva-renuncia-en-el-gobierno-nacional-se-fue-el-presidente-del-senasa\/#primaryimage","url":"https:\/\/diariotextual.com\/inicio\/wp-content\/uploads\/2025\/07\/cortesesenasa2025.avif","contentUrl":"https:\/\/diariotextual.com\/inicio\/wp-content\/uploads\/2025\/07\/cortesesenasa2025.avif","width":1200,"height":800},{"@type":"BreadcrumbList","@id":"https:\/\/diariotextual.com\/inicio\/index.php\/2025\/07\/28\/nueva-renuncia-en-el-gobierno-nacional-se-fue-el-presidente-del-senasa\/#breadcrumb","itemListElement":[{"@type":"ListItem","position":1,"name":"Portada","item":"https:\/\/diariotextual.com\/inicio\/"},{"@type":"ListItem","position":2,"name":"Nueva renuncia en el Gobierno nacional: se fue el presidente del Senasa"}]},{"@type":"WebSite","@id":"https:\/\/diariotextual.com\/inicio\/#website","url":"https:\/\/diariotextual.com\/inicio\/","name":"Diario Textual","description":"","publisher":{"@id":"https:\/\/diariotextual.com\/inicio\/#organization"},"potentialAction":[{"@type":"SearchAction","target":{"@type":"EntryPoint","urlTemplate":"https:\/\/diariotextual.com\/inicio\/?s={search_term_string}"},"query-input":{"@type":"PropertyValueSpecification","valueRequired":true,"valueName":"search_term_string"}}],"inLanguage":"es"},{"@type":"Organization","@id":"https:\/\/diariotextual.com\/inicio\/#organization","name":"Diario Textual","url":"https:\/\/diariotextual.com\/inicio\/","logo":{"@type":"ImageObject","inLanguage":"es","@id":"https:\/\/diariotextual.com\/inicio\/#\/schema\/logo\/image\/","url":"https:\/\/diariotextual.com\/inicio\/wp-content\/uploads\/2023\/05\/logotextual1.jpg","contentUrl":"https:\/\/diariotextual.com\/inicio\/wp-content\/uploads\/2023\/05\/logotextual1.jpg","width":516,"height":76,"caption":"Diario Textual"},"image":{"@id":"https:\/\/diariotextual.com\/inicio\/#\/schema\/logo\/image\/"},"sameAs":["https:\/\/www.facebook.com\/eltextual","https:\/\/x.com\/eltextual","http:\/\/www.instagram.com\/eltextual"]},{"@type":"Person","@id":"https:\/\/diariotextual.com\/inicio\/#\/schema\/person\/a1b6f563e0ee944c60f98119389a4d9f","name":"diario3","image":{"@type":"ImageObject","inLanguage":"es","@id":"https:\/\/secure.gravatar.com\/avatar\/5e7ee62c82fc04d9dd79d746a390d93c69c43223e5faeeb3ea9461ef752bfc5d?s=96&d=mm&r=g","url":"https:\/\/secure.gravatar.com\/avatar\/5e7ee62c82fc04d9dd79d746a390d93c69c43223e5faeeb3ea9461ef752bfc5d?s=96&d=mm&r=g","contentUrl":"https:\/\/secure.gravatar.com\/avatar\/5e7ee62c82fc04d9dd79d746a390d93c69c43223e5faeeb3ea9461ef752bfc5d?s=96&d=mm&r=g","caption":"diario3"},"url":"https:\/\/diariotextual.com\/inicio\/index.php\/author\/diario3\/"}]}},"_links":{"self":[{"href":"https:\/\/diariotextual.com\/inicio\/index.php\/wp-json\/wp\/v2\/posts\/302492","targetHints":{"allow":["GET"]}}],"collection":[{"href":"https:\/\/diariotextual.com\/inicio\/index.php\/wp-json\/wp\/v2\/posts"}],"about":[{"href":"https:\/\/diariotextual.com\/inicio\/index.php\/wp-json\/wp\/v2\/types\/post"}],"author":[{"embeddable":true,"href":"https:\/\/diariotextual.com\/inicio\/index.php\/wp-json\/wp\/v2\/users\/5"}],"replies":[{"embeddable":true,"href":"https:\/\/diariotextual.com\/inicio\/index.php\/wp-json\/wp\/v2\/comments?post=302492"}],"version-history":[{"count":1,"href":"https:\/\/diariotextual.com\/inicio\/index.php\/wp-json\/wp\/v2\/posts\/302492\/revisions"}],"predecessor-version":[{"id":302494,"href":"https:\/\/diariotextual.com\/inicio\/index.php\/wp-json\/wp\/v2\/posts\/302492\/revisions\/302494"}],"wp:featuredmedia":[{"embeddable":true,"href":"https:\/\/diariotextual.com\/inicio\/index.php\/wp-json\/wp\/v2\/media\/302493"}],"wp:attachment":[{"href":"https:\/\/diariotextual.com\/inicio\/index.php\/wp-json\/wp\/v2\/media?parent=302492"}],"wp:term":[{"taxonomy":"category","embeddable":true,"href":"https:\/\/diariotextual.com\/inicio\/index.php\/wp-json\/wp\/v2\/categories?post=302492"},{"taxonomy":"post_tag","embeddable":true,"href":"https:\/\/diariotextual.com\/inicio\/index.php\/wp-json\/wp\/v2\/tags?post=302492"}],"curies":[{"name":"wp","href":"https:\/\/api.w.org\/{rel}","templated":true}]}}