{"id":302815,"date":"2025-07-31T19:50:49","date_gmt":"2025-07-31T22:50:49","guid":{"rendered":"https:\/\/diariotextual.com\/inicio\/?p=302815"},"modified":"2025-07-31T19:50:50","modified_gmt":"2025-07-31T22:50:50","slug":"campo-destaco-el-valor-del-trabajo-legislativo-en-el-cd-de-pico","status":"publish","type":"post","link":"https:\/\/diariotextual.com\/inicio\/index.php\/2025\/07\/31\/campo-destaco-el-valor-del-trabajo-legislativo-en-el-cd-de-pico\/","title":{"rendered":"Campo destac\u00f3 el valor del trabajo legislativo en el CD de Pico"},"content":{"rendered":"\n<p>Tras una nueva sesi\u00f3n del concejo deliberante de General Pico, el presidente del cuerpo, Alberto Campo, realiz\u00f3 un balance del trabajo realizado, destacando la aprobaci\u00f3n de proyectos para el desarrollo de la ciudad y el acompa\u00f1amiento un\u00e1nime en iniciativas vinculadas al desarrollo urbano, la planificaci\u00f3n, y el reconocimiento a referentes locales.<\/p>\n\n\n\n<p>\u201cEsta fue una sesi\u00f3n significativa no solo por la cantidad de temas tratados, sino por la calidad de los proyectos que se pusieron en discusi\u00f3n. Se aprobaron iniciativas que involucran infraestructura, inclusi\u00f3n y fortalecimiento institucional\u201d, expres\u00f3 Campo.<\/p>\n\n\n\n<p>Entre los puntos m\u00e1s relevantes, resalt\u00f3 el <strong>tratamiento del proyecto de ordenanza para la creaci\u00f3n del Laboratorio Urbano de Movilidad y Seguridad Vial<\/strong>, una propuesta del Ejecutivo que busca dotar a la ciudad de una herramienta t\u00e9cnica para analizar, planificar y sistematizar datos en torno al uso de la v\u00eda p\u00fablica.<\/p>\n\n\n\n<p>\u201cEste <strong>laboratorio ser\u00e1 clave para tomar decisiones m\u00e1s eficientes y seguras en materia de tr\u00e1nsito<\/strong>, y es una muestra de c\u00f3mo podemos avanzar en pol\u00edticas p\u00fablicas con base en lo que ocurre espec\u00edficamente\u201d, subray\u00f3.<\/p>\n\n\n\n<p>Asimismo, <strong>Campo valor\u00f3 el ingreso del modelo de convenio con el Instituto Provincial Aut\u00e1rquico de Vivienda (IPAV) en el marco del Programa Soluciones Habitacionales<\/strong>. \u201cEstamos acompa\u00f1ando pol\u00edticas que buscan garantizar el derecho a la vivienda, entendiendo que General Pico necesita respuestas concretas a las demandas habitacionales de muchas familias\u201d, asegur\u00f3.<\/p>\n\n\n\n<p>Durante la sesi\u00f3n tambi\u00e9n se aprob\u00f3 la ejecuci\u00f3n de obras esenciales como la ampliaci\u00f3n del servicio de agua potable y trabajos de alumbrado p\u00fablico, que ser\u00e1n llevados adelante por la cooperativa Corpico.<\/p>\n\n\n\n<p>Por \u00faltimo, el presidente del CD valor\u00f3 especialmente los reconocimientos aprobados por unanimidad: \u201cDestacamos a empresas, deportistas y artistas que representan el esfuerzo, la identidad y el talento de General Pico. Y en esa misma l\u00ednea, acompa\u00f1amos tambi\u00e9n la realizaci\u00f3n del Festival de Cine de General Pico, que a\u00f1o tras a\u00f1o posiciona a nuestra ciudad en el mapa cultural de la provincia y del pa\u00eds.\u201d<\/p>\n","protected":false},"excerpt":{"rendered":"<p>Tras una nueva sesi\u00f3n del concejo deliberante de General Pico, el presidente del cuerpo, Alberto Campo, realiz\u00f3 un balance del trabajo realizado, destacando la aprobaci\u00f3n de proyectos para el desarrollo&hellip;<\/p>\n","protected":false},"author":5,"featured_media":302816,"comment_status":"closed","ping_status":"open","sticky":false,"template":"","format":"standard","meta":{"_acf_changed":false,"footnotes":""},"categories":[1],"tags":[],"class_list":["post-302815","post","type-post","status-publish","format-standard","has-post-thumbnail","hentry","category-es-noticia"],"acf":[],"yoast_head":"<!-- This site is optimized with the Yoast SEO plugin v27.5 - https:\/\/yoast.com\/product\/yoast-seo-wordpress\/ -->\n<title>Campo destac\u00f3 el valor del trabajo legislativo en el CD de Pico - Diario Textual<\/title>\n<meta name=\"robots\" content=\"index, follow, max-snippet:-1, max-image-preview:large, max-video-preview:-1\" \/>\n<link rel=\"canonical\" href=\"https:\/\/diariotextual.com\/inicio\/index.php\/2025\/07\/31\/campo-destaco-el-valor-del-trabajo-legislativo-en-el-cd-de-pico\/\" \/>\n<meta property=\"og:locale\" content=\"es_ES\" \/>\n<meta property=\"og:type\" content=\"article\" \/>\n<meta property=\"og:title\" content=\"Campo destac\u00f3 el valor del trabajo legislativo en el CD de Pico - Diario Textual\" \/>\n<meta property=\"og:description\" content=\"Tras una nueva sesi\u00f3n del concejo deliberante de General Pico, el presidente del cuerpo, Alberto Campo, realiz\u00f3 un balance del trabajo realizado, destacando la aprobaci\u00f3n de proyectos para el desarrollo&hellip;\" \/>\n<meta property=\"og:url\" content=\"https:\/\/diariotextual.com\/inicio\/index.php\/2025\/07\/31\/campo-destaco-el-valor-del-trabajo-legislativo-en-el-cd-de-pico\/\" \/>\n<meta property=\"og:site_name\" content=\"Diario Textual\" \/>\n<meta property=\"article:publisher\" content=\"https:\/\/www.facebook.com\/eltextual\" \/>\n<meta property=\"article:published_time\" content=\"2025-07-31T22:50:49+00:00\" \/>\n<meta property=\"article:modified_time\" content=\"2025-07-31T22:50:50+00:00\" \/>\n<meta property=\"og:image\" content=\"https:\/\/diariotextual.com\/inicio\/wp-content\/uploads\/2025\/07\/concejodeliberantesesionpicojulio2025.jpg\" \/>\n\t<meta property=\"og:image:width\" content=\"900\" \/>\n\t<meta property=\"og:image:height\" content=\"463\" \/>\n\t<meta property=\"og:image:type\" content=\"image\/jpeg\" \/>\n<meta name=\"author\" content=\"diario3\" \/>\n<meta name=\"twitter:card\" content=\"summary_large_image\" \/>\n<meta name=\"twitter:creator\" content=\"@eltextual\" \/>\n<meta name=\"twitter:site\" content=\"@eltextual\" \/>\n<meta name=\"twitter:label1\" content=\"Escrito por\" \/>\n\t<meta name=\"twitter:data1\" content=\"diario3\" \/>\n\t<meta name=\"twitter:label2\" content=\"Tiempo de lectura\" \/>\n\t<meta name=\"twitter:data2\" content=\"2 minutos\" \/>\n<script type=\"application\/ld+json\" class=\"yoast-schema-graph\">{\"@context\":\"https:\\\/\\\/schema.org\",\"@graph\":[{\"@type\":\"Article\",\"@id\":\"https:\\\/\\\/diariotextual.com\\\/inicio\\\/index.php\\\/2025\\\/07\\\/31\\\/campo-destaco-el-valor-del-trabajo-legislativo-en-el-cd-de-pico\\\/#article\",\"isPartOf\":{\"@id\":\"https:\\\/\\\/diariotextual.com\\\/inicio\\\/index.php\\\/2025\\\/07\\\/31\\\/campo-destaco-el-valor-del-trabajo-legislativo-en-el-cd-de-pico\\\/\"},\"author\":{\"name\":\"diario3\",\"@id\":\"https:\\\/\\\/diariotextual.com\\\/inicio\\\/#\\\/schema\\\/person\\\/a1b6f563e0ee944c60f98119389a4d9f\"},\"headline\":\"Campo destac\u00f3 el valor del trabajo legislativo en el CD de Pico\",\"datePublished\":\"2025-07-31T22:50:49+00:00\",\"dateModified\":\"2025-07-31T22:50:50+00:00\",\"mainEntityOfPage\":{\"@id\":\"https:\\\/\\\/diariotextual.com\\\/inicio\\\/index.php\\\/2025\\\/07\\\/31\\\/campo-destaco-el-valor-del-trabajo-legislativo-en-el-cd-de-pico\\\/\"},\"wordCount\":367,\"publisher\":{\"@id\":\"https:\\\/\\\/diariotextual.com\\\/inicio\\\/#organization\"},\"image\":{\"@id\":\"https:\\\/\\\/diariotextual.com\\\/inicio\\\/index.php\\\/2025\\\/07\\\/31\\\/campo-destaco-el-valor-del-trabajo-legislativo-en-el-cd-de-pico\\\/#primaryimage\"},\"thumbnailUrl\":\"https:\\\/\\\/diariotextual.com\\\/inicio\\\/wp-content\\\/uploads\\\/2025\\\/07\\\/concejodeliberantesesionpicojulio2025.jpg\",\"articleSection\":[\"A - ES NOTICIA (van abajo)\"],\"inLanguage\":\"es\"},{\"@type\":\"WebPage\",\"@id\":\"https:\\\/\\\/diariotextual.com\\\/inicio\\\/index.php\\\/2025\\\/07\\\/31\\\/campo-destaco-el-valor-del-trabajo-legislativo-en-el-cd-de-pico\\\/\",\"url\":\"https:\\\/\\\/diariotextual.com\\\/inicio\\\/index.php\\\/2025\\\/07\\\/31\\\/campo-destaco-el-valor-del-trabajo-legislativo-en-el-cd-de-pico\\\/\",\"name\":\"Campo destac\u00f3 el valor del trabajo legislativo en el CD de Pico - Diario Textual\",\"isPartOf\":{\"@id\":\"https:\\\/\\\/diariotextual.com\\\/inicio\\\/#website\"},\"primaryImageOfPage\":{\"@id\":\"https:\\\/\\\/diariotextual.com\\\/inicio\\\/index.php\\\/2025\\\/07\\\/31\\\/campo-destaco-el-valor-del-trabajo-legislativo-en-el-cd-de-pico\\\/#primaryimage\"},\"image\":{\"@id\":\"https:\\\/\\\/diariotextual.com\\\/inicio\\\/index.php\\\/2025\\\/07\\\/31\\\/campo-destaco-el-valor-del-trabajo-legislativo-en-el-cd-de-pico\\\/#primaryimage\"},\"thumbnailUrl\":\"https:\\\/\\\/diariotextual.com\\\/inicio\\\/wp-content\\\/uploads\\\/2025\\\/07\\\/concejodeliberantesesionpicojulio2025.jpg\",\"datePublished\":\"2025-07-31T22:50:49+00:00\",\"dateModified\":\"2025-07-31T22:50:50+00:00\",\"breadcrumb\":{\"@id\":\"https:\\\/\\\/diariotextual.com\\\/inicio\\\/index.php\\\/2025\\\/07\\\/31\\\/campo-destaco-el-valor-del-trabajo-legislativo-en-el-cd-de-pico\\\/#breadcrumb\"},\"inLanguage\":\"es\",\"potentialAction\":[{\"@type\":\"ReadAction\",\"target\":[\"https:\\\/\\\/diariotextual.com\\\/inicio\\\/index.php\\\/2025\\\/07\\\/31\\\/campo-destaco-el-valor-del-trabajo-legislativo-en-el-cd-de-pico\\\/\"]}]},{\"@type\":\"ImageObject\",\"inLanguage\":\"es\",\"@id\":\"https:\\\/\\\/diariotextual.com\\\/inicio\\\/index.php\\\/2025\\\/07\\\/31\\\/campo-destaco-el-valor-del-trabajo-legislativo-en-el-cd-de-pico\\\/#primaryimage\",\"url\":\"https:\\\/\\\/diariotextual.com\\\/inicio\\\/wp-content\\\/uploads\\\/2025\\\/07\\\/concejodeliberantesesionpicojulio2025.jpg\",\"contentUrl\":\"https:\\\/\\\/diariotextual.com\\\/inicio\\\/wp-content\\\/uploads\\\/2025\\\/07\\\/concejodeliberantesesionpicojulio2025.jpg\",\"width\":900,\"height\":463},{\"@type\":\"BreadcrumbList\",\"@id\":\"https:\\\/\\\/diariotextual.com\\\/inicio\\\/index.php\\\/2025\\\/07\\\/31\\\/campo-destaco-el-valor-del-trabajo-legislativo-en-el-cd-de-pico\\\/#breadcrumb\",\"itemListElement\":[{\"@type\":\"ListItem\",\"position\":1,\"name\":\"Portada\",\"item\":\"https:\\\/\\\/diariotextual.com\\\/inicio\\\/\"},{\"@type\":\"ListItem\",\"position\":2,\"name\":\"Campo destac\u00f3 el valor del trabajo legislativo en el CD de Pico\"}]},{\"@type\":\"WebSite\",\"@id\":\"https:\\\/\\\/diariotextual.com\\\/inicio\\\/#website\",\"url\":\"https:\\\/\\\/diariotextual.com\\\/inicio\\\/\",\"name\":\"Diario Textual\",\"description\":\"\",\"publisher\":{\"@id\":\"https:\\\/\\\/diariotextual.com\\\/inicio\\\/#organization\"},\"potentialAction\":[{\"@type\":\"SearchAction\",\"target\":{\"@type\":\"EntryPoint\",\"urlTemplate\":\"https:\\\/\\\/diariotextual.com\\\/inicio\\\/?s={search_term_string}\"},\"query-input\":{\"@type\":\"PropertyValueSpecification\",\"valueRequired\":true,\"valueName\":\"search_term_string\"}}],\"inLanguage\":\"es\"},{\"@type\":\"Organization\",\"@id\":\"https:\\\/\\\/diariotextual.com\\\/inicio\\\/#organization\",\"name\":\"Diario Textual\",\"url\":\"https:\\\/\\\/diariotextual.com\\\/inicio\\\/\",\"logo\":{\"@type\":\"ImageObject\",\"inLanguage\":\"es\",\"@id\":\"https:\\\/\\\/diariotextual.com\\\/inicio\\\/#\\\/schema\\\/logo\\\/image\\\/\",\"url\":\"https:\\\/\\\/diariotextual.com\\\/inicio\\\/wp-content\\\/uploads\\\/2023\\\/05\\\/logotextual1.jpg\",\"contentUrl\":\"https:\\\/\\\/diariotextual.com\\\/inicio\\\/wp-content\\\/uploads\\\/2023\\\/05\\\/logotextual1.jpg\",\"width\":516,\"height\":76,\"caption\":\"Diario Textual\"},\"image\":{\"@id\":\"https:\\\/\\\/diariotextual.com\\\/inicio\\\/#\\\/schema\\\/logo\\\/image\\\/\"},\"sameAs\":[\"https:\\\/\\\/www.facebook.com\\\/eltextual\",\"https:\\\/\\\/x.com\\\/eltextual\",\"http:\\\/\\\/www.instagram.com\\\/eltextual\"]},{\"@type\":\"Person\",\"@id\":\"https:\\\/\\\/diariotextual.com\\\/inicio\\\/#\\\/schema\\\/person\\\/a1b6f563e0ee944c60f98119389a4d9f\",\"name\":\"diario3\",\"image\":{\"@type\":\"ImageObject\",\"inLanguage\":\"es\",\"@id\":\"https:\\\/\\\/secure.gravatar.com\\\/avatar\\\/5e7ee62c82fc04d9dd79d746a390d93c69c43223e5faeeb3ea9461ef752bfc5d?s=96&d=mm&r=g\",\"url\":\"https:\\\/\\\/secure.gravatar.com\\\/avatar\\\/5e7ee62c82fc04d9dd79d746a390d93c69c43223e5faeeb3ea9461ef752bfc5d?s=96&d=mm&r=g\",\"contentUrl\":\"https:\\\/\\\/secure.gravatar.com\\\/avatar\\\/5e7ee62c82fc04d9dd79d746a390d93c69c43223e5faeeb3ea9461ef752bfc5d?s=96&d=mm&r=g\",\"caption\":\"diario3\"},\"url\":\"https:\\\/\\\/diariotextual.com\\\/inicio\\\/index.php\\\/author\\\/diario3\\\/\"}]}<\/script>\n<!-- \/ Yoast SEO plugin. -->","yoast_head_json":{"title":"Campo destac\u00f3 el valor del trabajo legislativo en el CD de Pico - Diario Textual","robots":{"index":"index","follow":"follow","max-snippet":"max-snippet:-1","max-image-preview":"max-image-preview:large","max-video-preview":"max-video-preview:-1"},"canonical":"https:\/\/diariotextual.com\/inicio\/index.php\/2025\/07\/31\/campo-destaco-el-valor-del-trabajo-legislativo-en-el-cd-de-pico\/","og_locale":"es_ES","og_type":"article","og_title":"Campo destac\u00f3 el valor del trabajo legislativo en el CD de Pico - Diario Textual","og_description":"Tras una nueva sesi\u00f3n del concejo deliberante de General Pico, el presidente del cuerpo, Alberto Campo, realiz\u00f3 un balance del trabajo realizado, destacando la aprobaci\u00f3n de proyectos para el desarrollo&hellip;","og_url":"https:\/\/diariotextual.com\/inicio\/index.php\/2025\/07\/31\/campo-destaco-el-valor-del-trabajo-legislativo-en-el-cd-de-pico\/","og_site_name":"Diario Textual","article_publisher":"https:\/\/www.facebook.com\/eltextual","article_published_time":"2025-07-31T22:50:49+00:00","article_modified_time":"2025-07-31T22:50:50+00:00","og_image":[{"width":900,"height":463,"url":"https:\/\/diariotextual.com\/inicio\/wp-content\/uploads\/2025\/07\/concejodeliberantesesionpicojulio2025.jpg","type":"image\/jpeg"}],"author":"diario3","twitter_card":"summary_large_image","twitter_creator":"@eltextual","twitter_site":"@eltextual","twitter_misc":{"Escrito por":"diario3","Tiempo de lectura":"2 minutos"},"schema":{"@context":"https:\/\/schema.org","@graph":[{"@type":"Article","@id":"https:\/\/diariotextual.com\/inicio\/index.php\/2025\/07\/31\/campo-destaco-el-valor-del-trabajo-legislativo-en-el-cd-de-pico\/#article","isPartOf":{"@id":"https:\/\/diariotextual.com\/inicio\/index.php\/2025\/07\/31\/campo-destaco-el-valor-del-trabajo-legislativo-en-el-cd-de-pico\/"},"author":{"name":"diario3","@id":"https:\/\/diariotextual.com\/inicio\/#\/schema\/person\/a1b6f563e0ee944c60f98119389a4d9f"},"headline":"Campo destac\u00f3 el valor del trabajo legislativo en el CD de Pico","datePublished":"2025-07-31T22:50:49+00:00","dateModified":"2025-07-31T22:50:50+00:00","mainEntityOfPage":{"@id":"https:\/\/diariotextual.com\/inicio\/index.php\/2025\/07\/31\/campo-destaco-el-valor-del-trabajo-legislativo-en-el-cd-de-pico\/"},"wordCount":367,"publisher":{"@id":"https:\/\/diariotextual.com\/inicio\/#organization"},"image":{"@id":"https:\/\/diariotextual.com\/inicio\/index.php\/2025\/07\/31\/campo-destaco-el-valor-del-trabajo-legislativo-en-el-cd-de-pico\/#primaryimage"},"thumbnailUrl":"https:\/\/diariotextual.com\/inicio\/wp-content\/uploads\/2025\/07\/concejodeliberantesesionpicojulio2025.jpg","articleSection":["A - ES NOTICIA (van abajo)"],"inLanguage":"es"},{"@type":"WebPage","@id":"https:\/\/diariotextual.com\/inicio\/index.php\/2025\/07\/31\/campo-destaco-el-valor-del-trabajo-legislativo-en-el-cd-de-pico\/","url":"https:\/\/diariotextual.com\/inicio\/index.php\/2025\/07\/31\/campo-destaco-el-valor-del-trabajo-legislativo-en-el-cd-de-pico\/","name":"Campo destac\u00f3 el valor del trabajo legislativo en el CD de Pico - Diario Textual","isPartOf":{"@id":"https:\/\/diariotextual.com\/inicio\/#website"},"primaryImageOfPage":{"@id":"https:\/\/diariotextual.com\/inicio\/index.php\/2025\/07\/31\/campo-destaco-el-valor-del-trabajo-legislativo-en-el-cd-de-pico\/#primaryimage"},"image":{"@id":"https:\/\/diariotextual.com\/inicio\/index.php\/2025\/07\/31\/campo-destaco-el-valor-del-trabajo-legislativo-en-el-cd-de-pico\/#primaryimage"},"thumbnailUrl":"https:\/\/diariotextual.com\/inicio\/wp-content\/uploads\/2025\/07\/concejodeliberantesesionpicojulio2025.jpg","datePublished":"2025-07-31T22:50:49+00:00","dateModified":"2025-07-31T22:50:50+00:00","breadcrumb":{"@id":"https:\/\/diariotextual.com\/inicio\/index.php\/2025\/07\/31\/campo-destaco-el-valor-del-trabajo-legislativo-en-el-cd-de-pico\/#breadcrumb"},"inLanguage":"es","potentialAction":[{"@type":"ReadAction","target":["https:\/\/diariotextual.com\/inicio\/index.php\/2025\/07\/31\/campo-destaco-el-valor-del-trabajo-legislativo-en-el-cd-de-pico\/"]}]},{"@type":"ImageObject","inLanguage":"es","@id":"https:\/\/diariotextual.com\/inicio\/index.php\/2025\/07\/31\/campo-destaco-el-valor-del-trabajo-legislativo-en-el-cd-de-pico\/#primaryimage","url":"https:\/\/diariotextual.com\/inicio\/wp-content\/uploads\/2025\/07\/concejodeliberantesesionpicojulio2025.jpg","contentUrl":"https:\/\/diariotextual.com\/inicio\/wp-content\/uploads\/2025\/07\/concejodeliberantesesionpicojulio2025.jpg","width":900,"height":463},{"@type":"BreadcrumbList","@id":"https:\/\/diariotextual.com\/inicio\/index.php\/2025\/07\/31\/campo-destaco-el-valor-del-trabajo-legislativo-en-el-cd-de-pico\/#breadcrumb","itemListElement":[{"@type":"ListItem","position":1,"name":"Portada","item":"https:\/\/diariotextual.com\/inicio\/"},{"@type":"ListItem","position":2,"name":"Campo destac\u00f3 el valor del trabajo legislativo en el CD de Pico"}]},{"@type":"WebSite","@id":"https:\/\/diariotextual.com\/inicio\/#website","url":"https:\/\/diariotextual.com\/inicio\/","name":"Diario Textual","description":"","publisher":{"@id":"https:\/\/diariotextual.com\/inicio\/#organization"},"potentialAction":[{"@type":"SearchAction","target":{"@type":"EntryPoint","urlTemplate":"https:\/\/diariotextual.com\/inicio\/?s={search_term_string}"},"query-input":{"@type":"PropertyValueSpecification","valueRequired":true,"valueName":"search_term_string"}}],"inLanguage":"es"},{"@type":"Organization","@id":"https:\/\/diariotextual.com\/inicio\/#organization","name":"Diario Textual","url":"https:\/\/diariotextual.com\/inicio\/","logo":{"@type":"ImageObject","inLanguage":"es","@id":"https:\/\/diariotextual.com\/inicio\/#\/schema\/logo\/image\/","url":"https:\/\/diariotextual.com\/inicio\/wp-content\/uploads\/2023\/05\/logotextual1.jpg","contentUrl":"https:\/\/diariotextual.com\/inicio\/wp-content\/uploads\/2023\/05\/logotextual1.jpg","width":516,"height":76,"caption":"Diario Textual"},"image":{"@id":"https:\/\/diariotextual.com\/inicio\/#\/schema\/logo\/image\/"},"sameAs":["https:\/\/www.facebook.com\/eltextual","https:\/\/x.com\/eltextual","http:\/\/www.instagram.com\/eltextual"]},{"@type":"Person","@id":"https:\/\/diariotextual.com\/inicio\/#\/schema\/person\/a1b6f563e0ee944c60f98119389a4d9f","name":"diario3","image":{"@type":"ImageObject","inLanguage":"es","@id":"https:\/\/secure.gravatar.com\/avatar\/5e7ee62c82fc04d9dd79d746a390d93c69c43223e5faeeb3ea9461ef752bfc5d?s=96&d=mm&r=g","url":"https:\/\/secure.gravatar.com\/avatar\/5e7ee62c82fc04d9dd79d746a390d93c69c43223e5faeeb3ea9461ef752bfc5d?s=96&d=mm&r=g","contentUrl":"https:\/\/secure.gravatar.com\/avatar\/5e7ee62c82fc04d9dd79d746a390d93c69c43223e5faeeb3ea9461ef752bfc5d?s=96&d=mm&r=g","caption":"diario3"},"url":"https:\/\/diariotextual.com\/inicio\/index.php\/author\/diario3\/"}]}},"_links":{"self":[{"href":"https:\/\/diariotextual.com\/inicio\/index.php\/wp-json\/wp\/v2\/posts\/302815","targetHints":{"allow":["GET"]}}],"collection":[{"href":"https:\/\/diariotextual.com\/inicio\/index.php\/wp-json\/wp\/v2\/posts"}],"about":[{"href":"https:\/\/diariotextual.com\/inicio\/index.php\/wp-json\/wp\/v2\/types\/post"}],"author":[{"embeddable":true,"href":"https:\/\/diariotextual.com\/inicio\/index.php\/wp-json\/wp\/v2\/users\/5"}],"replies":[{"embeddable":true,"href":"https:\/\/diariotextual.com\/inicio\/index.php\/wp-json\/wp\/v2\/comments?post=302815"}],"version-history":[{"count":1,"href":"https:\/\/diariotextual.com\/inicio\/index.php\/wp-json\/wp\/v2\/posts\/302815\/revisions"}],"predecessor-version":[{"id":302817,"href":"https:\/\/diariotextual.com\/inicio\/index.php\/wp-json\/wp\/v2\/posts\/302815\/revisions\/302817"}],"wp:featuredmedia":[{"embeddable":true,"href":"https:\/\/diariotextual.com\/inicio\/index.php\/wp-json\/wp\/v2\/media\/302816"}],"wp:attachment":[{"href":"https:\/\/diariotextual.com\/inicio\/index.php\/wp-json\/wp\/v2\/media?parent=302815"}],"wp:term":[{"taxonomy":"category","embeddable":true,"href":"https:\/\/diariotextual.com\/inicio\/index.php\/wp-json\/wp\/v2\/categories?post=302815"},{"taxonomy":"post_tag","embeddable":true,"href":"https:\/\/diariotextual.com\/inicio\/index.php\/wp-json\/wp\/v2\/tags?post=302815"}],"curies":[{"name":"wp","href":"https:\/\/api.w.org\/{rel}","templated":true}]}}