{"id":302929,"date":"2025-08-02T12:54:21","date_gmt":"2025-08-02T15:54:21","guid":{"rendered":"https:\/\/diariotextual.com\/inicio\/?p=302929"},"modified":"2025-08-02T13:10:23","modified_gmt":"2025-08-02T16:10:23","slug":"franco-colapinto-largara-14-en-el-gp-de-hungria","status":"publish","type":"post","link":"https:\/\/diariotextual.com\/inicio\/index.php\/2025\/08\/02\/franco-colapinto-largara-14-en-el-gp-de-hungria\/","title":{"rendered":"Franco Colapinto largar\u00e1 14\u00b0 en el GP de Hungr\u00eda"},"content":{"rendered":"\n<p>El argentino Franco Colapinto tuvo una clasificaci\u00f3n en el Gran Premio de Hungr\u00eda de F\u00f3rmula 1 que dej\u00f3 un saldo positivo ya que largar\u00e1 desde la decimocuarta posici\u00f3n. <\/p>\n\n\n\n<p>El piloto de Alpine super\u00f3 con lo justo la Q1, que le permiti\u00f3 meterse entre los 15 que participar\u00edan de la Q2. Ya en la segunda tanda clasificatoria Colapinto no pudo registrar un buen tiempo, primero porque le anularon la vuelta y despu\u00e9s por un flojo registro que lo hab\u00eda hecho terminar 15\u00b0. Sin embargo, termin\u00f3 subiendo una posici\u00f3n debido a que tambi\u00e9n le anularon el tiempo al italiano Kimi Antonelli (Mercedes).<\/p>\n\n\n\n<p>El otro aspecto positivo que dej\u00f3 la clasificaci\u00f3n de Colapinto fue que termin\u00f3 por delante de su compa\u00f1ero de equipo, el franc\u00e9s Pierre Gasly, que qued\u00f3 eliminado en la Q1 y comenzar\u00e1 en el 17\u00b0 lugar.<\/p>\n\n\n\n<p>De esta manera, Colapinto ir\u00e1 en busca de una buena actuaci\u00f3n en la carrera del domingo que le permita sumar sus primeros puntos de la temporada.<\/p>\n\n\n\n<p><br>En un final apasionante, el monegasco Charles Leclerc (Ferrari) consigui\u00f3 la pole position al registrar un impresionante tiempo de 1:15,372.<\/p>\n\n\n\n<p>La segunda posici\u00f3n fue para el piloto australiano y l\u00edder del campeonato, Oscar Piastri, quien finaliz\u00f3 a 26 mil\u00e9simas del monegasco. Un puesto por detr\u00e1s comenzar\u00e1 su compa\u00f1ero de equipo en McLaren, el brit\u00e1nico Lando Norris.<\/p>\n\n\n\n<p>Por otra parte, el neerland\u00e9s y cuatro veces campe\u00f3n, Max Verstappen (Red Bull), padeci\u00f3 toda la sesi\u00f3n y termin\u00f3 octavo, por lo que deber\u00e1 protagonizar un verdadero milagro este domingo para obtener la victoria.<\/p>\n","protected":false},"excerpt":{"rendered":"<p>El argentino Franco Colapinto tuvo una clasificaci\u00f3n en el Gran Premio de Hungr\u00eda de F\u00f3rmula 1 que dej\u00f3 un saldo positivo ya que largar\u00e1 desde la decimocuarta posici\u00f3n. El piloto&hellip;<\/p>\n","protected":false},"author":2,"featured_media":302927,"comment_status":"closed","ping_status":"open","sticky":false,"template":"","format":"standard","meta":{"_acf_changed":false,"footnotes":""},"categories":[1,3],"tags":[],"class_list":["post-302929","post","type-post","status-publish","format-standard","has-post-thumbnail","hentry","category-es-noticia","category-deportes"],"acf":[],"yoast_head":"<!-- This site is optimized with the Yoast SEO plugin v27.4 - https:\/\/yoast.com\/product\/yoast-seo-wordpress\/ -->\n<title>Franco Colapinto largar\u00e1 14\u00b0 en el GP de Hungr\u00eda - Diario Textual<\/title>\n<meta name=\"robots\" content=\"index, follow, max-snippet:-1, max-image-preview:large, max-video-preview:-1\" \/>\n<link rel=\"canonical\" href=\"https:\/\/diariotextual.com\/inicio\/index.php\/2025\/08\/02\/franco-colapinto-largara-14-en-el-gp-de-hungria\/\" \/>\n<meta property=\"og:locale\" content=\"es_ES\" \/>\n<meta property=\"og:type\" content=\"article\" \/>\n<meta property=\"og:title\" content=\"Franco Colapinto largar\u00e1 14\u00b0 en el GP de Hungr\u00eda - Diario Textual\" \/>\n<meta property=\"og:description\" content=\"El argentino Franco Colapinto tuvo una clasificaci\u00f3n en el Gran Premio de Hungr\u00eda de F\u00f3rmula 1 que dej\u00f3 un saldo positivo ya que largar\u00e1 desde la decimocuarta posici\u00f3n. El piloto&hellip;\" \/>\n<meta property=\"og:url\" content=\"https:\/\/diariotextual.com\/inicio\/index.php\/2025\/08\/02\/franco-colapinto-largara-14-en-el-gp-de-hungria\/\" \/>\n<meta property=\"og:site_name\" content=\"Diario Textual\" \/>\n<meta property=\"article:publisher\" content=\"https:\/\/www.facebook.com\/eltextual\" \/>\n<meta property=\"article:published_time\" content=\"2025-08-02T15:54:21+00:00\" \/>\n<meta property=\"article:modified_time\" content=\"2025-08-02T16:10:23+00:00\" \/>\n<meta property=\"og:image\" content=\"https:\/\/diariotextual.com\/inicio\/wp-content\/uploads\/2025\/08\/colapintofranco2025-999.jpg\" \/>\n\t<meta property=\"og:image:width\" content=\"1300\" \/>\n\t<meta property=\"og:image:height\" content=\"829\" \/>\n\t<meta property=\"og:image:type\" content=\"image\/jpeg\" \/>\n<meta name=\"author\" content=\"Sergio Romano\" \/>\n<meta name=\"twitter:card\" content=\"summary_large_image\" \/>\n<meta name=\"twitter:creator\" content=\"@eltextual\" \/>\n<meta name=\"twitter:site\" content=\"@eltextual\" \/>\n<meta name=\"twitter:label1\" content=\"Escrito por\" \/>\n\t<meta name=\"twitter:data1\" content=\"Sergio Romano\" \/>\n\t<meta name=\"twitter:label2\" content=\"Tiempo de lectura\" \/>\n\t<meta name=\"twitter:data2\" content=\"2 minutos\" \/>\n<script type=\"application\/ld+json\" class=\"yoast-schema-graph\">{\"@context\":\"https:\\\/\\\/schema.org\",\"@graph\":[{\"@type\":\"Article\",\"@id\":\"https:\\\/\\\/diariotextual.com\\\/inicio\\\/index.php\\\/2025\\\/08\\\/02\\\/franco-colapinto-largara-14-en-el-gp-de-hungria\\\/#article\",\"isPartOf\":{\"@id\":\"https:\\\/\\\/diariotextual.com\\\/inicio\\\/index.php\\\/2025\\\/08\\\/02\\\/franco-colapinto-largara-14-en-el-gp-de-hungria\\\/\"},\"author\":{\"name\":\"Sergio Romano\",\"@id\":\"https:\\\/\\\/diariotextual.com\\\/inicio\\\/#\\\/schema\\\/person\\\/523499e72392084bbaa07d9918058135\"},\"headline\":\"Franco Colapinto largar\u00e1 14\u00b0 en el GP de Hungr\u00eda\",\"datePublished\":\"2025-08-02T15:54:21+00:00\",\"dateModified\":\"2025-08-02T16:10:23+00:00\",\"mainEntityOfPage\":{\"@id\":\"https:\\\/\\\/diariotextual.com\\\/inicio\\\/index.php\\\/2025\\\/08\\\/02\\\/franco-colapinto-largara-14-en-el-gp-de-hungria\\\/\"},\"wordCount\":277,\"publisher\":{\"@id\":\"https:\\\/\\\/diariotextual.com\\\/inicio\\\/#organization\"},\"image\":{\"@id\":\"https:\\\/\\\/diariotextual.com\\\/inicio\\\/index.php\\\/2025\\\/08\\\/02\\\/franco-colapinto-largara-14-en-el-gp-de-hungria\\\/#primaryimage\"},\"thumbnailUrl\":\"https:\\\/\\\/diariotextual.com\\\/inicio\\\/wp-content\\\/uploads\\\/2025\\\/08\\\/colapintofranco2025-999.jpg\",\"articleSection\":[\"A - ES NOTICIA (van abajo)\",\"DEPORTES\"],\"inLanguage\":\"es\"},{\"@type\":\"WebPage\",\"@id\":\"https:\\\/\\\/diariotextual.com\\\/inicio\\\/index.php\\\/2025\\\/08\\\/02\\\/franco-colapinto-largara-14-en-el-gp-de-hungria\\\/\",\"url\":\"https:\\\/\\\/diariotextual.com\\\/inicio\\\/index.php\\\/2025\\\/08\\\/02\\\/franco-colapinto-largara-14-en-el-gp-de-hungria\\\/\",\"name\":\"Franco Colapinto largar\u00e1 14\u00b0 en el GP de Hungr\u00eda - Diario Textual\",\"isPartOf\":{\"@id\":\"https:\\\/\\\/diariotextual.com\\\/inicio\\\/#website\"},\"primaryImageOfPage\":{\"@id\":\"https:\\\/\\\/diariotextual.com\\\/inicio\\\/index.php\\\/2025\\\/08\\\/02\\\/franco-colapinto-largara-14-en-el-gp-de-hungria\\\/#primaryimage\"},\"image\":{\"@id\":\"https:\\\/\\\/diariotextual.com\\\/inicio\\\/index.php\\\/2025\\\/08\\\/02\\\/franco-colapinto-largara-14-en-el-gp-de-hungria\\\/#primaryimage\"},\"thumbnailUrl\":\"https:\\\/\\\/diariotextual.com\\\/inicio\\\/wp-content\\\/uploads\\\/2025\\\/08\\\/colapintofranco2025-999.jpg\",\"datePublished\":\"2025-08-02T15:54:21+00:00\",\"dateModified\":\"2025-08-02T16:10:23+00:00\",\"breadcrumb\":{\"@id\":\"https:\\\/\\\/diariotextual.com\\\/inicio\\\/index.php\\\/2025\\\/08\\\/02\\\/franco-colapinto-largara-14-en-el-gp-de-hungria\\\/#breadcrumb\"},\"inLanguage\":\"es\",\"potentialAction\":[{\"@type\":\"ReadAction\",\"target\":[\"https:\\\/\\\/diariotextual.com\\\/inicio\\\/index.php\\\/2025\\\/08\\\/02\\\/franco-colapinto-largara-14-en-el-gp-de-hungria\\\/\"]}]},{\"@type\":\"ImageObject\",\"inLanguage\":\"es\",\"@id\":\"https:\\\/\\\/diariotextual.com\\\/inicio\\\/index.php\\\/2025\\\/08\\\/02\\\/franco-colapinto-largara-14-en-el-gp-de-hungria\\\/#primaryimage\",\"url\":\"https:\\\/\\\/diariotextual.com\\\/inicio\\\/wp-content\\\/uploads\\\/2025\\\/08\\\/colapintofranco2025-999.jpg\",\"contentUrl\":\"https:\\\/\\\/diariotextual.com\\\/inicio\\\/wp-content\\\/uploads\\\/2025\\\/08\\\/colapintofranco2025-999.jpg\",\"width\":1300,\"height\":829},{\"@type\":\"BreadcrumbList\",\"@id\":\"https:\\\/\\\/diariotextual.com\\\/inicio\\\/index.php\\\/2025\\\/08\\\/02\\\/franco-colapinto-largara-14-en-el-gp-de-hungria\\\/#breadcrumb\",\"itemListElement\":[{\"@type\":\"ListItem\",\"position\":1,\"name\":\"Portada\",\"item\":\"https:\\\/\\\/diariotextual.com\\\/inicio\\\/\"},{\"@type\":\"ListItem\",\"position\":2,\"name\":\"Franco Colapinto largar\u00e1 14\u00b0 en el GP de Hungr\u00eda\"}]},{\"@type\":\"WebSite\",\"@id\":\"https:\\\/\\\/diariotextual.com\\\/inicio\\\/#website\",\"url\":\"https:\\\/\\\/diariotextual.com\\\/inicio\\\/\",\"name\":\"Diario Textual\",\"description\":\"\",\"publisher\":{\"@id\":\"https:\\\/\\\/diariotextual.com\\\/inicio\\\/#organization\"},\"potentialAction\":[{\"@type\":\"SearchAction\",\"target\":{\"@type\":\"EntryPoint\",\"urlTemplate\":\"https:\\\/\\\/diariotextual.com\\\/inicio\\\/?s={search_term_string}\"},\"query-input\":{\"@type\":\"PropertyValueSpecification\",\"valueRequired\":true,\"valueName\":\"search_term_string\"}}],\"inLanguage\":\"es\"},{\"@type\":\"Organization\",\"@id\":\"https:\\\/\\\/diariotextual.com\\\/inicio\\\/#organization\",\"name\":\"Diario Textual\",\"url\":\"https:\\\/\\\/diariotextual.com\\\/inicio\\\/\",\"logo\":{\"@type\":\"ImageObject\",\"inLanguage\":\"es\",\"@id\":\"https:\\\/\\\/diariotextual.com\\\/inicio\\\/#\\\/schema\\\/logo\\\/image\\\/\",\"url\":\"https:\\\/\\\/diariotextual.com\\\/inicio\\\/wp-content\\\/uploads\\\/2023\\\/05\\\/logotextual1.jpg\",\"contentUrl\":\"https:\\\/\\\/diariotextual.com\\\/inicio\\\/wp-content\\\/uploads\\\/2023\\\/05\\\/logotextual1.jpg\",\"width\":516,\"height\":76,\"caption\":\"Diario Textual\"},\"image\":{\"@id\":\"https:\\\/\\\/diariotextual.com\\\/inicio\\\/#\\\/schema\\\/logo\\\/image\\\/\"},\"sameAs\":[\"https:\\\/\\\/www.facebook.com\\\/eltextual\",\"https:\\\/\\\/x.com\\\/eltextual\",\"http:\\\/\\\/www.instagram.com\\\/eltextual\"]},{\"@type\":\"Person\",\"@id\":\"https:\\\/\\\/diariotextual.com\\\/inicio\\\/#\\\/schema\\\/person\\\/523499e72392084bbaa07d9918058135\",\"name\":\"Sergio Romano\",\"image\":{\"@type\":\"ImageObject\",\"inLanguage\":\"es\",\"@id\":\"https:\\\/\\\/secure.gravatar.com\\\/avatar\\\/558f03f407fa3accd9dabd3c363c971a21b2b44ce0fe39bb24a92ac5472808b8?s=96&d=mm&r=g\",\"url\":\"https:\\\/\\\/secure.gravatar.com\\\/avatar\\\/558f03f407fa3accd9dabd3c363c971a21b2b44ce0fe39bb24a92ac5472808b8?s=96&d=mm&r=g\",\"contentUrl\":\"https:\\\/\\\/secure.gravatar.com\\\/avatar\\\/558f03f407fa3accd9dabd3c363c971a21b2b44ce0fe39bb24a92ac5472808b8?s=96&d=mm&r=g\",\"caption\":\"Sergio Romano\"},\"sameAs\":[\"http:\\\/\\\/www.diariotextual.com\"],\"url\":\"https:\\\/\\\/diariotextual.com\\\/inicio\\\/index.php\\\/author\\\/sergio\\\/\"}]}<\/script>\n<!-- \/ Yoast SEO plugin. -->","yoast_head_json":{"title":"Franco Colapinto largar\u00e1 14\u00b0 en el GP de Hungr\u00eda - Diario Textual","robots":{"index":"index","follow":"follow","max-snippet":"max-snippet:-1","max-image-preview":"max-image-preview:large","max-video-preview":"max-video-preview:-1"},"canonical":"https:\/\/diariotextual.com\/inicio\/index.php\/2025\/08\/02\/franco-colapinto-largara-14-en-el-gp-de-hungria\/","og_locale":"es_ES","og_type":"article","og_title":"Franco Colapinto largar\u00e1 14\u00b0 en el GP de Hungr\u00eda - Diario Textual","og_description":"El argentino Franco Colapinto tuvo una clasificaci\u00f3n en el Gran Premio de Hungr\u00eda de F\u00f3rmula 1 que dej\u00f3 un saldo positivo ya que largar\u00e1 desde la decimocuarta posici\u00f3n. El piloto&hellip;","og_url":"https:\/\/diariotextual.com\/inicio\/index.php\/2025\/08\/02\/franco-colapinto-largara-14-en-el-gp-de-hungria\/","og_site_name":"Diario Textual","article_publisher":"https:\/\/www.facebook.com\/eltextual","article_published_time":"2025-08-02T15:54:21+00:00","article_modified_time":"2025-08-02T16:10:23+00:00","og_image":[{"width":1300,"height":829,"url":"https:\/\/diariotextual.com\/inicio\/wp-content\/uploads\/2025\/08\/colapintofranco2025-999.jpg","type":"image\/jpeg"}],"author":"Sergio Romano","twitter_card":"summary_large_image","twitter_creator":"@eltextual","twitter_site":"@eltextual","twitter_misc":{"Escrito por":"Sergio Romano","Tiempo de lectura":"2 minutos"},"schema":{"@context":"https:\/\/schema.org","@graph":[{"@type":"Article","@id":"https:\/\/diariotextual.com\/inicio\/index.php\/2025\/08\/02\/franco-colapinto-largara-14-en-el-gp-de-hungria\/#article","isPartOf":{"@id":"https:\/\/diariotextual.com\/inicio\/index.php\/2025\/08\/02\/franco-colapinto-largara-14-en-el-gp-de-hungria\/"},"author":{"name":"Sergio Romano","@id":"https:\/\/diariotextual.com\/inicio\/#\/schema\/person\/523499e72392084bbaa07d9918058135"},"headline":"Franco Colapinto largar\u00e1 14\u00b0 en el GP de Hungr\u00eda","datePublished":"2025-08-02T15:54:21+00:00","dateModified":"2025-08-02T16:10:23+00:00","mainEntityOfPage":{"@id":"https:\/\/diariotextual.com\/inicio\/index.php\/2025\/08\/02\/franco-colapinto-largara-14-en-el-gp-de-hungria\/"},"wordCount":277,"publisher":{"@id":"https:\/\/diariotextual.com\/inicio\/#organization"},"image":{"@id":"https:\/\/diariotextual.com\/inicio\/index.php\/2025\/08\/02\/franco-colapinto-largara-14-en-el-gp-de-hungria\/#primaryimage"},"thumbnailUrl":"https:\/\/diariotextual.com\/inicio\/wp-content\/uploads\/2025\/08\/colapintofranco2025-999.jpg","articleSection":["A - ES NOTICIA (van abajo)","DEPORTES"],"inLanguage":"es"},{"@type":"WebPage","@id":"https:\/\/diariotextual.com\/inicio\/index.php\/2025\/08\/02\/franco-colapinto-largara-14-en-el-gp-de-hungria\/","url":"https:\/\/diariotextual.com\/inicio\/index.php\/2025\/08\/02\/franco-colapinto-largara-14-en-el-gp-de-hungria\/","name":"Franco Colapinto largar\u00e1 14\u00b0 en el GP de Hungr\u00eda - Diario Textual","isPartOf":{"@id":"https:\/\/diariotextual.com\/inicio\/#website"},"primaryImageOfPage":{"@id":"https:\/\/diariotextual.com\/inicio\/index.php\/2025\/08\/02\/franco-colapinto-largara-14-en-el-gp-de-hungria\/#primaryimage"},"image":{"@id":"https:\/\/diariotextual.com\/inicio\/index.php\/2025\/08\/02\/franco-colapinto-largara-14-en-el-gp-de-hungria\/#primaryimage"},"thumbnailUrl":"https:\/\/diariotextual.com\/inicio\/wp-content\/uploads\/2025\/08\/colapintofranco2025-999.jpg","datePublished":"2025-08-02T15:54:21+00:00","dateModified":"2025-08-02T16:10:23+00:00","breadcrumb":{"@id":"https:\/\/diariotextual.com\/inicio\/index.php\/2025\/08\/02\/franco-colapinto-largara-14-en-el-gp-de-hungria\/#breadcrumb"},"inLanguage":"es","potentialAction":[{"@type":"ReadAction","target":["https:\/\/diariotextual.com\/inicio\/index.php\/2025\/08\/02\/franco-colapinto-largara-14-en-el-gp-de-hungria\/"]}]},{"@type":"ImageObject","inLanguage":"es","@id":"https:\/\/diariotextual.com\/inicio\/index.php\/2025\/08\/02\/franco-colapinto-largara-14-en-el-gp-de-hungria\/#primaryimage","url":"https:\/\/diariotextual.com\/inicio\/wp-content\/uploads\/2025\/08\/colapintofranco2025-999.jpg","contentUrl":"https:\/\/diariotextual.com\/inicio\/wp-content\/uploads\/2025\/08\/colapintofranco2025-999.jpg","width":1300,"height":829},{"@type":"BreadcrumbList","@id":"https:\/\/diariotextual.com\/inicio\/index.php\/2025\/08\/02\/franco-colapinto-largara-14-en-el-gp-de-hungria\/#breadcrumb","itemListElement":[{"@type":"ListItem","position":1,"name":"Portada","item":"https:\/\/diariotextual.com\/inicio\/"},{"@type":"ListItem","position":2,"name":"Franco Colapinto largar\u00e1 14\u00b0 en el GP de Hungr\u00eda"}]},{"@type":"WebSite","@id":"https:\/\/diariotextual.com\/inicio\/#website","url":"https:\/\/diariotextual.com\/inicio\/","name":"Diario Textual","description":"","publisher":{"@id":"https:\/\/diariotextual.com\/inicio\/#organization"},"potentialAction":[{"@type":"SearchAction","target":{"@type":"EntryPoint","urlTemplate":"https:\/\/diariotextual.com\/inicio\/?s={search_term_string}"},"query-input":{"@type":"PropertyValueSpecification","valueRequired":true,"valueName":"search_term_string"}}],"inLanguage":"es"},{"@type":"Organization","@id":"https:\/\/diariotextual.com\/inicio\/#organization","name":"Diario Textual","url":"https:\/\/diariotextual.com\/inicio\/","logo":{"@type":"ImageObject","inLanguage":"es","@id":"https:\/\/diariotextual.com\/inicio\/#\/schema\/logo\/image\/","url":"https:\/\/diariotextual.com\/inicio\/wp-content\/uploads\/2023\/05\/logotextual1.jpg","contentUrl":"https:\/\/diariotextual.com\/inicio\/wp-content\/uploads\/2023\/05\/logotextual1.jpg","width":516,"height":76,"caption":"Diario Textual"},"image":{"@id":"https:\/\/diariotextual.com\/inicio\/#\/schema\/logo\/image\/"},"sameAs":["https:\/\/www.facebook.com\/eltextual","https:\/\/x.com\/eltextual","http:\/\/www.instagram.com\/eltextual"]},{"@type":"Person","@id":"https:\/\/diariotextual.com\/inicio\/#\/schema\/person\/523499e72392084bbaa07d9918058135","name":"Sergio Romano","image":{"@type":"ImageObject","inLanguage":"es","@id":"https:\/\/secure.gravatar.com\/avatar\/558f03f407fa3accd9dabd3c363c971a21b2b44ce0fe39bb24a92ac5472808b8?s=96&d=mm&r=g","url":"https:\/\/secure.gravatar.com\/avatar\/558f03f407fa3accd9dabd3c363c971a21b2b44ce0fe39bb24a92ac5472808b8?s=96&d=mm&r=g","contentUrl":"https:\/\/secure.gravatar.com\/avatar\/558f03f407fa3accd9dabd3c363c971a21b2b44ce0fe39bb24a92ac5472808b8?s=96&d=mm&r=g","caption":"Sergio Romano"},"sameAs":["http:\/\/www.diariotextual.com"],"url":"https:\/\/diariotextual.com\/inicio\/index.php\/author\/sergio\/"}]}},"_links":{"self":[{"href":"https:\/\/diariotextual.com\/inicio\/index.php\/wp-json\/wp\/v2\/posts\/302929","targetHints":{"allow":["GET"]}}],"collection":[{"href":"https:\/\/diariotextual.com\/inicio\/index.php\/wp-json\/wp\/v2\/posts"}],"about":[{"href":"https:\/\/diariotextual.com\/inicio\/index.php\/wp-json\/wp\/v2\/types\/post"}],"author":[{"embeddable":true,"href":"https:\/\/diariotextual.com\/inicio\/index.php\/wp-json\/wp\/v2\/users\/2"}],"replies":[{"embeddable":true,"href":"https:\/\/diariotextual.com\/inicio\/index.php\/wp-json\/wp\/v2\/comments?post=302929"}],"version-history":[{"count":3,"href":"https:\/\/diariotextual.com\/inicio\/index.php\/wp-json\/wp\/v2\/posts\/302929\/revisions"}],"predecessor-version":[{"id":302936,"href":"https:\/\/diariotextual.com\/inicio\/index.php\/wp-json\/wp\/v2\/posts\/302929\/revisions\/302936"}],"wp:featuredmedia":[{"embeddable":true,"href":"https:\/\/diariotextual.com\/inicio\/index.php\/wp-json\/wp\/v2\/media\/302927"}],"wp:attachment":[{"href":"https:\/\/diariotextual.com\/inicio\/index.php\/wp-json\/wp\/v2\/media?parent=302929"}],"wp:term":[{"taxonomy":"category","embeddable":true,"href":"https:\/\/diariotextual.com\/inicio\/index.php\/wp-json\/wp\/v2\/categories?post=302929"},{"taxonomy":"post_tag","embeddable":true,"href":"https:\/\/diariotextual.com\/inicio\/index.php\/wp-json\/wp\/v2\/tags?post=302929"}],"curies":[{"name":"wp","href":"https:\/\/api.w.org\/{rel}","templated":true}]}}