{"id":302986,"date":"2025-08-03T11:45:15","date_gmt":"2025-08-03T14:45:15","guid":{"rendered":"https:\/\/diariotextual.com\/inicio\/?p=302986"},"modified":"2025-08-04T07:50:14","modified_gmt":"2025-08-04T10:50:14","slug":"franco-colapinto-sufrio-por-los-problemas-de-alpine-y-termino-18o-el-gran-premio-de-hungria","status":"publish","type":"post","link":"https:\/\/diariotextual.com\/inicio\/index.php\/2025\/08\/03\/franco-colapinto-sufrio-por-los-problemas-de-alpine-y-termino-18o-el-gran-premio-de-hungria\/","title":{"rendered":"Franco Colapinto sufri\u00f3 por los problemas de Alpine y termin\u00f3 18\u00ba el Gran Premio de Hungr\u00eda"},"content":{"rendered":"\n<p>Franco Colapinto termin\u00f3 18\u00b0 en el Gran Premio de Hungr\u00eda, que fue dominado por los McLaren, que hicieron el 1-2, con Lando Norris y Oscar Pistri, luego de un gran final de carrera.<\/p>\n\n\n\n<p>El argentino debi\u00f3 lidiar de principio a fin con una complicada competencia, que comenz\u00f3 con la p\u00e9rdida de 4 posiciones en la largada: pas\u00f3 de 14\u00b0 a 18. Luego, un par de malas paradas en boxes (dos de m\u00e1s de 7 segundos), sumado al mal rendimiento de su Alpine lo llevaron al \u00faltimo lugar de la grilla (19\u00b0), ya que Oliver Bearman no termin\u00f3 la carrera.<\/p>\n\n\n\n<p>No obstante, una penalizaci\u00f3n posterior a su compa\u00f1ero Pierre Gasly de 10 segundos, le permitieron subir a la 18\u00b0 posici\u00f3n.<\/p>\n\n\n\n<p>En la parte de adelante, Lando Norris consigui\u00f3 un gran triunfo tras batallar hasta el final con su compa\u00f1ero de equipo Oscar Piastri, l\u00edder del campeonato.<\/p>\n\n\n\n<p>\u201cFue muy duro\u201d, admiti\u00f3 el brit\u00e1nico tras la carrera y luego de defender su posici\u00f3n hasta \u00faltimo momento.<\/p>\n\n\n\n<p>El podio lo complet\u00f3 George Russell (Mercedes Benz), quien super\u00f3 Charles Leclerc (Ferrari), que larg\u00f3 desde la pole position pero no pudo cuidar su lugar de privilegio.<\/p>\n\n\n\n<p><\/p>\n\n\n\n<p><\/p>\n","protected":false},"excerpt":{"rendered":"<p>Franco Colapinto termin\u00f3 18\u00b0 en el Gran Premio de Hungr\u00eda, que fue dominado por los McLaren, que hicieron el 1-2, con Lando Norris y Oscar Pistri, luego de un gran&hellip;<\/p>\n","protected":false},"author":3,"featured_media":302987,"comment_status":"closed","ping_status":"open","sticky":false,"template":"","format":"standard","meta":{"_acf_changed":false,"footnotes":""},"categories":[1,3],"tags":[],"class_list":["post-302986","post","type-post","status-publish","format-standard","has-post-thumbnail","hentry","category-es-noticia","category-deportes"],"acf":[],"yoast_head":"<!-- This site is optimized with the Yoast SEO plugin v27.4 - https:\/\/yoast.com\/product\/yoast-seo-wordpress\/ -->\n<title>Franco Colapinto sufri\u00f3 por los problemas de Alpine y termin\u00f3 18\u00ba el Gran Premio de Hungr\u00eda - Diario Textual<\/title>\n<meta name=\"robots\" content=\"index, follow, max-snippet:-1, max-image-preview:large, max-video-preview:-1\" \/>\n<link rel=\"canonical\" href=\"https:\/\/diariotextual.com\/inicio\/index.php\/2025\/08\/03\/franco-colapinto-sufrio-por-los-problemas-de-alpine-y-termino-18o-el-gran-premio-de-hungria\/\" \/>\n<meta property=\"og:locale\" content=\"es_ES\" \/>\n<meta property=\"og:type\" content=\"article\" \/>\n<meta property=\"og:title\" content=\"Franco Colapinto sufri\u00f3 por los problemas de Alpine y termin\u00f3 18\u00ba el Gran Premio de Hungr\u00eda - Diario Textual\" \/>\n<meta property=\"og:description\" content=\"Franco Colapinto termin\u00f3 18\u00b0 en el Gran Premio de Hungr\u00eda, que fue dominado por los McLaren, que hicieron el 1-2, con Lando Norris y Oscar Pistri, luego de un gran&hellip;\" \/>\n<meta property=\"og:url\" content=\"https:\/\/diariotextual.com\/inicio\/index.php\/2025\/08\/03\/franco-colapinto-sufrio-por-los-problemas-de-alpine-y-termino-18o-el-gran-premio-de-hungria\/\" \/>\n<meta property=\"og:site_name\" content=\"Diario Textual\" \/>\n<meta property=\"article:publisher\" content=\"https:\/\/www.facebook.com\/eltextual\" \/>\n<meta property=\"article:published_time\" content=\"2025-08-03T14:45:15+00:00\" \/>\n<meta property=\"article:modified_time\" content=\"2025-08-04T10:50:14+00:00\" \/>\n<meta property=\"og:image\" content=\"https:\/\/diariotextual.com\/inicio\/wp-content\/uploads\/2025\/08\/colapintofranco2025-1002.jpg\" \/>\n\t<meta property=\"og:image:width\" content=\"1300\" \/>\n\t<meta property=\"og:image:height\" content=\"878\" \/>\n\t<meta property=\"og:image:type\" content=\"image\/jpeg\" \/>\n<meta name=\"author\" content=\"Diario1 Diario1\" \/>\n<meta name=\"twitter:card\" content=\"summary_large_image\" \/>\n<meta name=\"twitter:creator\" content=\"@eltextual\" \/>\n<meta name=\"twitter:site\" content=\"@eltextual\" \/>\n<meta name=\"twitter:label1\" content=\"Escrito por\" \/>\n\t<meta name=\"twitter:data1\" content=\"Diario1 Diario1\" \/>\n\t<meta name=\"twitter:label2\" content=\"Tiempo de lectura\" \/>\n\t<meta name=\"twitter:data2\" content=\"2 minutos\" \/>\n<script type=\"application\/ld+json\" class=\"yoast-schema-graph\">{\"@context\":\"https:\\\/\\\/schema.org\",\"@graph\":[{\"@type\":\"Article\",\"@id\":\"https:\\\/\\\/diariotextual.com\\\/inicio\\\/index.php\\\/2025\\\/08\\\/03\\\/franco-colapinto-sufrio-por-los-problemas-de-alpine-y-termino-18o-el-gran-premio-de-hungria\\\/#article\",\"isPartOf\":{\"@id\":\"https:\\\/\\\/diariotextual.com\\\/inicio\\\/index.php\\\/2025\\\/08\\\/03\\\/franco-colapinto-sufrio-por-los-problemas-de-alpine-y-termino-18o-el-gran-premio-de-hungria\\\/\"},\"author\":{\"name\":\"Diario1 Diario1\",\"@id\":\"https:\\\/\\\/diariotextual.com\\\/inicio\\\/#\\\/schema\\\/person\\\/418fc4093c33e86ed41562db3508f958\"},\"headline\":\"Franco Colapinto sufri\u00f3 por los problemas de Alpine y termin\u00f3 18\u00ba el Gran Premio de Hungr\u00eda\",\"datePublished\":\"2025-08-03T14:45:15+00:00\",\"dateModified\":\"2025-08-04T10:50:14+00:00\",\"mainEntityOfPage\":{\"@id\":\"https:\\\/\\\/diariotextual.com\\\/inicio\\\/index.php\\\/2025\\\/08\\\/03\\\/franco-colapinto-sufrio-por-los-problemas-de-alpine-y-termino-18o-el-gran-premio-de-hungria\\\/\"},\"wordCount\":208,\"publisher\":{\"@id\":\"https:\\\/\\\/diariotextual.com\\\/inicio\\\/#organization\"},\"image\":{\"@id\":\"https:\\\/\\\/diariotextual.com\\\/inicio\\\/index.php\\\/2025\\\/08\\\/03\\\/franco-colapinto-sufrio-por-los-problemas-de-alpine-y-termino-18o-el-gran-premio-de-hungria\\\/#primaryimage\"},\"thumbnailUrl\":\"https:\\\/\\\/diariotextual.com\\\/inicio\\\/wp-content\\\/uploads\\\/2025\\\/08\\\/colapintofranco2025-1002.jpg\",\"articleSection\":[\"A - ES NOTICIA (van abajo)\",\"DEPORTES\"],\"inLanguage\":\"es\"},{\"@type\":\"WebPage\",\"@id\":\"https:\\\/\\\/diariotextual.com\\\/inicio\\\/index.php\\\/2025\\\/08\\\/03\\\/franco-colapinto-sufrio-por-los-problemas-de-alpine-y-termino-18o-el-gran-premio-de-hungria\\\/\",\"url\":\"https:\\\/\\\/diariotextual.com\\\/inicio\\\/index.php\\\/2025\\\/08\\\/03\\\/franco-colapinto-sufrio-por-los-problemas-de-alpine-y-termino-18o-el-gran-premio-de-hungria\\\/\",\"name\":\"Franco Colapinto sufri\u00f3 por los problemas de Alpine y termin\u00f3 18\u00ba el Gran Premio de Hungr\u00eda - Diario Textual\",\"isPartOf\":{\"@id\":\"https:\\\/\\\/diariotextual.com\\\/inicio\\\/#website\"},\"primaryImageOfPage\":{\"@id\":\"https:\\\/\\\/diariotextual.com\\\/inicio\\\/index.php\\\/2025\\\/08\\\/03\\\/franco-colapinto-sufrio-por-los-problemas-de-alpine-y-termino-18o-el-gran-premio-de-hungria\\\/#primaryimage\"},\"image\":{\"@id\":\"https:\\\/\\\/diariotextual.com\\\/inicio\\\/index.php\\\/2025\\\/08\\\/03\\\/franco-colapinto-sufrio-por-los-problemas-de-alpine-y-termino-18o-el-gran-premio-de-hungria\\\/#primaryimage\"},\"thumbnailUrl\":\"https:\\\/\\\/diariotextual.com\\\/inicio\\\/wp-content\\\/uploads\\\/2025\\\/08\\\/colapintofranco2025-1002.jpg\",\"datePublished\":\"2025-08-03T14:45:15+00:00\",\"dateModified\":\"2025-08-04T10:50:14+00:00\",\"breadcrumb\":{\"@id\":\"https:\\\/\\\/diariotextual.com\\\/inicio\\\/index.php\\\/2025\\\/08\\\/03\\\/franco-colapinto-sufrio-por-los-problemas-de-alpine-y-termino-18o-el-gran-premio-de-hungria\\\/#breadcrumb\"},\"inLanguage\":\"es\",\"potentialAction\":[{\"@type\":\"ReadAction\",\"target\":[\"https:\\\/\\\/diariotextual.com\\\/inicio\\\/index.php\\\/2025\\\/08\\\/03\\\/franco-colapinto-sufrio-por-los-problemas-de-alpine-y-termino-18o-el-gran-premio-de-hungria\\\/\"]}]},{\"@type\":\"ImageObject\",\"inLanguage\":\"es\",\"@id\":\"https:\\\/\\\/diariotextual.com\\\/inicio\\\/index.php\\\/2025\\\/08\\\/03\\\/franco-colapinto-sufrio-por-los-problemas-de-alpine-y-termino-18o-el-gran-premio-de-hungria\\\/#primaryimage\",\"url\":\"https:\\\/\\\/diariotextual.com\\\/inicio\\\/wp-content\\\/uploads\\\/2025\\\/08\\\/colapintofranco2025-1002.jpg\",\"contentUrl\":\"https:\\\/\\\/diariotextual.com\\\/inicio\\\/wp-content\\\/uploads\\\/2025\\\/08\\\/colapintofranco2025-1002.jpg\",\"width\":1300,\"height\":878},{\"@type\":\"BreadcrumbList\",\"@id\":\"https:\\\/\\\/diariotextual.com\\\/inicio\\\/index.php\\\/2025\\\/08\\\/03\\\/franco-colapinto-sufrio-por-los-problemas-de-alpine-y-termino-18o-el-gran-premio-de-hungria\\\/#breadcrumb\",\"itemListElement\":[{\"@type\":\"ListItem\",\"position\":1,\"name\":\"Portada\",\"item\":\"https:\\\/\\\/diariotextual.com\\\/inicio\\\/\"},{\"@type\":\"ListItem\",\"position\":2,\"name\":\"Franco Colapinto sufri\u00f3 por los problemas de Alpine y termin\u00f3 18\u00ba el Gran Premio de Hungr\u00eda\"}]},{\"@type\":\"WebSite\",\"@id\":\"https:\\\/\\\/diariotextual.com\\\/inicio\\\/#website\",\"url\":\"https:\\\/\\\/diariotextual.com\\\/inicio\\\/\",\"name\":\"Diario Textual\",\"description\":\"\",\"publisher\":{\"@id\":\"https:\\\/\\\/diariotextual.com\\\/inicio\\\/#organization\"},\"potentialAction\":[{\"@type\":\"SearchAction\",\"target\":{\"@type\":\"EntryPoint\",\"urlTemplate\":\"https:\\\/\\\/diariotextual.com\\\/inicio\\\/?s={search_term_string}\"},\"query-input\":{\"@type\":\"PropertyValueSpecification\",\"valueRequired\":true,\"valueName\":\"search_term_string\"}}],\"inLanguage\":\"es\"},{\"@type\":\"Organization\",\"@id\":\"https:\\\/\\\/diariotextual.com\\\/inicio\\\/#organization\",\"name\":\"Diario Textual\",\"url\":\"https:\\\/\\\/diariotextual.com\\\/inicio\\\/\",\"logo\":{\"@type\":\"ImageObject\",\"inLanguage\":\"es\",\"@id\":\"https:\\\/\\\/diariotextual.com\\\/inicio\\\/#\\\/schema\\\/logo\\\/image\\\/\",\"url\":\"https:\\\/\\\/diariotextual.com\\\/inicio\\\/wp-content\\\/uploads\\\/2023\\\/05\\\/logotextual1.jpg\",\"contentUrl\":\"https:\\\/\\\/diariotextual.com\\\/inicio\\\/wp-content\\\/uploads\\\/2023\\\/05\\\/logotextual1.jpg\",\"width\":516,\"height\":76,\"caption\":\"Diario Textual\"},\"image\":{\"@id\":\"https:\\\/\\\/diariotextual.com\\\/inicio\\\/#\\\/schema\\\/logo\\\/image\\\/\"},\"sameAs\":[\"https:\\\/\\\/www.facebook.com\\\/eltextual\",\"https:\\\/\\\/x.com\\\/eltextual\",\"http:\\\/\\\/www.instagram.com\\\/eltextual\"]},{\"@type\":\"Person\",\"@id\":\"https:\\\/\\\/diariotextual.com\\\/inicio\\\/#\\\/schema\\\/person\\\/418fc4093c33e86ed41562db3508f958\",\"name\":\"Diario1 Diario1\",\"image\":{\"@type\":\"ImageObject\",\"inLanguage\":\"es\",\"@id\":\"https:\\\/\\\/secure.gravatar.com\\\/avatar\\\/9167d280179c85bc18be67aa7eda765854300033af4896dd779b608640f2ef7a?s=96&d=mm&r=g\",\"url\":\"https:\\\/\\\/secure.gravatar.com\\\/avatar\\\/9167d280179c85bc18be67aa7eda765854300033af4896dd779b608640f2ef7a?s=96&d=mm&r=g\",\"contentUrl\":\"https:\\\/\\\/secure.gravatar.com\\\/avatar\\\/9167d280179c85bc18be67aa7eda765854300033af4896dd779b608640f2ef7a?s=96&d=mm&r=g\",\"caption\":\"Diario1 Diario1\"},\"url\":\"https:\\\/\\\/diariotextual.com\\\/inicio\\\/index.php\\\/author\\\/diario1\\\/\"}]}<\/script>\n<!-- \/ Yoast SEO plugin. -->","yoast_head_json":{"title":"Franco Colapinto sufri\u00f3 por los problemas de Alpine y termin\u00f3 18\u00ba el Gran Premio de Hungr\u00eda - Diario Textual","robots":{"index":"index","follow":"follow","max-snippet":"max-snippet:-1","max-image-preview":"max-image-preview:large","max-video-preview":"max-video-preview:-1"},"canonical":"https:\/\/diariotextual.com\/inicio\/index.php\/2025\/08\/03\/franco-colapinto-sufrio-por-los-problemas-de-alpine-y-termino-18o-el-gran-premio-de-hungria\/","og_locale":"es_ES","og_type":"article","og_title":"Franco Colapinto sufri\u00f3 por los problemas de Alpine y termin\u00f3 18\u00ba el Gran Premio de Hungr\u00eda - Diario Textual","og_description":"Franco Colapinto termin\u00f3 18\u00b0 en el Gran Premio de Hungr\u00eda, que fue dominado por los McLaren, que hicieron el 1-2, con Lando Norris y Oscar Pistri, luego de un gran&hellip;","og_url":"https:\/\/diariotextual.com\/inicio\/index.php\/2025\/08\/03\/franco-colapinto-sufrio-por-los-problemas-de-alpine-y-termino-18o-el-gran-premio-de-hungria\/","og_site_name":"Diario Textual","article_publisher":"https:\/\/www.facebook.com\/eltextual","article_published_time":"2025-08-03T14:45:15+00:00","article_modified_time":"2025-08-04T10:50:14+00:00","og_image":[{"width":1300,"height":878,"url":"https:\/\/diariotextual.com\/inicio\/wp-content\/uploads\/2025\/08\/colapintofranco2025-1002.jpg","type":"image\/jpeg"}],"author":"Diario1 Diario1","twitter_card":"summary_large_image","twitter_creator":"@eltextual","twitter_site":"@eltextual","twitter_misc":{"Escrito por":"Diario1 Diario1","Tiempo de lectura":"2 minutos"},"schema":{"@context":"https:\/\/schema.org","@graph":[{"@type":"Article","@id":"https:\/\/diariotextual.com\/inicio\/index.php\/2025\/08\/03\/franco-colapinto-sufrio-por-los-problemas-de-alpine-y-termino-18o-el-gran-premio-de-hungria\/#article","isPartOf":{"@id":"https:\/\/diariotextual.com\/inicio\/index.php\/2025\/08\/03\/franco-colapinto-sufrio-por-los-problemas-de-alpine-y-termino-18o-el-gran-premio-de-hungria\/"},"author":{"name":"Diario1 Diario1","@id":"https:\/\/diariotextual.com\/inicio\/#\/schema\/person\/418fc4093c33e86ed41562db3508f958"},"headline":"Franco Colapinto sufri\u00f3 por los problemas de Alpine y termin\u00f3 18\u00ba el Gran Premio de Hungr\u00eda","datePublished":"2025-08-03T14:45:15+00:00","dateModified":"2025-08-04T10:50:14+00:00","mainEntityOfPage":{"@id":"https:\/\/diariotextual.com\/inicio\/index.php\/2025\/08\/03\/franco-colapinto-sufrio-por-los-problemas-de-alpine-y-termino-18o-el-gran-premio-de-hungria\/"},"wordCount":208,"publisher":{"@id":"https:\/\/diariotextual.com\/inicio\/#organization"},"image":{"@id":"https:\/\/diariotextual.com\/inicio\/index.php\/2025\/08\/03\/franco-colapinto-sufrio-por-los-problemas-de-alpine-y-termino-18o-el-gran-premio-de-hungria\/#primaryimage"},"thumbnailUrl":"https:\/\/diariotextual.com\/inicio\/wp-content\/uploads\/2025\/08\/colapintofranco2025-1002.jpg","articleSection":["A - ES NOTICIA (van abajo)","DEPORTES"],"inLanguage":"es"},{"@type":"WebPage","@id":"https:\/\/diariotextual.com\/inicio\/index.php\/2025\/08\/03\/franco-colapinto-sufrio-por-los-problemas-de-alpine-y-termino-18o-el-gran-premio-de-hungria\/","url":"https:\/\/diariotextual.com\/inicio\/index.php\/2025\/08\/03\/franco-colapinto-sufrio-por-los-problemas-de-alpine-y-termino-18o-el-gran-premio-de-hungria\/","name":"Franco Colapinto sufri\u00f3 por los problemas de Alpine y termin\u00f3 18\u00ba el Gran Premio de Hungr\u00eda - Diario Textual","isPartOf":{"@id":"https:\/\/diariotextual.com\/inicio\/#website"},"primaryImageOfPage":{"@id":"https:\/\/diariotextual.com\/inicio\/index.php\/2025\/08\/03\/franco-colapinto-sufrio-por-los-problemas-de-alpine-y-termino-18o-el-gran-premio-de-hungria\/#primaryimage"},"image":{"@id":"https:\/\/diariotextual.com\/inicio\/index.php\/2025\/08\/03\/franco-colapinto-sufrio-por-los-problemas-de-alpine-y-termino-18o-el-gran-premio-de-hungria\/#primaryimage"},"thumbnailUrl":"https:\/\/diariotextual.com\/inicio\/wp-content\/uploads\/2025\/08\/colapintofranco2025-1002.jpg","datePublished":"2025-08-03T14:45:15+00:00","dateModified":"2025-08-04T10:50:14+00:00","breadcrumb":{"@id":"https:\/\/diariotextual.com\/inicio\/index.php\/2025\/08\/03\/franco-colapinto-sufrio-por-los-problemas-de-alpine-y-termino-18o-el-gran-premio-de-hungria\/#breadcrumb"},"inLanguage":"es","potentialAction":[{"@type":"ReadAction","target":["https:\/\/diariotextual.com\/inicio\/index.php\/2025\/08\/03\/franco-colapinto-sufrio-por-los-problemas-de-alpine-y-termino-18o-el-gran-premio-de-hungria\/"]}]},{"@type":"ImageObject","inLanguage":"es","@id":"https:\/\/diariotextual.com\/inicio\/index.php\/2025\/08\/03\/franco-colapinto-sufrio-por-los-problemas-de-alpine-y-termino-18o-el-gran-premio-de-hungria\/#primaryimage","url":"https:\/\/diariotextual.com\/inicio\/wp-content\/uploads\/2025\/08\/colapintofranco2025-1002.jpg","contentUrl":"https:\/\/diariotextual.com\/inicio\/wp-content\/uploads\/2025\/08\/colapintofranco2025-1002.jpg","width":1300,"height":878},{"@type":"BreadcrumbList","@id":"https:\/\/diariotextual.com\/inicio\/index.php\/2025\/08\/03\/franco-colapinto-sufrio-por-los-problemas-de-alpine-y-termino-18o-el-gran-premio-de-hungria\/#breadcrumb","itemListElement":[{"@type":"ListItem","position":1,"name":"Portada","item":"https:\/\/diariotextual.com\/inicio\/"},{"@type":"ListItem","position":2,"name":"Franco Colapinto sufri\u00f3 por los problemas de Alpine y termin\u00f3 18\u00ba el Gran Premio de Hungr\u00eda"}]},{"@type":"WebSite","@id":"https:\/\/diariotextual.com\/inicio\/#website","url":"https:\/\/diariotextual.com\/inicio\/","name":"Diario Textual","description":"","publisher":{"@id":"https:\/\/diariotextual.com\/inicio\/#organization"},"potentialAction":[{"@type":"SearchAction","target":{"@type":"EntryPoint","urlTemplate":"https:\/\/diariotextual.com\/inicio\/?s={search_term_string}"},"query-input":{"@type":"PropertyValueSpecification","valueRequired":true,"valueName":"search_term_string"}}],"inLanguage":"es"},{"@type":"Organization","@id":"https:\/\/diariotextual.com\/inicio\/#organization","name":"Diario Textual","url":"https:\/\/diariotextual.com\/inicio\/","logo":{"@type":"ImageObject","inLanguage":"es","@id":"https:\/\/diariotextual.com\/inicio\/#\/schema\/logo\/image\/","url":"https:\/\/diariotextual.com\/inicio\/wp-content\/uploads\/2023\/05\/logotextual1.jpg","contentUrl":"https:\/\/diariotextual.com\/inicio\/wp-content\/uploads\/2023\/05\/logotextual1.jpg","width":516,"height":76,"caption":"Diario Textual"},"image":{"@id":"https:\/\/diariotextual.com\/inicio\/#\/schema\/logo\/image\/"},"sameAs":["https:\/\/www.facebook.com\/eltextual","https:\/\/x.com\/eltextual","http:\/\/www.instagram.com\/eltextual"]},{"@type":"Person","@id":"https:\/\/diariotextual.com\/inicio\/#\/schema\/person\/418fc4093c33e86ed41562db3508f958","name":"Diario1 Diario1","image":{"@type":"ImageObject","inLanguage":"es","@id":"https:\/\/secure.gravatar.com\/avatar\/9167d280179c85bc18be67aa7eda765854300033af4896dd779b608640f2ef7a?s=96&d=mm&r=g","url":"https:\/\/secure.gravatar.com\/avatar\/9167d280179c85bc18be67aa7eda765854300033af4896dd779b608640f2ef7a?s=96&d=mm&r=g","contentUrl":"https:\/\/secure.gravatar.com\/avatar\/9167d280179c85bc18be67aa7eda765854300033af4896dd779b608640f2ef7a?s=96&d=mm&r=g","caption":"Diario1 Diario1"},"url":"https:\/\/diariotextual.com\/inicio\/index.php\/author\/diario1\/"}]}},"_links":{"self":[{"href":"https:\/\/diariotextual.com\/inicio\/index.php\/wp-json\/wp\/v2\/posts\/302986","targetHints":{"allow":["GET"]}}],"collection":[{"href":"https:\/\/diariotextual.com\/inicio\/index.php\/wp-json\/wp\/v2\/posts"}],"about":[{"href":"https:\/\/diariotextual.com\/inicio\/index.php\/wp-json\/wp\/v2\/types\/post"}],"author":[{"embeddable":true,"href":"https:\/\/diariotextual.com\/inicio\/index.php\/wp-json\/wp\/v2\/users\/3"}],"replies":[{"embeddable":true,"href":"https:\/\/diariotextual.com\/inicio\/index.php\/wp-json\/wp\/v2\/comments?post=302986"}],"version-history":[{"count":4,"href":"https:\/\/diariotextual.com\/inicio\/index.php\/wp-json\/wp\/v2\/posts\/302986\/revisions"}],"predecessor-version":[{"id":302991,"href":"https:\/\/diariotextual.com\/inicio\/index.php\/wp-json\/wp\/v2\/posts\/302986\/revisions\/302991"}],"wp:featuredmedia":[{"embeddable":true,"href":"https:\/\/diariotextual.com\/inicio\/index.php\/wp-json\/wp\/v2\/media\/302987"}],"wp:attachment":[{"href":"https:\/\/diariotextual.com\/inicio\/index.php\/wp-json\/wp\/v2\/media?parent=302986"}],"wp:term":[{"taxonomy":"category","embeddable":true,"href":"https:\/\/diariotextual.com\/inicio\/index.php\/wp-json\/wp\/v2\/categories?post=302986"},{"taxonomy":"post_tag","embeddable":true,"href":"https:\/\/diariotextual.com\/inicio\/index.php\/wp-json\/wp\/v2\/tags?post=302986"}],"curies":[{"name":"wp","href":"https:\/\/api.w.org\/{rel}","templated":true}]}}