{"id":303231,"date":"2025-08-06T07:48:50","date_gmt":"2025-08-06T10:48:50","guid":{"rendered":"https:\/\/diariotextual.com\/inicio\/?p=303231"},"modified":"2025-08-06T09:58:58","modified_gmt":"2025-08-06T12:58:58","slug":"colapinto-sufrio-un-accidente-durante-los-test-de-la-formula-1-en-hungria","status":"publish","type":"post","link":"https:\/\/diariotextual.com\/inicio\/index.php\/2025\/08\/06\/colapinto-sufrio-un-accidente-durante-los-test-de-la-formula-1-en-hungria\/","title":{"rendered":"Colapinto sufri\u00f3 un accidente durante los test de la F\u00f3rmula 1 en Hungr\u00eda"},"content":{"rendered":"\n<p>Durante la segunda jornada de los test de la F\u00f3rmula 1 en Hungr\u00eda, <strong>Franco Colapinto <\/strong>sufri\u00f3 un accidente en la curva 11 del circuito Hungaroring, donde el \u00faltimo fin de semana se llev\u00f3 a cabo el Gran Premio del pa\u00eds europeo. En las im\u00e1genes, se puede ver como el monoplaza que conduc\u00eda el argentino qued\u00f3 destruido.<\/p>\n\n\n\n<p><strong>Tras el incidente, Alpine emiti\u00f3 un comunicado para confirmar que el oriundo de Pilar se encuentra fuera de peligro tras ser atentido por los m\u00e9dicos<\/strong>. \u201cDurante el segundo d\u00eda de pruebas de neum\u00e1ticos Pirelli en Hungaroring esta ma\u00f1ana, Franco Colapinto tuvo un incidente en la curva 11. Franco fue evaluado en el centro m\u00e9dico y se encuentra bien\u201d, cit\u00f3 la escuder\u00eda en sus redes sociales. Asimismo,\u00a0<strong>se pudo ver un video del piloto de 22 a\u00f1os regresando al paddock del equipo por sus propios medios<\/strong>\u00a0que public\u00f3 el periodista Adri\u00e1n Puente.<\/p>\n\n\n\n<p>Hay que recordar que, al igual que sucede cuando hay un incidente durante una tanda de entrenamientos o una carrera, los pilotos pasan por el control m\u00e9dico por una cuesti\u00f3n de protocolo de la FIA.<\/p>\n\n\n\n<p>El m\u00edtico trazado h\u00fangaro es conocido como el \u201cM\u00f3naco sin muros\u201d por los especialistas de la F1, dado que tiene poco m\u00e1s de 4.000 metros de extensi\u00f3n, 14 curvas y una sola zona de DRS activa para que los pilotos puedan aprovechar para intentar un traspaso. Colapinto fue protagonista el \u00faltimo domingo por los problemas que tuvo en las dos paradas en boxes que hizo durante la competencia que gan\u00f3 Lando Norris con su McLaren.<\/p>\n\n\n\n<p>La de este mi\u00e9rcoles es la segunda jornada de tareas en Hungr\u00eda para la F\u00f3rmula 1 y Alpine es uno de los que participa de los ensayos organizados para el desarrollo de los neum\u00e1ticos que Pirelli utilizar\u00e1 en 2026. El estonio Paul Aron, piloto reserva de la escuder\u00eda francesa, fue quien estuvo a cargo del monoplaza en la sesi\u00f3n del martes.<\/p>\n\n\n\n<p>Para estos ensayos de este mi\u00e9rcoles, que ten\u00edan dentro del cronograma al volante a Pierre Gasly y el propio Colapinto, la escuder\u00eda emplea dos versiones de sus autos: el A525 (la versi\u00f3n actual) y un A523 (dos temporadas atr\u00e1s) bajo la modalidad TPC (Test of Previous Car), monoplaza que el argentino ya condujo en pruebas en Barcelona, Monza, Qatar y Zandvoort antes de convertirse en titular en reemplazo del australiano Jack Doohan.<\/p>\n\n\n\n<p><\/p>\n\n\n\n<p><\/p>\n","protected":false},"excerpt":{"rendered":"<p>Durante la segunda jornada de los test de la F\u00f3rmula 1 en Hungr\u00eda, Franco Colapinto sufri\u00f3 un accidente en la curva 11 del circuito Hungaroring, donde el \u00faltimo fin de&hellip;<\/p>\n","protected":false},"author":3,"featured_media":303235,"comment_status":"closed","ping_status":"open","sticky":false,"template":"","format":"standard","meta":{"_acf_changed":false,"footnotes":""},"categories":[1,3],"tags":[],"class_list":["post-303231","post","type-post","status-publish","format-standard","has-post-thumbnail","hentry","category-es-noticia","category-deportes"],"acf":[],"yoast_head":"<!-- This site is optimized with the Yoast SEO plugin v27.4 - https:\/\/yoast.com\/product\/yoast-seo-wordpress\/ -->\n<title>Colapinto sufri\u00f3 un accidente durante los test de la F\u00f3rmula 1 en Hungr\u00eda - Diario Textual<\/title>\n<meta name=\"robots\" content=\"index, follow, max-snippet:-1, max-image-preview:large, max-video-preview:-1\" \/>\n<link rel=\"canonical\" href=\"https:\/\/diariotextual.com\/inicio\/index.php\/2025\/08\/06\/colapinto-sufrio-un-accidente-durante-los-test-de-la-formula-1-en-hungria\/\" \/>\n<meta property=\"og:locale\" content=\"es_ES\" \/>\n<meta property=\"og:type\" content=\"article\" \/>\n<meta property=\"og:title\" content=\"Colapinto sufri\u00f3 un accidente durante los test de la F\u00f3rmula 1 en Hungr\u00eda - Diario Textual\" \/>\n<meta property=\"og:description\" content=\"Durante la segunda jornada de los test de la F\u00f3rmula 1 en Hungr\u00eda, Franco Colapinto sufri\u00f3 un accidente en la curva 11 del circuito Hungaroring, donde el \u00faltimo fin de&hellip;\" \/>\n<meta property=\"og:url\" content=\"https:\/\/diariotextual.com\/inicio\/index.php\/2025\/08\/06\/colapinto-sufrio-un-accidente-durante-los-test-de-la-formula-1-en-hungria\/\" \/>\n<meta property=\"og:site_name\" content=\"Diario Textual\" \/>\n<meta property=\"article:publisher\" content=\"https:\/\/www.facebook.com\/eltextual\" \/>\n<meta property=\"article:published_time\" content=\"2025-08-06T10:48:50+00:00\" \/>\n<meta property=\"article:modified_time\" content=\"2025-08-06T12:58:58+00:00\" \/>\n<meta property=\"og:image\" content=\"https:\/\/diariotextual.com\/inicio\/wp-content\/uploads\/2025\/08\/colapintofrancochoque2025-7.jpg\" \/>\n\t<meta property=\"og:image:width\" content=\"975\" \/>\n\t<meta property=\"og:image:height\" content=\"546\" \/>\n\t<meta property=\"og:image:type\" content=\"image\/jpeg\" \/>\n<meta name=\"author\" content=\"Diario1 Diario1\" \/>\n<meta name=\"twitter:card\" content=\"summary_large_image\" \/>\n<meta name=\"twitter:creator\" content=\"@eltextual\" \/>\n<meta name=\"twitter:site\" content=\"@eltextual\" \/>\n<meta name=\"twitter:label1\" content=\"Escrito por\" \/>\n\t<meta name=\"twitter:data1\" content=\"Diario1 Diario1\" \/>\n\t<meta name=\"twitter:label2\" content=\"Tiempo de lectura\" \/>\n\t<meta name=\"twitter:data2\" content=\"2 minutos\" \/>\n<script type=\"application\/ld+json\" class=\"yoast-schema-graph\">{\"@context\":\"https:\\\/\\\/schema.org\",\"@graph\":[{\"@type\":\"Article\",\"@id\":\"https:\\\/\\\/diariotextual.com\\\/inicio\\\/index.php\\\/2025\\\/08\\\/06\\\/colapinto-sufrio-un-accidente-durante-los-test-de-la-formula-1-en-hungria\\\/#article\",\"isPartOf\":{\"@id\":\"https:\\\/\\\/diariotextual.com\\\/inicio\\\/index.php\\\/2025\\\/08\\\/06\\\/colapinto-sufrio-un-accidente-durante-los-test-de-la-formula-1-en-hungria\\\/\"},\"author\":{\"name\":\"Diario1 Diario1\",\"@id\":\"https:\\\/\\\/diariotextual.com\\\/inicio\\\/#\\\/schema\\\/person\\\/418fc4093c33e86ed41562db3508f958\"},\"headline\":\"Colapinto sufri\u00f3 un accidente durante los test de la F\u00f3rmula 1 en Hungr\u00eda\",\"datePublished\":\"2025-08-06T10:48:50+00:00\",\"dateModified\":\"2025-08-06T12:58:58+00:00\",\"mainEntityOfPage\":{\"@id\":\"https:\\\/\\\/diariotextual.com\\\/inicio\\\/index.php\\\/2025\\\/08\\\/06\\\/colapinto-sufrio-un-accidente-durante-los-test-de-la-formula-1-en-hungria\\\/\"},\"wordCount\":427,\"publisher\":{\"@id\":\"https:\\\/\\\/diariotextual.com\\\/inicio\\\/#organization\"},\"image\":{\"@id\":\"https:\\\/\\\/diariotextual.com\\\/inicio\\\/index.php\\\/2025\\\/08\\\/06\\\/colapinto-sufrio-un-accidente-durante-los-test-de-la-formula-1-en-hungria\\\/#primaryimage\"},\"thumbnailUrl\":\"https:\\\/\\\/diariotextual.com\\\/inicio\\\/wp-content\\\/uploads\\\/2025\\\/08\\\/colapintofrancochoque2025-7.jpg\",\"articleSection\":[\"A - ES NOTICIA (van abajo)\",\"DEPORTES\"],\"inLanguage\":\"es\"},{\"@type\":\"WebPage\",\"@id\":\"https:\\\/\\\/diariotextual.com\\\/inicio\\\/index.php\\\/2025\\\/08\\\/06\\\/colapinto-sufrio-un-accidente-durante-los-test-de-la-formula-1-en-hungria\\\/\",\"url\":\"https:\\\/\\\/diariotextual.com\\\/inicio\\\/index.php\\\/2025\\\/08\\\/06\\\/colapinto-sufrio-un-accidente-durante-los-test-de-la-formula-1-en-hungria\\\/\",\"name\":\"Colapinto sufri\u00f3 un accidente durante los test de la F\u00f3rmula 1 en Hungr\u00eda - Diario Textual\",\"isPartOf\":{\"@id\":\"https:\\\/\\\/diariotextual.com\\\/inicio\\\/#website\"},\"primaryImageOfPage\":{\"@id\":\"https:\\\/\\\/diariotextual.com\\\/inicio\\\/index.php\\\/2025\\\/08\\\/06\\\/colapinto-sufrio-un-accidente-durante-los-test-de-la-formula-1-en-hungria\\\/#primaryimage\"},\"image\":{\"@id\":\"https:\\\/\\\/diariotextual.com\\\/inicio\\\/index.php\\\/2025\\\/08\\\/06\\\/colapinto-sufrio-un-accidente-durante-los-test-de-la-formula-1-en-hungria\\\/#primaryimage\"},\"thumbnailUrl\":\"https:\\\/\\\/diariotextual.com\\\/inicio\\\/wp-content\\\/uploads\\\/2025\\\/08\\\/colapintofrancochoque2025-7.jpg\",\"datePublished\":\"2025-08-06T10:48:50+00:00\",\"dateModified\":\"2025-08-06T12:58:58+00:00\",\"breadcrumb\":{\"@id\":\"https:\\\/\\\/diariotextual.com\\\/inicio\\\/index.php\\\/2025\\\/08\\\/06\\\/colapinto-sufrio-un-accidente-durante-los-test-de-la-formula-1-en-hungria\\\/#breadcrumb\"},\"inLanguage\":\"es\",\"potentialAction\":[{\"@type\":\"ReadAction\",\"target\":[\"https:\\\/\\\/diariotextual.com\\\/inicio\\\/index.php\\\/2025\\\/08\\\/06\\\/colapinto-sufrio-un-accidente-durante-los-test-de-la-formula-1-en-hungria\\\/\"]}]},{\"@type\":\"ImageObject\",\"inLanguage\":\"es\",\"@id\":\"https:\\\/\\\/diariotextual.com\\\/inicio\\\/index.php\\\/2025\\\/08\\\/06\\\/colapinto-sufrio-un-accidente-durante-los-test-de-la-formula-1-en-hungria\\\/#primaryimage\",\"url\":\"https:\\\/\\\/diariotextual.com\\\/inicio\\\/wp-content\\\/uploads\\\/2025\\\/08\\\/colapintofrancochoque2025-7.jpg\",\"contentUrl\":\"https:\\\/\\\/diariotextual.com\\\/inicio\\\/wp-content\\\/uploads\\\/2025\\\/08\\\/colapintofrancochoque2025-7.jpg\",\"width\":975,\"height\":546},{\"@type\":\"BreadcrumbList\",\"@id\":\"https:\\\/\\\/diariotextual.com\\\/inicio\\\/index.php\\\/2025\\\/08\\\/06\\\/colapinto-sufrio-un-accidente-durante-los-test-de-la-formula-1-en-hungria\\\/#breadcrumb\",\"itemListElement\":[{\"@type\":\"ListItem\",\"position\":1,\"name\":\"Portada\",\"item\":\"https:\\\/\\\/diariotextual.com\\\/inicio\\\/\"},{\"@type\":\"ListItem\",\"position\":2,\"name\":\"Colapinto sufri\u00f3 un accidente durante los test de la F\u00f3rmula 1 en Hungr\u00eda\"}]},{\"@type\":\"WebSite\",\"@id\":\"https:\\\/\\\/diariotextual.com\\\/inicio\\\/#website\",\"url\":\"https:\\\/\\\/diariotextual.com\\\/inicio\\\/\",\"name\":\"Diario Textual\",\"description\":\"\",\"publisher\":{\"@id\":\"https:\\\/\\\/diariotextual.com\\\/inicio\\\/#organization\"},\"potentialAction\":[{\"@type\":\"SearchAction\",\"target\":{\"@type\":\"EntryPoint\",\"urlTemplate\":\"https:\\\/\\\/diariotextual.com\\\/inicio\\\/?s={search_term_string}\"},\"query-input\":{\"@type\":\"PropertyValueSpecification\",\"valueRequired\":true,\"valueName\":\"search_term_string\"}}],\"inLanguage\":\"es\"},{\"@type\":\"Organization\",\"@id\":\"https:\\\/\\\/diariotextual.com\\\/inicio\\\/#organization\",\"name\":\"Diario Textual\",\"url\":\"https:\\\/\\\/diariotextual.com\\\/inicio\\\/\",\"logo\":{\"@type\":\"ImageObject\",\"inLanguage\":\"es\",\"@id\":\"https:\\\/\\\/diariotextual.com\\\/inicio\\\/#\\\/schema\\\/logo\\\/image\\\/\",\"url\":\"https:\\\/\\\/diariotextual.com\\\/inicio\\\/wp-content\\\/uploads\\\/2023\\\/05\\\/logotextual1.jpg\",\"contentUrl\":\"https:\\\/\\\/diariotextual.com\\\/inicio\\\/wp-content\\\/uploads\\\/2023\\\/05\\\/logotextual1.jpg\",\"width\":516,\"height\":76,\"caption\":\"Diario Textual\"},\"image\":{\"@id\":\"https:\\\/\\\/diariotextual.com\\\/inicio\\\/#\\\/schema\\\/logo\\\/image\\\/\"},\"sameAs\":[\"https:\\\/\\\/www.facebook.com\\\/eltextual\",\"https:\\\/\\\/x.com\\\/eltextual\",\"http:\\\/\\\/www.instagram.com\\\/eltextual\"]},{\"@type\":\"Person\",\"@id\":\"https:\\\/\\\/diariotextual.com\\\/inicio\\\/#\\\/schema\\\/person\\\/418fc4093c33e86ed41562db3508f958\",\"name\":\"Diario1 Diario1\",\"image\":{\"@type\":\"ImageObject\",\"inLanguage\":\"es\",\"@id\":\"https:\\\/\\\/secure.gravatar.com\\\/avatar\\\/9167d280179c85bc18be67aa7eda765854300033af4896dd779b608640f2ef7a?s=96&d=mm&r=g\",\"url\":\"https:\\\/\\\/secure.gravatar.com\\\/avatar\\\/9167d280179c85bc18be67aa7eda765854300033af4896dd779b608640f2ef7a?s=96&d=mm&r=g\",\"contentUrl\":\"https:\\\/\\\/secure.gravatar.com\\\/avatar\\\/9167d280179c85bc18be67aa7eda765854300033af4896dd779b608640f2ef7a?s=96&d=mm&r=g\",\"caption\":\"Diario1 Diario1\"},\"url\":\"https:\\\/\\\/diariotextual.com\\\/inicio\\\/index.php\\\/author\\\/diario1\\\/\"}]}<\/script>\n<!-- \/ Yoast SEO plugin. -->","yoast_head_json":{"title":"Colapinto sufri\u00f3 un accidente durante los test de la F\u00f3rmula 1 en Hungr\u00eda - Diario Textual","robots":{"index":"index","follow":"follow","max-snippet":"max-snippet:-1","max-image-preview":"max-image-preview:large","max-video-preview":"max-video-preview:-1"},"canonical":"https:\/\/diariotextual.com\/inicio\/index.php\/2025\/08\/06\/colapinto-sufrio-un-accidente-durante-los-test-de-la-formula-1-en-hungria\/","og_locale":"es_ES","og_type":"article","og_title":"Colapinto sufri\u00f3 un accidente durante los test de la F\u00f3rmula 1 en Hungr\u00eda - Diario Textual","og_description":"Durante la segunda jornada de los test de la F\u00f3rmula 1 en Hungr\u00eda, Franco Colapinto sufri\u00f3 un accidente en la curva 11 del circuito Hungaroring, donde el \u00faltimo fin de&hellip;","og_url":"https:\/\/diariotextual.com\/inicio\/index.php\/2025\/08\/06\/colapinto-sufrio-un-accidente-durante-los-test-de-la-formula-1-en-hungria\/","og_site_name":"Diario Textual","article_publisher":"https:\/\/www.facebook.com\/eltextual","article_published_time":"2025-08-06T10:48:50+00:00","article_modified_time":"2025-08-06T12:58:58+00:00","og_image":[{"width":975,"height":546,"url":"https:\/\/diariotextual.com\/inicio\/wp-content\/uploads\/2025\/08\/colapintofrancochoque2025-7.jpg","type":"image\/jpeg"}],"author":"Diario1 Diario1","twitter_card":"summary_large_image","twitter_creator":"@eltextual","twitter_site":"@eltextual","twitter_misc":{"Escrito por":"Diario1 Diario1","Tiempo de lectura":"2 minutos"},"schema":{"@context":"https:\/\/schema.org","@graph":[{"@type":"Article","@id":"https:\/\/diariotextual.com\/inicio\/index.php\/2025\/08\/06\/colapinto-sufrio-un-accidente-durante-los-test-de-la-formula-1-en-hungria\/#article","isPartOf":{"@id":"https:\/\/diariotextual.com\/inicio\/index.php\/2025\/08\/06\/colapinto-sufrio-un-accidente-durante-los-test-de-la-formula-1-en-hungria\/"},"author":{"name":"Diario1 Diario1","@id":"https:\/\/diariotextual.com\/inicio\/#\/schema\/person\/418fc4093c33e86ed41562db3508f958"},"headline":"Colapinto sufri\u00f3 un accidente durante los test de la F\u00f3rmula 1 en Hungr\u00eda","datePublished":"2025-08-06T10:48:50+00:00","dateModified":"2025-08-06T12:58:58+00:00","mainEntityOfPage":{"@id":"https:\/\/diariotextual.com\/inicio\/index.php\/2025\/08\/06\/colapinto-sufrio-un-accidente-durante-los-test-de-la-formula-1-en-hungria\/"},"wordCount":427,"publisher":{"@id":"https:\/\/diariotextual.com\/inicio\/#organization"},"image":{"@id":"https:\/\/diariotextual.com\/inicio\/index.php\/2025\/08\/06\/colapinto-sufrio-un-accidente-durante-los-test-de-la-formula-1-en-hungria\/#primaryimage"},"thumbnailUrl":"https:\/\/diariotextual.com\/inicio\/wp-content\/uploads\/2025\/08\/colapintofrancochoque2025-7.jpg","articleSection":["A - ES NOTICIA (van abajo)","DEPORTES"],"inLanguage":"es"},{"@type":"WebPage","@id":"https:\/\/diariotextual.com\/inicio\/index.php\/2025\/08\/06\/colapinto-sufrio-un-accidente-durante-los-test-de-la-formula-1-en-hungria\/","url":"https:\/\/diariotextual.com\/inicio\/index.php\/2025\/08\/06\/colapinto-sufrio-un-accidente-durante-los-test-de-la-formula-1-en-hungria\/","name":"Colapinto sufri\u00f3 un accidente durante los test de la F\u00f3rmula 1 en Hungr\u00eda - Diario Textual","isPartOf":{"@id":"https:\/\/diariotextual.com\/inicio\/#website"},"primaryImageOfPage":{"@id":"https:\/\/diariotextual.com\/inicio\/index.php\/2025\/08\/06\/colapinto-sufrio-un-accidente-durante-los-test-de-la-formula-1-en-hungria\/#primaryimage"},"image":{"@id":"https:\/\/diariotextual.com\/inicio\/index.php\/2025\/08\/06\/colapinto-sufrio-un-accidente-durante-los-test-de-la-formula-1-en-hungria\/#primaryimage"},"thumbnailUrl":"https:\/\/diariotextual.com\/inicio\/wp-content\/uploads\/2025\/08\/colapintofrancochoque2025-7.jpg","datePublished":"2025-08-06T10:48:50+00:00","dateModified":"2025-08-06T12:58:58+00:00","breadcrumb":{"@id":"https:\/\/diariotextual.com\/inicio\/index.php\/2025\/08\/06\/colapinto-sufrio-un-accidente-durante-los-test-de-la-formula-1-en-hungria\/#breadcrumb"},"inLanguage":"es","potentialAction":[{"@type":"ReadAction","target":["https:\/\/diariotextual.com\/inicio\/index.php\/2025\/08\/06\/colapinto-sufrio-un-accidente-durante-los-test-de-la-formula-1-en-hungria\/"]}]},{"@type":"ImageObject","inLanguage":"es","@id":"https:\/\/diariotextual.com\/inicio\/index.php\/2025\/08\/06\/colapinto-sufrio-un-accidente-durante-los-test-de-la-formula-1-en-hungria\/#primaryimage","url":"https:\/\/diariotextual.com\/inicio\/wp-content\/uploads\/2025\/08\/colapintofrancochoque2025-7.jpg","contentUrl":"https:\/\/diariotextual.com\/inicio\/wp-content\/uploads\/2025\/08\/colapintofrancochoque2025-7.jpg","width":975,"height":546},{"@type":"BreadcrumbList","@id":"https:\/\/diariotextual.com\/inicio\/index.php\/2025\/08\/06\/colapinto-sufrio-un-accidente-durante-los-test-de-la-formula-1-en-hungria\/#breadcrumb","itemListElement":[{"@type":"ListItem","position":1,"name":"Portada","item":"https:\/\/diariotextual.com\/inicio\/"},{"@type":"ListItem","position":2,"name":"Colapinto sufri\u00f3 un accidente durante los test de la F\u00f3rmula 1 en Hungr\u00eda"}]},{"@type":"WebSite","@id":"https:\/\/diariotextual.com\/inicio\/#website","url":"https:\/\/diariotextual.com\/inicio\/","name":"Diario Textual","description":"","publisher":{"@id":"https:\/\/diariotextual.com\/inicio\/#organization"},"potentialAction":[{"@type":"SearchAction","target":{"@type":"EntryPoint","urlTemplate":"https:\/\/diariotextual.com\/inicio\/?s={search_term_string}"},"query-input":{"@type":"PropertyValueSpecification","valueRequired":true,"valueName":"search_term_string"}}],"inLanguage":"es"},{"@type":"Organization","@id":"https:\/\/diariotextual.com\/inicio\/#organization","name":"Diario Textual","url":"https:\/\/diariotextual.com\/inicio\/","logo":{"@type":"ImageObject","inLanguage":"es","@id":"https:\/\/diariotextual.com\/inicio\/#\/schema\/logo\/image\/","url":"https:\/\/diariotextual.com\/inicio\/wp-content\/uploads\/2023\/05\/logotextual1.jpg","contentUrl":"https:\/\/diariotextual.com\/inicio\/wp-content\/uploads\/2023\/05\/logotextual1.jpg","width":516,"height":76,"caption":"Diario Textual"},"image":{"@id":"https:\/\/diariotextual.com\/inicio\/#\/schema\/logo\/image\/"},"sameAs":["https:\/\/www.facebook.com\/eltextual","https:\/\/x.com\/eltextual","http:\/\/www.instagram.com\/eltextual"]},{"@type":"Person","@id":"https:\/\/diariotextual.com\/inicio\/#\/schema\/person\/418fc4093c33e86ed41562db3508f958","name":"Diario1 Diario1","image":{"@type":"ImageObject","inLanguage":"es","@id":"https:\/\/secure.gravatar.com\/avatar\/9167d280179c85bc18be67aa7eda765854300033af4896dd779b608640f2ef7a?s=96&d=mm&r=g","url":"https:\/\/secure.gravatar.com\/avatar\/9167d280179c85bc18be67aa7eda765854300033af4896dd779b608640f2ef7a?s=96&d=mm&r=g","contentUrl":"https:\/\/secure.gravatar.com\/avatar\/9167d280179c85bc18be67aa7eda765854300033af4896dd779b608640f2ef7a?s=96&d=mm&r=g","caption":"Diario1 Diario1"},"url":"https:\/\/diariotextual.com\/inicio\/index.php\/author\/diario1\/"}]}},"_links":{"self":[{"href":"https:\/\/diariotextual.com\/inicio\/index.php\/wp-json\/wp\/v2\/posts\/303231","targetHints":{"allow":["GET"]}}],"collection":[{"href":"https:\/\/diariotextual.com\/inicio\/index.php\/wp-json\/wp\/v2\/posts"}],"about":[{"href":"https:\/\/diariotextual.com\/inicio\/index.php\/wp-json\/wp\/v2\/types\/post"}],"author":[{"embeddable":true,"href":"https:\/\/diariotextual.com\/inicio\/index.php\/wp-json\/wp\/v2\/users\/3"}],"replies":[{"embeddable":true,"href":"https:\/\/diariotextual.com\/inicio\/index.php\/wp-json\/wp\/v2\/comments?post=303231"}],"version-history":[{"count":3,"href":"https:\/\/diariotextual.com\/inicio\/index.php\/wp-json\/wp\/v2\/posts\/303231\/revisions"}],"predecessor-version":[{"id":303234,"href":"https:\/\/diariotextual.com\/inicio\/index.php\/wp-json\/wp\/v2\/posts\/303231\/revisions\/303234"}],"wp:featuredmedia":[{"embeddable":true,"href":"https:\/\/diariotextual.com\/inicio\/index.php\/wp-json\/wp\/v2\/media\/303235"}],"wp:attachment":[{"href":"https:\/\/diariotextual.com\/inicio\/index.php\/wp-json\/wp\/v2\/media?parent=303231"}],"wp:term":[{"taxonomy":"category","embeddable":true,"href":"https:\/\/diariotextual.com\/inicio\/index.php\/wp-json\/wp\/v2\/categories?post=303231"},{"taxonomy":"post_tag","embeddable":true,"href":"https:\/\/diariotextual.com\/inicio\/index.php\/wp-json\/wp\/v2\/tags?post=303231"}],"curies":[{"name":"wp","href":"https:\/\/api.w.org\/{rel}","templated":true}]}}