{"id":304305,"date":"2025-08-15T19:47:08","date_gmt":"2025-08-15T22:47:08","guid":{"rendered":"https:\/\/diariotextual.com\/inicio\/?p=304305"},"modified":"2025-08-15T19:47:10","modified_gmt":"2025-08-15T22:47:10","slug":"tierra-del-fuego-se-bajo-y-la-pampa-sera-sede-de-los-juegos-de-la-araucania","status":"publish","type":"post","link":"https:\/\/diariotextual.com\/inicio\/index.php\/2025\/08\/15\/tierra-del-fuego-se-bajo-y-la-pampa-sera-sede-de-los-juegos-de-la-araucania\/","title":{"rendered":"Tierra del Fuego se baj\u00f3 y La Pampa ser\u00e1 sede de los Juegos de la Araucan\u00eda"},"content":{"rendered":"\n<p>El Gobierno de La Pampa confirm\u00f3 que ser\u00e1 sede de los <strong>Juegos Binacionales de la Araucan\u00eda 2025<\/strong>, la competencia que <strong>involucra a las seis provincias de la Patagonia y las cinco regiones del sur de Chile<\/strong>, luego que el Gobierno de Tierra del Fuego anunciara que no lo iba a organizar por razones econ\u00f3micas. <strong>Ser\u00e1 del 7 al 12 de diciembre.<\/strong><\/p>\n\n\n\n<p>Los XXXII Juegos de la Araucan\u00eda estaban previstos realizarse en esa provincia del Sur, desde el 13 al 19 de octubre. Las delegaciones de ambos pa\u00edses se encontraban en plena organizaci\u00f3n para realizar el viaje, pero hace quince d\u00edas anunciaron la suspensi\u00f3n por la crisis econ\u00f3mica.<\/p>\n\n\n\n<p>A partir de ese momento, La Pampa se ofreci\u00f3 para ser sede de los Juegos Binacionales y cont\u00f3 con el apoyo de las dem\u00e1s provincias. Chile ya confirm\u00f3 la presencia.<\/p>\n\n\n\n<p>El subsecretario de Deportes del Ministerio de Desarrollo Social y Derechos Humanos, Ceferino Almud\u00e9var, dio la noticia con una publicaci\u00f3n a trav\u00e9s de las redes sociales. \u201cEstamos en la localidad de Casa de Piedra y queremos confirmar la noticia de hace poquito. <strong>Los Juegos de la Araucan\u00eda se van a realizar en su totalidad en La Pampa, desde el 7 al 12 de diciembre de 2025<\/strong>. Esto surge de la imposibilidad\u00a0 de Tierra del Fuego de poder hacerlos y despu\u00e9s de mucho debatir, hemos llegado a la decisi\u00f3n con todo el Ente Patag\u00f3nico del Deporte de hacerlos en nuestra provincia, lo que para nosotros es una enorme alegr\u00eda\u201d, expres\u00f3.<\/p>\n\n\n\n<p>\u201cM\u00e1s all\u00e1 de lo estrictamente deportivo y de este intercambio cultural y geogr\u00e1fico, a <strong>La Pampa le va a producir un fuerte impacto econ\u00f3mico en rubros relacionados al turismo.<\/strong> Es una inmensa alegr\u00eda -agreg\u00f3- y ahora tenemos que ponernos a trabajar para recibir en el mes de diciembre a las siete regiones chilenas y a las seis provincias argentinas\u201d.<\/p>\n\n\n\n<p>El Concejo General de la Araucan\u00eda emiti\u00f3 un comunicado que ratific\u00f3 la decisi\u00f3n anunciada por Almudevar: \u201cEl Consejo General de los Juegos Binacionales de la Araucan\u00eda, tiene el agrado de informar, que de manera un\u00e1nime, ha aprobado el cambio de sede de la versi\u00f3n XXXII de los Juegos de la Araucan\u00eda, siendo la nueva sede la provincia de La Pampa. Informamos adem\u00e1s el Consejo General de los Juegos Binacionales de la Araucan\u00eda, ha acordado que este evento deportivo se realizar\u00e1 desde el 6 al 12 de diciembre de 2025\u201d.<\/p>\n\n\n\n<p>Tambi\u00e9n hubo <strong>un reconocimiento a La Pampa por su colaboraci\u00f3n: \u201cComo Consejo Federal, agradecemos enormemente el esfuerzo realizado<\/strong>\u00a0por cada una de las regiones chilenas y provincias argentinas, y de forma especial, agradecemos a las autoridades de la provincia de La Pampa, que nos recibir\u00e1n y permitir\u00e1n la realizaci\u00f3n de estos juegos, que tienen por objeto, seguir fortaleciendo los lazos de amistad y hermandad de nuestros pa\u00edses a trav\u00e9s del deporte\u201d.<\/p>\n","protected":false},"excerpt":{"rendered":"<p>El Gobierno de La Pampa confirm\u00f3 que ser\u00e1 sede de los Juegos Binacionales de la Araucan\u00eda 2025, la competencia que involucra a las seis provincias de la Patagonia y las&hellip;<\/p>\n","protected":false},"author":5,"featured_media":304306,"comment_status":"closed","ping_status":"open","sticky":false,"template":"","format":"standard","meta":{"_acf_changed":false,"footnotes":""},"categories":[1,3],"tags":[],"class_list":["post-304305","post","type-post","status-publish","format-standard","has-post-thumbnail","hentry","category-es-noticia","category-deportes"],"acf":[],"yoast_head":"<!-- This site is optimized with the Yoast SEO plugin v27.4 - https:\/\/yoast.com\/product\/yoast-seo-wordpress\/ -->\n<title>Tierra del Fuego se baj\u00f3 y La Pampa ser\u00e1 sede de los Juegos de la Araucan\u00eda - Diario Textual<\/title>\n<meta name=\"robots\" content=\"index, follow, max-snippet:-1, max-image-preview:large, max-video-preview:-1\" \/>\n<link rel=\"canonical\" href=\"https:\/\/diariotextual.com\/inicio\/index.php\/2025\/08\/15\/tierra-del-fuego-se-bajo-y-la-pampa-sera-sede-de-los-juegos-de-la-araucania\/\" \/>\n<meta property=\"og:locale\" content=\"es_ES\" \/>\n<meta property=\"og:type\" content=\"article\" \/>\n<meta property=\"og:title\" content=\"Tierra del Fuego se baj\u00f3 y La Pampa ser\u00e1 sede de los Juegos de la Araucan\u00eda - Diario Textual\" \/>\n<meta property=\"og:description\" content=\"El Gobierno de La Pampa confirm\u00f3 que ser\u00e1 sede de los Juegos Binacionales de la Araucan\u00eda 2025, la competencia que involucra a las seis provincias de la Patagonia y las&hellip;\" \/>\n<meta property=\"og:url\" content=\"https:\/\/diariotextual.com\/inicio\/index.php\/2025\/08\/15\/tierra-del-fuego-se-bajo-y-la-pampa-sera-sede-de-los-juegos-de-la-araucania\/\" \/>\n<meta property=\"og:site_name\" content=\"Diario Textual\" \/>\n<meta property=\"article:publisher\" content=\"https:\/\/www.facebook.com\/eltextual\" \/>\n<meta property=\"article:published_time\" content=\"2025-08-15T22:47:08+00:00\" \/>\n<meta property=\"article:modified_time\" content=\"2025-08-15T22:47:10+00:00\" \/>\n<meta property=\"og:image\" content=\"https:\/\/diariotextual.com\/inicio\/wp-content\/uploads\/2025\/08\/araucaniajuegos2025.jpg\" \/>\n\t<meta property=\"og:image:width\" content=\"900\" \/>\n\t<meta property=\"og:image:height\" content=\"527\" \/>\n\t<meta property=\"og:image:type\" content=\"image\/jpeg\" \/>\n<meta name=\"author\" content=\"diario3\" \/>\n<meta name=\"twitter:card\" content=\"summary_large_image\" \/>\n<meta name=\"twitter:creator\" content=\"@eltextual\" \/>\n<meta name=\"twitter:site\" content=\"@eltextual\" \/>\n<meta name=\"twitter:label1\" content=\"Escrito por\" \/>\n\t<meta name=\"twitter:data1\" content=\"diario3\" \/>\n\t<meta name=\"twitter:label2\" content=\"Tiempo de lectura\" \/>\n\t<meta name=\"twitter:data2\" content=\"3 minutos\" \/>\n<script type=\"application\/ld+json\" class=\"yoast-schema-graph\">{\"@context\":\"https:\\\/\\\/schema.org\",\"@graph\":[{\"@type\":\"Article\",\"@id\":\"https:\\\/\\\/diariotextual.com\\\/inicio\\\/index.php\\\/2025\\\/08\\\/15\\\/tierra-del-fuego-se-bajo-y-la-pampa-sera-sede-de-los-juegos-de-la-araucania\\\/#article\",\"isPartOf\":{\"@id\":\"https:\\\/\\\/diariotextual.com\\\/inicio\\\/index.php\\\/2025\\\/08\\\/15\\\/tierra-del-fuego-se-bajo-y-la-pampa-sera-sede-de-los-juegos-de-la-araucania\\\/\"},\"author\":{\"name\":\"diario3\",\"@id\":\"https:\\\/\\\/diariotextual.com\\\/inicio\\\/#\\\/schema\\\/person\\\/a1b6f563e0ee944c60f98119389a4d9f\"},\"headline\":\"Tierra del Fuego se baj\u00f3 y La Pampa ser\u00e1 sede de los Juegos de la Araucan\u00eda\",\"datePublished\":\"2025-08-15T22:47:08+00:00\",\"dateModified\":\"2025-08-15T22:47:10+00:00\",\"mainEntityOfPage\":{\"@id\":\"https:\\\/\\\/diariotextual.com\\\/inicio\\\/index.php\\\/2025\\\/08\\\/15\\\/tierra-del-fuego-se-bajo-y-la-pampa-sera-sede-de-los-juegos-de-la-araucania\\\/\"},\"wordCount\":508,\"publisher\":{\"@id\":\"https:\\\/\\\/diariotextual.com\\\/inicio\\\/#organization\"},\"image\":{\"@id\":\"https:\\\/\\\/diariotextual.com\\\/inicio\\\/index.php\\\/2025\\\/08\\\/15\\\/tierra-del-fuego-se-bajo-y-la-pampa-sera-sede-de-los-juegos-de-la-araucania\\\/#primaryimage\"},\"thumbnailUrl\":\"https:\\\/\\\/diariotextual.com\\\/inicio\\\/wp-content\\\/uploads\\\/2025\\\/08\\\/araucaniajuegos2025.jpg\",\"articleSection\":[\"A - ES NOTICIA (van abajo)\",\"DEPORTES\"],\"inLanguage\":\"es\"},{\"@type\":\"WebPage\",\"@id\":\"https:\\\/\\\/diariotextual.com\\\/inicio\\\/index.php\\\/2025\\\/08\\\/15\\\/tierra-del-fuego-se-bajo-y-la-pampa-sera-sede-de-los-juegos-de-la-araucania\\\/\",\"url\":\"https:\\\/\\\/diariotextual.com\\\/inicio\\\/index.php\\\/2025\\\/08\\\/15\\\/tierra-del-fuego-se-bajo-y-la-pampa-sera-sede-de-los-juegos-de-la-araucania\\\/\",\"name\":\"Tierra del Fuego se baj\u00f3 y La Pampa ser\u00e1 sede de los Juegos de la Araucan\u00eda - Diario Textual\",\"isPartOf\":{\"@id\":\"https:\\\/\\\/diariotextual.com\\\/inicio\\\/#website\"},\"primaryImageOfPage\":{\"@id\":\"https:\\\/\\\/diariotextual.com\\\/inicio\\\/index.php\\\/2025\\\/08\\\/15\\\/tierra-del-fuego-se-bajo-y-la-pampa-sera-sede-de-los-juegos-de-la-araucania\\\/#primaryimage\"},\"image\":{\"@id\":\"https:\\\/\\\/diariotextual.com\\\/inicio\\\/index.php\\\/2025\\\/08\\\/15\\\/tierra-del-fuego-se-bajo-y-la-pampa-sera-sede-de-los-juegos-de-la-araucania\\\/#primaryimage\"},\"thumbnailUrl\":\"https:\\\/\\\/diariotextual.com\\\/inicio\\\/wp-content\\\/uploads\\\/2025\\\/08\\\/araucaniajuegos2025.jpg\",\"datePublished\":\"2025-08-15T22:47:08+00:00\",\"dateModified\":\"2025-08-15T22:47:10+00:00\",\"breadcrumb\":{\"@id\":\"https:\\\/\\\/diariotextual.com\\\/inicio\\\/index.php\\\/2025\\\/08\\\/15\\\/tierra-del-fuego-se-bajo-y-la-pampa-sera-sede-de-los-juegos-de-la-araucania\\\/#breadcrumb\"},\"inLanguage\":\"es\",\"potentialAction\":[{\"@type\":\"ReadAction\",\"target\":[\"https:\\\/\\\/diariotextual.com\\\/inicio\\\/index.php\\\/2025\\\/08\\\/15\\\/tierra-del-fuego-se-bajo-y-la-pampa-sera-sede-de-los-juegos-de-la-araucania\\\/\"]}]},{\"@type\":\"ImageObject\",\"inLanguage\":\"es\",\"@id\":\"https:\\\/\\\/diariotextual.com\\\/inicio\\\/index.php\\\/2025\\\/08\\\/15\\\/tierra-del-fuego-se-bajo-y-la-pampa-sera-sede-de-los-juegos-de-la-araucania\\\/#primaryimage\",\"url\":\"https:\\\/\\\/diariotextual.com\\\/inicio\\\/wp-content\\\/uploads\\\/2025\\\/08\\\/araucaniajuegos2025.jpg\",\"contentUrl\":\"https:\\\/\\\/diariotextual.com\\\/inicio\\\/wp-content\\\/uploads\\\/2025\\\/08\\\/araucaniajuegos2025.jpg\",\"width\":900,\"height\":527},{\"@type\":\"BreadcrumbList\",\"@id\":\"https:\\\/\\\/diariotextual.com\\\/inicio\\\/index.php\\\/2025\\\/08\\\/15\\\/tierra-del-fuego-se-bajo-y-la-pampa-sera-sede-de-los-juegos-de-la-araucania\\\/#breadcrumb\",\"itemListElement\":[{\"@type\":\"ListItem\",\"position\":1,\"name\":\"Portada\",\"item\":\"https:\\\/\\\/diariotextual.com\\\/inicio\\\/\"},{\"@type\":\"ListItem\",\"position\":2,\"name\":\"Tierra del Fuego se baj\u00f3 y La Pampa ser\u00e1 sede de los Juegos de la Araucan\u00eda\"}]},{\"@type\":\"WebSite\",\"@id\":\"https:\\\/\\\/diariotextual.com\\\/inicio\\\/#website\",\"url\":\"https:\\\/\\\/diariotextual.com\\\/inicio\\\/\",\"name\":\"Diario Textual\",\"description\":\"\",\"publisher\":{\"@id\":\"https:\\\/\\\/diariotextual.com\\\/inicio\\\/#organization\"},\"potentialAction\":[{\"@type\":\"SearchAction\",\"target\":{\"@type\":\"EntryPoint\",\"urlTemplate\":\"https:\\\/\\\/diariotextual.com\\\/inicio\\\/?s={search_term_string}\"},\"query-input\":{\"@type\":\"PropertyValueSpecification\",\"valueRequired\":true,\"valueName\":\"search_term_string\"}}],\"inLanguage\":\"es\"},{\"@type\":\"Organization\",\"@id\":\"https:\\\/\\\/diariotextual.com\\\/inicio\\\/#organization\",\"name\":\"Diario Textual\",\"url\":\"https:\\\/\\\/diariotextual.com\\\/inicio\\\/\",\"logo\":{\"@type\":\"ImageObject\",\"inLanguage\":\"es\",\"@id\":\"https:\\\/\\\/diariotextual.com\\\/inicio\\\/#\\\/schema\\\/logo\\\/image\\\/\",\"url\":\"https:\\\/\\\/diariotextual.com\\\/inicio\\\/wp-content\\\/uploads\\\/2023\\\/05\\\/logotextual1.jpg\",\"contentUrl\":\"https:\\\/\\\/diariotextual.com\\\/inicio\\\/wp-content\\\/uploads\\\/2023\\\/05\\\/logotextual1.jpg\",\"width\":516,\"height\":76,\"caption\":\"Diario Textual\"},\"image\":{\"@id\":\"https:\\\/\\\/diariotextual.com\\\/inicio\\\/#\\\/schema\\\/logo\\\/image\\\/\"},\"sameAs\":[\"https:\\\/\\\/www.facebook.com\\\/eltextual\",\"https:\\\/\\\/x.com\\\/eltextual\",\"http:\\\/\\\/www.instagram.com\\\/eltextual\"]},{\"@type\":\"Person\",\"@id\":\"https:\\\/\\\/diariotextual.com\\\/inicio\\\/#\\\/schema\\\/person\\\/a1b6f563e0ee944c60f98119389a4d9f\",\"name\":\"diario3\",\"image\":{\"@type\":\"ImageObject\",\"inLanguage\":\"es\",\"@id\":\"https:\\\/\\\/secure.gravatar.com\\\/avatar\\\/5e7ee62c82fc04d9dd79d746a390d93c69c43223e5faeeb3ea9461ef752bfc5d?s=96&d=mm&r=g\",\"url\":\"https:\\\/\\\/secure.gravatar.com\\\/avatar\\\/5e7ee62c82fc04d9dd79d746a390d93c69c43223e5faeeb3ea9461ef752bfc5d?s=96&d=mm&r=g\",\"contentUrl\":\"https:\\\/\\\/secure.gravatar.com\\\/avatar\\\/5e7ee62c82fc04d9dd79d746a390d93c69c43223e5faeeb3ea9461ef752bfc5d?s=96&d=mm&r=g\",\"caption\":\"diario3\"},\"url\":\"https:\\\/\\\/diariotextual.com\\\/inicio\\\/index.php\\\/author\\\/diario3\\\/\"}]}<\/script>\n<!-- \/ Yoast SEO plugin. -->","yoast_head_json":{"title":"Tierra del Fuego se baj\u00f3 y La Pampa ser\u00e1 sede de los Juegos de la Araucan\u00eda - Diario Textual","robots":{"index":"index","follow":"follow","max-snippet":"max-snippet:-1","max-image-preview":"max-image-preview:large","max-video-preview":"max-video-preview:-1"},"canonical":"https:\/\/diariotextual.com\/inicio\/index.php\/2025\/08\/15\/tierra-del-fuego-se-bajo-y-la-pampa-sera-sede-de-los-juegos-de-la-araucania\/","og_locale":"es_ES","og_type":"article","og_title":"Tierra del Fuego se baj\u00f3 y La Pampa ser\u00e1 sede de los Juegos de la Araucan\u00eda - Diario Textual","og_description":"El Gobierno de La Pampa confirm\u00f3 que ser\u00e1 sede de los Juegos Binacionales de la Araucan\u00eda 2025, la competencia que involucra a las seis provincias de la Patagonia y las&hellip;","og_url":"https:\/\/diariotextual.com\/inicio\/index.php\/2025\/08\/15\/tierra-del-fuego-se-bajo-y-la-pampa-sera-sede-de-los-juegos-de-la-araucania\/","og_site_name":"Diario Textual","article_publisher":"https:\/\/www.facebook.com\/eltextual","article_published_time":"2025-08-15T22:47:08+00:00","article_modified_time":"2025-08-15T22:47:10+00:00","og_image":[{"width":900,"height":527,"url":"https:\/\/diariotextual.com\/inicio\/wp-content\/uploads\/2025\/08\/araucaniajuegos2025.jpg","type":"image\/jpeg"}],"author":"diario3","twitter_card":"summary_large_image","twitter_creator":"@eltextual","twitter_site":"@eltextual","twitter_misc":{"Escrito por":"diario3","Tiempo de lectura":"3 minutos"},"schema":{"@context":"https:\/\/schema.org","@graph":[{"@type":"Article","@id":"https:\/\/diariotextual.com\/inicio\/index.php\/2025\/08\/15\/tierra-del-fuego-se-bajo-y-la-pampa-sera-sede-de-los-juegos-de-la-araucania\/#article","isPartOf":{"@id":"https:\/\/diariotextual.com\/inicio\/index.php\/2025\/08\/15\/tierra-del-fuego-se-bajo-y-la-pampa-sera-sede-de-los-juegos-de-la-araucania\/"},"author":{"name":"diario3","@id":"https:\/\/diariotextual.com\/inicio\/#\/schema\/person\/a1b6f563e0ee944c60f98119389a4d9f"},"headline":"Tierra del Fuego se baj\u00f3 y La Pampa ser\u00e1 sede de los Juegos de la Araucan\u00eda","datePublished":"2025-08-15T22:47:08+00:00","dateModified":"2025-08-15T22:47:10+00:00","mainEntityOfPage":{"@id":"https:\/\/diariotextual.com\/inicio\/index.php\/2025\/08\/15\/tierra-del-fuego-se-bajo-y-la-pampa-sera-sede-de-los-juegos-de-la-araucania\/"},"wordCount":508,"publisher":{"@id":"https:\/\/diariotextual.com\/inicio\/#organization"},"image":{"@id":"https:\/\/diariotextual.com\/inicio\/index.php\/2025\/08\/15\/tierra-del-fuego-se-bajo-y-la-pampa-sera-sede-de-los-juegos-de-la-araucania\/#primaryimage"},"thumbnailUrl":"https:\/\/diariotextual.com\/inicio\/wp-content\/uploads\/2025\/08\/araucaniajuegos2025.jpg","articleSection":["A - ES NOTICIA (van abajo)","DEPORTES"],"inLanguage":"es"},{"@type":"WebPage","@id":"https:\/\/diariotextual.com\/inicio\/index.php\/2025\/08\/15\/tierra-del-fuego-se-bajo-y-la-pampa-sera-sede-de-los-juegos-de-la-araucania\/","url":"https:\/\/diariotextual.com\/inicio\/index.php\/2025\/08\/15\/tierra-del-fuego-se-bajo-y-la-pampa-sera-sede-de-los-juegos-de-la-araucania\/","name":"Tierra del Fuego se baj\u00f3 y La Pampa ser\u00e1 sede de los Juegos de la Araucan\u00eda - Diario Textual","isPartOf":{"@id":"https:\/\/diariotextual.com\/inicio\/#website"},"primaryImageOfPage":{"@id":"https:\/\/diariotextual.com\/inicio\/index.php\/2025\/08\/15\/tierra-del-fuego-se-bajo-y-la-pampa-sera-sede-de-los-juegos-de-la-araucania\/#primaryimage"},"image":{"@id":"https:\/\/diariotextual.com\/inicio\/index.php\/2025\/08\/15\/tierra-del-fuego-se-bajo-y-la-pampa-sera-sede-de-los-juegos-de-la-araucania\/#primaryimage"},"thumbnailUrl":"https:\/\/diariotextual.com\/inicio\/wp-content\/uploads\/2025\/08\/araucaniajuegos2025.jpg","datePublished":"2025-08-15T22:47:08+00:00","dateModified":"2025-08-15T22:47:10+00:00","breadcrumb":{"@id":"https:\/\/diariotextual.com\/inicio\/index.php\/2025\/08\/15\/tierra-del-fuego-se-bajo-y-la-pampa-sera-sede-de-los-juegos-de-la-araucania\/#breadcrumb"},"inLanguage":"es","potentialAction":[{"@type":"ReadAction","target":["https:\/\/diariotextual.com\/inicio\/index.php\/2025\/08\/15\/tierra-del-fuego-se-bajo-y-la-pampa-sera-sede-de-los-juegos-de-la-araucania\/"]}]},{"@type":"ImageObject","inLanguage":"es","@id":"https:\/\/diariotextual.com\/inicio\/index.php\/2025\/08\/15\/tierra-del-fuego-se-bajo-y-la-pampa-sera-sede-de-los-juegos-de-la-araucania\/#primaryimage","url":"https:\/\/diariotextual.com\/inicio\/wp-content\/uploads\/2025\/08\/araucaniajuegos2025.jpg","contentUrl":"https:\/\/diariotextual.com\/inicio\/wp-content\/uploads\/2025\/08\/araucaniajuegos2025.jpg","width":900,"height":527},{"@type":"BreadcrumbList","@id":"https:\/\/diariotextual.com\/inicio\/index.php\/2025\/08\/15\/tierra-del-fuego-se-bajo-y-la-pampa-sera-sede-de-los-juegos-de-la-araucania\/#breadcrumb","itemListElement":[{"@type":"ListItem","position":1,"name":"Portada","item":"https:\/\/diariotextual.com\/inicio\/"},{"@type":"ListItem","position":2,"name":"Tierra del Fuego se baj\u00f3 y La Pampa ser\u00e1 sede de los Juegos de la Araucan\u00eda"}]},{"@type":"WebSite","@id":"https:\/\/diariotextual.com\/inicio\/#website","url":"https:\/\/diariotextual.com\/inicio\/","name":"Diario Textual","description":"","publisher":{"@id":"https:\/\/diariotextual.com\/inicio\/#organization"},"potentialAction":[{"@type":"SearchAction","target":{"@type":"EntryPoint","urlTemplate":"https:\/\/diariotextual.com\/inicio\/?s={search_term_string}"},"query-input":{"@type":"PropertyValueSpecification","valueRequired":true,"valueName":"search_term_string"}}],"inLanguage":"es"},{"@type":"Organization","@id":"https:\/\/diariotextual.com\/inicio\/#organization","name":"Diario Textual","url":"https:\/\/diariotextual.com\/inicio\/","logo":{"@type":"ImageObject","inLanguage":"es","@id":"https:\/\/diariotextual.com\/inicio\/#\/schema\/logo\/image\/","url":"https:\/\/diariotextual.com\/inicio\/wp-content\/uploads\/2023\/05\/logotextual1.jpg","contentUrl":"https:\/\/diariotextual.com\/inicio\/wp-content\/uploads\/2023\/05\/logotextual1.jpg","width":516,"height":76,"caption":"Diario Textual"},"image":{"@id":"https:\/\/diariotextual.com\/inicio\/#\/schema\/logo\/image\/"},"sameAs":["https:\/\/www.facebook.com\/eltextual","https:\/\/x.com\/eltextual","http:\/\/www.instagram.com\/eltextual"]},{"@type":"Person","@id":"https:\/\/diariotextual.com\/inicio\/#\/schema\/person\/a1b6f563e0ee944c60f98119389a4d9f","name":"diario3","image":{"@type":"ImageObject","inLanguage":"es","@id":"https:\/\/secure.gravatar.com\/avatar\/5e7ee62c82fc04d9dd79d746a390d93c69c43223e5faeeb3ea9461ef752bfc5d?s=96&d=mm&r=g","url":"https:\/\/secure.gravatar.com\/avatar\/5e7ee62c82fc04d9dd79d746a390d93c69c43223e5faeeb3ea9461ef752bfc5d?s=96&d=mm&r=g","contentUrl":"https:\/\/secure.gravatar.com\/avatar\/5e7ee62c82fc04d9dd79d746a390d93c69c43223e5faeeb3ea9461ef752bfc5d?s=96&d=mm&r=g","caption":"diario3"},"url":"https:\/\/diariotextual.com\/inicio\/index.php\/author\/diario3\/"}]}},"_links":{"self":[{"href":"https:\/\/diariotextual.com\/inicio\/index.php\/wp-json\/wp\/v2\/posts\/304305","targetHints":{"allow":["GET"]}}],"collection":[{"href":"https:\/\/diariotextual.com\/inicio\/index.php\/wp-json\/wp\/v2\/posts"}],"about":[{"href":"https:\/\/diariotextual.com\/inicio\/index.php\/wp-json\/wp\/v2\/types\/post"}],"author":[{"embeddable":true,"href":"https:\/\/diariotextual.com\/inicio\/index.php\/wp-json\/wp\/v2\/users\/5"}],"replies":[{"embeddable":true,"href":"https:\/\/diariotextual.com\/inicio\/index.php\/wp-json\/wp\/v2\/comments?post=304305"}],"version-history":[{"count":1,"href":"https:\/\/diariotextual.com\/inicio\/index.php\/wp-json\/wp\/v2\/posts\/304305\/revisions"}],"predecessor-version":[{"id":304307,"href":"https:\/\/diariotextual.com\/inicio\/index.php\/wp-json\/wp\/v2\/posts\/304305\/revisions\/304307"}],"wp:featuredmedia":[{"embeddable":true,"href":"https:\/\/diariotextual.com\/inicio\/index.php\/wp-json\/wp\/v2\/media\/304306"}],"wp:attachment":[{"href":"https:\/\/diariotextual.com\/inicio\/index.php\/wp-json\/wp\/v2\/media?parent=304305"}],"wp:term":[{"taxonomy":"category","embeddable":true,"href":"https:\/\/diariotextual.com\/inicio\/index.php\/wp-json\/wp\/v2\/categories?post=304305"},{"taxonomy":"post_tag","embeddable":true,"href":"https:\/\/diariotextual.com\/inicio\/index.php\/wp-json\/wp\/v2\/tags?post=304305"}],"curies":[{"name":"wp","href":"https:\/\/api.w.org\/{rel}","templated":true}]}}