{"id":304363,"date":"2025-08-16T10:11:21","date_gmt":"2025-08-16T13:11:21","guid":{"rendered":"https:\/\/diariotextual.com\/inicio\/?p=304363"},"modified":"2025-08-17T11:35:06","modified_gmt":"2025-08-17T14:35:06","slug":"ziliotto-destaca-apoyo-de-la-provincia-a-las-pymes-y-lo-contrasta-con-nacion-buscan-arrasar-la-industria","status":"publish","type":"post","link":"https:\/\/diariotextual.com\/inicio\/index.php\/2025\/08\/16\/ziliotto-destaca-apoyo-de-la-provincia-a-las-pymes-y-lo-contrasta-con-nacion-buscan-arrasar-la-industria\/","title":{"rendered":"Ziliotto destaca apoyo de la Provincia a las Pymes y lo contrasta con Naci\u00f3n: \u201cBuscan arrasar la industria\u201d"},"content":{"rendered":"\n<p>En el marco del<strong> D\u00eda del Empresario Nacional<\/strong>, que se conmemora cada 16 de agosto, el gobernador de La Pampa, <strong>Sergio Ziliotto<\/strong>, resalt\u00f3<strong> la importancia de las MiPyMEs locales como motor de crecimiento, generadoras de empleo y sost\u00e9n de la econom\u00eda real<\/strong>. \u201cEl empresariado pampeano elige invertir y producir en nuestra tierra, y desde el gobierno provincial los acompa\u00f1amos con cr\u00e9dito, garant\u00edas, financiamiento y pol\u00edticas activas que fortalecen la producci\u00f3n, el comercio y la industria local\u201d, afirm\u00f3 Ziliotto.<\/p>\n\n\n\n<p>El mandatario contrast\u00f3 esta pol\u00edtica con la del Gobierno nacional, al se\u00f1alar que \u201cbuscan arrasar la industria, la producci\u00f3n y el trabajo\u201d, y subray\u00f3 que apoyar y potenciar a las empresas locales constituye una forma de \u201cdefender\u201d a La Pampa.<\/p>\n\n\n\n<p><\/p>\n\n\n\n<figure class=\"wp-block-embed is-type-rich is-provider-twitter wp-block-embed-twitter\"><div class=\"wp-block-embed__wrapper\">\n<blockquote class=\"twitter-tweet\" data-width=\"550\" data-dnt=\"true\"><p lang=\"es\" dir=\"ltr\">En cada MiPyME pampeana late la voluntad de crecer, de generar trabajo y de sostener la econom\u00eda real frente a las adversidades.<br><br>Cada 16 de agosto se conmemora el D\u00eda del Empresario Nacional y reconocemos especialmente a quienes, en esta fecha, eligen invertir y producir en\u2026 <a href=\"https:\/\/t.co\/5q2RnKqce7\">pic.twitter.com\/5q2RnKqce7<\/a><\/p>&mdash; Sergio Ziliotto (@ZiliottoSergio) <a href=\"https:\/\/twitter.com\/ZiliottoSergio\/status\/1956687414174327268?ref_src=twsrc%5Etfw\">August 16, 2025<\/a><\/blockquote><script async src=\"https:\/\/platform.twitter.com\/widgets.js\" charset=\"utf-8\"><\/script>\n<\/div><\/figure>\n\n\n\n<p><\/p>\n","protected":false},"excerpt":{"rendered":"<p>En el marco del D\u00eda del Empresario Nacional, que se conmemora cada 16 de agosto, el gobernador de La Pampa, Sergio Ziliotto, resalt\u00f3 la importancia de las MiPyMEs locales como&hellip;<\/p>\n","protected":false},"author":3,"featured_media":135545,"comment_status":"closed","ping_status":"open","sticky":false,"template":"","format":"standard","meta":{"_acf_changed":false,"footnotes":""},"categories":[4,8],"tags":[],"class_list":["post-304363","post","type-post","status-publish","format-standard","has-post-thumbnail","hentry","category-destacadas","category-politica"],"acf":[],"yoast_head":"<!-- This site is optimized with the Yoast SEO plugin v27.4 - https:\/\/yoast.com\/product\/yoast-seo-wordpress\/ -->\n<title>Ziliotto destaca apoyo de la Provincia a las Pymes y lo contrasta con Naci\u00f3n: \u201cBuscan arrasar la industria\u201d - Diario Textual<\/title>\n<meta name=\"robots\" content=\"index, follow, max-snippet:-1, max-image-preview:large, max-video-preview:-1\" \/>\n<link rel=\"canonical\" href=\"https:\/\/diariotextual.com\/inicio\/index.php\/2025\/08\/16\/ziliotto-destaca-apoyo-de-la-provincia-a-las-pymes-y-lo-contrasta-con-nacion-buscan-arrasar-la-industria\/\" \/>\n<meta property=\"og:locale\" content=\"es_ES\" \/>\n<meta property=\"og:type\" content=\"article\" \/>\n<meta property=\"og:title\" content=\"Ziliotto destaca apoyo de la Provincia a las Pymes y lo contrasta con Naci\u00f3n: \u201cBuscan arrasar la industria\u201d - Diario Textual\" \/>\n<meta property=\"og:description\" content=\"En el marco del D\u00eda del Empresario Nacional, que se conmemora cada 16 de agosto, el gobernador de La Pampa, Sergio Ziliotto, resalt\u00f3 la importancia de las MiPyMEs locales como&hellip;\" \/>\n<meta property=\"og:url\" content=\"https:\/\/diariotextual.com\/inicio\/index.php\/2025\/08\/16\/ziliotto-destaca-apoyo-de-la-provincia-a-las-pymes-y-lo-contrasta-con-nacion-buscan-arrasar-la-industria\/\" \/>\n<meta property=\"og:site_name\" content=\"Diario Textual\" \/>\n<meta property=\"article:publisher\" content=\"https:\/\/www.facebook.com\/eltextual\" \/>\n<meta property=\"article:published_time\" content=\"2025-08-16T13:11:21+00:00\" \/>\n<meta property=\"article:modified_time\" content=\"2025-08-17T14:35:06+00:00\" \/>\n<meta property=\"og:image\" content=\"https:\/\/diariotextual.com\/inicio\/wp-content\/uploads\/2021\/03\/ziliottosergioaperturasesiones2021-4.jpg\" \/>\n\t<meta property=\"og:image:width\" content=\"967\" \/>\n\t<meta property=\"og:image:height\" content=\"626\" \/>\n\t<meta property=\"og:image:type\" content=\"image\/jpeg\" \/>\n<meta name=\"author\" content=\"Diario1 Diario1\" \/>\n<meta name=\"twitter:card\" content=\"summary_large_image\" \/>\n<meta name=\"twitter:creator\" content=\"@eltextual\" \/>\n<meta name=\"twitter:site\" content=\"@eltextual\" \/>\n<meta name=\"twitter:label1\" content=\"Escrito por\" \/>\n\t<meta name=\"twitter:data1\" content=\"Diario1 Diario1\" \/>\n\t<meta name=\"twitter:label2\" content=\"Tiempo de lectura\" \/>\n\t<meta name=\"twitter:data2\" content=\"1 minuto\" \/>\n<script type=\"application\/ld+json\" class=\"yoast-schema-graph\">{\"@context\":\"https:\\\/\\\/schema.org\",\"@graph\":[{\"@type\":\"Article\",\"@id\":\"https:\\\/\\\/diariotextual.com\\\/inicio\\\/index.php\\\/2025\\\/08\\\/16\\\/ziliotto-destaca-apoyo-de-la-provincia-a-las-pymes-y-lo-contrasta-con-nacion-buscan-arrasar-la-industria\\\/#article\",\"isPartOf\":{\"@id\":\"https:\\\/\\\/diariotextual.com\\\/inicio\\\/index.php\\\/2025\\\/08\\\/16\\\/ziliotto-destaca-apoyo-de-la-provincia-a-las-pymes-y-lo-contrasta-con-nacion-buscan-arrasar-la-industria\\\/\"},\"author\":{\"name\":\"Diario1 Diario1\",\"@id\":\"https:\\\/\\\/diariotextual.com\\\/inicio\\\/#\\\/schema\\\/person\\\/418fc4093c33e86ed41562db3508f958\"},\"headline\":\"Ziliotto destaca apoyo de la Provincia a las Pymes y lo contrasta con Naci\u00f3n: \u201cBuscan arrasar la industria\u201d\",\"datePublished\":\"2025-08-16T13:11:21+00:00\",\"dateModified\":\"2025-08-17T14:35:06+00:00\",\"mainEntityOfPage\":{\"@id\":\"https:\\\/\\\/diariotextual.com\\\/inicio\\\/index.php\\\/2025\\\/08\\\/16\\\/ziliotto-destaca-apoyo-de-la-provincia-a-las-pymes-y-lo-contrasta-con-nacion-buscan-arrasar-la-industria\\\/\"},\"wordCount\":159,\"publisher\":{\"@id\":\"https:\\\/\\\/diariotextual.com\\\/inicio\\\/#organization\"},\"image\":{\"@id\":\"https:\\\/\\\/diariotextual.com\\\/inicio\\\/index.php\\\/2025\\\/08\\\/16\\\/ziliotto-destaca-apoyo-de-la-provincia-a-las-pymes-y-lo-contrasta-con-nacion-buscan-arrasar-la-industria\\\/#primaryimage\"},\"thumbnailUrl\":\"https:\\\/\\\/diariotextual.com\\\/inicio\\\/wp-content\\\/uploads\\\/2021\\\/03\\\/ziliottosergioaperturasesiones2021-4.jpg\",\"articleSection\":[\"A - DESTACADAS (mod 16)\",\"POLITICA\"],\"inLanguage\":\"es\"},{\"@type\":\"WebPage\",\"@id\":\"https:\\\/\\\/diariotextual.com\\\/inicio\\\/index.php\\\/2025\\\/08\\\/16\\\/ziliotto-destaca-apoyo-de-la-provincia-a-las-pymes-y-lo-contrasta-con-nacion-buscan-arrasar-la-industria\\\/\",\"url\":\"https:\\\/\\\/diariotextual.com\\\/inicio\\\/index.php\\\/2025\\\/08\\\/16\\\/ziliotto-destaca-apoyo-de-la-provincia-a-las-pymes-y-lo-contrasta-con-nacion-buscan-arrasar-la-industria\\\/\",\"name\":\"Ziliotto destaca apoyo de la Provincia a las Pymes y lo contrasta con Naci\u00f3n: \u201cBuscan arrasar la industria\u201d - Diario Textual\",\"isPartOf\":{\"@id\":\"https:\\\/\\\/diariotextual.com\\\/inicio\\\/#website\"},\"primaryImageOfPage\":{\"@id\":\"https:\\\/\\\/diariotextual.com\\\/inicio\\\/index.php\\\/2025\\\/08\\\/16\\\/ziliotto-destaca-apoyo-de-la-provincia-a-las-pymes-y-lo-contrasta-con-nacion-buscan-arrasar-la-industria\\\/#primaryimage\"},\"image\":{\"@id\":\"https:\\\/\\\/diariotextual.com\\\/inicio\\\/index.php\\\/2025\\\/08\\\/16\\\/ziliotto-destaca-apoyo-de-la-provincia-a-las-pymes-y-lo-contrasta-con-nacion-buscan-arrasar-la-industria\\\/#primaryimage\"},\"thumbnailUrl\":\"https:\\\/\\\/diariotextual.com\\\/inicio\\\/wp-content\\\/uploads\\\/2021\\\/03\\\/ziliottosergioaperturasesiones2021-4.jpg\",\"datePublished\":\"2025-08-16T13:11:21+00:00\",\"dateModified\":\"2025-08-17T14:35:06+00:00\",\"breadcrumb\":{\"@id\":\"https:\\\/\\\/diariotextual.com\\\/inicio\\\/index.php\\\/2025\\\/08\\\/16\\\/ziliotto-destaca-apoyo-de-la-provincia-a-las-pymes-y-lo-contrasta-con-nacion-buscan-arrasar-la-industria\\\/#breadcrumb\"},\"inLanguage\":\"es\",\"potentialAction\":[{\"@type\":\"ReadAction\",\"target\":[\"https:\\\/\\\/diariotextual.com\\\/inicio\\\/index.php\\\/2025\\\/08\\\/16\\\/ziliotto-destaca-apoyo-de-la-provincia-a-las-pymes-y-lo-contrasta-con-nacion-buscan-arrasar-la-industria\\\/\"]}]},{\"@type\":\"ImageObject\",\"inLanguage\":\"es\",\"@id\":\"https:\\\/\\\/diariotextual.com\\\/inicio\\\/index.php\\\/2025\\\/08\\\/16\\\/ziliotto-destaca-apoyo-de-la-provincia-a-las-pymes-y-lo-contrasta-con-nacion-buscan-arrasar-la-industria\\\/#primaryimage\",\"url\":\"https:\\\/\\\/diariotextual.com\\\/inicio\\\/wp-content\\\/uploads\\\/2021\\\/03\\\/ziliottosergioaperturasesiones2021-4.jpg\",\"contentUrl\":\"https:\\\/\\\/diariotextual.com\\\/inicio\\\/wp-content\\\/uploads\\\/2021\\\/03\\\/ziliottosergioaperturasesiones2021-4.jpg\",\"width\":967,\"height\":626},{\"@type\":\"BreadcrumbList\",\"@id\":\"https:\\\/\\\/diariotextual.com\\\/inicio\\\/index.php\\\/2025\\\/08\\\/16\\\/ziliotto-destaca-apoyo-de-la-provincia-a-las-pymes-y-lo-contrasta-con-nacion-buscan-arrasar-la-industria\\\/#breadcrumb\",\"itemListElement\":[{\"@type\":\"ListItem\",\"position\":1,\"name\":\"Portada\",\"item\":\"https:\\\/\\\/diariotextual.com\\\/inicio\\\/\"},{\"@type\":\"ListItem\",\"position\":2,\"name\":\"Ziliotto destaca apoyo de la Provincia a las Pymes y lo contrasta con Naci\u00f3n: \u201cBuscan arrasar la industria\u201d\"}]},{\"@type\":\"WebSite\",\"@id\":\"https:\\\/\\\/diariotextual.com\\\/inicio\\\/#website\",\"url\":\"https:\\\/\\\/diariotextual.com\\\/inicio\\\/\",\"name\":\"Diario Textual\",\"description\":\"\",\"publisher\":{\"@id\":\"https:\\\/\\\/diariotextual.com\\\/inicio\\\/#organization\"},\"potentialAction\":[{\"@type\":\"SearchAction\",\"target\":{\"@type\":\"EntryPoint\",\"urlTemplate\":\"https:\\\/\\\/diariotextual.com\\\/inicio\\\/?s={search_term_string}\"},\"query-input\":{\"@type\":\"PropertyValueSpecification\",\"valueRequired\":true,\"valueName\":\"search_term_string\"}}],\"inLanguage\":\"es\"},{\"@type\":\"Organization\",\"@id\":\"https:\\\/\\\/diariotextual.com\\\/inicio\\\/#organization\",\"name\":\"Diario Textual\",\"url\":\"https:\\\/\\\/diariotextual.com\\\/inicio\\\/\",\"logo\":{\"@type\":\"ImageObject\",\"inLanguage\":\"es\",\"@id\":\"https:\\\/\\\/diariotextual.com\\\/inicio\\\/#\\\/schema\\\/logo\\\/image\\\/\",\"url\":\"https:\\\/\\\/diariotextual.com\\\/inicio\\\/wp-content\\\/uploads\\\/2023\\\/05\\\/logotextual1.jpg\",\"contentUrl\":\"https:\\\/\\\/diariotextual.com\\\/inicio\\\/wp-content\\\/uploads\\\/2023\\\/05\\\/logotextual1.jpg\",\"width\":516,\"height\":76,\"caption\":\"Diario Textual\"},\"image\":{\"@id\":\"https:\\\/\\\/diariotextual.com\\\/inicio\\\/#\\\/schema\\\/logo\\\/image\\\/\"},\"sameAs\":[\"https:\\\/\\\/www.facebook.com\\\/eltextual\",\"https:\\\/\\\/x.com\\\/eltextual\",\"http:\\\/\\\/www.instagram.com\\\/eltextual\"]},{\"@type\":\"Person\",\"@id\":\"https:\\\/\\\/diariotextual.com\\\/inicio\\\/#\\\/schema\\\/person\\\/418fc4093c33e86ed41562db3508f958\",\"name\":\"Diario1 Diario1\",\"image\":{\"@type\":\"ImageObject\",\"inLanguage\":\"es\",\"@id\":\"https:\\\/\\\/secure.gravatar.com\\\/avatar\\\/9167d280179c85bc18be67aa7eda765854300033af4896dd779b608640f2ef7a?s=96&d=mm&r=g\",\"url\":\"https:\\\/\\\/secure.gravatar.com\\\/avatar\\\/9167d280179c85bc18be67aa7eda765854300033af4896dd779b608640f2ef7a?s=96&d=mm&r=g\",\"contentUrl\":\"https:\\\/\\\/secure.gravatar.com\\\/avatar\\\/9167d280179c85bc18be67aa7eda765854300033af4896dd779b608640f2ef7a?s=96&d=mm&r=g\",\"caption\":\"Diario1 Diario1\"},\"url\":\"https:\\\/\\\/diariotextual.com\\\/inicio\\\/index.php\\\/author\\\/diario1\\\/\"}]}<\/script>\n<!-- \/ Yoast SEO plugin. -->","yoast_head_json":{"title":"Ziliotto destaca apoyo de la Provincia a las Pymes y lo contrasta con Naci\u00f3n: \u201cBuscan arrasar la industria\u201d - Diario Textual","robots":{"index":"index","follow":"follow","max-snippet":"max-snippet:-1","max-image-preview":"max-image-preview:large","max-video-preview":"max-video-preview:-1"},"canonical":"https:\/\/diariotextual.com\/inicio\/index.php\/2025\/08\/16\/ziliotto-destaca-apoyo-de-la-provincia-a-las-pymes-y-lo-contrasta-con-nacion-buscan-arrasar-la-industria\/","og_locale":"es_ES","og_type":"article","og_title":"Ziliotto destaca apoyo de la Provincia a las Pymes y lo contrasta con Naci\u00f3n: \u201cBuscan arrasar la industria\u201d - Diario Textual","og_description":"En el marco del D\u00eda del Empresario Nacional, que se conmemora cada 16 de agosto, el gobernador de La Pampa, Sergio Ziliotto, resalt\u00f3 la importancia de las MiPyMEs locales como&hellip;","og_url":"https:\/\/diariotextual.com\/inicio\/index.php\/2025\/08\/16\/ziliotto-destaca-apoyo-de-la-provincia-a-las-pymes-y-lo-contrasta-con-nacion-buscan-arrasar-la-industria\/","og_site_name":"Diario Textual","article_publisher":"https:\/\/www.facebook.com\/eltextual","article_published_time":"2025-08-16T13:11:21+00:00","article_modified_time":"2025-08-17T14:35:06+00:00","og_image":[{"width":967,"height":626,"url":"https:\/\/diariotextual.com\/inicio\/wp-content\/uploads\/2021\/03\/ziliottosergioaperturasesiones2021-4.jpg","type":"image\/jpeg"}],"author":"Diario1 Diario1","twitter_card":"summary_large_image","twitter_creator":"@eltextual","twitter_site":"@eltextual","twitter_misc":{"Escrito por":"Diario1 Diario1","Tiempo de lectura":"1 minuto"},"schema":{"@context":"https:\/\/schema.org","@graph":[{"@type":"Article","@id":"https:\/\/diariotextual.com\/inicio\/index.php\/2025\/08\/16\/ziliotto-destaca-apoyo-de-la-provincia-a-las-pymes-y-lo-contrasta-con-nacion-buscan-arrasar-la-industria\/#article","isPartOf":{"@id":"https:\/\/diariotextual.com\/inicio\/index.php\/2025\/08\/16\/ziliotto-destaca-apoyo-de-la-provincia-a-las-pymes-y-lo-contrasta-con-nacion-buscan-arrasar-la-industria\/"},"author":{"name":"Diario1 Diario1","@id":"https:\/\/diariotextual.com\/inicio\/#\/schema\/person\/418fc4093c33e86ed41562db3508f958"},"headline":"Ziliotto destaca apoyo de la Provincia a las Pymes y lo contrasta con Naci\u00f3n: \u201cBuscan arrasar la industria\u201d","datePublished":"2025-08-16T13:11:21+00:00","dateModified":"2025-08-17T14:35:06+00:00","mainEntityOfPage":{"@id":"https:\/\/diariotextual.com\/inicio\/index.php\/2025\/08\/16\/ziliotto-destaca-apoyo-de-la-provincia-a-las-pymes-y-lo-contrasta-con-nacion-buscan-arrasar-la-industria\/"},"wordCount":159,"publisher":{"@id":"https:\/\/diariotextual.com\/inicio\/#organization"},"image":{"@id":"https:\/\/diariotextual.com\/inicio\/index.php\/2025\/08\/16\/ziliotto-destaca-apoyo-de-la-provincia-a-las-pymes-y-lo-contrasta-con-nacion-buscan-arrasar-la-industria\/#primaryimage"},"thumbnailUrl":"https:\/\/diariotextual.com\/inicio\/wp-content\/uploads\/2021\/03\/ziliottosergioaperturasesiones2021-4.jpg","articleSection":["A - DESTACADAS (mod 16)","POLITICA"],"inLanguage":"es"},{"@type":"WebPage","@id":"https:\/\/diariotextual.com\/inicio\/index.php\/2025\/08\/16\/ziliotto-destaca-apoyo-de-la-provincia-a-las-pymes-y-lo-contrasta-con-nacion-buscan-arrasar-la-industria\/","url":"https:\/\/diariotextual.com\/inicio\/index.php\/2025\/08\/16\/ziliotto-destaca-apoyo-de-la-provincia-a-las-pymes-y-lo-contrasta-con-nacion-buscan-arrasar-la-industria\/","name":"Ziliotto destaca apoyo de la Provincia a las Pymes y lo contrasta con Naci\u00f3n: \u201cBuscan arrasar la industria\u201d - Diario Textual","isPartOf":{"@id":"https:\/\/diariotextual.com\/inicio\/#website"},"primaryImageOfPage":{"@id":"https:\/\/diariotextual.com\/inicio\/index.php\/2025\/08\/16\/ziliotto-destaca-apoyo-de-la-provincia-a-las-pymes-y-lo-contrasta-con-nacion-buscan-arrasar-la-industria\/#primaryimage"},"image":{"@id":"https:\/\/diariotextual.com\/inicio\/index.php\/2025\/08\/16\/ziliotto-destaca-apoyo-de-la-provincia-a-las-pymes-y-lo-contrasta-con-nacion-buscan-arrasar-la-industria\/#primaryimage"},"thumbnailUrl":"https:\/\/diariotextual.com\/inicio\/wp-content\/uploads\/2021\/03\/ziliottosergioaperturasesiones2021-4.jpg","datePublished":"2025-08-16T13:11:21+00:00","dateModified":"2025-08-17T14:35:06+00:00","breadcrumb":{"@id":"https:\/\/diariotextual.com\/inicio\/index.php\/2025\/08\/16\/ziliotto-destaca-apoyo-de-la-provincia-a-las-pymes-y-lo-contrasta-con-nacion-buscan-arrasar-la-industria\/#breadcrumb"},"inLanguage":"es","potentialAction":[{"@type":"ReadAction","target":["https:\/\/diariotextual.com\/inicio\/index.php\/2025\/08\/16\/ziliotto-destaca-apoyo-de-la-provincia-a-las-pymes-y-lo-contrasta-con-nacion-buscan-arrasar-la-industria\/"]}]},{"@type":"ImageObject","inLanguage":"es","@id":"https:\/\/diariotextual.com\/inicio\/index.php\/2025\/08\/16\/ziliotto-destaca-apoyo-de-la-provincia-a-las-pymes-y-lo-contrasta-con-nacion-buscan-arrasar-la-industria\/#primaryimage","url":"https:\/\/diariotextual.com\/inicio\/wp-content\/uploads\/2021\/03\/ziliottosergioaperturasesiones2021-4.jpg","contentUrl":"https:\/\/diariotextual.com\/inicio\/wp-content\/uploads\/2021\/03\/ziliottosergioaperturasesiones2021-4.jpg","width":967,"height":626},{"@type":"BreadcrumbList","@id":"https:\/\/diariotextual.com\/inicio\/index.php\/2025\/08\/16\/ziliotto-destaca-apoyo-de-la-provincia-a-las-pymes-y-lo-contrasta-con-nacion-buscan-arrasar-la-industria\/#breadcrumb","itemListElement":[{"@type":"ListItem","position":1,"name":"Portada","item":"https:\/\/diariotextual.com\/inicio\/"},{"@type":"ListItem","position":2,"name":"Ziliotto destaca apoyo de la Provincia a las Pymes y lo contrasta con Naci\u00f3n: \u201cBuscan arrasar la industria\u201d"}]},{"@type":"WebSite","@id":"https:\/\/diariotextual.com\/inicio\/#website","url":"https:\/\/diariotextual.com\/inicio\/","name":"Diario Textual","description":"","publisher":{"@id":"https:\/\/diariotextual.com\/inicio\/#organization"},"potentialAction":[{"@type":"SearchAction","target":{"@type":"EntryPoint","urlTemplate":"https:\/\/diariotextual.com\/inicio\/?s={search_term_string}"},"query-input":{"@type":"PropertyValueSpecification","valueRequired":true,"valueName":"search_term_string"}}],"inLanguage":"es"},{"@type":"Organization","@id":"https:\/\/diariotextual.com\/inicio\/#organization","name":"Diario Textual","url":"https:\/\/diariotextual.com\/inicio\/","logo":{"@type":"ImageObject","inLanguage":"es","@id":"https:\/\/diariotextual.com\/inicio\/#\/schema\/logo\/image\/","url":"https:\/\/diariotextual.com\/inicio\/wp-content\/uploads\/2023\/05\/logotextual1.jpg","contentUrl":"https:\/\/diariotextual.com\/inicio\/wp-content\/uploads\/2023\/05\/logotextual1.jpg","width":516,"height":76,"caption":"Diario Textual"},"image":{"@id":"https:\/\/diariotextual.com\/inicio\/#\/schema\/logo\/image\/"},"sameAs":["https:\/\/www.facebook.com\/eltextual","https:\/\/x.com\/eltextual","http:\/\/www.instagram.com\/eltextual"]},{"@type":"Person","@id":"https:\/\/diariotextual.com\/inicio\/#\/schema\/person\/418fc4093c33e86ed41562db3508f958","name":"Diario1 Diario1","image":{"@type":"ImageObject","inLanguage":"es","@id":"https:\/\/secure.gravatar.com\/avatar\/9167d280179c85bc18be67aa7eda765854300033af4896dd779b608640f2ef7a?s=96&d=mm&r=g","url":"https:\/\/secure.gravatar.com\/avatar\/9167d280179c85bc18be67aa7eda765854300033af4896dd779b608640f2ef7a?s=96&d=mm&r=g","contentUrl":"https:\/\/secure.gravatar.com\/avatar\/9167d280179c85bc18be67aa7eda765854300033af4896dd779b608640f2ef7a?s=96&d=mm&r=g","caption":"Diario1 Diario1"},"url":"https:\/\/diariotextual.com\/inicio\/index.php\/author\/diario1\/"}]}},"_links":{"self":[{"href":"https:\/\/diariotextual.com\/inicio\/index.php\/wp-json\/wp\/v2\/posts\/304363","targetHints":{"allow":["GET"]}}],"collection":[{"href":"https:\/\/diariotextual.com\/inicio\/index.php\/wp-json\/wp\/v2\/posts"}],"about":[{"href":"https:\/\/diariotextual.com\/inicio\/index.php\/wp-json\/wp\/v2\/types\/post"}],"author":[{"embeddable":true,"href":"https:\/\/diariotextual.com\/inicio\/index.php\/wp-json\/wp\/v2\/users\/3"}],"replies":[{"embeddable":true,"href":"https:\/\/diariotextual.com\/inicio\/index.php\/wp-json\/wp\/v2\/comments?post=304363"}],"version-history":[{"count":2,"href":"https:\/\/diariotextual.com\/inicio\/index.php\/wp-json\/wp\/v2\/posts\/304363\/revisions"}],"predecessor-version":[{"id":304365,"href":"https:\/\/diariotextual.com\/inicio\/index.php\/wp-json\/wp\/v2\/posts\/304363\/revisions\/304365"}],"wp:featuredmedia":[{"embeddable":true,"href":"https:\/\/diariotextual.com\/inicio\/index.php\/wp-json\/wp\/v2\/media\/135545"}],"wp:attachment":[{"href":"https:\/\/diariotextual.com\/inicio\/index.php\/wp-json\/wp\/v2\/media?parent=304363"}],"wp:term":[{"taxonomy":"category","embeddable":true,"href":"https:\/\/diariotextual.com\/inicio\/index.php\/wp-json\/wp\/v2\/categories?post=304363"},{"taxonomy":"post_tag","embeddable":true,"href":"https:\/\/diariotextual.com\/inicio\/index.php\/wp-json\/wp\/v2\/tags?post=304363"}],"curies":[{"name":"wp","href":"https:\/\/api.w.org\/{rel}","templated":true}]}}