{"id":304395,"date":"2025-08-16T19:49:28","date_gmt":"2025-08-16T22:49:28","guid":{"rendered":"https:\/\/diariotextual.com\/inicio\/?p=304395"},"modified":"2025-08-17T08:08:52","modified_gmt":"2025-08-17T11:08:52","slug":"nueva-etapa-del-sem-en-santa-rosa-edificio-propio-tecnologia-de-punta-y-mas-eficiencia-operativa","status":"publish","type":"post","link":"https:\/\/diariotextual.com\/inicio\/index.php\/2025\/08\/16\/nueva-etapa-del-sem-en-santa-rosa-edificio-propio-tecnologia-de-punta-y-mas-eficiencia-operativa\/","title":{"rendered":"Nueva etapa del SEM en Santa Rosa: edificio propio, tecnolog\u00eda de punta y m\u00e1s eficiencia operativa"},"content":{"rendered":"\n<p>El Servicio de Emergencias M\u00e9dicas (SEM) de La Pampa dio un paso trascendental en su evoluci\u00f3n. D\u00edas atr\u00e1s se concret\u00f3 el traslado definitivo de una de sus bases al predio del Hospital Lucio Molas, marcando el inicio de una nueva etapa en el sistema de atenci\u00f3n prehospitalaria provincial. &nbsp;<\/p>\n\n\n\n<p>El avance forma parte de un proceso integral de reorganizaci\u00f3n de los servicios sanitarios del hospital, que incluy\u00f3 la refuncionalizaci\u00f3n total del espacio donde anteriormente funcionaba la guardia de adultos.<\/p>\n\n\n\n<p>El espacio, dise\u00f1ado espec\u00edficamente para el funcionamiento del SEM, responde a una necesidad largamente planteada por su personal y representa una inversi\u00f3n directa en salud p\u00fablica.<\/p>\n\n\n\n<p><br>El subsecretario de Salud, Gustavo Vera, destac\u00f3 a la Agencia Provincial de Noticias la importancia estrat\u00e9gica de la decisi\u00f3n. \u201cNos permite consolidar el trabajo del Servicio en espacios propios, distribuido en dos bases, pensado para optimizar la operatividad y mejorar las condiciones laborales. D\u00edas atr\u00e1s se trasladaron las y los radioperadores, y hoy toda a base que funcionaba en la Avenida Spinetto est\u00e1 plenamente operativa en este nuevo lugar\u201d, dijo.<\/p>\n\n\n\n<p><br>En esa l\u00ednea detall\u00f3 que el edificio cuenta con infraestructura adaptada a las exigencias del servicio. \u201cDispone -dijo- de una distribuci\u00f3n eficiente de recursos, salidas r\u00e1pidas para ambulancias, zonas de descanso adecuadas para el personal que cumple turnos rotativos, salas de coordinaci\u00f3n equipadas con tecnolog\u00eda integrada y dep\u00f3sitos seguros para medicamentos e insumos. Todo esto garantiza intervenciones m\u00e1s \u00e1giles, seguras y eficaces\u201d.<\/p>\n\n\n\n<figure class=\"wp-block-image size-large\"><img fetchpriority=\"high\" decoding=\"async\" width=\"1024\" height=\"768\" src=\"https:\/\/diariotextual.com\/inicio\/wp-content\/uploads\/2025\/08\/semambulancias2025-7-1024x768.jpg\" alt=\"\" class=\"wp-image-304400\" srcset=\"https:\/\/diariotextual.com\/inicio\/wp-content\/uploads\/2025\/08\/semambulancias2025-7-1024x768.jpg 1024w, https:\/\/diariotextual.com\/inicio\/wp-content\/uploads\/2025\/08\/semambulancias2025-7-300x225.jpg 300w, https:\/\/diariotextual.com\/inicio\/wp-content\/uploads\/2025\/08\/semambulancias2025-7-768x576.jpg 768w, https:\/\/diariotextual.com\/inicio\/wp-content\/uploads\/2025\/08\/semambulancias2025-7-1170x878.jpg 1170w, https:\/\/diariotextual.com\/inicio\/wp-content\/uploads\/2025\/08\/semambulancias2025-7-585x439.jpg 585w, https:\/\/diariotextual.com\/inicio\/wp-content\/uploads\/2025\/08\/semambulancias2025-7.jpg 1200w\" sizes=\"(max-width: 1024px) 100vw, 1024px\" \/><\/figure>\n\n\n\n<div style=\"height:100px\" aria-hidden=\"true\" class=\"wp-block-spacer\"><\/div>\n\n\n\n<p><br><br><strong>Cobertura estrat\u00e9gica para llegar a tiempo<\/strong><\/p>\n\n\n\n<p>Actualmente, el SEM cuenta con dos bases operativas estrat\u00e9gicamente ubicadas en Santa Rosa: una en el Centro Sanitario y otra en el predio del Hospital Lucio Molas. Esta distribuci\u00f3n territorial permite una cobertura eficiente de toda la ciudad, con acceso \u00e1gil a los principales corredores viales -Ruta Nacional 5, Ruta Nacional 35, Circunvalaci\u00f3n- y cercan\u00eda directa con el Hospital de Complejidad Creciente Ren\u00e9 Favaloro, centro habitual de atenci\u00f3n de emergencias.<\/p>\n\n\n\n<p><br>\u201cTodo se traduce en una notable mejora en la disponibilidad y accesibilidad de los m\u00f3viles ante situaciones de alta demanda. Este edificio no solo tiene un valor simb\u00f3lico por su emplazamiento en un espacio hist\u00f3rico, sino que representa un salto cualitativo en materia operativa, log\u00edstica y humana\u201d, dijo.<\/p>\n\n\n\n<p><br>\u201cA mediano y largo plazo, desde el Gobierno provincial se proyecta continuar fortaleciendo esta pol\u00edtica de descentralizaci\u00f3n mediante la incorporaci\u00f3n de nuevas bases, lo que nos permitir\u00e1 estar cada vez m\u00e1s cerca de la comunidad y responder con mayor rapidez y eficacia\u201d, concluy\u00f3 el subsecretario.<\/p>\n\n\n\n<div style=\"height:100px\" aria-hidden=\"true\" class=\"wp-block-spacer\"><\/div>\n\n\n\n<p><br><br><strong>Preparados para lo inesperado<\/strong><\/p>\n\n\n\n<p>El jefe del SEM, Marcelo Rocha, celebr\u00f3 el logro institucional. \u201cEs un hecho verdaderamente hist\u00f3rico para nosotros. Despu\u00e9s de tantos a\u00f1os, por primera vez contamos con un edificio propio, ubicado dentro del complejo sanitario del Hospital Lucio Molas, un espacio emblem\u00e1tico para la salud p\u00fablica provincial. Es un reconocimiento al trabajo incansable de todo el equipo\u201d, dijo.<\/p>\n\n\n\n<p>Remarc\u00f3 que este avance mejora sustancialmente las condiciones laborales y operativas. \u201cEl SEM est\u00e1 conformado por un equipo altamente capacitado y en constante preparaci\u00f3n: enfermeros\/as, choferes, m\u00e9dicos\/as, radioperadores y personal administrativo que trabajan con compromiso y profesionalismo\u201d, manifest\u00f3.<\/p>\n\n\n\n<p><br>Cada llamada que ingresa al 107 es evaluada con rapidez y precisi\u00f3n. Se determina la gravedad del caso, la ubicaci\u00f3n y el tipo de asistencia requerida. En segundos, se define qu\u00e9 unidad enviar, qu\u00e9 recursos adicionales podr\u00edan necesitarse -como apoyo policial o de bomberos- y se activa el sistema de comunicaci\u00f3n para mantener informados a todos los actores involucrados en tiempo real.<\/p>\n\n\n\n<p><br>\u201cLas ambulancias no solo transportan pacientes: son verdaderas unidades m\u00f3viles de atenci\u00f3n avanzada, guiadas por protocolos cl\u00ednicos, criterio m\u00e9dico y empat\u00eda. Desde la central, se monitorea cada caso, se gestionan derivaciones y se prepara la recepci\u00f3n hospitalaria si es necesario. El trabajo no termina con el traslado: se documenta cada intervenci\u00f3n, se analiza el desempe\u00f1o y se ajustan los procedimientos para mejorar continuamente\u201d, agreg\u00f3.<\/p>\n\n\n\n<p><br>\u201cEl servicio -concluy\u00f3- est\u00e1 alerta los 365 d\u00edas del a\u00f1o, las 24 horas. Su importancia radica en su capacidad de actuar oportunamente con precisi\u00f3n y humanidad ante lo inesperado. La comunidad debe saber que detr\u00e1s de cada llamado y cada sirena hay un equipo que trabaja incansablemente para protegernos\u201d.<br>\u00a0<\/p>\n","protected":false},"excerpt":{"rendered":"<p>El Servicio de Emergencias M\u00e9dicas (SEM) de La Pampa dio un paso trascendental en su evoluci\u00f3n. D\u00edas atr\u00e1s se concret\u00f3 el traslado definitivo de una de sus bases al predio&hellip;<\/p>\n","protected":false},"author":3,"featured_media":304399,"comment_status":"closed","ping_status":"open","sticky":false,"template":"","format":"standard","meta":{"_acf_changed":false,"footnotes":""},"categories":[4,12],"tags":[],"class_list":["post-304395","post","type-post","status-publish","format-standard","has-post-thumbnail","hentry","category-destacadas","category-sociedad"],"acf":[],"yoast_head":"<!-- This site is optimized with the Yoast SEO plugin v27.4 - https:\/\/yoast.com\/product\/yoast-seo-wordpress\/ -->\n<title>Nueva etapa del SEM en Santa Rosa: edificio propio, tecnolog\u00eda de punta y m\u00e1s eficiencia operativa - Diario Textual<\/title>\n<meta name=\"robots\" content=\"index, follow, max-snippet:-1, max-image-preview:large, max-video-preview:-1\" \/>\n<link rel=\"canonical\" href=\"https:\/\/diariotextual.com\/inicio\/index.php\/2025\/08\/16\/nueva-etapa-del-sem-en-santa-rosa-edificio-propio-tecnologia-de-punta-y-mas-eficiencia-operativa\/\" \/>\n<meta property=\"og:locale\" content=\"es_ES\" \/>\n<meta property=\"og:type\" content=\"article\" \/>\n<meta property=\"og:title\" content=\"Nueva etapa del SEM en Santa Rosa: edificio propio, tecnolog\u00eda de punta y m\u00e1s eficiencia operativa - Diario Textual\" \/>\n<meta property=\"og:description\" content=\"El Servicio de Emergencias M\u00e9dicas (SEM) de La Pampa dio un paso trascendental en su evoluci\u00f3n. D\u00edas atr\u00e1s se concret\u00f3 el traslado definitivo de una de sus bases al predio&hellip;\" \/>\n<meta property=\"og:url\" content=\"https:\/\/diariotextual.com\/inicio\/index.php\/2025\/08\/16\/nueva-etapa-del-sem-en-santa-rosa-edificio-propio-tecnologia-de-punta-y-mas-eficiencia-operativa\/\" \/>\n<meta property=\"og:site_name\" content=\"Diario Textual\" \/>\n<meta property=\"article:publisher\" content=\"https:\/\/www.facebook.com\/eltextual\" \/>\n<meta property=\"article:published_time\" content=\"2025-08-16T22:49:28+00:00\" \/>\n<meta property=\"article:modified_time\" content=\"2025-08-17T11:08:52+00:00\" \/>\n<meta property=\"og:image\" content=\"https:\/\/diariotextual.com\/inicio\/wp-content\/uploads\/2025\/08\/semambulanciakohan2025-1.jpg\" \/>\n\t<meta property=\"og:image:width\" content=\"1200\" \/>\n\t<meta property=\"og:image:height\" content=\"900\" \/>\n\t<meta property=\"og:image:type\" content=\"image\/jpeg\" \/>\n<meta name=\"author\" content=\"Diario1 Diario1\" \/>\n<meta name=\"twitter:card\" content=\"summary_large_image\" \/>\n<meta name=\"twitter:creator\" content=\"@eltextual\" \/>\n<meta name=\"twitter:site\" content=\"@eltextual\" \/>\n<meta name=\"twitter:label1\" content=\"Escrito por\" \/>\n\t<meta name=\"twitter:data1\" content=\"Diario1 Diario1\" \/>\n\t<meta name=\"twitter:label2\" content=\"Tiempo de lectura\" \/>\n\t<meta name=\"twitter:data2\" content=\"4 minutos\" \/>\n<script type=\"application\/ld+json\" class=\"yoast-schema-graph\">{\"@context\":\"https:\\\/\\\/schema.org\",\"@graph\":[{\"@type\":\"Article\",\"@id\":\"https:\\\/\\\/diariotextual.com\\\/inicio\\\/index.php\\\/2025\\\/08\\\/16\\\/nueva-etapa-del-sem-en-santa-rosa-edificio-propio-tecnologia-de-punta-y-mas-eficiencia-operativa\\\/#article\",\"isPartOf\":{\"@id\":\"https:\\\/\\\/diariotextual.com\\\/inicio\\\/index.php\\\/2025\\\/08\\\/16\\\/nueva-etapa-del-sem-en-santa-rosa-edificio-propio-tecnologia-de-punta-y-mas-eficiencia-operativa\\\/\"},\"author\":{\"name\":\"Diario1 Diario1\",\"@id\":\"https:\\\/\\\/diariotextual.com\\\/inicio\\\/#\\\/schema\\\/person\\\/418fc4093c33e86ed41562db3508f958\"},\"headline\":\"Nueva etapa del SEM en Santa Rosa: edificio propio, tecnolog\u00eda de punta y m\u00e1s eficiencia operativa\",\"datePublished\":\"2025-08-16T22:49:28+00:00\",\"dateModified\":\"2025-08-17T11:08:52+00:00\",\"mainEntityOfPage\":{\"@id\":\"https:\\\/\\\/diariotextual.com\\\/inicio\\\/index.php\\\/2025\\\/08\\\/16\\\/nueva-etapa-del-sem-en-santa-rosa-edificio-propio-tecnologia-de-punta-y-mas-eficiencia-operativa\\\/\"},\"wordCount\":755,\"publisher\":{\"@id\":\"https:\\\/\\\/diariotextual.com\\\/inicio\\\/#organization\"},\"image\":{\"@id\":\"https:\\\/\\\/diariotextual.com\\\/inicio\\\/index.php\\\/2025\\\/08\\\/16\\\/nueva-etapa-del-sem-en-santa-rosa-edificio-propio-tecnologia-de-punta-y-mas-eficiencia-operativa\\\/#primaryimage\"},\"thumbnailUrl\":\"https:\\\/\\\/diariotextual.com\\\/inicio\\\/wp-content\\\/uploads\\\/2025\\\/08\\\/semambulanciakohan2025-1.jpg\",\"articleSection\":[\"A - DESTACADAS (mod 16)\",\"SOCIEDAD\"],\"inLanguage\":\"es\"},{\"@type\":\"WebPage\",\"@id\":\"https:\\\/\\\/diariotextual.com\\\/inicio\\\/index.php\\\/2025\\\/08\\\/16\\\/nueva-etapa-del-sem-en-santa-rosa-edificio-propio-tecnologia-de-punta-y-mas-eficiencia-operativa\\\/\",\"url\":\"https:\\\/\\\/diariotextual.com\\\/inicio\\\/index.php\\\/2025\\\/08\\\/16\\\/nueva-etapa-del-sem-en-santa-rosa-edificio-propio-tecnologia-de-punta-y-mas-eficiencia-operativa\\\/\",\"name\":\"Nueva etapa del SEM en Santa Rosa: edificio propio, tecnolog\u00eda de punta y m\u00e1s eficiencia operativa - Diario Textual\",\"isPartOf\":{\"@id\":\"https:\\\/\\\/diariotextual.com\\\/inicio\\\/#website\"},\"primaryImageOfPage\":{\"@id\":\"https:\\\/\\\/diariotextual.com\\\/inicio\\\/index.php\\\/2025\\\/08\\\/16\\\/nueva-etapa-del-sem-en-santa-rosa-edificio-propio-tecnologia-de-punta-y-mas-eficiencia-operativa\\\/#primaryimage\"},\"image\":{\"@id\":\"https:\\\/\\\/diariotextual.com\\\/inicio\\\/index.php\\\/2025\\\/08\\\/16\\\/nueva-etapa-del-sem-en-santa-rosa-edificio-propio-tecnologia-de-punta-y-mas-eficiencia-operativa\\\/#primaryimage\"},\"thumbnailUrl\":\"https:\\\/\\\/diariotextual.com\\\/inicio\\\/wp-content\\\/uploads\\\/2025\\\/08\\\/semambulanciakohan2025-1.jpg\",\"datePublished\":\"2025-08-16T22:49:28+00:00\",\"dateModified\":\"2025-08-17T11:08:52+00:00\",\"breadcrumb\":{\"@id\":\"https:\\\/\\\/diariotextual.com\\\/inicio\\\/index.php\\\/2025\\\/08\\\/16\\\/nueva-etapa-del-sem-en-santa-rosa-edificio-propio-tecnologia-de-punta-y-mas-eficiencia-operativa\\\/#breadcrumb\"},\"inLanguage\":\"es\",\"potentialAction\":[{\"@type\":\"ReadAction\",\"target\":[\"https:\\\/\\\/diariotextual.com\\\/inicio\\\/index.php\\\/2025\\\/08\\\/16\\\/nueva-etapa-del-sem-en-santa-rosa-edificio-propio-tecnologia-de-punta-y-mas-eficiencia-operativa\\\/\"]}]},{\"@type\":\"ImageObject\",\"inLanguage\":\"es\",\"@id\":\"https:\\\/\\\/diariotextual.com\\\/inicio\\\/index.php\\\/2025\\\/08\\\/16\\\/nueva-etapa-del-sem-en-santa-rosa-edificio-propio-tecnologia-de-punta-y-mas-eficiencia-operativa\\\/#primaryimage\",\"url\":\"https:\\\/\\\/diariotextual.com\\\/inicio\\\/wp-content\\\/uploads\\\/2025\\\/08\\\/semambulanciakohan2025-1.jpg\",\"contentUrl\":\"https:\\\/\\\/diariotextual.com\\\/inicio\\\/wp-content\\\/uploads\\\/2025\\\/08\\\/semambulanciakohan2025-1.jpg\",\"width\":1200,\"height\":900},{\"@type\":\"BreadcrumbList\",\"@id\":\"https:\\\/\\\/diariotextual.com\\\/inicio\\\/index.php\\\/2025\\\/08\\\/16\\\/nueva-etapa-del-sem-en-santa-rosa-edificio-propio-tecnologia-de-punta-y-mas-eficiencia-operativa\\\/#breadcrumb\",\"itemListElement\":[{\"@type\":\"ListItem\",\"position\":1,\"name\":\"Portada\",\"item\":\"https:\\\/\\\/diariotextual.com\\\/inicio\\\/\"},{\"@type\":\"ListItem\",\"position\":2,\"name\":\"Nueva etapa del SEM en Santa Rosa: edificio propio, tecnolog\u00eda de punta y m\u00e1s eficiencia operativa\"}]},{\"@type\":\"WebSite\",\"@id\":\"https:\\\/\\\/diariotextual.com\\\/inicio\\\/#website\",\"url\":\"https:\\\/\\\/diariotextual.com\\\/inicio\\\/\",\"name\":\"Diario Textual\",\"description\":\"\",\"publisher\":{\"@id\":\"https:\\\/\\\/diariotextual.com\\\/inicio\\\/#organization\"},\"potentialAction\":[{\"@type\":\"SearchAction\",\"target\":{\"@type\":\"EntryPoint\",\"urlTemplate\":\"https:\\\/\\\/diariotextual.com\\\/inicio\\\/?s={search_term_string}\"},\"query-input\":{\"@type\":\"PropertyValueSpecification\",\"valueRequired\":true,\"valueName\":\"search_term_string\"}}],\"inLanguage\":\"es\"},{\"@type\":\"Organization\",\"@id\":\"https:\\\/\\\/diariotextual.com\\\/inicio\\\/#organization\",\"name\":\"Diario Textual\",\"url\":\"https:\\\/\\\/diariotextual.com\\\/inicio\\\/\",\"logo\":{\"@type\":\"ImageObject\",\"inLanguage\":\"es\",\"@id\":\"https:\\\/\\\/diariotextual.com\\\/inicio\\\/#\\\/schema\\\/logo\\\/image\\\/\",\"url\":\"https:\\\/\\\/diariotextual.com\\\/inicio\\\/wp-content\\\/uploads\\\/2023\\\/05\\\/logotextual1.jpg\",\"contentUrl\":\"https:\\\/\\\/diariotextual.com\\\/inicio\\\/wp-content\\\/uploads\\\/2023\\\/05\\\/logotextual1.jpg\",\"width\":516,\"height\":76,\"caption\":\"Diario Textual\"},\"image\":{\"@id\":\"https:\\\/\\\/diariotextual.com\\\/inicio\\\/#\\\/schema\\\/logo\\\/image\\\/\"},\"sameAs\":[\"https:\\\/\\\/www.facebook.com\\\/eltextual\",\"https:\\\/\\\/x.com\\\/eltextual\",\"http:\\\/\\\/www.instagram.com\\\/eltextual\"]},{\"@type\":\"Person\",\"@id\":\"https:\\\/\\\/diariotextual.com\\\/inicio\\\/#\\\/schema\\\/person\\\/418fc4093c33e86ed41562db3508f958\",\"name\":\"Diario1 Diario1\",\"image\":{\"@type\":\"ImageObject\",\"inLanguage\":\"es\",\"@id\":\"https:\\\/\\\/secure.gravatar.com\\\/avatar\\\/9167d280179c85bc18be67aa7eda765854300033af4896dd779b608640f2ef7a?s=96&d=mm&r=g\",\"url\":\"https:\\\/\\\/secure.gravatar.com\\\/avatar\\\/9167d280179c85bc18be67aa7eda765854300033af4896dd779b608640f2ef7a?s=96&d=mm&r=g\",\"contentUrl\":\"https:\\\/\\\/secure.gravatar.com\\\/avatar\\\/9167d280179c85bc18be67aa7eda765854300033af4896dd779b608640f2ef7a?s=96&d=mm&r=g\",\"caption\":\"Diario1 Diario1\"},\"url\":\"https:\\\/\\\/diariotextual.com\\\/inicio\\\/index.php\\\/author\\\/diario1\\\/\"}]}<\/script>\n<!-- \/ Yoast SEO plugin. -->","yoast_head_json":{"title":"Nueva etapa del SEM en Santa Rosa: edificio propio, tecnolog\u00eda de punta y m\u00e1s eficiencia operativa - Diario Textual","robots":{"index":"index","follow":"follow","max-snippet":"max-snippet:-1","max-image-preview":"max-image-preview:large","max-video-preview":"max-video-preview:-1"},"canonical":"https:\/\/diariotextual.com\/inicio\/index.php\/2025\/08\/16\/nueva-etapa-del-sem-en-santa-rosa-edificio-propio-tecnologia-de-punta-y-mas-eficiencia-operativa\/","og_locale":"es_ES","og_type":"article","og_title":"Nueva etapa del SEM en Santa Rosa: edificio propio, tecnolog\u00eda de punta y m\u00e1s eficiencia operativa - Diario Textual","og_description":"El Servicio de Emergencias M\u00e9dicas (SEM) de La Pampa dio un paso trascendental en su evoluci\u00f3n. D\u00edas atr\u00e1s se concret\u00f3 el traslado definitivo de una de sus bases al predio&hellip;","og_url":"https:\/\/diariotextual.com\/inicio\/index.php\/2025\/08\/16\/nueva-etapa-del-sem-en-santa-rosa-edificio-propio-tecnologia-de-punta-y-mas-eficiencia-operativa\/","og_site_name":"Diario Textual","article_publisher":"https:\/\/www.facebook.com\/eltextual","article_published_time":"2025-08-16T22:49:28+00:00","article_modified_time":"2025-08-17T11:08:52+00:00","og_image":[{"width":1200,"height":900,"url":"https:\/\/diariotextual.com\/inicio\/wp-content\/uploads\/2025\/08\/semambulanciakohan2025-1.jpg","type":"image\/jpeg"}],"author":"Diario1 Diario1","twitter_card":"summary_large_image","twitter_creator":"@eltextual","twitter_site":"@eltextual","twitter_misc":{"Escrito por":"Diario1 Diario1","Tiempo de lectura":"4 minutos"},"schema":{"@context":"https:\/\/schema.org","@graph":[{"@type":"Article","@id":"https:\/\/diariotextual.com\/inicio\/index.php\/2025\/08\/16\/nueva-etapa-del-sem-en-santa-rosa-edificio-propio-tecnologia-de-punta-y-mas-eficiencia-operativa\/#article","isPartOf":{"@id":"https:\/\/diariotextual.com\/inicio\/index.php\/2025\/08\/16\/nueva-etapa-del-sem-en-santa-rosa-edificio-propio-tecnologia-de-punta-y-mas-eficiencia-operativa\/"},"author":{"name":"Diario1 Diario1","@id":"https:\/\/diariotextual.com\/inicio\/#\/schema\/person\/418fc4093c33e86ed41562db3508f958"},"headline":"Nueva etapa del SEM en Santa Rosa: edificio propio, tecnolog\u00eda de punta y m\u00e1s eficiencia operativa","datePublished":"2025-08-16T22:49:28+00:00","dateModified":"2025-08-17T11:08:52+00:00","mainEntityOfPage":{"@id":"https:\/\/diariotextual.com\/inicio\/index.php\/2025\/08\/16\/nueva-etapa-del-sem-en-santa-rosa-edificio-propio-tecnologia-de-punta-y-mas-eficiencia-operativa\/"},"wordCount":755,"publisher":{"@id":"https:\/\/diariotextual.com\/inicio\/#organization"},"image":{"@id":"https:\/\/diariotextual.com\/inicio\/index.php\/2025\/08\/16\/nueva-etapa-del-sem-en-santa-rosa-edificio-propio-tecnologia-de-punta-y-mas-eficiencia-operativa\/#primaryimage"},"thumbnailUrl":"https:\/\/diariotextual.com\/inicio\/wp-content\/uploads\/2025\/08\/semambulanciakohan2025-1.jpg","articleSection":["A - DESTACADAS (mod 16)","SOCIEDAD"],"inLanguage":"es"},{"@type":"WebPage","@id":"https:\/\/diariotextual.com\/inicio\/index.php\/2025\/08\/16\/nueva-etapa-del-sem-en-santa-rosa-edificio-propio-tecnologia-de-punta-y-mas-eficiencia-operativa\/","url":"https:\/\/diariotextual.com\/inicio\/index.php\/2025\/08\/16\/nueva-etapa-del-sem-en-santa-rosa-edificio-propio-tecnologia-de-punta-y-mas-eficiencia-operativa\/","name":"Nueva etapa del SEM en Santa Rosa: edificio propio, tecnolog\u00eda de punta y m\u00e1s eficiencia operativa - Diario Textual","isPartOf":{"@id":"https:\/\/diariotextual.com\/inicio\/#website"},"primaryImageOfPage":{"@id":"https:\/\/diariotextual.com\/inicio\/index.php\/2025\/08\/16\/nueva-etapa-del-sem-en-santa-rosa-edificio-propio-tecnologia-de-punta-y-mas-eficiencia-operativa\/#primaryimage"},"image":{"@id":"https:\/\/diariotextual.com\/inicio\/index.php\/2025\/08\/16\/nueva-etapa-del-sem-en-santa-rosa-edificio-propio-tecnologia-de-punta-y-mas-eficiencia-operativa\/#primaryimage"},"thumbnailUrl":"https:\/\/diariotextual.com\/inicio\/wp-content\/uploads\/2025\/08\/semambulanciakohan2025-1.jpg","datePublished":"2025-08-16T22:49:28+00:00","dateModified":"2025-08-17T11:08:52+00:00","breadcrumb":{"@id":"https:\/\/diariotextual.com\/inicio\/index.php\/2025\/08\/16\/nueva-etapa-del-sem-en-santa-rosa-edificio-propio-tecnologia-de-punta-y-mas-eficiencia-operativa\/#breadcrumb"},"inLanguage":"es","potentialAction":[{"@type":"ReadAction","target":["https:\/\/diariotextual.com\/inicio\/index.php\/2025\/08\/16\/nueva-etapa-del-sem-en-santa-rosa-edificio-propio-tecnologia-de-punta-y-mas-eficiencia-operativa\/"]}]},{"@type":"ImageObject","inLanguage":"es","@id":"https:\/\/diariotextual.com\/inicio\/index.php\/2025\/08\/16\/nueva-etapa-del-sem-en-santa-rosa-edificio-propio-tecnologia-de-punta-y-mas-eficiencia-operativa\/#primaryimage","url":"https:\/\/diariotextual.com\/inicio\/wp-content\/uploads\/2025\/08\/semambulanciakohan2025-1.jpg","contentUrl":"https:\/\/diariotextual.com\/inicio\/wp-content\/uploads\/2025\/08\/semambulanciakohan2025-1.jpg","width":1200,"height":900},{"@type":"BreadcrumbList","@id":"https:\/\/diariotextual.com\/inicio\/index.php\/2025\/08\/16\/nueva-etapa-del-sem-en-santa-rosa-edificio-propio-tecnologia-de-punta-y-mas-eficiencia-operativa\/#breadcrumb","itemListElement":[{"@type":"ListItem","position":1,"name":"Portada","item":"https:\/\/diariotextual.com\/inicio\/"},{"@type":"ListItem","position":2,"name":"Nueva etapa del SEM en Santa Rosa: edificio propio, tecnolog\u00eda de punta y m\u00e1s eficiencia operativa"}]},{"@type":"WebSite","@id":"https:\/\/diariotextual.com\/inicio\/#website","url":"https:\/\/diariotextual.com\/inicio\/","name":"Diario Textual","description":"","publisher":{"@id":"https:\/\/diariotextual.com\/inicio\/#organization"},"potentialAction":[{"@type":"SearchAction","target":{"@type":"EntryPoint","urlTemplate":"https:\/\/diariotextual.com\/inicio\/?s={search_term_string}"},"query-input":{"@type":"PropertyValueSpecification","valueRequired":true,"valueName":"search_term_string"}}],"inLanguage":"es"},{"@type":"Organization","@id":"https:\/\/diariotextual.com\/inicio\/#organization","name":"Diario Textual","url":"https:\/\/diariotextual.com\/inicio\/","logo":{"@type":"ImageObject","inLanguage":"es","@id":"https:\/\/diariotextual.com\/inicio\/#\/schema\/logo\/image\/","url":"https:\/\/diariotextual.com\/inicio\/wp-content\/uploads\/2023\/05\/logotextual1.jpg","contentUrl":"https:\/\/diariotextual.com\/inicio\/wp-content\/uploads\/2023\/05\/logotextual1.jpg","width":516,"height":76,"caption":"Diario Textual"},"image":{"@id":"https:\/\/diariotextual.com\/inicio\/#\/schema\/logo\/image\/"},"sameAs":["https:\/\/www.facebook.com\/eltextual","https:\/\/x.com\/eltextual","http:\/\/www.instagram.com\/eltextual"]},{"@type":"Person","@id":"https:\/\/diariotextual.com\/inicio\/#\/schema\/person\/418fc4093c33e86ed41562db3508f958","name":"Diario1 Diario1","image":{"@type":"ImageObject","inLanguage":"es","@id":"https:\/\/secure.gravatar.com\/avatar\/9167d280179c85bc18be67aa7eda765854300033af4896dd779b608640f2ef7a?s=96&d=mm&r=g","url":"https:\/\/secure.gravatar.com\/avatar\/9167d280179c85bc18be67aa7eda765854300033af4896dd779b608640f2ef7a?s=96&d=mm&r=g","contentUrl":"https:\/\/secure.gravatar.com\/avatar\/9167d280179c85bc18be67aa7eda765854300033af4896dd779b608640f2ef7a?s=96&d=mm&r=g","caption":"Diario1 Diario1"},"url":"https:\/\/diariotextual.com\/inicio\/index.php\/author\/diario1\/"}]}},"_links":{"self":[{"href":"https:\/\/diariotextual.com\/inicio\/index.php\/wp-json\/wp\/v2\/posts\/304395","targetHints":{"allow":["GET"]}}],"collection":[{"href":"https:\/\/diariotextual.com\/inicio\/index.php\/wp-json\/wp\/v2\/posts"}],"about":[{"href":"https:\/\/diariotextual.com\/inicio\/index.php\/wp-json\/wp\/v2\/types\/post"}],"author":[{"embeddable":true,"href":"https:\/\/diariotextual.com\/inicio\/index.php\/wp-json\/wp\/v2\/users\/3"}],"replies":[{"embeddable":true,"href":"https:\/\/diariotextual.com\/inicio\/index.php\/wp-json\/wp\/v2\/comments?post=304395"}],"version-history":[{"count":5,"href":"https:\/\/diariotextual.com\/inicio\/index.php\/wp-json\/wp\/v2\/posts\/304395\/revisions"}],"predecessor-version":[{"id":304403,"href":"https:\/\/diariotextual.com\/inicio\/index.php\/wp-json\/wp\/v2\/posts\/304395\/revisions\/304403"}],"wp:featuredmedia":[{"embeddable":true,"href":"https:\/\/diariotextual.com\/inicio\/index.php\/wp-json\/wp\/v2\/media\/304399"}],"wp:attachment":[{"href":"https:\/\/diariotextual.com\/inicio\/index.php\/wp-json\/wp\/v2\/media?parent=304395"}],"wp:term":[{"taxonomy":"category","embeddable":true,"href":"https:\/\/diariotextual.com\/inicio\/index.php\/wp-json\/wp\/v2\/categories?post=304395"},{"taxonomy":"post_tag","embeddable":true,"href":"https:\/\/diariotextual.com\/inicio\/index.php\/wp-json\/wp\/v2\/tags?post=304395"}],"curies":[{"name":"wp","href":"https:\/\/api.w.org\/{rel}","templated":true}]}}