{"id":305571,"date":"2025-08-28T18:57:04","date_gmt":"2025-08-28T21:57:04","guid":{"rendered":"https:\/\/diariotextual.com\/inicio\/?p=305571"},"modified":"2025-08-28T18:57:08","modified_gmt":"2025-08-28T21:57:08","slug":"la-musica-de-mocchi-llega-desde-uruguay-y-se-presenta-en-septiembre-en-santa-rosa","status":"publish","type":"post","link":"https:\/\/diariotextual.com\/inicio\/index.php\/2025\/08\/28\/la-musica-de-mocchi-llega-desde-uruguay-y-se-presenta-en-septiembre-en-santa-rosa\/","title":{"rendered":"La m\u00fasica de Mocchi llega desde Uruguay y se presenta en septiembre en Santa Rosa"},"content":{"rendered":"\n<p><strong>Mocchi, la cancionista trans y nacido en Uruguay, se presentar\u00e1 el s\u00e1bado 13 de septiembre por primera vez a Santa Rosa<\/strong> con un formato \u00edntimo para compartir \u201cEl fr\u00edo que nos convoca\u201d y algunas otras canciones m\u00e1s, contando las experiencias, historias y relatos que tiene un cantautor detr\u00e1s de su militancia musical y pol\u00edtica.<\/p>\n\n\n\n<p>Ser\u00e1 en<strong> La Maroma (Alvear 42) y las entradas est\u00e1n a la venta por www.tiketia.com.ar o en Farenheit Librer\u00eda (9 de julio 56).<\/strong><\/p>\n\n\n\n<p>Mocchi cuenta con cinco discos: \u201cLa Velocidad del Paisaje\u201d, \u201cMa\u00f1ana ser\u00e1 otro disco\u201d, \u201c1990\u201d, \u201cLa Certeza del Dolor\u201d, y \u201cEl fr\u00edo que nos convoca\u201d.<\/p>\n\n\n\n<figure class=\"wp-block-image size-large\"><img fetchpriority=\"high\" decoding=\"async\" width=\"819\" height=\"1024\" src=\"https:\/\/diariotextual.com\/inicio\/wp-content\/uploads\/2025\/08\/mocchisantarosa2025-819x1024.jpg\" alt=\"\" class=\"wp-image-305573\" srcset=\"https:\/\/diariotextual.com\/inicio\/wp-content\/uploads\/2025\/08\/mocchisantarosa2025-819x1024.jpg 819w, https:\/\/diariotextual.com\/inicio\/wp-content\/uploads\/2025\/08\/mocchisantarosa2025-240x300.jpg 240w, https:\/\/diariotextual.com\/inicio\/wp-content\/uploads\/2025\/08\/mocchisantarosa2025-768x960.jpg 768w, https:\/\/diariotextual.com\/inicio\/wp-content\/uploads\/2025\/08\/mocchisantarosa2025-585x731.jpg 585w, https:\/\/diariotextual.com\/inicio\/wp-content\/uploads\/2025\/08\/mocchisantarosa2025.jpg 1024w\" sizes=\"(max-width: 819px) 100vw, 819px\" \/><\/figure>\n\n\n\n<p>Este a\u00f1o llev\u00f3 a cabo una gira europea con varios shows agotados por Barcelona, Madrid, Bilbao y Valencia.<\/p>\n\n\n\n<p>Recientemente agot\u00f3 dos Teatro Sol\u00eds (Uruguay) presentando \u201cNada nuevo\u201d, un show donde repasa su discograf\u00eda en formato banda con artistas invitados, versionando algunas de sus canciones y compartiendo su \u00faltimo disco.<\/p>\n\n\n\n<figure class=\"wp-block-embed is-type-video is-provider-youtube wp-block-embed-youtube wp-embed-aspect-16-9 wp-has-aspect-ratio\"><div class=\"wp-block-embed__wrapper\">\n<iframe title=\"Mocchi - &quot;Ahora&quot; en vivo en el Teatro Sol\u00eds (Montevideo) 2021\" width=\"1170\" height=\"658\" src=\"https:\/\/www.youtube.com\/embed\/cT_i0ELcH0Y?feature=oembed\" frameborder=\"0\" allow=\"accelerometer; autoplay; clipboard-write; encrypted-media; gyroscope; picture-in-picture; web-share\" referrerpolicy=\"strict-origin-when-cross-origin\" allowfullscreen><\/iframe>\n<\/div><\/figure>\n\n\n\n<div style=\"height:100px\" aria-hidden=\"true\" class=\"wp-block-spacer\"><\/div>\n\n\n\n<p><strong>\u201cEl fr\u00edo que nos convoca\u201d<\/strong><\/p>\n\n\n\n<p>Esta obra que presentar\u00e1 en Santa Rosa es un <strong>pu\u00f1ado de canciones atravesadas por la coyuntura actual latinoamericana, el amor atravesado por esto y el odio tambi\u00e9n<\/strong>. Es tan visceral como esperanzador, y es tal vez, el primer disco esperanzador de Mocchi.<\/p>\n\n\n\n<p>Su particular forma de gestionar su vida y su prol\u00edfica obra lo han llevado a gestionar proyectos sociales, centros culturales, ser cineasta, compositor, actor y oficinista, a agotar las principales salas de su pa\u00eds (Teatro Sol\u00eds, Sala del Museo, Teatro El Galp\u00f3n), y la regi\u00f3n (La Trastienda, Konex), a girar por Brasil, M\u00e9xico, Espa\u00f1a, Estados Unidos, Chile y Argentina.<\/p>\n\n\n\n<p>Estuvo <strong>a cargo de la m\u00fasica de \u201cLa Uruguaya\u201d (Hern\u00e1n Casciari, Ana Blaya) y de \u201cNociones b\u00e1sicas\u201d de la Comedia Nacional<\/strong>. Ha colaborado con artistas como <strong>Fernando Cabrera, Chico Cesar, Hugo Fattoruso, Susy Shock, Christian Cary, Pedro Pastor, El Plan de la Mariposa, El Kuelgue<\/strong>, Papina de Palma, Maca Mona Mu, Adri\u00e1n Berra, Julieta Laso, La Triple Nelson, entre otros.<\/p>\n","protected":false},"excerpt":{"rendered":"<p>Mocchi, la cancionista trans y nacido en Uruguay, se presentar\u00e1 el s\u00e1bado 13 de septiembre por primera vez a Santa Rosa con un formato \u00edntimo para compartir \u201cEl fr\u00edo que&hellip;<\/p>\n","protected":false},"author":5,"featured_media":305572,"comment_status":"closed","ping_status":"open","sticky":false,"template":"","format":"standard","meta":{"_acf_changed":false,"footnotes":""},"categories":[1,2],"tags":[],"class_list":["post-305571","post","type-post","status-publish","format-standard","has-post-thumbnail","hentry","category-es-noticia","category-cultura"],"acf":[],"yoast_head":"<!-- This site is optimized with the Yoast SEO plugin v27.5 - https:\/\/yoast.com\/product\/yoast-seo-wordpress\/ -->\n<title>La m\u00fasica de Mocchi llega desde Uruguay y se presenta en septiembre en Santa Rosa - Diario Textual<\/title>\n<meta name=\"robots\" content=\"index, follow, max-snippet:-1, max-image-preview:large, max-video-preview:-1\" \/>\n<link rel=\"canonical\" href=\"https:\/\/diariotextual.com\/inicio\/index.php\/2025\/08\/28\/la-musica-de-mocchi-llega-desde-uruguay-y-se-presenta-en-septiembre-en-santa-rosa\/\" \/>\n<meta property=\"og:locale\" content=\"es_ES\" \/>\n<meta property=\"og:type\" content=\"article\" \/>\n<meta property=\"og:title\" content=\"La m\u00fasica de Mocchi llega desde Uruguay y se presenta en septiembre en Santa Rosa - Diario Textual\" \/>\n<meta property=\"og:description\" content=\"Mocchi, la cancionista trans y nacido en Uruguay, se presentar\u00e1 el s\u00e1bado 13 de septiembre por primera vez a Santa Rosa con un formato \u00edntimo para compartir \u201cEl fr\u00edo que&hellip;\" \/>\n<meta property=\"og:url\" content=\"https:\/\/diariotextual.com\/inicio\/index.php\/2025\/08\/28\/la-musica-de-mocchi-llega-desde-uruguay-y-se-presenta-en-septiembre-en-santa-rosa\/\" \/>\n<meta property=\"og:site_name\" content=\"Diario Textual\" \/>\n<meta property=\"article:publisher\" content=\"https:\/\/www.facebook.com\/eltextual\" \/>\n<meta property=\"article:published_time\" content=\"2025-08-28T21:57:04+00:00\" \/>\n<meta property=\"article:modified_time\" content=\"2025-08-28T21:57:08+00:00\" \/>\n<meta property=\"og:image\" content=\"https:\/\/diariotextual.com\/inicio\/wp-content\/uploads\/2025\/08\/mocchicantante.webp\" \/>\n\t<meta property=\"og:image:width\" content=\"1200\" \/>\n\t<meta property=\"og:image:height\" content=\"675\" \/>\n\t<meta property=\"og:image:type\" content=\"image\/webp\" \/>\n<meta name=\"author\" content=\"diario3\" \/>\n<meta name=\"twitter:card\" content=\"summary_large_image\" \/>\n<meta name=\"twitter:creator\" content=\"@eltextual\" \/>\n<meta name=\"twitter:site\" content=\"@eltextual\" \/>\n<meta name=\"twitter:label1\" content=\"Escrito por\" \/>\n\t<meta name=\"twitter:data1\" content=\"diario3\" \/>\n\t<meta name=\"twitter:label2\" content=\"Tiempo de lectura\" \/>\n\t<meta name=\"twitter:data2\" content=\"2 minutos\" \/>\n<script type=\"application\/ld+json\" class=\"yoast-schema-graph\">{\"@context\":\"https:\\\/\\\/schema.org\",\"@graph\":[{\"@type\":\"Article\",\"@id\":\"https:\\\/\\\/diariotextual.com\\\/inicio\\\/index.php\\\/2025\\\/08\\\/28\\\/la-musica-de-mocchi-llega-desde-uruguay-y-se-presenta-en-septiembre-en-santa-rosa\\\/#article\",\"isPartOf\":{\"@id\":\"https:\\\/\\\/diariotextual.com\\\/inicio\\\/index.php\\\/2025\\\/08\\\/28\\\/la-musica-de-mocchi-llega-desde-uruguay-y-se-presenta-en-septiembre-en-santa-rosa\\\/\"},\"author\":{\"name\":\"diario3\",\"@id\":\"https:\\\/\\\/diariotextual.com\\\/inicio\\\/#\\\/schema\\\/person\\\/a1b6f563e0ee944c60f98119389a4d9f\"},\"headline\":\"La m\u00fasica de Mocchi llega desde Uruguay y se presenta en septiembre en Santa Rosa\",\"datePublished\":\"2025-08-28T21:57:04+00:00\",\"dateModified\":\"2025-08-28T21:57:08+00:00\",\"mainEntityOfPage\":{\"@id\":\"https:\\\/\\\/diariotextual.com\\\/inicio\\\/index.php\\\/2025\\\/08\\\/28\\\/la-musica-de-mocchi-llega-desde-uruguay-y-se-presenta-en-septiembre-en-santa-rosa\\\/\"},\"wordCount\":363,\"publisher\":{\"@id\":\"https:\\\/\\\/diariotextual.com\\\/inicio\\\/#organization\"},\"image\":{\"@id\":\"https:\\\/\\\/diariotextual.com\\\/inicio\\\/index.php\\\/2025\\\/08\\\/28\\\/la-musica-de-mocchi-llega-desde-uruguay-y-se-presenta-en-septiembre-en-santa-rosa\\\/#primaryimage\"},\"thumbnailUrl\":\"https:\\\/\\\/diariotextual.com\\\/inicio\\\/wp-content\\\/uploads\\\/2025\\\/08\\\/mocchicantante.webp\",\"articleSection\":[\"A - ES NOTICIA (van abajo)\",\"CULTURA\"],\"inLanguage\":\"es\"},{\"@type\":\"WebPage\",\"@id\":\"https:\\\/\\\/diariotextual.com\\\/inicio\\\/index.php\\\/2025\\\/08\\\/28\\\/la-musica-de-mocchi-llega-desde-uruguay-y-se-presenta-en-septiembre-en-santa-rosa\\\/\",\"url\":\"https:\\\/\\\/diariotextual.com\\\/inicio\\\/index.php\\\/2025\\\/08\\\/28\\\/la-musica-de-mocchi-llega-desde-uruguay-y-se-presenta-en-septiembre-en-santa-rosa\\\/\",\"name\":\"La m\u00fasica de Mocchi llega desde Uruguay y se presenta en septiembre en Santa Rosa - Diario Textual\",\"isPartOf\":{\"@id\":\"https:\\\/\\\/diariotextual.com\\\/inicio\\\/#website\"},\"primaryImageOfPage\":{\"@id\":\"https:\\\/\\\/diariotextual.com\\\/inicio\\\/index.php\\\/2025\\\/08\\\/28\\\/la-musica-de-mocchi-llega-desde-uruguay-y-se-presenta-en-septiembre-en-santa-rosa\\\/#primaryimage\"},\"image\":{\"@id\":\"https:\\\/\\\/diariotextual.com\\\/inicio\\\/index.php\\\/2025\\\/08\\\/28\\\/la-musica-de-mocchi-llega-desde-uruguay-y-se-presenta-en-septiembre-en-santa-rosa\\\/#primaryimage\"},\"thumbnailUrl\":\"https:\\\/\\\/diariotextual.com\\\/inicio\\\/wp-content\\\/uploads\\\/2025\\\/08\\\/mocchicantante.webp\",\"datePublished\":\"2025-08-28T21:57:04+00:00\",\"dateModified\":\"2025-08-28T21:57:08+00:00\",\"breadcrumb\":{\"@id\":\"https:\\\/\\\/diariotextual.com\\\/inicio\\\/index.php\\\/2025\\\/08\\\/28\\\/la-musica-de-mocchi-llega-desde-uruguay-y-se-presenta-en-septiembre-en-santa-rosa\\\/#breadcrumb\"},\"inLanguage\":\"es\",\"potentialAction\":[{\"@type\":\"ReadAction\",\"target\":[\"https:\\\/\\\/diariotextual.com\\\/inicio\\\/index.php\\\/2025\\\/08\\\/28\\\/la-musica-de-mocchi-llega-desde-uruguay-y-se-presenta-en-septiembre-en-santa-rosa\\\/\"]}]},{\"@type\":\"ImageObject\",\"inLanguage\":\"es\",\"@id\":\"https:\\\/\\\/diariotextual.com\\\/inicio\\\/index.php\\\/2025\\\/08\\\/28\\\/la-musica-de-mocchi-llega-desde-uruguay-y-se-presenta-en-septiembre-en-santa-rosa\\\/#primaryimage\",\"url\":\"https:\\\/\\\/diariotextual.com\\\/inicio\\\/wp-content\\\/uploads\\\/2025\\\/08\\\/mocchicantante.webp\",\"contentUrl\":\"https:\\\/\\\/diariotextual.com\\\/inicio\\\/wp-content\\\/uploads\\\/2025\\\/08\\\/mocchicantante.webp\",\"width\":1200,\"height\":675},{\"@type\":\"BreadcrumbList\",\"@id\":\"https:\\\/\\\/diariotextual.com\\\/inicio\\\/index.php\\\/2025\\\/08\\\/28\\\/la-musica-de-mocchi-llega-desde-uruguay-y-se-presenta-en-septiembre-en-santa-rosa\\\/#breadcrumb\",\"itemListElement\":[{\"@type\":\"ListItem\",\"position\":1,\"name\":\"Portada\",\"item\":\"https:\\\/\\\/diariotextual.com\\\/inicio\\\/\"},{\"@type\":\"ListItem\",\"position\":2,\"name\":\"La m\u00fasica de Mocchi llega desde Uruguay y se presenta en septiembre en Santa Rosa\"}]},{\"@type\":\"WebSite\",\"@id\":\"https:\\\/\\\/diariotextual.com\\\/inicio\\\/#website\",\"url\":\"https:\\\/\\\/diariotextual.com\\\/inicio\\\/\",\"name\":\"Diario Textual\",\"description\":\"\",\"publisher\":{\"@id\":\"https:\\\/\\\/diariotextual.com\\\/inicio\\\/#organization\"},\"potentialAction\":[{\"@type\":\"SearchAction\",\"target\":{\"@type\":\"EntryPoint\",\"urlTemplate\":\"https:\\\/\\\/diariotextual.com\\\/inicio\\\/?s={search_term_string}\"},\"query-input\":{\"@type\":\"PropertyValueSpecification\",\"valueRequired\":true,\"valueName\":\"search_term_string\"}}],\"inLanguage\":\"es\"},{\"@type\":\"Organization\",\"@id\":\"https:\\\/\\\/diariotextual.com\\\/inicio\\\/#organization\",\"name\":\"Diario Textual\",\"url\":\"https:\\\/\\\/diariotextual.com\\\/inicio\\\/\",\"logo\":{\"@type\":\"ImageObject\",\"inLanguage\":\"es\",\"@id\":\"https:\\\/\\\/diariotextual.com\\\/inicio\\\/#\\\/schema\\\/logo\\\/image\\\/\",\"url\":\"https:\\\/\\\/diariotextual.com\\\/inicio\\\/wp-content\\\/uploads\\\/2023\\\/05\\\/logotextual1.jpg\",\"contentUrl\":\"https:\\\/\\\/diariotextual.com\\\/inicio\\\/wp-content\\\/uploads\\\/2023\\\/05\\\/logotextual1.jpg\",\"width\":516,\"height\":76,\"caption\":\"Diario Textual\"},\"image\":{\"@id\":\"https:\\\/\\\/diariotextual.com\\\/inicio\\\/#\\\/schema\\\/logo\\\/image\\\/\"},\"sameAs\":[\"https:\\\/\\\/www.facebook.com\\\/eltextual\",\"https:\\\/\\\/x.com\\\/eltextual\",\"http:\\\/\\\/www.instagram.com\\\/eltextual\"]},{\"@type\":\"Person\",\"@id\":\"https:\\\/\\\/diariotextual.com\\\/inicio\\\/#\\\/schema\\\/person\\\/a1b6f563e0ee944c60f98119389a4d9f\",\"name\":\"diario3\",\"image\":{\"@type\":\"ImageObject\",\"inLanguage\":\"es\",\"@id\":\"https:\\\/\\\/secure.gravatar.com\\\/avatar\\\/5e7ee62c82fc04d9dd79d746a390d93c69c43223e5faeeb3ea9461ef752bfc5d?s=96&d=mm&r=g\",\"url\":\"https:\\\/\\\/secure.gravatar.com\\\/avatar\\\/5e7ee62c82fc04d9dd79d746a390d93c69c43223e5faeeb3ea9461ef752bfc5d?s=96&d=mm&r=g\",\"contentUrl\":\"https:\\\/\\\/secure.gravatar.com\\\/avatar\\\/5e7ee62c82fc04d9dd79d746a390d93c69c43223e5faeeb3ea9461ef752bfc5d?s=96&d=mm&r=g\",\"caption\":\"diario3\"},\"url\":\"https:\\\/\\\/diariotextual.com\\\/inicio\\\/index.php\\\/author\\\/diario3\\\/\"}]}<\/script>\n<!-- \/ Yoast SEO plugin. -->","yoast_head_json":{"title":"La m\u00fasica de Mocchi llega desde Uruguay y se presenta en septiembre en Santa Rosa - Diario Textual","robots":{"index":"index","follow":"follow","max-snippet":"max-snippet:-1","max-image-preview":"max-image-preview:large","max-video-preview":"max-video-preview:-1"},"canonical":"https:\/\/diariotextual.com\/inicio\/index.php\/2025\/08\/28\/la-musica-de-mocchi-llega-desde-uruguay-y-se-presenta-en-septiembre-en-santa-rosa\/","og_locale":"es_ES","og_type":"article","og_title":"La m\u00fasica de Mocchi llega desde Uruguay y se presenta en septiembre en Santa Rosa - Diario Textual","og_description":"Mocchi, la cancionista trans y nacido en Uruguay, se presentar\u00e1 el s\u00e1bado 13 de septiembre por primera vez a Santa Rosa con un formato \u00edntimo para compartir \u201cEl fr\u00edo que&hellip;","og_url":"https:\/\/diariotextual.com\/inicio\/index.php\/2025\/08\/28\/la-musica-de-mocchi-llega-desde-uruguay-y-se-presenta-en-septiembre-en-santa-rosa\/","og_site_name":"Diario Textual","article_publisher":"https:\/\/www.facebook.com\/eltextual","article_published_time":"2025-08-28T21:57:04+00:00","article_modified_time":"2025-08-28T21:57:08+00:00","og_image":[{"width":1200,"height":675,"url":"https:\/\/diariotextual.com\/inicio\/wp-content\/uploads\/2025\/08\/mocchicantante.webp","type":"image\/webp"}],"author":"diario3","twitter_card":"summary_large_image","twitter_creator":"@eltextual","twitter_site":"@eltextual","twitter_misc":{"Escrito por":"diario3","Tiempo de lectura":"2 minutos"},"schema":{"@context":"https:\/\/schema.org","@graph":[{"@type":"Article","@id":"https:\/\/diariotextual.com\/inicio\/index.php\/2025\/08\/28\/la-musica-de-mocchi-llega-desde-uruguay-y-se-presenta-en-septiembre-en-santa-rosa\/#article","isPartOf":{"@id":"https:\/\/diariotextual.com\/inicio\/index.php\/2025\/08\/28\/la-musica-de-mocchi-llega-desde-uruguay-y-se-presenta-en-septiembre-en-santa-rosa\/"},"author":{"name":"diario3","@id":"https:\/\/diariotextual.com\/inicio\/#\/schema\/person\/a1b6f563e0ee944c60f98119389a4d9f"},"headline":"La m\u00fasica de Mocchi llega desde Uruguay y se presenta en septiembre en Santa Rosa","datePublished":"2025-08-28T21:57:04+00:00","dateModified":"2025-08-28T21:57:08+00:00","mainEntityOfPage":{"@id":"https:\/\/diariotextual.com\/inicio\/index.php\/2025\/08\/28\/la-musica-de-mocchi-llega-desde-uruguay-y-se-presenta-en-septiembre-en-santa-rosa\/"},"wordCount":363,"publisher":{"@id":"https:\/\/diariotextual.com\/inicio\/#organization"},"image":{"@id":"https:\/\/diariotextual.com\/inicio\/index.php\/2025\/08\/28\/la-musica-de-mocchi-llega-desde-uruguay-y-se-presenta-en-septiembre-en-santa-rosa\/#primaryimage"},"thumbnailUrl":"https:\/\/diariotextual.com\/inicio\/wp-content\/uploads\/2025\/08\/mocchicantante.webp","articleSection":["A - ES NOTICIA (van abajo)","CULTURA"],"inLanguage":"es"},{"@type":"WebPage","@id":"https:\/\/diariotextual.com\/inicio\/index.php\/2025\/08\/28\/la-musica-de-mocchi-llega-desde-uruguay-y-se-presenta-en-septiembre-en-santa-rosa\/","url":"https:\/\/diariotextual.com\/inicio\/index.php\/2025\/08\/28\/la-musica-de-mocchi-llega-desde-uruguay-y-se-presenta-en-septiembre-en-santa-rosa\/","name":"La m\u00fasica de Mocchi llega desde Uruguay y se presenta en septiembre en Santa Rosa - Diario Textual","isPartOf":{"@id":"https:\/\/diariotextual.com\/inicio\/#website"},"primaryImageOfPage":{"@id":"https:\/\/diariotextual.com\/inicio\/index.php\/2025\/08\/28\/la-musica-de-mocchi-llega-desde-uruguay-y-se-presenta-en-septiembre-en-santa-rosa\/#primaryimage"},"image":{"@id":"https:\/\/diariotextual.com\/inicio\/index.php\/2025\/08\/28\/la-musica-de-mocchi-llega-desde-uruguay-y-se-presenta-en-septiembre-en-santa-rosa\/#primaryimage"},"thumbnailUrl":"https:\/\/diariotextual.com\/inicio\/wp-content\/uploads\/2025\/08\/mocchicantante.webp","datePublished":"2025-08-28T21:57:04+00:00","dateModified":"2025-08-28T21:57:08+00:00","breadcrumb":{"@id":"https:\/\/diariotextual.com\/inicio\/index.php\/2025\/08\/28\/la-musica-de-mocchi-llega-desde-uruguay-y-se-presenta-en-septiembre-en-santa-rosa\/#breadcrumb"},"inLanguage":"es","potentialAction":[{"@type":"ReadAction","target":["https:\/\/diariotextual.com\/inicio\/index.php\/2025\/08\/28\/la-musica-de-mocchi-llega-desde-uruguay-y-se-presenta-en-septiembre-en-santa-rosa\/"]}]},{"@type":"ImageObject","inLanguage":"es","@id":"https:\/\/diariotextual.com\/inicio\/index.php\/2025\/08\/28\/la-musica-de-mocchi-llega-desde-uruguay-y-se-presenta-en-septiembre-en-santa-rosa\/#primaryimage","url":"https:\/\/diariotextual.com\/inicio\/wp-content\/uploads\/2025\/08\/mocchicantante.webp","contentUrl":"https:\/\/diariotextual.com\/inicio\/wp-content\/uploads\/2025\/08\/mocchicantante.webp","width":1200,"height":675},{"@type":"BreadcrumbList","@id":"https:\/\/diariotextual.com\/inicio\/index.php\/2025\/08\/28\/la-musica-de-mocchi-llega-desde-uruguay-y-se-presenta-en-septiembre-en-santa-rosa\/#breadcrumb","itemListElement":[{"@type":"ListItem","position":1,"name":"Portada","item":"https:\/\/diariotextual.com\/inicio\/"},{"@type":"ListItem","position":2,"name":"La m\u00fasica de Mocchi llega desde Uruguay y se presenta en septiembre en Santa Rosa"}]},{"@type":"WebSite","@id":"https:\/\/diariotextual.com\/inicio\/#website","url":"https:\/\/diariotextual.com\/inicio\/","name":"Diario Textual","description":"","publisher":{"@id":"https:\/\/diariotextual.com\/inicio\/#organization"},"potentialAction":[{"@type":"SearchAction","target":{"@type":"EntryPoint","urlTemplate":"https:\/\/diariotextual.com\/inicio\/?s={search_term_string}"},"query-input":{"@type":"PropertyValueSpecification","valueRequired":true,"valueName":"search_term_string"}}],"inLanguage":"es"},{"@type":"Organization","@id":"https:\/\/diariotextual.com\/inicio\/#organization","name":"Diario Textual","url":"https:\/\/diariotextual.com\/inicio\/","logo":{"@type":"ImageObject","inLanguage":"es","@id":"https:\/\/diariotextual.com\/inicio\/#\/schema\/logo\/image\/","url":"https:\/\/diariotextual.com\/inicio\/wp-content\/uploads\/2023\/05\/logotextual1.jpg","contentUrl":"https:\/\/diariotextual.com\/inicio\/wp-content\/uploads\/2023\/05\/logotextual1.jpg","width":516,"height":76,"caption":"Diario Textual"},"image":{"@id":"https:\/\/diariotextual.com\/inicio\/#\/schema\/logo\/image\/"},"sameAs":["https:\/\/www.facebook.com\/eltextual","https:\/\/x.com\/eltextual","http:\/\/www.instagram.com\/eltextual"]},{"@type":"Person","@id":"https:\/\/diariotextual.com\/inicio\/#\/schema\/person\/a1b6f563e0ee944c60f98119389a4d9f","name":"diario3","image":{"@type":"ImageObject","inLanguage":"es","@id":"https:\/\/secure.gravatar.com\/avatar\/5e7ee62c82fc04d9dd79d746a390d93c69c43223e5faeeb3ea9461ef752bfc5d?s=96&d=mm&r=g","url":"https:\/\/secure.gravatar.com\/avatar\/5e7ee62c82fc04d9dd79d746a390d93c69c43223e5faeeb3ea9461ef752bfc5d?s=96&d=mm&r=g","contentUrl":"https:\/\/secure.gravatar.com\/avatar\/5e7ee62c82fc04d9dd79d746a390d93c69c43223e5faeeb3ea9461ef752bfc5d?s=96&d=mm&r=g","caption":"diario3"},"url":"https:\/\/diariotextual.com\/inicio\/index.php\/author\/diario3\/"}]}},"_links":{"self":[{"href":"https:\/\/diariotextual.com\/inicio\/index.php\/wp-json\/wp\/v2\/posts\/305571","targetHints":{"allow":["GET"]}}],"collection":[{"href":"https:\/\/diariotextual.com\/inicio\/index.php\/wp-json\/wp\/v2\/posts"}],"about":[{"href":"https:\/\/diariotextual.com\/inicio\/index.php\/wp-json\/wp\/v2\/types\/post"}],"author":[{"embeddable":true,"href":"https:\/\/diariotextual.com\/inicio\/index.php\/wp-json\/wp\/v2\/users\/5"}],"replies":[{"embeddable":true,"href":"https:\/\/diariotextual.com\/inicio\/index.php\/wp-json\/wp\/v2\/comments?post=305571"}],"version-history":[{"count":1,"href":"https:\/\/diariotextual.com\/inicio\/index.php\/wp-json\/wp\/v2\/posts\/305571\/revisions"}],"predecessor-version":[{"id":305574,"href":"https:\/\/diariotextual.com\/inicio\/index.php\/wp-json\/wp\/v2\/posts\/305571\/revisions\/305574"}],"wp:featuredmedia":[{"embeddable":true,"href":"https:\/\/diariotextual.com\/inicio\/index.php\/wp-json\/wp\/v2\/media\/305572"}],"wp:attachment":[{"href":"https:\/\/diariotextual.com\/inicio\/index.php\/wp-json\/wp\/v2\/media?parent=305571"}],"wp:term":[{"taxonomy":"category","embeddable":true,"href":"https:\/\/diariotextual.com\/inicio\/index.php\/wp-json\/wp\/v2\/categories?post=305571"},{"taxonomy":"post_tag","embeddable":true,"href":"https:\/\/diariotextual.com\/inicio\/index.php\/wp-json\/wp\/v2\/tags?post=305571"}],"curies":[{"name":"wp","href":"https:\/\/api.w.org\/{rel}","templated":true}]}}