{"id":305686,"date":"2025-08-29T20:12:31","date_gmt":"2025-08-29T23:12:31","guid":{"rendered":"https:\/\/diariotextual.com\/inicio\/?p=305686"},"modified":"2025-08-30T10:15:51","modified_gmt":"2025-08-30T13:15:51","slug":"ley-para-que-telen-pase-tierras-a-victorica-es-darle-legalidad-a-una-situacion-de-hecho","status":"publish","type":"post","link":"https:\/\/diariotextual.com\/inicio\/index.php\/2025\/08\/29\/ley-para-que-telen-pase-tierras-a-victorica-es-darle-legalidad-a-una-situacion-de-hecho\/","title":{"rendered":"Ley para que Tel\u00e9n pase tierras a Victorica: \u201cEs darle legalidad a una situaci\u00f3n de hecho\u201d"},"content":{"rendered":"\n<p><strong>Casa de Gobierno<\/strong> dijo que el proyecto de ley con <strong>los cambios de ejido urbano<\/strong>, que <strong>implican el paso de chacras y otros terrenos de Tel\u00e9n a Victorica<\/strong>, vienen a <strong>\u201cdarle legalidad\u201d<\/strong> a una<strong> \u201csituaci\u00f3n de hecho\u201d <\/strong>de d\u00e9cadas. <strong>\u201cEl proyecto de ley que envi\u00f3 el Ejecutivo provincial a la Legislatura sobre cambio del ejido entre Victorica y Tel\u00e9n es darle legalidad a una situaci\u00f3n de hecho de hace muchos a\u00f1os. Y significa solo el 0,7 % del ejido de Tel\u00e9n\u201d<\/strong>, dijeron fuentes oficiales a<strong> Diario Textual.<\/strong><\/p>\n\n\n\n<p>Como public\u00f3<strong> Diario Textual<\/strong> en la tarde de este viernes, se trata de chacras que ocupan, por ejemplo, El Club H\u00edpico, los talleres municipales y la instalaci\u00f3n del agua potable que est\u00e1n pegados al radio urbano de Victorica, pero que est\u00e1n en el ejido de Tel\u00e9n. En el lugar, adem\u00e1s, ya hay pedidos de loteos.<\/p>\n\n\n\n<p>El pedido fue presentado por la municipalidad de Victorica, al mando del radical<strong>&nbsp;Hugo Kenny<\/strong>, y elevado por el Ejecutivo de<strong> Sergio Ziliotto.<\/strong> Como sea, <strong>el proyecto reaviv\u00f3 el enfrentamiento, de hace poco m\u00e1s de un siglo, entre ambas comunidades.<\/strong><\/p>\n\n\n\n<p>Kenny dijo que<strong>&nbsp;tiene la necesidad de ampliar su ejido debido a que vecinos han adquirido terrenos en esa zona para proyectos de urbanizaci\u00f3n y loteo.<\/strong>&nbsp;\u201cNo es ninguna locura el pedido. Se trata de terrenos o chacras que est\u00e1n pegadas a Victorica, a metros de casas de Victorica\u2026\u201d, dijeron fuentes municipales. \u201cEst\u00e1n el Club H\u00edpico, los talleres municipales y la instalaci\u00f3n del agua potable, como cisterna, clorificador y tanque elevado. Est\u00e1n en el ejido de Tel\u00e9n, pero a metros de Victorica\u201d, insistieron.<\/p>\n\n\n\n<p>En ese marco, Casa de Gobierno us\u00f3 dos argumentos: en primer lugar, que vecinos de Victorica estaban haciendo emprendimientos de sectores de chacras en el ejido de Tel\u00e9n; y, en segundo lugar, que ese sector es el del acu\u00edfero del que se abastece agua Victorica.<\/p>\n\n\n\n<p>Hay m\u00e1s: Victorica tambi\u00e9n pierde, en manos de la comisi\u00f3n de fomento de Loventu\u00e9, otros sectores.<\/p>\n\n\n\n<p>El proyecto, por lo pronto, se deber\u00e1 analizar ahora en la Legislatura. Esta noche, en tanto, el concejo deliberante de Tel\u00e9n aprob\u00f3 -con el voto de peronistas y radicales- una resoluci\u00f3n en la que se oponen al cambio.<\/p>\n\n\n\n<div style=\"height:100px\" aria-hidden=\"true\" class=\"wp-block-spacer\"><\/div>\n\n\n\n<p><strong>C\u00f3mo quedar\u00edan<\/strong><\/p>\n\n\n\n<p>Con esta modificaci\u00f3n, los ejidos comunales quedar\u00edan de la siguiente manera:<\/p>\n\n\n\n<p><br><strong>Tel\u00e9n:&nbsp;<\/strong>Secci\u00f3n VIII, Fracci\u00f3n A, lotes 20 y 21, mitad Oeste del lote 22; Secci\u00f3n VIII, Fracci\u00f3n D, lote 1; Secci\u00f3n XIII, Fracci\u00f3n A, lotes 17 a 24; Secci\u00f3n XIII, Fracci\u00f3n D; Secci\u00f3n XIV, Fracci\u00f3n A, lotes 1 a 4 y 7 a 10.<\/p>\n\n\n\n<p><br><strong>Victorica:<\/strong>&nbsp;Secci\u00f3n VIII, Fracci\u00f3n A, lotes 9 a 12, 19, mitad Oeste de los lotes 8-13-18 y 23, mitad Este del lote 22; Secci\u00f3n XIII, Fracci\u00f3n A, lotes 7 a 14; Secci\u00f3n XVIII, Fracci\u00f3n B, lotes 6 a 9 y 12 a 15.<\/p>\n\n\n\n<div style=\"height:100px\" aria-hidden=\"true\" class=\"wp-block-spacer\"><\/div>\n\n\n\n<p><strong>\u201cEn desacuerdo\u201d<\/strong><\/p>\n\n\n\n<p>Uno de los datos salientes es que&nbsp;<strong>Sa\u00fal Echevest<\/strong>e, el intendente con licencia de Tel\u00e9n y con cargo ministerial en el gabinete de Ziliotto,&nbsp;no ten\u00eda conocimiento de esta iniciativa.&nbsp;Lo confirm\u00f3 Diario Textual de fuentes muy cercanas al funcionario provincial. \u201cNo sab\u00eda ni est\u00e1 de acuerdo\u201d, dijeron, escuetamente.<\/p>\n\n\n\n<p>Por lo pronto, desde la municipalidad a cargo de la viceintendenta&nbsp;Mar\u00eda Susana Baz\u00e1n&nbsp;-que no mueve un dedo sin tener el aval de Sa\u00fal Echeveste-, expresaron, en la tarde de este viernes, que&nbsp;nunca fueron consultados.<\/p>\n\n\n\n<p>Desde la intendencia de Tel\u00e9n dieron a conocer un comunicado de prensa, en la que mostraron su asombro. \u201cLa Municipalidad de Tel\u00e9n informa a la comunidad que, en los \u00faltimos d\u00edas, hemos tomado conocimiento -a trav\u00e9s de medios informales- de un Proyecto de Ley elevado por el Poder Ejecutivo Provincial a la Honorable C\u00e1mara de Diputados de La Pampa, mediante el cual se propone la modificaci\u00f3n de los ejidos comunales de Tel\u00e9n y Victorica. Queremos expresar que esta situaci\u00f3n nos tom\u00f3 totalmente por sorpresa, dado que nunca fuimos notificados de manera oficial ni convocados a participar de instancias de di\u00e1logo previo. Por ello, manifestamos nuestro desacuerdo con dicho proyecto, que consideramos un retroceso para el crecimiento y desarrollo de nuestra localidad, y que afecta directamente a la planificaci\u00f3n urbana y al futuro de nuestro pueblo\u201d, dijeron.<\/p>\n\n\n\n<p><br>\u201cLa decisi\u00f3n de sancionar la Ordenanza Municipal correspondiente responde a la necesidad de que la voz de Tel\u00e9n sea escuchada en este debate. Como comunidad, entendemos que defender nuestro territorio es tambi\u00e9n defender nuestra historia, nuestra identidad y nuestro porvenir\u201d, sostuvieron.<\/p>\n\n\n\n<p><br>\u201cRatificamos nuestra voluntad de mantener lazos de respeto y hermandad con los pueblos vecinos, pero siempre sobre la base de la transparencia, el di\u00e1logo y la participaci\u00f3n. Con unidad y compromiso, Tel\u00e9n se hace escuchar\u201d, finalizaron.<\/p>\n\n\n\n<div style=\"height:100px\" aria-hidden=\"true\" class=\"wp-block-spacer\"><\/div>\n\n\n\n<p><strong>Capdeville y la \u201cpica\u201d entre los dos pueblos<\/strong><\/p>\n\n\n\n<p>La \u201cpica\u201d entre ambos poblados del oeste pampeano viene desde hace unos 120 a\u00f1os. En 1899, el presidente del Concejo de Victorica era un estanciero franc\u00e9s,<strong>&nbsp;Alfonso Capdeville<\/strong>, que ten\u00eda 5.000 hect\u00e1reas en la zona y negocios por doquier, legales como no tanto, al decir de sus cr\u00edticos. Un hombre relacionado con el presidente Julio Argentino Roca y la sociedad porte\u00f1a.<\/p>\n\n\n\n<p>Desde 1891, y ayudado por el sistema de elecciones no tan democr\u00e1ticas del r\u00e9gimen conservador, conduc\u00eda con mano de hierro la localidad. Hasta que&nbsp;<strong>las diferencias pol\u00edticas, y sobre todo econ\u00f3micas y personales, comenzaron a irritar a muchos vecinos. Capdeville no solo era acusado de usar el cargo en beneficio propio, sino de negocios poco legales.<\/strong><\/p>\n\n\n\n<p><br><strong>Despu\u00e9s de un tiroteo, alguien atent\u00f3 contra la vida de Capdeville cuando sal\u00eda de un hotel en Victorica. Finalmente, el Gobierno nacional intervino en Victorica.<\/strong><\/p>\n\n\n\n<p><br><strong>Capdeville decidi\u00f3 crear su propio pueblo, fundando Tel\u00e9n en su estancia<\/strong>, una localidad con una impronta progresista que opac\u00f3 a sus vecinos.<\/p>\n\n\n\n<p><br>Con Capdeville se parti\u00f3 la sociedad de Victorica. Una parte de los comerciantes de esa localidad, de hecho, se traslad\u00f3 a Tel\u00e9n.&nbsp;<strong>Pueblos hermanos, pero con diferencias que hoy persisten.<\/strong><\/p>\n\n\n\n<p><\/p>\n","protected":false},"excerpt":{"rendered":"<p>Casa de Gobierno dijo que el proyecto de ley con los cambios de ejido urbano, que implican el paso de chacras y otros terrenos de Tel\u00e9n a Victorica, vienen a&hellip;<\/p>\n","protected":false},"author":3,"featured_media":261825,"comment_status":"closed","ping_status":"open","sticky":false,"template":"","format":"standard","meta":{"_acf_changed":false,"footnotes":""},"categories":[10,12],"tags":[],"class_list":["post-305686","post","type-post","status-publish","format-standard","has-post-thumbnail","hentry","category-portada-2","category-sociedad"],"acf":[],"yoast_head":"<!-- This site is optimized with the Yoast SEO plugin v27.5 - https:\/\/yoast.com\/product\/yoast-seo-wordpress\/ -->\n<title>Ley para que Tel\u00e9n pase tierras a Victorica: \u201cEs darle legalidad a una situaci\u00f3n de hecho\u201d - Diario Textual<\/title>\n<meta name=\"robots\" content=\"index, follow, max-snippet:-1, max-image-preview:large, max-video-preview:-1\" \/>\n<link rel=\"canonical\" href=\"https:\/\/diariotextual.com\/inicio\/index.php\/2025\/08\/29\/ley-para-que-telen-pase-tierras-a-victorica-es-darle-legalidad-a-una-situacion-de-hecho\/\" \/>\n<meta property=\"og:locale\" content=\"es_ES\" \/>\n<meta property=\"og:type\" content=\"article\" \/>\n<meta property=\"og:title\" content=\"Ley para que Tel\u00e9n pase tierras a Victorica: \u201cEs darle legalidad a una situaci\u00f3n de hecho\u201d - Diario Textual\" \/>\n<meta property=\"og:description\" content=\"Casa de Gobierno dijo que el proyecto de ley con los cambios de ejido urbano, que implican el paso de chacras y otros terrenos de Tel\u00e9n a Victorica, vienen a&hellip;\" \/>\n<meta property=\"og:url\" content=\"https:\/\/diariotextual.com\/inicio\/index.php\/2025\/08\/29\/ley-para-que-telen-pase-tierras-a-victorica-es-darle-legalidad-a-una-situacion-de-hecho\/\" \/>\n<meta property=\"og:site_name\" content=\"Diario Textual\" \/>\n<meta property=\"article:publisher\" content=\"https:\/\/www.facebook.com\/eltextual\" \/>\n<meta property=\"article:published_time\" content=\"2025-08-29T23:12:31+00:00\" \/>\n<meta property=\"article:modified_time\" content=\"2025-08-30T13:15:51+00:00\" \/>\n<meta property=\"og:image\" content=\"https:\/\/diariotextual.com\/inicio\/wp-content\/uploads\/2024\/04\/parquesolarfotovoltaicovictorica2024-3.jpg\" \/>\n\t<meta property=\"og:image:width\" content=\"1280\" \/>\n\t<meta property=\"og:image:height\" content=\"675\" \/>\n\t<meta property=\"og:image:type\" content=\"image\/jpeg\" \/>\n<meta name=\"author\" content=\"Diario1 Diario1\" \/>\n<meta name=\"twitter:card\" content=\"summary_large_image\" \/>\n<meta name=\"twitter:creator\" content=\"@eltextual\" \/>\n<meta name=\"twitter:site\" content=\"@eltextual\" \/>\n<meta name=\"twitter:label1\" content=\"Escrito por\" \/>\n\t<meta name=\"twitter:data1\" content=\"Diario1 Diario1\" \/>\n\t<meta name=\"twitter:label2\" content=\"Tiempo de lectura\" \/>\n\t<meta name=\"twitter:data2\" content=\"5 minutos\" \/>\n<script type=\"application\/ld+json\" class=\"yoast-schema-graph\">{\"@context\":\"https:\\\/\\\/schema.org\",\"@graph\":[{\"@type\":\"Article\",\"@id\":\"https:\\\/\\\/diariotextual.com\\\/inicio\\\/index.php\\\/2025\\\/08\\\/29\\\/ley-para-que-telen-pase-tierras-a-victorica-es-darle-legalidad-a-una-situacion-de-hecho\\\/#article\",\"isPartOf\":{\"@id\":\"https:\\\/\\\/diariotextual.com\\\/inicio\\\/index.php\\\/2025\\\/08\\\/29\\\/ley-para-que-telen-pase-tierras-a-victorica-es-darle-legalidad-a-una-situacion-de-hecho\\\/\"},\"author\":{\"name\":\"Diario1 Diario1\",\"@id\":\"https:\\\/\\\/diariotextual.com\\\/inicio\\\/#\\\/schema\\\/person\\\/418fc4093c33e86ed41562db3508f958\"},\"headline\":\"Ley para que Tel\u00e9n pase tierras a Victorica: \u201cEs darle legalidad a una situaci\u00f3n de hecho\u201d\",\"datePublished\":\"2025-08-29T23:12:31+00:00\",\"dateModified\":\"2025-08-30T13:15:51+00:00\",\"mainEntityOfPage\":{\"@id\":\"https:\\\/\\\/diariotextual.com\\\/inicio\\\/index.php\\\/2025\\\/08\\\/29\\\/ley-para-que-telen-pase-tierras-a-victorica-es-darle-legalidad-a-una-situacion-de-hecho\\\/\"},\"wordCount\":1060,\"publisher\":{\"@id\":\"https:\\\/\\\/diariotextual.com\\\/inicio\\\/#organization\"},\"image\":{\"@id\":\"https:\\\/\\\/diariotextual.com\\\/inicio\\\/index.php\\\/2025\\\/08\\\/29\\\/ley-para-que-telen-pase-tierras-a-victorica-es-darle-legalidad-a-una-situacion-de-hecho\\\/#primaryimage\"},\"thumbnailUrl\":\"https:\\\/\\\/diariotextual.com\\\/inicio\\\/wp-content\\\/uploads\\\/2024\\\/04\\\/parquesolarfotovoltaicovictorica2024-3.jpg\",\"articleSection\":[\"A - PORTADA2\",\"SOCIEDAD\"],\"inLanguage\":\"es\"},{\"@type\":\"WebPage\",\"@id\":\"https:\\\/\\\/diariotextual.com\\\/inicio\\\/index.php\\\/2025\\\/08\\\/29\\\/ley-para-que-telen-pase-tierras-a-victorica-es-darle-legalidad-a-una-situacion-de-hecho\\\/\",\"url\":\"https:\\\/\\\/diariotextual.com\\\/inicio\\\/index.php\\\/2025\\\/08\\\/29\\\/ley-para-que-telen-pase-tierras-a-victorica-es-darle-legalidad-a-una-situacion-de-hecho\\\/\",\"name\":\"Ley para que Tel\u00e9n pase tierras a Victorica: \u201cEs darle legalidad a una situaci\u00f3n de hecho\u201d - Diario Textual\",\"isPartOf\":{\"@id\":\"https:\\\/\\\/diariotextual.com\\\/inicio\\\/#website\"},\"primaryImageOfPage\":{\"@id\":\"https:\\\/\\\/diariotextual.com\\\/inicio\\\/index.php\\\/2025\\\/08\\\/29\\\/ley-para-que-telen-pase-tierras-a-victorica-es-darle-legalidad-a-una-situacion-de-hecho\\\/#primaryimage\"},\"image\":{\"@id\":\"https:\\\/\\\/diariotextual.com\\\/inicio\\\/index.php\\\/2025\\\/08\\\/29\\\/ley-para-que-telen-pase-tierras-a-victorica-es-darle-legalidad-a-una-situacion-de-hecho\\\/#primaryimage\"},\"thumbnailUrl\":\"https:\\\/\\\/diariotextual.com\\\/inicio\\\/wp-content\\\/uploads\\\/2024\\\/04\\\/parquesolarfotovoltaicovictorica2024-3.jpg\",\"datePublished\":\"2025-08-29T23:12:31+00:00\",\"dateModified\":\"2025-08-30T13:15:51+00:00\",\"breadcrumb\":{\"@id\":\"https:\\\/\\\/diariotextual.com\\\/inicio\\\/index.php\\\/2025\\\/08\\\/29\\\/ley-para-que-telen-pase-tierras-a-victorica-es-darle-legalidad-a-una-situacion-de-hecho\\\/#breadcrumb\"},\"inLanguage\":\"es\",\"potentialAction\":[{\"@type\":\"ReadAction\",\"target\":[\"https:\\\/\\\/diariotextual.com\\\/inicio\\\/index.php\\\/2025\\\/08\\\/29\\\/ley-para-que-telen-pase-tierras-a-victorica-es-darle-legalidad-a-una-situacion-de-hecho\\\/\"]}]},{\"@type\":\"ImageObject\",\"inLanguage\":\"es\",\"@id\":\"https:\\\/\\\/diariotextual.com\\\/inicio\\\/index.php\\\/2025\\\/08\\\/29\\\/ley-para-que-telen-pase-tierras-a-victorica-es-darle-legalidad-a-una-situacion-de-hecho\\\/#primaryimage\",\"url\":\"https:\\\/\\\/diariotextual.com\\\/inicio\\\/wp-content\\\/uploads\\\/2024\\\/04\\\/parquesolarfotovoltaicovictorica2024-3.jpg\",\"contentUrl\":\"https:\\\/\\\/diariotextual.com\\\/inicio\\\/wp-content\\\/uploads\\\/2024\\\/04\\\/parquesolarfotovoltaicovictorica2024-3.jpg\",\"width\":1280,\"height\":675},{\"@type\":\"BreadcrumbList\",\"@id\":\"https:\\\/\\\/diariotextual.com\\\/inicio\\\/index.php\\\/2025\\\/08\\\/29\\\/ley-para-que-telen-pase-tierras-a-victorica-es-darle-legalidad-a-una-situacion-de-hecho\\\/#breadcrumb\",\"itemListElement\":[{\"@type\":\"ListItem\",\"position\":1,\"name\":\"Portada\",\"item\":\"https:\\\/\\\/diariotextual.com\\\/inicio\\\/\"},{\"@type\":\"ListItem\",\"position\":2,\"name\":\"Ley para que Tel\u00e9n pase tierras a Victorica: \u201cEs darle legalidad a una situaci\u00f3n de hecho\u201d\"}]},{\"@type\":\"WebSite\",\"@id\":\"https:\\\/\\\/diariotextual.com\\\/inicio\\\/#website\",\"url\":\"https:\\\/\\\/diariotextual.com\\\/inicio\\\/\",\"name\":\"Diario Textual\",\"description\":\"\",\"publisher\":{\"@id\":\"https:\\\/\\\/diariotextual.com\\\/inicio\\\/#organization\"},\"potentialAction\":[{\"@type\":\"SearchAction\",\"target\":{\"@type\":\"EntryPoint\",\"urlTemplate\":\"https:\\\/\\\/diariotextual.com\\\/inicio\\\/?s={search_term_string}\"},\"query-input\":{\"@type\":\"PropertyValueSpecification\",\"valueRequired\":true,\"valueName\":\"search_term_string\"}}],\"inLanguage\":\"es\"},{\"@type\":\"Organization\",\"@id\":\"https:\\\/\\\/diariotextual.com\\\/inicio\\\/#organization\",\"name\":\"Diario Textual\",\"url\":\"https:\\\/\\\/diariotextual.com\\\/inicio\\\/\",\"logo\":{\"@type\":\"ImageObject\",\"inLanguage\":\"es\",\"@id\":\"https:\\\/\\\/diariotextual.com\\\/inicio\\\/#\\\/schema\\\/logo\\\/image\\\/\",\"url\":\"https:\\\/\\\/diariotextual.com\\\/inicio\\\/wp-content\\\/uploads\\\/2023\\\/05\\\/logotextual1.jpg\",\"contentUrl\":\"https:\\\/\\\/diariotextual.com\\\/inicio\\\/wp-content\\\/uploads\\\/2023\\\/05\\\/logotextual1.jpg\",\"width\":516,\"height\":76,\"caption\":\"Diario Textual\"},\"image\":{\"@id\":\"https:\\\/\\\/diariotextual.com\\\/inicio\\\/#\\\/schema\\\/logo\\\/image\\\/\"},\"sameAs\":[\"https:\\\/\\\/www.facebook.com\\\/eltextual\",\"https:\\\/\\\/x.com\\\/eltextual\",\"http:\\\/\\\/www.instagram.com\\\/eltextual\"]},{\"@type\":\"Person\",\"@id\":\"https:\\\/\\\/diariotextual.com\\\/inicio\\\/#\\\/schema\\\/person\\\/418fc4093c33e86ed41562db3508f958\",\"name\":\"Diario1 Diario1\",\"image\":{\"@type\":\"ImageObject\",\"inLanguage\":\"es\",\"@id\":\"https:\\\/\\\/secure.gravatar.com\\\/avatar\\\/9167d280179c85bc18be67aa7eda765854300033af4896dd779b608640f2ef7a?s=96&d=mm&r=g\",\"url\":\"https:\\\/\\\/secure.gravatar.com\\\/avatar\\\/9167d280179c85bc18be67aa7eda765854300033af4896dd779b608640f2ef7a?s=96&d=mm&r=g\",\"contentUrl\":\"https:\\\/\\\/secure.gravatar.com\\\/avatar\\\/9167d280179c85bc18be67aa7eda765854300033af4896dd779b608640f2ef7a?s=96&d=mm&r=g\",\"caption\":\"Diario1 Diario1\"},\"url\":\"https:\\\/\\\/diariotextual.com\\\/inicio\\\/index.php\\\/author\\\/diario1\\\/\"}]}<\/script>\n<!-- \/ Yoast SEO plugin. -->","yoast_head_json":{"title":"Ley para que Tel\u00e9n pase tierras a Victorica: \u201cEs darle legalidad a una situaci\u00f3n de hecho\u201d - Diario Textual","robots":{"index":"index","follow":"follow","max-snippet":"max-snippet:-1","max-image-preview":"max-image-preview:large","max-video-preview":"max-video-preview:-1"},"canonical":"https:\/\/diariotextual.com\/inicio\/index.php\/2025\/08\/29\/ley-para-que-telen-pase-tierras-a-victorica-es-darle-legalidad-a-una-situacion-de-hecho\/","og_locale":"es_ES","og_type":"article","og_title":"Ley para que Tel\u00e9n pase tierras a Victorica: \u201cEs darle legalidad a una situaci\u00f3n de hecho\u201d - Diario Textual","og_description":"Casa de Gobierno dijo que el proyecto de ley con los cambios de ejido urbano, que implican el paso de chacras y otros terrenos de Tel\u00e9n a Victorica, vienen a&hellip;","og_url":"https:\/\/diariotextual.com\/inicio\/index.php\/2025\/08\/29\/ley-para-que-telen-pase-tierras-a-victorica-es-darle-legalidad-a-una-situacion-de-hecho\/","og_site_name":"Diario Textual","article_publisher":"https:\/\/www.facebook.com\/eltextual","article_published_time":"2025-08-29T23:12:31+00:00","article_modified_time":"2025-08-30T13:15:51+00:00","og_image":[{"width":1280,"height":675,"url":"https:\/\/diariotextual.com\/inicio\/wp-content\/uploads\/2024\/04\/parquesolarfotovoltaicovictorica2024-3.jpg","type":"image\/jpeg"}],"author":"Diario1 Diario1","twitter_card":"summary_large_image","twitter_creator":"@eltextual","twitter_site":"@eltextual","twitter_misc":{"Escrito por":"Diario1 Diario1","Tiempo de lectura":"5 minutos"},"schema":{"@context":"https:\/\/schema.org","@graph":[{"@type":"Article","@id":"https:\/\/diariotextual.com\/inicio\/index.php\/2025\/08\/29\/ley-para-que-telen-pase-tierras-a-victorica-es-darle-legalidad-a-una-situacion-de-hecho\/#article","isPartOf":{"@id":"https:\/\/diariotextual.com\/inicio\/index.php\/2025\/08\/29\/ley-para-que-telen-pase-tierras-a-victorica-es-darle-legalidad-a-una-situacion-de-hecho\/"},"author":{"name":"Diario1 Diario1","@id":"https:\/\/diariotextual.com\/inicio\/#\/schema\/person\/418fc4093c33e86ed41562db3508f958"},"headline":"Ley para que Tel\u00e9n pase tierras a Victorica: \u201cEs darle legalidad a una situaci\u00f3n de hecho\u201d","datePublished":"2025-08-29T23:12:31+00:00","dateModified":"2025-08-30T13:15:51+00:00","mainEntityOfPage":{"@id":"https:\/\/diariotextual.com\/inicio\/index.php\/2025\/08\/29\/ley-para-que-telen-pase-tierras-a-victorica-es-darle-legalidad-a-una-situacion-de-hecho\/"},"wordCount":1060,"publisher":{"@id":"https:\/\/diariotextual.com\/inicio\/#organization"},"image":{"@id":"https:\/\/diariotextual.com\/inicio\/index.php\/2025\/08\/29\/ley-para-que-telen-pase-tierras-a-victorica-es-darle-legalidad-a-una-situacion-de-hecho\/#primaryimage"},"thumbnailUrl":"https:\/\/diariotextual.com\/inicio\/wp-content\/uploads\/2024\/04\/parquesolarfotovoltaicovictorica2024-3.jpg","articleSection":["A - PORTADA2","SOCIEDAD"],"inLanguage":"es"},{"@type":"WebPage","@id":"https:\/\/diariotextual.com\/inicio\/index.php\/2025\/08\/29\/ley-para-que-telen-pase-tierras-a-victorica-es-darle-legalidad-a-una-situacion-de-hecho\/","url":"https:\/\/diariotextual.com\/inicio\/index.php\/2025\/08\/29\/ley-para-que-telen-pase-tierras-a-victorica-es-darle-legalidad-a-una-situacion-de-hecho\/","name":"Ley para que Tel\u00e9n pase tierras a Victorica: \u201cEs darle legalidad a una situaci\u00f3n de hecho\u201d - Diario Textual","isPartOf":{"@id":"https:\/\/diariotextual.com\/inicio\/#website"},"primaryImageOfPage":{"@id":"https:\/\/diariotextual.com\/inicio\/index.php\/2025\/08\/29\/ley-para-que-telen-pase-tierras-a-victorica-es-darle-legalidad-a-una-situacion-de-hecho\/#primaryimage"},"image":{"@id":"https:\/\/diariotextual.com\/inicio\/index.php\/2025\/08\/29\/ley-para-que-telen-pase-tierras-a-victorica-es-darle-legalidad-a-una-situacion-de-hecho\/#primaryimage"},"thumbnailUrl":"https:\/\/diariotextual.com\/inicio\/wp-content\/uploads\/2024\/04\/parquesolarfotovoltaicovictorica2024-3.jpg","datePublished":"2025-08-29T23:12:31+00:00","dateModified":"2025-08-30T13:15:51+00:00","breadcrumb":{"@id":"https:\/\/diariotextual.com\/inicio\/index.php\/2025\/08\/29\/ley-para-que-telen-pase-tierras-a-victorica-es-darle-legalidad-a-una-situacion-de-hecho\/#breadcrumb"},"inLanguage":"es","potentialAction":[{"@type":"ReadAction","target":["https:\/\/diariotextual.com\/inicio\/index.php\/2025\/08\/29\/ley-para-que-telen-pase-tierras-a-victorica-es-darle-legalidad-a-una-situacion-de-hecho\/"]}]},{"@type":"ImageObject","inLanguage":"es","@id":"https:\/\/diariotextual.com\/inicio\/index.php\/2025\/08\/29\/ley-para-que-telen-pase-tierras-a-victorica-es-darle-legalidad-a-una-situacion-de-hecho\/#primaryimage","url":"https:\/\/diariotextual.com\/inicio\/wp-content\/uploads\/2024\/04\/parquesolarfotovoltaicovictorica2024-3.jpg","contentUrl":"https:\/\/diariotextual.com\/inicio\/wp-content\/uploads\/2024\/04\/parquesolarfotovoltaicovictorica2024-3.jpg","width":1280,"height":675},{"@type":"BreadcrumbList","@id":"https:\/\/diariotextual.com\/inicio\/index.php\/2025\/08\/29\/ley-para-que-telen-pase-tierras-a-victorica-es-darle-legalidad-a-una-situacion-de-hecho\/#breadcrumb","itemListElement":[{"@type":"ListItem","position":1,"name":"Portada","item":"https:\/\/diariotextual.com\/inicio\/"},{"@type":"ListItem","position":2,"name":"Ley para que Tel\u00e9n pase tierras a Victorica: \u201cEs darle legalidad a una situaci\u00f3n de hecho\u201d"}]},{"@type":"WebSite","@id":"https:\/\/diariotextual.com\/inicio\/#website","url":"https:\/\/diariotextual.com\/inicio\/","name":"Diario Textual","description":"","publisher":{"@id":"https:\/\/diariotextual.com\/inicio\/#organization"},"potentialAction":[{"@type":"SearchAction","target":{"@type":"EntryPoint","urlTemplate":"https:\/\/diariotextual.com\/inicio\/?s={search_term_string}"},"query-input":{"@type":"PropertyValueSpecification","valueRequired":true,"valueName":"search_term_string"}}],"inLanguage":"es"},{"@type":"Organization","@id":"https:\/\/diariotextual.com\/inicio\/#organization","name":"Diario Textual","url":"https:\/\/diariotextual.com\/inicio\/","logo":{"@type":"ImageObject","inLanguage":"es","@id":"https:\/\/diariotextual.com\/inicio\/#\/schema\/logo\/image\/","url":"https:\/\/diariotextual.com\/inicio\/wp-content\/uploads\/2023\/05\/logotextual1.jpg","contentUrl":"https:\/\/diariotextual.com\/inicio\/wp-content\/uploads\/2023\/05\/logotextual1.jpg","width":516,"height":76,"caption":"Diario Textual"},"image":{"@id":"https:\/\/diariotextual.com\/inicio\/#\/schema\/logo\/image\/"},"sameAs":["https:\/\/www.facebook.com\/eltextual","https:\/\/x.com\/eltextual","http:\/\/www.instagram.com\/eltextual"]},{"@type":"Person","@id":"https:\/\/diariotextual.com\/inicio\/#\/schema\/person\/418fc4093c33e86ed41562db3508f958","name":"Diario1 Diario1","image":{"@type":"ImageObject","inLanguage":"es","@id":"https:\/\/secure.gravatar.com\/avatar\/9167d280179c85bc18be67aa7eda765854300033af4896dd779b608640f2ef7a?s=96&d=mm&r=g","url":"https:\/\/secure.gravatar.com\/avatar\/9167d280179c85bc18be67aa7eda765854300033af4896dd779b608640f2ef7a?s=96&d=mm&r=g","contentUrl":"https:\/\/secure.gravatar.com\/avatar\/9167d280179c85bc18be67aa7eda765854300033af4896dd779b608640f2ef7a?s=96&d=mm&r=g","caption":"Diario1 Diario1"},"url":"https:\/\/diariotextual.com\/inicio\/index.php\/author\/diario1\/"}]}},"_links":{"self":[{"href":"https:\/\/diariotextual.com\/inicio\/index.php\/wp-json\/wp\/v2\/posts\/305686","targetHints":{"allow":["GET"]}}],"collection":[{"href":"https:\/\/diariotextual.com\/inicio\/index.php\/wp-json\/wp\/v2\/posts"}],"about":[{"href":"https:\/\/diariotextual.com\/inicio\/index.php\/wp-json\/wp\/v2\/types\/post"}],"author":[{"embeddable":true,"href":"https:\/\/diariotextual.com\/inicio\/index.php\/wp-json\/wp\/v2\/users\/3"}],"replies":[{"embeddable":true,"href":"https:\/\/diariotextual.com\/inicio\/index.php\/wp-json\/wp\/v2\/comments?post=305686"}],"version-history":[{"count":6,"href":"https:\/\/diariotextual.com\/inicio\/index.php\/wp-json\/wp\/v2\/posts\/305686\/revisions"}],"predecessor-version":[{"id":305712,"href":"https:\/\/diariotextual.com\/inicio\/index.php\/wp-json\/wp\/v2\/posts\/305686\/revisions\/305712"}],"wp:featuredmedia":[{"embeddable":true,"href":"https:\/\/diariotextual.com\/inicio\/index.php\/wp-json\/wp\/v2\/media\/261825"}],"wp:attachment":[{"href":"https:\/\/diariotextual.com\/inicio\/index.php\/wp-json\/wp\/v2\/media?parent=305686"}],"wp:term":[{"taxonomy":"category","embeddable":true,"href":"https:\/\/diariotextual.com\/inicio\/index.php\/wp-json\/wp\/v2\/categories?post=305686"},{"taxonomy":"post_tag","embeddable":true,"href":"https:\/\/diariotextual.com\/inicio\/index.php\/wp-json\/wp\/v2\/tags?post=305686"}],"curies":[{"name":"wp","href":"https:\/\/api.w.org\/{rel}","templated":true}]}}