{"id":305897,"date":"2025-09-01T20:05:08","date_gmt":"2025-09-01T23:05:08","guid":{"rendered":"https:\/\/diariotextual.com\/inicio\/?p=305897"},"modified":"2025-09-01T22:02:10","modified_gmt":"2025-09-02T01:02:10","slug":"la-justicia-rechazo-un-recurso-de-taxistas-y-confirmo-que-uber-sigue-en-pie-en-santa-rosa","status":"publish","type":"post","link":"https:\/\/diariotextual.com\/inicio\/index.php\/2025\/09\/01\/la-justicia-rechazo-un-recurso-de-taxistas-y-confirmo-que-uber-sigue-en-pie-en-santa-rosa\/","title":{"rendered":"La Justicia rechaz\u00f3 un recurso de taxistas y confirm\u00f3 que Uber sigue en pie en Santa Rosa"},"content":{"rendered":"\n<p>La Sala 3 de la C\u00e1mara de Apelaciones en lo Civil, Comercial, Laboral y de Miner\u00eda rechaz\u00f3 este lunes un recurso de apelaci\u00f3n presentado por propietarios de taxis y remises que pretend\u00eda prohibir el funcionamiento de la aplicaci\u00f3n multinacional Uber en Santa Rosa, seg\u00fan un fallo al que accedi\u00f3 Diario Textual.<\/p>\n\n\n\n<p>Uber desembarc\u00f3 en la capital pampeana en agosto de 2024, en medio de amenazas de sanciones, multas y hasta secuestros de autom\u00f3viles y motos. Desde entonces, habilit\u00f3 a conductores de autos particulares \u2014e incluso motos\u2014 a sumarse al servicio de traslado de personas.<\/p>\n\n\n\n<p>La empresa, que opera en Argentina desde 2016, sostiene que su actividad es legal bajo el amparo del art\u00edculo 1280 del C\u00f3digo Civil y Comercial, que regula los contratos de transporte \u201centre privados\u201d. Sin embargo, tanto el municipio de Santa Rosa como el sector de taxis y remises insisten en que se trata de un servicio p\u00fablico de transporte y, por lo tanto, requiere autorizaci\u00f3n y regulaci\u00f3n espec\u00edficas.<\/p>\n\n\n\n<p>Lejos de retroceder, Uber consolid\u00f3 su presencia en la ciudad. A principios de mayo anunci\u00f3 que los usuarios ya pueden solicitar viajes en taxis a trav\u00e9s de la propia aplicaci\u00f3n, lo que llev\u00f3 a que incluso algunos taxistas comenzaran a trabajar con la plataforma. Esto forz\u00f3 al gremio de peones de taxis a pedir que la actividad sea legalizada, aunque con requisitos.<\/p>\n\n\n\n<div style=\"height:100px\" aria-hidden=\"true\" class=\"wp-block-spacer\"><\/div>\n\n\n\n<p><strong>El fallo judicial<\/strong><\/p>\n\n\n\n<p>La C\u00e1mara de Apelaciones ratific\u00f3 un fallo de primera instancia que hab\u00eda rechazado la acci\u00f3n impulsada por la C\u00e1mara de Propietarios de Taxis y Radiotaxis (Catarata). Los jueces sostuvieron que la v\u00eda judicial no es la adecuada para resolver el conflicto porque la cuesti\u00f3n se encuentra en debate en el Concejo Deliberante de Santa Rosa, donde existen proyectos de ordenanza para regular el servicio.<\/p>\n\n\n\n<p>\u201cEl objeto de la acci\u00f3n se plantea como un mega requerimiento cautelar incausado y preventor de conjeturales perjuicios\u201d, argument\u00f3 el juez Guillermo Samuel Salas en su voto. \u201cNo corresponde al Poder Judicial sustituir al \u00e1mbito administrativo y legislativo de la ciudad\u201d, agreg\u00f3.<\/p>\n\n\n\n<p>En tanto, con respecto de la supuesta \u201ccompetencia desleal\u201d invocada por los taxistas, ele juez Salas dijo que esa figura no se configura porque Uber no cuenta a\u00fan con autorizaci\u00f3n municipal y, en consecuencia, no puede competir en igualdad de condiciones con taxis y remises.<\/p>\n\n\n\n<p>La C\u00e1mara tambi\u00e9n desestim\u00f3 el pedido de medida cautelar para frenar la operatoria de Uber y el ingreso de la figura del \u201camicus curiae\u201d al proceso. \u201cNo puede intentarse a esos fines ninguna acci\u00f3n judicial, mucho menos para la mera obtenci\u00f3n de un juzgamiento declarativo\u201d, concluy\u00f3 Salas, a cuyo voto adhiri\u00f3 la jueza Carina Ganuza.<\/p>\n\n\n\n<div style=\"height:100px\" aria-hidden=\"true\" class=\"wp-block-spacer\"><\/div>\n\n\n\n<p><strong>El futuro de Uber<\/strong><\/p>\n\n\n\n<p>De este modo, Uber seguir\u00e1 operando en Santa Rosa mientras el Concejo Deliberante defina si avanza o no en una regulaci\u00f3n espec\u00edfica para este tipo de servicios.<\/p>\n\n\n\n<figure class=\"wp-block-embed is-type-wp-embed is-provider-diario-textual wp-block-embed-diario-textual\"><div class=\"wp-block-embed__wrapper\">\n<blockquote class=\"wp-embedded-content\" data-secret=\"TkyNoqk7Ob\"><a href=\"https:\/\/diariotextual.com\/inicio\/index.php\/2025\/05\/22\/luz-verde-a-uber-ingresa-al-concejo-proyecto-de-la-ucr-para-regular-aplicaciones-de-transporte-privado-de-personas\/\">\u00bfSe rinden ante Uber en Santa Rosa?: la UCR presenta proyecto para regular app de transporte privado de personas<\/a><\/blockquote><iframe class=\"wp-embedded-content\" sandbox=\"allow-scripts\" security=\"restricted\" style=\"position: absolute; visibility: hidden;\" title=\"\u00ab\u00bfSe rinden ante Uber en Santa Rosa?: la UCR presenta proyecto para regular app de transporte privado de personas\u00bb \u2014 Diario Textual\" src=\"https:\/\/diariotextual.com\/inicio\/index.php\/2025\/05\/22\/luz-verde-a-uber-ingresa-al-concejo-proyecto-de-la-ucr-para-regular-aplicaciones-de-transporte-privado-de-personas\/embed\/#?secret=qwaPAPhxaH#?secret=TkyNoqk7Ob\" data-secret=\"TkyNoqk7Ob\" width=\"600\" height=\"338\" frameborder=\"0\" marginwidth=\"0\" marginheight=\"0\" scrolling=\"no\"><\/iframe>\n<\/div><\/figure>\n","protected":false},"excerpt":{"rendered":"<p>La Sala 3 de la C\u00e1mara de Apelaciones en lo Civil, Comercial, Laboral y de Miner\u00eda rechaz\u00f3 este lunes un recurso de apelaci\u00f3n presentado por propietarios de taxis y remises&hellip;<\/p>\n","protected":false},"author":3,"featured_media":268364,"comment_status":"closed","ping_status":"open","sticky":false,"template":"","format":"standard","meta":{"_acf_changed":false,"footnotes":""},"categories":[4,12],"tags":[],"class_list":["post-305897","post","type-post","status-publish","format-standard","has-post-thumbnail","hentry","category-destacadas","category-sociedad"],"acf":[],"yoast_head":"<!-- This site is optimized with the Yoast SEO plugin v27.4 - https:\/\/yoast.com\/product\/yoast-seo-wordpress\/ -->\n<title>La Justicia rechaz\u00f3 un recurso de taxistas y confirm\u00f3 que Uber sigue en pie en Santa Rosa - Diario Textual<\/title>\n<meta name=\"robots\" content=\"index, follow, max-snippet:-1, max-image-preview:large, max-video-preview:-1\" \/>\n<link rel=\"canonical\" href=\"https:\/\/diariotextual.com\/inicio\/index.php\/2025\/09\/01\/la-justicia-rechazo-un-recurso-de-taxistas-y-confirmo-que-uber-sigue-en-pie-en-santa-rosa\/\" \/>\n<meta property=\"og:locale\" content=\"es_ES\" \/>\n<meta property=\"og:type\" content=\"article\" \/>\n<meta property=\"og:title\" content=\"La Justicia rechaz\u00f3 un recurso de taxistas y confirm\u00f3 que Uber sigue en pie en Santa Rosa - Diario Textual\" \/>\n<meta property=\"og:description\" content=\"La Sala 3 de la C\u00e1mara de Apelaciones en lo Civil, Comercial, Laboral y de Miner\u00eda rechaz\u00f3 este lunes un recurso de apelaci\u00f3n presentado por propietarios de taxis y remises&hellip;\" \/>\n<meta property=\"og:url\" content=\"https:\/\/diariotextual.com\/inicio\/index.php\/2025\/09\/01\/la-justicia-rechazo-un-recurso-de-taxistas-y-confirmo-que-uber-sigue-en-pie-en-santa-rosa\/\" \/>\n<meta property=\"og:site_name\" content=\"Diario Textual\" \/>\n<meta property=\"article:publisher\" content=\"https:\/\/www.facebook.com\/eltextual\" \/>\n<meta property=\"article:published_time\" content=\"2025-09-01T23:05:08+00:00\" \/>\n<meta property=\"article:modified_time\" content=\"2025-09-02T01:02:10+00:00\" \/>\n<meta property=\"og:image\" content=\"https:\/\/diariotextual.com\/inicio\/wp-content\/uploads\/2024\/07\/uber2024-1.jpg\" \/>\n\t<meta property=\"og:image:width\" content=\"1500\" \/>\n\t<meta property=\"og:image:height\" content=\"945\" \/>\n\t<meta property=\"og:image:type\" content=\"image\/jpeg\" \/>\n<meta name=\"author\" content=\"Diario1 Diario1\" \/>\n<meta name=\"twitter:card\" content=\"summary_large_image\" \/>\n<meta name=\"twitter:creator\" content=\"@eltextual\" \/>\n<meta name=\"twitter:site\" content=\"@eltextual\" \/>\n<meta name=\"twitter:label1\" content=\"Escrito por\" \/>\n\t<meta name=\"twitter:data1\" content=\"Diario1 Diario1\" \/>\n\t<meta name=\"twitter:label2\" content=\"Tiempo de lectura\" \/>\n\t<meta name=\"twitter:data2\" content=\"3 minutos\" \/>\n<script type=\"application\/ld+json\" class=\"yoast-schema-graph\">{\"@context\":\"https:\\\/\\\/schema.org\",\"@graph\":[{\"@type\":\"Article\",\"@id\":\"https:\\\/\\\/diariotextual.com\\\/inicio\\\/index.php\\\/2025\\\/09\\\/01\\\/la-justicia-rechazo-un-recurso-de-taxistas-y-confirmo-que-uber-sigue-en-pie-en-santa-rosa\\\/#article\",\"isPartOf\":{\"@id\":\"https:\\\/\\\/diariotextual.com\\\/inicio\\\/index.php\\\/2025\\\/09\\\/01\\\/la-justicia-rechazo-un-recurso-de-taxistas-y-confirmo-que-uber-sigue-en-pie-en-santa-rosa\\\/\"},\"author\":{\"name\":\"Diario1 Diario1\",\"@id\":\"https:\\\/\\\/diariotextual.com\\\/inicio\\\/#\\\/schema\\\/person\\\/418fc4093c33e86ed41562db3508f958\"},\"headline\":\"La Justicia rechaz\u00f3 un recurso de taxistas y confirm\u00f3 que Uber sigue en pie en Santa Rosa\",\"datePublished\":\"2025-09-01T23:05:08+00:00\",\"dateModified\":\"2025-09-02T01:02:10+00:00\",\"mainEntityOfPage\":{\"@id\":\"https:\\\/\\\/diariotextual.com\\\/inicio\\\/index.php\\\/2025\\\/09\\\/01\\\/la-justicia-rechazo-un-recurso-de-taxistas-y-confirmo-que-uber-sigue-en-pie-en-santa-rosa\\\/\"},\"wordCount\":514,\"publisher\":{\"@id\":\"https:\\\/\\\/diariotextual.com\\\/inicio\\\/#organization\"},\"image\":{\"@id\":\"https:\\\/\\\/diariotextual.com\\\/inicio\\\/index.php\\\/2025\\\/09\\\/01\\\/la-justicia-rechazo-un-recurso-de-taxistas-y-confirmo-que-uber-sigue-en-pie-en-santa-rosa\\\/#primaryimage\"},\"thumbnailUrl\":\"https:\\\/\\\/diariotextual.com\\\/inicio\\\/wp-content\\\/uploads\\\/2024\\\/07\\\/uber2024-1.jpg\",\"articleSection\":[\"A - DESTACADAS (mod 16)\",\"SOCIEDAD\"],\"inLanguage\":\"es\"},{\"@type\":\"WebPage\",\"@id\":\"https:\\\/\\\/diariotextual.com\\\/inicio\\\/index.php\\\/2025\\\/09\\\/01\\\/la-justicia-rechazo-un-recurso-de-taxistas-y-confirmo-que-uber-sigue-en-pie-en-santa-rosa\\\/\",\"url\":\"https:\\\/\\\/diariotextual.com\\\/inicio\\\/index.php\\\/2025\\\/09\\\/01\\\/la-justicia-rechazo-un-recurso-de-taxistas-y-confirmo-que-uber-sigue-en-pie-en-santa-rosa\\\/\",\"name\":\"La Justicia rechaz\u00f3 un recurso de taxistas y confirm\u00f3 que Uber sigue en pie en Santa Rosa - Diario Textual\",\"isPartOf\":{\"@id\":\"https:\\\/\\\/diariotextual.com\\\/inicio\\\/#website\"},\"primaryImageOfPage\":{\"@id\":\"https:\\\/\\\/diariotextual.com\\\/inicio\\\/index.php\\\/2025\\\/09\\\/01\\\/la-justicia-rechazo-un-recurso-de-taxistas-y-confirmo-que-uber-sigue-en-pie-en-santa-rosa\\\/#primaryimage\"},\"image\":{\"@id\":\"https:\\\/\\\/diariotextual.com\\\/inicio\\\/index.php\\\/2025\\\/09\\\/01\\\/la-justicia-rechazo-un-recurso-de-taxistas-y-confirmo-que-uber-sigue-en-pie-en-santa-rosa\\\/#primaryimage\"},\"thumbnailUrl\":\"https:\\\/\\\/diariotextual.com\\\/inicio\\\/wp-content\\\/uploads\\\/2024\\\/07\\\/uber2024-1.jpg\",\"datePublished\":\"2025-09-01T23:05:08+00:00\",\"dateModified\":\"2025-09-02T01:02:10+00:00\",\"breadcrumb\":{\"@id\":\"https:\\\/\\\/diariotextual.com\\\/inicio\\\/index.php\\\/2025\\\/09\\\/01\\\/la-justicia-rechazo-un-recurso-de-taxistas-y-confirmo-que-uber-sigue-en-pie-en-santa-rosa\\\/#breadcrumb\"},\"inLanguage\":\"es\",\"potentialAction\":[{\"@type\":\"ReadAction\",\"target\":[\"https:\\\/\\\/diariotextual.com\\\/inicio\\\/index.php\\\/2025\\\/09\\\/01\\\/la-justicia-rechazo-un-recurso-de-taxistas-y-confirmo-que-uber-sigue-en-pie-en-santa-rosa\\\/\"]}]},{\"@type\":\"ImageObject\",\"inLanguage\":\"es\",\"@id\":\"https:\\\/\\\/diariotextual.com\\\/inicio\\\/index.php\\\/2025\\\/09\\\/01\\\/la-justicia-rechazo-un-recurso-de-taxistas-y-confirmo-que-uber-sigue-en-pie-en-santa-rosa\\\/#primaryimage\",\"url\":\"https:\\\/\\\/diariotextual.com\\\/inicio\\\/wp-content\\\/uploads\\\/2024\\\/07\\\/uber2024-1.jpg\",\"contentUrl\":\"https:\\\/\\\/diariotextual.com\\\/inicio\\\/wp-content\\\/uploads\\\/2024\\\/07\\\/uber2024-1.jpg\",\"width\":1500,\"height\":945},{\"@type\":\"BreadcrumbList\",\"@id\":\"https:\\\/\\\/diariotextual.com\\\/inicio\\\/index.php\\\/2025\\\/09\\\/01\\\/la-justicia-rechazo-un-recurso-de-taxistas-y-confirmo-que-uber-sigue-en-pie-en-santa-rosa\\\/#breadcrumb\",\"itemListElement\":[{\"@type\":\"ListItem\",\"position\":1,\"name\":\"Portada\",\"item\":\"https:\\\/\\\/diariotextual.com\\\/inicio\\\/\"},{\"@type\":\"ListItem\",\"position\":2,\"name\":\"La Justicia rechaz\u00f3 un recurso de taxistas y confirm\u00f3 que Uber sigue en pie en Santa Rosa\"}]},{\"@type\":\"WebSite\",\"@id\":\"https:\\\/\\\/diariotextual.com\\\/inicio\\\/#website\",\"url\":\"https:\\\/\\\/diariotextual.com\\\/inicio\\\/\",\"name\":\"Diario Textual\",\"description\":\"\",\"publisher\":{\"@id\":\"https:\\\/\\\/diariotextual.com\\\/inicio\\\/#organization\"},\"potentialAction\":[{\"@type\":\"SearchAction\",\"target\":{\"@type\":\"EntryPoint\",\"urlTemplate\":\"https:\\\/\\\/diariotextual.com\\\/inicio\\\/?s={search_term_string}\"},\"query-input\":{\"@type\":\"PropertyValueSpecification\",\"valueRequired\":true,\"valueName\":\"search_term_string\"}}],\"inLanguage\":\"es\"},{\"@type\":\"Organization\",\"@id\":\"https:\\\/\\\/diariotextual.com\\\/inicio\\\/#organization\",\"name\":\"Diario Textual\",\"url\":\"https:\\\/\\\/diariotextual.com\\\/inicio\\\/\",\"logo\":{\"@type\":\"ImageObject\",\"inLanguage\":\"es\",\"@id\":\"https:\\\/\\\/diariotextual.com\\\/inicio\\\/#\\\/schema\\\/logo\\\/image\\\/\",\"url\":\"https:\\\/\\\/diariotextual.com\\\/inicio\\\/wp-content\\\/uploads\\\/2023\\\/05\\\/logotextual1.jpg\",\"contentUrl\":\"https:\\\/\\\/diariotextual.com\\\/inicio\\\/wp-content\\\/uploads\\\/2023\\\/05\\\/logotextual1.jpg\",\"width\":516,\"height\":76,\"caption\":\"Diario Textual\"},\"image\":{\"@id\":\"https:\\\/\\\/diariotextual.com\\\/inicio\\\/#\\\/schema\\\/logo\\\/image\\\/\"},\"sameAs\":[\"https:\\\/\\\/www.facebook.com\\\/eltextual\",\"https:\\\/\\\/x.com\\\/eltextual\",\"http:\\\/\\\/www.instagram.com\\\/eltextual\"]},{\"@type\":\"Person\",\"@id\":\"https:\\\/\\\/diariotextual.com\\\/inicio\\\/#\\\/schema\\\/person\\\/418fc4093c33e86ed41562db3508f958\",\"name\":\"Diario1 Diario1\",\"image\":{\"@type\":\"ImageObject\",\"inLanguage\":\"es\",\"@id\":\"https:\\\/\\\/secure.gravatar.com\\\/avatar\\\/9167d280179c85bc18be67aa7eda765854300033af4896dd779b608640f2ef7a?s=96&d=mm&r=g\",\"url\":\"https:\\\/\\\/secure.gravatar.com\\\/avatar\\\/9167d280179c85bc18be67aa7eda765854300033af4896dd779b608640f2ef7a?s=96&d=mm&r=g\",\"contentUrl\":\"https:\\\/\\\/secure.gravatar.com\\\/avatar\\\/9167d280179c85bc18be67aa7eda765854300033af4896dd779b608640f2ef7a?s=96&d=mm&r=g\",\"caption\":\"Diario1 Diario1\"},\"url\":\"https:\\\/\\\/diariotextual.com\\\/inicio\\\/index.php\\\/author\\\/diario1\\\/\"}]}<\/script>\n<!-- \/ Yoast SEO plugin. -->","yoast_head_json":{"title":"La Justicia rechaz\u00f3 un recurso de taxistas y confirm\u00f3 que Uber sigue en pie en Santa Rosa - Diario Textual","robots":{"index":"index","follow":"follow","max-snippet":"max-snippet:-1","max-image-preview":"max-image-preview:large","max-video-preview":"max-video-preview:-1"},"canonical":"https:\/\/diariotextual.com\/inicio\/index.php\/2025\/09\/01\/la-justicia-rechazo-un-recurso-de-taxistas-y-confirmo-que-uber-sigue-en-pie-en-santa-rosa\/","og_locale":"es_ES","og_type":"article","og_title":"La Justicia rechaz\u00f3 un recurso de taxistas y confirm\u00f3 que Uber sigue en pie en Santa Rosa - Diario Textual","og_description":"La Sala 3 de la C\u00e1mara de Apelaciones en lo Civil, Comercial, Laboral y de Miner\u00eda rechaz\u00f3 este lunes un recurso de apelaci\u00f3n presentado por propietarios de taxis y remises&hellip;","og_url":"https:\/\/diariotextual.com\/inicio\/index.php\/2025\/09\/01\/la-justicia-rechazo-un-recurso-de-taxistas-y-confirmo-que-uber-sigue-en-pie-en-santa-rosa\/","og_site_name":"Diario Textual","article_publisher":"https:\/\/www.facebook.com\/eltextual","article_published_time":"2025-09-01T23:05:08+00:00","article_modified_time":"2025-09-02T01:02:10+00:00","og_image":[{"width":1500,"height":945,"url":"https:\/\/diariotextual.com\/inicio\/wp-content\/uploads\/2024\/07\/uber2024-1.jpg","type":"image\/jpeg"}],"author":"Diario1 Diario1","twitter_card":"summary_large_image","twitter_creator":"@eltextual","twitter_site":"@eltextual","twitter_misc":{"Escrito por":"Diario1 Diario1","Tiempo de lectura":"3 minutos"},"schema":{"@context":"https:\/\/schema.org","@graph":[{"@type":"Article","@id":"https:\/\/diariotextual.com\/inicio\/index.php\/2025\/09\/01\/la-justicia-rechazo-un-recurso-de-taxistas-y-confirmo-que-uber-sigue-en-pie-en-santa-rosa\/#article","isPartOf":{"@id":"https:\/\/diariotextual.com\/inicio\/index.php\/2025\/09\/01\/la-justicia-rechazo-un-recurso-de-taxistas-y-confirmo-que-uber-sigue-en-pie-en-santa-rosa\/"},"author":{"name":"Diario1 Diario1","@id":"https:\/\/diariotextual.com\/inicio\/#\/schema\/person\/418fc4093c33e86ed41562db3508f958"},"headline":"La Justicia rechaz\u00f3 un recurso de taxistas y confirm\u00f3 que Uber sigue en pie en Santa Rosa","datePublished":"2025-09-01T23:05:08+00:00","dateModified":"2025-09-02T01:02:10+00:00","mainEntityOfPage":{"@id":"https:\/\/diariotextual.com\/inicio\/index.php\/2025\/09\/01\/la-justicia-rechazo-un-recurso-de-taxistas-y-confirmo-que-uber-sigue-en-pie-en-santa-rosa\/"},"wordCount":514,"publisher":{"@id":"https:\/\/diariotextual.com\/inicio\/#organization"},"image":{"@id":"https:\/\/diariotextual.com\/inicio\/index.php\/2025\/09\/01\/la-justicia-rechazo-un-recurso-de-taxistas-y-confirmo-que-uber-sigue-en-pie-en-santa-rosa\/#primaryimage"},"thumbnailUrl":"https:\/\/diariotextual.com\/inicio\/wp-content\/uploads\/2024\/07\/uber2024-1.jpg","articleSection":["A - DESTACADAS (mod 16)","SOCIEDAD"],"inLanguage":"es"},{"@type":"WebPage","@id":"https:\/\/diariotextual.com\/inicio\/index.php\/2025\/09\/01\/la-justicia-rechazo-un-recurso-de-taxistas-y-confirmo-que-uber-sigue-en-pie-en-santa-rosa\/","url":"https:\/\/diariotextual.com\/inicio\/index.php\/2025\/09\/01\/la-justicia-rechazo-un-recurso-de-taxistas-y-confirmo-que-uber-sigue-en-pie-en-santa-rosa\/","name":"La Justicia rechaz\u00f3 un recurso de taxistas y confirm\u00f3 que Uber sigue en pie en Santa Rosa - Diario Textual","isPartOf":{"@id":"https:\/\/diariotextual.com\/inicio\/#website"},"primaryImageOfPage":{"@id":"https:\/\/diariotextual.com\/inicio\/index.php\/2025\/09\/01\/la-justicia-rechazo-un-recurso-de-taxistas-y-confirmo-que-uber-sigue-en-pie-en-santa-rosa\/#primaryimage"},"image":{"@id":"https:\/\/diariotextual.com\/inicio\/index.php\/2025\/09\/01\/la-justicia-rechazo-un-recurso-de-taxistas-y-confirmo-que-uber-sigue-en-pie-en-santa-rosa\/#primaryimage"},"thumbnailUrl":"https:\/\/diariotextual.com\/inicio\/wp-content\/uploads\/2024\/07\/uber2024-1.jpg","datePublished":"2025-09-01T23:05:08+00:00","dateModified":"2025-09-02T01:02:10+00:00","breadcrumb":{"@id":"https:\/\/diariotextual.com\/inicio\/index.php\/2025\/09\/01\/la-justicia-rechazo-un-recurso-de-taxistas-y-confirmo-que-uber-sigue-en-pie-en-santa-rosa\/#breadcrumb"},"inLanguage":"es","potentialAction":[{"@type":"ReadAction","target":["https:\/\/diariotextual.com\/inicio\/index.php\/2025\/09\/01\/la-justicia-rechazo-un-recurso-de-taxistas-y-confirmo-que-uber-sigue-en-pie-en-santa-rosa\/"]}]},{"@type":"ImageObject","inLanguage":"es","@id":"https:\/\/diariotextual.com\/inicio\/index.php\/2025\/09\/01\/la-justicia-rechazo-un-recurso-de-taxistas-y-confirmo-que-uber-sigue-en-pie-en-santa-rosa\/#primaryimage","url":"https:\/\/diariotextual.com\/inicio\/wp-content\/uploads\/2024\/07\/uber2024-1.jpg","contentUrl":"https:\/\/diariotextual.com\/inicio\/wp-content\/uploads\/2024\/07\/uber2024-1.jpg","width":1500,"height":945},{"@type":"BreadcrumbList","@id":"https:\/\/diariotextual.com\/inicio\/index.php\/2025\/09\/01\/la-justicia-rechazo-un-recurso-de-taxistas-y-confirmo-que-uber-sigue-en-pie-en-santa-rosa\/#breadcrumb","itemListElement":[{"@type":"ListItem","position":1,"name":"Portada","item":"https:\/\/diariotextual.com\/inicio\/"},{"@type":"ListItem","position":2,"name":"La Justicia rechaz\u00f3 un recurso de taxistas y confirm\u00f3 que Uber sigue en pie en Santa Rosa"}]},{"@type":"WebSite","@id":"https:\/\/diariotextual.com\/inicio\/#website","url":"https:\/\/diariotextual.com\/inicio\/","name":"Diario Textual","description":"","publisher":{"@id":"https:\/\/diariotextual.com\/inicio\/#organization"},"potentialAction":[{"@type":"SearchAction","target":{"@type":"EntryPoint","urlTemplate":"https:\/\/diariotextual.com\/inicio\/?s={search_term_string}"},"query-input":{"@type":"PropertyValueSpecification","valueRequired":true,"valueName":"search_term_string"}}],"inLanguage":"es"},{"@type":"Organization","@id":"https:\/\/diariotextual.com\/inicio\/#organization","name":"Diario Textual","url":"https:\/\/diariotextual.com\/inicio\/","logo":{"@type":"ImageObject","inLanguage":"es","@id":"https:\/\/diariotextual.com\/inicio\/#\/schema\/logo\/image\/","url":"https:\/\/diariotextual.com\/inicio\/wp-content\/uploads\/2023\/05\/logotextual1.jpg","contentUrl":"https:\/\/diariotextual.com\/inicio\/wp-content\/uploads\/2023\/05\/logotextual1.jpg","width":516,"height":76,"caption":"Diario Textual"},"image":{"@id":"https:\/\/diariotextual.com\/inicio\/#\/schema\/logo\/image\/"},"sameAs":["https:\/\/www.facebook.com\/eltextual","https:\/\/x.com\/eltextual","http:\/\/www.instagram.com\/eltextual"]},{"@type":"Person","@id":"https:\/\/diariotextual.com\/inicio\/#\/schema\/person\/418fc4093c33e86ed41562db3508f958","name":"Diario1 Diario1","image":{"@type":"ImageObject","inLanguage":"es","@id":"https:\/\/secure.gravatar.com\/avatar\/9167d280179c85bc18be67aa7eda765854300033af4896dd779b608640f2ef7a?s=96&d=mm&r=g","url":"https:\/\/secure.gravatar.com\/avatar\/9167d280179c85bc18be67aa7eda765854300033af4896dd779b608640f2ef7a?s=96&d=mm&r=g","contentUrl":"https:\/\/secure.gravatar.com\/avatar\/9167d280179c85bc18be67aa7eda765854300033af4896dd779b608640f2ef7a?s=96&d=mm&r=g","caption":"Diario1 Diario1"},"url":"https:\/\/diariotextual.com\/inicio\/index.php\/author\/diario1\/"}]}},"_links":{"self":[{"href":"https:\/\/diariotextual.com\/inicio\/index.php\/wp-json\/wp\/v2\/posts\/305897","targetHints":{"allow":["GET"]}}],"collection":[{"href":"https:\/\/diariotextual.com\/inicio\/index.php\/wp-json\/wp\/v2\/posts"}],"about":[{"href":"https:\/\/diariotextual.com\/inicio\/index.php\/wp-json\/wp\/v2\/types\/post"}],"author":[{"embeddable":true,"href":"https:\/\/diariotextual.com\/inicio\/index.php\/wp-json\/wp\/v2\/users\/3"}],"replies":[{"embeddable":true,"href":"https:\/\/diariotextual.com\/inicio\/index.php\/wp-json\/wp\/v2\/comments?post=305897"}],"version-history":[{"count":1,"href":"https:\/\/diariotextual.com\/inicio\/index.php\/wp-json\/wp\/v2\/posts\/305897\/revisions"}],"predecessor-version":[{"id":305898,"href":"https:\/\/diariotextual.com\/inicio\/index.php\/wp-json\/wp\/v2\/posts\/305897\/revisions\/305898"}],"wp:featuredmedia":[{"embeddable":true,"href":"https:\/\/diariotextual.com\/inicio\/index.php\/wp-json\/wp\/v2\/media\/268364"}],"wp:attachment":[{"href":"https:\/\/diariotextual.com\/inicio\/index.php\/wp-json\/wp\/v2\/media?parent=305897"}],"wp:term":[{"taxonomy":"category","embeddable":true,"href":"https:\/\/diariotextual.com\/inicio\/index.php\/wp-json\/wp\/v2\/categories?post=305897"},{"taxonomy":"post_tag","embeddable":true,"href":"https:\/\/diariotextual.com\/inicio\/index.php\/wp-json\/wp\/v2\/tags?post=305897"}],"curies":[{"name":"wp","href":"https:\/\/api.w.org\/{rel}","templated":true}]}}