{"id":306020,"date":"2025-09-02T19:25:01","date_gmt":"2025-09-02T22:25:01","guid":{"rendered":"https:\/\/diariotextual.com\/inicio\/?p=306020"},"modified":"2025-09-02T19:25:03","modified_gmt":"2025-09-02T22:25:03","slug":"alberto-suarez-tendra-su-libro-con-editorial-voces-de-la-cpe","status":"publish","type":"post","link":"https:\/\/diariotextual.com\/inicio\/index.php\/2025\/09\/02\/alberto-suarez-tendra-su-libro-con-editorial-voces-de-la-cpe\/","title":{"rendered":"Alberto Su\u00e1rez tendr\u00e1 su libro con editorial Voces de la CPE"},"content":{"rendered":"\n<p>El <strong>m\u00fasico y escritor, Alberto Su\u00e1rez, junto a autoridades de la Cooperativa Popular de Electricidad<\/strong>, firm\u00f3 el convenio de edici\u00f3n para el nuevo libro de editorial Voces. Se trata de la obra \u201c<strong>Tus labios de rub\u00ed y otros cuentos<\/strong>\u201d.<\/p>\n\n\n\n<p>Por la editorial, participaron de la firma <strong>Manuel Simpson y Silvina Reynoso<\/strong>, presidente y secretaria del Consejo de Administraci\u00f3n, respectivamente, y Alberto Acosta, consejero a cargo de la editorial, quien expres\u00f3 la satisfacci\u00f3n institucional por esta obra que pasa a engrosar el cat\u00e1logo de Voces.<\/p>\n\n\n\n<p>Acosta, adem\u00e1s, hizo un especial agradecimiento a los suscriptores\/as del Fondo Editorial Cooperativo, mecanismo solidario que sostiene la propuesta y sus publicaciones. Resalt\u00f3 luego la calidad de este libro -que actualmente se encuentra en per\u00edodo de \u00faltimas correcciones antes de ingresar a imprenta- y vaticin\u00f3 que el mismo ser\u00e1, por su tem\u00e1tica, sus tintes humor\u00edsticos y su calidad literaria, de buena acogida en el p\u00fablico lector.<\/p>\n\n\n\n<p><strong>Alberto Su\u00e1rez es m\u00fasico, compositor, escritor y polit\u00f3logo nacido en Catamarca<\/strong>, donde se recibi\u00f3 de profesor de m\u00fasica y de guitarra. En la ciudad de C\u00f3rdoba obtuvo el t\u00edtulo de Licenciado en Ciencia Pol\u00edtica y fund\u00f3, junto a Jos\u00e9 L. Ponce y Mario Palacio, el Centro Cultural y Educativo \u201cLa Colmena\u201d. Ejerci\u00f3 como profesor de m\u00fasica y de DDHH en el INSA (actual Instituto Universitario Patag\u00f3nico de las Artes, IUPA) de General Roca, R\u00edo Negro. Su larga trayectoria art\u00edstica lo acerc\u00f3 a Luisa Calcumil, Orlando Tumini, Jorge Fandermole y a Jorge Marziali, entre otros. Es parte<strong> fundador del Cancionero del Viento y desarroll\u00f3 cursos de composici\u00f3n en Santa Rosa, su lugar de residencia desde hace varios a\u00f1os<\/strong>. Tiene cuatro discos editados c\u00f3mo solista y un libro de cuentos.<\/p>\n\n\n\n<p>El autor tuvo palabras de agradecimiento para con la CPE y editorial Voces: \u201cPor un lado, la creaci\u00f3n de un libro es como un hijo, y en este mismo momento estamos en la etapa de parto\u201d, dijo y agreg\u00f3: \u201cSi bien el libro est\u00e1 terminado y en proceso de edici\u00f3n, toda obra de arte se completa con quien la recibe. Yo no escribo para un p\u00fablico selecto, solamente busco emocionarlo, movilizarlo, una escritura que lo saque de la rutina. Este es un libro de cuentos cortos, que utiliza el recurso del humor para hablar de temas serios. Son cuentos, en gran parte, nacidos de situaciones reales\u201d.<\/p>\n\n\n\n<p>Manuel Simpson afirm\u00f3 que este nuevo libro llega para enriquecer el cat\u00e1logo de la editorial y ratific\u00f3 el \u201ccompromiso inquebrantable que la CPE mantiene para con los artistas y creadores de la provincia, con el fortalecimiento y la promoci\u00f3n de la cultura y de la identidad pampeana\u201d.<\/p>\n\n\n\n<p>La publicaci\u00f3n se encuentra actualmente en la \u00faltima etapa de correcci\u00f3n para pasar luego a impresi\u00f3n. Se prev\u00e9 un acto de presentaci\u00f3n al p\u00fablico y la posterior distribuci\u00f3n a los aproximadamente 670 adherentes al Fondo Editorial Cooperativo.<\/p>\n","protected":false},"excerpt":{"rendered":"<p>El m\u00fasico y escritor, Alberto Su\u00e1rez, junto a autoridades de la Cooperativa Popular de Electricidad, firm\u00f3 el convenio de edici\u00f3n para el nuevo libro de editorial Voces. Se trata de&hellip;<\/p>\n","protected":false},"author":5,"featured_media":306021,"comment_status":"closed","ping_status":"open","sticky":false,"template":"","format":"standard","meta":{"_acf_changed":false,"footnotes":""},"categories":[1,2],"tags":[],"class_list":["post-306020","post","type-post","status-publish","format-standard","has-post-thumbnail","hentry","category-es-noticia","category-cultura"],"acf":[],"yoast_head":"<!-- This site is optimized with the Yoast SEO plugin v27.5 - https:\/\/yoast.com\/product\/yoast-seo-wordpress\/ -->\n<title>Alberto Su\u00e1rez tendr\u00e1 su libro con editorial Voces de la CPE - Diario Textual<\/title>\n<meta name=\"robots\" content=\"index, follow, max-snippet:-1, max-image-preview:large, max-video-preview:-1\" \/>\n<link rel=\"canonical\" href=\"https:\/\/diariotextual.com\/inicio\/index.php\/2025\/09\/02\/alberto-suarez-tendra-su-libro-con-editorial-voces-de-la-cpe\/\" \/>\n<meta property=\"og:locale\" content=\"es_ES\" \/>\n<meta property=\"og:type\" content=\"article\" \/>\n<meta property=\"og:title\" content=\"Alberto Su\u00e1rez tendr\u00e1 su libro con editorial Voces de la CPE - Diario Textual\" \/>\n<meta property=\"og:description\" content=\"El m\u00fasico y escritor, Alberto Su\u00e1rez, junto a autoridades de la Cooperativa Popular de Electricidad, firm\u00f3 el convenio de edici\u00f3n para el nuevo libro de editorial Voces. Se trata de&hellip;\" \/>\n<meta property=\"og:url\" content=\"https:\/\/diariotextual.com\/inicio\/index.php\/2025\/09\/02\/alberto-suarez-tendra-su-libro-con-editorial-voces-de-la-cpe\/\" \/>\n<meta property=\"og:site_name\" content=\"Diario Textual\" \/>\n<meta property=\"article:publisher\" content=\"https:\/\/www.facebook.com\/eltextual\" \/>\n<meta property=\"article:published_time\" content=\"2025-09-02T22:25:01+00:00\" \/>\n<meta property=\"article:modified_time\" content=\"2025-09-02T22:25:03+00:00\" \/>\n<meta property=\"og:image\" content=\"https:\/\/diariotextual.com\/inicio\/wp-content\/uploads\/2025\/09\/simpsonalbertosuarez2025.jpg\" \/>\n\t<meta property=\"og:image:width\" content=\"900\" \/>\n\t<meta property=\"og:image:height\" content=\"549\" \/>\n\t<meta property=\"og:image:type\" content=\"image\/jpeg\" \/>\n<meta name=\"author\" content=\"diario3\" \/>\n<meta name=\"twitter:card\" content=\"summary_large_image\" \/>\n<meta name=\"twitter:creator\" content=\"@eltextual\" \/>\n<meta name=\"twitter:site\" content=\"@eltextual\" \/>\n<meta name=\"twitter:label1\" content=\"Escrito por\" \/>\n\t<meta name=\"twitter:data1\" content=\"diario3\" \/>\n\t<meta name=\"twitter:label2\" content=\"Tiempo de lectura\" \/>\n\t<meta name=\"twitter:data2\" content=\"3 minutos\" \/>\n<script type=\"application\/ld+json\" class=\"yoast-schema-graph\">{\"@context\":\"https:\\\/\\\/schema.org\",\"@graph\":[{\"@type\":\"Article\",\"@id\":\"https:\\\/\\\/diariotextual.com\\\/inicio\\\/index.php\\\/2025\\\/09\\\/02\\\/alberto-suarez-tendra-su-libro-con-editorial-voces-de-la-cpe\\\/#article\",\"isPartOf\":{\"@id\":\"https:\\\/\\\/diariotextual.com\\\/inicio\\\/index.php\\\/2025\\\/09\\\/02\\\/alberto-suarez-tendra-su-libro-con-editorial-voces-de-la-cpe\\\/\"},\"author\":{\"name\":\"diario3\",\"@id\":\"https:\\\/\\\/diariotextual.com\\\/inicio\\\/#\\\/schema\\\/person\\\/a1b6f563e0ee944c60f98119389a4d9f\"},\"headline\":\"Alberto Su\u00e1rez tendr\u00e1 su libro con editorial Voces de la CPE\",\"datePublished\":\"2025-09-02T22:25:01+00:00\",\"dateModified\":\"2025-09-02T22:25:03+00:00\",\"mainEntityOfPage\":{\"@id\":\"https:\\\/\\\/diariotextual.com\\\/inicio\\\/index.php\\\/2025\\\/09\\\/02\\\/alberto-suarez-tendra-su-libro-con-editorial-voces-de-la-cpe\\\/\"},\"wordCount\":516,\"publisher\":{\"@id\":\"https:\\\/\\\/diariotextual.com\\\/inicio\\\/#organization\"},\"image\":{\"@id\":\"https:\\\/\\\/diariotextual.com\\\/inicio\\\/index.php\\\/2025\\\/09\\\/02\\\/alberto-suarez-tendra-su-libro-con-editorial-voces-de-la-cpe\\\/#primaryimage\"},\"thumbnailUrl\":\"https:\\\/\\\/diariotextual.com\\\/inicio\\\/wp-content\\\/uploads\\\/2025\\\/09\\\/simpsonalbertosuarez2025.jpg\",\"articleSection\":[\"A - ES NOTICIA (van abajo)\",\"CULTURA\"],\"inLanguage\":\"es\"},{\"@type\":\"WebPage\",\"@id\":\"https:\\\/\\\/diariotextual.com\\\/inicio\\\/index.php\\\/2025\\\/09\\\/02\\\/alberto-suarez-tendra-su-libro-con-editorial-voces-de-la-cpe\\\/\",\"url\":\"https:\\\/\\\/diariotextual.com\\\/inicio\\\/index.php\\\/2025\\\/09\\\/02\\\/alberto-suarez-tendra-su-libro-con-editorial-voces-de-la-cpe\\\/\",\"name\":\"Alberto Su\u00e1rez tendr\u00e1 su libro con editorial Voces de la CPE - Diario Textual\",\"isPartOf\":{\"@id\":\"https:\\\/\\\/diariotextual.com\\\/inicio\\\/#website\"},\"primaryImageOfPage\":{\"@id\":\"https:\\\/\\\/diariotextual.com\\\/inicio\\\/index.php\\\/2025\\\/09\\\/02\\\/alberto-suarez-tendra-su-libro-con-editorial-voces-de-la-cpe\\\/#primaryimage\"},\"image\":{\"@id\":\"https:\\\/\\\/diariotextual.com\\\/inicio\\\/index.php\\\/2025\\\/09\\\/02\\\/alberto-suarez-tendra-su-libro-con-editorial-voces-de-la-cpe\\\/#primaryimage\"},\"thumbnailUrl\":\"https:\\\/\\\/diariotextual.com\\\/inicio\\\/wp-content\\\/uploads\\\/2025\\\/09\\\/simpsonalbertosuarez2025.jpg\",\"datePublished\":\"2025-09-02T22:25:01+00:00\",\"dateModified\":\"2025-09-02T22:25:03+00:00\",\"breadcrumb\":{\"@id\":\"https:\\\/\\\/diariotextual.com\\\/inicio\\\/index.php\\\/2025\\\/09\\\/02\\\/alberto-suarez-tendra-su-libro-con-editorial-voces-de-la-cpe\\\/#breadcrumb\"},\"inLanguage\":\"es\",\"potentialAction\":[{\"@type\":\"ReadAction\",\"target\":[\"https:\\\/\\\/diariotextual.com\\\/inicio\\\/index.php\\\/2025\\\/09\\\/02\\\/alberto-suarez-tendra-su-libro-con-editorial-voces-de-la-cpe\\\/\"]}]},{\"@type\":\"ImageObject\",\"inLanguage\":\"es\",\"@id\":\"https:\\\/\\\/diariotextual.com\\\/inicio\\\/index.php\\\/2025\\\/09\\\/02\\\/alberto-suarez-tendra-su-libro-con-editorial-voces-de-la-cpe\\\/#primaryimage\",\"url\":\"https:\\\/\\\/diariotextual.com\\\/inicio\\\/wp-content\\\/uploads\\\/2025\\\/09\\\/simpsonalbertosuarez2025.jpg\",\"contentUrl\":\"https:\\\/\\\/diariotextual.com\\\/inicio\\\/wp-content\\\/uploads\\\/2025\\\/09\\\/simpsonalbertosuarez2025.jpg\",\"width\":900,\"height\":549,\"caption\":\"????????????????????????????????????\"},{\"@type\":\"BreadcrumbList\",\"@id\":\"https:\\\/\\\/diariotextual.com\\\/inicio\\\/index.php\\\/2025\\\/09\\\/02\\\/alberto-suarez-tendra-su-libro-con-editorial-voces-de-la-cpe\\\/#breadcrumb\",\"itemListElement\":[{\"@type\":\"ListItem\",\"position\":1,\"name\":\"Portada\",\"item\":\"https:\\\/\\\/diariotextual.com\\\/inicio\\\/\"},{\"@type\":\"ListItem\",\"position\":2,\"name\":\"Alberto Su\u00e1rez tendr\u00e1 su libro con editorial Voces de la CPE\"}]},{\"@type\":\"WebSite\",\"@id\":\"https:\\\/\\\/diariotextual.com\\\/inicio\\\/#website\",\"url\":\"https:\\\/\\\/diariotextual.com\\\/inicio\\\/\",\"name\":\"Diario Textual\",\"description\":\"\",\"publisher\":{\"@id\":\"https:\\\/\\\/diariotextual.com\\\/inicio\\\/#organization\"},\"potentialAction\":[{\"@type\":\"SearchAction\",\"target\":{\"@type\":\"EntryPoint\",\"urlTemplate\":\"https:\\\/\\\/diariotextual.com\\\/inicio\\\/?s={search_term_string}\"},\"query-input\":{\"@type\":\"PropertyValueSpecification\",\"valueRequired\":true,\"valueName\":\"search_term_string\"}}],\"inLanguage\":\"es\"},{\"@type\":\"Organization\",\"@id\":\"https:\\\/\\\/diariotextual.com\\\/inicio\\\/#organization\",\"name\":\"Diario Textual\",\"url\":\"https:\\\/\\\/diariotextual.com\\\/inicio\\\/\",\"logo\":{\"@type\":\"ImageObject\",\"inLanguage\":\"es\",\"@id\":\"https:\\\/\\\/diariotextual.com\\\/inicio\\\/#\\\/schema\\\/logo\\\/image\\\/\",\"url\":\"https:\\\/\\\/diariotextual.com\\\/inicio\\\/wp-content\\\/uploads\\\/2023\\\/05\\\/logotextual1.jpg\",\"contentUrl\":\"https:\\\/\\\/diariotextual.com\\\/inicio\\\/wp-content\\\/uploads\\\/2023\\\/05\\\/logotextual1.jpg\",\"width\":516,\"height\":76,\"caption\":\"Diario Textual\"},\"image\":{\"@id\":\"https:\\\/\\\/diariotextual.com\\\/inicio\\\/#\\\/schema\\\/logo\\\/image\\\/\"},\"sameAs\":[\"https:\\\/\\\/www.facebook.com\\\/eltextual\",\"https:\\\/\\\/x.com\\\/eltextual\",\"http:\\\/\\\/www.instagram.com\\\/eltextual\"]},{\"@type\":\"Person\",\"@id\":\"https:\\\/\\\/diariotextual.com\\\/inicio\\\/#\\\/schema\\\/person\\\/a1b6f563e0ee944c60f98119389a4d9f\",\"name\":\"diario3\",\"image\":{\"@type\":\"ImageObject\",\"inLanguage\":\"es\",\"@id\":\"https:\\\/\\\/secure.gravatar.com\\\/avatar\\\/5e7ee62c82fc04d9dd79d746a390d93c69c43223e5faeeb3ea9461ef752bfc5d?s=96&d=mm&r=g\",\"url\":\"https:\\\/\\\/secure.gravatar.com\\\/avatar\\\/5e7ee62c82fc04d9dd79d746a390d93c69c43223e5faeeb3ea9461ef752bfc5d?s=96&d=mm&r=g\",\"contentUrl\":\"https:\\\/\\\/secure.gravatar.com\\\/avatar\\\/5e7ee62c82fc04d9dd79d746a390d93c69c43223e5faeeb3ea9461ef752bfc5d?s=96&d=mm&r=g\",\"caption\":\"diario3\"},\"url\":\"https:\\\/\\\/diariotextual.com\\\/inicio\\\/index.php\\\/author\\\/diario3\\\/\"}]}<\/script>\n<!-- \/ Yoast SEO plugin. -->","yoast_head_json":{"title":"Alberto Su\u00e1rez tendr\u00e1 su libro con editorial Voces de la CPE - Diario Textual","robots":{"index":"index","follow":"follow","max-snippet":"max-snippet:-1","max-image-preview":"max-image-preview:large","max-video-preview":"max-video-preview:-1"},"canonical":"https:\/\/diariotextual.com\/inicio\/index.php\/2025\/09\/02\/alberto-suarez-tendra-su-libro-con-editorial-voces-de-la-cpe\/","og_locale":"es_ES","og_type":"article","og_title":"Alberto Su\u00e1rez tendr\u00e1 su libro con editorial Voces de la CPE - Diario Textual","og_description":"El m\u00fasico y escritor, Alberto Su\u00e1rez, junto a autoridades de la Cooperativa Popular de Electricidad, firm\u00f3 el convenio de edici\u00f3n para el nuevo libro de editorial Voces. Se trata de&hellip;","og_url":"https:\/\/diariotextual.com\/inicio\/index.php\/2025\/09\/02\/alberto-suarez-tendra-su-libro-con-editorial-voces-de-la-cpe\/","og_site_name":"Diario Textual","article_publisher":"https:\/\/www.facebook.com\/eltextual","article_published_time":"2025-09-02T22:25:01+00:00","article_modified_time":"2025-09-02T22:25:03+00:00","og_image":[{"width":900,"height":549,"url":"https:\/\/diariotextual.com\/inicio\/wp-content\/uploads\/2025\/09\/simpsonalbertosuarez2025.jpg","type":"image\/jpeg"}],"author":"diario3","twitter_card":"summary_large_image","twitter_creator":"@eltextual","twitter_site":"@eltextual","twitter_misc":{"Escrito por":"diario3","Tiempo de lectura":"3 minutos"},"schema":{"@context":"https:\/\/schema.org","@graph":[{"@type":"Article","@id":"https:\/\/diariotextual.com\/inicio\/index.php\/2025\/09\/02\/alberto-suarez-tendra-su-libro-con-editorial-voces-de-la-cpe\/#article","isPartOf":{"@id":"https:\/\/diariotextual.com\/inicio\/index.php\/2025\/09\/02\/alberto-suarez-tendra-su-libro-con-editorial-voces-de-la-cpe\/"},"author":{"name":"diario3","@id":"https:\/\/diariotextual.com\/inicio\/#\/schema\/person\/a1b6f563e0ee944c60f98119389a4d9f"},"headline":"Alberto Su\u00e1rez tendr\u00e1 su libro con editorial Voces de la CPE","datePublished":"2025-09-02T22:25:01+00:00","dateModified":"2025-09-02T22:25:03+00:00","mainEntityOfPage":{"@id":"https:\/\/diariotextual.com\/inicio\/index.php\/2025\/09\/02\/alberto-suarez-tendra-su-libro-con-editorial-voces-de-la-cpe\/"},"wordCount":516,"publisher":{"@id":"https:\/\/diariotextual.com\/inicio\/#organization"},"image":{"@id":"https:\/\/diariotextual.com\/inicio\/index.php\/2025\/09\/02\/alberto-suarez-tendra-su-libro-con-editorial-voces-de-la-cpe\/#primaryimage"},"thumbnailUrl":"https:\/\/diariotextual.com\/inicio\/wp-content\/uploads\/2025\/09\/simpsonalbertosuarez2025.jpg","articleSection":["A - ES NOTICIA (van abajo)","CULTURA"],"inLanguage":"es"},{"@type":"WebPage","@id":"https:\/\/diariotextual.com\/inicio\/index.php\/2025\/09\/02\/alberto-suarez-tendra-su-libro-con-editorial-voces-de-la-cpe\/","url":"https:\/\/diariotextual.com\/inicio\/index.php\/2025\/09\/02\/alberto-suarez-tendra-su-libro-con-editorial-voces-de-la-cpe\/","name":"Alberto Su\u00e1rez tendr\u00e1 su libro con editorial Voces de la CPE - Diario Textual","isPartOf":{"@id":"https:\/\/diariotextual.com\/inicio\/#website"},"primaryImageOfPage":{"@id":"https:\/\/diariotextual.com\/inicio\/index.php\/2025\/09\/02\/alberto-suarez-tendra-su-libro-con-editorial-voces-de-la-cpe\/#primaryimage"},"image":{"@id":"https:\/\/diariotextual.com\/inicio\/index.php\/2025\/09\/02\/alberto-suarez-tendra-su-libro-con-editorial-voces-de-la-cpe\/#primaryimage"},"thumbnailUrl":"https:\/\/diariotextual.com\/inicio\/wp-content\/uploads\/2025\/09\/simpsonalbertosuarez2025.jpg","datePublished":"2025-09-02T22:25:01+00:00","dateModified":"2025-09-02T22:25:03+00:00","breadcrumb":{"@id":"https:\/\/diariotextual.com\/inicio\/index.php\/2025\/09\/02\/alberto-suarez-tendra-su-libro-con-editorial-voces-de-la-cpe\/#breadcrumb"},"inLanguage":"es","potentialAction":[{"@type":"ReadAction","target":["https:\/\/diariotextual.com\/inicio\/index.php\/2025\/09\/02\/alberto-suarez-tendra-su-libro-con-editorial-voces-de-la-cpe\/"]}]},{"@type":"ImageObject","inLanguage":"es","@id":"https:\/\/diariotextual.com\/inicio\/index.php\/2025\/09\/02\/alberto-suarez-tendra-su-libro-con-editorial-voces-de-la-cpe\/#primaryimage","url":"https:\/\/diariotextual.com\/inicio\/wp-content\/uploads\/2025\/09\/simpsonalbertosuarez2025.jpg","contentUrl":"https:\/\/diariotextual.com\/inicio\/wp-content\/uploads\/2025\/09\/simpsonalbertosuarez2025.jpg","width":900,"height":549,"caption":"????????????????????????????????????"},{"@type":"BreadcrumbList","@id":"https:\/\/diariotextual.com\/inicio\/index.php\/2025\/09\/02\/alberto-suarez-tendra-su-libro-con-editorial-voces-de-la-cpe\/#breadcrumb","itemListElement":[{"@type":"ListItem","position":1,"name":"Portada","item":"https:\/\/diariotextual.com\/inicio\/"},{"@type":"ListItem","position":2,"name":"Alberto Su\u00e1rez tendr\u00e1 su libro con editorial Voces de la CPE"}]},{"@type":"WebSite","@id":"https:\/\/diariotextual.com\/inicio\/#website","url":"https:\/\/diariotextual.com\/inicio\/","name":"Diario Textual","description":"","publisher":{"@id":"https:\/\/diariotextual.com\/inicio\/#organization"},"potentialAction":[{"@type":"SearchAction","target":{"@type":"EntryPoint","urlTemplate":"https:\/\/diariotextual.com\/inicio\/?s={search_term_string}"},"query-input":{"@type":"PropertyValueSpecification","valueRequired":true,"valueName":"search_term_string"}}],"inLanguage":"es"},{"@type":"Organization","@id":"https:\/\/diariotextual.com\/inicio\/#organization","name":"Diario Textual","url":"https:\/\/diariotextual.com\/inicio\/","logo":{"@type":"ImageObject","inLanguage":"es","@id":"https:\/\/diariotextual.com\/inicio\/#\/schema\/logo\/image\/","url":"https:\/\/diariotextual.com\/inicio\/wp-content\/uploads\/2023\/05\/logotextual1.jpg","contentUrl":"https:\/\/diariotextual.com\/inicio\/wp-content\/uploads\/2023\/05\/logotextual1.jpg","width":516,"height":76,"caption":"Diario Textual"},"image":{"@id":"https:\/\/diariotextual.com\/inicio\/#\/schema\/logo\/image\/"},"sameAs":["https:\/\/www.facebook.com\/eltextual","https:\/\/x.com\/eltextual","http:\/\/www.instagram.com\/eltextual"]},{"@type":"Person","@id":"https:\/\/diariotextual.com\/inicio\/#\/schema\/person\/a1b6f563e0ee944c60f98119389a4d9f","name":"diario3","image":{"@type":"ImageObject","inLanguage":"es","@id":"https:\/\/secure.gravatar.com\/avatar\/5e7ee62c82fc04d9dd79d746a390d93c69c43223e5faeeb3ea9461ef752bfc5d?s=96&d=mm&r=g","url":"https:\/\/secure.gravatar.com\/avatar\/5e7ee62c82fc04d9dd79d746a390d93c69c43223e5faeeb3ea9461ef752bfc5d?s=96&d=mm&r=g","contentUrl":"https:\/\/secure.gravatar.com\/avatar\/5e7ee62c82fc04d9dd79d746a390d93c69c43223e5faeeb3ea9461ef752bfc5d?s=96&d=mm&r=g","caption":"diario3"},"url":"https:\/\/diariotextual.com\/inicio\/index.php\/author\/diario3\/"}]}},"_links":{"self":[{"href":"https:\/\/diariotextual.com\/inicio\/index.php\/wp-json\/wp\/v2\/posts\/306020","targetHints":{"allow":["GET"]}}],"collection":[{"href":"https:\/\/diariotextual.com\/inicio\/index.php\/wp-json\/wp\/v2\/posts"}],"about":[{"href":"https:\/\/diariotextual.com\/inicio\/index.php\/wp-json\/wp\/v2\/types\/post"}],"author":[{"embeddable":true,"href":"https:\/\/diariotextual.com\/inicio\/index.php\/wp-json\/wp\/v2\/users\/5"}],"replies":[{"embeddable":true,"href":"https:\/\/diariotextual.com\/inicio\/index.php\/wp-json\/wp\/v2\/comments?post=306020"}],"version-history":[{"count":1,"href":"https:\/\/diariotextual.com\/inicio\/index.php\/wp-json\/wp\/v2\/posts\/306020\/revisions"}],"predecessor-version":[{"id":306022,"href":"https:\/\/diariotextual.com\/inicio\/index.php\/wp-json\/wp\/v2\/posts\/306020\/revisions\/306022"}],"wp:featuredmedia":[{"embeddable":true,"href":"https:\/\/diariotextual.com\/inicio\/index.php\/wp-json\/wp\/v2\/media\/306021"}],"wp:attachment":[{"href":"https:\/\/diariotextual.com\/inicio\/index.php\/wp-json\/wp\/v2\/media?parent=306020"}],"wp:term":[{"taxonomy":"category","embeddable":true,"href":"https:\/\/diariotextual.com\/inicio\/index.php\/wp-json\/wp\/v2\/categories?post=306020"},{"taxonomy":"post_tag","embeddable":true,"href":"https:\/\/diariotextual.com\/inicio\/index.php\/wp-json\/wp\/v2\/tags?post=306020"}],"curies":[{"name":"wp","href":"https:\/\/api.w.org\/{rel}","templated":true}]}}