{"id":306407,"date":"2025-09-05T19:21:31","date_gmt":"2025-09-05T22:21:31","guid":{"rendered":"https:\/\/diariotextual.com\/inicio\/?p=306407"},"modified":"2025-09-05T19:21:33","modified_gmt":"2025-09-05T22:21:33","slug":"el-museo-provincial-de-historia-natural-cumple-90-anos-y-los-celebra-con-muestra-y-actividades","status":"publish","type":"post","link":"https:\/\/diariotextual.com\/inicio\/index.php\/2025\/09\/05\/el-museo-provincial-de-historia-natural-cumple-90-anos-y-los-celebra-con-muestra-y-actividades\/","title":{"rendered":"\u200bEl Museo Provincial de Historia Natural cumple 90 a\u00f1os y los celebra con muestra y actividades"},"content":{"rendered":"\n<p>Con motivo de su 90\u00b0 aniversario, el <strong>Museo Provincial de Historia Natural (MPHN) presenta la muestra \u201cMPHN 90 a\u00f1os: los comienzos\u201d<\/strong>, un recorrido por el contexto hist\u00f3rico de su creaci\u00f3n, la participaci\u00f3n ciudadana y las primeras piezas de su colecci\u00f3n. Se incluir\u00e1n actividades como charlas y conversatorios con especialistas.<\/p>\n\n\n\n<p>El pr\u00f3ximo <strong>martes 9 de septiembre a las 19.30 horas abre la primera de las muestras temporales <\/strong>sobre los 90 a\u00f1os del Museo Provincial de Historia Natural (MPHN) de la Secretar\u00eda de Cultura de La Pampa.<\/p>\n\n\n\n<p>Daniel Pinc\u00e9n, director del Museo, inform\u00f3 que la muestra denominada \u201cMPHN 90 a\u00f1os: los comienzos\u201d se realizar\u00e1 en el contexto del desarrollo de las <strong>Jornadas Provinciales de Patrimonio Cultural<\/strong>, organizadas por la Direcci\u00f3n Provincial de Patrimonio Cultural de la Secretar\u00eda de Cultura.<\/p>\n\n\n\n<p>\u201cEl objetivo es <strong>contarle a la gente sobre el contexto hist\u00f3rico de creaci\u00f3n del Museo y sus primeros a\u00f1os de gesti\u00f3n (1932 hasta 1960)<\/strong>, dando cuenta de la participaci\u00f3n ciudadana en dicho proceso y adem\u00e1s, exhibir objetos que formaron parte de las primeras colecciones del Museo a partir de un listado de colecciones publicadas en 1934\u201d, agreg\u00f3.<\/p>\n\n\n\n<div style=\"height:100px\" aria-hidden=\"true\" class=\"wp-block-spacer\"><\/div>\n\n\n\n<p><strong>Sobre la muestra<\/strong><\/p>\n\n\n\n<p>En el marco de la <strong>muestra, que permanecer\u00e1 abierta hasta el domingo 5 de octubre<\/strong>, se realizar\u00e1n diferentes actividades de divulgaci\u00f3n y extensi\u00f3n, vinculadas a la din\u00e1mica social en torno al surgimiento del Museo, personas y a la arqueolog\u00eda desde diferentes perspectivas.<\/p>\n\n\n\n<p>\u201cPara ello, contamos con la colaboraci\u00f3n de la Direcci\u00f3n de Patrimonio que nos facilit\u00f3 material de archivo digitalizado, como por ejemplo los diarios de la \u00e9poca que dan cuenta del impacto que tuvo la apertura del Museo en la sociedad pampeana. Adem\u00e1s, junto con el Instituto de Estudios Socio Hist\u00f3ricos de la Facultad de Ciencias Humanas de la UNLPam, realizaremos conversatorios y charlas mediante el Programa de Comunicaci\u00f3n P\u00fablica de las Ciencias Sociales, destinadas a todo p\u00fablico\u201d, explic\u00f3.<\/p>\n\n\n\n<p>Luego de la apertura, <strong>la primera de las actividades ser\u00e1 el d\u00eda jueves 11 a las 19 horas. Se trata de la charla taller \u201cEl Pichi decolonial. Armadillos pampeanos y charangos\u201d<\/strong>, que estar\u00e1 a cargo de Mat\u00edas Bonavitta (m\u00fasico, antrop\u00f3logo, psic\u00f3logo). La propuesta busca generar un di\u00e1logo antropol\u00f3gico entre la ejecuci\u00f3n musical de diferentes charangos para honrar la compa\u00f1\u00eda de armadillos de la colecci\u00f3n del Museo, protagonistas de la escena.<\/p>\n\n\n\n<div style=\"height:100px\" aria-hidden=\"true\" class=\"wp-block-spacer\"><\/div>\n\n\n\n<p><strong>MPHN, s\u00edntesis hist\u00f3rica<\/strong><\/p>\n\n\n\n<p>El Museo es una de las instituciones p\u00fablicas pioneras de nuestra provincia. El 18 de octubre de 1932 el entonces Gobernador del Territorio Nacional de la Pampa Central, P\u00e9rez Virasoro, nombr\u00f3 una comisi\u00f3n para organizar el \u201cMuseo de La Pampa\u201d con el fin de catalogar diferentes materiales y de esta forma, originar la \u201ccolecci\u00f3n fundacional\u201d del Museo. Esa primera \u201ccolecci\u00f3n fundacional\u201d contiene materiales arqueol\u00f3gicos y etnogr\u00e1ficos de diferentes procedencias que fueron donadas por el Prof. Teodoro Aramend\u00eda.<\/p>\n\n\n\n<p>El d\u00eda 9 de julio de 1935 es la fecha oficial de creaci\u00f3n del \u201cMuseo Regional Pampeano Gral. Julio Argentino Roca\u201d, siendo Aramend\u00eda su primer director. Desde su creaci\u00f3n en adelante, el museo ha incrementado su acervo cultural y desarrollado diferentes muestras tem\u00e1ticas, permanentes y temporales, as\u00ed como tambi\u00e9n conmemorativas.<\/p>\n","protected":false},"excerpt":{"rendered":"<p>Con motivo de su 90\u00b0 aniversario, el Museo Provincial de Historia Natural (MPHN) presenta la muestra \u201cMPHN 90 a\u00f1os: los comienzos\u201d, un recorrido por el contexto hist\u00f3rico de su creaci\u00f3n,&hellip;<\/p>\n","protected":false},"author":5,"featured_media":306408,"comment_status":"closed","ping_status":"open","sticky":false,"template":"","format":"standard","meta":{"_acf_changed":false,"footnotes":""},"categories":[1,2],"tags":[],"class_list":["post-306407","post","type-post","status-publish","format-standard","has-post-thumbnail","hentry","category-es-noticia","category-cultura"],"acf":[],"yoast_head":"<!-- This site is optimized with the Yoast SEO plugin v27.5 - https:\/\/yoast.com\/product\/yoast-seo-wordpress\/ -->\n<title>\u200bEl Museo Provincial de Historia Natural cumple 90 a\u00f1os y los celebra con muestra y actividades - Diario Textual<\/title>\n<meta name=\"robots\" content=\"index, follow, max-snippet:-1, max-image-preview:large, max-video-preview:-1\" \/>\n<link rel=\"canonical\" href=\"https:\/\/diariotextual.com\/inicio\/index.php\/2025\/09\/05\/el-museo-provincial-de-historia-natural-cumple-90-anos-y-los-celebra-con-muestra-y-actividades\/\" \/>\n<meta property=\"og:locale\" content=\"es_ES\" \/>\n<meta property=\"og:type\" content=\"article\" \/>\n<meta property=\"og:title\" content=\"\u200bEl Museo Provincial de Historia Natural cumple 90 a\u00f1os y los celebra con muestra y actividades - Diario Textual\" \/>\n<meta property=\"og:description\" content=\"Con motivo de su 90\u00b0 aniversario, el Museo Provincial de Historia Natural (MPHN) presenta la muestra \u201cMPHN 90 a\u00f1os: los comienzos\u201d, un recorrido por el contexto hist\u00f3rico de su creaci\u00f3n,&hellip;\" \/>\n<meta property=\"og:url\" content=\"https:\/\/diariotextual.com\/inicio\/index.php\/2025\/09\/05\/el-museo-provincial-de-historia-natural-cumple-90-anos-y-los-celebra-con-muestra-y-actividades\/\" \/>\n<meta property=\"og:site_name\" content=\"Diario Textual\" \/>\n<meta property=\"article:publisher\" content=\"https:\/\/www.facebook.com\/eltextual\" \/>\n<meta property=\"article:published_time\" content=\"2025-09-05T22:21:31+00:00\" \/>\n<meta property=\"article:modified_time\" content=\"2025-09-05T22:21:33+00:00\" \/>\n<meta property=\"og:image\" content=\"https:\/\/diariotextual.com\/inicio\/wp-content\/uploads\/2025\/09\/museohistorianatural2025.jpg.png\" \/>\n\t<meta property=\"og:image:width\" content=\"900\" \/>\n\t<meta property=\"og:image:height\" content=\"678\" \/>\n\t<meta property=\"og:image:type\" content=\"image\/png\" \/>\n<meta name=\"author\" content=\"diario3\" \/>\n<meta name=\"twitter:card\" content=\"summary_large_image\" \/>\n<meta name=\"twitter:creator\" content=\"@eltextual\" \/>\n<meta name=\"twitter:site\" content=\"@eltextual\" \/>\n<meta name=\"twitter:label1\" content=\"Escrito por\" \/>\n\t<meta name=\"twitter:data1\" content=\"diario3\" \/>\n\t<meta name=\"twitter:label2\" content=\"Tiempo de lectura\" \/>\n\t<meta name=\"twitter:data2\" content=\"3 minutos\" \/>\n<script type=\"application\/ld+json\" class=\"yoast-schema-graph\">{\"@context\":\"https:\\\/\\\/schema.org\",\"@graph\":[{\"@type\":\"Article\",\"@id\":\"https:\\\/\\\/diariotextual.com\\\/inicio\\\/index.php\\\/2025\\\/09\\\/05\\\/el-museo-provincial-de-historia-natural-cumple-90-anos-y-los-celebra-con-muestra-y-actividades\\\/#article\",\"isPartOf\":{\"@id\":\"https:\\\/\\\/diariotextual.com\\\/inicio\\\/index.php\\\/2025\\\/09\\\/05\\\/el-museo-provincial-de-historia-natural-cumple-90-anos-y-los-celebra-con-muestra-y-actividades\\\/\"},\"author\":{\"name\":\"diario3\",\"@id\":\"https:\\\/\\\/diariotextual.com\\\/inicio\\\/#\\\/schema\\\/person\\\/a1b6f563e0ee944c60f98119389a4d9f\"},\"headline\":\"\u200bEl Museo Provincial de Historia Natural cumple 90 a\u00f1os y los celebra con muestra y actividades\",\"datePublished\":\"2025-09-05T22:21:31+00:00\",\"dateModified\":\"2025-09-05T22:21:33+00:00\",\"mainEntityOfPage\":{\"@id\":\"https:\\\/\\\/diariotextual.com\\\/inicio\\\/index.php\\\/2025\\\/09\\\/05\\\/el-museo-provincial-de-historia-natural-cumple-90-anos-y-los-celebra-con-muestra-y-actividades\\\/\"},\"wordCount\":564,\"publisher\":{\"@id\":\"https:\\\/\\\/diariotextual.com\\\/inicio\\\/#organization\"},\"image\":{\"@id\":\"https:\\\/\\\/diariotextual.com\\\/inicio\\\/index.php\\\/2025\\\/09\\\/05\\\/el-museo-provincial-de-historia-natural-cumple-90-anos-y-los-celebra-con-muestra-y-actividades\\\/#primaryimage\"},\"thumbnailUrl\":\"https:\\\/\\\/diariotextual.com\\\/inicio\\\/wp-content\\\/uploads\\\/2025\\\/09\\\/museohistorianatural2025.jpg.png\",\"articleSection\":[\"A - ES NOTICIA (van abajo)\",\"CULTURA\"],\"inLanguage\":\"es\"},{\"@type\":\"WebPage\",\"@id\":\"https:\\\/\\\/diariotextual.com\\\/inicio\\\/index.php\\\/2025\\\/09\\\/05\\\/el-museo-provincial-de-historia-natural-cumple-90-anos-y-los-celebra-con-muestra-y-actividades\\\/\",\"url\":\"https:\\\/\\\/diariotextual.com\\\/inicio\\\/index.php\\\/2025\\\/09\\\/05\\\/el-museo-provincial-de-historia-natural-cumple-90-anos-y-los-celebra-con-muestra-y-actividades\\\/\",\"name\":\"\u200bEl Museo Provincial de Historia Natural cumple 90 a\u00f1os y los celebra con muestra y actividades - Diario Textual\",\"isPartOf\":{\"@id\":\"https:\\\/\\\/diariotextual.com\\\/inicio\\\/#website\"},\"primaryImageOfPage\":{\"@id\":\"https:\\\/\\\/diariotextual.com\\\/inicio\\\/index.php\\\/2025\\\/09\\\/05\\\/el-museo-provincial-de-historia-natural-cumple-90-anos-y-los-celebra-con-muestra-y-actividades\\\/#primaryimage\"},\"image\":{\"@id\":\"https:\\\/\\\/diariotextual.com\\\/inicio\\\/index.php\\\/2025\\\/09\\\/05\\\/el-museo-provincial-de-historia-natural-cumple-90-anos-y-los-celebra-con-muestra-y-actividades\\\/#primaryimage\"},\"thumbnailUrl\":\"https:\\\/\\\/diariotextual.com\\\/inicio\\\/wp-content\\\/uploads\\\/2025\\\/09\\\/museohistorianatural2025.jpg.png\",\"datePublished\":\"2025-09-05T22:21:31+00:00\",\"dateModified\":\"2025-09-05T22:21:33+00:00\",\"breadcrumb\":{\"@id\":\"https:\\\/\\\/diariotextual.com\\\/inicio\\\/index.php\\\/2025\\\/09\\\/05\\\/el-museo-provincial-de-historia-natural-cumple-90-anos-y-los-celebra-con-muestra-y-actividades\\\/#breadcrumb\"},\"inLanguage\":\"es\",\"potentialAction\":[{\"@type\":\"ReadAction\",\"target\":[\"https:\\\/\\\/diariotextual.com\\\/inicio\\\/index.php\\\/2025\\\/09\\\/05\\\/el-museo-provincial-de-historia-natural-cumple-90-anos-y-los-celebra-con-muestra-y-actividades\\\/\"]}]},{\"@type\":\"ImageObject\",\"inLanguage\":\"es\",\"@id\":\"https:\\\/\\\/diariotextual.com\\\/inicio\\\/index.php\\\/2025\\\/09\\\/05\\\/el-museo-provincial-de-historia-natural-cumple-90-anos-y-los-celebra-con-muestra-y-actividades\\\/#primaryimage\",\"url\":\"https:\\\/\\\/diariotextual.com\\\/inicio\\\/wp-content\\\/uploads\\\/2025\\\/09\\\/museohistorianatural2025.jpg.png\",\"contentUrl\":\"https:\\\/\\\/diariotextual.com\\\/inicio\\\/wp-content\\\/uploads\\\/2025\\\/09\\\/museohistorianatural2025.jpg.png\",\"width\":900,\"height\":678},{\"@type\":\"BreadcrumbList\",\"@id\":\"https:\\\/\\\/diariotextual.com\\\/inicio\\\/index.php\\\/2025\\\/09\\\/05\\\/el-museo-provincial-de-historia-natural-cumple-90-anos-y-los-celebra-con-muestra-y-actividades\\\/#breadcrumb\",\"itemListElement\":[{\"@type\":\"ListItem\",\"position\":1,\"name\":\"Portada\",\"item\":\"https:\\\/\\\/diariotextual.com\\\/inicio\\\/\"},{\"@type\":\"ListItem\",\"position\":2,\"name\":\"\u200bEl Museo Provincial de Historia Natural cumple 90 a\u00f1os y los celebra con muestra y actividades\"}]},{\"@type\":\"WebSite\",\"@id\":\"https:\\\/\\\/diariotextual.com\\\/inicio\\\/#website\",\"url\":\"https:\\\/\\\/diariotextual.com\\\/inicio\\\/\",\"name\":\"Diario Textual\",\"description\":\"\",\"publisher\":{\"@id\":\"https:\\\/\\\/diariotextual.com\\\/inicio\\\/#organization\"},\"potentialAction\":[{\"@type\":\"SearchAction\",\"target\":{\"@type\":\"EntryPoint\",\"urlTemplate\":\"https:\\\/\\\/diariotextual.com\\\/inicio\\\/?s={search_term_string}\"},\"query-input\":{\"@type\":\"PropertyValueSpecification\",\"valueRequired\":true,\"valueName\":\"search_term_string\"}}],\"inLanguage\":\"es\"},{\"@type\":\"Organization\",\"@id\":\"https:\\\/\\\/diariotextual.com\\\/inicio\\\/#organization\",\"name\":\"Diario Textual\",\"url\":\"https:\\\/\\\/diariotextual.com\\\/inicio\\\/\",\"logo\":{\"@type\":\"ImageObject\",\"inLanguage\":\"es\",\"@id\":\"https:\\\/\\\/diariotextual.com\\\/inicio\\\/#\\\/schema\\\/logo\\\/image\\\/\",\"url\":\"https:\\\/\\\/diariotextual.com\\\/inicio\\\/wp-content\\\/uploads\\\/2023\\\/05\\\/logotextual1.jpg\",\"contentUrl\":\"https:\\\/\\\/diariotextual.com\\\/inicio\\\/wp-content\\\/uploads\\\/2023\\\/05\\\/logotextual1.jpg\",\"width\":516,\"height\":76,\"caption\":\"Diario Textual\"},\"image\":{\"@id\":\"https:\\\/\\\/diariotextual.com\\\/inicio\\\/#\\\/schema\\\/logo\\\/image\\\/\"},\"sameAs\":[\"https:\\\/\\\/www.facebook.com\\\/eltextual\",\"https:\\\/\\\/x.com\\\/eltextual\",\"http:\\\/\\\/www.instagram.com\\\/eltextual\"]},{\"@type\":\"Person\",\"@id\":\"https:\\\/\\\/diariotextual.com\\\/inicio\\\/#\\\/schema\\\/person\\\/a1b6f563e0ee944c60f98119389a4d9f\",\"name\":\"diario3\",\"image\":{\"@type\":\"ImageObject\",\"inLanguage\":\"es\",\"@id\":\"https:\\\/\\\/secure.gravatar.com\\\/avatar\\\/5e7ee62c82fc04d9dd79d746a390d93c69c43223e5faeeb3ea9461ef752bfc5d?s=96&d=mm&r=g\",\"url\":\"https:\\\/\\\/secure.gravatar.com\\\/avatar\\\/5e7ee62c82fc04d9dd79d746a390d93c69c43223e5faeeb3ea9461ef752bfc5d?s=96&d=mm&r=g\",\"contentUrl\":\"https:\\\/\\\/secure.gravatar.com\\\/avatar\\\/5e7ee62c82fc04d9dd79d746a390d93c69c43223e5faeeb3ea9461ef752bfc5d?s=96&d=mm&r=g\",\"caption\":\"diario3\"},\"url\":\"https:\\\/\\\/diariotextual.com\\\/inicio\\\/index.php\\\/author\\\/diario3\\\/\"}]}<\/script>\n<!-- \/ Yoast SEO plugin. -->","yoast_head_json":{"title":"\u200bEl Museo Provincial de Historia Natural cumple 90 a\u00f1os y los celebra con muestra y actividades - Diario Textual","robots":{"index":"index","follow":"follow","max-snippet":"max-snippet:-1","max-image-preview":"max-image-preview:large","max-video-preview":"max-video-preview:-1"},"canonical":"https:\/\/diariotextual.com\/inicio\/index.php\/2025\/09\/05\/el-museo-provincial-de-historia-natural-cumple-90-anos-y-los-celebra-con-muestra-y-actividades\/","og_locale":"es_ES","og_type":"article","og_title":"\u200bEl Museo Provincial de Historia Natural cumple 90 a\u00f1os y los celebra con muestra y actividades - Diario Textual","og_description":"Con motivo de su 90\u00b0 aniversario, el Museo Provincial de Historia Natural (MPHN) presenta la muestra \u201cMPHN 90 a\u00f1os: los comienzos\u201d, un recorrido por el contexto hist\u00f3rico de su creaci\u00f3n,&hellip;","og_url":"https:\/\/diariotextual.com\/inicio\/index.php\/2025\/09\/05\/el-museo-provincial-de-historia-natural-cumple-90-anos-y-los-celebra-con-muestra-y-actividades\/","og_site_name":"Diario Textual","article_publisher":"https:\/\/www.facebook.com\/eltextual","article_published_time":"2025-09-05T22:21:31+00:00","article_modified_time":"2025-09-05T22:21:33+00:00","og_image":[{"width":900,"height":678,"url":"https:\/\/diariotextual.com\/inicio\/wp-content\/uploads\/2025\/09\/museohistorianatural2025.jpg.png","type":"image\/png"}],"author":"diario3","twitter_card":"summary_large_image","twitter_creator":"@eltextual","twitter_site":"@eltextual","twitter_misc":{"Escrito por":"diario3","Tiempo de lectura":"3 minutos"},"schema":{"@context":"https:\/\/schema.org","@graph":[{"@type":"Article","@id":"https:\/\/diariotextual.com\/inicio\/index.php\/2025\/09\/05\/el-museo-provincial-de-historia-natural-cumple-90-anos-y-los-celebra-con-muestra-y-actividades\/#article","isPartOf":{"@id":"https:\/\/diariotextual.com\/inicio\/index.php\/2025\/09\/05\/el-museo-provincial-de-historia-natural-cumple-90-anos-y-los-celebra-con-muestra-y-actividades\/"},"author":{"name":"diario3","@id":"https:\/\/diariotextual.com\/inicio\/#\/schema\/person\/a1b6f563e0ee944c60f98119389a4d9f"},"headline":"\u200bEl Museo Provincial de Historia Natural cumple 90 a\u00f1os y los celebra con muestra y actividades","datePublished":"2025-09-05T22:21:31+00:00","dateModified":"2025-09-05T22:21:33+00:00","mainEntityOfPage":{"@id":"https:\/\/diariotextual.com\/inicio\/index.php\/2025\/09\/05\/el-museo-provincial-de-historia-natural-cumple-90-anos-y-los-celebra-con-muestra-y-actividades\/"},"wordCount":564,"publisher":{"@id":"https:\/\/diariotextual.com\/inicio\/#organization"},"image":{"@id":"https:\/\/diariotextual.com\/inicio\/index.php\/2025\/09\/05\/el-museo-provincial-de-historia-natural-cumple-90-anos-y-los-celebra-con-muestra-y-actividades\/#primaryimage"},"thumbnailUrl":"https:\/\/diariotextual.com\/inicio\/wp-content\/uploads\/2025\/09\/museohistorianatural2025.jpg.png","articleSection":["A - ES NOTICIA (van abajo)","CULTURA"],"inLanguage":"es"},{"@type":"WebPage","@id":"https:\/\/diariotextual.com\/inicio\/index.php\/2025\/09\/05\/el-museo-provincial-de-historia-natural-cumple-90-anos-y-los-celebra-con-muestra-y-actividades\/","url":"https:\/\/diariotextual.com\/inicio\/index.php\/2025\/09\/05\/el-museo-provincial-de-historia-natural-cumple-90-anos-y-los-celebra-con-muestra-y-actividades\/","name":"\u200bEl Museo Provincial de Historia Natural cumple 90 a\u00f1os y los celebra con muestra y actividades - Diario Textual","isPartOf":{"@id":"https:\/\/diariotextual.com\/inicio\/#website"},"primaryImageOfPage":{"@id":"https:\/\/diariotextual.com\/inicio\/index.php\/2025\/09\/05\/el-museo-provincial-de-historia-natural-cumple-90-anos-y-los-celebra-con-muestra-y-actividades\/#primaryimage"},"image":{"@id":"https:\/\/diariotextual.com\/inicio\/index.php\/2025\/09\/05\/el-museo-provincial-de-historia-natural-cumple-90-anos-y-los-celebra-con-muestra-y-actividades\/#primaryimage"},"thumbnailUrl":"https:\/\/diariotextual.com\/inicio\/wp-content\/uploads\/2025\/09\/museohistorianatural2025.jpg.png","datePublished":"2025-09-05T22:21:31+00:00","dateModified":"2025-09-05T22:21:33+00:00","breadcrumb":{"@id":"https:\/\/diariotextual.com\/inicio\/index.php\/2025\/09\/05\/el-museo-provincial-de-historia-natural-cumple-90-anos-y-los-celebra-con-muestra-y-actividades\/#breadcrumb"},"inLanguage":"es","potentialAction":[{"@type":"ReadAction","target":["https:\/\/diariotextual.com\/inicio\/index.php\/2025\/09\/05\/el-museo-provincial-de-historia-natural-cumple-90-anos-y-los-celebra-con-muestra-y-actividades\/"]}]},{"@type":"ImageObject","inLanguage":"es","@id":"https:\/\/diariotextual.com\/inicio\/index.php\/2025\/09\/05\/el-museo-provincial-de-historia-natural-cumple-90-anos-y-los-celebra-con-muestra-y-actividades\/#primaryimage","url":"https:\/\/diariotextual.com\/inicio\/wp-content\/uploads\/2025\/09\/museohistorianatural2025.jpg.png","contentUrl":"https:\/\/diariotextual.com\/inicio\/wp-content\/uploads\/2025\/09\/museohistorianatural2025.jpg.png","width":900,"height":678},{"@type":"BreadcrumbList","@id":"https:\/\/diariotextual.com\/inicio\/index.php\/2025\/09\/05\/el-museo-provincial-de-historia-natural-cumple-90-anos-y-los-celebra-con-muestra-y-actividades\/#breadcrumb","itemListElement":[{"@type":"ListItem","position":1,"name":"Portada","item":"https:\/\/diariotextual.com\/inicio\/"},{"@type":"ListItem","position":2,"name":"\u200bEl Museo Provincial de Historia Natural cumple 90 a\u00f1os y los celebra con muestra y actividades"}]},{"@type":"WebSite","@id":"https:\/\/diariotextual.com\/inicio\/#website","url":"https:\/\/diariotextual.com\/inicio\/","name":"Diario Textual","description":"","publisher":{"@id":"https:\/\/diariotextual.com\/inicio\/#organization"},"potentialAction":[{"@type":"SearchAction","target":{"@type":"EntryPoint","urlTemplate":"https:\/\/diariotextual.com\/inicio\/?s={search_term_string}"},"query-input":{"@type":"PropertyValueSpecification","valueRequired":true,"valueName":"search_term_string"}}],"inLanguage":"es"},{"@type":"Organization","@id":"https:\/\/diariotextual.com\/inicio\/#organization","name":"Diario Textual","url":"https:\/\/diariotextual.com\/inicio\/","logo":{"@type":"ImageObject","inLanguage":"es","@id":"https:\/\/diariotextual.com\/inicio\/#\/schema\/logo\/image\/","url":"https:\/\/diariotextual.com\/inicio\/wp-content\/uploads\/2023\/05\/logotextual1.jpg","contentUrl":"https:\/\/diariotextual.com\/inicio\/wp-content\/uploads\/2023\/05\/logotextual1.jpg","width":516,"height":76,"caption":"Diario Textual"},"image":{"@id":"https:\/\/diariotextual.com\/inicio\/#\/schema\/logo\/image\/"},"sameAs":["https:\/\/www.facebook.com\/eltextual","https:\/\/x.com\/eltextual","http:\/\/www.instagram.com\/eltextual"]},{"@type":"Person","@id":"https:\/\/diariotextual.com\/inicio\/#\/schema\/person\/a1b6f563e0ee944c60f98119389a4d9f","name":"diario3","image":{"@type":"ImageObject","inLanguage":"es","@id":"https:\/\/secure.gravatar.com\/avatar\/5e7ee62c82fc04d9dd79d746a390d93c69c43223e5faeeb3ea9461ef752bfc5d?s=96&d=mm&r=g","url":"https:\/\/secure.gravatar.com\/avatar\/5e7ee62c82fc04d9dd79d746a390d93c69c43223e5faeeb3ea9461ef752bfc5d?s=96&d=mm&r=g","contentUrl":"https:\/\/secure.gravatar.com\/avatar\/5e7ee62c82fc04d9dd79d746a390d93c69c43223e5faeeb3ea9461ef752bfc5d?s=96&d=mm&r=g","caption":"diario3"},"url":"https:\/\/diariotextual.com\/inicio\/index.php\/author\/diario3\/"}]}},"_links":{"self":[{"href":"https:\/\/diariotextual.com\/inicio\/index.php\/wp-json\/wp\/v2\/posts\/306407","targetHints":{"allow":["GET"]}}],"collection":[{"href":"https:\/\/diariotextual.com\/inicio\/index.php\/wp-json\/wp\/v2\/posts"}],"about":[{"href":"https:\/\/diariotextual.com\/inicio\/index.php\/wp-json\/wp\/v2\/types\/post"}],"author":[{"embeddable":true,"href":"https:\/\/diariotextual.com\/inicio\/index.php\/wp-json\/wp\/v2\/users\/5"}],"replies":[{"embeddable":true,"href":"https:\/\/diariotextual.com\/inicio\/index.php\/wp-json\/wp\/v2\/comments?post=306407"}],"version-history":[{"count":1,"href":"https:\/\/diariotextual.com\/inicio\/index.php\/wp-json\/wp\/v2\/posts\/306407\/revisions"}],"predecessor-version":[{"id":306409,"href":"https:\/\/diariotextual.com\/inicio\/index.php\/wp-json\/wp\/v2\/posts\/306407\/revisions\/306409"}],"wp:featuredmedia":[{"embeddable":true,"href":"https:\/\/diariotextual.com\/inicio\/index.php\/wp-json\/wp\/v2\/media\/306408"}],"wp:attachment":[{"href":"https:\/\/diariotextual.com\/inicio\/index.php\/wp-json\/wp\/v2\/media?parent=306407"}],"wp:term":[{"taxonomy":"category","embeddable":true,"href":"https:\/\/diariotextual.com\/inicio\/index.php\/wp-json\/wp\/v2\/categories?post=306407"},{"taxonomy":"post_tag","embeddable":true,"href":"https:\/\/diariotextual.com\/inicio\/index.php\/wp-json\/wp\/v2\/tags?post=306407"}],"curies":[{"name":"wp","href":"https:\/\/api.w.org\/{rel}","templated":true}]}}