{"id":306831,"date":"2025-09-10T13:11:43","date_gmt":"2025-09-10T16:11:43","guid":{"rendered":"https:\/\/diariotextual.com\/inicio\/?p=306831"},"modified":"2025-09-10T22:01:19","modified_gmt":"2025-09-11T01:01:19","slug":"milei-pide-al-nuevo-ministro-llama-a-dialogar-a-gobernadores-aliados-y-excluye-a-ziliotto","status":"publish","type":"post","link":"https:\/\/diariotextual.com\/inicio\/index.php\/2025\/09\/10\/milei-pide-al-nuevo-ministro-llama-a-dialogar-a-gobernadores-aliados-y-excluye-a-ziliotto\/","title":{"rendered":"Milei pide al nuevo ministro llamar a dialogar a \u201cgobernadores aliados\u201d y Ziliotto queda excluido"},"content":{"rendered":"\n<p><strong>Lisandro Catal\u00e1n<\/strong> fue designado como nuevo <strong>ministro del Interior<\/strong>, pero ya genera resistencia: <strong>no convocar\u00e1 -al menos por el momento- al di\u00e1logo a gobernadores cr\u00edticos, como el pampeano Sergio Ziliotto<\/strong>, seg\u00fan dijeron desde la propia Casa Rosada. De esta manera,<strong> el llamado a una mesa federal solo incluye a los gobernadores afines.<\/strong><\/p>\n\n\n\n<p>El actual vicejefe de Gabinete del Interior, <strong>Lisandro Catal\u00e1n<\/strong>, ocupar\u00e1 el rol que tuvo su mentor,<strong> Guillermo Francos,<\/strong> hasta mayo de 2024 cuando asumi\u00f3 como jefe de Gabinete por el despido de Nicol\u00e1s Posse. As\u00ed, la gesti\u00f3n de La Libertad Avanza vuelve a darle el rol de Ministerio a Interior.<\/p>\n\n\n\n<p>La decisi\u00f3n fue oficializada esta ma\u00f1ana Francos, luego de participar de una reuni\u00f3n que encabez\u00f3 el presidente Javier Milei y de la que tambi\u00e9n form\u00f3 parte el ministro de Econom\u00eda, Luis \u201cToto\u201d Caputo.<\/p>\n\n\n\n<p><strong>El propio Francos blanque\u00f3 que no convocar\u00e1n a gobernadores cr\u00edticos, como Ziliotto<\/strong>. \u201cEn esta nueva etapa en que consideramos imprescindible implementar las reformas estructurales en las que hemos trabajado,\u00a0<strong>estamos dispuestos a profundizar los v\u00ednculos con las provincias que comparten el esp\u00edritu de cambio<\/strong>\u201d, dijo en X.<\/p>\n\n\n\n<div style=\"height:100px\" aria-hidden=\"true\" class=\"wp-block-spacer\"><\/div>\n\n\n\n<p><strong>Qu\u00e9 dijo el gobernador pampeano<\/strong><\/p>\n\n\n\n<p>Ziliotto, antes de conocerse la designaci\u00f3n de Catal\u00e1n, dijo este mi\u00e9rcoles que el&nbsp;<strong>\u201cmodelo econ\u00f3mico, pol\u00edtico y social del Gobierno nacional est\u00e1 terminado\u201d&nbsp;<\/strong>y le reclam\u00f3 al presidente&nbsp;<strong>Javier Milei&nbsp;<\/strong>que no vete las leyes con los cambios de los&nbsp;<strong>Aportes del Tesoro Nacional (ATN)<\/strong>&nbsp;y de los impuestos a los combustibles, que<strong>&nbsp;incrementa o devuelve recursos para las provincias<\/strong>. \u201cEl Gobierno tiene la oportunidad de hacer una convocatoria distinta. Primero, no vetar la ley de ATN. Si la primera acci\u00f3n es vetar una ley que le quita recursos a las provincias\u2026\u201d, advirti\u00f3 en declaraciones al programa&nbsp;<strong>PTM<\/strong>, de<strong>&nbsp;Radio Kerm\u00e9s<\/strong>.<\/p>\n\n\n\n<p>Ziliotto cuestion\u00f3 adem\u00e1s la modalidad elegida por el Gobierno nacional para anunciar la nueva convocatoria al di\u00e1logo, luego de la<strong>&nbsp;contundente derrota en la provincia de Buenos Aires.&nbsp;<\/strong>\u201cPor lo que tengo entendido no se ha invitado a ning\u00fan gobernador, es un anuncio a trav\u00e9s de redes sociales, sin forma institucional, y marca el valor que le da el gobierno nacional al di\u00e1logo con consenso, no donde se determinen imposiciones\u201d, dijo.<\/p>\n\n\n\n<p>\u201cCada vez que nos han invitado fuimos, pero sin respuestas. Hasta que no se cumpla, es imposible un di\u00e1logo franco\u201d, dijo. \u201cEl Gobierno necesita gobernabilidad, se han dado cuenta. Lo hab\u00edamos anunciado: el modelo econ\u00f3mico no cerraba y la gente lo hizo saber en las urnas de Buenos Aires\u201d.<\/p>\n\n\n\n<div style=\"height:100px\" aria-hidden=\"true\" class=\"wp-block-spacer\"><\/div>\n\n\n\n<p><strong>\u201cUn modelo que ajusta y empobrece\u201d<\/strong><\/p>\n\n\n\n<p>Ziliotto reiter\u00f3 cr\u00edticas al plan econ\u00f3mico de Milei. \u201cEn su b\u00fasqueda de gobernabilidad, plantea el mismo esquema, seguir con un modelo que claramente no tiene indicios de llevarnos a desarrollo y crecimiento con inclusi\u00f3n y trabajo\u201d, expres\u00f3.&nbsp;<strong>\u201cEse modelo econ\u00f3mico, pol\u00edtico y social est\u00e1 terminado\u201d.<\/strong><\/p>\n\n\n\n<p>\u201cLa bandera del equilibrio fiscal es ficticia, inventada a costa del sufrimiento del pueblo. No nos van a tener avalando ese modelo de ajuste, represi\u00f3n y crueldad. Da miedo y duele que se profundice un modelo que ajusta a las familias, empobrece a la sociedad y concentra la riqueza\u201d, dispar\u00f3.<\/p>\n\n\n\n<p>Tambi\u00e9n record\u00f3 el Pacto de Mayo, firmado en Tucum\u00e1n, al que calific\u00f3 como \u201cuna foto\u201d para el Fondo Monetario Internacional (FMI). \u201cDe ese pacto qued\u00f3 la foto, no se avanz\u00f3 absolutamente en nada\u201d, afirm\u00f3 en di\u00e1logo con el periodista Mauro Monteiro.<\/p>\n\n\n\n<p>En ese sentido, cuestion\u00f3 la visi\u00f3n del Ejecutivo sobre la institucionalidad. \u201cEl Gobierno nacional no est\u00e1 conforme ni c\u00f3modo gobernando con esta Constituci\u00f3n, pero mientras no se cambie, es la que rige. Y se\u00f1ala una divisi\u00f3n de poderes que no est\u00e1n respetando\u201d, dijo.<\/p>\n\n\n\n<p>\u201cLa primera se\u00f1al para que se establezca un di\u00e1logo es que se apruebe la Ley de ATN y la recaudaci\u00f3n por el Impuesto a los Combustibles en Diputados, que Naci\u00f3n nos pague los 400 mil millones de pesos que nos debe\u201d, sostuvo el mandatario.<\/p>\n\n\n\n<figure class=\"wp-block-embed is-type-wp-embed is-provider-diario-textual wp-block-embed-diario-textual\"><div class=\"wp-block-embed__wrapper\">\n<blockquote class=\"wp-embedded-content\" data-secret=\"BBLKdwiETX\"><a href=\"https:\/\/diariotextual.com\/inicio\/index.php\/2025\/09\/10\/modelo-terminado-ziliotto-pidio-a-milei-que-no-vete-los-cambios-de-atn\/\">\u201cModelo terminado\u201d: Ziliotto pidi\u00f3 a Milei que no vete los cambios de ATN y de combustibles<\/a><\/blockquote><iframe class=\"wp-embedded-content\" sandbox=\"allow-scripts\" security=\"restricted\" style=\"position: absolute; visibility: hidden;\" title=\"\u00ab\u201cModelo terminado\u201d: Ziliotto pidi\u00f3 a Milei que no vete los cambios de ATN y de combustibles\u00bb \u2014 Diario Textual\" src=\"https:\/\/diariotextual.com\/inicio\/index.php\/2025\/09\/10\/modelo-terminado-ziliotto-pidio-a-milei-que-no-vete-los-cambios-de-atn\/embed\/#?secret=KzTLS0TeNw#?secret=BBLKdwiETX\" data-secret=\"BBLKdwiETX\" width=\"600\" height=\"338\" frameborder=\"0\" marginwidth=\"0\" marginheight=\"0\" scrolling=\"no\"><\/iframe>\n<\/div><\/figure>\n","protected":false},"excerpt":{"rendered":"<p>Lisandro Catal\u00e1n fue designado como nuevo ministro del Interior, pero ya genera resistencia: no convocar\u00e1 -al menos por el momento- al di\u00e1logo a gobernadores cr\u00edticos, como el pampeano Sergio Ziliotto,&hellip;<\/p>\n","protected":false},"author":3,"featured_media":284874,"comment_status":"closed","ping_status":"open","sticky":false,"template":"","format":"standard","meta":{"_acf_changed":false,"footnotes":""},"categories":[4,10,8],"tags":[],"class_list":["post-306831","post","type-post","status-publish","format-standard","has-post-thumbnail","hentry","category-destacadas","category-portada-2","category-politica"],"acf":[],"yoast_head":"<!-- This site is optimized with the Yoast SEO plugin v27.4 - https:\/\/yoast.com\/product\/yoast-seo-wordpress\/ -->\n<title>Milei pide al nuevo ministro llamar a dialogar a \u201cgobernadores aliados\u201d y Ziliotto queda excluido - Diario Textual<\/title>\n<meta name=\"robots\" content=\"index, follow, max-snippet:-1, max-image-preview:large, max-video-preview:-1\" \/>\n<link rel=\"canonical\" href=\"https:\/\/diariotextual.com\/inicio\/index.php\/2025\/09\/10\/milei-pide-al-nuevo-ministro-llama-a-dialogar-a-gobernadores-aliados-y-excluye-a-ziliotto\/\" \/>\n<meta property=\"og:locale\" content=\"es_ES\" \/>\n<meta property=\"og:type\" content=\"article\" \/>\n<meta property=\"og:title\" content=\"Milei pide al nuevo ministro llamar a dialogar a \u201cgobernadores aliados\u201d y Ziliotto queda excluido - Diario Textual\" \/>\n<meta property=\"og:description\" content=\"Lisandro Catal\u00e1n fue designado como nuevo ministro del Interior, pero ya genera resistencia: no convocar\u00e1 -al menos por el momento- al di\u00e1logo a gobernadores cr\u00edticos, como el pampeano Sergio Ziliotto,&hellip;\" \/>\n<meta property=\"og:url\" content=\"https:\/\/diariotextual.com\/inicio\/index.php\/2025\/09\/10\/milei-pide-al-nuevo-ministro-llama-a-dialogar-a-gobernadores-aliados-y-excluye-a-ziliotto\/\" \/>\n<meta property=\"og:site_name\" content=\"Diario Textual\" \/>\n<meta property=\"article:publisher\" content=\"https:\/\/www.facebook.com\/eltextual\" \/>\n<meta property=\"article:published_time\" content=\"2025-09-10T16:11:43+00:00\" \/>\n<meta property=\"article:modified_time\" content=\"2025-09-11T01:01:19+00:00\" \/>\n<meta property=\"og:image\" content=\"https:\/\/diariotextual.com\/inicio\/wp-content\/uploads\/2024\/12\/mileimacriziliottomileigobernadores0007777.webp\" \/>\n\t<meta property=\"og:image:width\" content=\"790\" \/>\n\t<meta property=\"og:image:height\" content=\"444\" \/>\n\t<meta property=\"og:image:type\" content=\"image\/webp\" \/>\n<meta name=\"author\" content=\"Diario1 Diario1\" \/>\n<meta name=\"twitter:card\" content=\"summary_large_image\" \/>\n<meta name=\"twitter:creator\" content=\"@eltextual\" \/>\n<meta name=\"twitter:site\" content=\"@eltextual\" \/>\n<meta name=\"twitter:label1\" content=\"Escrito por\" \/>\n\t<meta name=\"twitter:data1\" content=\"Diario1 Diario1\" \/>\n\t<meta name=\"twitter:label2\" content=\"Tiempo de lectura\" \/>\n\t<meta name=\"twitter:data2\" content=\"4 minutos\" \/>\n<script type=\"application\/ld+json\" class=\"yoast-schema-graph\">{\"@context\":\"https:\\\/\\\/schema.org\",\"@graph\":[{\"@type\":\"Article\",\"@id\":\"https:\\\/\\\/diariotextual.com\\\/inicio\\\/index.php\\\/2025\\\/09\\\/10\\\/milei-pide-al-nuevo-ministro-llama-a-dialogar-a-gobernadores-aliados-y-excluye-a-ziliotto\\\/#article\",\"isPartOf\":{\"@id\":\"https:\\\/\\\/diariotextual.com\\\/inicio\\\/index.php\\\/2025\\\/09\\\/10\\\/milei-pide-al-nuevo-ministro-llama-a-dialogar-a-gobernadores-aliados-y-excluye-a-ziliotto\\\/\"},\"author\":{\"name\":\"Diario1 Diario1\",\"@id\":\"https:\\\/\\\/diariotextual.com\\\/inicio\\\/#\\\/schema\\\/person\\\/418fc4093c33e86ed41562db3508f958\"},\"headline\":\"Milei pide al nuevo ministro llamar a dialogar a \u201cgobernadores aliados\u201d y Ziliotto queda excluido\",\"datePublished\":\"2025-09-10T16:11:43+00:00\",\"dateModified\":\"2025-09-11T01:01:19+00:00\",\"mainEntityOfPage\":{\"@id\":\"https:\\\/\\\/diariotextual.com\\\/inicio\\\/index.php\\\/2025\\\/09\\\/10\\\/milei-pide-al-nuevo-ministro-llama-a-dialogar-a-gobernadores-aliados-y-excluye-a-ziliotto\\\/\"},\"wordCount\":720,\"publisher\":{\"@id\":\"https:\\\/\\\/diariotextual.com\\\/inicio\\\/#organization\"},\"image\":{\"@id\":\"https:\\\/\\\/diariotextual.com\\\/inicio\\\/index.php\\\/2025\\\/09\\\/10\\\/milei-pide-al-nuevo-ministro-llama-a-dialogar-a-gobernadores-aliados-y-excluye-a-ziliotto\\\/#primaryimage\"},\"thumbnailUrl\":\"https:\\\/\\\/diariotextual.com\\\/inicio\\\/wp-content\\\/uploads\\\/2024\\\/12\\\/mileimacriziliottomileigobernadores0007777.webp\",\"articleSection\":[\"A - DESTACADAS (mod 16)\",\"A - PORTADA2\",\"POLITICA\"],\"inLanguage\":\"es\"},{\"@type\":\"WebPage\",\"@id\":\"https:\\\/\\\/diariotextual.com\\\/inicio\\\/index.php\\\/2025\\\/09\\\/10\\\/milei-pide-al-nuevo-ministro-llama-a-dialogar-a-gobernadores-aliados-y-excluye-a-ziliotto\\\/\",\"url\":\"https:\\\/\\\/diariotextual.com\\\/inicio\\\/index.php\\\/2025\\\/09\\\/10\\\/milei-pide-al-nuevo-ministro-llama-a-dialogar-a-gobernadores-aliados-y-excluye-a-ziliotto\\\/\",\"name\":\"Milei pide al nuevo ministro llamar a dialogar a \u201cgobernadores aliados\u201d y Ziliotto queda excluido - Diario Textual\",\"isPartOf\":{\"@id\":\"https:\\\/\\\/diariotextual.com\\\/inicio\\\/#website\"},\"primaryImageOfPage\":{\"@id\":\"https:\\\/\\\/diariotextual.com\\\/inicio\\\/index.php\\\/2025\\\/09\\\/10\\\/milei-pide-al-nuevo-ministro-llama-a-dialogar-a-gobernadores-aliados-y-excluye-a-ziliotto\\\/#primaryimage\"},\"image\":{\"@id\":\"https:\\\/\\\/diariotextual.com\\\/inicio\\\/index.php\\\/2025\\\/09\\\/10\\\/milei-pide-al-nuevo-ministro-llama-a-dialogar-a-gobernadores-aliados-y-excluye-a-ziliotto\\\/#primaryimage\"},\"thumbnailUrl\":\"https:\\\/\\\/diariotextual.com\\\/inicio\\\/wp-content\\\/uploads\\\/2024\\\/12\\\/mileimacriziliottomileigobernadores0007777.webp\",\"datePublished\":\"2025-09-10T16:11:43+00:00\",\"dateModified\":\"2025-09-11T01:01:19+00:00\",\"breadcrumb\":{\"@id\":\"https:\\\/\\\/diariotextual.com\\\/inicio\\\/index.php\\\/2025\\\/09\\\/10\\\/milei-pide-al-nuevo-ministro-llama-a-dialogar-a-gobernadores-aliados-y-excluye-a-ziliotto\\\/#breadcrumb\"},\"inLanguage\":\"es\",\"potentialAction\":[{\"@type\":\"ReadAction\",\"target\":[\"https:\\\/\\\/diariotextual.com\\\/inicio\\\/index.php\\\/2025\\\/09\\\/10\\\/milei-pide-al-nuevo-ministro-llama-a-dialogar-a-gobernadores-aliados-y-excluye-a-ziliotto\\\/\"]}]},{\"@type\":\"ImageObject\",\"inLanguage\":\"es\",\"@id\":\"https:\\\/\\\/diariotextual.com\\\/inicio\\\/index.php\\\/2025\\\/09\\\/10\\\/milei-pide-al-nuevo-ministro-llama-a-dialogar-a-gobernadores-aliados-y-excluye-a-ziliotto\\\/#primaryimage\",\"url\":\"https:\\\/\\\/diariotextual.com\\\/inicio\\\/wp-content\\\/uploads\\\/2024\\\/12\\\/mileimacriziliottomileigobernadores0007777.webp\",\"contentUrl\":\"https:\\\/\\\/diariotextual.com\\\/inicio\\\/wp-content\\\/uploads\\\/2024\\\/12\\\/mileimacriziliottomileigobernadores0007777.webp\",\"width\":790,\"height\":444},{\"@type\":\"BreadcrumbList\",\"@id\":\"https:\\\/\\\/diariotextual.com\\\/inicio\\\/index.php\\\/2025\\\/09\\\/10\\\/milei-pide-al-nuevo-ministro-llama-a-dialogar-a-gobernadores-aliados-y-excluye-a-ziliotto\\\/#breadcrumb\",\"itemListElement\":[{\"@type\":\"ListItem\",\"position\":1,\"name\":\"Portada\",\"item\":\"https:\\\/\\\/diariotextual.com\\\/inicio\\\/\"},{\"@type\":\"ListItem\",\"position\":2,\"name\":\"Milei pide al nuevo ministro llamar a dialogar a \u201cgobernadores aliados\u201d y Ziliotto queda excluido\"}]},{\"@type\":\"WebSite\",\"@id\":\"https:\\\/\\\/diariotextual.com\\\/inicio\\\/#website\",\"url\":\"https:\\\/\\\/diariotextual.com\\\/inicio\\\/\",\"name\":\"Diario Textual\",\"description\":\"\",\"publisher\":{\"@id\":\"https:\\\/\\\/diariotextual.com\\\/inicio\\\/#organization\"},\"potentialAction\":[{\"@type\":\"SearchAction\",\"target\":{\"@type\":\"EntryPoint\",\"urlTemplate\":\"https:\\\/\\\/diariotextual.com\\\/inicio\\\/?s={search_term_string}\"},\"query-input\":{\"@type\":\"PropertyValueSpecification\",\"valueRequired\":true,\"valueName\":\"search_term_string\"}}],\"inLanguage\":\"es\"},{\"@type\":\"Organization\",\"@id\":\"https:\\\/\\\/diariotextual.com\\\/inicio\\\/#organization\",\"name\":\"Diario Textual\",\"url\":\"https:\\\/\\\/diariotextual.com\\\/inicio\\\/\",\"logo\":{\"@type\":\"ImageObject\",\"inLanguage\":\"es\",\"@id\":\"https:\\\/\\\/diariotextual.com\\\/inicio\\\/#\\\/schema\\\/logo\\\/image\\\/\",\"url\":\"https:\\\/\\\/diariotextual.com\\\/inicio\\\/wp-content\\\/uploads\\\/2023\\\/05\\\/logotextual1.jpg\",\"contentUrl\":\"https:\\\/\\\/diariotextual.com\\\/inicio\\\/wp-content\\\/uploads\\\/2023\\\/05\\\/logotextual1.jpg\",\"width\":516,\"height\":76,\"caption\":\"Diario Textual\"},\"image\":{\"@id\":\"https:\\\/\\\/diariotextual.com\\\/inicio\\\/#\\\/schema\\\/logo\\\/image\\\/\"},\"sameAs\":[\"https:\\\/\\\/www.facebook.com\\\/eltextual\",\"https:\\\/\\\/x.com\\\/eltextual\",\"http:\\\/\\\/www.instagram.com\\\/eltextual\"]},{\"@type\":\"Person\",\"@id\":\"https:\\\/\\\/diariotextual.com\\\/inicio\\\/#\\\/schema\\\/person\\\/418fc4093c33e86ed41562db3508f958\",\"name\":\"Diario1 Diario1\",\"image\":{\"@type\":\"ImageObject\",\"inLanguage\":\"es\",\"@id\":\"https:\\\/\\\/secure.gravatar.com\\\/avatar\\\/9167d280179c85bc18be67aa7eda765854300033af4896dd779b608640f2ef7a?s=96&d=mm&r=g\",\"url\":\"https:\\\/\\\/secure.gravatar.com\\\/avatar\\\/9167d280179c85bc18be67aa7eda765854300033af4896dd779b608640f2ef7a?s=96&d=mm&r=g\",\"contentUrl\":\"https:\\\/\\\/secure.gravatar.com\\\/avatar\\\/9167d280179c85bc18be67aa7eda765854300033af4896dd779b608640f2ef7a?s=96&d=mm&r=g\",\"caption\":\"Diario1 Diario1\"},\"url\":\"https:\\\/\\\/diariotextual.com\\\/inicio\\\/index.php\\\/author\\\/diario1\\\/\"}]}<\/script>\n<!-- \/ Yoast SEO plugin. -->","yoast_head_json":{"title":"Milei pide al nuevo ministro llamar a dialogar a \u201cgobernadores aliados\u201d y Ziliotto queda excluido - Diario Textual","robots":{"index":"index","follow":"follow","max-snippet":"max-snippet:-1","max-image-preview":"max-image-preview:large","max-video-preview":"max-video-preview:-1"},"canonical":"https:\/\/diariotextual.com\/inicio\/index.php\/2025\/09\/10\/milei-pide-al-nuevo-ministro-llama-a-dialogar-a-gobernadores-aliados-y-excluye-a-ziliotto\/","og_locale":"es_ES","og_type":"article","og_title":"Milei pide al nuevo ministro llamar a dialogar a \u201cgobernadores aliados\u201d y Ziliotto queda excluido - Diario Textual","og_description":"Lisandro Catal\u00e1n fue designado como nuevo ministro del Interior, pero ya genera resistencia: no convocar\u00e1 -al menos por el momento- al di\u00e1logo a gobernadores cr\u00edticos, como el pampeano Sergio Ziliotto,&hellip;","og_url":"https:\/\/diariotextual.com\/inicio\/index.php\/2025\/09\/10\/milei-pide-al-nuevo-ministro-llama-a-dialogar-a-gobernadores-aliados-y-excluye-a-ziliotto\/","og_site_name":"Diario Textual","article_publisher":"https:\/\/www.facebook.com\/eltextual","article_published_time":"2025-09-10T16:11:43+00:00","article_modified_time":"2025-09-11T01:01:19+00:00","og_image":[{"width":790,"height":444,"url":"https:\/\/diariotextual.com\/inicio\/wp-content\/uploads\/2024\/12\/mileimacriziliottomileigobernadores0007777.webp","type":"image\/webp"}],"author":"Diario1 Diario1","twitter_card":"summary_large_image","twitter_creator":"@eltextual","twitter_site":"@eltextual","twitter_misc":{"Escrito por":"Diario1 Diario1","Tiempo de lectura":"4 minutos"},"schema":{"@context":"https:\/\/schema.org","@graph":[{"@type":"Article","@id":"https:\/\/diariotextual.com\/inicio\/index.php\/2025\/09\/10\/milei-pide-al-nuevo-ministro-llama-a-dialogar-a-gobernadores-aliados-y-excluye-a-ziliotto\/#article","isPartOf":{"@id":"https:\/\/diariotextual.com\/inicio\/index.php\/2025\/09\/10\/milei-pide-al-nuevo-ministro-llama-a-dialogar-a-gobernadores-aliados-y-excluye-a-ziliotto\/"},"author":{"name":"Diario1 Diario1","@id":"https:\/\/diariotextual.com\/inicio\/#\/schema\/person\/418fc4093c33e86ed41562db3508f958"},"headline":"Milei pide al nuevo ministro llamar a dialogar a \u201cgobernadores aliados\u201d y Ziliotto queda excluido","datePublished":"2025-09-10T16:11:43+00:00","dateModified":"2025-09-11T01:01:19+00:00","mainEntityOfPage":{"@id":"https:\/\/diariotextual.com\/inicio\/index.php\/2025\/09\/10\/milei-pide-al-nuevo-ministro-llama-a-dialogar-a-gobernadores-aliados-y-excluye-a-ziliotto\/"},"wordCount":720,"publisher":{"@id":"https:\/\/diariotextual.com\/inicio\/#organization"},"image":{"@id":"https:\/\/diariotextual.com\/inicio\/index.php\/2025\/09\/10\/milei-pide-al-nuevo-ministro-llama-a-dialogar-a-gobernadores-aliados-y-excluye-a-ziliotto\/#primaryimage"},"thumbnailUrl":"https:\/\/diariotextual.com\/inicio\/wp-content\/uploads\/2024\/12\/mileimacriziliottomileigobernadores0007777.webp","articleSection":["A - DESTACADAS (mod 16)","A - PORTADA2","POLITICA"],"inLanguage":"es"},{"@type":"WebPage","@id":"https:\/\/diariotextual.com\/inicio\/index.php\/2025\/09\/10\/milei-pide-al-nuevo-ministro-llama-a-dialogar-a-gobernadores-aliados-y-excluye-a-ziliotto\/","url":"https:\/\/diariotextual.com\/inicio\/index.php\/2025\/09\/10\/milei-pide-al-nuevo-ministro-llama-a-dialogar-a-gobernadores-aliados-y-excluye-a-ziliotto\/","name":"Milei pide al nuevo ministro llamar a dialogar a \u201cgobernadores aliados\u201d y Ziliotto queda excluido - Diario Textual","isPartOf":{"@id":"https:\/\/diariotextual.com\/inicio\/#website"},"primaryImageOfPage":{"@id":"https:\/\/diariotextual.com\/inicio\/index.php\/2025\/09\/10\/milei-pide-al-nuevo-ministro-llama-a-dialogar-a-gobernadores-aliados-y-excluye-a-ziliotto\/#primaryimage"},"image":{"@id":"https:\/\/diariotextual.com\/inicio\/index.php\/2025\/09\/10\/milei-pide-al-nuevo-ministro-llama-a-dialogar-a-gobernadores-aliados-y-excluye-a-ziliotto\/#primaryimage"},"thumbnailUrl":"https:\/\/diariotextual.com\/inicio\/wp-content\/uploads\/2024\/12\/mileimacriziliottomileigobernadores0007777.webp","datePublished":"2025-09-10T16:11:43+00:00","dateModified":"2025-09-11T01:01:19+00:00","breadcrumb":{"@id":"https:\/\/diariotextual.com\/inicio\/index.php\/2025\/09\/10\/milei-pide-al-nuevo-ministro-llama-a-dialogar-a-gobernadores-aliados-y-excluye-a-ziliotto\/#breadcrumb"},"inLanguage":"es","potentialAction":[{"@type":"ReadAction","target":["https:\/\/diariotextual.com\/inicio\/index.php\/2025\/09\/10\/milei-pide-al-nuevo-ministro-llama-a-dialogar-a-gobernadores-aliados-y-excluye-a-ziliotto\/"]}]},{"@type":"ImageObject","inLanguage":"es","@id":"https:\/\/diariotextual.com\/inicio\/index.php\/2025\/09\/10\/milei-pide-al-nuevo-ministro-llama-a-dialogar-a-gobernadores-aliados-y-excluye-a-ziliotto\/#primaryimage","url":"https:\/\/diariotextual.com\/inicio\/wp-content\/uploads\/2024\/12\/mileimacriziliottomileigobernadores0007777.webp","contentUrl":"https:\/\/diariotextual.com\/inicio\/wp-content\/uploads\/2024\/12\/mileimacriziliottomileigobernadores0007777.webp","width":790,"height":444},{"@type":"BreadcrumbList","@id":"https:\/\/diariotextual.com\/inicio\/index.php\/2025\/09\/10\/milei-pide-al-nuevo-ministro-llama-a-dialogar-a-gobernadores-aliados-y-excluye-a-ziliotto\/#breadcrumb","itemListElement":[{"@type":"ListItem","position":1,"name":"Portada","item":"https:\/\/diariotextual.com\/inicio\/"},{"@type":"ListItem","position":2,"name":"Milei pide al nuevo ministro llamar a dialogar a \u201cgobernadores aliados\u201d y Ziliotto queda excluido"}]},{"@type":"WebSite","@id":"https:\/\/diariotextual.com\/inicio\/#website","url":"https:\/\/diariotextual.com\/inicio\/","name":"Diario Textual","description":"","publisher":{"@id":"https:\/\/diariotextual.com\/inicio\/#organization"},"potentialAction":[{"@type":"SearchAction","target":{"@type":"EntryPoint","urlTemplate":"https:\/\/diariotextual.com\/inicio\/?s={search_term_string}"},"query-input":{"@type":"PropertyValueSpecification","valueRequired":true,"valueName":"search_term_string"}}],"inLanguage":"es"},{"@type":"Organization","@id":"https:\/\/diariotextual.com\/inicio\/#organization","name":"Diario Textual","url":"https:\/\/diariotextual.com\/inicio\/","logo":{"@type":"ImageObject","inLanguage":"es","@id":"https:\/\/diariotextual.com\/inicio\/#\/schema\/logo\/image\/","url":"https:\/\/diariotextual.com\/inicio\/wp-content\/uploads\/2023\/05\/logotextual1.jpg","contentUrl":"https:\/\/diariotextual.com\/inicio\/wp-content\/uploads\/2023\/05\/logotextual1.jpg","width":516,"height":76,"caption":"Diario Textual"},"image":{"@id":"https:\/\/diariotextual.com\/inicio\/#\/schema\/logo\/image\/"},"sameAs":["https:\/\/www.facebook.com\/eltextual","https:\/\/x.com\/eltextual","http:\/\/www.instagram.com\/eltextual"]},{"@type":"Person","@id":"https:\/\/diariotextual.com\/inicio\/#\/schema\/person\/418fc4093c33e86ed41562db3508f958","name":"Diario1 Diario1","image":{"@type":"ImageObject","inLanguage":"es","@id":"https:\/\/secure.gravatar.com\/avatar\/9167d280179c85bc18be67aa7eda765854300033af4896dd779b608640f2ef7a?s=96&d=mm&r=g","url":"https:\/\/secure.gravatar.com\/avatar\/9167d280179c85bc18be67aa7eda765854300033af4896dd779b608640f2ef7a?s=96&d=mm&r=g","contentUrl":"https:\/\/secure.gravatar.com\/avatar\/9167d280179c85bc18be67aa7eda765854300033af4896dd779b608640f2ef7a?s=96&d=mm&r=g","caption":"Diario1 Diario1"},"url":"https:\/\/diariotextual.com\/inicio\/index.php\/author\/diario1\/"}]}},"_links":{"self":[{"href":"https:\/\/diariotextual.com\/inicio\/index.php\/wp-json\/wp\/v2\/posts\/306831","targetHints":{"allow":["GET"]}}],"collection":[{"href":"https:\/\/diariotextual.com\/inicio\/index.php\/wp-json\/wp\/v2\/posts"}],"about":[{"href":"https:\/\/diariotextual.com\/inicio\/index.php\/wp-json\/wp\/v2\/types\/post"}],"author":[{"embeddable":true,"href":"https:\/\/diariotextual.com\/inicio\/index.php\/wp-json\/wp\/v2\/users\/3"}],"replies":[{"embeddable":true,"href":"https:\/\/diariotextual.com\/inicio\/index.php\/wp-json\/wp\/v2\/comments?post=306831"}],"version-history":[{"count":3,"href":"https:\/\/diariotextual.com\/inicio\/index.php\/wp-json\/wp\/v2\/posts\/306831\/revisions"}],"predecessor-version":[{"id":306834,"href":"https:\/\/diariotextual.com\/inicio\/index.php\/wp-json\/wp\/v2\/posts\/306831\/revisions\/306834"}],"wp:featuredmedia":[{"embeddable":true,"href":"https:\/\/diariotextual.com\/inicio\/index.php\/wp-json\/wp\/v2\/media\/284874"}],"wp:attachment":[{"href":"https:\/\/diariotextual.com\/inicio\/index.php\/wp-json\/wp\/v2\/media?parent=306831"}],"wp:term":[{"taxonomy":"category","embeddable":true,"href":"https:\/\/diariotextual.com\/inicio\/index.php\/wp-json\/wp\/v2\/categories?post=306831"},{"taxonomy":"post_tag","embeddable":true,"href":"https:\/\/diariotextual.com\/inicio\/index.php\/wp-json\/wp\/v2\/tags?post=306831"}],"curies":[{"name":"wp","href":"https:\/\/api.w.org\/{rel}","templated":true}]}}